{"id":234657,"date":"2026-05-01T09:45:00","date_gmt":"2026-05-01T12:45:00","guid":{"rendered":"https:\/\/www.correiobraziliense.com.br\/cbradar\/?p=234657"},"modified":"2026-04-30T10:54:39","modified_gmt":"2026-04-30T13:54:39","slug":"a-maioria-das-pessoas-nao-percebe-que-quem-evita-certas-conversas-em-familia-nao-esta-fugindo-do-problema-esta-tentando-preservar-a-propria-paz-mental","status":"publish","type":"post","link":"https:\/\/www.correiobraziliense.com.br\/cbradar\/a-maioria-das-pessoas-nao-percebe-que-quem-evita-certas-conversas-em-familia-nao-esta-fugindo-do-problema-esta-tentando-preservar-a-propria-paz-mental\/","title":{"rendered":"A maioria das pessoas n\u00e3o percebe que quem evita certas conversas em fam\u00edlia n\u00e3o est\u00e1 fugindo do problema, est\u00e1 tentando preservar a pr\u00f3pria paz mental"},"content":{"rendered":"\n<p>Muitas vezes, o sil\u00eancio durante reuni\u00f5es familiares \u00e9 interpretado erroneamente como desinteresse ou falta de compromisso com a harmonia do grupo. No entanto, afastar-se de discuss\u00f5es t\u00f3xicas \u00e9 uma estrat\u00e9gia fundamental para proteger a sa\u00fade emocional de quem j\u00e1 se sente sobrecarregado. Priorizar o pr\u00f3prio equil\u00edbrio mental exige coragem para estabelecer limites claros e saud\u00e1veis.<\/p>\n\n\n\n<h2 class=\"wp-block-heading\">Como o sil\u00eancio pode ser uma ferramenta de prote\u00e7\u00e3o emocional?<\/h2>\n\n\n\n<p>Evitar conflitos recorrentes em ambientes dom\u00e9sticos nem sempre significa covardia ou fuga das responsabilidades afetivas necess\u00e1rias para a conviv\u00eancia. Muitas vezes, essa \u00e9 uma decis\u00e3o consciente para interromper ciclos de estresse que prejudicam o funcionamento cognitivo e o bem-estar psicol\u00f3gico. O c\u00e9rebro humano consome muita energia processando discuss\u00f5es est\u00e9reis, o que justifica a escolha pela preserva\u00e7\u00e3o do sil\u00eancio.<\/p>\n\n\n\n<p>Estudos da <strong>American Psychological Association<\/strong> demonstram que o estresse em rela\u00e7\u00f5es familiares disfuncionais pode causar danos severos ao sistema imunol\u00f3gico. Estabelecer distanciamento em conversas-gatilhos permite que o indiv\u00edduo mantenha o foco em suas metas sem ser drenado pela negatividade. Para compreender melhor como agir, acesse o guia sobre <a href=\"https:\/\/www.apa.org\/topics\/stress\/family-arguments-holidays\" target=\"_blank\" rel=\"noreferrer noopener\">como lidar com din\u00e2micas familiares dif\u00edceis<\/a> da institui\u00e7\u00e3o.<\/p>\n\n\n\n<figure class=\"wp-block-image size-full\"><img decoding=\"async\" width=\"1280\" height=\"720\" src=\"https:\/\/www.correiobraziliense.com.br\/cbradar\/wp-content\/uploads\/2026\/05\/Gemini_Generated_Image_bjvyg5bjvyg5bjvy-1-1.png\" alt=\"A maioria das pessoas n\u00e3o percebe que quem evita certas conversas em fam\u00edlia n\u00e3o est\u00e1 fugindo do problema, est\u00e1 tentando preservar a pr\u00f3pria paz mental\" class=\"wp-image-234677\" srcset=\"https:\/\/www.correiobraziliense.com.br\/cbradar\/wp-content\/uploads\/2026\/05\/Gemini_Generated_Image_bjvyg5bjvyg5bjvy-1-1.png 1280w, https:\/\/www.correiobraziliense.com.br\/cbradar\/wp-content\/uploads\/2026\/05\/Gemini_Generated_Image_bjvyg5bjvyg5bjvy-1-1-300x169.png 300w, https:\/\/www.correiobraziliense.com.br\/cbradar\/wp-content\/uploads\/2026\/05\/Gemini_Generated_Image_bjvyg5bjvyg5bjvy-1-1-768x432.png 768w, https:\/\/www.correiobraziliense.com.br\/cbradar\/wp-content\/uploads\/2026\/05\/Gemini_Generated_Image_bjvyg5bjvyg5bjvy-1-1-750x422.png 750w, https:\/\/www.correiobraziliense.com.br\/cbradar\/wp-content\/uploads\/2026\/05\/Gemini_Generated_Image_bjvyg5bjvyg5bjvy-1-1-1140x641.png 1140w\" sizes=\"(max-width: 1280px) 100vw, 1280px\" \/><figcaption class=\"wp-element-caption\">Nem todo sil\u00eancio \u00e9 aus\u00eancia \u00e0s vezes ele \u00e9 prote\u00e7\u00e3o emocional necess\u00e1ria<\/figcaption><\/figure>\n\n\n\n<h2 class=\"wp-block-heading\">Quais s\u00e3o as consequ\u00eancias de ignorar os limites psicol\u00f3gicos individuais?<\/h2>\n\n\n\n<p>Ignorar a necessidade de espa\u00e7o pessoal dentro de casa costuma levar ao esgotamento emocional r\u00e1pido e \u00e0 sensa\u00e7\u00e3o de desesperan\u00e7a. Quando algu\u00e9m se sente obrigado a participar de debates exaustivos, a ansiedade tende a aumentar, gerando um clima de hostilidade silenciosa e perigosa. Respeitar o tempo de cada membro da <strong><a href=\"https:\/\/www.correiobraziliense.com.br\/cbradar\/familias-modernas-tem-mais-acesso-do-que-nunca-a-pesquisas-sobre-tempo-de-\" target=\"_blank\" rel=\"noreferrer noopener\">fam\u00edlia <\/a><\/strong>\u00e9 essencial para garantir um ambiente saud\u00e1vel.<\/p>\n\n\n\n<p>A press\u00e3o para resolver todos os dilemas familiares de uma s\u00f3 vez costuma ser contraproducente e gerar ressentimentos duradouros. \u00c9 fundamental aceitar que nem todos os problemas possuem solu\u00e7\u00e3o imediata e que o afastamento tempor\u00e1rio pode trazer clareza necess\u00e1ria. Manter a <strong>paz mental<\/strong> deve ser visto como uma prioridade absoluta para quem deseja longevidade e equil\u00edbrio di\u00e1rio.<\/p>\n\n\n\n<h2 class=\"wp-block-heading\">Por que a recusa ao debate fortalece a autonomia pessoal?<\/h2>\n\n\n\n<p>Dizer n\u00e3o a uma conversa desgastante \u00e9 um ato de afirma\u00e7\u00e3o de valores e de autoconhecimento profundo sobre os pr\u00f3prios limites. Ao inv\u00e9s de se submeter a julgamentos alheios, o indiv\u00edduo escolhe investir seu tempo em atividades que promovam o crescimento e a tranquilidade. Essa postura firme educa as pessoas ao redor sobre como interagir de forma respeitosa.<\/p>\n\n\n\n<p>Para cultivar um ambiente familiar mais leve e proteger sua estabilidade em eventos festivos, avalie adotar os seguintes comportamentos preventivos:<\/p>\n\n\n\n<ul class=\"wp-block-list\">\n<li>Identificar temas que funcionam como gatilhos de estresse intenso.<\/li>\n\n\n\n<li>Praticar a escuta passiva sem absorver as cr\u00edticas externas.<\/li>\n\n\n\n<li>Sair fisicamente do local quando a conversa atingir tons agressivos.<\/li>\n\n\n\n<li>Buscar apoio de profissionais especializados em terapia familiar sist\u00eamica.<\/li>\n<\/ul>\n\n\n\n<h2 class=\"wp-block-heading\">De que maneira o afastamento tempor\u00e1rio melhora as rela\u00e7\u00f5es futuras?<\/h2>\n\n\n\n<p>Afastar-se no momento de maior tens\u00e3o impede que palavras ofensivas sejam ditas e que m\u00e1goas profundas sejam criadas desnecessariamente. Esse tempo de respiro permite que os \u00e2nimos se acalmem, abrindo espa\u00e7o para um di\u00e1logo mais racional e menos reativo no futuro. O distanciamento estrat\u00e9gico \u00e9, muitas vezes, o que salva casamentos e rela\u00e7\u00f5es entre pais e filhos.<\/p>\n\n\n\n<p>Quando ambos os lados percebem que a paz \u00e9 mais valiosa do que ter raz\u00e3o, a din\u00e2mica familiar se transforma positivamente. O respeito m\u00fatuo pelos limites emocionais cria um terreno f\u00e9rtil para a confian\u00e7a e para o apoio m\u00fatuo em momentos dif\u00edceis. Investir no <strong>autocuidado ps\u00edquico<\/strong> beneficia n\u00e3o apenas o indiv\u00edduo, mas toda a estrutura social que o cerca.<\/p>\n\n\n\n<figure class=\"wp-block-image size-full\"><img decoding=\"async\" width=\"1280\" height=\"720\" src=\"https:\/\/www.correiobraziliense.com.br\/cbradar\/wp-content\/uploads\/2026\/05\/Gemini_Generated_Image_rn3s1arn3s1arn3s-1-1.png\" alt=\"A maioria das pessoas n\u00e3o percebe que quem evita certas conversas em fam\u00edlia n\u00e3o est\u00e1 fugindo do problema, est\u00e1 tentando preservar a pr\u00f3pria paz mental\" class=\"wp-image-234672\" srcset=\"https:\/\/www.correiobraziliense.com.br\/cbradar\/wp-content\/uploads\/2026\/05\/Gemini_Generated_Image_rn3s1arn3s1arn3s-1-1.png 1280w, https:\/\/www.correiobraziliense.com.br\/cbradar\/wp-content\/uploads\/2026\/05\/Gemini_Generated_Image_rn3s1arn3s1arn3s-1-1-300x169.png 300w, https:\/\/www.correiobraziliense.com.br\/cbradar\/wp-content\/uploads\/2026\/05\/Gemini_Generated_Image_rn3s1arn3s1arn3s-1-1-768x432.png 768w, https:\/\/www.correiobraziliense.com.br\/cbradar\/wp-content\/uploads\/2026\/05\/Gemini_Generated_Image_rn3s1arn3s1arn3s-1-1-750x422.png 750w, https:\/\/www.correiobraziliense.com.br\/cbradar\/wp-content\/uploads\/2026\/05\/Gemini_Generated_Image_rn3s1arn3s1arn3s-1-1-1140x641.png 1140w\" sizes=\"(max-width: 1280px) 100vw, 1280px\" \/><figcaption class=\"wp-element-caption\">Nem todo sil\u00eancio \u00e9 aus\u00eancia \u00e0s vezes ele \u00e9 prote\u00e7\u00e3o emocional necess\u00e1ria<\/figcaption><\/figure>\n\n\n\n<h2 class=\"wp-block-heading\">Como identificar o momento exato de encerrar uma discuss\u00e3o?<\/h2>\n\n\n\n<p>O corpo costuma dar sinais f\u00edsicos claros, como batimentos acelerados ou m\u00e3os suadas, quando uma conversa deixa de ser construtiva. Perceber esses sintomas precocemente permite interromper a intera\u00e7\u00e3o antes que o desgaste emocional se torne irrevers\u00edvel ou muito doloroso. Aprender a ler o pr\u00f3prio organismo \u00e9 uma ferramenta poderosa para manter a serenidade em ambientes hostis.<\/p>\n\n\n\n<p>Se o di\u00e1logo gira em c\u00edrculos e n\u00e3o apresenta avan\u00e7os reais para o bem comum, \u00e9 hora de priorizar o sil\u00eancio. Retirar-se educadamente demonstra maturidade e preserva a dignidade de todas as partes envolvidas no processo de comunica\u00e7\u00e3o familiar. Nunca se sinta culpado por escolher sua estabilidade mental em vez de sustentar um conflito que n\u00e3o leva a lugar algum.<\/p>\n","protected":false},"excerpt":{"rendered":"<p>Muitas vezes, o sil\u00eancio durante reuni\u00f5es familiares \u00e9 interpretado erroneamente como desinteresse ou falta de compromisso com a harmonia do grupo. No entanto, afastar-se de discuss\u00f5es t\u00f3xicas \u00e9 uma estrat\u00e9gia fundamental para proteger a sa\u00fade emocional de quem j\u00e1 se sente sobrecarregado. Priorizar o pr\u00f3prio equil\u00edbrio mental exige coragem para estabelecer limites claros e saud\u00e1veis. [&hellip;]<\/p>\n","protected":false},"author":21,"featured_media":234667,"comment_status":"open","ping_status":"open","sticky":false,"template":"","format":"standard","meta":{"_yoast_wpseo_focuskw":"sil\u00eancio como prote\u00e7\u00e3o emocional familiar","_yoast_wpseo_title":"","_yoast_wpseo_metadesc":"Ficar em sil\u00eancio em reuni\u00f5es familiares pode ser prote\u00e7\u00e3o emocional. Nem toda discuss\u00e3o merece resposta quando o custo mental \u00e9 alto.","jnews-multi-image_gallery":[],"jnews_single_post":{"format":"standard"},"jnews_primary_category":[],"jnews_social_meta":[],"jnews_override_counter":[],"footnotes":""},"categories":[112],"tags":[5528,3916,18426,6449],"class_list":["post-234657","post","type-post","status-publish","format-standard","has-post-thumbnail","hentry","category-curiosidades","tag-conversas","tag-familias","tag-paz-mental","tag-psicologias"],"yoast_head":"<!-- This site is optimized with the Yoast SEO plugin v24.6 - https:\/\/yoast.com\/wordpress\/plugins\/seo\/ -->\n<title>A maioria das pessoas n\u00e3o percebe que quem evita certas conversas em fam\u00edlia n\u00e3o est\u00e1 fugindo do problema, est\u00e1 tentando preservar a pr\u00f3pria paz mental - Correio Braziliense - Radar<\/title>\n<meta name=\"description\" content=\"Ficar em sil\u00eancio em reuni\u00f5es familiares pode ser prote\u00e7\u00e3o emocional. Nem toda discuss\u00e3o merece resposta quando o custo mental \u00e9 alto.\" \/>\n<meta name=\"robots\" content=\"index, follow, max-snippet:-1, max-image-preview:large, max-video-preview:-1\" \/>\n<link rel=\"canonical\" href=\"https:\/\/www.correiobraziliense.com.br\/cbradar\/a-maioria-das-pessoas-nao-percebe-que-quem-evita-certas-conversas-em-familia-nao-esta-fugindo-do-problema-esta-tentando-preservar-a-propria-paz-mental\/\" \/>\n<meta property=\"og:locale\" content=\"pt_BR\" \/>\n<meta property=\"og:type\" content=\"article\" \/>\n<meta property=\"og:title\" content=\"A maioria das pessoas n\u00e3o percebe que quem evita certas conversas em fam\u00edlia n\u00e3o est\u00e1 fugindo do problema, est\u00e1 tentando preservar a pr\u00f3pria paz mental - Correio Braziliense - Radar\" \/>\n<meta property=\"og:description\" content=\"Ficar em sil\u00eancio em reuni\u00f5es familiares pode ser prote\u00e7\u00e3o emocional. Nem toda discuss\u00e3o merece resposta quando o custo mental \u00e9 alto.\" \/>\n<meta property=\"og:url\" content=\"https:\/\/www.correiobraziliense.com.br\/cbradar\/a-maioria-das-pessoas-nao-percebe-que-quem-evita-certas-conversas-em-familia-nao-esta-fugindo-do-problema-esta-tentando-preservar-a-propria-paz-mental\/\" \/>\n<meta property=\"og:site_name\" content=\"Correio Braziliense - Radar\" \/>\n<meta property=\"article:published_time\" content=\"2026-05-01T12:45:00+00:00\" \/>\n<meta property=\"og:image\" content=\"https:\/\/www.correiobraziliense.com.br\/cbradar\/wp-content\/uploads\/2026\/05\/Gemini_Generated_Image_jxb8dhjxb8dhjxb8-1-1.png\" \/>\n\t<meta property=\"og:image:width\" content=\"1280\" \/>\n\t<meta property=\"og:image:height\" content=\"720\" \/>\n\t<meta property=\"og:image:type\" content=\"image\/png\" \/>\n<meta name=\"author\" content=\"Patrick Silva\" \/>\n<meta name=\"twitter:card\" content=\"summary_large_image\" \/>\n<meta name=\"twitter:label1\" content=\"Escrito por\" \/>\n\t<meta name=\"twitter:data1\" content=\"Patrick Silva\" \/>\n\t<meta name=\"twitter:label2\" content=\"Est. tempo de leitura\" \/>\n\t<meta name=\"twitter:data2\" content=\"5 minutos\" \/>\n<!-- \/ Yoast SEO plugin. -->","yoast_head_json":{"title":"A maioria das pessoas n\u00e3o percebe que quem evita certas conversas em fam\u00edlia n\u00e3o est\u00e1 fugindo do problema, est\u00e1 tentando preservar a pr\u00f3pria paz mental - Correio Braziliense - Radar","description":"Ficar em sil\u00eancio em reuni\u00f5es familiares pode ser prote\u00e7\u00e3o emocional. Nem toda discuss\u00e3o merece resposta quando o custo mental \u00e9 alto.","robots":{"index":"index","follow":"follow","max-snippet":"max-snippet:-1","max-image-preview":"max-image-preview:large","max-video-preview":"max-video-preview:-1"},"canonical":"https:\/\/www.correiobraziliense.com.br\/cbradar\/a-maioria-das-pessoas-nao-percebe-que-quem-evita-certas-conversas-em-familia-nao-esta-fugindo-do-problema-esta-tentando-preservar-a-propria-paz-mental\/","og_locale":"pt_BR","og_type":"article","og_title":"A maioria das pessoas n\u00e3o percebe que quem evita certas conversas em fam\u00edlia n\u00e3o est\u00e1 fugindo do problema, est\u00e1 tentando preservar a pr\u00f3pria paz mental - Correio Braziliense - Radar","og_description":"Ficar em sil\u00eancio em reuni\u00f5es familiares pode ser prote\u00e7\u00e3o emocional. Nem toda discuss\u00e3o merece resposta quando o custo mental \u00e9 alto.","og_url":"https:\/\/www.correiobraziliense.com.br\/cbradar\/a-maioria-das-pessoas-nao-percebe-que-quem-evita-certas-conversas-em-familia-nao-esta-fugindo-do-problema-esta-tentando-preservar-a-propria-paz-mental\/","og_site_name":"Correio Braziliense - Radar","article_published_time":"2026-05-01T12:45:00+00:00","og_image":[{"width":1280,"height":720,"url":"https:\/\/www.correiobraziliense.com.br\/cbradar\/wp-content\/uploads\/2026\/05\/Gemini_Generated_Image_jxb8dhjxb8dhjxb8-1-1.png","type":"image\/png"}],"author":"Patrick Silva","twitter_card":"summary_large_image","twitter_misc":{"Escrito por":"Patrick Silva","Est. tempo de leitura":"5 minutos"},"schema":{"@context":"https:\/\/schema.org","@graph":[{"@type":"WebPage","@id":"https:\/\/www.correiobraziliense.com.br\/cbradar\/a-maioria-das-pessoas-nao-percebe-que-quem-evita-certas-conversas-em-familia-nao-esta-fugindo-do-problema-esta-tentando-preservar-a-propria-paz-mental\/","url":"https:\/\/www.correiobraziliense.com.br\/cbradar\/a-maioria-das-pessoas-nao-percebe-que-quem-evita-certas-conversas-em-familia-nao-esta-fugindo-do-problema-esta-tentando-preservar-a-propria-paz-mental\/","name":"A maioria das pessoas n\u00e3o percebe que quem evita certas conversas em fam\u00edlia n\u00e3o est\u00e1 fugindo do problema, est\u00e1 tentando preservar a pr\u00f3pria paz mental - Correio Braziliense - Radar","isPartOf":{"@id":"https:\/\/www.correiobraziliense.com.br\/cbradar\/#website"},"primaryImageOfPage":{"@id":"https:\/\/www.correiobraziliense.com.br\/cbradar\/a-maioria-das-pessoas-nao-percebe-que-quem-evita-certas-conversas-em-familia-nao-esta-fugindo-do-problema-esta-tentando-preservar-a-propria-paz-mental\/#primaryimage"},"image":{"@id":"https:\/\/www.correiobraziliense.com.br\/cbradar\/a-maioria-das-pessoas-nao-percebe-que-quem-evita-certas-conversas-em-familia-nao-esta-fugindo-do-problema-esta-tentando-preservar-a-propria-paz-mental\/#primaryimage"},"thumbnailUrl":"https:\/\/www.correiobraziliense.com.br\/cbradar\/wp-content\/uploads\/2026\/05\/Gemini_Generated_Image_jxb8dhjxb8dhjxb8-1-1.png","datePublished":"2026-05-01T12:45:00+00:00","author":{"@id":"https:\/\/www.correiobraziliense.com.br\/cbradar\/#\/schema\/person\/5440b72be9c7eb74f446c846479dc4da"},"description":"Ficar em sil\u00eancio em reuni\u00f5es familiares pode ser prote\u00e7\u00e3o emocional. Nem toda discuss\u00e3o merece resposta quando o custo mental \u00e9 alto.","breadcrumb":{"@id":"https:\/\/www.correiobraziliense.com.br\/cbradar\/a-maioria-das-pessoas-nao-percebe-que-quem-evita-certas-conversas-em-familia-nao-esta-fugindo-do-problema-esta-tentando-preservar-a-propria-paz-mental\/#breadcrumb"},"inLanguage":"pt-BR","potentialAction":[{"@type":"ReadAction","target":["https:\/\/www.correiobraziliense.com.br\/cbradar\/a-maioria-das-pessoas-nao-percebe-que-quem-evita-certas-conversas-em-familia-nao-esta-fugindo-do-problema-esta-tentando-preservar-a-propria-paz-mental\/"]}]},{"@type":"ImageObject","inLanguage":"pt-BR","@id":"https:\/\/www.correiobraziliense.com.br\/cbradar\/a-maioria-das-pessoas-nao-percebe-que-quem-evita-certas-conversas-em-familia-nao-esta-fugindo-do-problema-esta-tentando-preservar-a-propria-paz-mental\/#primaryimage","url":"https:\/\/www.correiobraziliense.com.br\/cbradar\/wp-content\/uploads\/2026\/05\/Gemini_Generated_Image_jxb8dhjxb8dhjxb8-1-1.png","contentUrl":"https:\/\/www.correiobraziliense.com.br\/cbradar\/wp-content\/uploads\/2026\/05\/Gemini_Generated_Image_jxb8dhjxb8dhjxb8-1-1.png","width":1280,"height":720,"caption":"Nem todo sil\u00eancio \u00e9 aus\u00eancia \u00e0s vezes ele \u00e9 prote\u00e7\u00e3o emocional necess\u00e1ria"},{"@type":"BreadcrumbList","@id":"https:\/\/www.correiobraziliense.com.br\/cbradar\/a-maioria-das-pessoas-nao-percebe-que-quem-evita-certas-conversas-em-familia-nao-esta-fugindo-do-problema-esta-tentando-preservar-a-propria-paz-mental\/#breadcrumb","itemListElement":[{"@type":"ListItem","position":1,"name":"In\u00edcio","item":"https:\/\/www.correiobraziliense.com.br\/cbradar\/"},{"@type":"ListItem","position":2,"name":"A maioria das pessoas n\u00e3o percebe que quem evita certas conversas em fam\u00edlia n\u00e3o est\u00e1 fugindo do problema, est\u00e1 tentando preservar a pr\u00f3pria paz mental"}]},{"@type":"WebSite","@id":"https:\/\/www.correiobraziliense.com.br\/cbradar\/#website","url":"https:\/\/www.correiobraziliense.com.br\/cbradar\/","name":"Correio Braziliense - Radar","description":"Acompanhe as \u00faltimas not\u00edcias e fique bem informado sobre tudo o que acontece no Brasil e no mundo.","potentialAction":[{"@type":"SearchAction","target":{"@type":"EntryPoint","urlTemplate":"https:\/\/www.correiobraziliense.com.br\/cbradar\/?s={search_term_string}"},"query-input":{"@type":"PropertyValueSpecification","valueRequired":true,"valueName":"search_term_string"}}],"inLanguage":"pt-BR"},{"@type":"Person","@id":"https:\/\/www.correiobraziliense.com.br\/cbradar\/#\/schema\/person\/5440b72be9c7eb74f446c846479dc4da","name":"Patrick Silva","image":{"@type":"ImageObject","inLanguage":"pt-BR","@id":"https:\/\/www.correiobraziliense.com.br\/cbradar\/#\/schema\/person\/image\/","url":"https:\/\/secure.gravatar.com\/avatar\/944109df296fc087785c9715fd5f80b2?s=96&d=mm&r=g","contentUrl":"https:\/\/secure.gravatar.com\/avatar\/944109df296fc087785c9715fd5f80b2?s=96&d=mm&r=g","caption":"Patrick Silva"},"sameAs":["https:\/\/www.correiobraziliense.com.br\/cbradar\/"],"url":"https:\/\/www.correiobraziliense.com.br\/cbradar\/author\/patrick-silva\/"}]}},"_links":{"self":[{"href":"https:\/\/www.correiobraziliense.com.br\/cbradar\/wp-json\/wp\/v2\/posts\/234657","targetHints":{"allow":["GET"]}}],"collection":[{"href":"https:\/\/www.correiobraziliense.com.br\/cbradar\/wp-json\/wp\/v2\/posts"}],"about":[{"href":"https:\/\/www.correiobraziliense.com.br\/cbradar\/wp-json\/wp\/v2\/types\/post"}],"author":[{"embeddable":true,"href":"https:\/\/www.correiobraziliense.com.br\/cbradar\/wp-json\/wp\/v2\/users\/21"}],"replies":[{"embeddable":true,"href":"https:\/\/www.correiobraziliense.com.br\/cbradar\/wp-json\/wp\/v2\/comments?post=234657"}],"version-history":[{"count":4,"href":"https:\/\/www.correiobraziliense.com.br\/cbradar\/wp-json\/wp\/v2\/posts\/234657\/revisions"}],"predecessor-version":[{"id":234678,"href":"https:\/\/www.correiobraziliense.com.br\/cbradar\/wp-json\/wp\/v2\/posts\/234657\/revisions\/234678"}],"wp:featuredmedia":[{"embeddable":true,"href":"https:\/\/www.correiobraziliense.com.br\/cbradar\/wp-json\/wp\/v2\/media\/234667"}],"wp:attachment":[{"href":"https:\/\/www.correiobraziliense.com.br\/cbradar\/wp-json\/wp\/v2\/media?parent=234657"}],"wp:term":[{"taxonomy":"category","embeddable":true,"href":"https:\/\/www.correiobraziliense.com.br\/cbradar\/wp-json\/wp\/v2\/categories?post=234657"},{"taxonomy":"post_tag","embeddable":true,"href":"https:\/\/www.correiobraziliense.com.br\/cbradar\/wp-json\/wp\/v2\/tags?post=234657"}],"curies":[{"name":"wp","href":"https:\/\/api.w.org\/{rel}","templated":true}]}}