{"id":234675,"date":"2026-05-01T08:45:00","date_gmt":"2026-05-01T11:45:00","guid":{"rendered":"https:\/\/www.correiobraziliense.com.br\/cbradar\/?p=234675"},"modified":"2026-04-30T12:01:37","modified_gmt":"2026-04-30T15:01:37","slug":"a-palavra-que-muita-gente-evita-escrever-por-medo-de-errar-mas-esta-correta-segundo-o-vocabulario-ortografico-da-lingua-portuguesa","status":"publish","type":"post","link":"https:\/\/www.correiobraziliense.com.br\/cbradar\/a-palavra-que-muita-gente-evita-escrever-por-medo-de-errar-mas-esta-correta-segundo-o-vocabulario-ortografico-da-lingua-portuguesa\/","title":{"rendered":"A palavra que muita gente evita escrever por medo de errar, mas est\u00e1 correta segundo o Vocabul\u00e1rio Ortogr\u00e1fico da L\u00edngua Portuguesa"},"content":{"rendered":"\n<p>Muitas pessoas sentem receio ao utilizar determinados termos no cotidiano por acreditarem que cometem erros graves contra a gram\u00e1tica tradicional. No entanto, diversos voc\u00e1bulos que parecem estranhos aos ouvidos est\u00e3o registrados oficialmente nos documentos que regem o idioma nacional. Compreender essas permiss\u00f5es lingu\u00edsticas traz mais seguran\u00e7a para quem deseja escrever de forma correta e sem medo de julgamentos alheios constantes.<\/p>\n\n\n\n<h2 class=\"wp-block-heading\">Por que o termo presidenta causa tanta estranheza?<\/h2>\n\n\n\n<p>A resist\u00eancia ao uso dessa flex\u00e3o de g\u00eanero ocorre principalmente por uma quest\u00e3o de costume cultural e falta de familiaridade. Muitas vezes, as pessoas acreditam que a palavra \u00e9 uma inven\u00e7\u00e3o recente ou um erro gramatical moderno, ignorando que ela existe h\u00e1 s\u00e9culos na literatura. Essa percep\u00e7\u00e3o equivocada cria uma barreira desnecess\u00e1ria na comunica\u00e7\u00e3o escrita e falada no nosso pa\u00eds.<\/p>\n\n\n\n<p>O uso do sufixo para marcar o feminino em cargos de autoridade \u00e9 uma tend\u00eancia natural da evolu\u00e7\u00e3o da l\u00edngua. Quando uma ocupa\u00e7\u00e3o passa a ser exercida por mulheres de forma frequente, o vocabul\u00e1rio tende a se adaptar para refletir essa realidade social. Aceitar essas mudan\u00e7as \u00e9 fundamental para quem busca uma express\u00e3o verbal mais precisa, clara e tamb\u00e9m atualizada.<\/p>\n\n\n\n<figure class=\"wp-block-image size-full\"><img decoding=\"async\" width=\"1280\" height=\"720\" src=\"https:\/\/www.correiobraziliense.com.br\/cbradar\/wp-content\/uploads\/2026\/04\/Gemini_Generated_Image_lkztfklkztfklkzt-1-1.png\" alt=\"A palavra que muita gente evita escrever por medo de errar, mas est\u00e1 correta segundo o Vocabul\u00e1rio Ortogr\u00e1fico da L\u00edngua Portuguesa\" class=\"wp-image-234750\" srcset=\"https:\/\/www.correiobraziliense.com.br\/cbradar\/wp-content\/uploads\/2026\/04\/Gemini_Generated_Image_lkztfklkztfklkzt-1-1.png 1280w, https:\/\/www.correiobraziliense.com.br\/cbradar\/wp-content\/uploads\/2026\/04\/Gemini_Generated_Image_lkztfklkztfklkzt-1-1-300x169.png 300w, https:\/\/www.correiobraziliense.com.br\/cbradar\/wp-content\/uploads\/2026\/04\/Gemini_Generated_Image_lkztfklkztfklkzt-1-1-768x432.png 768w, https:\/\/www.correiobraziliense.com.br\/cbradar\/wp-content\/uploads\/2026\/04\/Gemini_Generated_Image_lkztfklkztfklkzt-1-1-750x422.png 750w, https:\/\/www.correiobraziliense.com.br\/cbradar\/wp-content\/uploads\/2026\/04\/Gemini_Generated_Image_lkztfklkztfklkzt-1-1-1140x641.png 1140w\" sizes=\"(max-width: 1280px) 100vw, 1280px\" \/><figcaption class=\"wp-element-caption\">Termos que parecem errados podem estar corretos e fazem parte das regras oficiais da l\u00edngua<\/figcaption><\/figure>\n\n\n\n<h2 class=\"wp-block-heading\">Qual \u00e9 a origem hist\u00f3rica deste voc\u00e1bulo?<\/h2>\n\n\n\n<p>O registro dessa palavra remonta a dicion\u00e1rios antigos e obras cl\u00e1ssicas da l\u00edngua portuguesa, muito antes das discuss\u00f5es atuais sobre g\u00eanero. O termo foi dicionarizado pela primeira vez no s\u00e9culo dezenove, comprovando que sua estrutura morfol\u00f3gica segue as regras padr\u00e3o de forma\u00e7\u00e3o de palavras. O reconhecimento oficial nas institui\u00e7\u00f5es de ensino refor\u00e7a a legitimidade desse uso gramatical muito claro e espec\u00edfico.<\/p>\n\n\n\n<p>A forma\u00e7\u00e3o de substantivos femininos a partir de radicais terminados em &#8220;e&#8221; \u00e9 um processo comum em diversos outros exemplos conhecidos. Embora o uso neutro seja aceito, a especifica\u00e7\u00e3o traz clareza e refor\u00e7a a identidade de quem ocupa o posto m\u00e1ximo em uma organiza\u00e7\u00e3o. Entender esse contexto hist\u00f3rico ajuda a desmistificar preconceitos lingu\u00edsticos que surgem nos diversos ambientes da internet.<\/p>\n\n\n\n<h2 class=\"wp-block-heading\">Quais outras palavras geram d\u00favidas semelhantes?<\/h2>\n\n\n\n<p>Existem v\u00e1rios termos que provocam debates intensos entre os falantes, mas que possuem respaldo jur\u00eddico e ortogr\u00e1fico completo. Muitas dessas palavras s\u00e3o evitadas por parecerem informais ou incorretas, embora fa\u00e7am parte do acervo oficial da <strong>Academia Brasileira de Letras<\/strong>. Conhecer esses exemplos amplia o repert\u00f3rio de quem deseja dominar as nuances do idioma de forma muito clara e totalmente plena.<\/p>\n\n\n\n<p>Algumas express\u00f5es registradas que costumam causar incertezas frequentes nos escritores:<\/p>\n\n\n\n<ul class=\"wp-block-list\">\n<li>Alface como substantivo feminino.<\/li>\n\n\n\n<li>Personagem utilizado para ambos os g\u00eaneros.<\/li>\n\n\n\n<li>Champanha como forma correta de grafia.<\/li>\n\n\n\n<li>D\u00f3 empregado exclusivamente no masculino.<\/li>\n<\/ul>\n\n\n\n<h2 class=\"wp-block-heading\">Como consultar a corre\u00e7\u00e3o de uma palavra?<\/h2>\n\n\n\n<p>A maneira mais segura de verificar se um termo \u00e9 oficial consiste em acessar as plataformas digitais das autoridades lingu\u00edsticas. O <strong>Vocabul\u00e1rio Ortogr\u00e1fico da L\u00edngua Portuguesa<\/strong> \u00e9 atualizado constantemente para incluir novas palavras e validar flex\u00f5es que j\u00e1 ca\u00edram no gosto popular. Essa consulta evita que boatos ou informa\u00e7\u00f5es falsas sobre a gram\u00e1tica se espalhem em muitos documentos profissionais atuais.<\/p>\n\n\n\n<p>Ter o h\u00e1bito de pesquisar em fontes prim\u00e1rias garante que a escrita seja baseada em fatos e n\u00e3o em opini\u00f5es subjetivas. Quando surge uma d\u00favida sobre a grafia de um cargo ou objeto, o primeiro passo deve ser buscar o registro no cat\u00e1logo nacional. Esse procedimento simples eleva o n\u00edvel da comunica\u00e7\u00e3o e demonstra um cuidado especial com toda linguagem.<\/p>\n\n\n\n<figure class=\"wp-block-image size-full\"><img decoding=\"async\" width=\"1280\" height=\"720\" src=\"https:\/\/www.correiobraziliense.com.br\/cbradar\/wp-content\/uploads\/2026\/04\/Gemini_Generated_Image_g4qb9xg4qb9xg4qb-1-1.png\" alt=\"A palavra que muita gente evita escrever por medo de errar, mas est\u00e1 correta segundo o Vocabul\u00e1rio Ortogr\u00e1fico da L\u00edngua Portuguesa\" class=\"wp-image-234751\" srcset=\"https:\/\/www.correiobraziliense.com.br\/cbradar\/wp-content\/uploads\/2026\/04\/Gemini_Generated_Image_g4qb9xg4qb9xg4qb-1-1.png 1280w, https:\/\/www.correiobraziliense.com.br\/cbradar\/wp-content\/uploads\/2026\/04\/Gemini_Generated_Image_g4qb9xg4qb9xg4qb-1-1-300x169.png 300w, https:\/\/www.correiobraziliense.com.br\/cbradar\/wp-content\/uploads\/2026\/04\/Gemini_Generated_Image_g4qb9xg4qb9xg4qb-1-1-768x432.png 768w, https:\/\/www.correiobraziliense.com.br\/cbradar\/wp-content\/uploads\/2026\/04\/Gemini_Generated_Image_g4qb9xg4qb9xg4qb-1-1-750x422.png 750w, https:\/\/www.correiobraziliense.com.br\/cbradar\/wp-content\/uploads\/2026\/04\/Gemini_Generated_Image_g4qb9xg4qb9xg4qb-1-1-1140x641.png 1140w\" sizes=\"(max-width: 1280px) 100vw, 1280px\" \/><figcaption class=\"wp-element-caption\">Termos que parecem errados podem estar corretos e fazem parte das regras oficiais da l\u00edngua<\/figcaption><\/figure>\n\n\n\n<p>Leia tamb\u00e9m: <a href=\"https:\/\/www.correiobraziliense.com.br\/cbradar\/a-palavra-que-muita-gente-evita-usar-em-redacao-formal-mas-esta-correta-segundo-o-vocabulario-ortografico-da-lingua-portuguesa\/\" target=\"_blank\" rel=\"noreferrer noopener\">A palavra que muita gente evita usar em reda\u00e7\u00e3o formal, mas est\u00e1 correta segundo o Vocabul\u00e1rio Ortogr\u00e1fico da L\u00edngua Portuguesa<\/a><\/p>\n\n\n\n<h2 class=\"wp-block-heading\">Onde encontrar a lista oficial de termos?<\/h2>\n\n\n\n<p>O acesso ao cat\u00e1logo completo de palavras permitidas est\u00e1 dispon\u00edvel de forma gratuita para todos os cidad\u00e3os interessados. Esse banco de dados centraliza todo o l\u00e9xico reconhecido pela lei, servindo como o guia definitivo para editores, escritores e estudantes. Consultar esse material \u00e9 a melhor estrat\u00e9gia para sanar incertezas sobre a grafia correta de qualquer express\u00e3o complexa ou bastante inusitada.<\/p>\n\n\n\n<p>Para ter certeza absoluta sobre cada verbete, o ideal \u00e9 consultar o site do <strong><a href=\"https:\/\/www.academia.org.br\/nossa-lingua\/busca-no-vocabulario\" target=\"_blank\" rel=\"noreferrer noopener\">Academia Brasileira de Letras<\/a><\/strong>. Essa plataforma oferece o servi\u00e7o de busca por termos que geram hesita\u00e7\u00e3o, assegurando que o texto final esteja impec\u00e1vel. Utilizar essas ferramentas tecnol\u00f3gicas facilita a produ\u00e7\u00e3o de conte\u00fados de alta qualidade e com total seguran\u00e7a ortogr\u00e1fica para os leitores em todos momentos.<\/p>\n","protected":false},"excerpt":{"rendered":"<p>Muitas pessoas sentem receio ao utilizar determinados termos no cotidiano por acreditarem que cometem erros graves contra a gram\u00e1tica tradicional. No entanto, diversos voc\u00e1bulos que parecem estranhos aos ouvidos est\u00e3o registrados oficialmente nos documentos que regem o idioma nacional. Compreender essas permiss\u00f5es lingu\u00edsticas traz mais seguran\u00e7a para quem deseja escrever de forma correta e sem [&hellip;]<\/p>\n","protected":false},"author":21,"featured_media":234746,"comment_status":"open","ping_status":"open","sticky":false,"template":"","format":"standard","meta":{"_yoast_wpseo_focuskw":"Palavra correta","_yoast_wpseo_title":"","_yoast_wpseo_metadesc":"Palavras que parecem erradas podem ser corretas segundo regras oficiais e surpreendem quem busca escrever com seguran\u00e7a","jnews-multi-image_gallery":[],"jnews_single_post":{"format":"standard"},"jnews_primary_category":[],"jnews_social_meta":[],"jnews_override_counter":[],"footnotes":""},"categories":[112],"tags":[12816,10902,3272,6081],"class_list":["post-234675","post","type-post","status-publish","format-standard","has-post-thumbnail","hentry","category-curiosidades","tag-gramatica","tag-lingua-portuguesa","tag-palavra","tag-portugues"],"yoast_head":"<!-- This site is optimized with the Yoast SEO plugin v24.6 - https:\/\/yoast.com\/wordpress\/plugins\/seo\/ -->\n<title>A palavra que muita gente evita escrever por medo de errar, mas est\u00e1 correta segundo o Vocabul\u00e1rio Ortogr\u00e1fico da L\u00edngua Portuguesa - Correio Braziliense - Radar<\/title>\n<meta name=\"description\" content=\"Palavras que parecem erradas podem ser corretas segundo regras oficiais e surpreendem quem busca escrever com seguran\u00e7a\" \/>\n<meta name=\"robots\" content=\"index, follow, max-snippet:-1, max-image-preview:large, max-video-preview:-1\" \/>\n<link rel=\"canonical\" href=\"https:\/\/www.correiobraziliense.com.br\/cbradar\/a-palavra-que-muita-gente-evita-escrever-por-medo-de-errar-mas-esta-correta-segundo-o-vocabulario-ortografico-da-lingua-portuguesa\/\" \/>\n<meta property=\"og:locale\" content=\"pt_BR\" \/>\n<meta property=\"og:type\" content=\"article\" \/>\n<meta property=\"og:title\" content=\"A palavra que muita gente evita escrever por medo de errar, mas est\u00e1 correta segundo o Vocabul\u00e1rio Ortogr\u00e1fico da L\u00edngua Portuguesa - Correio Braziliense - Radar\" \/>\n<meta property=\"og:description\" content=\"Palavras que parecem erradas podem ser corretas segundo regras oficiais e surpreendem quem busca escrever com seguran\u00e7a\" \/>\n<meta property=\"og:url\" content=\"https:\/\/www.correiobraziliense.com.br\/cbradar\/a-palavra-que-muita-gente-evita-escrever-por-medo-de-errar-mas-esta-correta-segundo-o-vocabulario-ortografico-da-lingua-portuguesa\/\" \/>\n<meta property=\"og:site_name\" content=\"Correio Braziliense - Radar\" \/>\n<meta property=\"article:published_time\" content=\"2026-05-01T11:45:00+00:00\" \/>\n<meta property=\"og:image\" content=\"https:\/\/www.correiobraziliense.com.br\/cbradar\/wp-content\/uploads\/2026\/04\/Gemini_Generated_Image_i91kf0i91kf0i91k-1-1.png\" \/>\n\t<meta property=\"og:image:width\" content=\"1280\" \/>\n\t<meta property=\"og:image:height\" content=\"720\" \/>\n\t<meta property=\"og:image:type\" content=\"image\/png\" \/>\n<meta name=\"author\" content=\"Patrick Silva\" \/>\n<meta name=\"twitter:card\" content=\"summary_large_image\" \/>\n<meta name=\"twitter:label1\" content=\"Escrito por\" \/>\n\t<meta name=\"twitter:data1\" content=\"Patrick Silva\" \/>\n\t<meta name=\"twitter:label2\" content=\"Est. tempo de leitura\" \/>\n\t<meta name=\"twitter:data2\" content=\"5 minutos\" \/>\n<!-- \/ Yoast SEO plugin. -->","yoast_head_json":{"title":"A palavra que muita gente evita escrever por medo de errar, mas est\u00e1 correta segundo o Vocabul\u00e1rio Ortogr\u00e1fico da L\u00edngua Portuguesa - Correio Braziliense - Radar","description":"Palavras que parecem erradas podem ser corretas segundo regras oficiais e surpreendem quem busca escrever com seguran\u00e7a","robots":{"index":"index","follow":"follow","max-snippet":"max-snippet:-1","max-image-preview":"max-image-preview:large","max-video-preview":"max-video-preview:-1"},"canonical":"https:\/\/www.correiobraziliense.com.br\/cbradar\/a-palavra-que-muita-gente-evita-escrever-por-medo-de-errar-mas-esta-correta-segundo-o-vocabulario-ortografico-da-lingua-portuguesa\/","og_locale":"pt_BR","og_type":"article","og_title":"A palavra que muita gente evita escrever por medo de errar, mas est\u00e1 correta segundo o Vocabul\u00e1rio Ortogr\u00e1fico da L\u00edngua Portuguesa - Correio Braziliense - Radar","og_description":"Palavras que parecem erradas podem ser corretas segundo regras oficiais e surpreendem quem busca escrever com seguran\u00e7a","og_url":"https:\/\/www.correiobraziliense.com.br\/cbradar\/a-palavra-que-muita-gente-evita-escrever-por-medo-de-errar-mas-esta-correta-segundo-o-vocabulario-ortografico-da-lingua-portuguesa\/","og_site_name":"Correio Braziliense - Radar","article_published_time":"2026-05-01T11:45:00+00:00","og_image":[{"width":1280,"height":720,"url":"https:\/\/www.correiobraziliense.com.br\/cbradar\/wp-content\/uploads\/2026\/04\/Gemini_Generated_Image_i91kf0i91kf0i91k-1-1.png","type":"image\/png"}],"author":"Patrick Silva","twitter_card":"summary_large_image","twitter_misc":{"Escrito por":"Patrick Silva","Est. tempo de leitura":"5 minutos"},"schema":{"@context":"https:\/\/schema.org","@graph":[{"@type":"WebPage","@id":"https:\/\/www.correiobraziliense.com.br\/cbradar\/a-palavra-que-muita-gente-evita-escrever-por-medo-de-errar-mas-esta-correta-segundo-o-vocabulario-ortografico-da-lingua-portuguesa\/","url":"https:\/\/www.correiobraziliense.com.br\/cbradar\/a-palavra-que-muita-gente-evita-escrever-por-medo-de-errar-mas-esta-correta-segundo-o-vocabulario-ortografico-da-lingua-portuguesa\/","name":"A palavra que muita gente evita escrever por medo de errar, mas est\u00e1 correta segundo o Vocabul\u00e1rio Ortogr\u00e1fico da L\u00edngua Portuguesa - Correio Braziliense - Radar","isPartOf":{"@id":"https:\/\/www.correiobraziliense.com.br\/cbradar\/#website"},"primaryImageOfPage":{"@id":"https:\/\/www.correiobraziliense.com.br\/cbradar\/a-palavra-que-muita-gente-evita-escrever-por-medo-de-errar-mas-esta-correta-segundo-o-vocabulario-ortografico-da-lingua-portuguesa\/#primaryimage"},"image":{"@id":"https:\/\/www.correiobraziliense.com.br\/cbradar\/a-palavra-que-muita-gente-evita-escrever-por-medo-de-errar-mas-esta-correta-segundo-o-vocabulario-ortografico-da-lingua-portuguesa\/#primaryimage"},"thumbnailUrl":"https:\/\/www.correiobraziliense.com.br\/cbradar\/wp-content\/uploads\/2026\/04\/Gemini_Generated_Image_i91kf0i91kf0i91k-1-1.png","datePublished":"2026-05-01T11:45:00+00:00","author":{"@id":"https:\/\/www.correiobraziliense.com.br\/cbradar\/#\/schema\/person\/5440b72be9c7eb74f446c846479dc4da"},"description":"Palavras que parecem erradas podem ser corretas segundo regras oficiais e surpreendem quem busca escrever com seguran\u00e7a","breadcrumb":{"@id":"https:\/\/www.correiobraziliense.com.br\/cbradar\/a-palavra-que-muita-gente-evita-escrever-por-medo-de-errar-mas-esta-correta-segundo-o-vocabulario-ortografico-da-lingua-portuguesa\/#breadcrumb"},"inLanguage":"pt-BR","potentialAction":[{"@type":"ReadAction","target":["https:\/\/www.correiobraziliense.com.br\/cbradar\/a-palavra-que-muita-gente-evita-escrever-por-medo-de-errar-mas-esta-correta-segundo-o-vocabulario-ortografico-da-lingua-portuguesa\/"]}]},{"@type":"ImageObject","inLanguage":"pt-BR","@id":"https:\/\/www.correiobraziliense.com.br\/cbradar\/a-palavra-que-muita-gente-evita-escrever-por-medo-de-errar-mas-esta-correta-segundo-o-vocabulario-ortografico-da-lingua-portuguesa\/#primaryimage","url":"https:\/\/www.correiobraziliense.com.br\/cbradar\/wp-content\/uploads\/2026\/04\/Gemini_Generated_Image_i91kf0i91kf0i91k-1-1.png","contentUrl":"https:\/\/www.correiobraziliense.com.br\/cbradar\/wp-content\/uploads\/2026\/04\/Gemini_Generated_Image_i91kf0i91kf0i91k-1-1.png","width":1280,"height":720,"caption":"Termos que parecem errados podem estar corretos e fazem parte das regras oficiais da l\u00edngua"},{"@type":"BreadcrumbList","@id":"https:\/\/www.correiobraziliense.com.br\/cbradar\/a-palavra-que-muita-gente-evita-escrever-por-medo-de-errar-mas-esta-correta-segundo-o-vocabulario-ortografico-da-lingua-portuguesa\/#breadcrumb","itemListElement":[{"@type":"ListItem","position":1,"name":"In\u00edcio","item":"https:\/\/www.correiobraziliense.com.br\/cbradar\/"},{"@type":"ListItem","position":2,"name":"A palavra que muita gente evita escrever por medo de errar, mas est\u00e1 correta segundo o Vocabul\u00e1rio Ortogr\u00e1fico da L\u00edngua Portuguesa"}]},{"@type":"WebSite","@id":"https:\/\/www.correiobraziliense.com.br\/cbradar\/#website","url":"https:\/\/www.correiobraziliense.com.br\/cbradar\/","name":"Correio Braziliense - Radar","description":"Acompanhe as \u00faltimas not\u00edcias e fique bem informado sobre tudo o que acontece no Brasil e no mundo.","potentialAction":[{"@type":"SearchAction","target":{"@type":"EntryPoint","urlTemplate":"https:\/\/www.correiobraziliense.com.br\/cbradar\/?s={search_term_string}"},"query-input":{"@type":"PropertyValueSpecification","valueRequired":true,"valueName":"search_term_string"}}],"inLanguage":"pt-BR"},{"@type":"Person","@id":"https:\/\/www.correiobraziliense.com.br\/cbradar\/#\/schema\/person\/5440b72be9c7eb74f446c846479dc4da","name":"Patrick Silva","image":{"@type":"ImageObject","inLanguage":"pt-BR","@id":"https:\/\/www.correiobraziliense.com.br\/cbradar\/#\/schema\/person\/image\/","url":"https:\/\/secure.gravatar.com\/avatar\/944109df296fc087785c9715fd5f80b2?s=96&d=mm&r=g","contentUrl":"https:\/\/secure.gravatar.com\/avatar\/944109df296fc087785c9715fd5f80b2?s=96&d=mm&r=g","caption":"Patrick Silva"},"sameAs":["https:\/\/www.correiobraziliense.com.br\/cbradar\/"],"url":"https:\/\/www.correiobraziliense.com.br\/cbradar\/author\/patrick-silva\/"}]}},"_links":{"self":[{"href":"https:\/\/www.correiobraziliense.com.br\/cbradar\/wp-json\/wp\/v2\/posts\/234675","targetHints":{"allow":["GET"]}}],"collection":[{"href":"https:\/\/www.correiobraziliense.com.br\/cbradar\/wp-json\/wp\/v2\/posts"}],"about":[{"href":"https:\/\/www.correiobraziliense.com.br\/cbradar\/wp-json\/wp\/v2\/types\/post"}],"author":[{"embeddable":true,"href":"https:\/\/www.correiobraziliense.com.br\/cbradar\/wp-json\/wp\/v2\/users\/21"}],"replies":[{"embeddable":true,"href":"https:\/\/www.correiobraziliense.com.br\/cbradar\/wp-json\/wp\/v2\/comments?post=234675"}],"version-history":[{"count":1,"href":"https:\/\/www.correiobraziliense.com.br\/cbradar\/wp-json\/wp\/v2\/posts\/234675\/revisions"}],"predecessor-version":[{"id":234754,"href":"https:\/\/www.correiobraziliense.com.br\/cbradar\/wp-json\/wp\/v2\/posts\/234675\/revisions\/234754"}],"wp:featuredmedia":[{"embeddable":true,"href":"https:\/\/www.correiobraziliense.com.br\/cbradar\/wp-json\/wp\/v2\/media\/234746"}],"wp:attachment":[{"href":"https:\/\/www.correiobraziliense.com.br\/cbradar\/wp-json\/wp\/v2\/media?parent=234675"}],"wp:term":[{"taxonomy":"category","embeddable":true,"href":"https:\/\/www.correiobraziliense.com.br\/cbradar\/wp-json\/wp\/v2\/categories?post=234675"},{"taxonomy":"post_tag","embeddable":true,"href":"https:\/\/www.correiobraziliense.com.br\/cbradar\/wp-json\/wp\/v2\/tags?post=234675"}],"curies":[{"name":"wp","href":"https:\/\/api.w.org\/{rel}","templated":true}]}}