{"id":234676,"date":"2026-05-01T15:15:00","date_gmt":"2026-05-01T18:15:00","guid":{"rendered":"https:\/\/www.correiobraziliense.com.br\/cbradar\/?p=234676"},"modified":"2026-04-30T12:10:04","modified_gmt":"2026-04-30T15:10:04","slug":"a-expressao-que-muita-gente-acha-exagerada-mas-esta-correta-segundo-a-tradicao-gramatical-do-portugues","status":"publish","type":"post","link":"https:\/\/www.correiobraziliense.com.br\/cbradar\/a-expressao-que-muita-gente-acha-exagerada-mas-esta-correta-segundo-a-tradicao-gramatical-do-portugues\/","title":{"rendered":"A express\u00e3o que muita gente acha exagerada, mas est\u00e1 correta segundo a tradi\u00e7\u00e3o gramatical do portugu\u00eas"},"content":{"rendered":"\n<p>Muitas pessoas acreditam que certas express\u00f5es comuns ferem a l\u00f3gica gramatical, criando debates acalorados em ambientes digitais e profissionais. No entanto, a tradi\u00e7\u00e3o da l\u00edngua portuguesa preserva estruturas que, embora pare\u00e7am redundantes ou estranhas, possuem pleno respaldo nos manuais cl\u00e1ssicos. Compreender essas nuances lingu\u00edsticas evita corre\u00e7\u00f5es desnecess\u00e1rias e promove uma comunica\u00e7\u00e3o muito mais segura e tamb\u00e9m confi\u00e1vel.<\/p>\n\n\n\n<h2 class=\"wp-block-heading\">Por que o termo risco de vida \u00e9 aceito?<\/h2>\n\n\n\n<p>A ideia de que apenas a express\u00e3o focada no falecimento estaria correta ignora a perspectiva hist\u00f3rica do idioma nacional. O termo indica que a exist\u00eancia biol\u00f3gica est\u00e1 sob amea\u00e7a iminente, sendo amplamente utilizado por grandes escritores ao longo de v\u00e1rios s\u00e9culos. Essa constru\u00e7\u00e3o faz parte do acervo cl\u00e1ssico e respeita perfeitamente as normas vigentes na escrita formal atualizada.<\/p>\n\n\n\n<p>Muitas cr\u00edticas surgem por uma tentativa de aplicar a l\u00f3gica matem\u00e1tica fria sobre a fluidez natural das palavras. No entanto, a gram\u00e1tica normativa reconhece que o perigo reside justamente na possibilidade de perder algo valioso como a pr\u00f3pria sa\u00fade f\u00edsica. Utilizar essa forma verbal demonstra um dom\u00ednio profundo das tradi\u00e7\u00f5es liter\u00e1rias que moldaram a comunica\u00e7\u00e3o moderna brasileira.<\/p>\n\n\n\n<figure class=\"wp-block-image size-full\"><img decoding=\"async\" width=\"1280\" height=\"720\" src=\"https:\/\/www.correiobraziliense.com.br\/cbradar\/wp-content\/uploads\/2026\/04\/Gemini_Generated_Image_f2udspf2udspf2ud-1-1.png\" alt=\"A express\u00e3o que muita gente acha exagerada, mas est\u00e1 correta segundo a tradi\u00e7\u00e3o gramatical do portugu\u00eas\" class=\"wp-image-234764\" srcset=\"https:\/\/www.correiobraziliense.com.br\/cbradar\/wp-content\/uploads\/2026\/04\/Gemini_Generated_Image_f2udspf2udspf2ud-1-1.png 1280w, https:\/\/www.correiobraziliense.com.br\/cbradar\/wp-content\/uploads\/2026\/04\/Gemini_Generated_Image_f2udspf2udspf2ud-1-1-300x169.png 300w, https:\/\/www.correiobraziliense.com.br\/cbradar\/wp-content\/uploads\/2026\/04\/Gemini_Generated_Image_f2udspf2udspf2ud-1-1-768x432.png 768w, https:\/\/www.correiobraziliense.com.br\/cbradar\/wp-content\/uploads\/2026\/04\/Gemini_Generated_Image_f2udspf2udspf2ud-1-1-750x422.png 750w, https:\/\/www.correiobraziliense.com.br\/cbradar\/wp-content\/uploads\/2026\/04\/Gemini_Generated_Image_f2udspf2udspf2ud-1-1-1140x641.png 1140w\" sizes=\"(max-width: 1280px) 100vw, 1280px\" \/><figcaption class=\"wp-element-caption\">Express\u00f5es comuns podem estar corretas mesmo parecendo erradas e fazem parte da norma culta<\/figcaption><\/figure>\n\n\n\n<h2 class=\"wp-block-heading\">Qual a diferen\u00e7a entre pleonasmo e v\u00edcio?<\/h2>\n\n\n\n<p>O uso de termos redundantes para refor\u00e7ar uma ideia \u00e9 um recurso estil\u00edstico comum em grandes obras po\u00e9ticas. Enquanto a repeti\u00e7\u00e3o sem prop\u00f3sito \u00e9 considerada uma falha, a \u00eanfase intencional serve para guiar a aten\u00e7\u00e3o do leitor para um ponto espec\u00edfico do texto. Identificar essa distin\u00e7\u00e3o ajuda a valorizar a riqueza expressiva contida nas diversas formas de falar.<\/p>\n\n\n\n<p>Quando um autor utiliza express\u00f5es que parecem \u00f3bvias, ele muitas vezes busca criar um ritmo mel\u00f3dico ou uma for\u00e7a dram\u00e1tica. Essa t\u00e9cnica permite que a mensagem seja transmitida com mais intensidade, aproximando o escritor do seu p\u00fablico de maneira muito aut\u00eantica e pr\u00f3xima. Entender esses mecanismos liter\u00e1rios enriquece a percep\u00e7\u00e3o cr\u00edtica sobre a nossa pr\u00f3pria l\u00edngua portuguesa.<\/p>\n\n\n\n<h2 class=\"wp-block-heading\">Quais constru\u00e7\u00f5es parecem erradas mas s\u00e3o corretas?<\/h2>\n\n\n\n<p>Muitas formas verbais e concord\u00e2ncias nominais s\u00e3o alvo de cr\u00edticas constantes por pessoas que desconhecem a profundidade das normas gramaticais. O idioma aceita varia\u00e7\u00f5es que respeitam a l\u00f3gica interna da frase, mesmo quando soam estranhas para quem est\u00e1 acostumado apenas com o b\u00e1sico. Conhecer essas possibilidades amplia a liberdade de escrita e garante um vocabul\u00e1rio muito vasto.<\/p>\n\n\n\n<p>Existem exemplos que demonstram como a gram\u00e1tica tradicional pode ser bastante flex\u00edvel:<\/p>\n\n\n\n<ul class=\"wp-block-list\">\n<li>Verbo haver no sentido de existir em frases impessoais.<\/li>\n\n\n\n<li>Express\u00f5es de refor\u00e7o como sorrir um sorriso alegre.<\/li>\n\n\n\n<li>Uso do pronome ap\u00f3s verbos no in\u00edcio da senten\u00e7a.<\/li>\n\n\n\n<li>Coloca\u00e7\u00f5es pronominais facultativas em diversas situa\u00e7\u00f5es verbais complexas.<\/li>\n<\/ul>\n\n\n\n<h2 class=\"wp-block-heading\">Por que a concord\u00e2ncia \u00e0s vezes soa estranha?<\/h2>\n\n\n\n<p>A concord\u00e2ncia ideol\u00f3gica permite que o autor fa\u00e7a o ajuste mental com a ideia e n\u00e3o apenas com o termo escrito. Esse fen\u00f4meno ocorre quando o falante prioriza o sentido da frase, criando uma conex\u00e3o direta com o pensamento que deseja expressar para os outros. Embora pare\u00e7a um descuido, essa t\u00e9cnica \u00e9 reconhecida como um recurso de estilo leg\u00edtimo.<\/p>\n\n\n\n<p>Muitas vezes, a dist\u00e2ncia entre o sujeito e o verbo faz com que a regra pare\u00e7a quebrada por quem l\u00ea apressadamente. No entanto, a an\u00e1lise sint\u00e1tica cuidadosa revela que a estrutura est\u00e1 perfeitamente equilibrada e dentro dos limites permitidos pelos estudiosos cl\u00e1ssicos. Manter o rigor na revis\u00e3o textual garante que essas escolhas sejam compreendidas como demonstra\u00e7\u00f5es de alta erudi\u00e7\u00e3o lingu\u00edstica.<\/p>\n\n\n\n<figure class=\"wp-block-image size-full\"><img decoding=\"async\" width=\"1280\" height=\"720\" src=\"https:\/\/www.correiobraziliense.com.br\/cbradar\/wp-content\/uploads\/2026\/04\/Gemini_Generated_Image_4z3qi94z3qi94z3q-1-1.png\" alt=\"A express\u00e3o que muita gente acha exagerada, mas est\u00e1 correta segundo a tradi\u00e7\u00e3o gramatical do portugu\u00eas\" class=\"wp-image-234765\" srcset=\"https:\/\/www.correiobraziliense.com.br\/cbradar\/wp-content\/uploads\/2026\/04\/Gemini_Generated_Image_4z3qi94z3qi94z3q-1-1.png 1280w, https:\/\/www.correiobraziliense.com.br\/cbradar\/wp-content\/uploads\/2026\/04\/Gemini_Generated_Image_4z3qi94z3qi94z3q-1-1-300x169.png 300w, https:\/\/www.correiobraziliense.com.br\/cbradar\/wp-content\/uploads\/2026\/04\/Gemini_Generated_Image_4z3qi94z3qi94z3q-1-1-768x432.png 768w, https:\/\/www.correiobraziliense.com.br\/cbradar\/wp-content\/uploads\/2026\/04\/Gemini_Generated_Image_4z3qi94z3qi94z3q-1-1-750x422.png 750w, https:\/\/www.correiobraziliense.com.br\/cbradar\/wp-content\/uploads\/2026\/04\/Gemini_Generated_Image_4z3qi94z3qi94z3q-1-1-1140x641.png 1140w\" sizes=\"(max-width: 1280px) 100vw, 1280px\" \/><figcaption class=\"wp-element-caption\">Express\u00f5es comuns podem estar corretas mesmo parecendo erradas e fazem parte da norma culta<\/figcaption><\/figure>\n\n\n\n<p>Leia tamb\u00e9m: <a href=\"https:\/\/www.correiobraziliense.com.br\/cbradar\/a-palavra-que-muita-gente-evita-usar-em-redacao-formal-mas-esta-correta-segundo-o-vocabulario-ortografico-da-lingua-portuguesa\/\" target=\"_blank\" rel=\"noreferrer noopener\">A palavra que muita gente evita usar em reda\u00e7\u00e3o formal, mas est\u00e1 correta segundo o Vocabul\u00e1rio Ortogr\u00e1fico da L\u00edngua Portuguesa<\/a><\/p>\n\n\n\n<h2 class=\"wp-block-heading\">Como ter seguran\u00e7a no uso de termos complexos?<\/h2>\n\n\n\n<p>A melhor forma de evitar d\u00favidas consiste em buscar apoio em bases de dados oficiais que catalogam o l\u00e9xico nacional. Quando o escritor fundamenta suas escolhas em fontes de alta autoridade, a confian\u00e7a para utilizar express\u00f5es tradicionais aumenta consideravelmente no ambiente de trabalho. Essa pr\u00e1tica protege o autor contra cr\u00edticas infundadas e fortalece o n\u00edvel t\u00e9cnico de toda a produ\u00e7\u00e3o.<\/p>\n\n\n\n<p>Para garantir a precis\u00e3o absoluta, \u00e9 fundamental consultar o dicion\u00e1rio oficial mantido pela <strong><a href=\"https:\/\/www.academia.org.br\/nossa-lingua\/busca-no-vocabulario\" target=\"_blank\" rel=\"noreferrer noopener\">Academia Brasileira de Letras<\/a><\/strong>. Estar em conformidade com as diretrizes da norma culta assegura que a mensagem seja transmitida com eleg\u00e2ncia e corre\u00e7\u00e3o gramatical plena. Valorizar a heran\u00e7a lingu\u00edstica \u00e9 o caminho mais seguro para quem deseja escrever com clareza em qualquer situa\u00e7\u00e3o social.<\/p>\n","protected":false},"excerpt":{"rendered":"<p>Muitas pessoas acreditam que certas express\u00f5es comuns ferem a l\u00f3gica gramatical, criando debates acalorados em ambientes digitais e profissionais. No entanto, a tradi\u00e7\u00e3o da l\u00edngua portuguesa preserva estruturas que, embora pare\u00e7am redundantes ou estranhas, possuem pleno respaldo nos manuais cl\u00e1ssicos. Compreender essas nuances lingu\u00edsticas evita corre\u00e7\u00f5es desnecess\u00e1rias e promove uma comunica\u00e7\u00e3o muito mais segura e [&hellip;]<\/p>\n","protected":false},"author":21,"featured_media":234761,"comment_status":"open","ping_status":"open","sticky":false,"template":"","format":"standard","meta":{"_yoast_wpseo_focuskw":"Express\u00e3o correta","_yoast_wpseo_title":"","_yoast_wpseo_metadesc":"Express\u00f5es que parecem erradas podem estar corretas e entender isso evita d\u00favidas na comunica\u00e7\u00e3o do dia a dia","jnews-multi-image_gallery":[],"jnews_single_post":{"format":"standard"},"jnews_primary_category":[],"jnews_social_meta":[],"jnews_override_counter":[],"footnotes":""},"categories":[112],"tags":[18432,12311,12816,6081],"class_list":["post-234676","post","type-post","status-publish","format-standard","has-post-thumbnail","hentry","category-curiosidades","tag-exagero","tag-expressao","tag-gramatica","tag-portugues"],"yoast_head":"<!-- This site is optimized with the Yoast SEO plugin v24.6 - https:\/\/yoast.com\/wordpress\/plugins\/seo\/ -->\n<title>A express\u00e3o que muita gente acha exagerada, mas est\u00e1 correta segundo a tradi\u00e7\u00e3o gramatical do portugu\u00eas - Correio Braziliense - Radar<\/title>\n<meta name=\"description\" content=\"Express\u00f5es que parecem erradas podem estar corretas e entender isso evita d\u00favidas na comunica\u00e7\u00e3o do dia a dia\" \/>\n<meta name=\"robots\" content=\"index, follow, max-snippet:-1, max-image-preview:large, max-video-preview:-1\" \/>\n<link rel=\"canonical\" href=\"https:\/\/www.correiobraziliense.com.br\/cbradar\/a-expressao-que-muita-gente-acha-exagerada-mas-esta-correta-segundo-a-tradicao-gramatical-do-portugues\/\" \/>\n<meta property=\"og:locale\" content=\"pt_BR\" \/>\n<meta property=\"og:type\" content=\"article\" \/>\n<meta property=\"og:title\" content=\"A express\u00e3o que muita gente acha exagerada, mas est\u00e1 correta segundo a tradi\u00e7\u00e3o gramatical do portugu\u00eas - Correio Braziliense - Radar\" \/>\n<meta property=\"og:description\" content=\"Express\u00f5es que parecem erradas podem estar corretas e entender isso evita d\u00favidas na comunica\u00e7\u00e3o do dia a dia\" \/>\n<meta property=\"og:url\" content=\"https:\/\/www.correiobraziliense.com.br\/cbradar\/a-expressao-que-muita-gente-acha-exagerada-mas-esta-correta-segundo-a-tradicao-gramatical-do-portugues\/\" \/>\n<meta property=\"og:site_name\" content=\"Correio Braziliense - Radar\" \/>\n<meta property=\"article:published_time\" content=\"2026-05-01T18:15:00+00:00\" \/>\n<meta property=\"og:image\" content=\"https:\/\/www.correiobraziliense.com.br\/cbradar\/wp-content\/uploads\/2026\/04\/Gemini_Generated_Image_8qesvx8qesvx8qes-1-1.png\" \/>\n\t<meta property=\"og:image:width\" content=\"1280\" \/>\n\t<meta property=\"og:image:height\" content=\"720\" \/>\n\t<meta property=\"og:image:type\" content=\"image\/png\" \/>\n<meta name=\"author\" content=\"Patrick Silva\" \/>\n<meta name=\"twitter:card\" content=\"summary_large_image\" \/>\n<meta name=\"twitter:label1\" content=\"Escrito por\" \/>\n\t<meta name=\"twitter:data1\" content=\"Patrick Silva\" \/>\n\t<meta name=\"twitter:label2\" content=\"Est. tempo de leitura\" \/>\n\t<meta name=\"twitter:data2\" content=\"5 minutos\" \/>\n<!-- \/ Yoast SEO plugin. -->","yoast_head_json":{"title":"A express\u00e3o que muita gente acha exagerada, mas est\u00e1 correta segundo a tradi\u00e7\u00e3o gramatical do portugu\u00eas - Correio Braziliense - Radar","description":"Express\u00f5es que parecem erradas podem estar corretas e entender isso evita d\u00favidas na comunica\u00e7\u00e3o do dia a dia","robots":{"index":"index","follow":"follow","max-snippet":"max-snippet:-1","max-image-preview":"max-image-preview:large","max-video-preview":"max-video-preview:-1"},"canonical":"https:\/\/www.correiobraziliense.com.br\/cbradar\/a-expressao-que-muita-gente-acha-exagerada-mas-esta-correta-segundo-a-tradicao-gramatical-do-portugues\/","og_locale":"pt_BR","og_type":"article","og_title":"A express\u00e3o que muita gente acha exagerada, mas est\u00e1 correta segundo a tradi\u00e7\u00e3o gramatical do portugu\u00eas - Correio Braziliense - Radar","og_description":"Express\u00f5es que parecem erradas podem estar corretas e entender isso evita d\u00favidas na comunica\u00e7\u00e3o do dia a dia","og_url":"https:\/\/www.correiobraziliense.com.br\/cbradar\/a-expressao-que-muita-gente-acha-exagerada-mas-esta-correta-segundo-a-tradicao-gramatical-do-portugues\/","og_site_name":"Correio Braziliense - Radar","article_published_time":"2026-05-01T18:15:00+00:00","og_image":[{"width":1280,"height":720,"url":"https:\/\/www.correiobraziliense.com.br\/cbradar\/wp-content\/uploads\/2026\/04\/Gemini_Generated_Image_8qesvx8qesvx8qes-1-1.png","type":"image\/png"}],"author":"Patrick Silva","twitter_card":"summary_large_image","twitter_misc":{"Escrito por":"Patrick Silva","Est. tempo de leitura":"5 minutos"},"schema":{"@context":"https:\/\/schema.org","@graph":[{"@type":"WebPage","@id":"https:\/\/www.correiobraziliense.com.br\/cbradar\/a-expressao-que-muita-gente-acha-exagerada-mas-esta-correta-segundo-a-tradicao-gramatical-do-portugues\/","url":"https:\/\/www.correiobraziliense.com.br\/cbradar\/a-expressao-que-muita-gente-acha-exagerada-mas-esta-correta-segundo-a-tradicao-gramatical-do-portugues\/","name":"A express\u00e3o que muita gente acha exagerada, mas est\u00e1 correta segundo a tradi\u00e7\u00e3o gramatical do portugu\u00eas - Correio Braziliense - Radar","isPartOf":{"@id":"https:\/\/www.correiobraziliense.com.br\/cbradar\/#website"},"primaryImageOfPage":{"@id":"https:\/\/www.correiobraziliense.com.br\/cbradar\/a-expressao-que-muita-gente-acha-exagerada-mas-esta-correta-segundo-a-tradicao-gramatical-do-portugues\/#primaryimage"},"image":{"@id":"https:\/\/www.correiobraziliense.com.br\/cbradar\/a-expressao-que-muita-gente-acha-exagerada-mas-esta-correta-segundo-a-tradicao-gramatical-do-portugues\/#primaryimage"},"thumbnailUrl":"https:\/\/www.correiobraziliense.com.br\/cbradar\/wp-content\/uploads\/2026\/04\/Gemini_Generated_Image_8qesvx8qesvx8qes-1-1.png","datePublished":"2026-05-01T18:15:00+00:00","author":{"@id":"https:\/\/www.correiobraziliense.com.br\/cbradar\/#\/schema\/person\/5440b72be9c7eb74f446c846479dc4da"},"description":"Express\u00f5es que parecem erradas podem estar corretas e entender isso evita d\u00favidas na comunica\u00e7\u00e3o do dia a dia","breadcrumb":{"@id":"https:\/\/www.correiobraziliense.com.br\/cbradar\/a-expressao-que-muita-gente-acha-exagerada-mas-esta-correta-segundo-a-tradicao-gramatical-do-portugues\/#breadcrumb"},"inLanguage":"pt-BR","potentialAction":[{"@type":"ReadAction","target":["https:\/\/www.correiobraziliense.com.br\/cbradar\/a-expressao-que-muita-gente-acha-exagerada-mas-esta-correta-segundo-a-tradicao-gramatical-do-portugues\/"]}]},{"@type":"ImageObject","inLanguage":"pt-BR","@id":"https:\/\/www.correiobraziliense.com.br\/cbradar\/a-expressao-que-muita-gente-acha-exagerada-mas-esta-correta-segundo-a-tradicao-gramatical-do-portugues\/#primaryimage","url":"https:\/\/www.correiobraziliense.com.br\/cbradar\/wp-content\/uploads\/2026\/04\/Gemini_Generated_Image_8qesvx8qesvx8qes-1-1.png","contentUrl":"https:\/\/www.correiobraziliense.com.br\/cbradar\/wp-content\/uploads\/2026\/04\/Gemini_Generated_Image_8qesvx8qesvx8qes-1-1.png","width":1280,"height":720,"caption":"Express\u00f5es comuns podem estar corretas mesmo parecendo erradas e fazem parte da norma culta"},{"@type":"BreadcrumbList","@id":"https:\/\/www.correiobraziliense.com.br\/cbradar\/a-expressao-que-muita-gente-acha-exagerada-mas-esta-correta-segundo-a-tradicao-gramatical-do-portugues\/#breadcrumb","itemListElement":[{"@type":"ListItem","position":1,"name":"In\u00edcio","item":"https:\/\/www.correiobraziliense.com.br\/cbradar\/"},{"@type":"ListItem","position":2,"name":"A express\u00e3o que muita gente acha exagerada, mas est\u00e1 correta segundo a tradi\u00e7\u00e3o gramatical do portugu\u00eas"}]},{"@type":"WebSite","@id":"https:\/\/www.correiobraziliense.com.br\/cbradar\/#website","url":"https:\/\/www.correiobraziliense.com.br\/cbradar\/","name":"Correio Braziliense - Radar","description":"Acompanhe as \u00faltimas not\u00edcias e fique bem informado sobre tudo o que acontece no Brasil e no mundo.","potentialAction":[{"@type":"SearchAction","target":{"@type":"EntryPoint","urlTemplate":"https:\/\/www.correiobraziliense.com.br\/cbradar\/?s={search_term_string}"},"query-input":{"@type":"PropertyValueSpecification","valueRequired":true,"valueName":"search_term_string"}}],"inLanguage":"pt-BR"},{"@type":"Person","@id":"https:\/\/www.correiobraziliense.com.br\/cbradar\/#\/schema\/person\/5440b72be9c7eb74f446c846479dc4da","name":"Patrick Silva","image":{"@type":"ImageObject","inLanguage":"pt-BR","@id":"https:\/\/www.correiobraziliense.com.br\/cbradar\/#\/schema\/person\/image\/","url":"https:\/\/secure.gravatar.com\/avatar\/944109df296fc087785c9715fd5f80b2?s=96&d=mm&r=g","contentUrl":"https:\/\/secure.gravatar.com\/avatar\/944109df296fc087785c9715fd5f80b2?s=96&d=mm&r=g","caption":"Patrick Silva"},"sameAs":["https:\/\/www.correiobraziliense.com.br\/cbradar\/"],"url":"https:\/\/www.correiobraziliense.com.br\/cbradar\/author\/patrick-silva\/"}]}},"_links":{"self":[{"href":"https:\/\/www.correiobraziliense.com.br\/cbradar\/wp-json\/wp\/v2\/posts\/234676","targetHints":{"allow":["GET"]}}],"collection":[{"href":"https:\/\/www.correiobraziliense.com.br\/cbradar\/wp-json\/wp\/v2\/posts"}],"about":[{"href":"https:\/\/www.correiobraziliense.com.br\/cbradar\/wp-json\/wp\/v2\/types\/post"}],"author":[{"embeddable":true,"href":"https:\/\/www.correiobraziliense.com.br\/cbradar\/wp-json\/wp\/v2\/users\/21"}],"replies":[{"embeddable":true,"href":"https:\/\/www.correiobraziliense.com.br\/cbradar\/wp-json\/wp\/v2\/comments?post=234676"}],"version-history":[{"count":1,"href":"https:\/\/www.correiobraziliense.com.br\/cbradar\/wp-json\/wp\/v2\/posts\/234676\/revisions"}],"predecessor-version":[{"id":234766,"href":"https:\/\/www.correiobraziliense.com.br\/cbradar\/wp-json\/wp\/v2\/posts\/234676\/revisions\/234766"}],"wp:featuredmedia":[{"embeddable":true,"href":"https:\/\/www.correiobraziliense.com.br\/cbradar\/wp-json\/wp\/v2\/media\/234761"}],"wp:attachment":[{"href":"https:\/\/www.correiobraziliense.com.br\/cbradar\/wp-json\/wp\/v2\/media?parent=234676"}],"wp:term":[{"taxonomy":"category","embeddable":true,"href":"https:\/\/www.correiobraziliense.com.br\/cbradar\/wp-json\/wp\/v2\/categories?post=234676"},{"taxonomy":"post_tag","embeddable":true,"href":"https:\/\/www.correiobraziliense.com.br\/cbradar\/wp-json\/wp\/v2\/tags?post=234676"}],"curies":[{"name":"wp","href":"https:\/\/api.w.org\/{rel}","templated":true}]}}