{"id":234679,"date":"2026-05-01T13:45:00","date_gmt":"2026-05-01T16:45:00","guid":{"rendered":"https:\/\/www.correiobraziliense.com.br\/cbradar\/?p=234679"},"modified":"2026-04-30T11:05:39","modified_gmt":"2026-04-30T14:05:39","slug":"a-maioria-das-pessoas-nao-percebe-que-quem-falta-a-encontros-de-familia-nao-esta-se-tornando-antissocial-esta-tentando-evitar-um-desgaste-que-o-corpo-ja-aprendeu-a-reconhecer","status":"publish","type":"post","link":"https:\/\/www.correiobraziliense.com.br\/cbradar\/a-maioria-das-pessoas-nao-percebe-que-quem-falta-a-encontros-de-familia-nao-esta-se-tornando-antissocial-esta-tentando-evitar-um-desgaste-que-o-corpo-ja-aprendeu-a-reconhecer\/","title":{"rendered":"A maioria das pessoas n\u00e3o percebe que quem falta a encontros de fam\u00edlia n\u00e3o est\u00e1 se tornando antissocial, est\u00e1 tentando evitar um desgaste que o corpo j\u00e1 aprendeu a reconhecer"},"content":{"rendered":"\n<p>Muitas pessoas interpretam a aus\u00eancia em eventos familiares como um sinal de isolamento ou falta de afeto. No entanto, essa escolha costuma ser uma resposta fisiol\u00f3gica a ambientes que geram estresse intenso e fadiga emocional profunda. Compreender que o corpo sinaliza a necessidade de autopreserva\u00e7\u00e3o ajuda a evitar julgamentos precipitados sobre o comportamento alheio.<\/p>\n\n\n\n<h2 class=\"wp-block-heading\">Como o sistema nervoso identifica ambientes familiares como amea\u00e7as?<\/h2>\n\n\n\n<p>O sistema nervoso aut\u00f4nomo \u00e9 capaz de registrar experi\u00eancias negativas passadas e disparar sinais de alerta antes mesmo de um encontro ocorrer. Quando o corpo reconhece padr\u00f5es de cr\u00edticas ou tens\u00f5es disfuncionais, ele ativa o modo de luta ou fuga automaticamente. Essa rea\u00e7\u00e3o f\u00edsica explica por que muitas pessoas sentem n\u00e1useas ou cansa\u00e7o extremo apenas ao pensar no evento.<\/p>\n\n\n\n<p>A resposta som\u00e1tica ao estresse familiar \u00e9 uma forma de mem\u00f3ria corporal que visa proteger a integridade psicol\u00f3gica do indiv\u00edduo. Evitar o contato n\u00e3o \u00e9 uma atitude antissocial, mas uma <strong>estrat\u00e9gia de regula\u00e7\u00e3o emocional<\/strong> necess\u00e1ria para quem lida com traumas acumulados. Respeitar esses limites internos \u00e9 fundamental para manter a sa\u00fade mental e evitar o surgimento de doen\u00e7as psicossom\u00e1ticas graves.<\/p>\n\n\n\n<figure class=\"wp-block-image size-full\"><img decoding=\"async\" width=\"1280\" height=\"720\" src=\"https:\/\/www.correiobraziliense.com.br\/cbradar\/wp-content\/uploads\/2026\/05\/Gemini_Generated_Image_m0huyrm0huyrm0hu-1-1.png\" alt=\"A maioria das pessoas n\u00e3o percebe que quem falta a encontros de fam\u00edlia n\u00e3o est\u00e1 se tornando antissocial, est\u00e1 tentando evitar um desgaste que o corpo j\u00e1 aprendeu a reconhecer\" class=\"wp-image-234685\" srcset=\"https:\/\/www.correiobraziliense.com.br\/cbradar\/wp-content\/uploads\/2026\/05\/Gemini_Generated_Image_m0huyrm0huyrm0hu-1-1.png 1280w, https:\/\/www.correiobraziliense.com.br\/cbradar\/wp-content\/uploads\/2026\/05\/Gemini_Generated_Image_m0huyrm0huyrm0hu-1-1-300x169.png 300w, https:\/\/www.correiobraziliense.com.br\/cbradar\/wp-content\/uploads\/2026\/05\/Gemini_Generated_Image_m0huyrm0huyrm0hu-1-1-768x432.png 768w, https:\/\/www.correiobraziliense.com.br\/cbradar\/wp-content\/uploads\/2026\/05\/Gemini_Generated_Image_m0huyrm0huyrm0hu-1-1-750x422.png 750w, https:\/\/www.correiobraziliense.com.br\/cbradar\/wp-content\/uploads\/2026\/05\/Gemini_Generated_Image_m0huyrm0huyrm0hu-1-1-1140x641.png 1140w\" sizes=\"(max-width: 1280px) 100vw, 1280px\" \/><figcaption class=\"wp-element-caption\">Nem toda aus\u00eancia em fam\u00edlia \u00e9 frieza \u00e0s vezes \u00e9 prote\u00e7\u00e3o emocional do corpo<\/figcaption><\/figure>\n\n\n\n<h2 class=\"wp-block-heading\">Por que a exaust\u00e3o social \u00e9 mais intensa em c\u00edrculos \u00edntimos?<\/h2>\n\n\n\n<p>Nas rela\u00e7\u00f5es familiares, a carga emocional \u00e9 geralmente maior devido \u00e0 hist\u00f3ria compartilhada e \u00e0s expectativas de comportamento socialmente aceito. Diferente de um ambiente profissional, onde as regras s\u00e3o claras, a <strong><a href=\"https:\/\/www.correiobraziliense.com.br\/cbradar\/familias-modernas-tem-mais-acesso-do-que-nunca-a-pesquisas-sobre-tempo-de-tela-atencao-e-saude-mental-infantil-mas-vivem-mais-conflitos-dentro-de-casa-por-causa-do-celular-e-do-tablet-e-o-ponto-cen\/\" target=\"_blank\" rel=\"noreferrer noopener\">fam\u00edlia <\/a><\/strong>envolve conex\u00f5es complexas que podem drenar a energia vital rapidamente. A tentativa de atender a todos os desejos alheios consome recursos mentais que o corpo tenta desesperadamente economizar.<\/p>\n\n\n\n<p>O fen\u00f4meno do esgotamento acontece porque o indiv\u00edduo muitas vezes se sente obrigado a desempenhar pap\u00e9is que n\u00e3o refletem mais sua realidade atual. Essa desconex\u00e3o entre quem a pessoa \u00e9 e quem a fam\u00edlia espera que ela seja causa um <strong>conflito interno excruciante<\/strong>. Optar pela aus\u00eancia \u00e9 uma maneira leg\u00edtima de validar a pr\u00f3pria identidade e evitar o sofrimento psicol\u00f3gico.<\/p>\n\n\n\n<h2 class=\"wp-block-heading\">De que maneira a sociedade pode validar essa necessidade de isolamento?<\/h2>\n\n\n\n<p>A valida\u00e7\u00e3o externa desse comportamento come\u00e7a com o reconhecimento de que a sa\u00fade mental \u00e9 um direito fundamental de todos os seres humanos. Em vez de rotular algu\u00e9m como rude ou frio, amigos e parentes devem procurar entender os motivos por tr\u00e1s da dist\u00e2ncia f\u00edsica. Criar um ambiente de aceita\u00e7\u00e3o diminui a press\u00e3o social e permite uma recupera\u00e7\u00e3o emocional aut\u00eantica.<\/p>\n\n\n\n<p>Para promover um conv\u00edvio mais respeitoso e garantir que todos se sintam seguros emocionalmente, observe estas orienta\u00e7\u00f5es estrat\u00e9gicas de preserva\u00e7\u00e3o:<\/p>\n\n\n\n<ul class=\"wp-block-list\">\n<li>Respeitar o tempo de sil\u00eancio de cada familiar pr\u00f3ximo.<\/li>\n\n\n\n<li>Evitar perguntas invasivas sobre escolhas de vida pessoais.<\/li>\n\n\n\n<li>Oferecer apoio sem cobrar a presen\u00e7a f\u00edsica em eventos.<\/li>\n\n\n\n<li>Priorizar a qualidade das intera\u00e7\u00f5es em vez da frequ\u00eancia.<\/li>\n<\/ul>\n\n\n\n<h2 class=\"wp-block-heading\">Quais s\u00e3o os benef\u00edcios de respeitar os limites do pr\u00f3prio corpo?<\/h2>\n\n\n\n<p>Ao ouvir os sinais de alerta do organismo, o indiv\u00edduo evita o desenvolvimento de crises de p\u00e2nico e ansiedade generalizada. Manter a autonomia sobre onde e com quem gastar energia fortalece a autoestima e promove uma sensa\u00e7\u00e3o de controle sobre a pr\u00f3pria vida. Esse autocuidado \u00e9 para garantir que as intera\u00e7\u00f5es futuras sejam baseadas no prazer e n\u00e3o na obriga\u00e7\u00e3o.<\/p>\n\n\n\n<p>Al\u00e9m disso, a redu\u00e7\u00e3o da carga de estresse melhora a qualidade do sono e a produtividade em outras \u00e1reas fundamentais da rotina. Um corpo descansado e uma mente equilibrada conseguem lidar melhor com os desafios inevit\u00e1veis da vida moderna sem entrar em colapso. Aprender a dizer n\u00e3o \u00e9 um <strong>investimento em longevidade<\/strong> que traz benef\u00edcios imensur\u00e1veis para a sa\u00fade integral.<\/p>\n\n\n\n<figure class=\"wp-block-image size-full\"><img decoding=\"async\" width=\"1280\" height=\"720\" src=\"https:\/\/www.correiobraziliense.com.br\/cbradar\/wp-content\/uploads\/2026\/05\/Gemini_Generated_Image_lp98zjlp98zjlp98-1-1.png\" alt=\"A maioria das pessoas n\u00e3o percebe que quem falta a encontros de fam\u00edlia n\u00e3o est\u00e1 se tornando antissocial, est\u00e1 tentando evitar um desgaste que o corpo j\u00e1 aprendeu a reconhecer\" class=\"wp-image-234688\" srcset=\"https:\/\/www.correiobraziliense.com.br\/cbradar\/wp-content\/uploads\/2026\/05\/Gemini_Generated_Image_lp98zjlp98zjlp98-1-1.png 1280w, https:\/\/www.correiobraziliense.com.br\/cbradar\/wp-content\/uploads\/2026\/05\/Gemini_Generated_Image_lp98zjlp98zjlp98-1-1-300x169.png 300w, https:\/\/www.correiobraziliense.com.br\/cbradar\/wp-content\/uploads\/2026\/05\/Gemini_Generated_Image_lp98zjlp98zjlp98-1-1-768x432.png 768w, https:\/\/www.correiobraziliense.com.br\/cbradar\/wp-content\/uploads\/2026\/05\/Gemini_Generated_Image_lp98zjlp98zjlp98-1-1-750x422.png 750w, https:\/\/www.correiobraziliense.com.br\/cbradar\/wp-content\/uploads\/2026\/05\/Gemini_Generated_Image_lp98zjlp98zjlp98-1-1-1140x641.png 1140w\" sizes=\"(max-width: 1280px) 100vw, 1280px\" \/><figcaption class=\"wp-element-caption\">Nem toda aus\u00eancia em fam\u00edlia \u00e9 frieza \u00e0s vezes \u00e9 prote\u00e7\u00e3o emocional do corpo<\/figcaption><\/figure>\n\n\n\n<h2 class=\"wp-block-heading\">Como estabelecer limites saud\u00e1veis sem gerar novos conflitos familiares?<\/h2>\n\n\n\n<p>Comunicar a necessidade de espa\u00e7o com clareza e gentileza ajuda a minimizar mal-entendidos e rea\u00e7\u00f5es defensivas por parte dos parentes. Explicar que a decis\u00e3o \u00e9 baseada em uma necessidade pessoal de descanso e n\u00e3o em uma rejei\u00e7\u00e3o \u00e0 fam\u00edlia facilita a aceita\u00e7\u00e3o da escolha alheia. A transpar\u00eancia sobre o estado emocional fortalece a confian\u00e7a m\u00fatua e evita ressentimentos ocultos.<\/p>\n\n\n\n<p>A <strong>Mental Health Foundation<\/strong> sugere que cuidar das conex\u00f5es sociais requer equil\u00edbrio entre intera\u00e7\u00e3o e repouso para evitar o esgotamento nervoso severo. Entender quando se retirar \u00e9 t\u00e3o importante quanto saber quando se envolver para manter relacionamentos duradouros e verdadeiramente nutritivos. Para dicas sobre como preservar sua energia, consulte o guia oficial sobre <a href=\"https:\/\/www.mentalhealth.org.uk\/explore-mental-health\/stories\/hs-story-how-healthy-relationships-are-important-my-mental-health\" target=\"_blank\" rel=\"noreferrer noopener\">sa\u00fade mental e relacionamentos<\/a> desta organiza\u00e7\u00e3o.<\/p>\n","protected":false},"excerpt":{"rendered":"<p>Muitas pessoas interpretam a aus\u00eancia em eventos familiares como um sinal de isolamento ou falta de afeto. No entanto, essa escolha costuma ser uma resposta fisiol\u00f3gica a ambientes que geram estresse intenso e fadiga emocional profunda. Compreender que o corpo sinaliza a necessidade de autopreserva\u00e7\u00e3o ajuda a evitar julgamentos precipitados sobre o comportamento alheio. Como [&hellip;]<\/p>\n","protected":false},"author":21,"featured_media":234682,"comment_status":"open","ping_status":"open","sticky":false,"template":"","format":"standard","meta":{"_yoast_wpseo_focuskw":"evitar eventos familiares por sa\u00fade mental","_yoast_wpseo_title":"","_yoast_wpseo_metadesc":"Faltar a eventos familiares pode ser um sinal do corpo pedindo prote\u00e7\u00e3o. Nem sempre \u00e9 dist\u00e2ncia emocional, mas um limite necess\u00e1rio para evitar desgaste.","jnews-multi-image_gallery":[],"jnews_single_post":{"format":"standard"},"jnews_primary_category":[],"jnews_social_meta":[],"jnews_override_counter":[],"footnotes":""},"categories":[112],"tags":[16745,18428,206,404],"class_list":["post-234679","post","type-post","status-publish","format-standard","has-post-thumbnail","hentry","category-curiosidades","tag-antissocial","tag-degaste","tag-familia","tag-psicologia"],"yoast_head":"<!-- This site is optimized with the Yoast SEO plugin v24.6 - https:\/\/yoast.com\/wordpress\/plugins\/seo\/ -->\n<title>A maioria das pessoas n\u00e3o percebe que quem falta a encontros de fam\u00edlia n\u00e3o est\u00e1 se tornando antissocial, est\u00e1 tentando evitar um desgaste que o corpo j\u00e1 aprendeu a reconhecer - Correio Braziliense - Radar<\/title>\n<meta name=\"description\" content=\"Faltar a eventos familiares pode ser um sinal do corpo pedindo prote\u00e7\u00e3o. Nem sempre \u00e9 dist\u00e2ncia emocional, mas um limite necess\u00e1rio para evitar desgaste.\" \/>\n<meta name=\"robots\" content=\"index, follow, max-snippet:-1, max-image-preview:large, max-video-preview:-1\" \/>\n<link rel=\"canonical\" href=\"https:\/\/www.correiobraziliense.com.br\/cbradar\/a-maioria-das-pessoas-nao-percebe-que-quem-falta-a-encontros-de-familia-nao-esta-se-tornando-antissocial-esta-tentando-evitar-um-desgaste-que-o-corpo-ja-aprendeu-a-reconhecer\/\" \/>\n<meta property=\"og:locale\" content=\"pt_BR\" \/>\n<meta property=\"og:type\" content=\"article\" \/>\n<meta property=\"og:title\" content=\"A maioria das pessoas n\u00e3o percebe que quem falta a encontros de fam\u00edlia n\u00e3o est\u00e1 se tornando antissocial, est\u00e1 tentando evitar um desgaste que o corpo j\u00e1 aprendeu a reconhecer - Correio Braziliense - Radar\" \/>\n<meta property=\"og:description\" content=\"Faltar a eventos familiares pode ser um sinal do corpo pedindo prote\u00e7\u00e3o. Nem sempre \u00e9 dist\u00e2ncia emocional, mas um limite necess\u00e1rio para evitar desgaste.\" \/>\n<meta property=\"og:url\" content=\"https:\/\/www.correiobraziliense.com.br\/cbradar\/a-maioria-das-pessoas-nao-percebe-que-quem-falta-a-encontros-de-familia-nao-esta-se-tornando-antissocial-esta-tentando-evitar-um-desgaste-que-o-corpo-ja-aprendeu-a-reconhecer\/\" \/>\n<meta property=\"og:site_name\" content=\"Correio Braziliense - Radar\" \/>\n<meta property=\"article:published_time\" content=\"2026-05-01T16:45:00+00:00\" \/>\n<meta property=\"og:image\" content=\"https:\/\/www.correiobraziliense.com.br\/cbradar\/wp-content\/uploads\/2026\/05\/Gemini_Generated_Image_a476xca476xca476-1-1.png\" \/>\n\t<meta property=\"og:image:width\" content=\"1280\" \/>\n\t<meta property=\"og:image:height\" content=\"720\" \/>\n\t<meta property=\"og:image:type\" content=\"image\/png\" \/>\n<meta name=\"author\" content=\"Patrick Silva\" \/>\n<meta name=\"twitter:card\" content=\"summary_large_image\" \/>\n<meta name=\"twitter:label1\" content=\"Escrito por\" \/>\n\t<meta name=\"twitter:data1\" content=\"Patrick Silva\" \/>\n\t<meta name=\"twitter:label2\" content=\"Est. tempo de leitura\" \/>\n\t<meta name=\"twitter:data2\" content=\"5 minutos\" \/>\n<!-- \/ Yoast SEO plugin. -->","yoast_head_json":{"title":"A maioria das pessoas n\u00e3o percebe que quem falta a encontros de fam\u00edlia n\u00e3o est\u00e1 se tornando antissocial, est\u00e1 tentando evitar um desgaste que o corpo j\u00e1 aprendeu a reconhecer - Correio Braziliense - Radar","description":"Faltar a eventos familiares pode ser um sinal do corpo pedindo prote\u00e7\u00e3o. Nem sempre \u00e9 dist\u00e2ncia emocional, mas um limite necess\u00e1rio para evitar desgaste.","robots":{"index":"index","follow":"follow","max-snippet":"max-snippet:-1","max-image-preview":"max-image-preview:large","max-video-preview":"max-video-preview:-1"},"canonical":"https:\/\/www.correiobraziliense.com.br\/cbradar\/a-maioria-das-pessoas-nao-percebe-que-quem-falta-a-encontros-de-familia-nao-esta-se-tornando-antissocial-esta-tentando-evitar-um-desgaste-que-o-corpo-ja-aprendeu-a-reconhecer\/","og_locale":"pt_BR","og_type":"article","og_title":"A maioria das pessoas n\u00e3o percebe que quem falta a encontros de fam\u00edlia n\u00e3o est\u00e1 se tornando antissocial, est\u00e1 tentando evitar um desgaste que o corpo j\u00e1 aprendeu a reconhecer - Correio Braziliense - Radar","og_description":"Faltar a eventos familiares pode ser um sinal do corpo pedindo prote\u00e7\u00e3o. Nem sempre \u00e9 dist\u00e2ncia emocional, mas um limite necess\u00e1rio para evitar desgaste.","og_url":"https:\/\/www.correiobraziliense.com.br\/cbradar\/a-maioria-das-pessoas-nao-percebe-que-quem-falta-a-encontros-de-familia-nao-esta-se-tornando-antissocial-esta-tentando-evitar-um-desgaste-que-o-corpo-ja-aprendeu-a-reconhecer\/","og_site_name":"Correio Braziliense - Radar","article_published_time":"2026-05-01T16:45:00+00:00","og_image":[{"width":1280,"height":720,"url":"https:\/\/www.correiobraziliense.com.br\/cbradar\/wp-content\/uploads\/2026\/05\/Gemini_Generated_Image_a476xca476xca476-1-1.png","type":"image\/png"}],"author":"Patrick Silva","twitter_card":"summary_large_image","twitter_misc":{"Escrito por":"Patrick Silva","Est. tempo de leitura":"5 minutos"},"schema":{"@context":"https:\/\/schema.org","@graph":[{"@type":"WebPage","@id":"https:\/\/www.correiobraziliense.com.br\/cbradar\/a-maioria-das-pessoas-nao-percebe-que-quem-falta-a-encontros-de-familia-nao-esta-se-tornando-antissocial-esta-tentando-evitar-um-desgaste-que-o-corpo-ja-aprendeu-a-reconhecer\/","url":"https:\/\/www.correiobraziliense.com.br\/cbradar\/a-maioria-das-pessoas-nao-percebe-que-quem-falta-a-encontros-de-familia-nao-esta-se-tornando-antissocial-esta-tentando-evitar-um-desgaste-que-o-corpo-ja-aprendeu-a-reconhecer\/","name":"A maioria das pessoas n\u00e3o percebe que quem falta a encontros de fam\u00edlia n\u00e3o est\u00e1 se tornando antissocial, est\u00e1 tentando evitar um desgaste que o corpo j\u00e1 aprendeu a reconhecer - Correio Braziliense - Radar","isPartOf":{"@id":"https:\/\/www.correiobraziliense.com.br\/cbradar\/#website"},"primaryImageOfPage":{"@id":"https:\/\/www.correiobraziliense.com.br\/cbradar\/a-maioria-das-pessoas-nao-percebe-que-quem-falta-a-encontros-de-familia-nao-esta-se-tornando-antissocial-esta-tentando-evitar-um-desgaste-que-o-corpo-ja-aprendeu-a-reconhecer\/#primaryimage"},"image":{"@id":"https:\/\/www.correiobraziliense.com.br\/cbradar\/a-maioria-das-pessoas-nao-percebe-que-quem-falta-a-encontros-de-familia-nao-esta-se-tornando-antissocial-esta-tentando-evitar-um-desgaste-que-o-corpo-ja-aprendeu-a-reconhecer\/#primaryimage"},"thumbnailUrl":"https:\/\/www.correiobraziliense.com.br\/cbradar\/wp-content\/uploads\/2026\/05\/Gemini_Generated_Image_a476xca476xca476-1-1.png","datePublished":"2026-05-01T16:45:00+00:00","author":{"@id":"https:\/\/www.correiobraziliense.com.br\/cbradar\/#\/schema\/person\/5440b72be9c7eb74f446c846479dc4da"},"description":"Faltar a eventos familiares pode ser um sinal do corpo pedindo prote\u00e7\u00e3o. Nem sempre \u00e9 dist\u00e2ncia emocional, mas um limite necess\u00e1rio para evitar desgaste.","breadcrumb":{"@id":"https:\/\/www.correiobraziliense.com.br\/cbradar\/a-maioria-das-pessoas-nao-percebe-que-quem-falta-a-encontros-de-familia-nao-esta-se-tornando-antissocial-esta-tentando-evitar-um-desgaste-que-o-corpo-ja-aprendeu-a-reconhecer\/#breadcrumb"},"inLanguage":"pt-BR","potentialAction":[{"@type":"ReadAction","target":["https:\/\/www.correiobraziliense.com.br\/cbradar\/a-maioria-das-pessoas-nao-percebe-que-quem-falta-a-encontros-de-familia-nao-esta-se-tornando-antissocial-esta-tentando-evitar-um-desgaste-que-o-corpo-ja-aprendeu-a-reconhecer\/"]}]},{"@type":"ImageObject","inLanguage":"pt-BR","@id":"https:\/\/www.correiobraziliense.com.br\/cbradar\/a-maioria-das-pessoas-nao-percebe-que-quem-falta-a-encontros-de-familia-nao-esta-se-tornando-antissocial-esta-tentando-evitar-um-desgaste-que-o-corpo-ja-aprendeu-a-reconhecer\/#primaryimage","url":"https:\/\/www.correiobraziliense.com.br\/cbradar\/wp-content\/uploads\/2026\/05\/Gemini_Generated_Image_a476xca476xca476-1-1.png","contentUrl":"https:\/\/www.correiobraziliense.com.br\/cbradar\/wp-content\/uploads\/2026\/05\/Gemini_Generated_Image_a476xca476xca476-1-1.png","width":1280,"height":720,"caption":"Nem toda aus\u00eancia em fam\u00edlia \u00e9 frieza \u00e0s vezes \u00e9 prote\u00e7\u00e3o emocional do corpo"},{"@type":"BreadcrumbList","@id":"https:\/\/www.correiobraziliense.com.br\/cbradar\/a-maioria-das-pessoas-nao-percebe-que-quem-falta-a-encontros-de-familia-nao-esta-se-tornando-antissocial-esta-tentando-evitar-um-desgaste-que-o-corpo-ja-aprendeu-a-reconhecer\/#breadcrumb","itemListElement":[{"@type":"ListItem","position":1,"name":"In\u00edcio","item":"https:\/\/www.correiobraziliense.com.br\/cbradar\/"},{"@type":"ListItem","position":2,"name":"A maioria das pessoas n\u00e3o percebe que quem falta a encontros de fam\u00edlia n\u00e3o est\u00e1 se tornando antissocial, est\u00e1 tentando evitar um desgaste que o corpo j\u00e1 aprendeu a reconhecer"}]},{"@type":"WebSite","@id":"https:\/\/www.correiobraziliense.com.br\/cbradar\/#website","url":"https:\/\/www.correiobraziliense.com.br\/cbradar\/","name":"Correio Braziliense - Radar","description":"Acompanhe as \u00faltimas not\u00edcias e fique bem informado sobre tudo o que acontece no Brasil e no mundo.","potentialAction":[{"@type":"SearchAction","target":{"@type":"EntryPoint","urlTemplate":"https:\/\/www.correiobraziliense.com.br\/cbradar\/?s={search_term_string}"},"query-input":{"@type":"PropertyValueSpecification","valueRequired":true,"valueName":"search_term_string"}}],"inLanguage":"pt-BR"},{"@type":"Person","@id":"https:\/\/www.correiobraziliense.com.br\/cbradar\/#\/schema\/person\/5440b72be9c7eb74f446c846479dc4da","name":"Patrick Silva","image":{"@type":"ImageObject","inLanguage":"pt-BR","@id":"https:\/\/www.correiobraziliense.com.br\/cbradar\/#\/schema\/person\/image\/","url":"https:\/\/secure.gravatar.com\/avatar\/944109df296fc087785c9715fd5f80b2?s=96&d=mm&r=g","contentUrl":"https:\/\/secure.gravatar.com\/avatar\/944109df296fc087785c9715fd5f80b2?s=96&d=mm&r=g","caption":"Patrick Silva"},"sameAs":["https:\/\/www.correiobraziliense.com.br\/cbradar\/"],"url":"https:\/\/www.correiobraziliense.com.br\/cbradar\/author\/patrick-silva\/"}]}},"_links":{"self":[{"href":"https:\/\/www.correiobraziliense.com.br\/cbradar\/wp-json\/wp\/v2\/posts\/234679","targetHints":{"allow":["GET"]}}],"collection":[{"href":"https:\/\/www.correiobraziliense.com.br\/cbradar\/wp-json\/wp\/v2\/posts"}],"about":[{"href":"https:\/\/www.correiobraziliense.com.br\/cbradar\/wp-json\/wp\/v2\/types\/post"}],"author":[{"embeddable":true,"href":"https:\/\/www.correiobraziliense.com.br\/cbradar\/wp-json\/wp\/v2\/users\/21"}],"replies":[{"embeddable":true,"href":"https:\/\/www.correiobraziliense.com.br\/cbradar\/wp-json\/wp\/v2\/comments?post=234679"}],"version-history":[{"count":6,"href":"https:\/\/www.correiobraziliense.com.br\/cbradar\/wp-json\/wp\/v2\/posts\/234679\/revisions"}],"predecessor-version":[{"id":234690,"href":"https:\/\/www.correiobraziliense.com.br\/cbradar\/wp-json\/wp\/v2\/posts\/234679\/revisions\/234690"}],"wp:featuredmedia":[{"embeddable":true,"href":"https:\/\/www.correiobraziliense.com.br\/cbradar\/wp-json\/wp\/v2\/media\/234682"}],"wp:attachment":[{"href":"https:\/\/www.correiobraziliense.com.br\/cbradar\/wp-json\/wp\/v2\/media?parent=234679"}],"wp:term":[{"taxonomy":"category","embeddable":true,"href":"https:\/\/www.correiobraziliense.com.br\/cbradar\/wp-json\/wp\/v2\/categories?post=234679"},{"taxonomy":"post_tag","embeddable":true,"href":"https:\/\/www.correiobraziliense.com.br\/cbradar\/wp-json\/wp\/v2\/tags?post=234679"}],"curies":[{"name":"wp","href":"https:\/\/api.w.org\/{rel}","templated":true}]}}