{"id":234691,"date":"2026-05-01T18:45:00","date_gmt":"2026-05-01T21:45:00","guid":{"rendered":"https:\/\/www.correiobraziliense.com.br\/cbradar\/?p=234691"},"modified":"2026-04-30T11:11:05","modified_gmt":"2026-04-30T14:11:05","slug":"a-maioria-das-pessoas-nao-percebe-que-quem-escolhe-nao-contar-tudo-para-a-familia-nao-esta-sendo-distante-esta-protegendo-partes-da-vida-que-sempre-foram-julgadas","status":"publish","type":"post","link":"https:\/\/www.correiobraziliense.com.br\/cbradar\/a-maioria-das-pessoas-nao-percebe-que-quem-escolhe-nao-contar-tudo-para-a-familia-nao-esta-sendo-distante-esta-protegendo-partes-da-vida-que-sempre-foram-julgadas\/","title":{"rendered":"A maioria das pessoas n\u00e3o percebe que quem escolhe n\u00e3o contar tudo para a fam\u00edlia n\u00e3o est\u00e1 sendo distante, est\u00e1 protegendo partes da vida que sempre foram julgadas"},"content":{"rendered":"\n<p>Muitas pessoas confundem a necessidade de privacidade com um distanciamento afetivo dentro do n\u00facleo familiar mais pr\u00f3ximo. No entanto, o sil\u00eancio estrat\u00e9gico costuma ser uma forma de prote\u00e7\u00e3o contra cr\u00edticas recorrentes que desgastam a sa\u00fade emocional. Entender os motivos por tr\u00e1s desse comportamento ajuda a construir rela\u00e7\u00f5es mais respeitosas e verdadeiramente saud\u00e1veis.<\/p>\n\n\n\n<h2 class=\"wp-block-heading\">Como o julgamento recorrente molda o comportamento de sil\u00eancio?<\/h2>\n\n\n\n<p>O c\u00e9rebro humano aprende rapidamente a identificar padr\u00f5es de resposta negativa vindo de pessoas emocionalmente importantes. Quando um indiv\u00edduo percebe que suas escolhas pessoais s\u00e3o constantemente invalidadas, ele desenvolve um mecanismo de defesa natural e necess\u00e1rio. O sil\u00eancio deixa de ser uma falha de comunica\u00e7\u00e3o e passa a ser um escudo contra o estresse.<\/p>\n\n\n\n<p>Manter certas experi\u00eancias em segredo permite que a pessoa cultive sua individualidade sem a interfer\u00eancia de opini\u00f5es alheias t\u00f3xicas. Essa reserva mental \u00e9 vital para o desenvolvimento da autoestima, pois evita que a vis\u00e3o cr\u00edtica dos outros sabote projetos pessoais. Proteger a pr\u00f3pria trajet\u00f3ria de julgamentos precoces \u00e9 um ato de coragem e de imenso autocuidado.<\/p>\n\n\n\n<figure class=\"wp-block-image size-full\"><img decoding=\"async\" width=\"1280\" height=\"720\" src=\"https:\/\/www.correiobraziliense.com.br\/cbradar\/wp-content\/uploads\/2026\/04\/Gemini_Generated_Image_5j7x85j7x85j7x85-1-1.png\" alt=\"\" class=\"wp-image-234692\" srcset=\"https:\/\/www.correiobraziliense.com.br\/cbradar\/wp-content\/uploads\/2026\/04\/Gemini_Generated_Image_5j7x85j7x85j7x85-1-1.png 1280w, https:\/\/www.correiobraziliense.com.br\/cbradar\/wp-content\/uploads\/2026\/04\/Gemini_Generated_Image_5j7x85j7x85j7x85-1-1-300x169.png 300w, https:\/\/www.correiobraziliense.com.br\/cbradar\/wp-content\/uploads\/2026\/04\/Gemini_Generated_Image_5j7x85j7x85j7x85-1-1-768x432.png 768w, https:\/\/www.correiobraziliense.com.br\/cbradar\/wp-content\/uploads\/2026\/04\/Gemini_Generated_Image_5j7x85j7x85j7x85-1-1-750x422.png 750w, https:\/\/www.correiobraziliense.com.br\/cbradar\/wp-content\/uploads\/2026\/04\/Gemini_Generated_Image_5j7x85j7x85j7x85-1-1-1140x641.png 1140w\" sizes=\"(max-width: 1280px) 100vw, 1280px\" \/><figcaption class=\"wp-element-caption\">Nem todo sil\u00eancio em fam\u00edlia \u00e9 dist\u00e2ncia \u00e0s vezes \u00e9 prote\u00e7\u00e3o contra julgamentos<\/figcaption><\/figure>\n\n\n\n<h2 class=\"wp-block-heading\">Por que a privacidade \u00e9 confundida com falta de afeto familiar?<\/h2>\n\n\n\n<p>A cultura tradicional muitas vezes imp\u00f5e a ideia de que o amor exige transpar\u00eancia absoluta em todas as \u00e1reas da vida. Essa expectativa irrealista gera uma press\u00e3o sufocante que pode levar ao afastamento definitivo de membros queridos da <strong><a href=\"https:\/\/www.correiobraziliense.com.br\/cbradar\/familias-modernas-tem-mais-acesso-do-que-nunca-a-pesquisas-sobre-tempo-de-tela-atencao-e-saude-mental-infantil-mas-vivem-mais-conflitos-dentro-de-casa-por-causa-do-celular-e-do-tablet-e-o-ponto-cen\/\" target=\"_blank\" rel=\"noreferrer noopener\">fam\u00edlia<\/a><\/strong>. \u00c9 fundamental compreender que amar n\u00e3o significa abrir m\u00e3o da intimidade ou permitir que todos opinem em decis\u00f5es \u00edntimas.<\/p>\n\n\n\n<p>Quando os limites entre o coletivo e o individual s\u00e3o desrespeitados, a confian\u00e7a m\u00fatua come\u00e7a a sofrer danos que s\u00e3o dif\u00edceis de reparar. O sigilo sobre determinados assuntos \u00e9 apenas uma forma de manter a paz durante os encontros presenciais necess\u00e1rios. Valorizar o espa\u00e7o pessoal de cada um fortalece os v\u00ednculos, pois remove a ansiedade do julgamento.<\/p>\n\n\n\n<h2 class=\"wp-block-heading\">Quais sinais indicam que a comunica\u00e7\u00e3o precisa de mais respeito?<\/h2>\n\n\n\n<p>Identificar o momento em que a conversa deixa de ser um acolhimento e se torna uma sess\u00e3o de cr\u00edticas \u00e9 essencial para a sa\u00fade. Se o di\u00e1logo familiar causa palpita\u00e7\u00f5es, suor frio ou um desejo imediato de fuga, o ambiente tornou-se hostil. Nesses casos, o sil\u00eancio protetor surge como a \u00fanica via segura para evitar conflitos psicol\u00f3gicos devastadores.<\/p>\n\n\n\n<p>Para fortalecer a conex\u00e3o e garantir que todos se sintam seguros ao expressar suas necessidades mais profundas, adote estas pr\u00e1ticas fundamentais:<\/p>\n\n\n\n<ul class=\"wp-block-list\">\n<li>Praticar a escuta ativa sem oferecer conselhos n\u00e3o solicitados imediatamente.<\/li>\n\n\n\n<li>Respeitar o tempo de cada pessoa para compartilhar suas viv\u00eancias pessoais.<\/li>\n\n\n\n<li>Evitar coment\u00e1rios sarc\u00e1sticos sobre escolhas profissionais ou estilos de vida.<\/li>\n\n\n\n<li>Validar as emo\u00e7\u00f5es alheias mesmo sem concordar com as decis\u00f5es tomadas.<\/li>\n<\/ul>\n\n\n\n<h2 class=\"wp-block-heading\">Qual o impacto da valida\u00e7\u00e3o emocional no bem-estar dos adultos?<\/h2>\n\n\n\n<p>Sentir-se compreendido pelos pais e irm\u00e3os \u00e9 um dos maiores pilares de sustenta\u00e7\u00e3o emocional para qualquer ser humano saud\u00e1vel. Quando a valida\u00e7\u00e3o ocorre de forma genu\u00edna, a necessidade de esconder partes da vida desaparece naturalmente ao longo do tempo. O ambiente familiar deve ser um porto seguro, onde a vulnerabilidade \u00e9 acolhida com amor e compreens\u00e3o.<\/p>\n\n\n\n<p>A falta de apoio psicol\u00f3gico dentro de casa pode levar ao desenvolvimento de transtornos de ansiedade e depress\u00e3o cr\u00f4nica severa. Filhos que crescem sob vigil\u00e2ncia cr\u00edtica tendem a se tornar adultos que ocultam seus sucessos por medo de repres\u00e1lias emocionais. Priorizar a empatia \u00e9 o caminho mais curto para reconstruir pontes de di\u00e1logo que foram rompidas.<\/p>\n\n\n\n<figure class=\"wp-block-image size-full\"><img decoding=\"async\" width=\"1280\" height=\"720\" src=\"https:\/\/www.correiobraziliense.com.br\/cbradar\/wp-content\/uploads\/2026\/05\/Gemini_Generated_Image_43h68o43h68o43h6-1-1.png\" alt=\"A maioria das pessoas n\u00e3o percebe que quem escolhe n\u00e3o contar tudo para a fam\u00edlia n\u00e3o est\u00e1 sendo distante, est\u00e1 protegendo partes da vida que sempre foram julgadas\" class=\"wp-image-234695\" srcset=\"https:\/\/www.correiobraziliense.com.br\/cbradar\/wp-content\/uploads\/2026\/05\/Gemini_Generated_Image_43h68o43h68o43h6-1-1.png 1280w, https:\/\/www.correiobraziliense.com.br\/cbradar\/wp-content\/uploads\/2026\/05\/Gemini_Generated_Image_43h68o43h68o43h6-1-1-300x169.png 300w, https:\/\/www.correiobraziliense.com.br\/cbradar\/wp-content\/uploads\/2026\/05\/Gemini_Generated_Image_43h68o43h68o43h6-1-1-768x432.png 768w, https:\/\/www.correiobraziliense.com.br\/cbradar\/wp-content\/uploads\/2026\/05\/Gemini_Generated_Image_43h68o43h68o43h6-1-1-750x422.png 750w, https:\/\/www.correiobraziliense.com.br\/cbradar\/wp-content\/uploads\/2026\/05\/Gemini_Generated_Image_43h68o43h68o43h6-1-1-1140x641.png 1140w\" sizes=\"(max-width: 1280px) 100vw, 1280px\" \/><figcaption class=\"wp-element-caption\">Nem todo sil\u00eancio em fam\u00edlia \u00e9 dist\u00e2ncia \u00e0s vezes \u00e9 prote\u00e7\u00e3o contra julgamentos<\/figcaption><\/figure>\n\n\n\n<h2 class=\"wp-block-heading\">De que forma a psicologia explica o medo da desaprova\u00e7\u00e3o?<\/h2>\n\n\n\n<p>O medo de n\u00e3o atender \u00e0s expectativas familiares est\u00e1 profundamente enraizado em nossos instintos mais b\u00e1sicos de sobreviv\u00eancia social. A desaprova\u00e7\u00e3o de figuras de autoridade pode ser processada pelo c\u00e9rebro como uma amea\u00e7a real \u00e0 integridade do indiv\u00edduo moderno. Por isso, ocultar informa\u00e7\u00f5es sens\u00edveis \u00e9 uma tentativa desesperada de manter o pertencimento ao grupo sem sofrer rejei\u00e7\u00e3o.<\/p>\n\n\n\n<p>Segundo a <strong>American Psychological Association<\/strong>, o suporte familiar positivo \u00e9 um fator de prote\u00e7\u00e3o crucial contra o estresse psicol\u00f3gico em diversas fases da vida. Entender os mecanismos do medo ajuda a transformar a din\u00e2mica de conviv\u00eancia em algo mais leve e sustent\u00e1vel. Acesse as recomenda\u00e7\u00f5es sobre <a href=\"https:\/\/psycnet.apa.org\/record\/2004-19024-000\" target=\"_blank\" rel=\"noreferrer noopener\">como melhorar a comunica\u00e7\u00e3o familiar<\/a> no portal oficial desta respeitada organiza\u00e7\u00e3o mundial.<\/p>\n","protected":false},"excerpt":{"rendered":"<p>Muitas pessoas confundem a necessidade de privacidade com um distanciamento afetivo dentro do n\u00facleo familiar mais pr\u00f3ximo. No entanto, o sil\u00eancio estrat\u00e9gico costuma ser uma forma de prote\u00e7\u00e3o contra cr\u00edticas recorrentes que desgastam a sa\u00fade emocional. Entender os motivos por tr\u00e1s desse comportamento ajuda a construir rela\u00e7\u00f5es mais respeitosas e verdadeiramente saud\u00e1veis. Como o julgamento [&hellip;]<\/p>\n","protected":false},"author":21,"featured_media":234694,"comment_status":"open","ping_status":"open","sticky":false,"template":"","format":"standard","meta":{"_yoast_wpseo_focuskw":"sil\u00eancio como defesa contra cr\u00edticas familiares","_yoast_wpseo_title":"","_yoast_wpseo_metadesc":"Nem todo sil\u00eancio indica afastamento familiar. Em muitos casos, ele nasce como defesa contra julgamentos que afetam autoestima e decis\u00f5es.","jnews-multi-image_gallery":[],"jnews_single_post":{"format":"standard"},"jnews_primary_category":[],"jnews_social_meta":[],"jnews_override_counter":[],"footnotes":""},"categories":[112],"tags":[3916,15940,5120,404],"class_list":["post-234691","post","type-post","status-publish","format-standard","has-post-thumbnail","hentry","category-curiosidades","tag-familias","tag-julgamento","tag-pessoas","tag-psicologia"],"yoast_head":"<!-- This site is optimized with the Yoast SEO plugin v24.6 - https:\/\/yoast.com\/wordpress\/plugins\/seo\/ -->\n<title>A maioria das pessoas n\u00e3o percebe que quem escolhe n\u00e3o contar tudo para a fam\u00edlia n\u00e3o est\u00e1 sendo distante, est\u00e1 protegendo partes da vida que sempre foram julgadas - Correio Braziliense - Radar<\/title>\n<meta name=\"description\" content=\"Nem todo sil\u00eancio indica afastamento familiar. Em muitos casos, ele nasce como defesa contra julgamentos que afetam autoestima e decis\u00f5es.\" \/>\n<meta name=\"robots\" content=\"index, follow, max-snippet:-1, max-image-preview:large, max-video-preview:-1\" \/>\n<link rel=\"canonical\" href=\"https:\/\/www.correiobraziliense.com.br\/cbradar\/a-maioria-das-pessoas-nao-percebe-que-quem-escolhe-nao-contar-tudo-para-a-familia-nao-esta-sendo-distante-esta-protegendo-partes-da-vida-que-sempre-foram-julgadas\/\" \/>\n<meta property=\"og:locale\" content=\"pt_BR\" \/>\n<meta property=\"og:type\" content=\"article\" \/>\n<meta property=\"og:title\" content=\"A maioria das pessoas n\u00e3o percebe que quem escolhe n\u00e3o contar tudo para a fam\u00edlia n\u00e3o est\u00e1 sendo distante, est\u00e1 protegendo partes da vida que sempre foram julgadas - Correio Braziliense - Radar\" \/>\n<meta property=\"og:description\" content=\"Nem todo sil\u00eancio indica afastamento familiar. Em muitos casos, ele nasce como defesa contra julgamentos que afetam autoestima e decis\u00f5es.\" \/>\n<meta property=\"og:url\" content=\"https:\/\/www.correiobraziliense.com.br\/cbradar\/a-maioria-das-pessoas-nao-percebe-que-quem-escolhe-nao-contar-tudo-para-a-familia-nao-esta-sendo-distante-esta-protegendo-partes-da-vida-que-sempre-foram-julgadas\/\" \/>\n<meta property=\"og:site_name\" content=\"Correio Braziliense - Radar\" \/>\n<meta property=\"article:published_time\" content=\"2026-05-01T21:45:00+00:00\" \/>\n<meta property=\"og:image\" content=\"https:\/\/www.correiobraziliense.com.br\/cbradar\/wp-content\/uploads\/2026\/05\/Gemini_Generated_Image_jubopjubopjubopj-1-1.png\" \/>\n\t<meta property=\"og:image:width\" content=\"1280\" \/>\n\t<meta property=\"og:image:height\" content=\"720\" \/>\n\t<meta property=\"og:image:type\" content=\"image\/png\" \/>\n<meta name=\"author\" content=\"Patrick Silva\" \/>\n<meta name=\"twitter:card\" content=\"summary_large_image\" \/>\n<meta name=\"twitter:label1\" content=\"Escrito por\" \/>\n\t<meta name=\"twitter:data1\" content=\"Patrick Silva\" \/>\n\t<meta name=\"twitter:label2\" content=\"Est. tempo de leitura\" \/>\n\t<meta name=\"twitter:data2\" content=\"5 minutos\" \/>\n<!-- \/ Yoast SEO plugin. -->","yoast_head_json":{"title":"A maioria das pessoas n\u00e3o percebe que quem escolhe n\u00e3o contar tudo para a fam\u00edlia n\u00e3o est\u00e1 sendo distante, est\u00e1 protegendo partes da vida que sempre foram julgadas - Correio Braziliense - Radar","description":"Nem todo sil\u00eancio indica afastamento familiar. Em muitos casos, ele nasce como defesa contra julgamentos que afetam autoestima e decis\u00f5es.","robots":{"index":"index","follow":"follow","max-snippet":"max-snippet:-1","max-image-preview":"max-image-preview:large","max-video-preview":"max-video-preview:-1"},"canonical":"https:\/\/www.correiobraziliense.com.br\/cbradar\/a-maioria-das-pessoas-nao-percebe-que-quem-escolhe-nao-contar-tudo-para-a-familia-nao-esta-sendo-distante-esta-protegendo-partes-da-vida-que-sempre-foram-julgadas\/","og_locale":"pt_BR","og_type":"article","og_title":"A maioria das pessoas n\u00e3o percebe que quem escolhe n\u00e3o contar tudo para a fam\u00edlia n\u00e3o est\u00e1 sendo distante, est\u00e1 protegendo partes da vida que sempre foram julgadas - Correio Braziliense - Radar","og_description":"Nem todo sil\u00eancio indica afastamento familiar. Em muitos casos, ele nasce como defesa contra julgamentos que afetam autoestima e decis\u00f5es.","og_url":"https:\/\/www.correiobraziliense.com.br\/cbradar\/a-maioria-das-pessoas-nao-percebe-que-quem-escolhe-nao-contar-tudo-para-a-familia-nao-esta-sendo-distante-esta-protegendo-partes-da-vida-que-sempre-foram-julgadas\/","og_site_name":"Correio Braziliense - Radar","article_published_time":"2026-05-01T21:45:00+00:00","og_image":[{"width":1280,"height":720,"url":"https:\/\/www.correiobraziliense.com.br\/cbradar\/wp-content\/uploads\/2026\/05\/Gemini_Generated_Image_jubopjubopjubopj-1-1.png","type":"image\/png"}],"author":"Patrick Silva","twitter_card":"summary_large_image","twitter_misc":{"Escrito por":"Patrick Silva","Est. tempo de leitura":"5 minutos"},"schema":{"@context":"https:\/\/schema.org","@graph":[{"@type":"WebPage","@id":"https:\/\/www.correiobraziliense.com.br\/cbradar\/a-maioria-das-pessoas-nao-percebe-que-quem-escolhe-nao-contar-tudo-para-a-familia-nao-esta-sendo-distante-esta-protegendo-partes-da-vida-que-sempre-foram-julgadas\/","url":"https:\/\/www.correiobraziliense.com.br\/cbradar\/a-maioria-das-pessoas-nao-percebe-que-quem-escolhe-nao-contar-tudo-para-a-familia-nao-esta-sendo-distante-esta-protegendo-partes-da-vida-que-sempre-foram-julgadas\/","name":"A maioria das pessoas n\u00e3o percebe que quem escolhe n\u00e3o contar tudo para a fam\u00edlia n\u00e3o est\u00e1 sendo distante, est\u00e1 protegendo partes da vida que sempre foram julgadas - Correio Braziliense - Radar","isPartOf":{"@id":"https:\/\/www.correiobraziliense.com.br\/cbradar\/#website"},"primaryImageOfPage":{"@id":"https:\/\/www.correiobraziliense.com.br\/cbradar\/a-maioria-das-pessoas-nao-percebe-que-quem-escolhe-nao-contar-tudo-para-a-familia-nao-esta-sendo-distante-esta-protegendo-partes-da-vida-que-sempre-foram-julgadas\/#primaryimage"},"image":{"@id":"https:\/\/www.correiobraziliense.com.br\/cbradar\/a-maioria-das-pessoas-nao-percebe-que-quem-escolhe-nao-contar-tudo-para-a-familia-nao-esta-sendo-distante-esta-protegendo-partes-da-vida-que-sempre-foram-julgadas\/#primaryimage"},"thumbnailUrl":"https:\/\/www.correiobraziliense.com.br\/cbradar\/wp-content\/uploads\/2026\/05\/Gemini_Generated_Image_jubopjubopjubopj-1-1.png","datePublished":"2026-05-01T21:45:00+00:00","author":{"@id":"https:\/\/www.correiobraziliense.com.br\/cbradar\/#\/schema\/person\/5440b72be9c7eb74f446c846479dc4da"},"description":"Nem todo sil\u00eancio indica afastamento familiar. Em muitos casos, ele nasce como defesa contra julgamentos que afetam autoestima e decis\u00f5es.","breadcrumb":{"@id":"https:\/\/www.correiobraziliense.com.br\/cbradar\/a-maioria-das-pessoas-nao-percebe-que-quem-escolhe-nao-contar-tudo-para-a-familia-nao-esta-sendo-distante-esta-protegendo-partes-da-vida-que-sempre-foram-julgadas\/#breadcrumb"},"inLanguage":"pt-BR","potentialAction":[{"@type":"ReadAction","target":["https:\/\/www.correiobraziliense.com.br\/cbradar\/a-maioria-das-pessoas-nao-percebe-que-quem-escolhe-nao-contar-tudo-para-a-familia-nao-esta-sendo-distante-esta-protegendo-partes-da-vida-que-sempre-foram-julgadas\/"]}]},{"@type":"ImageObject","inLanguage":"pt-BR","@id":"https:\/\/www.correiobraziliense.com.br\/cbradar\/a-maioria-das-pessoas-nao-percebe-que-quem-escolhe-nao-contar-tudo-para-a-familia-nao-esta-sendo-distante-esta-protegendo-partes-da-vida-que-sempre-foram-julgadas\/#primaryimage","url":"https:\/\/www.correiobraziliense.com.br\/cbradar\/wp-content\/uploads\/2026\/05\/Gemini_Generated_Image_jubopjubopjubopj-1-1.png","contentUrl":"https:\/\/www.correiobraziliense.com.br\/cbradar\/wp-content\/uploads\/2026\/05\/Gemini_Generated_Image_jubopjubopjubopj-1-1.png","width":1280,"height":720,"caption":"Nem todo sil\u00eancio em fam\u00edlia \u00e9 dist\u00e2ncia \u00e0s vezes \u00e9 prote\u00e7\u00e3o contra julgamentos"},{"@type":"BreadcrumbList","@id":"https:\/\/www.correiobraziliense.com.br\/cbradar\/a-maioria-das-pessoas-nao-percebe-que-quem-escolhe-nao-contar-tudo-para-a-familia-nao-esta-sendo-distante-esta-protegendo-partes-da-vida-que-sempre-foram-julgadas\/#breadcrumb","itemListElement":[{"@type":"ListItem","position":1,"name":"In\u00edcio","item":"https:\/\/www.correiobraziliense.com.br\/cbradar\/"},{"@type":"ListItem","position":2,"name":"A maioria das pessoas n\u00e3o percebe que quem escolhe n\u00e3o contar tudo para a fam\u00edlia n\u00e3o est\u00e1 sendo distante, est\u00e1 protegendo partes da vida que sempre foram julgadas"}]},{"@type":"WebSite","@id":"https:\/\/www.correiobraziliense.com.br\/cbradar\/#website","url":"https:\/\/www.correiobraziliense.com.br\/cbradar\/","name":"Correio Braziliense - Radar","description":"Acompanhe as \u00faltimas not\u00edcias e fique bem informado sobre tudo o que acontece no Brasil e no mundo.","potentialAction":[{"@type":"SearchAction","target":{"@type":"EntryPoint","urlTemplate":"https:\/\/www.correiobraziliense.com.br\/cbradar\/?s={search_term_string}"},"query-input":{"@type":"PropertyValueSpecification","valueRequired":true,"valueName":"search_term_string"}}],"inLanguage":"pt-BR"},{"@type":"Person","@id":"https:\/\/www.correiobraziliense.com.br\/cbradar\/#\/schema\/person\/5440b72be9c7eb74f446c846479dc4da","name":"Patrick Silva","image":{"@type":"ImageObject","inLanguage":"pt-BR","@id":"https:\/\/www.correiobraziliense.com.br\/cbradar\/#\/schema\/person\/image\/","url":"https:\/\/secure.gravatar.com\/avatar\/944109df296fc087785c9715fd5f80b2?s=96&d=mm&r=g","contentUrl":"https:\/\/secure.gravatar.com\/avatar\/944109df296fc087785c9715fd5f80b2?s=96&d=mm&r=g","caption":"Patrick Silva"},"sameAs":["https:\/\/www.correiobraziliense.com.br\/cbradar\/"],"url":"https:\/\/www.correiobraziliense.com.br\/cbradar\/author\/patrick-silva\/"}]}},"_links":{"self":[{"href":"https:\/\/www.correiobraziliense.com.br\/cbradar\/wp-json\/wp\/v2\/posts\/234691","targetHints":{"allow":["GET"]}}],"collection":[{"href":"https:\/\/www.correiobraziliense.com.br\/cbradar\/wp-json\/wp\/v2\/posts"}],"about":[{"href":"https:\/\/www.correiobraziliense.com.br\/cbradar\/wp-json\/wp\/v2\/types\/post"}],"author":[{"embeddable":true,"href":"https:\/\/www.correiobraziliense.com.br\/cbradar\/wp-json\/wp\/v2\/users\/21"}],"replies":[{"embeddable":true,"href":"https:\/\/www.correiobraziliense.com.br\/cbradar\/wp-json\/wp\/v2\/comments?post=234691"}],"version-history":[{"count":2,"href":"https:\/\/www.correiobraziliense.com.br\/cbradar\/wp-json\/wp\/v2\/posts\/234691\/revisions"}],"predecessor-version":[{"id":234696,"href":"https:\/\/www.correiobraziliense.com.br\/cbradar\/wp-json\/wp\/v2\/posts\/234691\/revisions\/234696"}],"wp:featuredmedia":[{"embeddable":true,"href":"https:\/\/www.correiobraziliense.com.br\/cbradar\/wp-json\/wp\/v2\/media\/234694"}],"wp:attachment":[{"href":"https:\/\/www.correiobraziliense.com.br\/cbradar\/wp-json\/wp\/v2\/media?parent=234691"}],"wp:term":[{"taxonomy":"category","embeddable":true,"href":"https:\/\/www.correiobraziliense.com.br\/cbradar\/wp-json\/wp\/v2\/categories?post=234691"},{"taxonomy":"post_tag","embeddable":true,"href":"https:\/\/www.correiobraziliense.com.br\/cbradar\/wp-json\/wp\/v2\/tags?post=234691"}],"curies":[{"name":"wp","href":"https:\/\/api.w.org\/{rel}","templated":true}]}}