{"id":234707,"date":"2026-05-01T03:00:00","date_gmt":"2026-05-01T06:00:00","guid":{"rendered":"https:\/\/www.correiobraziliense.com.br\/cbradar\/?p=234707"},"modified":"2026-04-30T11:25:51","modified_gmt":"2026-04-30T14:25:51","slug":"aristoteles-dizia-que-a-paz-interior-nao-nasce-da-fuga-dos-problemas-mas-do-equilibrio-com-que-voce-enfrenta-cada-um-deles","status":"publish","type":"post","link":"https:\/\/www.correiobraziliense.com.br\/cbradar\/aristoteles-dizia-que-a-paz-interior-nao-nasce-da-fuga-dos-problemas-mas-do-equilibrio-com-que-voce-enfrenta-cada-um-deles\/","title":{"rendered":"Arist\u00f3teles dizia que a paz interior n\u00e3o nasce da fuga dos problemas, mas do equil\u00edbrio com que voc\u00ea enfrenta cada um deles"},"content":{"rendered":"\n<p>A busca pela serenidade mental motiva milh\u00f5es de pessoas a estudarem os ensinamentos cl\u00e1ssicos da filosofia antiga em todo o mundo contempor\u00e2neo. <strong>Arist\u00f3teles<\/strong> defendia que a verdadeira virtude reside no equil\u00edbrio entre os extremos emocionais que enfrentamos diariamente em nossa rotina. Compreender como aplicar essa sabedoria milenar transforma profundamente a percep\u00e7\u00e3o individual sobre problemas.<\/p>\n\n\n\n<h2 class=\"wp-block-heading\">Qual \u00e9 o verdadeiro papel da virtude na conquista da tranquilidade di\u00e1ria?<\/h2>\n\n\n\n<p>Para <strong><a href=\"https:\/\/www.correiobraziliense.com.br\/cbradar\/citacao-do-dia-do-filosofo-grego-aristoteles-a-amizade-e-uma-alma-que-habita-em-dois-corpos\/\" target=\"_blank\" rel=\"noreferrer noopener\">Arist\u00f3teles<\/a><\/strong>, a virtude n\u00e3o \u00e9 um estado passivo, mas uma pr\u00e1tica constante de escolhas conscientes voltadas para o bem comum. O equil\u00edbrio entre a car\u00eancia e o excesso permite que o indiv\u00edduo navegue pelas adversidades sem perder sua ess\u00eancia moral ou estabilidade ps\u00edquica. Cultivar essa postura diante dos conflitos cotidianos fortalece o car\u00e1ter humano profundamente.<\/p>\n\n\n\n<p>A aplica\u00e7\u00e3o pr\u00e1tica desse conceito envolve o reconhecimento das pr\u00f3prias limita\u00e7\u00f5es e a busca por uma rea\u00e7\u00e3o proporcional aos eventos externos atuais. Quando enfrentamos um desafio com modera\u00e7\u00e3o, evitamos o esgotamento nervoso causado pela impulsividade ou pela in\u00e9rcia total diante das dificuldades reais. O dom\u00ednio sobre as paix\u00f5es \u00e9 o alicerce fundamental para quem deseja viver melhor.<\/p>\n\n\n\n<p>Para aprofundar a reflex\u00e3o sobre comportamento e \u00e9tica no cotidiano, este v\u00eddeo do canal <strong>Cl\u00f3vis de Barros Filho<\/strong> (564 mil inscritos) explica o conceito de virtude segundo Arist\u00f3teles, conectando filosofia cl\u00e1ssica com decis\u00f5es pr\u00e1ticas do dia a dia.<\/p>\n\n\n\n<figure class=\"wp-block-embed is-type-video is-provider-youtube wp-block-embed-youtube wp-embed-aspect-16-9 wp-has-aspect-ratio\"><div class=\"wp-block-embed__wrapper\">\n<div class=\"jeg_video_container jeg_video_content\"><iframe loading=\"lazy\" title=\"O que \u00e9 virtude segundo Arist\u00f3teles?\" width=\"500\" height=\"281\" src=\"https:\/\/www.youtube.com\/embed\/C13sfKw9rUQ?feature=oembed\" frameborder=\"0\" allow=\"accelerometer; autoplay; clipboard-write; encrypted-media; gyroscope; picture-in-picture; web-share\" referrerpolicy=\"strict-origin-when-cross-origin\" allowfullscreen><\/iframe><\/div>\n<\/div><\/figure>\n\n\n\n<h2 class=\"wp-block-heading\">De que maneira o autoconhecimento auxilia na manuten\u00e7\u00e3o da estabilidade emocional?<\/h2>\n\n\n\n<p>Reconhecer os gatilhos que perturbam a mente \u00e9 o primeiro passo para exercer a temperan\u00e7a sugerida pelos grandes pensadores da hist\u00f3ria cl\u00e1ssica. Ao observar como reagimos \u00e0s press\u00f5es externas, conseguimos ajustar nossa conduta para atingir o chamado meio-termo aristot\u00e9lico em qualquer situa\u00e7\u00e3o. Essa vigil\u00e2ncia interna constante previne que pequenas preocupa\u00e7\u00f5es se tornem crises psicol\u00f3gicas graves.<\/p>\n\n\n\n<p>A filosofia sugere que a <strong>felicidade plena<\/strong> est\u00e1 diretamente ligada \u00e0 nossa capacidade de agir conforme a raz\u00e3o e a l\u00f3gica saud\u00e1vel. Ao inv\u00e9s de fugir das responsabilidades ou dos problemas, o sujeito deve encar\u00e1-los como oportunidades para exercitar sua sabedoria pr\u00e1tica. Esse processo de amadurecimento emocional \u00e9 o que garante uma paz duradoura e resiliente.<\/p>\n\n\n\n<h2 class=\"wp-block-heading\">Como transformar situa\u00e7\u00f5es estressantes em momentos de aprendizado e evolu\u00e7\u00e3o constante?<\/h2>\n\n\n\n<p>Encarar cada obst\u00e1culo como um exerc\u00edcio de equil\u00edbrio mental altera a qu\u00edmica cerebral e reduz a sensa\u00e7\u00e3o de desamparo emocional cr\u00f4nico. Ao adotar uma postura anal\u00edtica em vez de reativa, o indiv\u00edduo preserva sua energia para o que realmente importa no longo prazo. O foco deve ser sempre a resposta dada ao evento, n\u00e3o o evento.<\/p>\n\n\n\n<p>Para aplicar esses princ\u00edpios filos\u00f3ficos e alcan\u00e7ar uma vida mais harmoniosa e centrada nos seus valores fundamentais, considere integrar as seguintes orienta\u00e7\u00f5es pr\u00e1ticas:<\/p>\n\n\n\n<ul class=\"wp-block-list\">\n<li>Praticar o distanciamento emocional em situa\u00e7\u00f5es de conflito intenso.<\/li>\n\n\n\n<li>Avaliar as consequ\u00eancias de cada decis\u00e3o com calma e clareza.<\/li>\n\n\n\n<li>Substituir o medo pela curiosidade anal\u00edtica diante do novo inesperado.<\/li>\n\n\n\n<li>Buscar o ponto m\u00e9dio entre a agressividade e a submiss\u00e3o total.<\/li>\n<\/ul>\n\n\n\n<h2 class=\"wp-block-heading\">Por que a modera\u00e7\u00e3o \u00e9 considerada o segredo para uma longevidade mental saud\u00e1vel?<\/h2>\n\n\n\n<p>A aus\u00eancia de extremos evita que o organismo sofra com picos de estresse que comprometem a sa\u00fade f\u00edsica e mental globalmente. Manter-se no centro da balan\u00e7a emocional protege o cora\u00e7\u00e3o e o sistema nervoso contra os desgastes da vida moderna competitiva. A modera\u00e7\u00e3o atua como um filtro que permite absorver apenas o que \u00e9 verdadeiramente \u00fatil.<\/p>\n\n\n\n<p>A regula\u00e7\u00e3o das emo\u00e7\u00f5es conforme sugerido por pensadores cl\u00e1ssicos apresenta evid\u00eancias claras de benef\u00edcios para a sa\u00fade cardiovascular em adultos. O equil\u00edbrio ensinado na antiguidade permanece atual como uma <strong>ferramenta de sobreviv\u00eancia urbana indispens\u00e1vel<\/strong> para a manuten\u00e7\u00e3o do bem-estar. Escolher o caminho do meio \u00e9 garantir uma mente l\u00facida e um corpo saud\u00e1vel por muito tempo.<\/p>\n\n\n\n<figure class=\"wp-block-image size-full\"><img decoding=\"async\" width=\"1280\" height=\"720\" src=\"https:\/\/www.correiobraziliense.com.br\/cbradar\/wp-content\/uploads\/2026\/05\/Gemini_Generated_Image_k7af78k7af78k7af-1-1.png\" alt=\"\" class=\"wp-image-234713\" srcset=\"https:\/\/www.correiobraziliense.com.br\/cbradar\/wp-content\/uploads\/2026\/05\/Gemini_Generated_Image_k7af78k7af78k7af-1-1.png 1280w, https:\/\/www.correiobraziliense.com.br\/cbradar\/wp-content\/uploads\/2026\/05\/Gemini_Generated_Image_k7af78k7af78k7af-1-1-300x169.png 300w, https:\/\/www.correiobraziliense.com.br\/cbradar\/wp-content\/uploads\/2026\/05\/Gemini_Generated_Image_k7af78k7af78k7af-1-1-768x432.png 768w, https:\/\/www.correiobraziliense.com.br\/cbradar\/wp-content\/uploads\/2026\/05\/Gemini_Generated_Image_k7af78k7af78k7af-1-1-750x422.png 750w, https:\/\/www.correiobraziliense.com.br\/cbradar\/wp-content\/uploads\/2026\/05\/Gemini_Generated_Image_k7af78k7af78k7af-1-1-1140x641.png 1140w\" sizes=\"(max-width: 1280px) 100vw, 1280px\" \/><figcaption class=\"wp-element-caption\">O equil\u00edbrio emocional defendido por Arist\u00f3teles pode transformar sua vis\u00e3o sobre a vida<\/figcaption><\/figure>\n\n\n\n<h2 class=\"wp-block-heading\">Quais evid\u00eancias confirmam a efic\u00e1cia da filosofia cl\u00e1ssica no tratamento da ansiedade moderna?<\/h2>\n\n\n\n<p>Muitas abordagens terap\u00eauticas contempor\u00e2neas utilizam conceitos da \u00e9tica das virtudes para ajudar pacientes a lidarem com dilemas \u00e9ticos e emocionais complexos. A compreens\u00e3o de que n\u00e3o controlamos os fatos, mas apenas nossa rea\u00e7\u00e3o a eles, \u00e9 libertadora para quem sofre de preocupa\u00e7\u00e3o excessiva. O pensamento racional serve como um guia seguro em tempos de incertezas e mudan\u00e7as r\u00e1pidas.<\/p>\n\n\n\n<p>A <strong>Stanford Encyclopedia of Philosophy<\/strong> detalha como a \u00e9tica aristot\u00e9lica influencia profundamente a psicologia positiva e as teorias de florescimento humano atuais. Praticar a excel\u00eancia moral no cotidiano \u00e9 o caminho mais curto para atingir a eudaimonia. Para explorar a fundo os conceitos sobre a <a target=\"_blank\" rel=\"noreferrer noopener\" href=\"https:\/\/plato.stanford.edu\/entries\/ethics-virtue\/\">virtude e \u00e9tica de Arist\u00f3teles<\/a>, consulte o acervo acad\u00eamico desta prestigiada institui\u00e7\u00e3o universit\u00e1ria.<\/p>\n","protected":false},"excerpt":{"rendered":"<p>A busca pela serenidade mental motiva milh\u00f5es de pessoas a estudarem os ensinamentos cl\u00e1ssicos da filosofia antiga em todo o mundo contempor\u00e2neo. Arist\u00f3teles defendia que a verdadeira virtude reside no equil\u00edbrio entre os extremos emocionais que enfrentamos diariamente em nossa rotina. Compreender como aplicar essa sabedoria milenar transforma profundamente a percep\u00e7\u00e3o individual sobre problemas. Qual [&hellip;]<\/p>\n","protected":false},"author":21,"featured_media":234712,"comment_status":"open","ping_status":"open","sticky":false,"template":"","format":"standard","meta":{"_yoast_wpseo_focuskw":"equil\u00edbrio emocional filosofia aristot\u00e9lica","_yoast_wpseo_title":"","_yoast_wpseo_metadesc":"A filosofia de Arist\u00f3teles revela que o equil\u00edbrio emocional pode transformar a forma como lidamos com problemas e press\u00f5es di\u00e1rias.","jnews-multi-image_gallery":[],"jnews_single_post":{"format":"standard"},"jnews_primary_category":[],"jnews_social_meta":[],"jnews_override_counter":[],"footnotes":""},"categories":[112],"tags":[12059,5078,16172,12562],"class_list":["post-234707","post","type-post","status-publish","format-standard","has-post-thumbnail","hentry","category-curiosidades","tag-aristoteles","tag-filosofia","tag-paz-interior","tag-virtude"],"yoast_head":"<!-- This site is optimized with the Yoast SEO plugin v24.6 - https:\/\/yoast.com\/wordpress\/plugins\/seo\/ -->\n<title>Arist\u00f3teles dizia que a paz interior n\u00e3o nasce da fuga dos problemas, mas do equil\u00edbrio com que voc\u00ea enfrenta cada um deles - Correio Braziliense - Radar<\/title>\n<meta name=\"description\" content=\"A filosofia de Arist\u00f3teles revela que o equil\u00edbrio emocional pode transformar a forma como lidamos com problemas e press\u00f5es di\u00e1rias.\" \/>\n<meta name=\"robots\" content=\"index, follow, max-snippet:-1, max-image-preview:large, max-video-preview:-1\" \/>\n<link rel=\"canonical\" href=\"https:\/\/www.correiobraziliense.com.br\/cbradar\/aristoteles-dizia-que-a-paz-interior-nao-nasce-da-fuga-dos-problemas-mas-do-equilibrio-com-que-voce-enfrenta-cada-um-deles\/\" \/>\n<meta property=\"og:locale\" content=\"pt_BR\" \/>\n<meta property=\"og:type\" content=\"article\" \/>\n<meta property=\"og:title\" content=\"Arist\u00f3teles dizia que a paz interior n\u00e3o nasce da fuga dos problemas, mas do equil\u00edbrio com que voc\u00ea enfrenta cada um deles - Correio Braziliense - Radar\" \/>\n<meta property=\"og:description\" content=\"A filosofia de Arist\u00f3teles revela que o equil\u00edbrio emocional pode transformar a forma como lidamos com problemas e press\u00f5es di\u00e1rias.\" \/>\n<meta property=\"og:url\" content=\"https:\/\/www.correiobraziliense.com.br\/cbradar\/aristoteles-dizia-que-a-paz-interior-nao-nasce-da-fuga-dos-problemas-mas-do-equilibrio-com-que-voce-enfrenta-cada-um-deles\/\" \/>\n<meta property=\"og:site_name\" content=\"Correio Braziliense - Radar\" \/>\n<meta property=\"article:published_time\" content=\"2026-05-01T06:00:00+00:00\" \/>\n<meta property=\"og:image\" content=\"https:\/\/www.correiobraziliense.com.br\/cbradar\/wp-content\/uploads\/2026\/05\/Gemini_Generated_Image_t5wbi6t5wbi6t5wb-1-1.png\" \/>\n\t<meta property=\"og:image:width\" content=\"1280\" \/>\n\t<meta property=\"og:image:height\" content=\"720\" \/>\n\t<meta property=\"og:image:type\" content=\"image\/png\" \/>\n<meta name=\"author\" content=\"Patrick Silva\" \/>\n<meta name=\"twitter:card\" content=\"summary_large_image\" \/>\n<meta name=\"twitter:label1\" content=\"Escrito por\" \/>\n\t<meta name=\"twitter:data1\" content=\"Patrick Silva\" \/>\n\t<meta name=\"twitter:label2\" content=\"Est. tempo de leitura\" \/>\n\t<meta name=\"twitter:data2\" content=\"5 minutos\" \/>\n<!-- \/ Yoast SEO plugin. -->","yoast_head_json":{"title":"Arist\u00f3teles dizia que a paz interior n\u00e3o nasce da fuga dos problemas, mas do equil\u00edbrio com que voc\u00ea enfrenta cada um deles - Correio Braziliense - Radar","description":"A filosofia de Arist\u00f3teles revela que o equil\u00edbrio emocional pode transformar a forma como lidamos com problemas e press\u00f5es di\u00e1rias.","robots":{"index":"index","follow":"follow","max-snippet":"max-snippet:-1","max-image-preview":"max-image-preview:large","max-video-preview":"max-video-preview:-1"},"canonical":"https:\/\/www.correiobraziliense.com.br\/cbradar\/aristoteles-dizia-que-a-paz-interior-nao-nasce-da-fuga-dos-problemas-mas-do-equilibrio-com-que-voce-enfrenta-cada-um-deles\/","og_locale":"pt_BR","og_type":"article","og_title":"Arist\u00f3teles dizia que a paz interior n\u00e3o nasce da fuga dos problemas, mas do equil\u00edbrio com que voc\u00ea enfrenta cada um deles - Correio Braziliense - Radar","og_description":"A filosofia de Arist\u00f3teles revela que o equil\u00edbrio emocional pode transformar a forma como lidamos com problemas e press\u00f5es di\u00e1rias.","og_url":"https:\/\/www.correiobraziliense.com.br\/cbradar\/aristoteles-dizia-que-a-paz-interior-nao-nasce-da-fuga-dos-problemas-mas-do-equilibrio-com-que-voce-enfrenta-cada-um-deles\/","og_site_name":"Correio Braziliense - Radar","article_published_time":"2026-05-01T06:00:00+00:00","og_image":[{"width":1280,"height":720,"url":"https:\/\/www.correiobraziliense.com.br\/cbradar\/wp-content\/uploads\/2026\/05\/Gemini_Generated_Image_t5wbi6t5wbi6t5wb-1-1.png","type":"image\/png"}],"author":"Patrick Silva","twitter_card":"summary_large_image","twitter_misc":{"Escrito por":"Patrick Silva","Est. tempo de leitura":"5 minutos"},"schema":{"@context":"https:\/\/schema.org","@graph":[{"@type":"WebPage","@id":"https:\/\/www.correiobraziliense.com.br\/cbradar\/aristoteles-dizia-que-a-paz-interior-nao-nasce-da-fuga-dos-problemas-mas-do-equilibrio-com-que-voce-enfrenta-cada-um-deles\/","url":"https:\/\/www.correiobraziliense.com.br\/cbradar\/aristoteles-dizia-que-a-paz-interior-nao-nasce-da-fuga-dos-problemas-mas-do-equilibrio-com-que-voce-enfrenta-cada-um-deles\/","name":"Arist\u00f3teles dizia que a paz interior n\u00e3o nasce da fuga dos problemas, mas do equil\u00edbrio com que voc\u00ea enfrenta cada um deles - Correio Braziliense - Radar","isPartOf":{"@id":"https:\/\/www.correiobraziliense.com.br\/cbradar\/#website"},"primaryImageOfPage":{"@id":"https:\/\/www.correiobraziliense.com.br\/cbradar\/aristoteles-dizia-que-a-paz-interior-nao-nasce-da-fuga-dos-problemas-mas-do-equilibrio-com-que-voce-enfrenta-cada-um-deles\/#primaryimage"},"image":{"@id":"https:\/\/www.correiobraziliense.com.br\/cbradar\/aristoteles-dizia-que-a-paz-interior-nao-nasce-da-fuga-dos-problemas-mas-do-equilibrio-com-que-voce-enfrenta-cada-um-deles\/#primaryimage"},"thumbnailUrl":"https:\/\/www.correiobraziliense.com.br\/cbradar\/wp-content\/uploads\/2026\/05\/Gemini_Generated_Image_t5wbi6t5wbi6t5wb-1-1.png","datePublished":"2026-05-01T06:00:00+00:00","author":{"@id":"https:\/\/www.correiobraziliense.com.br\/cbradar\/#\/schema\/person\/5440b72be9c7eb74f446c846479dc4da"},"description":"A filosofia de Arist\u00f3teles revela que o equil\u00edbrio emocional pode transformar a forma como lidamos com problemas e press\u00f5es di\u00e1rias.","breadcrumb":{"@id":"https:\/\/www.correiobraziliense.com.br\/cbradar\/aristoteles-dizia-que-a-paz-interior-nao-nasce-da-fuga-dos-problemas-mas-do-equilibrio-com-que-voce-enfrenta-cada-um-deles\/#breadcrumb"},"inLanguage":"pt-BR","potentialAction":[{"@type":"ReadAction","target":["https:\/\/www.correiobraziliense.com.br\/cbradar\/aristoteles-dizia-que-a-paz-interior-nao-nasce-da-fuga-dos-problemas-mas-do-equilibrio-com-que-voce-enfrenta-cada-um-deles\/"]}]},{"@type":"ImageObject","inLanguage":"pt-BR","@id":"https:\/\/www.correiobraziliense.com.br\/cbradar\/aristoteles-dizia-que-a-paz-interior-nao-nasce-da-fuga-dos-problemas-mas-do-equilibrio-com-que-voce-enfrenta-cada-um-deles\/#primaryimage","url":"https:\/\/www.correiobraziliense.com.br\/cbradar\/wp-content\/uploads\/2026\/05\/Gemini_Generated_Image_t5wbi6t5wbi6t5wb-1-1.png","contentUrl":"https:\/\/www.correiobraziliense.com.br\/cbradar\/wp-content\/uploads\/2026\/05\/Gemini_Generated_Image_t5wbi6t5wbi6t5wb-1-1.png","width":1280,"height":720,"caption":"O equil\u00edbrio emocional defendido por Arist\u00f3teles pode transformar sua vis\u00e3o sobre a vida"},{"@type":"BreadcrumbList","@id":"https:\/\/www.correiobraziliense.com.br\/cbradar\/aristoteles-dizia-que-a-paz-interior-nao-nasce-da-fuga-dos-problemas-mas-do-equilibrio-com-que-voce-enfrenta-cada-um-deles\/#breadcrumb","itemListElement":[{"@type":"ListItem","position":1,"name":"In\u00edcio","item":"https:\/\/www.correiobraziliense.com.br\/cbradar\/"},{"@type":"ListItem","position":2,"name":"Arist\u00f3teles dizia que a paz interior n\u00e3o nasce da fuga dos problemas, mas do equil\u00edbrio com que voc\u00ea enfrenta cada um deles"}]},{"@type":"WebSite","@id":"https:\/\/www.correiobraziliense.com.br\/cbradar\/#website","url":"https:\/\/www.correiobraziliense.com.br\/cbradar\/","name":"Correio Braziliense - Radar","description":"Acompanhe as \u00faltimas not\u00edcias e fique bem informado sobre tudo o que acontece no Brasil e no mundo.","potentialAction":[{"@type":"SearchAction","target":{"@type":"EntryPoint","urlTemplate":"https:\/\/www.correiobraziliense.com.br\/cbradar\/?s={search_term_string}"},"query-input":{"@type":"PropertyValueSpecification","valueRequired":true,"valueName":"search_term_string"}}],"inLanguage":"pt-BR"},{"@type":"Person","@id":"https:\/\/www.correiobraziliense.com.br\/cbradar\/#\/schema\/person\/5440b72be9c7eb74f446c846479dc4da","name":"Patrick Silva","image":{"@type":"ImageObject","inLanguage":"pt-BR","@id":"https:\/\/www.correiobraziliense.com.br\/cbradar\/#\/schema\/person\/image\/","url":"https:\/\/secure.gravatar.com\/avatar\/944109df296fc087785c9715fd5f80b2?s=96&d=mm&r=g","contentUrl":"https:\/\/secure.gravatar.com\/avatar\/944109df296fc087785c9715fd5f80b2?s=96&d=mm&r=g","caption":"Patrick Silva"},"sameAs":["https:\/\/www.correiobraziliense.com.br\/cbradar\/"],"url":"https:\/\/www.correiobraziliense.com.br\/cbradar\/author\/patrick-silva\/"}]}},"_links":{"self":[{"href":"https:\/\/www.correiobraziliense.com.br\/cbradar\/wp-json\/wp\/v2\/posts\/234707","targetHints":{"allow":["GET"]}}],"collection":[{"href":"https:\/\/www.correiobraziliense.com.br\/cbradar\/wp-json\/wp\/v2\/posts"}],"about":[{"href":"https:\/\/www.correiobraziliense.com.br\/cbradar\/wp-json\/wp\/v2\/types\/post"}],"author":[{"embeddable":true,"href":"https:\/\/www.correiobraziliense.com.br\/cbradar\/wp-json\/wp\/v2\/users\/21"}],"replies":[{"embeddable":true,"href":"https:\/\/www.correiobraziliense.com.br\/cbradar\/wp-json\/wp\/v2\/comments?post=234707"}],"version-history":[{"count":2,"href":"https:\/\/www.correiobraziliense.com.br\/cbradar\/wp-json\/wp\/v2\/posts\/234707\/revisions"}],"predecessor-version":[{"id":234717,"href":"https:\/\/www.correiobraziliense.com.br\/cbradar\/wp-json\/wp\/v2\/posts\/234707\/revisions\/234717"}],"wp:featuredmedia":[{"embeddable":true,"href":"https:\/\/www.correiobraziliense.com.br\/cbradar\/wp-json\/wp\/v2\/media\/234712"}],"wp:attachment":[{"href":"https:\/\/www.correiobraziliense.com.br\/cbradar\/wp-json\/wp\/v2\/media?parent=234707"}],"wp:term":[{"taxonomy":"category","embeddable":true,"href":"https:\/\/www.correiobraziliense.com.br\/cbradar\/wp-json\/wp\/v2\/categories?post=234707"},{"taxonomy":"post_tag","embeddable":true,"href":"https:\/\/www.correiobraziliense.com.br\/cbradar\/wp-json\/wp\/v2\/tags?post=234707"}],"curies":[{"name":"wp","href":"https:\/\/api.w.org\/{rel}","templated":true}]}}