{"id":234719,"date":"2026-05-01T03:30:00","date_gmt":"2026-05-01T06:30:00","guid":{"rendered":"https:\/\/www.correiobraziliense.com.br\/cbradar\/?p=234719"},"modified":"2026-04-30T11:40:19","modified_gmt":"2026-04-30T14:40:19","slug":"ditado-popular-a-chama-pequena-tambem-ilumina-a-casa-inteira-quando-ninguem-mais-consegue-enxergar-o-caminho","status":"publish","type":"post","link":"https:\/\/www.correiobraziliense.com.br\/cbradar\/ditado-popular-a-chama-pequena-tambem-ilumina-a-casa-inteira-quando-ninguem-mais-consegue-enxergar-o-caminho\/","title":{"rendered":"Ditado popular: &#8220;a chama pequena tamb\u00e9m ilumina a casa inteira quando ningu\u00e9m mais consegue enxergar o caminho&#8221;"},"content":{"rendered":"\n<p>Muitas vezes, subestimamos o impacto de pequenas atitudes em momentos de crise profunda ou incerteza emocional severa. O prov\u00e9rbio sobre a chama pequena nos recorda que a luz n\u00e3o precisa ser intensa para orientar quem est\u00e1 perdido. Pequenos gestos de esperan\u00e7a possuem a for\u00e7a necess\u00e1ria para transformar ambientes escuros em espa\u00e7os de renova\u00e7\u00e3o.<\/p>\n\n\n\n<h2 class=\"wp-block-heading\">Como pequenos atos de bondade influenciam a sa\u00fade mental coletiva?<\/h2>\n\n\n\n<p>Pequenas a\u00e7\u00f5es altru\u00edstas geram um efeito cascata que fortalece os la\u00e7os sociais e melhora o bem-estar psicol\u00f3gico geral. Quando algu\u00e9m decide ajudar o pr\u00f3ximo sem esperar recompensas, o c\u00e9rebro libera subst\u00e2ncias ligadas ao prazer e \u00e0 satisfa\u00e7\u00e3o plena. Essa luz modesta, emitida por um indiv\u00edduo comum, serve como guia para outros que enfrentam dias nublados e dif\u00edceis.<\/p>\n\n\n\n<p>A sensa\u00e7\u00e3o de pertencimento \u00e9 fundamental para evitar o <strong><a href=\"https:\/\/www.correiobraziliense.com.br\/cbradar\/privacao-de-sono-sedentarismo-ultraprocessados-e-isolamento-social-neurologistas-da-harvard-medical-school-da-universidade-de-stanford-e-do-einstein-apontam-esses-4-habitos-diarios-como-os-mais-pr\/\" target=\"_blank\" rel=\"noreferrer noopener\">isolamento <\/a><\/strong>social em grandes centros urbanos altamente competitivos. Atitudes simples, como um sorriso sincero ou uma palavra de incentivo, podem ser o ponto de virada para quem est\u00e1 desanimado. Valorizar o micro-impacto permite que cada cidad\u00e3o reconhe\u00e7a seu papel vital na constru\u00e7\u00e3o de uma sociedade mais acolhedora e humana.<\/p>\n\n\n\n<figure class=\"wp-block-image size-full\"><img decoding=\"async\" width=\"1280\" height=\"720\" src=\"https:\/\/www.correiobraziliense.com.br\/cbradar\/wp-content\/uploads\/2026\/05\/Gemini_Generated_Image_47rikf47rikf47ri-1-1.png\" alt=\"Ditado popular: &quot;a chama pequena tamb\u00e9m ilumina a casa inteira quando ningu\u00e9m mais consegue enxergar o caminho&quot;\" class=\"wp-image-234728\" srcset=\"https:\/\/www.correiobraziliense.com.br\/cbradar\/wp-content\/uploads\/2026\/05\/Gemini_Generated_Image_47rikf47rikf47ri-1-1.png 1280w, https:\/\/www.correiobraziliense.com.br\/cbradar\/wp-content\/uploads\/2026\/05\/Gemini_Generated_Image_47rikf47rikf47ri-1-1-300x169.png 300w, https:\/\/www.correiobraziliense.com.br\/cbradar\/wp-content\/uploads\/2026\/05\/Gemini_Generated_Image_47rikf47rikf47ri-1-1-768x432.png 768w, https:\/\/www.correiobraziliense.com.br\/cbradar\/wp-content\/uploads\/2026\/05\/Gemini_Generated_Image_47rikf47rikf47ri-1-1-750x422.png 750w, https:\/\/www.correiobraziliense.com.br\/cbradar\/wp-content\/uploads\/2026\/05\/Gemini_Generated_Image_47rikf47rikf47ri-1-1-1140x641.png 1140w\" sizes=\"(max-width: 1280px) 100vw, 1280px\" \/><figcaption class=\"wp-element-caption\">Pequenas atitudes t\u00eam o poder de iluminar at\u00e9 os momentos mais dif\u00edceis da vida<\/figcaption><\/figure>\n\n\n\n<h2 class=\"wp-block-heading\">De que maneira a resili\u00eancia individual se manifesta em tempos sombrios?<\/h2>\n\n\n\n<p>A capacidade de manter a calma sob press\u00e3o \u00e9 uma das maiores virtudes do ser humano moderno resiliente. Enfrentar problemas complexos com paci\u00eancia evita que o desespero tome conta das decis\u00f5es racionais mais importantes de nossa vida. Uma pequena centelha de determina\u00e7\u00e3o interna \u00e9 capaz de sustentar o foco necess\u00e1rio para superar obst\u00e1culos que pareciam intranspon\u00edveis no in\u00edcio.<\/p>\n\n\n\n<p>O desenvolvimento de h\u00e1bitos saud\u00e1veis funciona como uma defesa contra a instabilidade emocional provocada por fatores externos incontrol\u00e1veis. Ao focar no que pode ser mudado imediatamente, o indiv\u00edduo recupera o controle sobre sua pr\u00f3pria trajet\u00f3ria pessoal e profissional. Essa pequena luz de autonomia ilumina o caminho para um futuro mais pr\u00f3spero, equilibrado e cheio de novas possibilidades.<\/p>\n\n\n\n<h2 class=\"wp-block-heading\">Por que a simplicidade \u00e9 a chave para resolver dilemas complexos?<\/h2>\n\n\n\n<p>A busca incessante por solu\u00e7\u00f5es grandiosas muitas vezes nos afasta de respostas simples e altamente eficazes para nossos problemas. Simplificar a rotina ajuda a reduzir a carga mental excessiva que carregamos voluntariamente todos os dias em nossos lares. Optar pelo essencial permite que a clareza retorne, iluminando as etapas necess\u00e1rias para atingir o equil\u00edbrio emocional e f\u00edsico.<\/p>\n\n\n\n<p>Para transformar sua realidade por meio de mudan\u00e7as sutis e garantir que sua luz interior nunca se apague nos momentos de crise profunda, adote as seguintes pr\u00e1ticas di\u00e1rias:<\/p>\n\n\n\n<ul class=\"wp-block-list\">\n<li>Praticar a gratid\u00e3o por pequenos avan\u00e7os conquistados.<\/li>\n\n\n\n<li>Dividir grandes metas em passos min\u00fasculos e realiz\u00e1veis.<\/li>\n\n\n\n<li>Cultivar sil\u00eancio mental antes de tomar decis\u00f5es cr\u00edticas.<\/li>\n\n\n\n<li>Priorizar conex\u00f5es humanas reais sobre as intera\u00e7\u00f5es digitais.<\/li>\n<\/ul>\n\n\n\n<h2 class=\"wp-block-heading\">Qual o impacto da lideran\u00e7a discreta em ambientes de alta tens\u00e3o?<\/h2>\n\n\n\n<p>L\u00edderes que operam silenciosamente costumam ser os pilares de sustenta\u00e7\u00e3o de equipes que enfrentam prazos apertados e cobran\u00e7as severas. A estabilidade emocional de um gestor sensato funciona como uma chama que guia o grupo durante as tempestades corporativas mais intensas. Essa presen\u00e7a calma reduz a ansiedade coletiva e permite que o talento de cada colaborador brilhe intensamente.<\/p>\n\n\n\n<p>Assumir a responsabilidade por manter o otimismo dentro de um ambiente pessimista exige uma for\u00e7a de car\u00e1ter incomum e admir\u00e1vel. O impacto de uma lideran\u00e7a emp\u00e1tica reflete-se na produtividade e na reten\u00e7\u00e3o de talentos valiosos para a organiza\u00e7\u00e3o moderna. Pequenas mudan\u00e7as na forma de se comunicar podem evitar o isolamento e promover uma cultura de colabora\u00e7\u00e3o m\u00fatua constante.<\/p>\n\n\n\n<figure class=\"wp-block-image size-full\"><img decoding=\"async\" width=\"1280\" height=\"720\" src=\"https:\/\/www.correiobraziliense.com.br\/cbradar\/wp-content\/uploads\/2026\/05\/Gemini_Generated_Image_scfr68scfr68scfr-1-1.png\" alt=\"Ditado popular: &quot;a chama pequena tamb\u00e9m ilumina a casa inteira quando ningu\u00e9m mais consegue enxergar o caminho&quot;\" class=\"wp-image-234730\" srcset=\"https:\/\/www.correiobraziliense.com.br\/cbradar\/wp-content\/uploads\/2026\/05\/Gemini_Generated_Image_scfr68scfr68scfr-1-1.png 1280w, https:\/\/www.correiobraziliense.com.br\/cbradar\/wp-content\/uploads\/2026\/05\/Gemini_Generated_Image_scfr68scfr68scfr-1-1-300x169.png 300w, https:\/\/www.correiobraziliense.com.br\/cbradar\/wp-content\/uploads\/2026\/05\/Gemini_Generated_Image_scfr68scfr68scfr-1-1-768x432.png 768w, https:\/\/www.correiobraziliense.com.br\/cbradar\/wp-content\/uploads\/2026\/05\/Gemini_Generated_Image_scfr68scfr68scfr-1-1-750x422.png 750w, https:\/\/www.correiobraziliense.com.br\/cbradar\/wp-content\/uploads\/2026\/05\/Gemini_Generated_Image_scfr68scfr68scfr-1-1-1140x641.png 1140w\" sizes=\"(max-width: 1280px) 100vw, 1280px\" \/><figcaption class=\"wp-element-caption\">Pequenas atitudes t\u00eam o poder de iluminar at\u00e9 os momentos mais dif\u00edceis da vida<\/figcaption><\/figure>\n\n\n\n<h2 class=\"wp-block-heading\">Como a psicologia moderna explica o poder das pequenas escolhas?<\/h2>\n\n\n\n<p>Pequenas escolhas di\u00e1rias moldam a estrutura do nosso c\u00e9rebro atrav\u00e9s da plasticidade neural, permitindo a cria\u00e7\u00e3o de novos caminhos de pensamento positivo. Ao decidir agir de forma \u00e9tica e ponderada em situa\u00e7\u00f5es simples, fortalecemos nossa capacidade de lidar com grandes traumas futuros. A const\u00e2ncia no agir correto \u00e9 a chama que garante a visibilidade necess\u00e1ria em tempos de escurid\u00e3o.<\/p>\n\n\n\n<p>Segundo a <strong>Johns Hopkins University<\/strong>, cultivar pequenas mudan\u00e7as no comportamento di\u00e1rio pode reduzir o impacto do estresse cr\u00f4nico no sistema cardiovascular de adultos. Focar em metas alcan\u00e7\u00e1veis promove um sentimento de compet\u00eancia que ilumina o caminho para a recupera\u00e7\u00e3o integral da sa\u00fade. Entenda os mecanismos cient\u00edficos da <a href=\"https:\/\/www.hopkinsmedicine.org\/health\/wellness-and-prevention\" target=\"_blank\" rel=\"noreferrer noopener\">resili\u00eancia e manejo do estresse<\/a> no portal oficial da institui\u00e7\u00e3o.<\/p>\n","protected":false},"excerpt":{"rendered":"<p>Muitas vezes, subestimamos o impacto de pequenas atitudes em momentos de crise profunda ou incerteza emocional severa. O prov\u00e9rbio sobre a chama pequena nos recorda que a luz n\u00e3o precisa ser intensa para orientar quem est\u00e1 perdido. Pequenos gestos de esperan\u00e7a possuem a for\u00e7a necess\u00e1ria para transformar ambientes escuros em espa\u00e7os de renova\u00e7\u00e3o. Como pequenos [&hellip;]<\/p>\n","protected":false},"author":21,"featured_media":234726,"comment_status":"open","ping_status":"open","sticky":false,"template":"","format":"standard","meta":{"_yoast_wpseo_focuskw":"pequenas atitudes que fortalecem a mente","_yoast_wpseo_title":"","_yoast_wpseo_metadesc":"Pequenos gestos podem iluminar momentos dif\u00edceis. Uma a\u00e7\u00e3o simples tem o poder de mudar percep\u00e7\u00f5es e renovar a esperan\u00e7a em dias pesados.","jnews-multi-image_gallery":[],"jnews_single_post":{"format":"standard"},"jnews_primary_category":[],"jnews_social_meta":[],"jnews_override_counter":[],"footnotes":""},"categories":[112],"tags":[16115,887,18430,18431],"class_list":["post-234719","post","type-post","status-publish","format-standard","has-post-thumbnail","hentry","category-curiosidades","tag-caminho","tag-casa","tag-ditado","tag-flosofia"],"yoast_head":"<!-- This site is optimized with the Yoast SEO plugin v24.6 - https:\/\/yoast.com\/wordpress\/plugins\/seo\/ -->\n<title>Ditado popular: &quot;a chama pequena tamb\u00e9m ilumina a casa inteira quando ningu\u00e9m mais consegue enxergar o caminho&quot; - Correio Braziliense - Radar<\/title>\n<meta name=\"description\" content=\"Pequenos gestos podem iluminar momentos dif\u00edceis. Uma a\u00e7\u00e3o simples tem o poder de mudar percep\u00e7\u00f5es e renovar a esperan\u00e7a em dias pesados.\" \/>\n<meta name=\"robots\" content=\"index, follow, max-snippet:-1, max-image-preview:large, max-video-preview:-1\" \/>\n<link rel=\"canonical\" href=\"https:\/\/www.correiobraziliense.com.br\/cbradar\/ditado-popular-a-chama-pequena-tambem-ilumina-a-casa-inteira-quando-ninguem-mais-consegue-enxergar-o-caminho\/\" \/>\n<meta property=\"og:locale\" content=\"pt_BR\" \/>\n<meta property=\"og:type\" content=\"article\" \/>\n<meta property=\"og:title\" content=\"Ditado popular: &quot;a chama pequena tamb\u00e9m ilumina a casa inteira quando ningu\u00e9m mais consegue enxergar o caminho&quot; - Correio Braziliense - Radar\" \/>\n<meta property=\"og:description\" content=\"Pequenos gestos podem iluminar momentos dif\u00edceis. Uma a\u00e7\u00e3o simples tem o poder de mudar percep\u00e7\u00f5es e renovar a esperan\u00e7a em dias pesados.\" \/>\n<meta property=\"og:url\" content=\"https:\/\/www.correiobraziliense.com.br\/cbradar\/ditado-popular-a-chama-pequena-tambem-ilumina-a-casa-inteira-quando-ninguem-mais-consegue-enxergar-o-caminho\/\" \/>\n<meta property=\"og:site_name\" content=\"Correio Braziliense - Radar\" \/>\n<meta property=\"article:published_time\" content=\"2026-05-01T06:30:00+00:00\" \/>\n<meta property=\"og:image\" content=\"https:\/\/www.correiobraziliense.com.br\/cbradar\/wp-content\/uploads\/2026\/05\/Gemini_Generated_Image_jlr2lejlr2lejlr2-1-1.png\" \/>\n\t<meta property=\"og:image:width\" content=\"1280\" \/>\n\t<meta property=\"og:image:height\" content=\"720\" \/>\n\t<meta property=\"og:image:type\" content=\"image\/png\" \/>\n<meta name=\"author\" content=\"Patrick Silva\" \/>\n<meta name=\"twitter:card\" content=\"summary_large_image\" \/>\n<meta name=\"twitter:label1\" content=\"Escrito por\" \/>\n\t<meta name=\"twitter:data1\" content=\"Patrick Silva\" \/>\n\t<meta name=\"twitter:label2\" content=\"Est. tempo de leitura\" \/>\n\t<meta name=\"twitter:data2\" content=\"5 minutos\" \/>\n<!-- \/ Yoast SEO plugin. -->","yoast_head_json":{"title":"Ditado popular: \"a chama pequena tamb\u00e9m ilumina a casa inteira quando ningu\u00e9m mais consegue enxergar o caminho\" - Correio Braziliense - Radar","description":"Pequenos gestos podem iluminar momentos dif\u00edceis. Uma a\u00e7\u00e3o simples tem o poder de mudar percep\u00e7\u00f5es e renovar a esperan\u00e7a em dias pesados.","robots":{"index":"index","follow":"follow","max-snippet":"max-snippet:-1","max-image-preview":"max-image-preview:large","max-video-preview":"max-video-preview:-1"},"canonical":"https:\/\/www.correiobraziliense.com.br\/cbradar\/ditado-popular-a-chama-pequena-tambem-ilumina-a-casa-inteira-quando-ninguem-mais-consegue-enxergar-o-caminho\/","og_locale":"pt_BR","og_type":"article","og_title":"Ditado popular: \"a chama pequena tamb\u00e9m ilumina a casa inteira quando ningu\u00e9m mais consegue enxergar o caminho\" - Correio Braziliense - Radar","og_description":"Pequenos gestos podem iluminar momentos dif\u00edceis. Uma a\u00e7\u00e3o simples tem o poder de mudar percep\u00e7\u00f5es e renovar a esperan\u00e7a em dias pesados.","og_url":"https:\/\/www.correiobraziliense.com.br\/cbradar\/ditado-popular-a-chama-pequena-tambem-ilumina-a-casa-inteira-quando-ninguem-mais-consegue-enxergar-o-caminho\/","og_site_name":"Correio Braziliense - Radar","article_published_time":"2026-05-01T06:30:00+00:00","og_image":[{"width":1280,"height":720,"url":"https:\/\/www.correiobraziliense.com.br\/cbradar\/wp-content\/uploads\/2026\/05\/Gemini_Generated_Image_jlr2lejlr2lejlr2-1-1.png","type":"image\/png"}],"author":"Patrick Silva","twitter_card":"summary_large_image","twitter_misc":{"Escrito por":"Patrick Silva","Est. tempo de leitura":"5 minutos"},"schema":{"@context":"https:\/\/schema.org","@graph":[{"@type":"WebPage","@id":"https:\/\/www.correiobraziliense.com.br\/cbradar\/ditado-popular-a-chama-pequena-tambem-ilumina-a-casa-inteira-quando-ninguem-mais-consegue-enxergar-o-caminho\/","url":"https:\/\/www.correiobraziliense.com.br\/cbradar\/ditado-popular-a-chama-pequena-tambem-ilumina-a-casa-inteira-quando-ninguem-mais-consegue-enxergar-o-caminho\/","name":"Ditado popular: \"a chama pequena tamb\u00e9m ilumina a casa inteira quando ningu\u00e9m mais consegue enxergar o caminho\" - Correio Braziliense - Radar","isPartOf":{"@id":"https:\/\/www.correiobraziliense.com.br\/cbradar\/#website"},"primaryImageOfPage":{"@id":"https:\/\/www.correiobraziliense.com.br\/cbradar\/ditado-popular-a-chama-pequena-tambem-ilumina-a-casa-inteira-quando-ninguem-mais-consegue-enxergar-o-caminho\/#primaryimage"},"image":{"@id":"https:\/\/www.correiobraziliense.com.br\/cbradar\/ditado-popular-a-chama-pequena-tambem-ilumina-a-casa-inteira-quando-ninguem-mais-consegue-enxergar-o-caminho\/#primaryimage"},"thumbnailUrl":"https:\/\/www.correiobraziliense.com.br\/cbradar\/wp-content\/uploads\/2026\/05\/Gemini_Generated_Image_jlr2lejlr2lejlr2-1-1.png","datePublished":"2026-05-01T06:30:00+00:00","author":{"@id":"https:\/\/www.correiobraziliense.com.br\/cbradar\/#\/schema\/person\/5440b72be9c7eb74f446c846479dc4da"},"description":"Pequenos gestos podem iluminar momentos dif\u00edceis. Uma a\u00e7\u00e3o simples tem o poder de mudar percep\u00e7\u00f5es e renovar a esperan\u00e7a em dias pesados.","breadcrumb":{"@id":"https:\/\/www.correiobraziliense.com.br\/cbradar\/ditado-popular-a-chama-pequena-tambem-ilumina-a-casa-inteira-quando-ninguem-mais-consegue-enxergar-o-caminho\/#breadcrumb"},"inLanguage":"pt-BR","potentialAction":[{"@type":"ReadAction","target":["https:\/\/www.correiobraziliense.com.br\/cbradar\/ditado-popular-a-chama-pequena-tambem-ilumina-a-casa-inteira-quando-ninguem-mais-consegue-enxergar-o-caminho\/"]}]},{"@type":"ImageObject","inLanguage":"pt-BR","@id":"https:\/\/www.correiobraziliense.com.br\/cbradar\/ditado-popular-a-chama-pequena-tambem-ilumina-a-casa-inteira-quando-ninguem-mais-consegue-enxergar-o-caminho\/#primaryimage","url":"https:\/\/www.correiobraziliense.com.br\/cbradar\/wp-content\/uploads\/2026\/05\/Gemini_Generated_Image_jlr2lejlr2lejlr2-1-1.png","contentUrl":"https:\/\/www.correiobraziliense.com.br\/cbradar\/wp-content\/uploads\/2026\/05\/Gemini_Generated_Image_jlr2lejlr2lejlr2-1-1.png","width":1280,"height":720,"caption":"Pequenas atitudes t\u00eam o poder de iluminar at\u00e9 os momentos mais dif\u00edceis da vida"},{"@type":"BreadcrumbList","@id":"https:\/\/www.correiobraziliense.com.br\/cbradar\/ditado-popular-a-chama-pequena-tambem-ilumina-a-casa-inteira-quando-ninguem-mais-consegue-enxergar-o-caminho\/#breadcrumb","itemListElement":[{"@type":"ListItem","position":1,"name":"In\u00edcio","item":"https:\/\/www.correiobraziliense.com.br\/cbradar\/"},{"@type":"ListItem","position":2,"name":"Ditado popular: &#8220;a chama pequena tamb\u00e9m ilumina a casa inteira quando ningu\u00e9m mais consegue enxergar o caminho&#8221;"}]},{"@type":"WebSite","@id":"https:\/\/www.correiobraziliense.com.br\/cbradar\/#website","url":"https:\/\/www.correiobraziliense.com.br\/cbradar\/","name":"Correio Braziliense - Radar","description":"Acompanhe as \u00faltimas not\u00edcias e fique bem informado sobre tudo o que acontece no Brasil e no mundo.","potentialAction":[{"@type":"SearchAction","target":{"@type":"EntryPoint","urlTemplate":"https:\/\/www.correiobraziliense.com.br\/cbradar\/?s={search_term_string}"},"query-input":{"@type":"PropertyValueSpecification","valueRequired":true,"valueName":"search_term_string"}}],"inLanguage":"pt-BR"},{"@type":"Person","@id":"https:\/\/www.correiobraziliense.com.br\/cbradar\/#\/schema\/person\/5440b72be9c7eb74f446c846479dc4da","name":"Patrick Silva","image":{"@type":"ImageObject","inLanguage":"pt-BR","@id":"https:\/\/www.correiobraziliense.com.br\/cbradar\/#\/schema\/person\/image\/","url":"https:\/\/secure.gravatar.com\/avatar\/944109df296fc087785c9715fd5f80b2?s=96&d=mm&r=g","contentUrl":"https:\/\/secure.gravatar.com\/avatar\/944109df296fc087785c9715fd5f80b2?s=96&d=mm&r=g","caption":"Patrick Silva"},"sameAs":["https:\/\/www.correiobraziliense.com.br\/cbradar\/"],"url":"https:\/\/www.correiobraziliense.com.br\/cbradar\/author\/patrick-silva\/"}]}},"_links":{"self":[{"href":"https:\/\/www.correiobraziliense.com.br\/cbradar\/wp-json\/wp\/v2\/posts\/234719","targetHints":{"allow":["GET"]}}],"collection":[{"href":"https:\/\/www.correiobraziliense.com.br\/cbradar\/wp-json\/wp\/v2\/posts"}],"about":[{"href":"https:\/\/www.correiobraziliense.com.br\/cbradar\/wp-json\/wp\/v2\/types\/post"}],"author":[{"embeddable":true,"href":"https:\/\/www.correiobraziliense.com.br\/cbradar\/wp-json\/wp\/v2\/users\/21"}],"replies":[{"embeddable":true,"href":"https:\/\/www.correiobraziliense.com.br\/cbradar\/wp-json\/wp\/v2\/comments?post=234719"}],"version-history":[{"count":7,"href":"https:\/\/www.correiobraziliense.com.br\/cbradar\/wp-json\/wp\/v2\/posts\/234719\/revisions"}],"predecessor-version":[{"id":234733,"href":"https:\/\/www.correiobraziliense.com.br\/cbradar\/wp-json\/wp\/v2\/posts\/234719\/revisions\/234733"}],"wp:featuredmedia":[{"embeddable":true,"href":"https:\/\/www.correiobraziliense.com.br\/cbradar\/wp-json\/wp\/v2\/media\/234726"}],"wp:attachment":[{"href":"https:\/\/www.correiobraziliense.com.br\/cbradar\/wp-json\/wp\/v2\/media?parent=234719"}],"wp:term":[{"taxonomy":"category","embeddable":true,"href":"https:\/\/www.correiobraziliense.com.br\/cbradar\/wp-json\/wp\/v2\/categories?post=234719"},{"taxonomy":"post_tag","embeddable":true,"href":"https:\/\/www.correiobraziliense.com.br\/cbradar\/wp-json\/wp\/v2\/tags?post=234719"}],"curies":[{"name":"wp","href":"https:\/\/api.w.org\/{rel}","templated":true}]}}