{"id":234720,"date":"2026-05-03T10:15:00","date_gmt":"2026-05-03T13:15:00","guid":{"rendered":"https:\/\/www.correiobraziliense.com.br\/cbradar\/?p=234720"},"modified":"2026-05-02T16:38:25","modified_gmt":"2026-05-02T19:38:25","slug":"adeus-a-mesa-de-jantar-encostada-na-parede-o-banco-bau-otimiza-o-espaco-e-ja-virou-tendencia-em-apartamentos-pequenos","status":"publish","type":"post","link":"https:\/\/www.correiobraziliense.com.br\/cbradar\/adeus-a-mesa-de-jantar-encostada-na-parede-o-banco-bau-otimiza-o-espaco-e-ja-virou-tendencia-em-apartamentos-pequenos\/","title":{"rendered":"Adeus \u00e0 mesa de jantar encostada na parede: o banco-ba\u00fa otimiza o espa\u00e7o e j\u00e1 virou tend\u00eancia em apartamentos pequenos"},"content":{"rendered":"\n<p>H\u00e1 <strong>10<\/strong> anos, as plantas encolheram agressivamente, for\u00e7ando o <strong>banco-ba\u00fa que otimiza o espa\u00e7o<\/strong> a substituir grandes cadeiras na mesa de jantar. Essa inteligente marcenaria fixa libera a r\u00edgida circula\u00e7\u00e3o e esconde perfeitamente os pesados utens\u00edlios esquecidos.<\/p>\n\n\n\n<h2 class=\"wp-block-heading\">Por que a planta quadrada tradicional sufoca o tr\u00e2nsito di\u00e1rio?<\/h2>\n\n\n\n<p>O formato cl\u00e1ssico com quatro <strong>assentos soltos<\/strong> exige uma enorme \u00e1rea livre ao redor do pesado m\u00f3vel principal. Puxar o encosto para tr\u00e1s constantemente consome preciosos cent\u00edmetros centrais, o que bloqueia totalmente o fino corredor principal da sua resid\u00eancia em momentos de pressa.<\/p>\n\n\n\n<p>Encostar a pesada base reta de madeira natural contra a fina parede cega anula o uso pr\u00e1tico de um lado inteiro. Essa velha t\u00e1tica limitante da <a href=\"https:\/\/pt.wikipedia.org\/wiki\/Arquitetura_de_interiores\" target=\"_blank\" rel=\"noreferrer noopener\">arquitetura de interiores<\/a> cria cantos mortos in\u00fateis e transmite uma sufocante sensa\u00e7\u00e3o de forte aperto visual ininterrupto.<\/p>\n\n\n<div class=\"wp-block-image\">\n<figure class=\"aligncenter size-full\"><img decoding=\"async\" width=\"1280\" height=\"720\" src=\"https:\/\/www.correiobraziliense.com.br\/cbradar\/wp-content\/uploads\/2026\/04\/IMAGEM_720p_1777559525795.jpg\" alt=\"T\u00e9cnica de limpeza de t\u00e1bua de madeira\" class=\"wp-image-234724\" srcset=\"https:\/\/www.correiobraziliense.com.br\/cbradar\/wp-content\/uploads\/2026\/04\/IMAGEM_720p_1777559525795.jpg 1280w, https:\/\/www.correiobraziliense.com.br\/cbradar\/wp-content\/uploads\/2026\/04\/IMAGEM_720p_1777559525795-300x169.jpg 300w, https:\/\/www.correiobraziliense.com.br\/cbradar\/wp-content\/uploads\/2026\/04\/IMAGEM_720p_1777559525795-768x432.jpg 768w, https:\/\/www.correiobraziliense.com.br\/cbradar\/wp-content\/uploads\/2026\/04\/IMAGEM_720p_1777559525795-750x422.jpg 750w, https:\/\/www.correiobraziliense.com.br\/cbradar\/wp-content\/uploads\/2026\/04\/IMAGEM_720p_1777559525795-1140x641.jpg 1140w\" sizes=\"(max-width: 1280px) 100vw, 1280px\" \/><figcaption class=\"wp-element-caption\">T\u00e9cnica de limpeza de t\u00e1bua de madeira<\/figcaption><\/figure><\/div>\n\n\n<h2 class=\"wp-block-heading\">Como o m\u00f3vel multifuncional resolve a grave falta de gavetas?<\/h2>\n\n\n\n<p>O grande fosso interno vazio do novo <strong>assento cont\u00ednuo<\/strong> atua perfeitamente como um enorme arm\u00e1rio horizontal secreto. Voc\u00ea consegue empilhar facilmente os complexos liquidificadores robustos, as longas toalhas festivas e as redondas panelas pesadas sem comprometer a bela est\u00e9tica frontal estreita.<\/p>\n\n\n\n<p>Esse inteligente compartimento profundo inferior limpa as abarrotadas prateleiras suspensas superiores de forma imediata. Manter os grandes objetos sazonais estrategicamente armazenados abaixo da natural linha dos olhos garante um ambiente imensamente mais equilibrado e organizado para receber os bons convidados frequentes.<\/p>\n\n\n\n<p>Leia tamb\u00e9m: <a href=\"https:\/\/www.correiobraziliense.com.br\/cbradar\/a-psicologia-aponta-que-adultos-que-evitam-conflitos-nao-sao-mais-maduros-mas-aprenderam-na-infancia-que-expressar-emocoes-gerava-punicao\/\" target=\"_blank\" rel=\"noreferrer noopener\">A psicologia aponta que adultos que evitam conflitos n\u00e3o s\u00e3o mais maduros, mas aprenderam na inf\u00e2ncia que expressar emo\u00e7\u00f5es gerava puni\u00e7\u00e3o<\/a><\/p>\n\n\n\n<h3 class=\"wp-block-heading\">O impacto direto na profunda organiza\u00e7\u00e3o visual<\/h3>\n\n\n\n<p>Um amplo campo visual desobstru\u00eddo reduz instantaneamente a constante fadiga mental di\u00e1ria provocada pela extrema polui\u00e7\u00e3o de pequenos objetos espalhados. Retirar as antigas pernas de grossas cadeiras extras do piso melhora a passagem da vassoura e acelera intensamente a pesada rotina de faxina.<\/p>\n\n\n\n<h2 class=\"wp-block-heading\">Quais s\u00e3o as medidas rigorosas para garantir uma boa postura?<\/h2>\n\n\n\n<p>Projetar um r\u00edgido estofado encostado na parede pintada demanda rigor t\u00e9cnico ergon\u00f4mico. Se a forte caixa de madeira for alta, os p\u00e9s ficar\u00e3o terrivelmente suspensos, causando fortes dores lombares musculares ap\u00f3s r\u00e1pidos minutos sentados durante o farto almo\u00e7o familiar.<\/p>\n\n\n\n<p>Respeitar o correto padr\u00e3o matem\u00e1tico previne os grav\u00edssimos desvios articulares cr\u00f4nicos invis\u00edveis decorrentes de assentos dolorosamente rasos.<\/p>\n\n\n\n<p>Observe as exatas dimens\u00f5es padronizadas e recomendadas por experientes profissionais:<\/p>\n\n\n\n<ul class=\"wp-block-list\">\n<li><strong>Altura total exata:<\/strong> O liso topo do confort\u00e1vel encosto macio precisa terminar obrigatoriamente entre <strong>40<\/strong> e <strong>45<\/strong> cent\u00edmetros acima do gelado piso frio.<\/li>\n\n\n\n<li><strong>Profundidade interna \u00fatil:<\/strong> O fechado caixote retangular exige pelo menos exatos <strong>45<\/strong> cent\u00edmetros cont\u00ednuos para acomodar confortavelmente todo o grande peso corporal do adulto m\u00e9dio.<\/li>\n\n\n\n<li><strong>Avan\u00e7o superior necess\u00e1rio:<\/strong> A longa e reta tampa de fechamento precisa ultrapassar a r\u00edgida base central em exatos <strong>5<\/strong> cent\u00edmetros est\u00e9ticos para o delicado calcanhar n\u00e3o bater.<\/li>\n<\/ul>\n\n\n<div class=\"wp-block-image\">\n<figure class=\"aligncenter size-full\"><img decoding=\"async\" width=\"1280\" height=\"720\" src=\"https:\/\/www.correiobraziliense.com.br\/cbradar\/wp-content\/uploads\/2026\/04\/IMAGEM_720p_1777559556913.jpg\" alt=\"T\u00e9cnica de limpeza de t\u00e1bua de madeira\" class=\"wp-image-234725\" srcset=\"https:\/\/www.correiobraziliense.com.br\/cbradar\/wp-content\/uploads\/2026\/04\/IMAGEM_720p_1777559556913.jpg 1280w, https:\/\/www.correiobraziliense.com.br\/cbradar\/wp-content\/uploads\/2026\/04\/IMAGEM_720p_1777559556913-300x169.jpg 300w, https:\/\/www.correiobraziliense.com.br\/cbradar\/wp-content\/uploads\/2026\/04\/IMAGEM_720p_1777559556913-768x432.jpg 768w, https:\/\/www.correiobraziliense.com.br\/cbradar\/wp-content\/uploads\/2026\/04\/IMAGEM_720p_1777559556913-750x422.jpg 750w, https:\/\/www.correiobraziliense.com.br\/cbradar\/wp-content\/uploads\/2026\/04\/IMAGEM_720p_1777559556913-1140x641.jpg 1140w\" sizes=\"(max-width: 1280px) 100vw, 1280px\" \/><figcaption class=\"wp-element-caption\">T\u00e9cnica de limpeza de t\u00e1bua de madeira<\/figcaption><\/figure><\/div>\n\n\n<h2 class=\"wp-block-heading\">Quais tecidos e finos revestimentos suportam intensas manchas alimentares?<\/h2>\n\n\n\n<p>A perigosa proximidade direta com os quentes molhos espessos e doces bebidas escuras exige a correta escolha de excelentes tecidos dur\u00e1veis blindados. As fr\u00e1geis fibras puramente naturais absorvem dolorosamente qualquer leve respingo l\u00edquido acidental, arruinando rapidamente o seu caro e belo investimento financeiro.<\/p>\n\n\n\n<p>Opte pelo liso e muito resistente couro sint\u00e9tico ecol\u00f3gico ou solicite uma r\u00edgida impermeabiliza\u00e7\u00e3o qu\u00edmica industrial diretamente sobre o belo linho claro tramado. Esses excelentes recursos texturizados facilitam a r\u00e1pida higiene b\u00e1sica e mant\u00eam a sofisticada apar\u00eancia original intacta por muitos longos anos ininterruptos.<\/p>\n\n\n\n<h2 class=\"wp-block-heading\">Como decorar a nova \u00e1rea de refei\u00e7\u00f5es sem poluir o visual estreito?<\/h2>\n\n\n\n<p>A s\u00f3lida estrutura externa da forte chapa maci\u00e7a precisa conversar perfeitamente bem com os diversos tons aplicados nos pequenos arm\u00e1rios da sua atual <strong>cozinha integrada<\/strong> metropolitana. O ideal \u00e9 manter a mesma exata paleta de rigorosa pintura neutra suave nas grandes placas.<\/p>\n\n\n\n<p>As brilhantes pinturas lisas fortemente laqueadas e muito claras refletem intensamente a suave luz limpa matinal, ampliando falsamente o estreito per\u00edmetro geom\u00e9trico do seu compacto e moderno c\u00f4modo urbano. Essa bela ilus\u00e3o \u00f3ptica geom\u00e9trica valoriza o im\u00f3vel e entrega real conforto mental para a fam\u00edlia inteira.<\/p>\n\n\n\n<p><\/p>\n","protected":false},"excerpt":{"rendered":"<p>H\u00e1 10 anos, as plantas encolheram agressivamente, for\u00e7ando o banco-ba\u00fa que otimiza o espa\u00e7o a substituir grandes cadeiras na mesa de jantar. Essa inteligente marcenaria fixa libera a r\u00edgida circula\u00e7\u00e3o e esconde perfeitamente os pesados utens\u00edlios esquecidos. Por que a planta quadrada tradicional sufoca o tr\u00e2nsito di\u00e1rio? O formato cl\u00e1ssico com quatro assentos soltos exige [&hellip;]<\/p>\n","protected":false},"author":11,"featured_media":236192,"comment_status":"open","ping_status":"open","sticky":false,"template":"","format":"standard","meta":{"_yoast_wpseo_focuskw":"banco-ba\u00fa otimiza o espa\u00e7o","_yoast_wpseo_title":"","_yoast_wpseo_metadesc":"Lidar com espa\u00e7os curtos exige sa\u00eddas criativas. Avalie como abolir assentos soltos amplia a circula\u00e7\u00e3o e cria excelentes gavetas secretas.","jnews-multi-image_gallery":[],"jnews_single_post":{"format":"standard"},"jnews_primary_category":[],"jnews_social_meta":[],"jnews_override_counter":[],"footnotes":""},"categories":[143],"tags":[10495,549,498,16962],"class_list":["post-234720","post","type-post","status-publish","format-standard","has-post-thumbnail","hentry","category-casa-e-decoracao","tag-apartamentos","tag-arquitetura","tag-cadeiras","tag-marcenaria"],"yoast_head":"<!-- This site is optimized with the Yoast SEO plugin v24.6 - https:\/\/yoast.com\/wordpress\/plugins\/seo\/ -->\n<title>Adeus \u00e0 mesa de jantar encostada na parede: o banco-ba\u00fa otimiza o espa\u00e7o e j\u00e1 virou tend\u00eancia em apartamentos pequenos - Correio Braziliense - Radar<\/title>\n<meta name=\"description\" content=\"Lidar com espa\u00e7os curtos exige sa\u00eddas criativas. Avalie como abolir assentos soltos amplia a circula\u00e7\u00e3o e cria excelentes gavetas secretas.\" \/>\n<meta name=\"robots\" content=\"index, follow, max-snippet:-1, max-image-preview:large, max-video-preview:-1\" \/>\n<link rel=\"canonical\" href=\"https:\/\/www.correiobraziliense.com.br\/cbradar\/adeus-a-mesa-de-jantar-encostada-na-parede-o-banco-bau-otimiza-o-espaco-e-ja-virou-tendencia-em-apartamentos-pequenos\/\" \/>\n<meta property=\"og:locale\" content=\"pt_BR\" \/>\n<meta property=\"og:type\" content=\"article\" \/>\n<meta property=\"og:title\" content=\"Adeus \u00e0 mesa de jantar encostada na parede: o banco-ba\u00fa otimiza o espa\u00e7o e j\u00e1 virou tend\u00eancia em apartamentos pequenos - Correio Braziliense - Radar\" \/>\n<meta property=\"og:description\" content=\"Lidar com espa\u00e7os curtos exige sa\u00eddas criativas. Avalie como abolir assentos soltos amplia a circula\u00e7\u00e3o e cria excelentes gavetas secretas.\" \/>\n<meta property=\"og:url\" content=\"https:\/\/www.correiobraziliense.com.br\/cbradar\/adeus-a-mesa-de-jantar-encostada-na-parede-o-banco-bau-otimiza-o-espaco-e-ja-virou-tendencia-em-apartamentos-pequenos\/\" \/>\n<meta property=\"og:site_name\" content=\"Correio Braziliense - Radar\" \/>\n<meta property=\"article:published_time\" content=\"2026-05-03T13:15:00+00:00\" \/>\n<meta property=\"og:image\" content=\"https:\/\/www.correiobraziliense.com.br\/cbradar\/wp-content\/uploads\/2026\/05\/IMAGEM_720p_1777750667298.jpg\" \/>\n\t<meta property=\"og:image:width\" content=\"1280\" \/>\n\t<meta property=\"og:image:height\" content=\"720\" \/>\n\t<meta property=\"og:image:type\" content=\"image\/jpeg\" \/>\n<meta name=\"author\" content=\"Paulo Custodio\" \/>\n<meta name=\"twitter:card\" content=\"summary_large_image\" \/>\n<meta name=\"twitter:label1\" content=\"Escrito por\" \/>\n\t<meta name=\"twitter:data1\" content=\"Paulo Custodio\" \/>\n\t<meta name=\"twitter:label2\" content=\"Est. tempo de leitura\" \/>\n\t<meta name=\"twitter:data2\" content=\"5 minutos\" \/>\n<!-- \/ Yoast SEO plugin. -->","yoast_head_json":{"title":"Adeus \u00e0 mesa de jantar encostada na parede: o banco-ba\u00fa otimiza o espa\u00e7o e j\u00e1 virou tend\u00eancia em apartamentos pequenos - Correio Braziliense - Radar","description":"Lidar com espa\u00e7os curtos exige sa\u00eddas criativas. Avalie como abolir assentos soltos amplia a circula\u00e7\u00e3o e cria excelentes gavetas secretas.","robots":{"index":"index","follow":"follow","max-snippet":"max-snippet:-1","max-image-preview":"max-image-preview:large","max-video-preview":"max-video-preview:-1"},"canonical":"https:\/\/www.correiobraziliense.com.br\/cbradar\/adeus-a-mesa-de-jantar-encostada-na-parede-o-banco-bau-otimiza-o-espaco-e-ja-virou-tendencia-em-apartamentos-pequenos\/","og_locale":"pt_BR","og_type":"article","og_title":"Adeus \u00e0 mesa de jantar encostada na parede: o banco-ba\u00fa otimiza o espa\u00e7o e j\u00e1 virou tend\u00eancia em apartamentos pequenos - Correio Braziliense - Radar","og_description":"Lidar com espa\u00e7os curtos exige sa\u00eddas criativas. Avalie como abolir assentos soltos amplia a circula\u00e7\u00e3o e cria excelentes gavetas secretas.","og_url":"https:\/\/www.correiobraziliense.com.br\/cbradar\/adeus-a-mesa-de-jantar-encostada-na-parede-o-banco-bau-otimiza-o-espaco-e-ja-virou-tendencia-em-apartamentos-pequenos\/","og_site_name":"Correio Braziliense - Radar","article_published_time":"2026-05-03T13:15:00+00:00","og_image":[{"width":1280,"height":720,"url":"https:\/\/www.correiobraziliense.com.br\/cbradar\/wp-content\/uploads\/2026\/05\/IMAGEM_720p_1777750667298.jpg","type":"image\/jpeg"}],"author":"Paulo Custodio","twitter_card":"summary_large_image","twitter_misc":{"Escrito por":"Paulo Custodio","Est. tempo de leitura":"5 minutos"},"schema":{"@context":"https:\/\/schema.org","@graph":[{"@type":"WebPage","@id":"https:\/\/www.correiobraziliense.com.br\/cbradar\/adeus-a-mesa-de-jantar-encostada-na-parede-o-banco-bau-otimiza-o-espaco-e-ja-virou-tendencia-em-apartamentos-pequenos\/","url":"https:\/\/www.correiobraziliense.com.br\/cbradar\/adeus-a-mesa-de-jantar-encostada-na-parede-o-banco-bau-otimiza-o-espaco-e-ja-virou-tendencia-em-apartamentos-pequenos\/","name":"Adeus \u00e0 mesa de jantar encostada na parede: o banco-ba\u00fa otimiza o espa\u00e7o e j\u00e1 virou tend\u00eancia em apartamentos pequenos - Correio Braziliense - Radar","isPartOf":{"@id":"https:\/\/www.correiobraziliense.com.br\/cbradar\/#website"},"primaryImageOfPage":{"@id":"https:\/\/www.correiobraziliense.com.br\/cbradar\/adeus-a-mesa-de-jantar-encostada-na-parede-o-banco-bau-otimiza-o-espaco-e-ja-virou-tendencia-em-apartamentos-pequenos\/#primaryimage"},"image":{"@id":"https:\/\/www.correiobraziliense.com.br\/cbradar\/adeus-a-mesa-de-jantar-encostada-na-parede-o-banco-bau-otimiza-o-espaco-e-ja-virou-tendencia-em-apartamentos-pequenos\/#primaryimage"},"thumbnailUrl":"https:\/\/www.correiobraziliense.com.br\/cbradar\/wp-content\/uploads\/2026\/05\/IMAGEM_720p_1777750667298.jpg","datePublished":"2026-05-03T13:15:00+00:00","author":{"@id":"https:\/\/www.correiobraziliense.com.br\/cbradar\/#\/schema\/person\/4cec7857301a9a1a2ef249893cd908d3"},"description":"Lidar com espa\u00e7os curtos exige sa\u00eddas criativas. Avalie como abolir assentos soltos amplia a circula\u00e7\u00e3o e cria excelentes gavetas secretas.","breadcrumb":{"@id":"https:\/\/www.correiobraziliense.com.br\/cbradar\/adeus-a-mesa-de-jantar-encostada-na-parede-o-banco-bau-otimiza-o-espaco-e-ja-virou-tendencia-em-apartamentos-pequenos\/#breadcrumb"},"inLanguage":"pt-BR","potentialAction":[{"@type":"ReadAction","target":["https:\/\/www.correiobraziliense.com.br\/cbradar\/adeus-a-mesa-de-jantar-encostada-na-parede-o-banco-bau-otimiza-o-espaco-e-ja-virou-tendencia-em-apartamentos-pequenos\/"]}]},{"@type":"ImageObject","inLanguage":"pt-BR","@id":"https:\/\/www.correiobraziliense.com.br\/cbradar\/adeus-a-mesa-de-jantar-encostada-na-parede-o-banco-bau-otimiza-o-espaco-e-ja-virou-tendencia-em-apartamentos-pequenos\/#primaryimage","url":"https:\/\/www.correiobraziliense.com.br\/cbradar\/wp-content\/uploads\/2026\/05\/IMAGEM_720p_1777750667298.jpg","contentUrl":"https:\/\/www.correiobraziliense.com.br\/cbradar\/wp-content\/uploads\/2026\/05\/IMAGEM_720p_1777750667298.jpg","width":1280,"height":720,"caption":"T\u00e9cnica de limpeza de t\u00e1bua de madeira"},{"@type":"BreadcrumbList","@id":"https:\/\/www.correiobraziliense.com.br\/cbradar\/adeus-a-mesa-de-jantar-encostada-na-parede-o-banco-bau-otimiza-o-espaco-e-ja-virou-tendencia-em-apartamentos-pequenos\/#breadcrumb","itemListElement":[{"@type":"ListItem","position":1,"name":"In\u00edcio","item":"https:\/\/www.correiobraziliense.com.br\/cbradar\/"},{"@type":"ListItem","position":2,"name":"Adeus \u00e0 mesa de jantar encostada na parede: o banco-ba\u00fa otimiza o espa\u00e7o e j\u00e1 virou tend\u00eancia em apartamentos pequenos"}]},{"@type":"WebSite","@id":"https:\/\/www.correiobraziliense.com.br\/cbradar\/#website","url":"https:\/\/www.correiobraziliense.com.br\/cbradar\/","name":"Correio Braziliense - Radar","description":"Acompanhe as \u00faltimas not\u00edcias e fique bem informado sobre tudo o que acontece no Brasil e no mundo.","potentialAction":[{"@type":"SearchAction","target":{"@type":"EntryPoint","urlTemplate":"https:\/\/www.correiobraziliense.com.br\/cbradar\/?s={search_term_string}"},"query-input":{"@type":"PropertyValueSpecification","valueRequired":true,"valueName":"search_term_string"}}],"inLanguage":"pt-BR"},{"@type":"Person","@id":"https:\/\/www.correiobraziliense.com.br\/cbradar\/#\/schema\/person\/4cec7857301a9a1a2ef249893cd908d3","name":"Paulo Custodio","image":{"@type":"ImageObject","inLanguage":"pt-BR","@id":"https:\/\/www.correiobraziliense.com.br\/cbradar\/#\/schema\/person\/image\/","url":"https:\/\/secure.gravatar.com\/avatar\/bcd67168d1534e8fcf4f45c726a87cea?s=96&d=mm&r=g","contentUrl":"https:\/\/secure.gravatar.com\/avatar\/bcd67168d1534e8fcf4f45c726a87cea?s=96&d=mm&r=g","caption":"Paulo Custodio"},"sameAs":["https:\/\/www.correiobraziliense.com.br\/cbradar"],"url":"https:\/\/www.correiobraziliense.com.br\/cbradar\/author\/paulomyth\/"}]}},"_links":{"self":[{"href":"https:\/\/www.correiobraziliense.com.br\/cbradar\/wp-json\/wp\/v2\/posts\/234720","targetHints":{"allow":["GET"]}}],"collection":[{"href":"https:\/\/www.correiobraziliense.com.br\/cbradar\/wp-json\/wp\/v2\/posts"}],"about":[{"href":"https:\/\/www.correiobraziliense.com.br\/cbradar\/wp-json\/wp\/v2\/types\/post"}],"author":[{"embeddable":true,"href":"https:\/\/www.correiobraziliense.com.br\/cbradar\/wp-json\/wp\/v2\/users\/11"}],"replies":[{"embeddable":true,"href":"https:\/\/www.correiobraziliense.com.br\/cbradar\/wp-json\/wp\/v2\/comments?post=234720"}],"version-history":[{"count":2,"href":"https:\/\/www.correiobraziliense.com.br\/cbradar\/wp-json\/wp\/v2\/posts\/234720\/revisions"}],"predecessor-version":[{"id":236193,"href":"https:\/\/www.correiobraziliense.com.br\/cbradar\/wp-json\/wp\/v2\/posts\/234720\/revisions\/236193"}],"wp:featuredmedia":[{"embeddable":true,"href":"https:\/\/www.correiobraziliense.com.br\/cbradar\/wp-json\/wp\/v2\/media\/236192"}],"wp:attachment":[{"href":"https:\/\/www.correiobraziliense.com.br\/cbradar\/wp-json\/wp\/v2\/media?parent=234720"}],"wp:term":[{"taxonomy":"category","embeddable":true,"href":"https:\/\/www.correiobraziliense.com.br\/cbradar\/wp-json\/wp\/v2\/categories?post=234720"},{"taxonomy":"post_tag","embeddable":true,"href":"https:\/\/www.correiobraziliense.com.br\/cbradar\/wp-json\/wp\/v2\/tags?post=234720"}],"curies":[{"name":"wp","href":"https:\/\/api.w.org\/{rel}","templated":true}]}}