{"id":234745,"date":"2026-05-01T22:25:00","date_gmt":"2026-05-02T01:25:00","guid":{"rendered":"https:\/\/www.correiobraziliense.com.br\/cbradar\/?p=234745"},"modified":"2026-04-30T12:00:22","modified_gmt":"2026-04-30T15:00:22","slug":"poucas-pessoas-sabem-por-que-e-importante-secar-a-borracha-da-maquina-de-lavar-depois-de-alguns-ciclos","status":"publish","type":"post","link":"https:\/\/www.correiobraziliense.com.br\/cbradar\/poucas-pessoas-sabem-por-que-e-importante-secar-a-borracha-da-maquina-de-lavar-depois-de-alguns-ciclos\/","title":{"rendered":"Poucas pessoas sabem por que \u00e9 importante secar a borracha da m\u00e1quina de lavar depois de alguns ciclos"},"content":{"rendered":"\n<p>Muitas fam\u00edlias negligenciam a manuten\u00e7\u00e3o b\u00e1sica dos eletrodom\u00e9sticos, o que pode reduzir drasticamente a vida \u00fatil desses equipamentos caros. Secar a borracha da m\u00e1quina de lavar ap\u00f3s o uso evita o ac\u00famulo de umidade e a prolifera\u00e7\u00e3o de microrganismos nocivos. Entender a import\u00e2ncia desse h\u00e1bito simples garante roupas mais limpas e preserva a sa\u00fade.<\/p>\n\n\n\n<h2 class=\"wp-block-heading\">Por que a umidade acumulada favorece o aparecimento de manchas pretas?<\/h2>\n\n\n\n<p>O ambiente escuro e \u00famido das dobras da veda\u00e7\u00e3o \u00e9 o local ideal para o crescimento de fungos e bact\u00e9rias. Quando a \u00e1gua fica parada ap\u00f3s o ciclo de lavagem, ela cria um biofilme que se transforma em bolor escuro dif\u00edcil de remover. Esse ac\u00famulo constante compromete a higiene interna e causa odores desagrad\u00e1veis em todas as roupas.<\/p>\n\n\n\n<p>Ignorar a secagem da borracha permite que o mofo penetre profundamente no material poroso, tornando a limpeza superficial ineficaz. Com o tempo, essas manchas podem ser transferidas para os tecidos durante a centrifuga\u00e7\u00e3o, arruinando pe\u00e7as delicadas e claras. A <strong>higieniza\u00e7\u00e3o preventiva<\/strong> \u00e9 a \u00fanica forma de evitar gastos elevados com a substitui\u00e7\u00e3o total dessa pe\u00e7a pl\u00e1stica essencial.<\/p>\n\n\n\n<figure class=\"wp-block-image size-full\"><img decoding=\"async\" width=\"1280\" height=\"720\" src=\"https:\/\/www.correiobraziliense.com.br\/cbradar\/wp-content\/uploads\/2026\/05\/Gemini_Generated_Image_vxb0x2vxb0x2vxb0-1-1.png\" alt=\"\" class=\"wp-image-234749\" srcset=\"https:\/\/www.correiobraziliense.com.br\/cbradar\/wp-content\/uploads\/2026\/05\/Gemini_Generated_Image_vxb0x2vxb0x2vxb0-1-1.png 1280w, https:\/\/www.correiobraziliense.com.br\/cbradar\/wp-content\/uploads\/2026\/05\/Gemini_Generated_Image_vxb0x2vxb0x2vxb0-1-1-300x169.png 300w, https:\/\/www.correiobraziliense.com.br\/cbradar\/wp-content\/uploads\/2026\/05\/Gemini_Generated_Image_vxb0x2vxb0x2vxb0-1-1-768x432.png 768w, https:\/\/www.correiobraziliense.com.br\/cbradar\/wp-content\/uploads\/2026\/05\/Gemini_Generated_Image_vxb0x2vxb0x2vxb0-1-1-750x422.png 750w, https:\/\/www.correiobraziliense.com.br\/cbradar\/wp-content\/uploads\/2026\/05\/Gemini_Generated_Image_vxb0x2vxb0x2vxb0-1-1-1140x641.png 1140w\" sizes=\"(max-width: 1280px) 100vw, 1280px\" \/><figcaption class=\"wp-element-caption\">Um h\u00e1bito simples ap\u00f3s lavar roupas evita mofo e prolonga a vida da m\u00e1quina<\/figcaption><\/figure>\n\n\n\n<h2 class=\"wp-block-heading\">Como o mau cheiro nas roupas est\u00e1 ligado \u00e0 falta de manuten\u00e7\u00e3o?<\/h2>\n\n\n\n<p>A presen\u00e7a de res\u00edduos de sab\u00e3o e amaciante misturados com \u00e1gua parada gera uma fermenta\u00e7\u00e3o qu\u00edmica que produz odores fortes. Mesmo utilizando produtos perfumados de alta qualidade, as roupas podem sair da <strong><a href=\"https:\/\/www.correiobraziliense.com.br\/cbradar\/colocar-gelo-na-maquina-de-lavar-para-que-serve-e-por-que-pode-melhorar-o-resultado-das-roupas\/\" target=\"_blank\" rel=\"noreferrer noopener\">m\u00e1quina <\/a><\/strong>com um cheiro de mofo persistente e inc\u00f4modo. Esse problema \u00e9 um sinal claro de que o sistema de drenagem e veda\u00e7\u00e3o est\u00e1 contaminado.<\/p>\n\n\n\n<p>Ao fechar a porta do equipamento imediatamente ap\u00f3s o uso, voc\u00ea aprisiona o vapor quente, acelerando a decomposi\u00e7\u00e3o de detritos org\u00e2nicos. A umidade residual reage com os restos de fibras de tecido, criando um ambiente prop\u00edcio para a prolifera\u00e7\u00e3o bacteriana acelerada. Manter a <strong>ventila\u00e7\u00e3o adequada<\/strong> \u00e9 crucial para garantir que as fibras t\u00eaxteis fiquem realmente limpas e cheirosas.<\/p>\n\n\n\n<h2 class=\"wp-block-heading\">De que forma a durabilidade do equipamento \u00e9 afetada pelo descaso?<\/h2>\n\n\n\n<p>A exposi\u00e7\u00e3o prolongada \u00e0 \u00e1gua e ao mofo pode ressecar a borracha, causando rachaduras que levam a vazamentos graves no futuro. Um pequeno vazamento na veda\u00e7\u00e3o frontal pode danificar componentes eletr\u00f4nicos internos ou molhar o piso, gerando custos imprevistos de reparo. Investir poucos minutos na secagem manual protege o seu investimento e evita transtornos dom\u00e9sticos desnecess\u00e1rios e caros.<\/p>\n\n\n\n<p>Para assegurar o funcionamento perfeito do seu eletrodom\u00e9stico e manter a higiene impec\u00e1vel, considere integrar estas medidas pr\u00e1ticas ao seu cronograma semanal:<\/p>\n\n\n\n<ul class=\"wp-block-list\">\n<li>Usar um pano de microfibra seco ap\u00f3s cada lavagem.<\/li>\n\n\n\n<li>Remover res\u00edduos de sab\u00e3o acumulados nas dobras pl\u00e1sticas.<\/li>\n\n\n\n<li>Deixar a porta entreaberta para facilitar a evapora\u00e7\u00e3o total.<\/li>\n\n\n\n<li>Realizar um ciclo de limpeza interna com vinagre branco.<\/li>\n<\/ul>\n\n\n\n<h2 class=\"wp-block-heading\">Quais cuidados garantem uma veda\u00e7\u00e3o sempre livre de contaminantes?<\/h2>\n\n\n\n<p>Limpar as bordas com uma mistura de \u00e1gua e bicarbonato de s\u00f3dio ajuda a neutralizar odores e remover manchas persistentes. \u00c9 importante alcan\u00e7ar as \u00e1reas mais profundas da borracha, onde a sujeira costuma se esconder dos olhos menos atentos. Esse cuidado semanal impede que a col\u00f4nia de fungos se estabele\u00e7a de forma permanente na superf\u00edcie do material emborrachado.<\/p>\n\n\n\n<p>Al\u00e9m da limpeza f\u00edsica, verificar se objetos pequenos como moedas ou grampos ficaram presos na borracha evita rasgos acidentais durante a centrifuga\u00e7\u00e3o. Esses detritos podem reter ainda mais umidade e detritos org\u00e2nicos, agravando o problema do mofo e do mau cheiro. Uma <strong>inspe\u00e7\u00e3o visual r\u00e1pida<\/strong> economiza tempo e dinheiro, mantendo a integridade estrutural da m\u00e1quina de lavar por d\u00e9cadas.<\/p>\n\n\n\n<figure class=\"wp-block-image size-full\"><img decoding=\"async\" width=\"1280\" height=\"720\" src=\"https:\/\/www.correiobraziliense.com.br\/cbradar\/wp-content\/uploads\/2026\/05\/Gemini_Generated_Image_c90jp6c90jp6c90j-1-1.png\" alt=\"\" class=\"wp-image-234752\" srcset=\"https:\/\/www.correiobraziliense.com.br\/cbradar\/wp-content\/uploads\/2026\/05\/Gemini_Generated_Image_c90jp6c90jp6c90j-1-1.png 1280w, https:\/\/www.correiobraziliense.com.br\/cbradar\/wp-content\/uploads\/2026\/05\/Gemini_Generated_Image_c90jp6c90jp6c90j-1-1-300x169.png 300w, https:\/\/www.correiobraziliense.com.br\/cbradar\/wp-content\/uploads\/2026\/05\/Gemini_Generated_Image_c90jp6c90jp6c90j-1-1-768x432.png 768w, https:\/\/www.correiobraziliense.com.br\/cbradar\/wp-content\/uploads\/2026\/05\/Gemini_Generated_Image_c90jp6c90jp6c90j-1-1-750x422.png 750w, https:\/\/www.correiobraziliense.com.br\/cbradar\/wp-content\/uploads\/2026\/05\/Gemini_Generated_Image_c90jp6c90jp6c90j-1-1-1140x641.png 1140w\" sizes=\"(max-width: 1280px) 100vw, 1280px\" \/><figcaption class=\"wp-element-caption\">Um h\u00e1bito simples ap\u00f3s lavar roupas evita mofo e prolonga a vida da m\u00e1quina<\/figcaption><\/figure>\n\n\n\n<h2 class=\"wp-block-heading\">O que os especialistas dizem sobre os riscos de sa\u00fade em m\u00e1quinas sujas?<\/h2>\n\n\n\n<p>A prolifera\u00e7\u00e3o de bolor na veda\u00e7\u00e3o pode desencadear rea\u00e7\u00f5es al\u00e9rgicas ou problemas respirat\u00f3rios em pessoas sens\u00edveis que utilizam as roupas contaminadas. Esporos de fungos microsc\u00f3picos permanecem nos tecidos mesmo ap\u00f3s a lavagem se o ambiente interno n\u00e3o for devidamente higienizado. Manter o eletrodom\u00e9stico seco \u00e9 uma quest\u00e3o de <strong>seguran\u00e7a familiar<\/strong> que ultrapassa a simples est\u00e9tica do aparelho dom\u00e9stico.<\/p>\n\n\n\n<p>\u00d3rg\u00e3os de sa\u00fade alertam que a manuten\u00e7\u00e3o preventiva reduz a exposi\u00e7\u00e3o a al\u00e9rgenos dom\u00e9sticos comuns que afetam a qualidade do ar interno. Para obter orienta\u00e7\u00f5es t\u00e9cnicas completas sobre como manter seus eletrodom\u00e9sticos higienizados, verifique o manual de boas pr\u00e1ticas para o <a target=\"_blank\" rel=\"noreferrer noopener\" href=\"https:\/\/www.epa.gov\/mold\/mold-course-chapter-2\">controle de umidade e mofo<\/a> disponibilizado pela autoridade ambiental norte-americana para todos os consumidores.<\/p>\n","protected":false},"excerpt":{"rendered":"<p>Muitas fam\u00edlias negligenciam a manuten\u00e7\u00e3o b\u00e1sica dos eletrodom\u00e9sticos, o que pode reduzir drasticamente a vida \u00fatil desses equipamentos caros. Secar a borracha da m\u00e1quina de lavar ap\u00f3s o uso evita o ac\u00famulo de umidade e a prolifera\u00e7\u00e3o de microrganismos nocivos. Entender a import\u00e2ncia desse h\u00e1bito simples garante roupas mais limpas e preserva a sa\u00fade. Por [&hellip;]<\/p>\n","protected":false},"author":21,"featured_media":234748,"comment_status":"open","ping_status":"open","sticky":false,"template":"","format":"standard","meta":{"_yoast_wpseo_focuskw":"como evitar mofo na borracha da lavadora","_yoast_wpseo_title":"","_yoast_wpseo_metadesc":"Um h\u00e1bito simples ap\u00f3s lavar roupas pode evitar mofo e mau cheiro. Ignorar esse detalhe favorece sujeira invis\u00edvel que contamina tudo.","jnews-multi-image_gallery":[],"jnews_single_post":{"format":"standard"},"jnews_primary_category":[],"jnews_social_meta":[],"jnews_override_counter":[],"footnotes":""},"categories":[112],"tags":[9543,887,4082],"class_list":["post-234745","post","type-post","status-publish","format-standard","has-post-thumbnail","hentry","category-curiosidades","tag-borracha","tag-casa","tag-maquina-de-lavar"],"yoast_head":"<!-- This site is optimized with the Yoast SEO plugin v24.6 - https:\/\/yoast.com\/wordpress\/plugins\/seo\/ -->\n<title>Poucas pessoas sabem por que \u00e9 importante secar a borracha da m\u00e1quina de lavar depois de alguns ciclos - Correio Braziliense - Radar<\/title>\n<meta name=\"description\" content=\"Um h\u00e1bito simples ap\u00f3s lavar roupas pode evitar mofo e mau cheiro. Ignorar esse detalhe favorece sujeira invis\u00edvel que contamina tudo.\" \/>\n<meta name=\"robots\" content=\"index, follow, max-snippet:-1, max-image-preview:large, max-video-preview:-1\" \/>\n<link rel=\"canonical\" href=\"https:\/\/www.correiobraziliense.com.br\/cbradar\/poucas-pessoas-sabem-por-que-e-importante-secar-a-borracha-da-maquina-de-lavar-depois-de-alguns-ciclos\/\" \/>\n<meta property=\"og:locale\" content=\"pt_BR\" \/>\n<meta property=\"og:type\" content=\"article\" \/>\n<meta property=\"og:title\" content=\"Poucas pessoas sabem por que \u00e9 importante secar a borracha da m\u00e1quina de lavar depois de alguns ciclos - Correio Braziliense - Radar\" \/>\n<meta property=\"og:description\" content=\"Um h\u00e1bito simples ap\u00f3s lavar roupas pode evitar mofo e mau cheiro. Ignorar esse detalhe favorece sujeira invis\u00edvel que contamina tudo.\" \/>\n<meta property=\"og:url\" content=\"https:\/\/www.correiobraziliense.com.br\/cbradar\/poucas-pessoas-sabem-por-que-e-importante-secar-a-borracha-da-maquina-de-lavar-depois-de-alguns-ciclos\/\" \/>\n<meta property=\"og:site_name\" content=\"Correio Braziliense - Radar\" \/>\n<meta property=\"article:published_time\" content=\"2026-05-02T01:25:00+00:00\" \/>\n<meta property=\"og:image\" content=\"https:\/\/www.correiobraziliense.com.br\/cbradar\/wp-content\/uploads\/2026\/05\/Gemini_Generated_Image_d7ljwwd7ljwwd7lj-1-1.png\" \/>\n\t<meta property=\"og:image:width\" content=\"1280\" \/>\n\t<meta property=\"og:image:height\" content=\"720\" \/>\n\t<meta property=\"og:image:type\" content=\"image\/png\" \/>\n<meta name=\"author\" content=\"Patrick Silva\" \/>\n<meta name=\"twitter:card\" content=\"summary_large_image\" \/>\n<meta name=\"twitter:label1\" content=\"Escrito por\" \/>\n\t<meta name=\"twitter:data1\" content=\"Patrick Silva\" \/>\n\t<meta name=\"twitter:label2\" content=\"Est. tempo de leitura\" \/>\n\t<meta name=\"twitter:data2\" content=\"5 minutos\" \/>\n<!-- \/ Yoast SEO plugin. -->","yoast_head_json":{"title":"Poucas pessoas sabem por que \u00e9 importante secar a borracha da m\u00e1quina de lavar depois de alguns ciclos - Correio Braziliense - Radar","description":"Um h\u00e1bito simples ap\u00f3s lavar roupas pode evitar mofo e mau cheiro. Ignorar esse detalhe favorece sujeira invis\u00edvel que contamina tudo.","robots":{"index":"index","follow":"follow","max-snippet":"max-snippet:-1","max-image-preview":"max-image-preview:large","max-video-preview":"max-video-preview:-1"},"canonical":"https:\/\/www.correiobraziliense.com.br\/cbradar\/poucas-pessoas-sabem-por-que-e-importante-secar-a-borracha-da-maquina-de-lavar-depois-de-alguns-ciclos\/","og_locale":"pt_BR","og_type":"article","og_title":"Poucas pessoas sabem por que \u00e9 importante secar a borracha da m\u00e1quina de lavar depois de alguns ciclos - Correio Braziliense - Radar","og_description":"Um h\u00e1bito simples ap\u00f3s lavar roupas pode evitar mofo e mau cheiro. Ignorar esse detalhe favorece sujeira invis\u00edvel que contamina tudo.","og_url":"https:\/\/www.correiobraziliense.com.br\/cbradar\/poucas-pessoas-sabem-por-que-e-importante-secar-a-borracha-da-maquina-de-lavar-depois-de-alguns-ciclos\/","og_site_name":"Correio Braziliense - Radar","article_published_time":"2026-05-02T01:25:00+00:00","og_image":[{"width":1280,"height":720,"url":"https:\/\/www.correiobraziliense.com.br\/cbradar\/wp-content\/uploads\/2026\/05\/Gemini_Generated_Image_d7ljwwd7ljwwd7lj-1-1.png","type":"image\/png"}],"author":"Patrick Silva","twitter_card":"summary_large_image","twitter_misc":{"Escrito por":"Patrick Silva","Est. tempo de leitura":"5 minutos"},"schema":{"@context":"https:\/\/schema.org","@graph":[{"@type":"WebPage","@id":"https:\/\/www.correiobraziliense.com.br\/cbradar\/poucas-pessoas-sabem-por-que-e-importante-secar-a-borracha-da-maquina-de-lavar-depois-de-alguns-ciclos\/","url":"https:\/\/www.correiobraziliense.com.br\/cbradar\/poucas-pessoas-sabem-por-que-e-importante-secar-a-borracha-da-maquina-de-lavar-depois-de-alguns-ciclos\/","name":"Poucas pessoas sabem por que \u00e9 importante secar a borracha da m\u00e1quina de lavar depois de alguns ciclos - Correio Braziliense - Radar","isPartOf":{"@id":"https:\/\/www.correiobraziliense.com.br\/cbradar\/#website"},"primaryImageOfPage":{"@id":"https:\/\/www.correiobraziliense.com.br\/cbradar\/poucas-pessoas-sabem-por-que-e-importante-secar-a-borracha-da-maquina-de-lavar-depois-de-alguns-ciclos\/#primaryimage"},"image":{"@id":"https:\/\/www.correiobraziliense.com.br\/cbradar\/poucas-pessoas-sabem-por-que-e-importante-secar-a-borracha-da-maquina-de-lavar-depois-de-alguns-ciclos\/#primaryimage"},"thumbnailUrl":"https:\/\/www.correiobraziliense.com.br\/cbradar\/wp-content\/uploads\/2026\/05\/Gemini_Generated_Image_d7ljwwd7ljwwd7lj-1-1.png","datePublished":"2026-05-02T01:25:00+00:00","author":{"@id":"https:\/\/www.correiobraziliense.com.br\/cbradar\/#\/schema\/person\/5440b72be9c7eb74f446c846479dc4da"},"description":"Um h\u00e1bito simples ap\u00f3s lavar roupas pode evitar mofo e mau cheiro. Ignorar esse detalhe favorece sujeira invis\u00edvel que contamina tudo.","breadcrumb":{"@id":"https:\/\/www.correiobraziliense.com.br\/cbradar\/poucas-pessoas-sabem-por-que-e-importante-secar-a-borracha-da-maquina-de-lavar-depois-de-alguns-ciclos\/#breadcrumb"},"inLanguage":"pt-BR","potentialAction":[{"@type":"ReadAction","target":["https:\/\/www.correiobraziliense.com.br\/cbradar\/poucas-pessoas-sabem-por-que-e-importante-secar-a-borracha-da-maquina-de-lavar-depois-de-alguns-ciclos\/"]}]},{"@type":"ImageObject","inLanguage":"pt-BR","@id":"https:\/\/www.correiobraziliense.com.br\/cbradar\/poucas-pessoas-sabem-por-que-e-importante-secar-a-borracha-da-maquina-de-lavar-depois-de-alguns-ciclos\/#primaryimage","url":"https:\/\/www.correiobraziliense.com.br\/cbradar\/wp-content\/uploads\/2026\/05\/Gemini_Generated_Image_d7ljwwd7ljwwd7lj-1-1.png","contentUrl":"https:\/\/www.correiobraziliense.com.br\/cbradar\/wp-content\/uploads\/2026\/05\/Gemini_Generated_Image_d7ljwwd7ljwwd7lj-1-1.png","width":1280,"height":720,"caption":"Um h\u00e1bito simples ap\u00f3s lavar roupas evita mofo e prolonga a vida da m\u00e1quina"},{"@type":"BreadcrumbList","@id":"https:\/\/www.correiobraziliense.com.br\/cbradar\/poucas-pessoas-sabem-por-que-e-importante-secar-a-borracha-da-maquina-de-lavar-depois-de-alguns-ciclos\/#breadcrumb","itemListElement":[{"@type":"ListItem","position":1,"name":"In\u00edcio","item":"https:\/\/www.correiobraziliense.com.br\/cbradar\/"},{"@type":"ListItem","position":2,"name":"Poucas pessoas sabem por que \u00e9 importante secar a borracha da m\u00e1quina de lavar depois de alguns ciclos"}]},{"@type":"WebSite","@id":"https:\/\/www.correiobraziliense.com.br\/cbradar\/#website","url":"https:\/\/www.correiobraziliense.com.br\/cbradar\/","name":"Correio Braziliense - Radar","description":"Acompanhe as \u00faltimas not\u00edcias e fique bem informado sobre tudo o que acontece no Brasil e no mundo.","potentialAction":[{"@type":"SearchAction","target":{"@type":"EntryPoint","urlTemplate":"https:\/\/www.correiobraziliense.com.br\/cbradar\/?s={search_term_string}"},"query-input":{"@type":"PropertyValueSpecification","valueRequired":true,"valueName":"search_term_string"}}],"inLanguage":"pt-BR"},{"@type":"Person","@id":"https:\/\/www.correiobraziliense.com.br\/cbradar\/#\/schema\/person\/5440b72be9c7eb74f446c846479dc4da","name":"Patrick Silva","image":{"@type":"ImageObject","inLanguage":"pt-BR","@id":"https:\/\/www.correiobraziliense.com.br\/cbradar\/#\/schema\/person\/image\/","url":"https:\/\/secure.gravatar.com\/avatar\/944109df296fc087785c9715fd5f80b2?s=96&d=mm&r=g","contentUrl":"https:\/\/secure.gravatar.com\/avatar\/944109df296fc087785c9715fd5f80b2?s=96&d=mm&r=g","caption":"Patrick Silva"},"sameAs":["https:\/\/www.correiobraziliense.com.br\/cbradar\/"],"url":"https:\/\/www.correiobraziliense.com.br\/cbradar\/author\/patrick-silva\/"}]}},"_links":{"self":[{"href":"https:\/\/www.correiobraziliense.com.br\/cbradar\/wp-json\/wp\/v2\/posts\/234745","targetHints":{"allow":["GET"]}}],"collection":[{"href":"https:\/\/www.correiobraziliense.com.br\/cbradar\/wp-json\/wp\/v2\/posts"}],"about":[{"href":"https:\/\/www.correiobraziliense.com.br\/cbradar\/wp-json\/wp\/v2\/types\/post"}],"author":[{"embeddable":true,"href":"https:\/\/www.correiobraziliense.com.br\/cbradar\/wp-json\/wp\/v2\/users\/21"}],"replies":[{"embeddable":true,"href":"https:\/\/www.correiobraziliense.com.br\/cbradar\/wp-json\/wp\/v2\/comments?post=234745"}],"version-history":[{"count":3,"href":"https:\/\/www.correiobraziliense.com.br\/cbradar\/wp-json\/wp\/v2\/posts\/234745\/revisions"}],"predecessor-version":[{"id":234755,"href":"https:\/\/www.correiobraziliense.com.br\/cbradar\/wp-json\/wp\/v2\/posts\/234745\/revisions\/234755"}],"wp:featuredmedia":[{"embeddable":true,"href":"https:\/\/www.correiobraziliense.com.br\/cbradar\/wp-json\/wp\/v2\/media\/234748"}],"wp:attachment":[{"href":"https:\/\/www.correiobraziliense.com.br\/cbradar\/wp-json\/wp\/v2\/media?parent=234745"}],"wp:term":[{"taxonomy":"category","embeddable":true,"href":"https:\/\/www.correiobraziliense.com.br\/cbradar\/wp-json\/wp\/v2\/categories?post=234745"},{"taxonomy":"post_tag","embeddable":true,"href":"https:\/\/www.correiobraziliense.com.br\/cbradar\/wp-json\/wp\/v2\/tags?post=234745"}],"curies":[{"name":"wp","href":"https:\/\/api.w.org\/{rel}","templated":true}]}}