{"id":234756,"date":"2026-05-01T11:25:00","date_gmt":"2026-05-01T14:25:00","guid":{"rendered":"https:\/\/www.correiobraziliense.com.br\/cbradar\/?p=234756"},"modified":"2026-04-30T23:54:43","modified_gmt":"2026-05-01T02:54:43","slug":"quase-ninguem-percebe-por-que-a-maquina-de-lavar-pode-deixar-as-roupas-com-cheiro-ruim-mesmo-depois-do-sabao","status":"publish","type":"post","link":"https:\/\/www.correiobraziliense.com.br\/cbradar\/quase-ninguem-percebe-por-que-a-maquina-de-lavar-pode-deixar-as-roupas-com-cheiro-ruim-mesmo-depois-do-sabao\/","title":{"rendered":"Quase ningu\u00e9m percebe por que a m\u00e1quina de lavar pode deixar as roupas com cheiro ruim mesmo depois do sab\u00e3o"},"content":{"rendered":"\n<p>Muitas pessoas ficam frustradas quando retiram as pe\u00e7as da m\u00e1quina e percebem um aroma desagrad\u00e1vel vindo do tecido. Esse problema comum acontece devido ao ac\u00famulo invis\u00edvel de res\u00edduos de produtos e bact\u00e9rias dentro do tambor. Entender as causas reais desse mau cheiro permite que voc\u00ea mantenha suas roupas sempre perfumadas e higienizadas adequadamente.<\/p>\n\n\n\n<h2 class=\"wp-block-heading\">Como o excesso de amaciante contribui para a prolifera\u00e7\u00e3o de odores?<\/h2>\n\n\n\n<p>O uso exagerado de produtos qu\u00edmicos cria uma camada gordurosa nas partes internas do eletrodom\u00e9stico que ningu\u00e9m consegue enxergar. Essa pel\u00edcula adere \u00e0s mangueiras e ao tambor, servindo de alimento para microrganismos que produzem gases malcheirosos durante o ciclo. <strong>Utilizar a dosagem correta recomendada pelo fabricante<\/strong> evita que essa sujeira invis\u00edvel contamine suas roupas limpas diariamente.<\/p>\n\n\n\n<p>Quando os res\u00edduos de sab\u00e3o em p\u00f3 n\u00e3o s\u00e3o totalmente dissolvidos, eles se transformam em uma massa pegajosa e \u00famida. Essa subst\u00e2ncia retarda a secagem interna da <strong><a href=\"https:\/\/www.correiobraziliense.com.br\/cbradar\/colocar-gelo-na-maquina-de-lavar-para-que-serve-e-por-que-pode-melhorar-o-resultado-das-roupas\/\" target=\"_blank\" rel=\"noreferrer noopener\">m\u00e1quina <\/a><\/strong>e favorece a fermenta\u00e7\u00e3o de detritos org\u00e2nicos vindos das pr\u00f3prias pe\u00e7as de vestu\u00e1rio. <strong>Manter o compartimento de sab\u00e3o sempre limpo<\/strong> \u00e9 um passo fundamental para garantir a efici\u00eancia total e o frescor de todos os tecidos.<\/p>\n\n\n\n<figure class=\"wp-block-image size-full\"><img decoding=\"async\" width=\"1280\" height=\"720\" src=\"https:\/\/www.correiobraziliense.com.br\/cbradar\/wp-content\/uploads\/2026\/05\/Gemini_Generated_Image_rvr41zrvr41zrvr4-1-1.png\" alt=\"Quase ningu\u00e9m percebe por que a m\u00e1quina de lavar pode deixar as roupas com cheiro ruim mesmo depois do sab\u00e3o\" class=\"wp-image-234762\" srcset=\"https:\/\/www.correiobraziliense.com.br\/cbradar\/wp-content\/uploads\/2026\/05\/Gemini_Generated_Image_rvr41zrvr41zrvr4-1-1.png 1280w, https:\/\/www.correiobraziliense.com.br\/cbradar\/wp-content\/uploads\/2026\/05\/Gemini_Generated_Image_rvr41zrvr41zrvr4-1-1-300x169.png 300w, https:\/\/www.correiobraziliense.com.br\/cbradar\/wp-content\/uploads\/2026\/05\/Gemini_Generated_Image_rvr41zrvr41zrvr4-1-1-768x432.png 768w, https:\/\/www.correiobraziliense.com.br\/cbradar\/wp-content\/uploads\/2026\/05\/Gemini_Generated_Image_rvr41zrvr41zrvr4-1-1-750x422.png 750w, https:\/\/www.correiobraziliense.com.br\/cbradar\/wp-content\/uploads\/2026\/05\/Gemini_Generated_Image_rvr41zrvr41zrvr4-1-1-1140x641.png 1140w\" sizes=\"(max-width: 1280px) 100vw, 1280px\" \/><figcaption class=\"wp-element-caption\">Roupas com cheiro ruim ap\u00f3s lavar podem indicar falhas ocultas na m\u00e1quina<\/figcaption><\/figure>\n\n\n\n<h2 class=\"wp-block-heading\">Por que lavar roupas apenas com \u00e1gua fria pode ser um erro?<\/h2>\n\n\n\n<p>A \u00e1gua em baixas temperaturas n\u00e3o possui for\u00e7a suficiente para dissolver completamente a gordura corporal que fica presa nas fibras. Esse \u00f3leo se acumula no interior da m\u00e1quina, criando um ambiente prop\u00edcio para a sobreviv\u00eancia de col\u00f4nias bacterianas persistentes. <strong>Alternar com ciclos de \u00e1gua quente<\/strong> ajuda a sanitizar o sistema interno e a eliminar odores dif\u00edceis que resistem aos detergentes comuns.<\/p>\n\n\n\n<p>Ciclos curtos e frios economizam energia, mas podem deixar vest\u00edgios de sujeira que apodrecem com o passar do tempo. A falta de calor permite que o biofilme se fortale\u00e7a nas \u00e1reas de dif\u00edcil acesso, como atr\u00e1s do tambor girat\u00f3rio. <strong>Priorizar lavagens intensas ocasionalmente<\/strong> garante que os componentes internos recebam a higieniza\u00e7\u00e3o necess\u00e1ria para funcionar com m\u00e1xima perfei\u00e7\u00e3o t\u00e9cnica e sem exalar cheiros ruins.<\/p>\n\n\n\n<h2 class=\"wp-block-heading\">Quais s\u00e3o os locais mais cr\u00edticos que escondem a sujeira pesada?<\/h2>\n\n\n\n<p>Existem pontos espec\u00edficos que ret\u00eam umidade e sujeira sem que o usu\u00e1rio perceba durante a rotina de lavagem comum. O filtro da bomba e a parte traseira do agitador s\u00e3o esconderijos perfeitos para restos de tecidos e pequenos objetos esquecidos nos bolsos. <\/p>\n\n\n\n<p><strong>Fazer uma limpeza profunda mensal<\/strong> impede que esses detritos estraguem a qualidade da sua lavagem e causem danos mec\u00e2nicos:<\/p>\n\n\n\n<ul class=\"wp-block-list\">\n<li>Filtro de drenagem obstru\u00eddo por fiapos e cabelos.<\/li>\n\n\n\n<li>Gaveta de dispensa de sab\u00e3o com restos endurecidos.<\/li>\n\n\n\n<li>Parte interna das mangueiras de entrada de \u00e1gua.<\/li>\n\n\n\n<li>Espa\u00e7o estreito entre o tambor e a carca\u00e7a.<\/li>\n<\/ul>\n\n\n\n<h2 class=\"wp-block-heading\">De que forma o sistema de esgoto influencia no cheiro do tambor?<\/h2>\n\n\n\n<p>Se a mangueira de drenagem estiver instalada incorretamente, o mau cheiro do encanamento pode retornar para dentro da m\u00e1quina. Esse refluxo de gases f\u00e9tidos contamina o ambiente interno e penetra nas fibras das roupas durante o enx\u00e1gue final. <strong>Verificar a altura correta do cano de sa\u00edda<\/strong> evita que o esgoto comprometa a limpeza das suas pe\u00e7as de vestu\u00e1rio mais queridas e delicadas.<\/p>\n\n\n\n<p>O ac\u00famulo de \u00e1gua parada na mangueira de sa\u00edda tamb\u00e9m gera odores que lembram ovos podres ou esgoto dom\u00e9stico. \u00c9 essencial garantir que o fluxo de descarte seja r\u00e1pido e eficiente para que nada retorne ao tambor central. <strong>Limpar o dreno periodicamente<\/strong> assegura que o caminho da \u00e1gua esteja sempre livre de obstru\u00e7\u00f5es que causam esse inc\u00f4modo e prejudicam a higiene.<\/p>\n\n\n\n<figure class=\"wp-block-image size-full\"><img decoding=\"async\" width=\"1280\" height=\"720\" src=\"https:\/\/www.correiobraziliense.com.br\/cbradar\/wp-content\/uploads\/2026\/05\/Gemini_Generated_Image_uabkm6uabkm6uabk-1-1.png\" alt=\"Quase ningu\u00e9m percebe por que a m\u00e1quina de lavar pode deixar as roupas com cheiro ruim mesmo depois do sab\u00e3o\" class=\"wp-image-234767\" srcset=\"https:\/\/www.correiobraziliense.com.br\/cbradar\/wp-content\/uploads\/2026\/05\/Gemini_Generated_Image_uabkm6uabkm6uabk-1-1.png 1280w, https:\/\/www.correiobraziliense.com.br\/cbradar\/wp-content\/uploads\/2026\/05\/Gemini_Generated_Image_uabkm6uabkm6uabk-1-1-300x169.png 300w, https:\/\/www.correiobraziliense.com.br\/cbradar\/wp-content\/uploads\/2026\/05\/Gemini_Generated_Image_uabkm6uabkm6uabk-1-1-768x432.png 768w, https:\/\/www.correiobraziliense.com.br\/cbradar\/wp-content\/uploads\/2026\/05\/Gemini_Generated_Image_uabkm6uabkm6uabk-1-1-750x422.png 750w, https:\/\/www.correiobraziliense.com.br\/cbradar\/wp-content\/uploads\/2026\/05\/Gemini_Generated_Image_uabkm6uabkm6uabk-1-1-1140x641.png 1140w\" sizes=\"(max-width: 1280px) 100vw, 1280px\" \/><figcaption class=\"wp-element-caption\">Roupas com cheiro ruim ap\u00f3s lavar podem indicar falhas ocultas na m\u00e1quina<\/figcaption><\/figure>\n\n\n\n<h2 class=\"wp-block-heading\">Como manter a higieniza\u00e7\u00e3o do eletrodom\u00e9stico de forma profissional e pr\u00e1tica?<\/h2>\n\n\n\n<p>Realizar ciclos de manuten\u00e7\u00e3o com produtos espec\u00edficos ou solu\u00e7\u00f5es caseiras potentes ajuda a dissolver incrusta\u00e7\u00f5es de calc\u00e1rio e gordura. Essa pr\u00e1tica estende a vida \u00fatil do aparelho e garante que o motor n\u00e3o sofra esfor\u00e7o desnecess\u00e1rio por causa de detritos acumulados. <strong>Cuidar do seu patrim\u00f4nio dom\u00e9stico<\/strong> reflete diretamente na economia de recursos e na sa\u00fade de toda a sua fam\u00edlia.<\/p>\n\n\n\n<p>De acordo com o <strong>Good Housekeeping Institute<\/strong>, manter a porta da m\u00e1quina aberta entre as lavagens \u00e9 vital para permitir a circula\u00e7\u00e3o do ar. Esse h\u00e1bito simples impede que a umidade residual alimente o mofo que causa o cheiro de guardado nos tecidos. Aprenda mais sobre como realizar a <a target=\"_blank\" rel=\"noreferrer noopener\" href=\"https:\/\/www.google.com\/search?q=https:\/\/www.goodhousekeeping.com\/home\/cleaning\/a33322\/how-to-clean-a-washing-machine\/&amp;authuser=5\">limpeza correta da m\u00e1quina de lavar<\/a> para eliminar odores indesejados de forma definitiva e segura.<\/p>\n","protected":false},"excerpt":{"rendered":"<p>Muitas pessoas ficam frustradas quando retiram as pe\u00e7as da m\u00e1quina e percebem um aroma desagrad\u00e1vel vindo do tecido. Esse problema comum acontece devido ao ac\u00famulo invis\u00edvel de res\u00edduos de produtos e bact\u00e9rias dentro do tambor. Entender as causas reais desse mau cheiro permite que voc\u00ea mantenha suas roupas sempre perfumadas e higienizadas adequadamente. Como o [&hellip;]<\/p>\n","protected":false},"author":21,"featured_media":234760,"comment_status":"open","ping_status":"open","sticky":false,"template":"","format":"standard","meta":{"_yoast_wpseo_focuskw":"roupas com cheiro ruim ap\u00f3s lavar solu\u00e7\u00e3o","_yoast_wpseo_title":"","_yoast_wpseo_metadesc":"Roupas saindo com cheiro ruim podem indicar um erro comum na lavagem. Res\u00edduos invis\u00edveis na m\u00e1quina comprometem o resultado final.","jnews-multi-image_gallery":[],"jnews_single_post":{"format":"standard"},"jnews_primary_category":[],"jnews_social_meta":[],"jnews_override_counter":[],"footnotes":""},"categories":[112],"tags":[4082,3967,4481],"class_list":["post-234756","post","type-post","status-publish","format-standard","has-post-thumbnail","hentry","category-curiosidades","tag-maquina-de-lavar","tag-roupas","tag-sabao"],"yoast_head":"<!-- This site is optimized with the Yoast SEO plugin v24.6 - https:\/\/yoast.com\/wordpress\/plugins\/seo\/ -->\n<title>Quase ningu\u00e9m percebe por que a m\u00e1quina de lavar pode deixar as roupas com cheiro ruim mesmo depois do sab\u00e3o - Correio Braziliense - Radar<\/title>\n<meta name=\"description\" content=\"Roupas saindo com cheiro ruim podem indicar um erro comum na lavagem. Res\u00edduos invis\u00edveis na m\u00e1quina comprometem o resultado final.\" \/>\n<meta name=\"robots\" content=\"index, follow, max-snippet:-1, max-image-preview:large, max-video-preview:-1\" \/>\n<link rel=\"canonical\" href=\"https:\/\/www.correiobraziliense.com.br\/cbradar\/quase-ninguem-percebe-por-que-a-maquina-de-lavar-pode-deixar-as-roupas-com-cheiro-ruim-mesmo-depois-do-sabao\/\" \/>\n<meta property=\"og:locale\" content=\"pt_BR\" \/>\n<meta property=\"og:type\" content=\"article\" \/>\n<meta property=\"og:title\" content=\"Quase ningu\u00e9m percebe por que a m\u00e1quina de lavar pode deixar as roupas com cheiro ruim mesmo depois do sab\u00e3o - Correio Braziliense - Radar\" \/>\n<meta property=\"og:description\" content=\"Roupas saindo com cheiro ruim podem indicar um erro comum na lavagem. Res\u00edduos invis\u00edveis na m\u00e1quina comprometem o resultado final.\" \/>\n<meta property=\"og:url\" content=\"https:\/\/www.correiobraziliense.com.br\/cbradar\/quase-ninguem-percebe-por-que-a-maquina-de-lavar-pode-deixar-as-roupas-com-cheiro-ruim-mesmo-depois-do-sabao\/\" \/>\n<meta property=\"og:site_name\" content=\"Correio Braziliense - Radar\" \/>\n<meta property=\"article:published_time\" content=\"2026-05-01T14:25:00+00:00\" \/>\n<meta property=\"og:image\" content=\"https:\/\/www.correiobraziliense.com.br\/cbradar\/wp-content\/uploads\/2026\/05\/Gemini_Generated_Image_881lyt881lyt881l-1-1.png\" \/>\n\t<meta property=\"og:image:width\" content=\"1280\" \/>\n\t<meta property=\"og:image:height\" content=\"720\" \/>\n\t<meta property=\"og:image:type\" content=\"image\/png\" \/>\n<meta name=\"author\" content=\"Patrick Silva\" \/>\n<meta name=\"twitter:card\" content=\"summary_large_image\" \/>\n<meta name=\"twitter:label1\" content=\"Escrito por\" \/>\n\t<meta name=\"twitter:data1\" content=\"Patrick Silva\" \/>\n\t<meta name=\"twitter:label2\" content=\"Est. tempo de leitura\" \/>\n\t<meta name=\"twitter:data2\" content=\"1 minuto\" \/>\n<!-- \/ Yoast SEO plugin. -->","yoast_head_json":{"title":"Quase ningu\u00e9m percebe por que a m\u00e1quina de lavar pode deixar as roupas com cheiro ruim mesmo depois do sab\u00e3o - Correio Braziliense - Radar","description":"Roupas saindo com cheiro ruim podem indicar um erro comum na lavagem. Res\u00edduos invis\u00edveis na m\u00e1quina comprometem o resultado final.","robots":{"index":"index","follow":"follow","max-snippet":"max-snippet:-1","max-image-preview":"max-image-preview:large","max-video-preview":"max-video-preview:-1"},"canonical":"https:\/\/www.correiobraziliense.com.br\/cbradar\/quase-ninguem-percebe-por-que-a-maquina-de-lavar-pode-deixar-as-roupas-com-cheiro-ruim-mesmo-depois-do-sabao\/","og_locale":"pt_BR","og_type":"article","og_title":"Quase ningu\u00e9m percebe por que a m\u00e1quina de lavar pode deixar as roupas com cheiro ruim mesmo depois do sab\u00e3o - Correio Braziliense - Radar","og_description":"Roupas saindo com cheiro ruim podem indicar um erro comum na lavagem. Res\u00edduos invis\u00edveis na m\u00e1quina comprometem o resultado final.","og_url":"https:\/\/www.correiobraziliense.com.br\/cbradar\/quase-ninguem-percebe-por-que-a-maquina-de-lavar-pode-deixar-as-roupas-com-cheiro-ruim-mesmo-depois-do-sabao\/","og_site_name":"Correio Braziliense - Radar","article_published_time":"2026-05-01T14:25:00+00:00","og_image":[{"width":1280,"height":720,"url":"https:\/\/www.correiobraziliense.com.br\/cbradar\/wp-content\/uploads\/2026\/05\/Gemini_Generated_Image_881lyt881lyt881l-1-1.png","type":"image\/png"}],"author":"Patrick Silva","twitter_card":"summary_large_image","twitter_misc":{"Escrito por":"Patrick Silva","Est. tempo de leitura":"1 minuto"},"schema":{"@context":"https:\/\/schema.org","@graph":[{"@type":"WebPage","@id":"https:\/\/www.correiobraziliense.com.br\/cbradar\/quase-ninguem-percebe-por-que-a-maquina-de-lavar-pode-deixar-as-roupas-com-cheiro-ruim-mesmo-depois-do-sabao\/","url":"https:\/\/www.correiobraziliense.com.br\/cbradar\/quase-ninguem-percebe-por-que-a-maquina-de-lavar-pode-deixar-as-roupas-com-cheiro-ruim-mesmo-depois-do-sabao\/","name":"Quase ningu\u00e9m percebe por que a m\u00e1quina de lavar pode deixar as roupas com cheiro ruim mesmo depois do sab\u00e3o - Correio Braziliense - Radar","isPartOf":{"@id":"https:\/\/www.correiobraziliense.com.br\/cbradar\/#website"},"primaryImageOfPage":{"@id":"https:\/\/www.correiobraziliense.com.br\/cbradar\/quase-ninguem-percebe-por-que-a-maquina-de-lavar-pode-deixar-as-roupas-com-cheiro-ruim-mesmo-depois-do-sabao\/#primaryimage"},"image":{"@id":"https:\/\/www.correiobraziliense.com.br\/cbradar\/quase-ninguem-percebe-por-que-a-maquina-de-lavar-pode-deixar-as-roupas-com-cheiro-ruim-mesmo-depois-do-sabao\/#primaryimage"},"thumbnailUrl":"https:\/\/www.correiobraziliense.com.br\/cbradar\/wp-content\/uploads\/2026\/05\/Gemini_Generated_Image_881lyt881lyt881l-1-1.png","datePublished":"2026-05-01T14:25:00+00:00","author":{"@id":"https:\/\/www.correiobraziliense.com.br\/cbradar\/#\/schema\/person\/5440b72be9c7eb74f446c846479dc4da"},"description":"Roupas saindo com cheiro ruim podem indicar um erro comum na lavagem. Res\u00edduos invis\u00edveis na m\u00e1quina comprometem o resultado final.","breadcrumb":{"@id":"https:\/\/www.correiobraziliense.com.br\/cbradar\/quase-ninguem-percebe-por-que-a-maquina-de-lavar-pode-deixar-as-roupas-com-cheiro-ruim-mesmo-depois-do-sabao\/#breadcrumb"},"inLanguage":"pt-BR","potentialAction":[{"@type":"ReadAction","target":["https:\/\/www.correiobraziliense.com.br\/cbradar\/quase-ninguem-percebe-por-que-a-maquina-de-lavar-pode-deixar-as-roupas-com-cheiro-ruim-mesmo-depois-do-sabao\/"]}]},{"@type":"ImageObject","inLanguage":"pt-BR","@id":"https:\/\/www.correiobraziliense.com.br\/cbradar\/quase-ninguem-percebe-por-que-a-maquina-de-lavar-pode-deixar-as-roupas-com-cheiro-ruim-mesmo-depois-do-sabao\/#primaryimage","url":"https:\/\/www.correiobraziliense.com.br\/cbradar\/wp-content\/uploads\/2026\/05\/Gemini_Generated_Image_881lyt881lyt881l-1-1.png","contentUrl":"https:\/\/www.correiobraziliense.com.br\/cbradar\/wp-content\/uploads\/2026\/05\/Gemini_Generated_Image_881lyt881lyt881l-1-1.png","width":1280,"height":720,"caption":"Roupas com cheiro ruim ap\u00f3s lavar podem indicar falhas ocultas na m\u00e1quina"},{"@type":"BreadcrumbList","@id":"https:\/\/www.correiobraziliense.com.br\/cbradar\/quase-ninguem-percebe-por-que-a-maquina-de-lavar-pode-deixar-as-roupas-com-cheiro-ruim-mesmo-depois-do-sabao\/#breadcrumb","itemListElement":[{"@type":"ListItem","position":1,"name":"In\u00edcio","item":"https:\/\/www.correiobraziliense.com.br\/cbradar\/"},{"@type":"ListItem","position":2,"name":"Quase ningu\u00e9m percebe por que a m\u00e1quina de lavar pode deixar as roupas com cheiro ruim mesmo depois do sab\u00e3o"}]},{"@type":"WebSite","@id":"https:\/\/www.correiobraziliense.com.br\/cbradar\/#website","url":"https:\/\/www.correiobraziliense.com.br\/cbradar\/","name":"Correio Braziliense - Radar","description":"Acompanhe as \u00faltimas not\u00edcias e fique bem informado sobre tudo o que acontece no Brasil e no mundo.","potentialAction":[{"@type":"SearchAction","target":{"@type":"EntryPoint","urlTemplate":"https:\/\/www.correiobraziliense.com.br\/cbradar\/?s={search_term_string}"},"query-input":{"@type":"PropertyValueSpecification","valueRequired":true,"valueName":"search_term_string"}}],"inLanguage":"pt-BR"},{"@type":"Person","@id":"https:\/\/www.correiobraziliense.com.br\/cbradar\/#\/schema\/person\/5440b72be9c7eb74f446c846479dc4da","name":"Patrick Silva","image":{"@type":"ImageObject","inLanguage":"pt-BR","@id":"https:\/\/www.correiobraziliense.com.br\/cbradar\/#\/schema\/person\/image\/","url":"https:\/\/secure.gravatar.com\/avatar\/944109df296fc087785c9715fd5f80b2?s=96&d=mm&r=g","contentUrl":"https:\/\/secure.gravatar.com\/avatar\/944109df296fc087785c9715fd5f80b2?s=96&d=mm&r=g","caption":"Patrick Silva"},"sameAs":["https:\/\/www.correiobraziliense.com.br\/cbradar\/"],"url":"https:\/\/www.correiobraziliense.com.br\/cbradar\/author\/patrick-silva\/"}]}},"_links":{"self":[{"href":"https:\/\/www.correiobraziliense.com.br\/cbradar\/wp-json\/wp\/v2\/posts\/234756","targetHints":{"allow":["GET"]}}],"collection":[{"href":"https:\/\/www.correiobraziliense.com.br\/cbradar\/wp-json\/wp\/v2\/posts"}],"about":[{"href":"https:\/\/www.correiobraziliense.com.br\/cbradar\/wp-json\/wp\/v2\/types\/post"}],"author":[{"embeddable":true,"href":"https:\/\/www.correiobraziliense.com.br\/cbradar\/wp-json\/wp\/v2\/users\/21"}],"replies":[{"embeddable":true,"href":"https:\/\/www.correiobraziliense.com.br\/cbradar\/wp-json\/wp\/v2\/comments?post=234756"}],"version-history":[{"count":4,"href":"https:\/\/www.correiobraziliense.com.br\/cbradar\/wp-json\/wp\/v2\/posts\/234756\/revisions"}],"predecessor-version":[{"id":234768,"href":"https:\/\/www.correiobraziliense.com.br\/cbradar\/wp-json\/wp\/v2\/posts\/234756\/revisions\/234768"}],"wp:featuredmedia":[{"embeddable":true,"href":"https:\/\/www.correiobraziliense.com.br\/cbradar\/wp-json\/wp\/v2\/media\/234760"}],"wp:attachment":[{"href":"https:\/\/www.correiobraziliense.com.br\/cbradar\/wp-json\/wp\/v2\/media?parent=234756"}],"wp:term":[{"taxonomy":"category","embeddable":true,"href":"https:\/\/www.correiobraziliense.com.br\/cbradar\/wp-json\/wp\/v2\/categories?post=234756"},{"taxonomy":"post_tag","embeddable":true,"href":"https:\/\/www.correiobraziliense.com.br\/cbradar\/wp-json\/wp\/v2\/tags?post=234756"}],"curies":[{"name":"wp","href":"https:\/\/api.w.org\/{rel}","templated":true}]}}