{"id":234759,"date":"2026-05-01T18:15:00","date_gmt":"2026-05-01T21:15:00","guid":{"rendered":"https:\/\/www.correiobraziliense.com.br\/cbradar\/?p=234759"},"modified":"2026-04-30T12:22:09","modified_gmt":"2026-04-30T15:22:09","slug":"a-construcao-que-muita-gente-corrige-por-impulso-mas-continua-certa-na-norma-culta","status":"publish","type":"post","link":"https:\/\/www.correiobraziliense.com.br\/cbradar\/a-construcao-que-muita-gente-corrige-por-impulso-mas-continua-certa-na-norma-culta\/","title":{"rendered":"A constru\u00e7\u00e3o que muita gente corrige por impulso, mas continua certa na norma culta"},"content":{"rendered":"\n<p>Muitas vezes, o falante busca a perfei\u00e7\u00e3o gramatical e acaba corrigindo constru\u00e7\u00f5es que est\u00e3o perfeitamente adequadas ao padr\u00e3o culto da l\u00edngua. Esse movimento impulsivo gera d\u00favidas desnecess\u00e1rias em ambientes profissionais e sociais, dificultando a comunica\u00e7\u00e3o clara. Compreender a l\u00f3gica por tr\u00e1s das regras ortogr\u00e1ficas oficiais permite que a escrita ganhe muito mais seguran\u00e7a e autoridade t\u00e9cnica.<\/p>\n\n\n\n<h2 class=\"wp-block-heading\">Por que a express\u00e3o causa confus\u00e3o imediata?<\/h2>\n\n\n\n<p>A sonoridade de certas frases pode soar estranha aos ouvidos de quem n\u00e3o est\u00e1 acostumado com as min\u00facias da gram\u00e1tica tradicional. Quando algu\u00e9m utiliza pronomes obl\u00edquos ap\u00f3s preposi\u00e7\u00f5es, a rea\u00e7\u00e3o comum de muitos ouvintes \u00e9 tentar ajustar para a forma subjetiva por puro instinto. Esse h\u00e1bito equivocado de corre\u00e7\u00e3o autom\u00e1tica acaba espalhando inseguran\u00e7a lingu\u00edstica entre os falantes.<\/p>\n\n\n\n<p>Muitas pessoas acreditam que pronomes espec\u00edficos devem ser evitados em prol de uma suposta eleg\u00e2ncia que, na verdade, ignora a norma culta. O medo de parecer informal ou r\u00fastico leva ao abandono de estruturas que s\u00e3o as \u00fanicas corretas para determinadas situa\u00e7\u00f5es sint\u00e1ticas complexas. Valorizar a precis\u00e3o vocabular \u00e9 um passo essencial para manter a qualidade da reda\u00e7\u00e3o.<\/p>\n\n\n\n<figure class=\"wp-block-image size-full\"><img decoding=\"async\" width=\"1280\" height=\"720\" src=\"https:\/\/www.correiobraziliense.com.br\/cbradar\/wp-content\/uploads\/2026\/04\/Gemini_Generated_Image_a8u0wqa8u0wqa8u0-1-1.png\" alt=\"A constru\u00e7\u00e3o que muita gente corrige por impulso, mas continua certa na norma culta\" class=\"wp-image-234771\" srcset=\"https:\/\/www.correiobraziliense.com.br\/cbradar\/wp-content\/uploads\/2026\/04\/Gemini_Generated_Image_a8u0wqa8u0wqa8u0-1-1.png 1280w, https:\/\/www.correiobraziliense.com.br\/cbradar\/wp-content\/uploads\/2026\/04\/Gemini_Generated_Image_a8u0wqa8u0wqa8u0-1-1-300x169.png 300w, https:\/\/www.correiobraziliense.com.br\/cbradar\/wp-content\/uploads\/2026\/04\/Gemini_Generated_Image_a8u0wqa8u0wqa8u0-1-1-768x432.png 768w, https:\/\/www.correiobraziliense.com.br\/cbradar\/wp-content\/uploads\/2026\/04\/Gemini_Generated_Image_a8u0wqa8u0wqa8u0-1-1-750x422.png 750w, https:\/\/www.correiobraziliense.com.br\/cbradar\/wp-content\/uploads\/2026\/04\/Gemini_Generated_Image_a8u0wqa8u0wqa8u0-1-1-1140x641.png 1140w\" sizes=\"(max-width: 1280px) 100vw, 1280px\" \/><figcaption class=\"wp-element-caption\">Corrigir frases sem entender a regra pode gerar erros e comprometer a clareza da escrita<\/figcaption><\/figure>\n\n\n\n<h2 class=\"wp-block-heading\">Qual \u00e9 a regra gramatical envolvida?<\/h2>\n\n\n\n<p>Os pronomes pessoais exercem fun\u00e7\u00f5es distintas dentro de uma ora\u00e7\u00e3o, dependendo inteiramente da posi\u00e7\u00e3o que ocupam em rela\u00e7\u00e3o ao verbo. Quando um termo surge imediatamente ap\u00f3s uma preposi\u00e7\u00e3o, a l\u00edngua exige o uso da forma t\u00f4nica para garantir a concord\u00e2ncia necess\u00e1ria. Ignorar essa distin\u00e7\u00e3o fundamental compromete a estrutura l\u00f3gica da frase e demonstra falta de dom\u00ednio t\u00e9cnico.<\/p>\n\n\n\n<p>A substitui\u00e7\u00e3o indevida do pronome obl\u00edquo pelo reto \u00e9 um dos equ\u00edvocos mais frequentes em documentos e correspond\u00eancias oficiais de diversas institui\u00e7\u00f5es. Embora a fala cotidiana aceite varia\u00e7\u00f5es mais flex\u00edveis, a escrita formal exige o cumprimento rigoroso dos padr\u00f5es estabelecidos pelos gram\u00e1ticos cl\u00e1ssicos. Manter o rigor gramatical assegura que a mensagem seja transmitida com total clareza e profissionalismo.<\/p>\n\n\n\n<h2 class=\"wp-block-heading\">Como identificar o uso correto?<\/h2>\n\n\n\n<p>Analisar o papel do termo na senten\u00e7a \u00e9 a maneira mais f\u00e1cil de evitar corre\u00e7\u00f5es impulsivas e equivocadas durante a revis\u00e3o. Sempre que houver uma preposi\u00e7\u00e3o ligando dois elementos, o uso do pronome reto torna-se gramaticalmente imposs\u00edvel segundo os manuais de ortografia vigentes. Ter essa consci\u00eancia transforma a maneira como cada indiv\u00edduo produz e analisa conte\u00fados escritos importantes.<\/p>\n\n\n\n<p>Existem diretrizes simples para garantir que a escolha vocabular esteja sempre adequada:<\/p>\n\n\n\n<ul class=\"wp-block-list\">\n<li>Observar a presen\u00e7a de preposi\u00e7\u00f5es antes do termo.<\/li>\n\n\n\n<li>Verificar se o pronome exerce a fun\u00e7\u00e3o de complemento.<\/li>\n\n\n\n<li>Identificar a inexist\u00eancia de verbos no infinitivo logo ap\u00f3s.<\/li>\n\n\n\n<li>Priorizar a clareza sonora da estrutura frasal completa.<\/li>\n<\/ul>\n\n\n\n<h2 class=\"wp-block-heading\">Existem outras constru\u00e7\u00f5es que geram d\u00favida?<\/h2>\n\n\n\n<p>Diversas outras express\u00f5es sofrem com tentativas de corre\u00e7\u00e3o que acabam introduzindo erros onde antes existia apenas a norma padr\u00e3o. O uso de verbos impessoais, por exemplo, frequentemente \u00e9 alvo de ajustes plurais que desrespeitam a natureza singular da ora\u00e7\u00e3o original. Estar atento a esses detalhes evita que o revisor comprometa a qualidade de um material t\u00e9cnico excelente.<\/p>\n\n\n\n<p>Outro exemplo comum envolve a reg\u00eancia de nomes e verbos que exigem preposi\u00e7\u00f5es espec\u00edficas para manter o sentido pretendido pelo autor original. Muitas vezes, a busca por uma linguagem mais simples acaba sacrificando a corre\u00e7\u00e3o gramatical que confere autoridade ao texto final. Dominar essas ferramentas \u00e9 o que diferencia um redator mediano de um profissional verdadeiramente qualificado.<\/p>\n\n\n\n<figure class=\"wp-block-image size-full\"><img decoding=\"async\" width=\"1280\" height=\"720\" src=\"https:\/\/www.correiobraziliense.com.br\/cbradar\/wp-content\/uploads\/2026\/04\/Gemini_Generated_Image_6bgrsc6bgrsc6bgr-1-1.png\" alt=\"A constru\u00e7\u00e3o que muita gente corrige por impulso, mas continua certa na norma culta\" class=\"wp-image-234776\" srcset=\"https:\/\/www.correiobraziliense.com.br\/cbradar\/wp-content\/uploads\/2026\/04\/Gemini_Generated_Image_6bgrsc6bgrsc6bgr-1-1.png 1280w, https:\/\/www.correiobraziliense.com.br\/cbradar\/wp-content\/uploads\/2026\/04\/Gemini_Generated_Image_6bgrsc6bgrsc6bgr-1-1-300x169.png 300w, https:\/\/www.correiobraziliense.com.br\/cbradar\/wp-content\/uploads\/2026\/04\/Gemini_Generated_Image_6bgrsc6bgrsc6bgr-1-1-768x432.png 768w, https:\/\/www.correiobraziliense.com.br\/cbradar\/wp-content\/uploads\/2026\/04\/Gemini_Generated_Image_6bgrsc6bgrsc6bgr-1-1-750x422.png 750w, https:\/\/www.correiobraziliense.com.br\/cbradar\/wp-content\/uploads\/2026\/04\/Gemini_Generated_Image_6bgrsc6bgrsc6bgr-1-1-1140x641.png 1140w\" sizes=\"(max-width: 1280px) 100vw, 1280px\" \/><figcaption class=\"wp-element-caption\">Corrigir frases sem entender a regra pode gerar erros e comprometer a clareza da escrita<\/figcaption><\/figure>\n\n\n\n<p>Leia tamb\u00e9m: <a href=\"https:\/\/www.correiobraziliense.com.br\/cbradar\/a-palavra-que-muita-gente-evita-usar-em-redacao-formal-mas-esta-correta-segundo-o-vocabulario-ortografico-da-lingua-portuguesa\/\" target=\"_blank\" rel=\"noreferrer noopener\">A palavra que muita gente evita usar em reda\u00e7\u00e3o formal, mas est\u00e1 correta segundo o Vocabul\u00e1rio Ortogr\u00e1fico da L\u00edngua Portuguesa<\/a><\/p>\n\n\n\n<h2 class=\"wp-block-heading\">Onde consultar a norma gramatical oficial?<\/h2>\n\n\n\n<p>A consulta constante aos \u00f3rg\u00e3os reguladores da l\u00edngua \u00e9 a \u00fanica garantia de que a escrita permanece em conformidade com a lei. O <strong>Vocabul\u00e1rio Ortogr\u00e1fico da L\u00edngua Portuguesa<\/strong> permite que qualquer pessoa verifique a legitimidade de uma express\u00e3o antes de sugerir qualquer tipo de altera\u00e7\u00e3o. Esse cuidado demonstra respeito pela heran\u00e7a cultural e pela estrutura fundamental do idioma nacional.<\/p>\n\n\n\n<p>Para ter certeza absoluta sobre cada verbete ou constru\u00e7\u00e3o frasal, o ideal \u00e9 consultar o site da <strong><a href=\"https:\/\/www.academia.org.br\/nossa-lingua\/busca-no-vocabulario\" target=\"_blank\" rel=\"noreferrer noopener\">Academia Brasileira de Letras<\/a><\/strong>. Essa plataforma oferece o servi\u00e7o de busca por termos que geram hesita\u00e7\u00e3o, assegurando que o texto final esteja impec\u00e1vel. Utilizar essas ferramentas tecnol\u00f3gicas facilita a produ\u00e7\u00e3o de conte\u00fados de alta qualidade e com total seguran\u00e7a ortogr\u00e1fica em diversos momentos.<\/p>\n","protected":false},"excerpt":{"rendered":"<p>Muitas vezes, o falante busca a perfei\u00e7\u00e3o gramatical e acaba corrigindo constru\u00e7\u00f5es que est\u00e3o perfeitamente adequadas ao padr\u00e3o culto da l\u00edngua. Esse movimento impulsivo gera d\u00favidas desnecess\u00e1rias em ambientes profissionais e sociais, dificultando a comunica\u00e7\u00e3o clara. Compreender a l\u00f3gica por tr\u00e1s das regras ortogr\u00e1ficas oficiais permite que a escrita ganhe muito mais seguran\u00e7a e autoridade [&hellip;]<\/p>\n","protected":false},"author":21,"featured_media":234774,"comment_status":"open","ping_status":"open","sticky":false,"template":"","format":"standard","meta":{"_yoast_wpseo_focuskw":"uso de pronomes ap\u00f3s preposi\u00e7\u00e3o","_yoast_wpseo_title":"","_yoast_wpseo_metadesc":"Erros comuns ao tentar corrigir frases podem prejudicar a escrita sem que voc\u00ea perceba no uso da norma culta","jnews-multi-image_gallery":[],"jnews_single_post":{"format":"standard"},"jnews_primary_category":[],"jnews_social_meta":[],"jnews_override_counter":[],"footnotes":""},"categories":[112],"tags":[13378,18433,10902,6081],"class_list":["post-234759","post","type-post","status-publish","format-standard","has-post-thumbnail","hentry","category-curiosidades","tag-correcao","tag-impulso","tag-lingua-portuguesa","tag-portugues"],"yoast_head":"<!-- This site is optimized with the Yoast SEO plugin v24.6 - https:\/\/yoast.com\/wordpress\/plugins\/seo\/ -->\n<title>A constru\u00e7\u00e3o que muita gente corrige por impulso, mas continua certa na norma culta - Correio Braziliense - Radar<\/title>\n<meta name=\"description\" content=\"Erros comuns ao tentar corrigir frases podem prejudicar a escrita sem que voc\u00ea perceba no uso da norma culta\" \/>\n<meta name=\"robots\" content=\"index, follow, max-snippet:-1, max-image-preview:large, max-video-preview:-1\" \/>\n<link rel=\"canonical\" href=\"https:\/\/www.correiobraziliense.com.br\/cbradar\/a-construcao-que-muita-gente-corrige-por-impulso-mas-continua-certa-na-norma-culta\/\" \/>\n<meta property=\"og:locale\" content=\"pt_BR\" \/>\n<meta property=\"og:type\" content=\"article\" \/>\n<meta property=\"og:title\" content=\"A constru\u00e7\u00e3o que muita gente corrige por impulso, mas continua certa na norma culta - Correio Braziliense - Radar\" \/>\n<meta property=\"og:description\" content=\"Erros comuns ao tentar corrigir frases podem prejudicar a escrita sem que voc\u00ea perceba no uso da norma culta\" \/>\n<meta property=\"og:url\" content=\"https:\/\/www.correiobraziliense.com.br\/cbradar\/a-construcao-que-muita-gente-corrige-por-impulso-mas-continua-certa-na-norma-culta\/\" \/>\n<meta property=\"og:site_name\" content=\"Correio Braziliense - Radar\" \/>\n<meta property=\"article:published_time\" content=\"2026-05-01T21:15:00+00:00\" \/>\n<meta property=\"og:image\" content=\"https:\/\/www.correiobraziliense.com.br\/cbradar\/wp-content\/uploads\/2026\/04\/Gemini_Generated_Image_w10vl2w10vl2w10v-1-1.png\" \/>\n\t<meta property=\"og:image:width\" content=\"1280\" \/>\n\t<meta property=\"og:image:height\" content=\"720\" \/>\n\t<meta property=\"og:image:type\" content=\"image\/png\" \/>\n<meta name=\"author\" content=\"Patrick Silva\" \/>\n<meta name=\"twitter:card\" content=\"summary_large_image\" \/>\n<meta name=\"twitter:label1\" content=\"Escrito por\" \/>\n\t<meta name=\"twitter:data1\" content=\"Patrick Silva\" \/>\n\t<meta name=\"twitter:label2\" content=\"Est. tempo de leitura\" \/>\n\t<meta name=\"twitter:data2\" content=\"5 minutos\" \/>\n<!-- \/ Yoast SEO plugin. -->","yoast_head_json":{"title":"A constru\u00e7\u00e3o que muita gente corrige por impulso, mas continua certa na norma culta - Correio Braziliense - Radar","description":"Erros comuns ao tentar corrigir frases podem prejudicar a escrita sem que voc\u00ea perceba no uso da norma culta","robots":{"index":"index","follow":"follow","max-snippet":"max-snippet:-1","max-image-preview":"max-image-preview:large","max-video-preview":"max-video-preview:-1"},"canonical":"https:\/\/www.correiobraziliense.com.br\/cbradar\/a-construcao-que-muita-gente-corrige-por-impulso-mas-continua-certa-na-norma-culta\/","og_locale":"pt_BR","og_type":"article","og_title":"A constru\u00e7\u00e3o que muita gente corrige por impulso, mas continua certa na norma culta - Correio Braziliense - Radar","og_description":"Erros comuns ao tentar corrigir frases podem prejudicar a escrita sem que voc\u00ea perceba no uso da norma culta","og_url":"https:\/\/www.correiobraziliense.com.br\/cbradar\/a-construcao-que-muita-gente-corrige-por-impulso-mas-continua-certa-na-norma-culta\/","og_site_name":"Correio Braziliense - Radar","article_published_time":"2026-05-01T21:15:00+00:00","og_image":[{"width":1280,"height":720,"url":"https:\/\/www.correiobraziliense.com.br\/cbradar\/wp-content\/uploads\/2026\/04\/Gemini_Generated_Image_w10vl2w10vl2w10v-1-1.png","type":"image\/png"}],"author":"Patrick Silva","twitter_card":"summary_large_image","twitter_misc":{"Escrito por":"Patrick Silva","Est. tempo de leitura":"5 minutos"},"schema":{"@context":"https:\/\/schema.org","@graph":[{"@type":"WebPage","@id":"https:\/\/www.correiobraziliense.com.br\/cbradar\/a-construcao-que-muita-gente-corrige-por-impulso-mas-continua-certa-na-norma-culta\/","url":"https:\/\/www.correiobraziliense.com.br\/cbradar\/a-construcao-que-muita-gente-corrige-por-impulso-mas-continua-certa-na-norma-culta\/","name":"A constru\u00e7\u00e3o que muita gente corrige por impulso, mas continua certa na norma culta - Correio Braziliense - Radar","isPartOf":{"@id":"https:\/\/www.correiobraziliense.com.br\/cbradar\/#website"},"primaryImageOfPage":{"@id":"https:\/\/www.correiobraziliense.com.br\/cbradar\/a-construcao-que-muita-gente-corrige-por-impulso-mas-continua-certa-na-norma-culta\/#primaryimage"},"image":{"@id":"https:\/\/www.correiobraziliense.com.br\/cbradar\/a-construcao-que-muita-gente-corrige-por-impulso-mas-continua-certa-na-norma-culta\/#primaryimage"},"thumbnailUrl":"https:\/\/www.correiobraziliense.com.br\/cbradar\/wp-content\/uploads\/2026\/04\/Gemini_Generated_Image_w10vl2w10vl2w10v-1-1.png","datePublished":"2026-05-01T21:15:00+00:00","author":{"@id":"https:\/\/www.correiobraziliense.com.br\/cbradar\/#\/schema\/person\/5440b72be9c7eb74f446c846479dc4da"},"description":"Erros comuns ao tentar corrigir frases podem prejudicar a escrita sem que voc\u00ea perceba no uso da norma culta","breadcrumb":{"@id":"https:\/\/www.correiobraziliense.com.br\/cbradar\/a-construcao-que-muita-gente-corrige-por-impulso-mas-continua-certa-na-norma-culta\/#breadcrumb"},"inLanguage":"pt-BR","potentialAction":[{"@type":"ReadAction","target":["https:\/\/www.correiobraziliense.com.br\/cbradar\/a-construcao-que-muita-gente-corrige-por-impulso-mas-continua-certa-na-norma-culta\/"]}]},{"@type":"ImageObject","inLanguage":"pt-BR","@id":"https:\/\/www.correiobraziliense.com.br\/cbradar\/a-construcao-que-muita-gente-corrige-por-impulso-mas-continua-certa-na-norma-culta\/#primaryimage","url":"https:\/\/www.correiobraziliense.com.br\/cbradar\/wp-content\/uploads\/2026\/04\/Gemini_Generated_Image_w10vl2w10vl2w10v-1-1.png","contentUrl":"https:\/\/www.correiobraziliense.com.br\/cbradar\/wp-content\/uploads\/2026\/04\/Gemini_Generated_Image_w10vl2w10vl2w10v-1-1.png","width":1280,"height":720,"caption":"Corrigir frases sem entender a regra pode gerar erros e comprometer a clareza da escrita"},{"@type":"BreadcrumbList","@id":"https:\/\/www.correiobraziliense.com.br\/cbradar\/a-construcao-que-muita-gente-corrige-por-impulso-mas-continua-certa-na-norma-culta\/#breadcrumb","itemListElement":[{"@type":"ListItem","position":1,"name":"In\u00edcio","item":"https:\/\/www.correiobraziliense.com.br\/cbradar\/"},{"@type":"ListItem","position":2,"name":"A constru\u00e7\u00e3o que muita gente corrige por impulso, mas continua certa na norma culta"}]},{"@type":"WebSite","@id":"https:\/\/www.correiobraziliense.com.br\/cbradar\/#website","url":"https:\/\/www.correiobraziliense.com.br\/cbradar\/","name":"Correio Braziliense - Radar","description":"Acompanhe as \u00faltimas not\u00edcias e fique bem informado sobre tudo o que acontece no Brasil e no mundo.","potentialAction":[{"@type":"SearchAction","target":{"@type":"EntryPoint","urlTemplate":"https:\/\/www.correiobraziliense.com.br\/cbradar\/?s={search_term_string}"},"query-input":{"@type":"PropertyValueSpecification","valueRequired":true,"valueName":"search_term_string"}}],"inLanguage":"pt-BR"},{"@type":"Person","@id":"https:\/\/www.correiobraziliense.com.br\/cbradar\/#\/schema\/person\/5440b72be9c7eb74f446c846479dc4da","name":"Patrick Silva","image":{"@type":"ImageObject","inLanguage":"pt-BR","@id":"https:\/\/www.correiobraziliense.com.br\/cbradar\/#\/schema\/person\/image\/","url":"https:\/\/secure.gravatar.com\/avatar\/944109df296fc087785c9715fd5f80b2?s=96&d=mm&r=g","contentUrl":"https:\/\/secure.gravatar.com\/avatar\/944109df296fc087785c9715fd5f80b2?s=96&d=mm&r=g","caption":"Patrick Silva"},"sameAs":["https:\/\/www.correiobraziliense.com.br\/cbradar\/"],"url":"https:\/\/www.correiobraziliense.com.br\/cbradar\/author\/patrick-silva\/"}]}},"_links":{"self":[{"href":"https:\/\/www.correiobraziliense.com.br\/cbradar\/wp-json\/wp\/v2\/posts\/234759","targetHints":{"allow":["GET"]}}],"collection":[{"href":"https:\/\/www.correiobraziliense.com.br\/cbradar\/wp-json\/wp\/v2\/posts"}],"about":[{"href":"https:\/\/www.correiobraziliense.com.br\/cbradar\/wp-json\/wp\/v2\/types\/post"}],"author":[{"embeddable":true,"href":"https:\/\/www.correiobraziliense.com.br\/cbradar\/wp-json\/wp\/v2\/users\/21"}],"replies":[{"embeddable":true,"href":"https:\/\/www.correiobraziliense.com.br\/cbradar\/wp-json\/wp\/v2\/comments?post=234759"}],"version-history":[{"count":1,"href":"https:\/\/www.correiobraziliense.com.br\/cbradar\/wp-json\/wp\/v2\/posts\/234759\/revisions"}],"predecessor-version":[{"id":234778,"href":"https:\/\/www.correiobraziliense.com.br\/cbradar\/wp-json\/wp\/v2\/posts\/234759\/revisions\/234778"}],"wp:featuredmedia":[{"embeddable":true,"href":"https:\/\/www.correiobraziliense.com.br\/cbradar\/wp-json\/wp\/v2\/media\/234774"}],"wp:attachment":[{"href":"https:\/\/www.correiobraziliense.com.br\/cbradar\/wp-json\/wp\/v2\/media?parent=234759"}],"wp:term":[{"taxonomy":"category","embeddable":true,"href":"https:\/\/www.correiobraziliense.com.br\/cbradar\/wp-json\/wp\/v2\/categories?post=234759"},{"taxonomy":"post_tag","embeddable":true,"href":"https:\/\/www.correiobraziliense.com.br\/cbradar\/wp-json\/wp\/v2\/tags?post=234759"}],"curies":[{"name":"wp","href":"https:\/\/api.w.org\/{rel}","templated":true}]}}