{"id":234769,"date":"2026-05-01T16:15:00","date_gmt":"2026-05-01T19:15:00","guid":{"rendered":"https:\/\/www.correiobraziliense.com.br\/cbradar\/?p=234769"},"modified":"2026-04-30T12:18:31","modified_gmt":"2026-04-30T15:18:31","slug":"qual-e-a-diferenca-entre-pao-integral-e-pao-multigraos-que-muita-gente-compra-sem-saber","status":"publish","type":"post","link":"https:\/\/www.correiobraziliense.com.br\/cbradar\/qual-e-a-diferenca-entre-pao-integral-e-pao-multigraos-que-muita-gente-compra-sem-saber\/","title":{"rendered":"Qual \u00e9 a diferen\u00e7a entre p\u00e3o integral e p\u00e3o multigr\u00e3os que muita gente compra sem saber"},"content":{"rendered":"\n<p>Escolher o melhor p\u00e3o para a dieta di\u00e1ria exige aten\u00e7\u00e3o redobrada aos r\u00f3tulos que muitas vezes confundem o consumidor m\u00e9dio brasileiro. A diferen\u00e7a t\u00e9cnica entre o p\u00e3o integral e o multigr\u00e3os impacta diretamente na ingest\u00e3o de fibras e nutrientes essenciais. Compreender essas distin\u00e7\u00f5es garante uma alimenta\u00e7\u00e3o muito mais equilibrada e consciente hoje.<\/p>\n\n\n\n<h2 class=\"wp-block-heading\">Como a composi\u00e7\u00e3o da farinha define o verdadeiro p\u00e3o integral?<\/h2>\n\n\n\n<p>O <strong><a href=\"https:\/\/www.correiobraziliense.com.br\/cbradar\/qual-e-a-diferenca-entre-pao-integral-e-pao-com-farinha-integral-que-poucos-sabem\/\" target=\"_blank\" rel=\"noreferrer noopener\">p\u00e3o <\/a><\/strong>integral aut\u00eantico deve ser produzido obrigatoriamente com a farinha que preserva o farelo e o g\u00e9rmen do trigo original. Esses componentes s\u00e3o respons\u00e1veis por fornecer a maior parte das vitaminas, minerais e fibras que o organismo humano necessita diariamente. Ao manter a integridade do gr\u00e3o, o produto garante uma <strong>absor\u00e7\u00e3o de carboidratos muito mais lenta<\/strong>.<\/p>\n\n\n\n<p>Consumir o gr\u00e3o inteiro promove uma <strong>saciedade prolongada<\/strong>, o que ajuda significativamente no controle do peso e na regula\u00e7\u00e3o glic\u00eamica constante. Muitas marcas utilizam apenas uma parte da farinha integral misturada com farinha branca refinada para baratear a produ\u00e7\u00e3o industrial. Ler a lista de ingredientes \u00e9 a \u00fanica forma de garantir que o p\u00e3o seja realmente saud\u00e1vel.<\/p>\n\n\n\n<figure class=\"wp-block-image size-full\"><img decoding=\"async\" width=\"1280\" height=\"720\" src=\"https:\/\/www.correiobraziliense.com.br\/cbradar\/wp-content\/uploads\/2026\/04\/Gemini_Generated_Image_w7tun8w7tun8w7tu-1-1.png\" alt=\"Qual \u00e9 a diferen\u00e7a entre p\u00e3o integral e p\u00e3o multigr\u00e3os que muita gente compra sem saber\" class=\"wp-image-234773\" srcset=\"https:\/\/www.correiobraziliense.com.br\/cbradar\/wp-content\/uploads\/2026\/04\/Gemini_Generated_Image_w7tun8w7tun8w7tu-1-1.png 1280w, https:\/\/www.correiobraziliense.com.br\/cbradar\/wp-content\/uploads\/2026\/04\/Gemini_Generated_Image_w7tun8w7tun8w7tu-1-1-300x169.png 300w, https:\/\/www.correiobraziliense.com.br\/cbradar\/wp-content\/uploads\/2026\/04\/Gemini_Generated_Image_w7tun8w7tun8w7tu-1-1-768x432.png 768w, https:\/\/www.correiobraziliense.com.br\/cbradar\/wp-content\/uploads\/2026\/04\/Gemini_Generated_Image_w7tun8w7tun8w7tu-1-1-750x422.png 750w, https:\/\/www.correiobraziliense.com.br\/cbradar\/wp-content\/uploads\/2026\/04\/Gemini_Generated_Image_w7tun8w7tun8w7tu-1-1-1140x641.png 1140w\" sizes=\"(max-width: 1280px) 100vw, 1280px\" \/><figcaption class=\"wp-element-caption\">P\u00e3o integral e multigr\u00e3os parecem iguais mas escondem diferen\u00e7as importantes<\/figcaption><\/figure>\n\n\n\n<h2 class=\"wp-block-heading\">O que realmente significa o termo multigr\u00e3os nos r\u00f3tulos comerciais?<\/h2>\n\n\n\n<p>O termo multigr\u00e3os indica apenas que o produto cont\u00e9m diversos tipos de sementes ou cereais diferentes em sua receita final. Isso n\u00e3o garante que a base do p\u00e3o seja integral, pois muitas vezes a farinha branca refinada \u00e9 o ingrediente principal da massa. Sementes como linha\u00e7a e girassol adicionam textura, mas n\u00e3o alteram a qualidade da farinha base utilizada.<\/p>\n\n\n\n<p>\u00c9 comum encontrar p\u00e3es multigr\u00e3os que possuem um \u00edndice glic\u00eamico elevado devido \u00e0 presen\u00e7a de a\u00e7\u00facares escondidos e conservantes qu\u00edmicos industriais. Embora as sementes ofere\u00e7am gorduras boas e alguns minerais extras, o benef\u00edcio nutricional pode ser anulado pela baixa quantidade de fibras reais. A <strong>variedade de gr\u00e3os atrai os olhos<\/strong>, mas nem sempre satisfaz as necessidades biol\u00f3gicas.<\/p>\n\n\n\n<h2 class=\"wp-block-heading\">Quais elementos observar para n\u00e3o ser enganado pela embalagem colorida?<\/h2>\n\n\n\n<p>A ordem dos ingredientes no r\u00f3tulo \u00e9 decrescente, o que significa que o primeiro item \u00e9 o mais abundante. Se a farinha de trigo enriquecida aparecer antes da integral, o produto n\u00e3o \u00e9 o que parece ser inicialmente. Verificar a quantidade de fibras por fatia \u00e9 outro passo essencial para quem busca <strong>sa\u00fade digestiva superior<\/strong>.<\/p>\n\n\n\n<p>Para garantir que voc\u00ea est\u00e1 levando para casa um produto de alta qualidade nutricional, analise os seguintes pontos fundamentais no verso da embalagem:<\/p>\n\n\n\n<ul class=\"wp-block-list\">\n<li>Porcentagem real de farinha de trigo integral.<\/li>\n\n\n\n<li>Aus\u00eancia de a\u00e7\u00facares adicionados ou xarope de milho.<\/li>\n\n\n\n<li>Quantidade de fibras superior a dois gramas por fatia.<\/li>\n\n\n\n<li>Presen\u00e7a de gr\u00e3os inteiros vis\u00edveis na massa do p\u00e3o.<\/li>\n<\/ul>\n\n\n\n<h2 class=\"wp-block-heading\">Por que a fibra \u00e9 o diferencial entre essas duas op\u00e7\u00f5es?<\/h2>\n\n\n\n<p>As fibras presentes no farelo do trigo integral auxiliam no funcionamento regular do intestino e na preven\u00e7\u00e3o de doen\u00e7as cr\u00f4nicas graves. O p\u00e3o multigr\u00e3os pode ter fibras vindas das sementes, mas geralmente em menor escala do que o integral puro de alta qualidade. Escolher a op\u00e7\u00e3o com mais fibras garante que o <strong>sistema digestivo trabalhe com m\u00e1xima efici\u00eancia<\/strong>.<\/p>\n\n\n\n<p>A ingest\u00e3o adequada de fibras reduz o colesterol ruim e melhora a sa\u00fade do cora\u00e7\u00e3o de forma natural e sustent\u00e1vel. Quando o p\u00e3o \u00e9 apenas multigr\u00e3os, o benef\u00edcio da fibra pode ser insuficiente para gerar esse impacto positivo no organismo. Priorizar o gr\u00e3o inteiro \u00e9 a decis\u00e3o mais inteligente para quem deseja <strong>longevidade e disposi\u00e7\u00e3o f\u00edsica<\/strong> durante o dia.<\/p>\n\n\n\n<figure class=\"wp-block-image size-full\"><img decoding=\"async\" width=\"1280\" height=\"720\" src=\"https:\/\/www.correiobraziliense.com.br\/cbradar\/wp-content\/uploads\/2026\/05\/Gemini_Generated_Image_5h8h8t5h8h8t5h8h-1-1.png\" alt=\"Qual \u00e9 a diferen\u00e7a entre p\u00e3o integral e p\u00e3o multigr\u00e3os que muita gente compra sem saber\" class=\"wp-image-234779\" srcset=\"https:\/\/www.correiobraziliense.com.br\/cbradar\/wp-content\/uploads\/2026\/05\/Gemini_Generated_Image_5h8h8t5h8h8t5h8h-1-1.png 1280w, https:\/\/www.correiobraziliense.com.br\/cbradar\/wp-content\/uploads\/2026\/05\/Gemini_Generated_Image_5h8h8t5h8h8t5h8h-1-1-300x169.png 300w, https:\/\/www.correiobraziliense.com.br\/cbradar\/wp-content\/uploads\/2026\/05\/Gemini_Generated_Image_5h8h8t5h8h8t5h8h-1-1-768x432.png 768w, https:\/\/www.correiobraziliense.com.br\/cbradar\/wp-content\/uploads\/2026\/05\/Gemini_Generated_Image_5h8h8t5h8h8t5h8h-1-1-750x422.png 750w, https:\/\/www.correiobraziliense.com.br\/cbradar\/wp-content\/uploads\/2026\/05\/Gemini_Generated_Image_5h8h8t5h8h8t5h8h-1-1-1140x641.png 1140w\" sizes=\"(max-width: 1280px) 100vw, 1280px\" \/><figcaption class=\"wp-element-caption\">P\u00e3o integral e multigr\u00e3os parecem iguais mas escondem diferen\u00e7as importantes<\/figcaption><\/figure>\n\n\n\n<h2 class=\"wp-block-heading\">Existe uma recomenda\u00e7\u00e3o oficial sobre o consumo de gr\u00e3os inteiros?<\/h2>\n\n\n\n<p>A ci\u00eancia da nutri\u00e7\u00e3o moderna recomenda que pelo menos metade dos cereais consumidos diariamente sejam de origem integral comprovada por especialistas. Essa pr\u00e1tica ajuda a reduzir a inflama\u00e7\u00e3o sist\u00eamica e melhora a resposta insul\u00ednica em adultos saud\u00e1veis ou diab\u00e9ticos. O p\u00e3o integral de verdade atende perfeitamente a essa necessidade nutricional sem adicionar calorias vazias na sua dieta.<\/p>\n\n\n\n<p>Segundo a <strong>American Heart Association<\/strong>, o consumo de fibras provenientes de gr\u00e3os integrais reduz o risco de acidentes vasculares cerebrais em popula\u00e7\u00f5es urbanas. A institui\u00e7\u00e3o enfatiza que a escolha correta dos cereais \u00e9 um pilar da sa\u00fade cardiovascular. Para entender as diretrizes completas, consulte as informa\u00e7\u00f5es oficiais sobre os <a target=\"_blank\" rel=\"noreferrer noopener\" href=\"https:\/\/www.heart.org\/en\/healthy-living\/healthy-eating\/eat-smart\/nutrition-basics\/whole-grains-refined-grains-and-dietary-fiber\">benef\u00edcios dos gr\u00e3os integrais<\/a> no portal da autoridade mundial.<\/p>\n","protected":false},"excerpt":{"rendered":"<p>Escolher o melhor p\u00e3o para a dieta di\u00e1ria exige aten\u00e7\u00e3o redobrada aos r\u00f3tulos que muitas vezes confundem o consumidor m\u00e9dio brasileiro. A diferen\u00e7a t\u00e9cnica entre o p\u00e3o integral e o multigr\u00e3os impacta diretamente na ingest\u00e3o de fibras e nutrientes essenciais. Compreender essas distin\u00e7\u00f5es garante uma alimenta\u00e7\u00e3o muito mais equilibrada e consciente hoje. Como a composi\u00e7\u00e3o [&hellip;]<\/p>\n","protected":false},"author":21,"featured_media":234772,"comment_status":"open","ping_status":"open","sticky":false,"template":"","format":"standard","meta":{"_yoast_wpseo_focuskw":"diferen\u00e7a p\u00e3o integral e multigr\u00e3os","_yoast_wpseo_title":"","_yoast_wpseo_metadesc":"Nem todo p\u00e3o escuro \u00e9 integral de verdade. Um detalhe no r\u00f3tulo revela diferen\u00e7as que podem impactar sua sa\u00fade mais do que parece.","jnews-multi-image_gallery":[],"jnews_single_post":{"format":"standard"},"jnews_primary_category":[],"jnews_social_meta":[],"jnews_override_counter":[],"footnotes":""},"categories":[112],"tags":[4182,18245,18434],"class_list":["post-234769","post","type-post","status-publish","format-standard","has-post-thumbnail","hentry","category-curiosidades","tag-diferenca","tag-pao-integral","tag-pao-multigraos"],"yoast_head":"<!-- This site is optimized with the Yoast SEO plugin v24.6 - https:\/\/yoast.com\/wordpress\/plugins\/seo\/ -->\n<title>Qual \u00e9 a diferen\u00e7a entre p\u00e3o integral e p\u00e3o multigr\u00e3os que muita gente compra sem saber - Correio Braziliense - Radar<\/title>\n<meta name=\"description\" content=\"Nem todo p\u00e3o escuro \u00e9 integral de verdade. Um detalhe no r\u00f3tulo revela diferen\u00e7as que podem impactar sua sa\u00fade mais do que parece.\" \/>\n<meta name=\"robots\" content=\"index, follow, max-snippet:-1, max-image-preview:large, max-video-preview:-1\" \/>\n<link rel=\"canonical\" href=\"https:\/\/www.correiobraziliense.com.br\/cbradar\/qual-e-a-diferenca-entre-pao-integral-e-pao-multigraos-que-muita-gente-compra-sem-saber\/\" \/>\n<meta property=\"og:locale\" content=\"pt_BR\" \/>\n<meta property=\"og:type\" content=\"article\" \/>\n<meta property=\"og:title\" content=\"Qual \u00e9 a diferen\u00e7a entre p\u00e3o integral e p\u00e3o multigr\u00e3os que muita gente compra sem saber - Correio Braziliense - Radar\" \/>\n<meta property=\"og:description\" content=\"Nem todo p\u00e3o escuro \u00e9 integral de verdade. Um detalhe no r\u00f3tulo revela diferen\u00e7as que podem impactar sua sa\u00fade mais do que parece.\" \/>\n<meta property=\"og:url\" content=\"https:\/\/www.correiobraziliense.com.br\/cbradar\/qual-e-a-diferenca-entre-pao-integral-e-pao-multigraos-que-muita-gente-compra-sem-saber\/\" \/>\n<meta property=\"og:site_name\" content=\"Correio Braziliense - Radar\" \/>\n<meta property=\"article:published_time\" content=\"2026-05-01T19:15:00+00:00\" \/>\n<meta property=\"og:image\" content=\"https:\/\/www.correiobraziliense.com.br\/cbradar\/wp-content\/uploads\/2026\/04\/Gemini_Generated_Image_krtjbkkrtjbkkrtj-1-1.png\" \/>\n\t<meta property=\"og:image:width\" content=\"1280\" \/>\n\t<meta property=\"og:image:height\" content=\"720\" \/>\n\t<meta property=\"og:image:type\" content=\"image\/png\" \/>\n<meta name=\"author\" content=\"Patrick Silva\" \/>\n<meta name=\"twitter:card\" content=\"summary_large_image\" \/>\n<meta name=\"twitter:label1\" content=\"Escrito por\" \/>\n\t<meta name=\"twitter:data1\" content=\"Patrick Silva\" \/>\n\t<meta name=\"twitter:label2\" content=\"Est. tempo de leitura\" \/>\n\t<meta name=\"twitter:data2\" content=\"5 minutos\" \/>\n<!-- \/ Yoast SEO plugin. -->","yoast_head_json":{"title":"Qual \u00e9 a diferen\u00e7a entre p\u00e3o integral e p\u00e3o multigr\u00e3os que muita gente compra sem saber - Correio Braziliense - Radar","description":"Nem todo p\u00e3o escuro \u00e9 integral de verdade. Um detalhe no r\u00f3tulo revela diferen\u00e7as que podem impactar sua sa\u00fade mais do que parece.","robots":{"index":"index","follow":"follow","max-snippet":"max-snippet:-1","max-image-preview":"max-image-preview:large","max-video-preview":"max-video-preview:-1"},"canonical":"https:\/\/www.correiobraziliense.com.br\/cbradar\/qual-e-a-diferenca-entre-pao-integral-e-pao-multigraos-que-muita-gente-compra-sem-saber\/","og_locale":"pt_BR","og_type":"article","og_title":"Qual \u00e9 a diferen\u00e7a entre p\u00e3o integral e p\u00e3o multigr\u00e3os que muita gente compra sem saber - Correio Braziliense - Radar","og_description":"Nem todo p\u00e3o escuro \u00e9 integral de verdade. Um detalhe no r\u00f3tulo revela diferen\u00e7as que podem impactar sua sa\u00fade mais do que parece.","og_url":"https:\/\/www.correiobraziliense.com.br\/cbradar\/qual-e-a-diferenca-entre-pao-integral-e-pao-multigraos-que-muita-gente-compra-sem-saber\/","og_site_name":"Correio Braziliense - Radar","article_published_time":"2026-05-01T19:15:00+00:00","og_image":[{"width":1280,"height":720,"url":"https:\/\/www.correiobraziliense.com.br\/cbradar\/wp-content\/uploads\/2026\/04\/Gemini_Generated_Image_krtjbkkrtjbkkrtj-1-1.png","type":"image\/png"}],"author":"Patrick Silva","twitter_card":"summary_large_image","twitter_misc":{"Escrito por":"Patrick Silva","Est. tempo de leitura":"5 minutos"},"schema":{"@context":"https:\/\/schema.org","@graph":[{"@type":"WebPage","@id":"https:\/\/www.correiobraziliense.com.br\/cbradar\/qual-e-a-diferenca-entre-pao-integral-e-pao-multigraos-que-muita-gente-compra-sem-saber\/","url":"https:\/\/www.correiobraziliense.com.br\/cbradar\/qual-e-a-diferenca-entre-pao-integral-e-pao-multigraos-que-muita-gente-compra-sem-saber\/","name":"Qual \u00e9 a diferen\u00e7a entre p\u00e3o integral e p\u00e3o multigr\u00e3os que muita gente compra sem saber - Correio Braziliense - Radar","isPartOf":{"@id":"https:\/\/www.correiobraziliense.com.br\/cbradar\/#website"},"primaryImageOfPage":{"@id":"https:\/\/www.correiobraziliense.com.br\/cbradar\/qual-e-a-diferenca-entre-pao-integral-e-pao-multigraos-que-muita-gente-compra-sem-saber\/#primaryimage"},"image":{"@id":"https:\/\/www.correiobraziliense.com.br\/cbradar\/qual-e-a-diferenca-entre-pao-integral-e-pao-multigraos-que-muita-gente-compra-sem-saber\/#primaryimage"},"thumbnailUrl":"https:\/\/www.correiobraziliense.com.br\/cbradar\/wp-content\/uploads\/2026\/04\/Gemini_Generated_Image_krtjbkkrtjbkkrtj-1-1.png","datePublished":"2026-05-01T19:15:00+00:00","author":{"@id":"https:\/\/www.correiobraziliense.com.br\/cbradar\/#\/schema\/person\/5440b72be9c7eb74f446c846479dc4da"},"description":"Nem todo p\u00e3o escuro \u00e9 integral de verdade. Um detalhe no r\u00f3tulo revela diferen\u00e7as que podem impactar sua sa\u00fade mais do que parece.","breadcrumb":{"@id":"https:\/\/www.correiobraziliense.com.br\/cbradar\/qual-e-a-diferenca-entre-pao-integral-e-pao-multigraos-que-muita-gente-compra-sem-saber\/#breadcrumb"},"inLanguage":"pt-BR","potentialAction":[{"@type":"ReadAction","target":["https:\/\/www.correiobraziliense.com.br\/cbradar\/qual-e-a-diferenca-entre-pao-integral-e-pao-multigraos-que-muita-gente-compra-sem-saber\/"]}]},{"@type":"ImageObject","inLanguage":"pt-BR","@id":"https:\/\/www.correiobraziliense.com.br\/cbradar\/qual-e-a-diferenca-entre-pao-integral-e-pao-multigraos-que-muita-gente-compra-sem-saber\/#primaryimage","url":"https:\/\/www.correiobraziliense.com.br\/cbradar\/wp-content\/uploads\/2026\/04\/Gemini_Generated_Image_krtjbkkrtjbkkrtj-1-1.png","contentUrl":"https:\/\/www.correiobraziliense.com.br\/cbradar\/wp-content\/uploads\/2026\/04\/Gemini_Generated_Image_krtjbkkrtjbkkrtj-1-1.png","width":1280,"height":720,"caption":"P\u00e3o integral e multigr\u00e3os parecem iguais mas escondem diferen\u00e7as importantes"},{"@type":"BreadcrumbList","@id":"https:\/\/www.correiobraziliense.com.br\/cbradar\/qual-e-a-diferenca-entre-pao-integral-e-pao-multigraos-que-muita-gente-compra-sem-saber\/#breadcrumb","itemListElement":[{"@type":"ListItem","position":1,"name":"In\u00edcio","item":"https:\/\/www.correiobraziliense.com.br\/cbradar\/"},{"@type":"ListItem","position":2,"name":"Qual \u00e9 a diferen\u00e7a entre p\u00e3o integral e p\u00e3o multigr\u00e3os que muita gente compra sem saber"}]},{"@type":"WebSite","@id":"https:\/\/www.correiobraziliense.com.br\/cbradar\/#website","url":"https:\/\/www.correiobraziliense.com.br\/cbradar\/","name":"Correio Braziliense - Radar","description":"Acompanhe as \u00faltimas not\u00edcias e fique bem informado sobre tudo o que acontece no Brasil e no mundo.","potentialAction":[{"@type":"SearchAction","target":{"@type":"EntryPoint","urlTemplate":"https:\/\/www.correiobraziliense.com.br\/cbradar\/?s={search_term_string}"},"query-input":{"@type":"PropertyValueSpecification","valueRequired":true,"valueName":"search_term_string"}}],"inLanguage":"pt-BR"},{"@type":"Person","@id":"https:\/\/www.correiobraziliense.com.br\/cbradar\/#\/schema\/person\/5440b72be9c7eb74f446c846479dc4da","name":"Patrick Silva","image":{"@type":"ImageObject","inLanguage":"pt-BR","@id":"https:\/\/www.correiobraziliense.com.br\/cbradar\/#\/schema\/person\/image\/","url":"https:\/\/secure.gravatar.com\/avatar\/944109df296fc087785c9715fd5f80b2?s=96&d=mm&r=g","contentUrl":"https:\/\/secure.gravatar.com\/avatar\/944109df296fc087785c9715fd5f80b2?s=96&d=mm&r=g","caption":"Patrick Silva"},"sameAs":["https:\/\/www.correiobraziliense.com.br\/cbradar\/"],"url":"https:\/\/www.correiobraziliense.com.br\/cbradar\/author\/patrick-silva\/"}]}},"_links":{"self":[{"href":"https:\/\/www.correiobraziliense.com.br\/cbradar\/wp-json\/wp\/v2\/posts\/234769","targetHints":{"allow":["GET"]}}],"collection":[{"href":"https:\/\/www.correiobraziliense.com.br\/cbradar\/wp-json\/wp\/v2\/posts"}],"about":[{"href":"https:\/\/www.correiobraziliense.com.br\/cbradar\/wp-json\/wp\/v2\/types\/post"}],"author":[{"embeddable":true,"href":"https:\/\/www.correiobraziliense.com.br\/cbradar\/wp-json\/wp\/v2\/users\/21"}],"replies":[{"embeddable":true,"href":"https:\/\/www.correiobraziliense.com.br\/cbradar\/wp-json\/wp\/v2\/comments?post=234769"}],"version-history":[{"count":3,"href":"https:\/\/www.correiobraziliense.com.br\/cbradar\/wp-json\/wp\/v2\/posts\/234769\/revisions"}],"predecessor-version":[{"id":234780,"href":"https:\/\/www.correiobraziliense.com.br\/cbradar\/wp-json\/wp\/v2\/posts\/234769\/revisions\/234780"}],"wp:featuredmedia":[{"embeddable":true,"href":"https:\/\/www.correiobraziliense.com.br\/cbradar\/wp-json\/wp\/v2\/media\/234772"}],"wp:attachment":[{"href":"https:\/\/www.correiobraziliense.com.br\/cbradar\/wp-json\/wp\/v2\/media?parent=234769"}],"wp:term":[{"taxonomy":"category","embeddable":true,"href":"https:\/\/www.correiobraziliense.com.br\/cbradar\/wp-json\/wp\/v2\/categories?post=234769"},{"taxonomy":"post_tag","embeddable":true,"href":"https:\/\/www.correiobraziliense.com.br\/cbradar\/wp-json\/wp\/v2\/tags?post=234769"}],"curies":[{"name":"wp","href":"https:\/\/api.w.org\/{rel}","templated":true}]}}