{"id":234770,"date":"2026-05-01T20:35:00","date_gmt":"2026-05-01T23:35:00","guid":{"rendered":"https:\/\/www.correiobraziliense.com.br\/cbradar\/?p=234770"},"modified":"2026-04-30T18:44:54","modified_gmt":"2026-04-30T21:44:54","slug":"o-uso-da-lingua-que-muita-gente-chama-de-erro-mas-e-aceito-por-gramaticos-e-dicionarios","status":"publish","type":"post","link":"https:\/\/www.correiobraziliense.com.br\/cbradar\/o-uso-da-lingua-que-muita-gente-chama-de-erro-mas-e-aceito-por-gramaticos-e-dicionarios\/","title":{"rendered":"O uso da l\u00edngua que muita gente chama de erro, mas \u00e9 aceito por gram\u00e1ticos e dicion\u00e1rios"},"content":{"rendered":"\n<p>Dominar a comunica\u00e7\u00e3o escrita exige aten\u00e7\u00e3o constante aos detalhes que definem a norma culta da nossa l\u00edngua. Muitas express\u00f5es consagradas pelo uso di\u00e1rio acabam sendo injustamente rotuladas como erros gramaticais por falantes mais r\u00edgidos. Entender o que os manuais realmente permitem ajuda a produzir textos com muito mais seguran\u00e7a e clareza, evitando corre\u00e7\u00f5es desnecess\u00e1rias durante toda a vida.<\/p>\n\n\n\n<h2 class=\"wp-block-heading\">Por que o uso de certas preposi\u00e7\u00f5es gera debate?<\/h2>\n\n\n\n<p>A utiliza\u00e7\u00e3o de express\u00f5es que indicam meio ou instrumento muitas vezes provoca rea\u00e7\u00f5es negativas em revisores menos experientes no tema. Muitos acreditam que determinados termos devem ser restritos apenas ao sentido f\u00edsico de atravessar um espa\u00e7o concreto ou geogr\u00e1fico. Essa vis\u00e3o limitada ignora que a l\u00edngua portuguesa permite extens\u00f5es de sentido que enriquecem bastante a express\u00e3o de ideias complexas.<\/p>\n\n\n\n<p>Quando o falante opta por uma constru\u00e7\u00e3o que foge do \u00f3bvio, ele busca dar fluidez ao pensamento que deseja transmitir. A resist\u00eancia ao uso figurado de certas palavras surge de uma interpreta\u00e7\u00e3o muito literal das regras gramaticais b\u00e1sicas aprendidas nos anos escolares. No entanto, os principais dicion\u00e1rios reconhecem que a versatilidade \u00e9 uma caracter\u00edstica fundamental para a comunica\u00e7\u00e3o humana eficaz.<\/p>\n\n\n\n<figure class=\"wp-block-image size-full\"><img decoding=\"async\" width=\"1280\" height=\"720\" src=\"https:\/\/www.correiobraziliense.com.br\/cbradar\/wp-content\/uploads\/2026\/04\/Gemini_Generated_Image_fvirc4fvirc4fvir-1-1.png\" alt=\"O uso da l\u00edngua que muita gente chama de erro, mas \u00e9 aceito por gram\u00e1ticos e dicion\u00e1rios\" class=\"wp-image-234786\" srcset=\"https:\/\/www.correiobraziliense.com.br\/cbradar\/wp-content\/uploads\/2026\/04\/Gemini_Generated_Image_fvirc4fvirc4fvir-1-1.png 1280w, https:\/\/www.correiobraziliense.com.br\/cbradar\/wp-content\/uploads\/2026\/04\/Gemini_Generated_Image_fvirc4fvirc4fvir-1-1-300x169.png 300w, https:\/\/www.correiobraziliense.com.br\/cbradar\/wp-content\/uploads\/2026\/04\/Gemini_Generated_Image_fvirc4fvirc4fvir-1-1-768x432.png 768w, https:\/\/www.correiobraziliense.com.br\/cbradar\/wp-content\/uploads\/2026\/04\/Gemini_Generated_Image_fvirc4fvirc4fvir-1-1-750x422.png 750w, https:\/\/www.correiobraziliense.com.br\/cbradar\/wp-content\/uploads\/2026\/04\/Gemini_Generated_Image_fvirc4fvirc4fvir-1-1-1140x641.png 1140w\" sizes=\"(max-width: 1280px) 100vw, 1280px\" \/><figcaption class=\"wp-element-caption\">Express\u00f5es criticadas podem estar corretas e fazem parte da evolu\u00e7\u00e3o natural da l\u00edngua<\/figcaption><\/figure>\n\n\n\n<h2 class=\"wp-block-heading\">Qual \u00e9 a fun\u00e7\u00e3o da clareza na comunica\u00e7\u00e3o escrita?<\/h2>\n\n\n\n<p>Escrever de forma compreens\u00edvel deve ser a prioridade m\u00e1xima para quem deseja estabelecer um di\u00e1logo produtivo com o leitor. Muitas vezes, a busca excessiva por uma suposta corre\u00e7\u00e3o t\u00e9cnica acaba criando frases confusas e distantes da realidade do p\u00fablico. Manter um equil\u00edbrio entre a norma padr\u00e3o e a naturalidade garante que a mensagem chegue ao destino de modo satisfat\u00f3rio.<\/p>\n\n\n\n<p>A clareza permite que as informa\u00e7\u00f5es sejam absorvidas rapidamente, sem a necessidade de interpreta\u00e7\u00f5es exaustivas ou consultas externas constantes. Quando o redator domina as ferramentas lingu\u00edsticas, ele consegue guiar o pensamento do interlocutor com muita precis\u00e3o e eleg\u00e2ncia. Esse cuidado com a estrutura textual \u00e9 o que define um profissional de alta autoridade em qualquer \u00e1rea do conhecimento.<\/p>\n\n\n\n<h2 class=\"wp-block-heading\">Quais termos s\u00e3o frequentemente confundidos pelos falantes?<\/h2>\n\n\n\n<p>Diversos voc\u00e1bulos sofrem com a estigmatiza\u00e7\u00e3o injusta devido \u00e0 falta de conhecimento sobre os registros contidos nos grandes manuais nacionais. Muitas pessoas evitam constru\u00e7\u00f5es tradicionais por medo de serem julgadas por colegas ou superiores que seguem regras ultrapassadas. Conhecer essas varia\u00e7\u00f5es permitidas amplia o repert\u00f3rio de quem busca uma escrita mais rica e diversificada em diferentes contextos sociais.<\/p>\n\n\n\n<p>Alguns exemplos de varia\u00e7\u00f5es lingu\u00edsticas aceitas pela norma padr\u00e3o:<\/p>\n\n\n\n<ul class=\"wp-block-list\">\n<li>Uso de atrav\u00e9s de para meios abstratos.<\/li>\n\n\n\n<li>Flex\u00f5es de g\u00eanero em cargos de lideran\u00e7a.<\/li>\n\n\n\n<li>Concord\u00e2ncias nominais em express\u00f5es de refor\u00e7o.<\/li>\n\n\n\n<li>Grafias alternativas validadas pelo vocabul\u00e1rio oficial.<\/li>\n<\/ul>\n\n\n\n<h2 class=\"wp-block-heading\">Como a evolu\u00e7\u00e3o vocabular influencia os registros oficiais?<\/h2>\n\n\n\n<p>A l\u00edngua \u00e9 um organismo vivo que se transforma conforme as necessidades de quem a utiliza no cotidiano. Novas palavras e sentidos s\u00e3o incorporados aos documentos reguladores para refletir as mudan\u00e7as sociais e tecnol\u00f3gicas que ocorrem ao redor. Esse processo de renova\u00e7\u00e3o \u00e9 essencial para que o idioma continue sendo uma ferramenta \u00fatil e vibrante para todos os cidad\u00e3os brasileiros.<\/p>\n\n\n\n<p>Gram\u00e1ticos renomados observam esses movimentos com aten\u00e7\u00e3o e validam estruturas que j\u00e1 est\u00e3o consagradas pelo uso da popula\u00e7\u00e3o em geral. A aceita\u00e7\u00e3o de termos que antes eram considerados informais demonstra uma maturidade institucional que valoriza a heran\u00e7a cultural. Entender essa din\u00e2mica ajuda a encarar a gram\u00e1tica n\u00e3o como uma pris\u00e3o, mas como um guia para a boa conviv\u00eancia humana.<\/p>\n\n\n\n<figure class=\"wp-block-image size-full\"><img decoding=\"async\" width=\"1280\" height=\"720\" src=\"https:\/\/www.correiobraziliense.com.br\/cbradar\/wp-content\/uploads\/2026\/04\/Gemini_Generated_Image_4lmznr4lmznr4lmz-1-1.png\" alt=\"O uso da l\u00edngua que muita gente chama de erro, mas \u00e9 aceito por gram\u00e1ticos e dicion\u00e1rios\" class=\"wp-image-234788\" srcset=\"https:\/\/www.correiobraziliense.com.br\/cbradar\/wp-content\/uploads\/2026\/04\/Gemini_Generated_Image_4lmznr4lmznr4lmz-1-1.png 1280w, https:\/\/www.correiobraziliense.com.br\/cbradar\/wp-content\/uploads\/2026\/04\/Gemini_Generated_Image_4lmznr4lmznr4lmz-1-1-300x169.png 300w, https:\/\/www.correiobraziliense.com.br\/cbradar\/wp-content\/uploads\/2026\/04\/Gemini_Generated_Image_4lmznr4lmznr4lmz-1-1-768x432.png 768w, https:\/\/www.correiobraziliense.com.br\/cbradar\/wp-content\/uploads\/2026\/04\/Gemini_Generated_Image_4lmznr4lmznr4lmz-1-1-750x422.png 750w, https:\/\/www.correiobraziliense.com.br\/cbradar\/wp-content\/uploads\/2026\/04\/Gemini_Generated_Image_4lmznr4lmznr4lmz-1-1-1140x641.png 1140w\" sizes=\"(max-width: 1280px) 100vw, 1280px\" \/><figcaption class=\"wp-element-caption\">Express\u00f5es criticadas podem estar corretas e fazem parte da evolu\u00e7\u00e3o natural da l\u00edngua<\/figcaption><\/figure>\n\n\n\n<p>Leia tamb\u00e9m: <a href=\"https:\/\/www.correiobraziliense.com.br\/cbradar\/a-palavra-que-muita-gente-evita-usar-em-redacao-formal-mas-esta-correta-segundo-o-vocabulario-ortografico-da-lingua-portuguesa\/\" target=\"_blank\" rel=\"noreferrer noopener\">A palavra que muita gente evita usar em reda\u00e7\u00e3o formal, mas est\u00e1 correta segundo o Vocabul\u00e1rio Ortogr\u00e1fico da L\u00edngua Portuguesa<\/a><\/p>\n\n\n\n<h2 class=\"wp-block-heading\">Onde encontrar orienta\u00e7\u00f5es seguras sobre o idioma nacional?<\/h2>\n\n\n\n<p>Consultar fontes de alta autoridade \u00e9 o caminho mais curto para sanar d\u00favidas que surgem durante a produ\u00e7\u00e3o de documentos importantes. Ter acesso a materiais confi\u00e1veis protege o escritor contra cr\u00edticas infundadas e garante que o texto final esteja em harmonia com as leis vigentes. Essa pr\u00e1tica de pesquisa deve ser incorporada \u00e0 rotina de quem valoriza a excel\u00eancia t\u00e9cnica.<\/p>\n\n\n\n<p>Para verificar a legitimidade de qualquer termo ou express\u00e3o complexa, o cidad\u00e3o pode consultar diretamente o site da <strong><a href=\"https:\/\/www.academia.org.br\/nossa-lingua\/busca-no-vocabulario\" target=\"_blank\" rel=\"noreferrer noopener\">Academia Brasileira de Letras<\/a><\/strong>. Essa plataforma centraliza os registros oficiais do nosso vocabul\u00e1rio e oferece seguran\u00e7a jur\u00eddica para quem escreve profissionalmente. Utilizar esses recursos tecnol\u00f3gicos facilita o dom\u00ednio das normas cultas e eleva o padr\u00e3o das comunica\u00e7\u00f5es em diversos ambientes corporativos.<\/p>\n","protected":false},"excerpt":{"rendered":"<p>Dominar a comunica\u00e7\u00e3o escrita exige aten\u00e7\u00e3o constante aos detalhes que definem a norma culta da nossa l\u00edngua. Muitas express\u00f5es consagradas pelo uso di\u00e1rio acabam sendo injustamente rotuladas como erros gramaticais por falantes mais r\u00edgidos. Entender o que os manuais realmente permitem ajuda a produzir textos com muito mais seguran\u00e7a e clareza, evitando corre\u00e7\u00f5es desnecess\u00e1rias durante [&hellip;]<\/p>\n","protected":false},"author":21,"featured_media":234784,"comment_status":"open","ping_status":"open","sticky":false,"template":"","format":"standard","meta":{"_yoast_wpseo_focuskw":"atrav\u00e9s de est\u00e1 correto","_yoast_wpseo_title":"","_yoast_wpseo_metadesc":"Express\u00f5es comuns podem ser corretas mesmo sendo criticadas e entender isso evita erros na escrita do dia a dia","jnews-multi-image_gallery":[],"jnews_single_post":{"format":"standard"},"jnews_primary_category":[],"jnews_social_meta":[],"jnews_override_counter":[],"footnotes":""},"categories":[112],"tags":[8840,12816,10902,6081],"class_list":["post-234770","post","type-post","status-publish","format-standard","has-post-thumbnail","hentry","category-curiosidades","tag-erro","tag-gramatica","tag-lingua-portuguesa","tag-portugues"],"yoast_head":"<!-- This site is optimized with the Yoast SEO plugin v24.6 - https:\/\/yoast.com\/wordpress\/plugins\/seo\/ -->\n<title>O uso da l\u00edngua que muita gente chama de erro, mas \u00e9 aceito por gram\u00e1ticos e dicion\u00e1rios - Correio Braziliense - Radar<\/title>\n<meta name=\"description\" content=\"Express\u00f5es comuns podem ser corretas mesmo sendo criticadas e entender isso evita erros na escrita do dia a dia\" \/>\n<meta name=\"robots\" content=\"index, follow, max-snippet:-1, max-image-preview:large, max-video-preview:-1\" \/>\n<link rel=\"canonical\" href=\"https:\/\/www.correiobraziliense.com.br\/cbradar\/o-uso-da-lingua-que-muita-gente-chama-de-erro-mas-e-aceito-por-gramaticos-e-dicionarios\/\" \/>\n<meta property=\"og:locale\" content=\"pt_BR\" \/>\n<meta property=\"og:type\" content=\"article\" \/>\n<meta property=\"og:title\" content=\"O uso da l\u00edngua que muita gente chama de erro, mas \u00e9 aceito por gram\u00e1ticos e dicion\u00e1rios - Correio Braziliense - Radar\" \/>\n<meta property=\"og:description\" content=\"Express\u00f5es comuns podem ser corretas mesmo sendo criticadas e entender isso evita erros na escrita do dia a dia\" \/>\n<meta property=\"og:url\" content=\"https:\/\/www.correiobraziliense.com.br\/cbradar\/o-uso-da-lingua-que-muita-gente-chama-de-erro-mas-e-aceito-por-gramaticos-e-dicionarios\/\" \/>\n<meta property=\"og:site_name\" content=\"Correio Braziliense - Radar\" \/>\n<meta property=\"article:published_time\" content=\"2026-05-01T23:35:00+00:00\" \/>\n<meta property=\"og:image\" content=\"https:\/\/www.correiobraziliense.com.br\/cbradar\/wp-content\/uploads\/2026\/04\/Gemini_Generated_Image_e30tf6e30tf6e30t-1-1.png\" \/>\n\t<meta property=\"og:image:width\" content=\"1280\" \/>\n\t<meta property=\"og:image:height\" content=\"720\" \/>\n\t<meta property=\"og:image:type\" content=\"image\/png\" \/>\n<meta name=\"author\" content=\"Patrick Silva\" \/>\n<meta name=\"twitter:card\" content=\"summary_large_image\" \/>\n<meta name=\"twitter:label1\" content=\"Escrito por\" \/>\n\t<meta name=\"twitter:data1\" content=\"Patrick Silva\" \/>\n\t<meta name=\"twitter:label2\" content=\"Est. tempo de leitura\" \/>\n\t<meta name=\"twitter:data2\" content=\"1 minuto\" \/>\n<!-- \/ Yoast SEO plugin. -->","yoast_head_json":{"title":"O uso da l\u00edngua que muita gente chama de erro, mas \u00e9 aceito por gram\u00e1ticos e dicion\u00e1rios - Correio Braziliense - Radar","description":"Express\u00f5es comuns podem ser corretas mesmo sendo criticadas e entender isso evita erros na escrita do dia a dia","robots":{"index":"index","follow":"follow","max-snippet":"max-snippet:-1","max-image-preview":"max-image-preview:large","max-video-preview":"max-video-preview:-1"},"canonical":"https:\/\/www.correiobraziliense.com.br\/cbradar\/o-uso-da-lingua-que-muita-gente-chama-de-erro-mas-e-aceito-por-gramaticos-e-dicionarios\/","og_locale":"pt_BR","og_type":"article","og_title":"O uso da l\u00edngua que muita gente chama de erro, mas \u00e9 aceito por gram\u00e1ticos e dicion\u00e1rios - Correio Braziliense - Radar","og_description":"Express\u00f5es comuns podem ser corretas mesmo sendo criticadas e entender isso evita erros na escrita do dia a dia","og_url":"https:\/\/www.correiobraziliense.com.br\/cbradar\/o-uso-da-lingua-que-muita-gente-chama-de-erro-mas-e-aceito-por-gramaticos-e-dicionarios\/","og_site_name":"Correio Braziliense - Radar","article_published_time":"2026-05-01T23:35:00+00:00","og_image":[{"width":1280,"height":720,"url":"https:\/\/www.correiobraziliense.com.br\/cbradar\/wp-content\/uploads\/2026\/04\/Gemini_Generated_Image_e30tf6e30tf6e30t-1-1.png","type":"image\/png"}],"author":"Patrick Silva","twitter_card":"summary_large_image","twitter_misc":{"Escrito por":"Patrick Silva","Est. tempo de leitura":"1 minuto"},"schema":{"@context":"https:\/\/schema.org","@graph":[{"@type":"WebPage","@id":"https:\/\/www.correiobraziliense.com.br\/cbradar\/o-uso-da-lingua-que-muita-gente-chama-de-erro-mas-e-aceito-por-gramaticos-e-dicionarios\/","url":"https:\/\/www.correiobraziliense.com.br\/cbradar\/o-uso-da-lingua-que-muita-gente-chama-de-erro-mas-e-aceito-por-gramaticos-e-dicionarios\/","name":"O uso da l\u00edngua que muita gente chama de erro, mas \u00e9 aceito por gram\u00e1ticos e dicion\u00e1rios - Correio Braziliense - Radar","isPartOf":{"@id":"https:\/\/www.correiobraziliense.com.br\/cbradar\/#website"},"primaryImageOfPage":{"@id":"https:\/\/www.correiobraziliense.com.br\/cbradar\/o-uso-da-lingua-que-muita-gente-chama-de-erro-mas-e-aceito-por-gramaticos-e-dicionarios\/#primaryimage"},"image":{"@id":"https:\/\/www.correiobraziliense.com.br\/cbradar\/o-uso-da-lingua-que-muita-gente-chama-de-erro-mas-e-aceito-por-gramaticos-e-dicionarios\/#primaryimage"},"thumbnailUrl":"https:\/\/www.correiobraziliense.com.br\/cbradar\/wp-content\/uploads\/2026\/04\/Gemini_Generated_Image_e30tf6e30tf6e30t-1-1.png","datePublished":"2026-05-01T23:35:00+00:00","author":{"@id":"https:\/\/www.correiobraziliense.com.br\/cbradar\/#\/schema\/person\/5440b72be9c7eb74f446c846479dc4da"},"description":"Express\u00f5es comuns podem ser corretas mesmo sendo criticadas e entender isso evita erros na escrita do dia a dia","breadcrumb":{"@id":"https:\/\/www.correiobraziliense.com.br\/cbradar\/o-uso-da-lingua-que-muita-gente-chama-de-erro-mas-e-aceito-por-gramaticos-e-dicionarios\/#breadcrumb"},"inLanguage":"pt-BR","potentialAction":[{"@type":"ReadAction","target":["https:\/\/www.correiobraziliense.com.br\/cbradar\/o-uso-da-lingua-que-muita-gente-chama-de-erro-mas-e-aceito-por-gramaticos-e-dicionarios\/"]}]},{"@type":"ImageObject","inLanguage":"pt-BR","@id":"https:\/\/www.correiobraziliense.com.br\/cbradar\/o-uso-da-lingua-que-muita-gente-chama-de-erro-mas-e-aceito-por-gramaticos-e-dicionarios\/#primaryimage","url":"https:\/\/www.correiobraziliense.com.br\/cbradar\/wp-content\/uploads\/2026\/04\/Gemini_Generated_Image_e30tf6e30tf6e30t-1-1.png","contentUrl":"https:\/\/www.correiobraziliense.com.br\/cbradar\/wp-content\/uploads\/2026\/04\/Gemini_Generated_Image_e30tf6e30tf6e30t-1-1.png","width":1280,"height":720,"caption":"Express\u00f5es criticadas podem estar corretas e fazem parte da evolu\u00e7\u00e3o natural da l\u00edngua"},{"@type":"BreadcrumbList","@id":"https:\/\/www.correiobraziliense.com.br\/cbradar\/o-uso-da-lingua-que-muita-gente-chama-de-erro-mas-e-aceito-por-gramaticos-e-dicionarios\/#breadcrumb","itemListElement":[{"@type":"ListItem","position":1,"name":"In\u00edcio","item":"https:\/\/www.correiobraziliense.com.br\/cbradar\/"},{"@type":"ListItem","position":2,"name":"O uso da l\u00edngua que muita gente chama de erro, mas \u00e9 aceito por gram\u00e1ticos e dicion\u00e1rios"}]},{"@type":"WebSite","@id":"https:\/\/www.correiobraziliense.com.br\/cbradar\/#website","url":"https:\/\/www.correiobraziliense.com.br\/cbradar\/","name":"Correio Braziliense - Radar","description":"Acompanhe as \u00faltimas not\u00edcias e fique bem informado sobre tudo o que acontece no Brasil e no mundo.","potentialAction":[{"@type":"SearchAction","target":{"@type":"EntryPoint","urlTemplate":"https:\/\/www.correiobraziliense.com.br\/cbradar\/?s={search_term_string}"},"query-input":{"@type":"PropertyValueSpecification","valueRequired":true,"valueName":"search_term_string"}}],"inLanguage":"pt-BR"},{"@type":"Person","@id":"https:\/\/www.correiobraziliense.com.br\/cbradar\/#\/schema\/person\/5440b72be9c7eb74f446c846479dc4da","name":"Patrick Silva","image":{"@type":"ImageObject","inLanguage":"pt-BR","@id":"https:\/\/www.correiobraziliense.com.br\/cbradar\/#\/schema\/person\/image\/","url":"https:\/\/secure.gravatar.com\/avatar\/944109df296fc087785c9715fd5f80b2?s=96&d=mm&r=g","contentUrl":"https:\/\/secure.gravatar.com\/avatar\/944109df296fc087785c9715fd5f80b2?s=96&d=mm&r=g","caption":"Patrick Silva"},"sameAs":["https:\/\/www.correiobraziliense.com.br\/cbradar\/"],"url":"https:\/\/www.correiobraziliense.com.br\/cbradar\/author\/patrick-silva\/"}]}},"_links":{"self":[{"href":"https:\/\/www.correiobraziliense.com.br\/cbradar\/wp-json\/wp\/v2\/posts\/234770","targetHints":{"allow":["GET"]}}],"collection":[{"href":"https:\/\/www.correiobraziliense.com.br\/cbradar\/wp-json\/wp\/v2\/posts"}],"about":[{"href":"https:\/\/www.correiobraziliense.com.br\/cbradar\/wp-json\/wp\/v2\/types\/post"}],"author":[{"embeddable":true,"href":"https:\/\/www.correiobraziliense.com.br\/cbradar\/wp-json\/wp\/v2\/users\/21"}],"replies":[{"embeddable":true,"href":"https:\/\/www.correiobraziliense.com.br\/cbradar\/wp-json\/wp\/v2\/comments?post=234770"}],"version-history":[{"count":2,"href":"https:\/\/www.correiobraziliense.com.br\/cbradar\/wp-json\/wp\/v2\/posts\/234770\/revisions"}],"predecessor-version":[{"id":234904,"href":"https:\/\/www.correiobraziliense.com.br\/cbradar\/wp-json\/wp\/v2\/posts\/234770\/revisions\/234904"}],"wp:featuredmedia":[{"embeddable":true,"href":"https:\/\/www.correiobraziliense.com.br\/cbradar\/wp-json\/wp\/v2\/media\/234784"}],"wp:attachment":[{"href":"https:\/\/www.correiobraziliense.com.br\/cbradar\/wp-json\/wp\/v2\/media?parent=234770"}],"wp:term":[{"taxonomy":"category","embeddable":true,"href":"https:\/\/www.correiobraziliense.com.br\/cbradar\/wp-json\/wp\/v2\/categories?post=234770"},{"taxonomy":"post_tag","embeddable":true,"href":"https:\/\/www.correiobraziliense.com.br\/cbradar\/wp-json\/wp\/v2\/tags?post=234770"}],"curies":[{"name":"wp","href":"https:\/\/api.w.org\/{rel}","templated":true}]}}