{"id":234781,"date":"2026-05-01T14:15:00","date_gmt":"2026-05-01T17:15:00","guid":{"rendered":"https:\/\/www.correiobraziliense.com.br\/cbradar\/?p=234781"},"modified":"2026-04-30T12:32:43","modified_gmt":"2026-04-30T15:32:43","slug":"qual-e-a-diferenca-entre-requeijao-e-cream-cheese-que-poucas-pessoas-entendem-de-verdade","status":"publish","type":"post","link":"https:\/\/www.correiobraziliense.com.br\/cbradar\/qual-e-a-diferenca-entre-requeijao-e-cream-cheese-que-poucas-pessoas-entendem-de-verdade\/","title":{"rendered":"Qual \u00e9 a diferen\u00e7a entre requeij\u00e3o e cream cheese que poucas pessoas entendem de verdade"},"content":{"rendered":"\n<p>Escolher entre o requeij\u00e3o cremoso e o cream cheese parece uma tarefa simples para quem frequenta o supermercado semanalmente. No entanto, esses dois produtos l\u00e1cteos populares possuem processos de fabrica\u00e7\u00e3o distintos e caracter\u00edsticas nutricionais que influenciam diretamente no sabor final das receitas. Compreender essas varia\u00e7\u00f5es t\u00e9cnicas ajuda a selecionar o ingrediente ideal para cada ocasi\u00e3o.<\/p>\n\n\n\n<h2 class=\"wp-block-heading\">Como o processo de produ\u00e7\u00e3o altera a textura desses queijos?<\/h2>\n\n\n\n<p>O <a href=\"https:\/\/www.correiobraziliense.com.br\/cbradar\/zero-carboidrato-e-rica-em-proteina-panqueca-de-frango-leve-e-pratica-para-o-jantar\/\" target=\"_blank\" rel=\"noreferrer noopener\">requeij\u00e3o <\/a>brasileiro \u00e9 um queijo fundido obtido atrav\u00e9s da fus\u00e3o de uma massa coalhada com adi\u00e7\u00e3o de creme de leite e sais fundentes. Esse m\u00e9todo industrial garante uma consist\u00eancia extremamente fluida e aveludada, ideal para passar no p\u00e3o quente. Sua fabrica\u00e7\u00e3o prioriza a cremosidade imediata, resultando em um produto que se espalha com muita facilidade.<\/p>\n\n\n\n<p>O cream cheese americano segue um caminho produtivo diferente, sendo elaborado a partir da fermenta\u00e7\u00e3o do leite integral enriquecido com gordura. Esse processo de acidifica\u00e7\u00e3o controlada confere uma estrutura mais firme e densa, permitindo que o queijo mantenha sua forma mesmo em temperatura ambiente. A presen\u00e7a de culturas l\u00e1ticas espec\u00edficas define o perfil arom\u00e1tico caracter\u00edstico deste latic\u00ednio internacional.<\/p>\n\n\n\n<figure class=\"wp-block-image size-full\"><img decoding=\"async\" width=\"1280\" height=\"720\" src=\"https:\/\/www.correiobraziliense.com.br\/cbradar\/wp-content\/uploads\/2026\/05\/Gemini_Generated_Image_voiqydvoiqydvoiq-1-1.png\" alt=\"Qual \u00e9 a diferen\u00e7a entre requeij\u00e3o e cream cheese que poucas pessoas entendem de verdade\" class=\"wp-image-234783\" srcset=\"https:\/\/www.correiobraziliense.com.br\/cbradar\/wp-content\/uploads\/2026\/05\/Gemini_Generated_Image_voiqydvoiqydvoiq-1-1.png 1280w, https:\/\/www.correiobraziliense.com.br\/cbradar\/wp-content\/uploads\/2026\/05\/Gemini_Generated_Image_voiqydvoiqydvoiq-1-1-300x169.png 300w, https:\/\/www.correiobraziliense.com.br\/cbradar\/wp-content\/uploads\/2026\/05\/Gemini_Generated_Image_voiqydvoiqydvoiq-1-1-768x432.png 768w, https:\/\/www.correiobraziliense.com.br\/cbradar\/wp-content\/uploads\/2026\/05\/Gemini_Generated_Image_voiqydvoiqydvoiq-1-1-750x422.png 750w, https:\/\/www.correiobraziliense.com.br\/cbradar\/wp-content\/uploads\/2026\/05\/Gemini_Generated_Image_voiqydvoiqydvoiq-1-1-1140x641.png 1140w\" sizes=\"(max-width: 1280px) 100vw, 1280px\" \/><figcaption class=\"wp-element-caption\">Requeij\u00e3o e cream cheese parecem iguais mas t\u00eam diferen\u00e7as que mudam receitas<\/figcaption><\/figure>\n\n\n\n<h2 class=\"wp-block-heading\">Quais s\u00e3o as principais diferen\u00e7as de sabor entre os dois?<\/h2>\n\n\n\n<p>O sabor do requeij\u00e3o \u00e9 predominantemente suave e levemente salgado, remetendo ao gosto do leite fresco cozido com toques de manteiga. Essa neutralidade torna o produto um acompanhamento vers\u00e1til para diversos tipos de p\u00e3es e torradas tradicionais. Ele atua como um real\u00e7ador de sabores, sem dominar o paladar de quem consome o alimento durante o caf\u00e9 di\u00e1rio.<\/p>\n\n\n\n<p>Em contrapartida, o cream cheese apresenta uma acidez leve e refrescante que desperta as papilas gustativas de maneira mais intensa. Essa nota \u00e1cida \u00e9 fundamental para equilibrar pratos doces e salgados, sendo muito valorizada na culin\u00e1ria contempor\u00e2nea mundial. Sua complexidade sensorial \u00e9 resultado direto da fermenta\u00e7\u00e3o bacteriana, proporcionando uma experi\u00eancia gastron\u00f4mica \u00fanica que o diferencia dos fundidos.<\/p>\n\n\n\n<h2 class=\"wp-block-heading\">Qual deles \u00e9 mais indicado para receitas que v\u00e3o ao fogo?<\/h2>\n\n\n\n<p>A estabilidade t\u00e9rmica \u00e9 um fator decisivo ao escolher o ingrediente para molhos ou recheios que exigem altas temperaturas. O cream cheese suporta melhor o calor sem se separar completamente, mantendo uma textura rica e homog\u00eanea em tortas ou molhos brancos. Essa resist\u00eancia f\u00edsica torna o produto ideal para preparos que necessitam de uma estrutura cremosa persistente.<\/p>\n\n\n\n<p>Para entender melhor como cada um se comporta na sua cozinha e garantir o melhor resultado culin\u00e1rio:<\/p>\n\n\n\n<ul class=\"wp-block-list\">\n<li>O requeij\u00e3o derrete mais r\u00e1pido em coberturas de pizzas e massas.<\/li>\n\n\n\n<li>Cream cheese \u00e9 a base essencial para cheesecakes cl\u00e1ssicos e sushis.<\/li>\n\n\n\n<li>Fundidos funcionam melhor em receitas de lasanhas e molhos r\u00e1pidos.<\/li>\n\n\n\n<li>Queijos fermentados oferecem maior contraste em pratos doces e canap\u00e9s.<\/li>\n<\/ul>\n\n\n\n<h2 class=\"wp-block-heading\">Por que o perfil nutricional varia tanto entre as marcas?<\/h2>\n\n\n\n<p>A quantidade de gordura e s\u00f3dio pode mudar drasticamente dependendo da formula\u00e7\u00e3o industrial escolhida por cada fabricante espec\u00edfico. O requeij\u00e3o costuma apresentar teores de s\u00f3dio mais elevados devido aos sais fundentes necess\u00e1rios para sua fabrica\u00e7\u00e3o. J\u00e1 o cream cheese tende a ser mais cal\u00f3rico por causa da alta concentra\u00e7\u00e3o de gordura do leite em sua composi\u00e7\u00e3o b\u00e1sica.<\/p>\n\n\n\n<p><strong>Ler os r\u00f3tulos com aten\u00e7\u00e3o<\/strong> \u00e9 fundamental para quem busca manter uma dieta equilibrada sem abrir m\u00e3o do sabor. Ambas as op\u00e7\u00f5es podem fazer parte de uma alimenta\u00e7\u00e3o saud\u00e1vel quando consumidas com modera\u00e7\u00e3o e equil\u00edbrio nutricional. Comparar as tabelas permite identificar vers\u00f5es com menos conservantes artificiais, garantindo que voc\u00ea leve para casa o produto mais natural dispon\u00edvel.<\/p>\n\n\n\n<figure class=\"wp-block-image size-full\"><img decoding=\"async\" width=\"1280\" height=\"720\" src=\"https:\/\/www.correiobraziliense.com.br\/cbradar\/wp-content\/uploads\/2026\/05\/Gemini_Generated_Image_8kv26s8kv26s8kv2-1-1.png\" alt=\"Qual \u00e9 a diferen\u00e7a entre requeij\u00e3o e cream cheese que poucas pessoas entendem de verdade\" class=\"wp-image-234794\" srcset=\"https:\/\/www.correiobraziliense.com.br\/cbradar\/wp-content\/uploads\/2026\/05\/Gemini_Generated_Image_8kv26s8kv26s8kv2-1-1.png 1280w, https:\/\/www.correiobraziliense.com.br\/cbradar\/wp-content\/uploads\/2026\/05\/Gemini_Generated_Image_8kv26s8kv26s8kv2-1-1-300x169.png 300w, https:\/\/www.correiobraziliense.com.br\/cbradar\/wp-content\/uploads\/2026\/05\/Gemini_Generated_Image_8kv26s8kv26s8kv2-1-1-768x432.png 768w, https:\/\/www.correiobraziliense.com.br\/cbradar\/wp-content\/uploads\/2026\/05\/Gemini_Generated_Image_8kv26s8kv26s8kv2-1-1-750x422.png 750w, https:\/\/www.correiobraziliense.com.br\/cbradar\/wp-content\/uploads\/2026\/05\/Gemini_Generated_Image_8kv26s8kv26s8kv2-1-1-1140x641.png 1140w\" sizes=\"(max-width: 1280px) 100vw, 1280px\" \/><figcaption class=\"wp-element-caption\">Requeij\u00e3o e cream cheese parecem iguais mas t\u00eam diferen\u00e7as que mudam receitas<\/figcaption><\/figure>\n\n\n\n<h2 class=\"wp-block-heading\">Como escolher a op\u00e7\u00e3o mais saud\u00e1vel no supermercado atual?<\/h2>\n\n\n\n<p>Priorizar latic\u00ednios com listas de ingredientes curtas \u00e9 uma estrat\u00e9gia inteligente para evitar o consumo excessivo de aditivos qu\u00edmicos desnecess\u00e1rios. Vers\u00f5es artesanais de ambos os produtos costumam preservar melhor as qualidades biol\u00f3gicas do leite original de vaca. <strong>A escolha consciente do consumidor<\/strong> impacta diretamente na sa\u00fade cardiovascular e no bem-estar geral de toda a fam\u00edlia brasileira moderna.<\/p>\n\n\n\n<p>De acordo com a <strong><a href=\"https:\/\/www.fda.gov\/safety\/recalls-market-withdrawals-safety-alerts\/made-fresh-salads-inc-recalls-assorted-flavors-cream-cheese-because-possible-health-risk\">Food and Drug Administration<\/a><\/strong>, o padr\u00e3o de identidade do cream cheese exige uma porcentagem m\u00ednima espec\u00edfica de gordura l\u00e1ctea. Essa regulamenta\u00e7\u00e3o t\u00e9cnica garante que o consumidor receba um produto aut\u00eantico e de alta qualidade nutricional. Para conferir as normas oficiais completas, verifique os detalhes t\u00e9cnicos sobre a classifica\u00e7\u00e3o de queijos cremosos no portal da autoridade mundial.<\/p>\n","protected":false},"excerpt":{"rendered":"<p>Escolher entre o requeij\u00e3o cremoso e o cream cheese parece uma tarefa simples para quem frequenta o supermercado semanalmente. No entanto, esses dois produtos l\u00e1cteos populares possuem processos de fabrica\u00e7\u00e3o distintos e caracter\u00edsticas nutricionais que influenciam diretamente no sabor final das receitas. Compreender essas varia\u00e7\u00f5es t\u00e9cnicas ajuda a selecionar o ingrediente ideal para cada ocasi\u00e3o. [&hellip;]<\/p>\n","protected":false},"author":21,"featured_media":234785,"comment_status":"open","ping_status":"open","sticky":false,"template":"","format":"standard","meta":{"_yoast_wpseo_focuskw":"diferen\u00e7a requeij\u00e3o e cream cheese","_yoast_wpseo_title":"","_yoast_wpseo_metadesc":"Requeij\u00e3o e cream cheese parecem iguais, mas n\u00e3o s\u00e3o. Um detalhe na produ\u00e7\u00e3o muda textura, sabor e uso nas receitas do dia a dia.","jnews-multi-image_gallery":[],"jnews_single_post":{"format":"standard"},"jnews_primary_category":[],"jnews_social_meta":[],"jnews_override_counter":[],"footnotes":""},"categories":[112],"tags":[18436,11215,18435],"class_list":["post-234781","post","type-post","status-publish","format-standard","has-post-thumbnail","hentry","category-curiosidades","tag-cream-cheese","tag-queijos","tag-requeijao"],"yoast_head":"<!-- This site is optimized with the Yoast SEO plugin v24.6 - https:\/\/yoast.com\/wordpress\/plugins\/seo\/ -->\n<title>Qual \u00e9 a diferen\u00e7a entre requeij\u00e3o e cream cheese que poucas pessoas entendem de verdade - Correio Braziliense - Radar<\/title>\n<meta name=\"description\" content=\"Requeij\u00e3o e cream cheese parecem iguais, mas n\u00e3o s\u00e3o. Um detalhe na produ\u00e7\u00e3o muda textura, sabor e uso nas receitas do dia a dia.\" \/>\n<meta name=\"robots\" content=\"index, follow, max-snippet:-1, max-image-preview:large, max-video-preview:-1\" \/>\n<link rel=\"canonical\" href=\"https:\/\/www.correiobraziliense.com.br\/cbradar\/qual-e-a-diferenca-entre-requeijao-e-cream-cheese-que-poucas-pessoas-entendem-de-verdade\/\" \/>\n<meta property=\"og:locale\" content=\"pt_BR\" \/>\n<meta property=\"og:type\" content=\"article\" \/>\n<meta property=\"og:title\" content=\"Qual \u00e9 a diferen\u00e7a entre requeij\u00e3o e cream cheese que poucas pessoas entendem de verdade - Correio Braziliense - Radar\" \/>\n<meta property=\"og:description\" content=\"Requeij\u00e3o e cream cheese parecem iguais, mas n\u00e3o s\u00e3o. Um detalhe na produ\u00e7\u00e3o muda textura, sabor e uso nas receitas do dia a dia.\" \/>\n<meta property=\"og:url\" content=\"https:\/\/www.correiobraziliense.com.br\/cbradar\/qual-e-a-diferenca-entre-requeijao-e-cream-cheese-que-poucas-pessoas-entendem-de-verdade\/\" \/>\n<meta property=\"og:site_name\" content=\"Correio Braziliense - Radar\" \/>\n<meta property=\"article:published_time\" content=\"2026-05-01T17:15:00+00:00\" \/>\n<meta property=\"og:image\" content=\"https:\/\/www.correiobraziliense.com.br\/cbradar\/wp-content\/uploads\/2026\/05\/Gemini_Generated_Image_5bud5l5bud5l5bud-1-1.png\" \/>\n\t<meta property=\"og:image:width\" content=\"1280\" \/>\n\t<meta property=\"og:image:height\" content=\"720\" \/>\n\t<meta property=\"og:image:type\" content=\"image\/png\" \/>\n<meta name=\"author\" content=\"Patrick Silva\" \/>\n<meta name=\"twitter:card\" content=\"summary_large_image\" \/>\n<meta name=\"twitter:label1\" content=\"Escrito por\" \/>\n\t<meta name=\"twitter:data1\" content=\"Patrick Silva\" \/>\n\t<meta name=\"twitter:label2\" content=\"Est. tempo de leitura\" \/>\n\t<meta name=\"twitter:data2\" content=\"5 minutos\" \/>\n<!-- \/ Yoast SEO plugin. -->","yoast_head_json":{"title":"Qual \u00e9 a diferen\u00e7a entre requeij\u00e3o e cream cheese que poucas pessoas entendem de verdade - Correio Braziliense - Radar","description":"Requeij\u00e3o e cream cheese parecem iguais, mas n\u00e3o s\u00e3o. Um detalhe na produ\u00e7\u00e3o muda textura, sabor e uso nas receitas do dia a dia.","robots":{"index":"index","follow":"follow","max-snippet":"max-snippet:-1","max-image-preview":"max-image-preview:large","max-video-preview":"max-video-preview:-1"},"canonical":"https:\/\/www.correiobraziliense.com.br\/cbradar\/qual-e-a-diferenca-entre-requeijao-e-cream-cheese-que-poucas-pessoas-entendem-de-verdade\/","og_locale":"pt_BR","og_type":"article","og_title":"Qual \u00e9 a diferen\u00e7a entre requeij\u00e3o e cream cheese que poucas pessoas entendem de verdade - Correio Braziliense - Radar","og_description":"Requeij\u00e3o e cream cheese parecem iguais, mas n\u00e3o s\u00e3o. Um detalhe na produ\u00e7\u00e3o muda textura, sabor e uso nas receitas do dia a dia.","og_url":"https:\/\/www.correiobraziliense.com.br\/cbradar\/qual-e-a-diferenca-entre-requeijao-e-cream-cheese-que-poucas-pessoas-entendem-de-verdade\/","og_site_name":"Correio Braziliense - Radar","article_published_time":"2026-05-01T17:15:00+00:00","og_image":[{"width":1280,"height":720,"url":"https:\/\/www.correiobraziliense.com.br\/cbradar\/wp-content\/uploads\/2026\/05\/Gemini_Generated_Image_5bud5l5bud5l5bud-1-1.png","type":"image\/png"}],"author":"Patrick Silva","twitter_card":"summary_large_image","twitter_misc":{"Escrito por":"Patrick Silva","Est. tempo de leitura":"5 minutos"},"schema":{"@context":"https:\/\/schema.org","@graph":[{"@type":"WebPage","@id":"https:\/\/www.correiobraziliense.com.br\/cbradar\/qual-e-a-diferenca-entre-requeijao-e-cream-cheese-que-poucas-pessoas-entendem-de-verdade\/","url":"https:\/\/www.correiobraziliense.com.br\/cbradar\/qual-e-a-diferenca-entre-requeijao-e-cream-cheese-que-poucas-pessoas-entendem-de-verdade\/","name":"Qual \u00e9 a diferen\u00e7a entre requeij\u00e3o e cream cheese que poucas pessoas entendem de verdade - Correio Braziliense - Radar","isPartOf":{"@id":"https:\/\/www.correiobraziliense.com.br\/cbradar\/#website"},"primaryImageOfPage":{"@id":"https:\/\/www.correiobraziliense.com.br\/cbradar\/qual-e-a-diferenca-entre-requeijao-e-cream-cheese-que-poucas-pessoas-entendem-de-verdade\/#primaryimage"},"image":{"@id":"https:\/\/www.correiobraziliense.com.br\/cbradar\/qual-e-a-diferenca-entre-requeijao-e-cream-cheese-que-poucas-pessoas-entendem-de-verdade\/#primaryimage"},"thumbnailUrl":"https:\/\/www.correiobraziliense.com.br\/cbradar\/wp-content\/uploads\/2026\/05\/Gemini_Generated_Image_5bud5l5bud5l5bud-1-1.png","datePublished":"2026-05-01T17:15:00+00:00","author":{"@id":"https:\/\/www.correiobraziliense.com.br\/cbradar\/#\/schema\/person\/5440b72be9c7eb74f446c846479dc4da"},"description":"Requeij\u00e3o e cream cheese parecem iguais, mas n\u00e3o s\u00e3o. Um detalhe na produ\u00e7\u00e3o muda textura, sabor e uso nas receitas do dia a dia.","breadcrumb":{"@id":"https:\/\/www.correiobraziliense.com.br\/cbradar\/qual-e-a-diferenca-entre-requeijao-e-cream-cheese-que-poucas-pessoas-entendem-de-verdade\/#breadcrumb"},"inLanguage":"pt-BR","potentialAction":[{"@type":"ReadAction","target":["https:\/\/www.correiobraziliense.com.br\/cbradar\/qual-e-a-diferenca-entre-requeijao-e-cream-cheese-que-poucas-pessoas-entendem-de-verdade\/"]}]},{"@type":"ImageObject","inLanguage":"pt-BR","@id":"https:\/\/www.correiobraziliense.com.br\/cbradar\/qual-e-a-diferenca-entre-requeijao-e-cream-cheese-que-poucas-pessoas-entendem-de-verdade\/#primaryimage","url":"https:\/\/www.correiobraziliense.com.br\/cbradar\/wp-content\/uploads\/2026\/05\/Gemini_Generated_Image_5bud5l5bud5l5bud-1-1.png","contentUrl":"https:\/\/www.correiobraziliense.com.br\/cbradar\/wp-content\/uploads\/2026\/05\/Gemini_Generated_Image_5bud5l5bud5l5bud-1-1.png","width":1280,"height":720,"caption":"Requeij\u00e3o e cream cheese parecem iguais mas t\u00eam diferen\u00e7as que mudam receitas"},{"@type":"BreadcrumbList","@id":"https:\/\/www.correiobraziliense.com.br\/cbradar\/qual-e-a-diferenca-entre-requeijao-e-cream-cheese-que-poucas-pessoas-entendem-de-verdade\/#breadcrumb","itemListElement":[{"@type":"ListItem","position":1,"name":"In\u00edcio","item":"https:\/\/www.correiobraziliense.com.br\/cbradar\/"},{"@type":"ListItem","position":2,"name":"Qual \u00e9 a diferen\u00e7a entre requeij\u00e3o e cream cheese que poucas pessoas entendem de verdade"}]},{"@type":"WebSite","@id":"https:\/\/www.correiobraziliense.com.br\/cbradar\/#website","url":"https:\/\/www.correiobraziliense.com.br\/cbradar\/","name":"Correio Braziliense - Radar","description":"Acompanhe as \u00faltimas not\u00edcias e fique bem informado sobre tudo o que acontece no Brasil e no mundo.","potentialAction":[{"@type":"SearchAction","target":{"@type":"EntryPoint","urlTemplate":"https:\/\/www.correiobraziliense.com.br\/cbradar\/?s={search_term_string}"},"query-input":{"@type":"PropertyValueSpecification","valueRequired":true,"valueName":"search_term_string"}}],"inLanguage":"pt-BR"},{"@type":"Person","@id":"https:\/\/www.correiobraziliense.com.br\/cbradar\/#\/schema\/person\/5440b72be9c7eb74f446c846479dc4da","name":"Patrick Silva","image":{"@type":"ImageObject","inLanguage":"pt-BR","@id":"https:\/\/www.correiobraziliense.com.br\/cbradar\/#\/schema\/person\/image\/","url":"https:\/\/secure.gravatar.com\/avatar\/944109df296fc087785c9715fd5f80b2?s=96&d=mm&r=g","contentUrl":"https:\/\/secure.gravatar.com\/avatar\/944109df296fc087785c9715fd5f80b2?s=96&d=mm&r=g","caption":"Patrick Silva"},"sameAs":["https:\/\/www.correiobraziliense.com.br\/cbradar\/"],"url":"https:\/\/www.correiobraziliense.com.br\/cbradar\/author\/patrick-silva\/"}]}},"_links":{"self":[{"href":"https:\/\/www.correiobraziliense.com.br\/cbradar\/wp-json\/wp\/v2\/posts\/234781","targetHints":{"allow":["GET"]}}],"collection":[{"href":"https:\/\/www.correiobraziliense.com.br\/cbradar\/wp-json\/wp\/v2\/posts"}],"about":[{"href":"https:\/\/www.correiobraziliense.com.br\/cbradar\/wp-json\/wp\/v2\/types\/post"}],"author":[{"embeddable":true,"href":"https:\/\/www.correiobraziliense.com.br\/cbradar\/wp-json\/wp\/v2\/users\/21"}],"replies":[{"embeddable":true,"href":"https:\/\/www.correiobraziliense.com.br\/cbradar\/wp-json\/wp\/v2\/comments?post=234781"}],"version-history":[{"count":4,"href":"https:\/\/www.correiobraziliense.com.br\/cbradar\/wp-json\/wp\/v2\/posts\/234781\/revisions"}],"predecessor-version":[{"id":234795,"href":"https:\/\/www.correiobraziliense.com.br\/cbradar\/wp-json\/wp\/v2\/posts\/234781\/revisions\/234795"}],"wp:featuredmedia":[{"embeddable":true,"href":"https:\/\/www.correiobraziliense.com.br\/cbradar\/wp-json\/wp\/v2\/media\/234785"}],"wp:attachment":[{"href":"https:\/\/www.correiobraziliense.com.br\/cbradar\/wp-json\/wp\/v2\/media?parent=234781"}],"wp:term":[{"taxonomy":"category","embeddable":true,"href":"https:\/\/www.correiobraziliense.com.br\/cbradar\/wp-json\/wp\/v2\/categories?post=234781"},{"taxonomy":"post_tag","embeddable":true,"href":"https:\/\/www.correiobraziliense.com.br\/cbradar\/wp-json\/wp\/v2\/tags?post=234781"}],"curies":[{"name":"wp","href":"https:\/\/api.w.org\/{rel}","templated":true}]}}