{"id":234789,"date":"2026-05-01T00:30:00","date_gmt":"2026-05-01T03:30:00","guid":{"rendered":"https:\/\/www.correiobraziliense.com.br\/cbradar\/?p=234789"},"modified":"2026-04-30T12:39:06","modified_gmt":"2026-04-30T15:39:06","slug":"pular-corda-pode-melhorar-o-folego-mais-rapido-do-que-muita-atividade-de-academia-mas-exige-tecnica-antes-de-exigir-velocidade","status":"publish","type":"post","link":"https:\/\/www.correiobraziliense.com.br\/cbradar\/pular-corda-pode-melhorar-o-folego-mais-rapido-do-que-muita-atividade-de-academia-mas-exige-tecnica-antes-de-exigir-velocidade\/","title":{"rendered":"Pular corda pode melhorar o f\u00f4lego mais r\u00e1pido do que muita atividade de academia, mas exige t\u00e9cnica antes de exigir velocidade"},"content":{"rendered":"\n<p>Pular corda representa um dos exerc\u00edcios cardiovasculares mais eficientes para quem busca aumentar a resist\u00eancia f\u00edsica de forma r\u00e1pida. Embora pare\u00e7a uma brincadeira de crian\u00e7a, essa atividade exige coordena\u00e7\u00e3o motora refinada e controle respirat\u00f3rio preciso para evitar o esgotamento precoce. Compreender os fundamentos t\u00e9cnicos garante que o praticante obtenha resultados superiores hoje.<\/p>\n\n\n\n<h2 class=\"wp-block-heading\">Como a coordena\u00e7\u00e3o motora influencia o ganho de resist\u00eancia cardiovascular?<\/h2>\n\n\n\n<p>O desenvolvimento do f\u00f4lego est\u00e1 diretamente ligado \u00e0 efici\u00eancia dos movimentos realizados durante o salto cont\u00ednuo da corda. Quando o praticante domina a t\u00e9cnica correta, o corpo gasta menos energia para executar a mesma tarefa f\u00edsica complexa. Isso permite que a frequ\u00eancia card\u00edaca suba de maneira controlada, promovendo adapta\u00e7\u00f5es metab\u00f3licas que fortalecem o pulm\u00e3o e o cora\u00e7\u00e3o.<\/p>\n\n\n\n<p>Muitas pessoas cometem o erro comum de focar apenas na velocidade dos giros logo nos primeiros treinos. Sem a base t\u00e9cnica adequada, o cansa\u00e7o surge rapidamente devido ao excesso de tens\u00e3o muscular desnecess\u00e1ria nos ombros e pernas. Aprender a relaxar o corpo enquanto pula \u00e9 o segredo para manter a atividade por per\u00edodos muito mais longos atualmente.<\/p>\n\n\n\n<figure class=\"wp-block-image size-full\"><img decoding=\"async\" width=\"1280\" height=\"720\" src=\"https:\/\/www.correiobraziliense.com.br\/cbradar\/wp-content\/uploads\/2026\/04\/Gemini_Generated_Image_r4wttdr4wttdr4wt-1-1.png\" alt=\"Pular corda pode melhorar o f\u00f4lego mais r\u00e1pido do que muita atividade de academia, mas exige t\u00e9cnica antes de exigir velocidade\" class=\"wp-image-234799\" srcset=\"https:\/\/www.correiobraziliense.com.br\/cbradar\/wp-content\/uploads\/2026\/04\/Gemini_Generated_Image_r4wttdr4wttdr4wt-1-1.png 1280w, https:\/\/www.correiobraziliense.com.br\/cbradar\/wp-content\/uploads\/2026\/04\/Gemini_Generated_Image_r4wttdr4wttdr4wt-1-1-300x169.png 300w, https:\/\/www.correiobraziliense.com.br\/cbradar\/wp-content\/uploads\/2026\/04\/Gemini_Generated_Image_r4wttdr4wttdr4wt-1-1-768x432.png 768w, https:\/\/www.correiobraziliense.com.br\/cbradar\/wp-content\/uploads\/2026\/04\/Gemini_Generated_Image_r4wttdr4wttdr4wt-1-1-750x422.png 750w, https:\/\/www.correiobraziliense.com.br\/cbradar\/wp-content\/uploads\/2026\/04\/Gemini_Generated_Image_r4wttdr4wttdr4wt-1-1-1140x641.png 1140w\" sizes=\"(max-width: 1280px) 100vw, 1280px\" \/><figcaption class=\"wp-element-caption\">Pular corda com t\u00e9cnica certa pode transformar seu condicionamento f\u00edsico r\u00e1pido<\/figcaption><\/figure>\n\n\n\n<h2 class=\"wp-block-heading\">Por que o posicionamento dos p\u00e9s \u00e9 crucial para evitar les\u00f5es graves?<\/h2>\n\n\n\n<p>Aterrissar com toda a sola do p\u00e9 no ch\u00e3o gera um impacto severo nas articula\u00e7\u00f5es do joelho e tornozelos. O praticante deve focar em saltar apenas alguns cent\u00edmetros do solo, utilizando sempre a parte frontal dos p\u00e9s para amortecer a queda. Esse detalhe t\u00e9cnico simples reduz o estresse mec\u00e2nico e previne inflama\u00e7\u00f5es dolorosas nos tend\u00f5es e nos ligamentos.<\/p>\n\n\n\n<p>O uso de cal\u00e7ados com amortecimento adequado tamb\u00e9m desempenha um papel fundamental na prote\u00e7\u00e3o do sistema esquel\u00e9tico durante o exerc\u00edcio intenso. Saltar em superf\u00edcies muito r\u00edgidas, como o concreto puro, pode agravar o desgaste articular se a t\u00e9cnica de amortecimento n\u00e3o for perfeita. Priorize pisos emborrachados ou gramados para garantir uma pr\u00e1tica segura e constante ao longo do tempo.<\/p>\n\n\n\n<h2 class=\"wp-block-heading\">Qual o papel dos bra\u00e7os na manuten\u00e7\u00e3o do ritmo respirat\u00f3rio constante?<\/h2>\n\n\n\n<p>Manter os cotovelos pr\u00f3ximos ao tronco e utilizar apenas o movimento dos pulsos economiza uma quantidade imensa de oxig\u00eanio vital. Bra\u00e7os abertos ou movimentos amplos dos ombros causam fadiga prematura, impedindo que o pulm\u00e3o consiga suprir a demanda energ\u00e9tica dos m\u00fasculos. O controle dos membros superiores dita o ritmo e a fluidez de todo o exerc\u00edcio aer\u00f3bico proposto aqui.<\/p>\n\n\n\n<p>Para aperfei\u00e7oar sua pr\u00e1tica di\u00e1ria e alcan\u00e7ar o condicionamento f\u00edsico desejado sem comprometer sua seguran\u00e7a, siga estas recomenda\u00e7\u00f5es fundamentais:<\/p>\n\n\n\n<ul class=\"wp-block-list\">\n<li>Mantenha o olhar sempre voltado para a linha do horizonte.<\/li>\n\n\n\n<li>Utilize cordas com o comprimento ajustado \u00e0 sua altura real.<\/li>\n\n\n\n<li>Realize saltos baixos para minimizar o impacto nas articula\u00e7\u00f5es inferiores.<\/li>\n\n\n\n<li>Respire de forma r\u00edtmica e profunda durante toda a atividade.<\/li>\n<\/ul>\n\n\n\n<h2 class=\"wp-block-heading\">De que maneira o treinamento intervalado potencializa a queima cal\u00f3rica total?<\/h2>\n\n\n\n<p>Intercalar per\u00edodos de saltos intensos com breves momentos de descanso ativo acelera o metabolismo de maneira significativa agora. Essa t\u00e9cnica, conhecida como treinamento intervalado de alta intensidade, obriga o organismo a consumir mais oxig\u00eanio mesmo ap\u00f3s o t\u00e9rmino da sess\u00e3o. O resultado \u00e9 um ganho de f\u00f4lego muito superior ao observado em corridas moderadas ou treinos de academia tradicionais.<\/p>\n\n\n\n<p>A varia\u00e7\u00e3o na intensidade dos saltos tamb\u00e9m desafia o sistema neuromuscular a se adaptar constantemente a novos est\u00edmulos f\u00edsicos di\u00e1rios. Iniciantes devem come\u00e7ar com intervalos curtos para permitir que o cora\u00e7\u00e3o se acostume ao esfor\u00e7o vigoroso da corda. Com o tempo, a capacidade de recupera\u00e7\u00e3o r\u00e1pida torna-se vis\u00edvel, refletindo um condicionamento cardiovascular extremamente robusto e muito saud\u00e1vel hoje.<\/p>\n\n\n\n<figure class=\"wp-block-image size-full\"><img decoding=\"async\" width=\"1280\" height=\"720\" src=\"https:\/\/www.correiobraziliense.com.br\/cbradar\/wp-content\/uploads\/2026\/04\/Gemini_Generated_Image_54x8hu54x8hu54x8-1-1.png\" alt=\"Pular corda pode melhorar o f\u00f4lego mais r\u00e1pido do que muita atividade de academia, mas exige t\u00e9cnica antes de exigir velocidade\" class=\"wp-image-234798\" srcset=\"https:\/\/www.correiobraziliense.com.br\/cbradar\/wp-content\/uploads\/2026\/04\/Gemini_Generated_Image_54x8hu54x8hu54x8-1-1.png 1280w, https:\/\/www.correiobraziliense.com.br\/cbradar\/wp-content\/uploads\/2026\/04\/Gemini_Generated_Image_54x8hu54x8hu54x8-1-1-300x169.png 300w, https:\/\/www.correiobraziliense.com.br\/cbradar\/wp-content\/uploads\/2026\/04\/Gemini_Generated_Image_54x8hu54x8hu54x8-1-1-768x432.png 768w, https:\/\/www.correiobraziliense.com.br\/cbradar\/wp-content\/uploads\/2026\/04\/Gemini_Generated_Image_54x8hu54x8hu54x8-1-1-750x422.png 750w, https:\/\/www.correiobraziliense.com.br\/cbradar\/wp-content\/uploads\/2026\/04\/Gemini_Generated_Image_54x8hu54x8hu54x8-1-1-1140x641.png 1140w\" sizes=\"(max-width: 1280px) 100vw, 1280px\" \/><figcaption class=\"wp-element-caption\">Pular corda com t\u00e9cnica certa pode transformar seu condicionamento f\u00edsico r\u00e1pido<\/figcaption><\/figure>\n\n\n\n<h2 class=\"wp-block-heading\">Quais s\u00e3o os benef\u00edcios sist\u00eamicos de saltar corda regularmente em casa?<\/h2>\n\n\n\n<p>A pr\u00e1tica regular melhora a densidade \u00f3ssea e fortalece os m\u00fasculos estabilizadores do core, essenciais para uma boa postura corporal. Al\u00e9m disso, o exerc\u00edcio libera endorfinas que auxiliam no combate ao estresse e na regula\u00e7\u00e3o do sono profundo. Saltar <strong><a href=\"https:\/\/www.correiobraziliense.com.br\/cbradar\/pular-corda-gasta-mais-calorias-que-bicicleta-ergometrica-leve-mas-o-resultado-so-aparece-sem-pausas-longas-entre-as-series\/\" target=\"_blank\" rel=\"noreferrer noopener\">corda <\/a><\/strong>\u00e9 uma ferramenta poderosa para quem busca sa\u00fade integral de forma pr\u00e1tica, acess\u00edvel e sem equipamentos muito caros atualmente.<\/p>\n\n\n\n<p>Segundo a <strong>American Heart Association<\/strong>, pular corda \u00e9 um dos melhores m\u00e9todos para fortalecer o m\u00fasculo card\u00edaco de forma sustent\u00e1vel agora. A institui\u00e7\u00e3o recomenda a atividade por sua capacidade de queimar calorias e melhorar a coordena\u00e7\u00e3o geral simultaneamente. Para entender melhor os <a href=\"https:\/\/www.heart.org\/en\/healthy-living\/fitness\/fitness-basics\/aha-recs-for-physical-activity-in-adults\" target=\"_blank\" rel=\"noreferrer noopener\">benef\u00edcios cardiovasculares de pular corda<\/a>, acesse as informa\u00e7\u00f5es oficiais disponibilizadas por este portal renomado.<\/p>\n","protected":false},"excerpt":{"rendered":"<p>Pular corda representa um dos exerc\u00edcios cardiovasculares mais eficientes para quem busca aumentar a resist\u00eancia f\u00edsica de forma r\u00e1pida. Embora pare\u00e7a uma brincadeira de crian\u00e7a, essa atividade exige coordena\u00e7\u00e3o motora refinada e controle respirat\u00f3rio preciso para evitar o esgotamento precoce. Compreender os fundamentos t\u00e9cnicos garante que o praticante obtenha resultados superiores hoje. Como a coordena\u00e7\u00e3o [&hellip;]<\/p>\n","protected":false},"author":21,"featured_media":234796,"comment_status":"open","ping_status":"open","sticky":false,"template":"","format":"standard","meta":{"_yoast_wpseo_focuskw":"benef\u00edcios de pular corda para resist\u00eancia","_yoast_wpseo_title":"","_yoast_wpseo_metadesc":"Pular corda parece simples, mas um erro comum pode limitar seus resultados. Ajustar a t\u00e9cnica muda totalmente o desempenho f\u00edsico.","jnews-multi-image_gallery":[],"jnews_single_post":{"format":"standard"},"jnews_primary_category":[],"jnews_social_meta":[],"jnews_override_counter":[],"footnotes":""},"categories":[119],"tags":[1204,11225,18384,10136],"class_list":["post-234789","post","type-post","status-publish","format-standard","has-post-thumbnail","hentry","category-bem-estar","tag-academia","tag-atividade","tag-folego-2","tag-pular-corda"],"yoast_head":"<!-- This site is optimized with the Yoast SEO plugin v24.6 - https:\/\/yoast.com\/wordpress\/plugins\/seo\/ -->\n<title>Pular corda pode melhorar o f\u00f4lego mais r\u00e1pido do que muita atividade de academia, mas exige t\u00e9cnica antes de exigir velocidade - Correio Braziliense - Radar<\/title>\n<meta name=\"description\" content=\"Pular corda parece simples, mas um erro comum pode limitar seus resultados. Ajustar a t\u00e9cnica muda totalmente o desempenho f\u00edsico.\" \/>\n<meta name=\"robots\" content=\"index, follow, max-snippet:-1, max-image-preview:large, max-video-preview:-1\" \/>\n<link rel=\"canonical\" href=\"https:\/\/www.correiobraziliense.com.br\/cbradar\/pular-corda-pode-melhorar-o-folego-mais-rapido-do-que-muita-atividade-de-academia-mas-exige-tecnica-antes-de-exigir-velocidade\/\" \/>\n<meta property=\"og:locale\" content=\"pt_BR\" \/>\n<meta property=\"og:type\" content=\"article\" \/>\n<meta property=\"og:title\" content=\"Pular corda pode melhorar o f\u00f4lego mais r\u00e1pido do que muita atividade de academia, mas exige t\u00e9cnica antes de exigir velocidade - Correio Braziliense - Radar\" \/>\n<meta property=\"og:description\" content=\"Pular corda parece simples, mas um erro comum pode limitar seus resultados. Ajustar a t\u00e9cnica muda totalmente o desempenho f\u00edsico.\" \/>\n<meta property=\"og:url\" content=\"https:\/\/www.correiobraziliense.com.br\/cbradar\/pular-corda-pode-melhorar-o-folego-mais-rapido-do-que-muita-atividade-de-academia-mas-exige-tecnica-antes-de-exigir-velocidade\/\" \/>\n<meta property=\"og:site_name\" content=\"Correio Braziliense - Radar\" \/>\n<meta property=\"article:published_time\" content=\"2026-05-01T03:30:00+00:00\" \/>\n<meta property=\"og:image\" content=\"https:\/\/www.correiobraziliense.com.br\/cbradar\/wp-content\/uploads\/2026\/04\/Gemini_Generated_Image_yifvv4yifvv4yifv-1-1.png\" \/>\n\t<meta property=\"og:image:width\" content=\"1280\" \/>\n\t<meta property=\"og:image:height\" content=\"720\" \/>\n\t<meta property=\"og:image:type\" content=\"image\/png\" \/>\n<meta name=\"author\" content=\"Patrick Silva\" \/>\n<meta name=\"twitter:card\" content=\"summary_large_image\" \/>\n<meta name=\"twitter:label1\" content=\"Escrito por\" \/>\n\t<meta name=\"twitter:data1\" content=\"Patrick Silva\" \/>\n\t<meta name=\"twitter:label2\" content=\"Est. tempo de leitura\" \/>\n\t<meta name=\"twitter:data2\" content=\"5 minutos\" \/>\n<!-- \/ Yoast SEO plugin. -->","yoast_head_json":{"title":"Pular corda pode melhorar o f\u00f4lego mais r\u00e1pido do que muita atividade de academia, mas exige t\u00e9cnica antes de exigir velocidade - Correio Braziliense - Radar","description":"Pular corda parece simples, mas um erro comum pode limitar seus resultados. Ajustar a t\u00e9cnica muda totalmente o desempenho f\u00edsico.","robots":{"index":"index","follow":"follow","max-snippet":"max-snippet:-1","max-image-preview":"max-image-preview:large","max-video-preview":"max-video-preview:-1"},"canonical":"https:\/\/www.correiobraziliense.com.br\/cbradar\/pular-corda-pode-melhorar-o-folego-mais-rapido-do-que-muita-atividade-de-academia-mas-exige-tecnica-antes-de-exigir-velocidade\/","og_locale":"pt_BR","og_type":"article","og_title":"Pular corda pode melhorar o f\u00f4lego mais r\u00e1pido do que muita atividade de academia, mas exige t\u00e9cnica antes de exigir velocidade - Correio Braziliense - Radar","og_description":"Pular corda parece simples, mas um erro comum pode limitar seus resultados. Ajustar a t\u00e9cnica muda totalmente o desempenho f\u00edsico.","og_url":"https:\/\/www.correiobraziliense.com.br\/cbradar\/pular-corda-pode-melhorar-o-folego-mais-rapido-do-que-muita-atividade-de-academia-mas-exige-tecnica-antes-de-exigir-velocidade\/","og_site_name":"Correio Braziliense - Radar","article_published_time":"2026-05-01T03:30:00+00:00","og_image":[{"width":1280,"height":720,"url":"https:\/\/www.correiobraziliense.com.br\/cbradar\/wp-content\/uploads\/2026\/04\/Gemini_Generated_Image_yifvv4yifvv4yifv-1-1.png","type":"image\/png"}],"author":"Patrick Silva","twitter_card":"summary_large_image","twitter_misc":{"Escrito por":"Patrick Silva","Est. tempo de leitura":"5 minutos"},"schema":{"@context":"https:\/\/schema.org","@graph":[{"@type":"WebPage","@id":"https:\/\/www.correiobraziliense.com.br\/cbradar\/pular-corda-pode-melhorar-o-folego-mais-rapido-do-que-muita-atividade-de-academia-mas-exige-tecnica-antes-de-exigir-velocidade\/","url":"https:\/\/www.correiobraziliense.com.br\/cbradar\/pular-corda-pode-melhorar-o-folego-mais-rapido-do-que-muita-atividade-de-academia-mas-exige-tecnica-antes-de-exigir-velocidade\/","name":"Pular corda pode melhorar o f\u00f4lego mais r\u00e1pido do que muita atividade de academia, mas exige t\u00e9cnica antes de exigir velocidade - Correio Braziliense - Radar","isPartOf":{"@id":"https:\/\/www.correiobraziliense.com.br\/cbradar\/#website"},"primaryImageOfPage":{"@id":"https:\/\/www.correiobraziliense.com.br\/cbradar\/pular-corda-pode-melhorar-o-folego-mais-rapido-do-que-muita-atividade-de-academia-mas-exige-tecnica-antes-de-exigir-velocidade\/#primaryimage"},"image":{"@id":"https:\/\/www.correiobraziliense.com.br\/cbradar\/pular-corda-pode-melhorar-o-folego-mais-rapido-do-que-muita-atividade-de-academia-mas-exige-tecnica-antes-de-exigir-velocidade\/#primaryimage"},"thumbnailUrl":"https:\/\/www.correiobraziliense.com.br\/cbradar\/wp-content\/uploads\/2026\/04\/Gemini_Generated_Image_yifvv4yifvv4yifv-1-1.png","datePublished":"2026-05-01T03:30:00+00:00","author":{"@id":"https:\/\/www.correiobraziliense.com.br\/cbradar\/#\/schema\/person\/5440b72be9c7eb74f446c846479dc4da"},"description":"Pular corda parece simples, mas um erro comum pode limitar seus resultados. Ajustar a t\u00e9cnica muda totalmente o desempenho f\u00edsico.","breadcrumb":{"@id":"https:\/\/www.correiobraziliense.com.br\/cbradar\/pular-corda-pode-melhorar-o-folego-mais-rapido-do-que-muita-atividade-de-academia-mas-exige-tecnica-antes-de-exigir-velocidade\/#breadcrumb"},"inLanguage":"pt-BR","potentialAction":[{"@type":"ReadAction","target":["https:\/\/www.correiobraziliense.com.br\/cbradar\/pular-corda-pode-melhorar-o-folego-mais-rapido-do-que-muita-atividade-de-academia-mas-exige-tecnica-antes-de-exigir-velocidade\/"]}]},{"@type":"ImageObject","inLanguage":"pt-BR","@id":"https:\/\/www.correiobraziliense.com.br\/cbradar\/pular-corda-pode-melhorar-o-folego-mais-rapido-do-que-muita-atividade-de-academia-mas-exige-tecnica-antes-de-exigir-velocidade\/#primaryimage","url":"https:\/\/www.correiobraziliense.com.br\/cbradar\/wp-content\/uploads\/2026\/04\/Gemini_Generated_Image_yifvv4yifvv4yifv-1-1.png","contentUrl":"https:\/\/www.correiobraziliense.com.br\/cbradar\/wp-content\/uploads\/2026\/04\/Gemini_Generated_Image_yifvv4yifvv4yifv-1-1.png","width":1280,"height":720,"caption":"Pular corda com t\u00e9cnica certa pode transformar seu condicionamento f\u00edsico r\u00e1pido"},{"@type":"BreadcrumbList","@id":"https:\/\/www.correiobraziliense.com.br\/cbradar\/pular-corda-pode-melhorar-o-folego-mais-rapido-do-que-muita-atividade-de-academia-mas-exige-tecnica-antes-de-exigir-velocidade\/#breadcrumb","itemListElement":[{"@type":"ListItem","position":1,"name":"In\u00edcio","item":"https:\/\/www.correiobraziliense.com.br\/cbradar\/"},{"@type":"ListItem","position":2,"name":"Pular corda pode melhorar o f\u00f4lego mais r\u00e1pido do que muita atividade de academia, mas exige t\u00e9cnica antes de exigir velocidade"}]},{"@type":"WebSite","@id":"https:\/\/www.correiobraziliense.com.br\/cbradar\/#website","url":"https:\/\/www.correiobraziliense.com.br\/cbradar\/","name":"Correio Braziliense - Radar","description":"Acompanhe as \u00faltimas not\u00edcias e fique bem informado sobre tudo o que acontece no Brasil e no mundo.","potentialAction":[{"@type":"SearchAction","target":{"@type":"EntryPoint","urlTemplate":"https:\/\/www.correiobraziliense.com.br\/cbradar\/?s={search_term_string}"},"query-input":{"@type":"PropertyValueSpecification","valueRequired":true,"valueName":"search_term_string"}}],"inLanguage":"pt-BR"},{"@type":"Person","@id":"https:\/\/www.correiobraziliense.com.br\/cbradar\/#\/schema\/person\/5440b72be9c7eb74f446c846479dc4da","name":"Patrick Silva","image":{"@type":"ImageObject","inLanguage":"pt-BR","@id":"https:\/\/www.correiobraziliense.com.br\/cbradar\/#\/schema\/person\/image\/","url":"https:\/\/secure.gravatar.com\/avatar\/944109df296fc087785c9715fd5f80b2?s=96&d=mm&r=g","contentUrl":"https:\/\/secure.gravatar.com\/avatar\/944109df296fc087785c9715fd5f80b2?s=96&d=mm&r=g","caption":"Patrick Silva"},"sameAs":["https:\/\/www.correiobraziliense.com.br\/cbradar\/"],"url":"https:\/\/www.correiobraziliense.com.br\/cbradar\/author\/patrick-silva\/"}]}},"_links":{"self":[{"href":"https:\/\/www.correiobraziliense.com.br\/cbradar\/wp-json\/wp\/v2\/posts\/234789","targetHints":{"allow":["GET"]}}],"collection":[{"href":"https:\/\/www.correiobraziliense.com.br\/cbradar\/wp-json\/wp\/v2\/posts"}],"about":[{"href":"https:\/\/www.correiobraziliense.com.br\/cbradar\/wp-json\/wp\/v2\/types\/post"}],"author":[{"embeddable":true,"href":"https:\/\/www.correiobraziliense.com.br\/cbradar\/wp-json\/wp\/v2\/users\/21"}],"replies":[{"embeddable":true,"href":"https:\/\/www.correiobraziliense.com.br\/cbradar\/wp-json\/wp\/v2\/comments?post=234789"}],"version-history":[{"count":1,"href":"https:\/\/www.correiobraziliense.com.br\/cbradar\/wp-json\/wp\/v2\/posts\/234789\/revisions"}],"predecessor-version":[{"id":234802,"href":"https:\/\/www.correiobraziliense.com.br\/cbradar\/wp-json\/wp\/v2\/posts\/234789\/revisions\/234802"}],"wp:featuredmedia":[{"embeddable":true,"href":"https:\/\/www.correiobraziliense.com.br\/cbradar\/wp-json\/wp\/v2\/media\/234796"}],"wp:attachment":[{"href":"https:\/\/www.correiobraziliense.com.br\/cbradar\/wp-json\/wp\/v2\/media?parent=234789"}],"wp:term":[{"taxonomy":"category","embeddable":true,"href":"https:\/\/www.correiobraziliense.com.br\/cbradar\/wp-json\/wp\/v2\/categories?post=234789"},{"taxonomy":"post_tag","embeddable":true,"href":"https:\/\/www.correiobraziliense.com.br\/cbradar\/wp-json\/wp\/v2\/tags?post=234789"}],"curies":[{"name":"wp","href":"https:\/\/api.w.org\/{rel}","templated":true}]}}