{"id":234791,"date":"2026-05-01T09:55:00","date_gmt":"2026-05-01T12:55:00","guid":{"rendered":"https:\/\/www.correiobraziliense.com.br\/cbradar\/?p=234791"},"modified":"2026-04-30T12:38:34","modified_gmt":"2026-04-30T15:38:34","slug":"como-melhorar-a-saude-do-coracao-e-do-cerebro-com-o-morango","status":"publish","type":"post","link":"https:\/\/www.correiobraziliense.com.br\/cbradar\/como-melhorar-a-saude-do-coracao-e-do-cerebro-com-o-morango\/","title":{"rendered":"Como melhorar a sa\u00fade do cora\u00e7\u00e3o e do c\u00e9rebro com o morango"},"content":{"rendered":"\n<p>O morango \u00e9 uma fruta vibrante que vai muito al\u00e9m de ser um acompanhamento delicioso para sobremesas e lanches. Com uma densidade nutricional surpreendente, esse alimento oferece uma s\u00e9rie de compostos bioativos que auxiliam na manuten\u00e7\u00e3o do equil\u00edbrio interno humano. Incluir essa pequena fruta vermelha na rotina alimentar di\u00e1ria promove vitalidade e refor\u00e7a a sa\u00fade de maneira natural e constante.<\/p>\n\n\n\n<h2 class=\"wp-block-heading\">Como o morango contribui para a sa\u00fade cardiovascular?<\/h2>\n\n\n\n<p>A presen\u00e7a marcante de antocianinas, que conferem a cor vermelha caracter\u00edstica, desempenha um papel fundamental na prote\u00e7\u00e3o das art\u00e9rias. Esses pigmentos naturais auxiliam na redu\u00e7\u00e3o da press\u00e3o arterial e melhoram a fun\u00e7\u00e3o dos vasos sangu\u00edneos de forma progressiva. Manter uma circula\u00e7\u00e3o eficiente \u00e9 essencial para que os nutrientes sejam transportados corretamente para todos os \u00f3rg\u00e3os vitais do organismo.<\/p>\n\n\n\n<p>O controle dos n\u00edveis de colesterol ruim tamb\u00e9m \u00e9 favorecido pelo consumo regular desse fruto rico em fibras sol\u00faveis e antioxidantes. Quando o sistema circulat\u00f3rio opera sem obstru\u00e7\u00f5es, o risco de problemas card\u00edacos diminui consideravelmente ao longo dos anos de vida. Priorizar alimentos que cuidam do cora\u00e7\u00e3o \u00e9 um h\u00e1bito que garante longevidade e resist\u00eancia f\u00edsica superior diariamente.<\/p>\n\n\n\n<figure class=\"wp-block-image size-full\"><img decoding=\"async\" width=\"1280\" height=\"720\" src=\"https:\/\/www.correiobraziliense.com.br\/cbradar\/wp-content\/uploads\/2026\/04\/Gemini_Generated_Image_556o59556o59556o-1-1.png\" alt=\"Como melhorar a sa\u00fade do cora\u00e7\u00e3o e do c\u00e9rebro com o morango\" class=\"wp-image-234800\" srcset=\"https:\/\/www.correiobraziliense.com.br\/cbradar\/wp-content\/uploads\/2026\/04\/Gemini_Generated_Image_556o59556o59556o-1-1.png 1280w, https:\/\/www.correiobraziliense.com.br\/cbradar\/wp-content\/uploads\/2026\/04\/Gemini_Generated_Image_556o59556o59556o-1-1-300x169.png 300w, https:\/\/www.correiobraziliense.com.br\/cbradar\/wp-content\/uploads\/2026\/04\/Gemini_Generated_Image_556o59556o59556o-1-1-768x432.png 768w, https:\/\/www.correiobraziliense.com.br\/cbradar\/wp-content\/uploads\/2026\/04\/Gemini_Generated_Image_556o59556o59556o-1-1-750x422.png 750w, https:\/\/www.correiobraziliense.com.br\/cbradar\/wp-content\/uploads\/2026\/04\/Gemini_Generated_Image_556o59556o59556o-1-1-1140x641.png 1140w\" sizes=\"(max-width: 1280px) 100vw, 1280px\" \/><figcaption class=\"wp-element-caption\">Um fruto rico em antioxidantes que fortalece o corpo, protege o cora\u00e7\u00e3o e melhora a mem\u00f3ria<\/figcaption><\/figure>\n\n\n\n<h2 class=\"wp-block-heading\">Qual \u00e9 o efeito dos antioxidantes no envelhecimento celular?<\/h2>\n\n\n\n<p>Os radicais livres s\u00e3o combatidos de maneira eficaz pelos compostos fen\u00f3licos encontrados em abund\u00e2ncia na polpa e nas sementes dessa fruta. Essa a\u00e7\u00e3o protetora evita o desgaste prematuro das c\u00e9lulas e contribui para a regenera\u00e7\u00e3o dos tecidos que sofrem agress\u00f5es externas constantes. Manter o corpo protegido contra a oxida\u00e7\u00e3o \u00e9 o segredo para preservar a jovialidade e sa\u00fade.<\/p>\n\n\n\n<p>O fortalecimento da barreira celular reflete diretamente na apar\u00eancia da derme e no funcionamento adequado dos sistemas internos de defesa org\u00e2nica. Quando as c\u00e9lulas permanecem saud\u00e1veis, a comunica\u00e7\u00e3o entre os neur\u00f4nios e a produ\u00e7\u00e3o de energia ocorrem com muito mais facilidade e efici\u00eancia. Escolher op\u00e7\u00f5es naturais ricas em polifen\u00f3is ajuda a manter o vigor mental em n\u00edveis bastante satisfat\u00f3rios.<\/p>\n\n\n\n<h2 class=\"wp-block-heading\">Quais nutrientes auxiliam no fortalecimento do sistema imunol\u00f3gico?<\/h2>\n\n\n\n<p>A alta concentra\u00e7\u00e3o de vitamina C torna esse fruto um aliado poderoso na preven\u00e7\u00e3o de infec\u00e7\u00f5es e inflama\u00e7\u00f5es comuns do cotidiano. Esse nutriente estimula a produ\u00e7\u00e3o de gl\u00f3bulos brancos, garantindo que o organismo esteja sempre preparado para enfrentar agentes externos nocivos com agilidade. Uma barreira imunol\u00f3gica robusta permite que a sa\u00fade f\u00edsica se mantenha est\u00e1vel em qualquer esta\u00e7\u00e3o.<\/p>\n\n\n\n<p>Existem elementos espec\u00edficos que potencializam essa prote\u00e7\u00e3o natural no corpo:<\/p>\n\n\n\n<ul class=\"wp-block-list\">\n<li>Vitamina C para refor\u00e7o da defesa.<\/li>\n\n\n\n<li>\u00c1cido f\u00f3lico essencial para novas c\u00e9lulas.<\/li>\n\n\n\n<li>Pot\u00e1ssio que regula os fluidos internos.<\/li>\n\n\n\n<li>Magn\u00e9sio para o bom relaxamento muscular.<\/li>\n<\/ul>\n\n\n\n<h2 class=\"wp-block-heading\">De que forma as fibras ajudam no controle glic\u00eamico?<\/h2>\n\n\n\n<p>A ingest\u00e3o de fibras sol\u00faveis durante as refei\u00e7\u00f5es principais retarda a absor\u00e7\u00e3o de a\u00e7\u00facares pelo intestino, evitando picos r\u00e1pidos de glicose. Esse mecanismo \u00e9 fundamental para manter a saciedade por per\u00edodos mais longos e garantir uma libera\u00e7\u00e3o de energia constante e equilibrada. Optar por frutas de baixo \u00edndice glic\u00eamico favorece o controle do peso de forma saud\u00e1vel.<\/p>\n\n\n\n<p>O equil\u00edbrio metab\u00f3lico alcan\u00e7ado atrav\u00e9s de uma alimenta\u00e7\u00e3o rica em vegetais frescos melhora a sensibilidade das c\u00e9lulas \u00e0 insulina dispon\u00edvel. Quando o organismo processa os carboidratos de maneira eficiente, a sensa\u00e7\u00e3o de fadiga diminui e a clareza mental aumenta durante as atividades produtivas. Ter um metabolismo est\u00e1vel \u00e9 o alicerce para uma rotina cheia de disposi\u00e7\u00e3o e equil\u00edbrio.<\/p>\n\n\n\n<p>No v\u00eddeo abaixo do canal no YouTube\u00a0<strong><em>Nutricionista Patricia Leite<\/em><\/strong>, a nutricionista Patr\u00edcia cita os benef\u00edcios e propriedades do morango e ensina maneiras de usar corretamente, ela conta com mais de\u00a0<strong><em>8 milh\u00f5es de seguidores<\/em><\/strong>\u00a0e tr\u00e1s conte\u00fados sobre alimenta\u00e7\u00e3o e sa\u00fade:<\/p>\n\n\n\n<figure class=\"wp-block-embed is-type-video is-provider-youtube wp-block-embed-youtube wp-embed-aspect-16-9 wp-has-aspect-ratio\"><div class=\"wp-block-embed__wrapper\">\n<div class=\"jeg_video_container jeg_video_content\"><iframe loading=\"lazy\" title=\"Benef\u00edcios do Morango - Para Que Serve e Propriedades [RECEITAS LIGHT e DICAS]\" width=\"500\" height=\"281\" src=\"https:\/\/www.youtube.com\/embed\/A_PxSl-857Q?feature=oembed\" frameborder=\"0\" allow=\"accelerometer; autoplay; clipboard-write; encrypted-media; gyroscope; picture-in-picture; web-share\" referrerpolicy=\"strict-origin-when-cross-origin\" allowfullscreen><\/iframe><\/div>\n<\/div><\/figure>\n\n\n\n<p>Leia tamb\u00e9m: <a href=\"https:\/\/www.correiobraziliense.com.br\/cbradar\/incluir-essa-fruta-na-rotina-pode-melhorar-sua-qualidade-de-vida-rapidamente\/\" target=\"_blank\" rel=\"noreferrer noopener\">Incluir essa fruta na rotina pode melhorar sua qualidade de vida rapidamente<\/a><\/p>\n\n\n\n<h2 class=\"wp-block-heading\">Como a fruta beneficia a sa\u00fade do c\u00e9rebro e da mem\u00f3ria?<\/h2>\n\n\n\n<p>Subst\u00e2ncias espec\u00edficas agem na prote\u00e7\u00e3o dos neur\u00f4nios contra processos inflamat\u00f3rios que podem prejudicar a reten\u00e7\u00e3o de novas informa\u00e7\u00f5es valiosas diariamente. O consumo frequente de frutos vermelhos tem sido associado \u00e0 preserva\u00e7\u00e3o das fun\u00e7\u00f5es cognitivas e ao aumento da concentra\u00e7\u00e3o em tarefas que exigem foco intenso. Cuidar da mente atrav\u00e9s da nutri\u00e7\u00e3o adequada \u00e9 um investimento valioso para o futuro.<\/p>\n\n\n\n<p>De acordo com orienta\u00e7\u00f5es de sa\u00fade p\u00fablica, a inclus\u00e3o de alimentos variados na dieta previne o decl\u00ednio mental ao longo do tempo. O site do <strong><a href=\"https:\/\/www.ncbi.nlm.nih.gov\" target=\"_blank\" rel=\"noreferrer noopener\">National Institutes of Health<\/a><\/strong> destaca que os flavonoides presentes na dieta possuem propriedades neuroprotetoras cruciais para a longevidade humana. Priorizar escolhas naturais \u00e9 o caminho ideal para manter a sa\u00fade cerebral sempre protegida e vigorosa.<\/p>\n","protected":false},"excerpt":{"rendered":"<p>O morango \u00e9 uma fruta vibrante que vai muito al\u00e9m de ser um acompanhamento delicioso para sobremesas e lanches. Com uma densidade nutricional surpreendente, esse alimento oferece uma s\u00e9rie de compostos bioativos que auxiliam na manuten\u00e7\u00e3o do equil\u00edbrio interno humano. Incluir essa pequena fruta vermelha na rotina alimentar di\u00e1ria promove vitalidade e refor\u00e7a a sa\u00fade [&hellip;]<\/p>\n","protected":false},"author":21,"featured_media":234797,"comment_status":"open","ping_status":"open","sticky":false,"template":"","format":"standard","meta":{"_yoast_wpseo_focuskw":"benef\u00edcios do morango","_yoast_wpseo_title":"","_yoast_wpseo_metadesc":"Pequeno no tamanho, esse fruto surpreende pelos benef\u00edcios que ajudam o corpo e a mente a funcionarem melhor diariamente","jnews-multi-image_gallery":[],"jnews_single_post":{"format":"standard"},"jnews_primary_category":[],"jnews_social_meta":[],"jnews_override_counter":[],"footnotes":""},"categories":[119],"tags":[281,615,592,1318],"class_list":["post-234791","post","type-post","status-publish","format-standard","has-post-thumbnail","hentry","category-bem-estar","tag-alimentacao","tag-fruta","tag-morango","tag-saude-2"],"yoast_head":"<!-- This site is optimized with the Yoast SEO plugin v24.6 - https:\/\/yoast.com\/wordpress\/plugins\/seo\/ -->\n<title>Como melhorar a sa\u00fade do cora\u00e7\u00e3o e do c\u00e9rebro com o morango - Correio Braziliense - Radar<\/title>\n<meta name=\"description\" content=\"Pequeno no tamanho, esse fruto surpreende pelos benef\u00edcios que ajudam o corpo e a mente a funcionarem melhor diariamente\" \/>\n<meta name=\"robots\" content=\"index, follow, max-snippet:-1, max-image-preview:large, max-video-preview:-1\" \/>\n<link rel=\"canonical\" href=\"https:\/\/www.correiobraziliense.com.br\/cbradar\/como-melhorar-a-saude-do-coracao-e-do-cerebro-com-o-morango\/\" \/>\n<meta property=\"og:locale\" content=\"pt_BR\" \/>\n<meta property=\"og:type\" content=\"article\" \/>\n<meta property=\"og:title\" content=\"Como melhorar a sa\u00fade do cora\u00e7\u00e3o e do c\u00e9rebro com o morango - Correio Braziliense - Radar\" \/>\n<meta property=\"og:description\" content=\"Pequeno no tamanho, esse fruto surpreende pelos benef\u00edcios que ajudam o corpo e a mente a funcionarem melhor diariamente\" \/>\n<meta property=\"og:url\" content=\"https:\/\/www.correiobraziliense.com.br\/cbradar\/como-melhorar-a-saude-do-coracao-e-do-cerebro-com-o-morango\/\" \/>\n<meta property=\"og:site_name\" content=\"Correio Braziliense - Radar\" \/>\n<meta property=\"article:published_time\" content=\"2026-05-01T12:55:00+00:00\" \/>\n<meta property=\"og:image\" content=\"https:\/\/www.correiobraziliense.com.br\/cbradar\/wp-content\/uploads\/2026\/04\/Gemini_Generated_Image_r48u0jr48u0jr48u-1-1.png\" \/>\n\t<meta property=\"og:image:width\" content=\"1280\" \/>\n\t<meta property=\"og:image:height\" content=\"720\" \/>\n\t<meta property=\"og:image:type\" content=\"image\/png\" \/>\n<meta name=\"author\" content=\"Patrick Silva\" \/>\n<meta name=\"twitter:card\" content=\"summary_large_image\" \/>\n<meta name=\"twitter:label1\" content=\"Escrito por\" \/>\n\t<meta name=\"twitter:data1\" content=\"Patrick Silva\" \/>\n\t<meta name=\"twitter:label2\" content=\"Est. tempo de leitura\" \/>\n\t<meta name=\"twitter:data2\" content=\"5 minutos\" \/>\n<!-- \/ Yoast SEO plugin. -->","yoast_head_json":{"title":"Como melhorar a sa\u00fade do cora\u00e7\u00e3o e do c\u00e9rebro com o morango - Correio Braziliense - Radar","description":"Pequeno no tamanho, esse fruto surpreende pelos benef\u00edcios que ajudam o corpo e a mente a funcionarem melhor diariamente","robots":{"index":"index","follow":"follow","max-snippet":"max-snippet:-1","max-image-preview":"max-image-preview:large","max-video-preview":"max-video-preview:-1"},"canonical":"https:\/\/www.correiobraziliense.com.br\/cbradar\/como-melhorar-a-saude-do-coracao-e-do-cerebro-com-o-morango\/","og_locale":"pt_BR","og_type":"article","og_title":"Como melhorar a sa\u00fade do cora\u00e7\u00e3o e do c\u00e9rebro com o morango - Correio Braziliense - Radar","og_description":"Pequeno no tamanho, esse fruto surpreende pelos benef\u00edcios que ajudam o corpo e a mente a funcionarem melhor diariamente","og_url":"https:\/\/www.correiobraziliense.com.br\/cbradar\/como-melhorar-a-saude-do-coracao-e-do-cerebro-com-o-morango\/","og_site_name":"Correio Braziliense - Radar","article_published_time":"2026-05-01T12:55:00+00:00","og_image":[{"width":1280,"height":720,"url":"https:\/\/www.correiobraziliense.com.br\/cbradar\/wp-content\/uploads\/2026\/04\/Gemini_Generated_Image_r48u0jr48u0jr48u-1-1.png","type":"image\/png"}],"author":"Patrick Silva","twitter_card":"summary_large_image","twitter_misc":{"Escrito por":"Patrick Silva","Est. tempo de leitura":"5 minutos"},"schema":{"@context":"https:\/\/schema.org","@graph":[{"@type":"WebPage","@id":"https:\/\/www.correiobraziliense.com.br\/cbradar\/como-melhorar-a-saude-do-coracao-e-do-cerebro-com-o-morango\/","url":"https:\/\/www.correiobraziliense.com.br\/cbradar\/como-melhorar-a-saude-do-coracao-e-do-cerebro-com-o-morango\/","name":"Como melhorar a sa\u00fade do cora\u00e7\u00e3o e do c\u00e9rebro com o morango - Correio Braziliense - Radar","isPartOf":{"@id":"https:\/\/www.correiobraziliense.com.br\/cbradar\/#website"},"primaryImageOfPage":{"@id":"https:\/\/www.correiobraziliense.com.br\/cbradar\/como-melhorar-a-saude-do-coracao-e-do-cerebro-com-o-morango\/#primaryimage"},"image":{"@id":"https:\/\/www.correiobraziliense.com.br\/cbradar\/como-melhorar-a-saude-do-coracao-e-do-cerebro-com-o-morango\/#primaryimage"},"thumbnailUrl":"https:\/\/www.correiobraziliense.com.br\/cbradar\/wp-content\/uploads\/2026\/04\/Gemini_Generated_Image_r48u0jr48u0jr48u-1-1.png","datePublished":"2026-05-01T12:55:00+00:00","author":{"@id":"https:\/\/www.correiobraziliense.com.br\/cbradar\/#\/schema\/person\/5440b72be9c7eb74f446c846479dc4da"},"description":"Pequeno no tamanho, esse fruto surpreende pelos benef\u00edcios que ajudam o corpo e a mente a funcionarem melhor diariamente","breadcrumb":{"@id":"https:\/\/www.correiobraziliense.com.br\/cbradar\/como-melhorar-a-saude-do-coracao-e-do-cerebro-com-o-morango\/#breadcrumb"},"inLanguage":"pt-BR","potentialAction":[{"@type":"ReadAction","target":["https:\/\/www.correiobraziliense.com.br\/cbradar\/como-melhorar-a-saude-do-coracao-e-do-cerebro-com-o-morango\/"]}]},{"@type":"ImageObject","inLanguage":"pt-BR","@id":"https:\/\/www.correiobraziliense.com.br\/cbradar\/como-melhorar-a-saude-do-coracao-e-do-cerebro-com-o-morango\/#primaryimage","url":"https:\/\/www.correiobraziliense.com.br\/cbradar\/wp-content\/uploads\/2026\/04\/Gemini_Generated_Image_r48u0jr48u0jr48u-1-1.png","contentUrl":"https:\/\/www.correiobraziliense.com.br\/cbradar\/wp-content\/uploads\/2026\/04\/Gemini_Generated_Image_r48u0jr48u0jr48u-1-1.png","width":1280,"height":720,"caption":"Um fruto rico em antioxidantes que fortalece o corpo, protege o cora\u00e7\u00e3o e melhora a mem\u00f3ria"},{"@type":"BreadcrumbList","@id":"https:\/\/www.correiobraziliense.com.br\/cbradar\/como-melhorar-a-saude-do-coracao-e-do-cerebro-com-o-morango\/#breadcrumb","itemListElement":[{"@type":"ListItem","position":1,"name":"In\u00edcio","item":"https:\/\/www.correiobraziliense.com.br\/cbradar\/"},{"@type":"ListItem","position":2,"name":"Como melhorar a sa\u00fade do cora\u00e7\u00e3o e do c\u00e9rebro com o morango"}]},{"@type":"WebSite","@id":"https:\/\/www.correiobraziliense.com.br\/cbradar\/#website","url":"https:\/\/www.correiobraziliense.com.br\/cbradar\/","name":"Correio Braziliense - Radar","description":"Acompanhe as \u00faltimas not\u00edcias e fique bem informado sobre tudo o que acontece no Brasil e no mundo.","potentialAction":[{"@type":"SearchAction","target":{"@type":"EntryPoint","urlTemplate":"https:\/\/www.correiobraziliense.com.br\/cbradar\/?s={search_term_string}"},"query-input":{"@type":"PropertyValueSpecification","valueRequired":true,"valueName":"search_term_string"}}],"inLanguage":"pt-BR"},{"@type":"Person","@id":"https:\/\/www.correiobraziliense.com.br\/cbradar\/#\/schema\/person\/5440b72be9c7eb74f446c846479dc4da","name":"Patrick Silva","image":{"@type":"ImageObject","inLanguage":"pt-BR","@id":"https:\/\/www.correiobraziliense.com.br\/cbradar\/#\/schema\/person\/image\/","url":"https:\/\/secure.gravatar.com\/avatar\/944109df296fc087785c9715fd5f80b2?s=96&d=mm&r=g","contentUrl":"https:\/\/secure.gravatar.com\/avatar\/944109df296fc087785c9715fd5f80b2?s=96&d=mm&r=g","caption":"Patrick Silva"},"sameAs":["https:\/\/www.correiobraziliense.com.br\/cbradar\/"],"url":"https:\/\/www.correiobraziliense.com.br\/cbradar\/author\/patrick-silva\/"}]}},"_links":{"self":[{"href":"https:\/\/www.correiobraziliense.com.br\/cbradar\/wp-json\/wp\/v2\/posts\/234791","targetHints":{"allow":["GET"]}}],"collection":[{"href":"https:\/\/www.correiobraziliense.com.br\/cbradar\/wp-json\/wp\/v2\/posts"}],"about":[{"href":"https:\/\/www.correiobraziliense.com.br\/cbradar\/wp-json\/wp\/v2\/types\/post"}],"author":[{"embeddable":true,"href":"https:\/\/www.correiobraziliense.com.br\/cbradar\/wp-json\/wp\/v2\/users\/21"}],"replies":[{"embeddable":true,"href":"https:\/\/www.correiobraziliense.com.br\/cbradar\/wp-json\/wp\/v2\/comments?post=234791"}],"version-history":[{"count":1,"href":"https:\/\/www.correiobraziliense.com.br\/cbradar\/wp-json\/wp\/v2\/posts\/234791\/revisions"}],"predecessor-version":[{"id":234801,"href":"https:\/\/www.correiobraziliense.com.br\/cbradar\/wp-json\/wp\/v2\/posts\/234791\/revisions\/234801"}],"wp:featuredmedia":[{"embeddable":true,"href":"https:\/\/www.correiobraziliense.com.br\/cbradar\/wp-json\/wp\/v2\/media\/234797"}],"wp:attachment":[{"href":"https:\/\/www.correiobraziliense.com.br\/cbradar\/wp-json\/wp\/v2\/media?parent=234791"}],"wp:term":[{"taxonomy":"category","embeddable":true,"href":"https:\/\/www.correiobraziliense.com.br\/cbradar\/wp-json\/wp\/v2\/categories?post=234791"},{"taxonomy":"post_tag","embeddable":true,"href":"https:\/\/www.correiobraziliense.com.br\/cbradar\/wp-json\/wp\/v2\/tags?post=234791"}],"curies":[{"name":"wp","href":"https:\/\/api.w.org\/{rel}","templated":true}]}}