{"id":234792,"date":"2026-05-01T10:55:00","date_gmt":"2026-05-01T13:55:00","guid":{"rendered":"https:\/\/www.correiobraziliense.com.br\/cbradar\/?p=234792"},"modified":"2026-04-30T12:43:22","modified_gmt":"2026-04-30T15:43:22","slug":"como-uma-fruta-comum-como-a-banana-pode-transformar-sua-qualidade-de-vida","status":"publish","type":"post","link":"https:\/\/www.correiobraziliense.com.br\/cbradar\/como-uma-fruta-comum-como-a-banana-pode-transformar-sua-qualidade-de-vida\/","title":{"rendered":"Como uma fruta comum como a banana pode transformar sua qualidade de vida"},"content":{"rendered":"\n<p>A banana \u00e9 uma das frutas mais consumidas no mundo devido \u00e0 sua praticidade e ao seu sabor doce inconfund\u00edvel. Esse alimento vers\u00e1til oferece nutrientes essenciais que auxiliam no funcionamento do sistema nervoso e na recupera\u00e7\u00e3o muscular di\u00e1ria. Incluir essa fruta na dieta proporciona energia constante, ajudando a manter o bem-estar f\u00edsico de maneira bastante simples e muito acess\u00edvel sempre.<\/p>\n\n\n\n<h2 class=\"wp-block-heading\">Como a fruta auxilia na sa\u00fade do cora\u00e7\u00e3o?<\/h2>\n\n\n\n<p>A presen\u00e7a marcante de minerais importantes ajuda a regular os batimentos card\u00edacos e a press\u00e3o arterial de forma eficiente. O consumo regular contribui para que o organismo mantenha o equil\u00edbrio dos fluidos internos, evitando picos de tens\u00e3o que prejudicam as art\u00e9rias. Ter o h\u00e1bito de comer esse fruto diariamente fortalece a musculatura card\u00edaca de maneira natural e duradoura em casa.<\/p>\n\n\n\n<p>O pot\u00e1ssio atua como um protetor contra o excesso de s\u00f3dio, auxiliando na elimina\u00e7\u00e3o de res\u00edduos prejudiciais atrav\u00e9s da urina. Manter esses n\u00edveis est\u00e1veis \u00e9 fundamental para evitar a rigidez dos vasos sangu\u00edneos e garantir uma circula\u00e7\u00e3o plena por todo o corpo. Uma dieta baseada em alimentos frescos e acess\u00edveis promove uma vida longa com muita qualidade em qualquer idade.<\/p>\n\n\n\n<figure class=\"wp-block-image size-full\"><img decoding=\"async\" width=\"1280\" height=\"720\" src=\"https:\/\/www.correiobraziliense.com.br\/cbradar\/wp-content\/uploads\/2026\/04\/Gemini_Generated_Image_m155cfm155cfm155-1-1.png\" alt=\"Como uma fruta comum como a banana pode transformar sua qualidade de vida\" class=\"wp-image-234807\" srcset=\"https:\/\/www.correiobraziliense.com.br\/cbradar\/wp-content\/uploads\/2026\/04\/Gemini_Generated_Image_m155cfm155cfm155-1-1.png 1280w, https:\/\/www.correiobraziliense.com.br\/cbradar\/wp-content\/uploads\/2026\/04\/Gemini_Generated_Image_m155cfm155cfm155-1-1-300x169.png 300w, https:\/\/www.correiobraziliense.com.br\/cbradar\/wp-content\/uploads\/2026\/04\/Gemini_Generated_Image_m155cfm155cfm155-1-1-768x432.png 768w, https:\/\/www.correiobraziliense.com.br\/cbradar\/wp-content\/uploads\/2026\/04\/Gemini_Generated_Image_m155cfm155cfm155-1-1-750x422.png 750w, https:\/\/www.correiobraziliense.com.br\/cbradar\/wp-content\/uploads\/2026\/04\/Gemini_Generated_Image_m155cfm155cfm155-1-1-1140x641.png 1140w\" sizes=\"(max-width: 1280px) 100vw, 1280px\" \/><figcaption class=\"wp-element-caption\">Uma fruta nutritiva que fornece energia, melhora a digest\u00e3o e contribui para o sono<\/figcaption><\/figure>\n\n\n\n<h2 class=\"wp-block-heading\">Qual o papel da fruta na digest\u00e3o?<\/h2>\n\n\n\n<p>As fibras sol\u00faveis presentes na polpa ajudam a suavizar o tr\u00e2nsito intestinal e promovem uma sensa\u00e7\u00e3o de leveza cont\u00ednua. Esse alimento atua como um prebi\u00f3tico natural, alimentando as bact\u00e9rias boas que residem no sistema digestivo de cada pessoa. Manter o equil\u00edbrio interno \u00e9 o segredo para evitar desconfortos e garantir que a absor\u00e7\u00e3o de nutrientes ocorra plenamente em todos dias.<\/p>\n\n\n\n<p>A pectina auxilia na regula\u00e7\u00e3o do a\u00e7\u00facar no sangue e facilita a forma\u00e7\u00e3o do bolo fecal de maneira regular. Quando a digest\u00e3o funciona corretamente, o corpo consegue eliminar res\u00edduos indesejados sem causar irrita\u00e7\u00f5es ou inflama\u00e7\u00f5es no trato gastrointestinal. Ter uma alimenta\u00e7\u00e3o rica em elementos naturais protege o organismo contra diversos problemas comuns que surgem com o tempo prolongado e dif\u00edcil.<\/p>\n\n\n\n<h2 class=\"wp-block-heading\">Quais s\u00e3o os minerais presentes na banana?<\/h2>\n\n\n\n<p>A composi\u00e7\u00e3o nutricional dessa iguaria tropical \u00e9 vasta e atende \u00e0s necessidades b\u00e1sicas de diversos sistemas do corpo humano. Encontrar minerais e vitaminas em um \u00fanico alimento facilita a manuten\u00e7\u00e3o de uma rotina saud\u00e1vel sem exigir grandes investimentos financeiros ou preparos complexos. Cada mordida fornece elementos qu\u00edmicos que estabilizam as fun\u00e7\u00f5es vitais de forma muito pr\u00e1tica e saborosa em casa.<\/p>\n\n\n\n<p>Os principais nutrientes encontrados na polpa incluem:<\/p>\n\n\n\n<ul class=\"wp-block-list\">\n<li>Pot\u00e1ssio para sa\u00fade muscular.<\/li>\n\n\n\n<li>Magn\u00e9sio que auxilia o sono.<\/li>\n\n\n\n<li>Vitamina B6 para o c\u00e9rebro.<\/li>\n\n\n\n<li>Vitamina C que protege tecidos.<\/li>\n<\/ul>\n\n\n\n<h2 class=\"wp-block-heading\">Como a fruta ajuda na pr\u00e1tica de exerc\u00edcios?<\/h2>\n\n\n\n<p>A ingest\u00e3o de carboidratos de absor\u00e7\u00e3o r\u00e1pida fornece o combust\u00edvel necess\u00e1rio para treinos intensos e atividades f\u00edsicas aer\u00f3bicas di\u00e1rias. Ao consumir esse alimento antes do esfor\u00e7o, os m\u00fasculos recebem glicose de forma constante, evitando a fadiga muscular e c\u00e3ibras indesejadas. Essa energia natural \u00e9 fundamental para quem busca manter uma vida ativa e com bastante movimento corporal constante e forte.<\/p>\n\n\n\n<p>Ap\u00f3s as atividades, os minerais ajudam na reposi\u00e7\u00e3o de eletr\u00f3litos perdidos pelo suor, acelerando a recupera\u00e7\u00e3o das fibras que foram recrutadas. Esse processo de restaura\u00e7\u00e3o evita dores excessivas no dia seguinte e permite que o corpo esteja pronto para novos desafios. Alimentos frescos s\u00e3o as melhores op\u00e7\u00f5es para quem valoriza a sa\u00fade e busca resultados f\u00edsicos consistentes de modo cont\u00ednuo.<\/p>\n\n\n\n<p>No v\u00eddeo abaixo do canal no YouTube\u00a0<strong><em>Nutricionista Patricia Leite<\/em><\/strong>, a nutricionista Patr\u00edcia cita os benef\u00edcios e propriedades da banana, e ensina maneiras de usar corretamente, ela conta com mais de\u00a0<strong><em>8 milh\u00f5es de seguidores<\/em><\/strong>\u00a0e tr\u00e1s conte\u00fados sobre alimenta\u00e7\u00e3o e sa\u00fade:<\/p>\n\n\n\n<figure class=\"wp-block-embed is-type-video is-provider-youtube wp-block-embed-youtube wp-embed-aspect-16-9 wp-has-aspect-ratio\"><div class=\"wp-block-embed__wrapper\">\n<div class=\"jeg_video_container jeg_video_content\"><iframe loading=\"lazy\" title=\"Benef\u00edcios da Banana - Para Que Serve? Press\u00e3o? C\u00e2imbra? Intestino? [ENGORDA?]\" width=\"500\" height=\"281\" src=\"https:\/\/www.youtube.com\/embed\/ZzvJQMccmQc?feature=oembed\" frameborder=\"0\" allow=\"accelerometer; autoplay; clipboard-write; encrypted-media; gyroscope; picture-in-picture; web-share\" referrerpolicy=\"strict-origin-when-cross-origin\" allowfullscreen><\/iframe><\/div>\n<\/div><\/figure>\n\n\n\n<p>Leia tamb\u00e9m: <a href=\"https:\/\/www.correiobraziliense.com.br\/cbradar\/incluir-essa-fruta-na-rotina-pode-melhorar-sua-qualidade-de-vida-rapidamente\/\" target=\"_blank\" rel=\"noreferrer noopener\">Incluir essa fruta na rotina pode melhorar sua qualidade de vida rapidamente<\/a><\/p>\n\n\n\n<h2 class=\"wp-block-heading\">De que forma a fruta beneficia o sono?<\/h2>\n\n\n\n<p>O magn\u00e9sio e o triptofano presentes na composi\u00e7\u00e3o auxiliam na produ\u00e7\u00e3o de horm\u00f4nios que induzem ao relaxamento profundo e reparador. Esses elementos qu\u00edmicos ajudam a acalmar o sistema nervoso central, preparando a mente para um descanso de qualidade ap\u00f3s um dia exaustivo de tarefas. Ter uma noite tranquila \u00e9 essencial para manter a clareza mental e a disposi\u00e7\u00e3o total plenamente.<\/p>\n\n\n\n<p>A regula\u00e7\u00e3o do ciclo biol\u00f3gico permite que o organismo recupere as energias gastas e fortale\u00e7a as fun\u00e7\u00f5es cognitivas de maneira est\u00e1vel. Conforme orientam os especialistas do <strong><a target=\"_blank\" rel=\"noreferrer noopener\" href=\"https:\/\/www.ncbi.nlm.nih.gov\/pmc\/articles\/PMC10303534\/\">National Institutes of Health<\/a><\/strong>, a nutri\u00e7\u00e3o correta \u00e9 o pilar central para o bom funcionamento do c\u00e9rebro. Manter o corpo bem nutrido com op\u00e7\u00f5es naturais garante uma vida cheia de vitalidade e muito vigorosa.<\/p>\n","protected":false},"excerpt":{"rendered":"<p>A banana \u00e9 uma das frutas mais consumidas no mundo devido \u00e0 sua praticidade e ao seu sabor doce inconfund\u00edvel. Esse alimento vers\u00e1til oferece nutrientes essenciais que auxiliam no funcionamento do sistema nervoso e na recupera\u00e7\u00e3o muscular di\u00e1ria. Incluir essa fruta na dieta proporciona energia constante, ajudando a manter o bem-estar f\u00edsico de maneira bastante [&hellip;]<\/p>\n","protected":false},"author":21,"featured_media":234808,"comment_status":"open","ping_status":"open","sticky":false,"template":"","format":"standard","meta":{"_yoast_wpseo_focuskw":"benef\u00edcios da banana","_yoast_wpseo_title":"","_yoast_wpseo_metadesc":"Pr\u00e1tica e nutritiva, essa fruta oferece energia e benef\u00edcios que ajudam o corpo a funcionar melhor todos os dias","jnews-multi-image_gallery":[],"jnews_single_post":{"format":"standard"},"jnews_primary_category":[],"jnews_social_meta":[],"jnews_override_counter":[],"footnotes":""},"categories":[119],"tags":[281,877,615,1318],"class_list":["post-234792","post","type-post","status-publish","format-standard","has-post-thumbnail","hentry","category-bem-estar","tag-alimentacao","tag-banana","tag-fruta","tag-saude-2"],"yoast_head":"<!-- This site is optimized with the Yoast SEO plugin v24.6 - https:\/\/yoast.com\/wordpress\/plugins\/seo\/ -->\n<title>Como uma fruta comum como a banana pode transformar sua qualidade de vida - Correio Braziliense - Radar<\/title>\n<meta name=\"description\" content=\"Pr\u00e1tica e nutritiva, essa fruta oferece energia e benef\u00edcios que ajudam o corpo a funcionar melhor todos os dias\" \/>\n<meta name=\"robots\" content=\"index, follow, max-snippet:-1, max-image-preview:large, max-video-preview:-1\" \/>\n<link rel=\"canonical\" href=\"https:\/\/www.correiobraziliense.com.br\/cbradar\/como-uma-fruta-comum-como-a-banana-pode-transformar-sua-qualidade-de-vida\/\" \/>\n<meta property=\"og:locale\" content=\"pt_BR\" \/>\n<meta property=\"og:type\" content=\"article\" \/>\n<meta property=\"og:title\" content=\"Como uma fruta comum como a banana pode transformar sua qualidade de vida - Correio Braziliense - Radar\" \/>\n<meta property=\"og:description\" content=\"Pr\u00e1tica e nutritiva, essa fruta oferece energia e benef\u00edcios que ajudam o corpo a funcionar melhor todos os dias\" \/>\n<meta property=\"og:url\" content=\"https:\/\/www.correiobraziliense.com.br\/cbradar\/como-uma-fruta-comum-como-a-banana-pode-transformar-sua-qualidade-de-vida\/\" \/>\n<meta property=\"og:site_name\" content=\"Correio Braziliense - Radar\" \/>\n<meta property=\"article:published_time\" content=\"2026-05-01T13:55:00+00:00\" \/>\n<meta property=\"og:image\" content=\"https:\/\/www.correiobraziliense.com.br\/cbradar\/wp-content\/uploads\/2026\/04\/Gemini_Generated_Image_ga9jf0ga9jf0ga9j-1-1.png\" \/>\n\t<meta property=\"og:image:width\" content=\"1280\" \/>\n\t<meta property=\"og:image:height\" content=\"720\" \/>\n\t<meta property=\"og:image:type\" content=\"image\/png\" \/>\n<meta name=\"author\" content=\"Patrick Silva\" \/>\n<meta name=\"twitter:card\" content=\"summary_large_image\" \/>\n<meta name=\"twitter:label1\" content=\"Escrito por\" \/>\n\t<meta name=\"twitter:data1\" content=\"Patrick Silva\" \/>\n\t<meta name=\"twitter:label2\" content=\"Est. tempo de leitura\" \/>\n\t<meta name=\"twitter:data2\" content=\"5 minutos\" \/>\n<!-- \/ Yoast SEO plugin. -->","yoast_head_json":{"title":"Como uma fruta comum como a banana pode transformar sua qualidade de vida - Correio Braziliense - Radar","description":"Pr\u00e1tica e nutritiva, essa fruta oferece energia e benef\u00edcios que ajudam o corpo a funcionar melhor todos os dias","robots":{"index":"index","follow":"follow","max-snippet":"max-snippet:-1","max-image-preview":"max-image-preview:large","max-video-preview":"max-video-preview:-1"},"canonical":"https:\/\/www.correiobraziliense.com.br\/cbradar\/como-uma-fruta-comum-como-a-banana-pode-transformar-sua-qualidade-de-vida\/","og_locale":"pt_BR","og_type":"article","og_title":"Como uma fruta comum como a banana pode transformar sua qualidade de vida - Correio Braziliense - Radar","og_description":"Pr\u00e1tica e nutritiva, essa fruta oferece energia e benef\u00edcios que ajudam o corpo a funcionar melhor todos os dias","og_url":"https:\/\/www.correiobraziliense.com.br\/cbradar\/como-uma-fruta-comum-como-a-banana-pode-transformar-sua-qualidade-de-vida\/","og_site_name":"Correio Braziliense - Radar","article_published_time":"2026-05-01T13:55:00+00:00","og_image":[{"width":1280,"height":720,"url":"https:\/\/www.correiobraziliense.com.br\/cbradar\/wp-content\/uploads\/2026\/04\/Gemini_Generated_Image_ga9jf0ga9jf0ga9j-1-1.png","type":"image\/png"}],"author":"Patrick Silva","twitter_card":"summary_large_image","twitter_misc":{"Escrito por":"Patrick Silva","Est. tempo de leitura":"5 minutos"},"schema":{"@context":"https:\/\/schema.org","@graph":[{"@type":"WebPage","@id":"https:\/\/www.correiobraziliense.com.br\/cbradar\/como-uma-fruta-comum-como-a-banana-pode-transformar-sua-qualidade-de-vida\/","url":"https:\/\/www.correiobraziliense.com.br\/cbradar\/como-uma-fruta-comum-como-a-banana-pode-transformar-sua-qualidade-de-vida\/","name":"Como uma fruta comum como a banana pode transformar sua qualidade de vida - Correio Braziliense - Radar","isPartOf":{"@id":"https:\/\/www.correiobraziliense.com.br\/cbradar\/#website"},"primaryImageOfPage":{"@id":"https:\/\/www.correiobraziliense.com.br\/cbradar\/como-uma-fruta-comum-como-a-banana-pode-transformar-sua-qualidade-de-vida\/#primaryimage"},"image":{"@id":"https:\/\/www.correiobraziliense.com.br\/cbradar\/como-uma-fruta-comum-como-a-banana-pode-transformar-sua-qualidade-de-vida\/#primaryimage"},"thumbnailUrl":"https:\/\/www.correiobraziliense.com.br\/cbradar\/wp-content\/uploads\/2026\/04\/Gemini_Generated_Image_ga9jf0ga9jf0ga9j-1-1.png","datePublished":"2026-05-01T13:55:00+00:00","author":{"@id":"https:\/\/www.correiobraziliense.com.br\/cbradar\/#\/schema\/person\/5440b72be9c7eb74f446c846479dc4da"},"description":"Pr\u00e1tica e nutritiva, essa fruta oferece energia e benef\u00edcios que ajudam o corpo a funcionar melhor todos os dias","breadcrumb":{"@id":"https:\/\/www.correiobraziliense.com.br\/cbradar\/como-uma-fruta-comum-como-a-banana-pode-transformar-sua-qualidade-de-vida\/#breadcrumb"},"inLanguage":"pt-BR","potentialAction":[{"@type":"ReadAction","target":["https:\/\/www.correiobraziliense.com.br\/cbradar\/como-uma-fruta-comum-como-a-banana-pode-transformar-sua-qualidade-de-vida\/"]}]},{"@type":"ImageObject","inLanguage":"pt-BR","@id":"https:\/\/www.correiobraziliense.com.br\/cbradar\/como-uma-fruta-comum-como-a-banana-pode-transformar-sua-qualidade-de-vida\/#primaryimage","url":"https:\/\/www.correiobraziliense.com.br\/cbradar\/wp-content\/uploads\/2026\/04\/Gemini_Generated_Image_ga9jf0ga9jf0ga9j-1-1.png","contentUrl":"https:\/\/www.correiobraziliense.com.br\/cbradar\/wp-content\/uploads\/2026\/04\/Gemini_Generated_Image_ga9jf0ga9jf0ga9j-1-1.png","width":1280,"height":720,"caption":"Uma fruta nutritiva que fornece energia, melhora a digest\u00e3o e contribui para o sono"},{"@type":"BreadcrumbList","@id":"https:\/\/www.correiobraziliense.com.br\/cbradar\/como-uma-fruta-comum-como-a-banana-pode-transformar-sua-qualidade-de-vida\/#breadcrumb","itemListElement":[{"@type":"ListItem","position":1,"name":"In\u00edcio","item":"https:\/\/www.correiobraziliense.com.br\/cbradar\/"},{"@type":"ListItem","position":2,"name":"Como uma fruta comum como a banana pode transformar sua qualidade de vida"}]},{"@type":"WebSite","@id":"https:\/\/www.correiobraziliense.com.br\/cbradar\/#website","url":"https:\/\/www.correiobraziliense.com.br\/cbradar\/","name":"Correio Braziliense - Radar","description":"Acompanhe as \u00faltimas not\u00edcias e fique bem informado sobre tudo o que acontece no Brasil e no mundo.","potentialAction":[{"@type":"SearchAction","target":{"@type":"EntryPoint","urlTemplate":"https:\/\/www.correiobraziliense.com.br\/cbradar\/?s={search_term_string}"},"query-input":{"@type":"PropertyValueSpecification","valueRequired":true,"valueName":"search_term_string"}}],"inLanguage":"pt-BR"},{"@type":"Person","@id":"https:\/\/www.correiobraziliense.com.br\/cbradar\/#\/schema\/person\/5440b72be9c7eb74f446c846479dc4da","name":"Patrick Silva","image":{"@type":"ImageObject","inLanguage":"pt-BR","@id":"https:\/\/www.correiobraziliense.com.br\/cbradar\/#\/schema\/person\/image\/","url":"https:\/\/secure.gravatar.com\/avatar\/944109df296fc087785c9715fd5f80b2?s=96&d=mm&r=g","contentUrl":"https:\/\/secure.gravatar.com\/avatar\/944109df296fc087785c9715fd5f80b2?s=96&d=mm&r=g","caption":"Patrick Silva"},"sameAs":["https:\/\/www.correiobraziliense.com.br\/cbradar\/"],"url":"https:\/\/www.correiobraziliense.com.br\/cbradar\/author\/patrick-silva\/"}]}},"_links":{"self":[{"href":"https:\/\/www.correiobraziliense.com.br\/cbradar\/wp-json\/wp\/v2\/posts\/234792","targetHints":{"allow":["GET"]}}],"collection":[{"href":"https:\/\/www.correiobraziliense.com.br\/cbradar\/wp-json\/wp\/v2\/posts"}],"about":[{"href":"https:\/\/www.correiobraziliense.com.br\/cbradar\/wp-json\/wp\/v2\/types\/post"}],"author":[{"embeddable":true,"href":"https:\/\/www.correiobraziliense.com.br\/cbradar\/wp-json\/wp\/v2\/users\/21"}],"replies":[{"embeddable":true,"href":"https:\/\/www.correiobraziliense.com.br\/cbradar\/wp-json\/wp\/v2\/comments?post=234792"}],"version-history":[{"count":1,"href":"https:\/\/www.correiobraziliense.com.br\/cbradar\/wp-json\/wp\/v2\/posts\/234792\/revisions"}],"predecessor-version":[{"id":234809,"href":"https:\/\/www.correiobraziliense.com.br\/cbradar\/wp-json\/wp\/v2\/posts\/234792\/revisions\/234809"}],"wp:featuredmedia":[{"embeddable":true,"href":"https:\/\/www.correiobraziliense.com.br\/cbradar\/wp-json\/wp\/v2\/media\/234808"}],"wp:attachment":[{"href":"https:\/\/www.correiobraziliense.com.br\/cbradar\/wp-json\/wp\/v2\/media?parent=234792"}],"wp:term":[{"taxonomy":"category","embeddable":true,"href":"https:\/\/www.correiobraziliense.com.br\/cbradar\/wp-json\/wp\/v2\/categories?post=234792"},{"taxonomy":"post_tag","embeddable":true,"href":"https:\/\/www.correiobraziliense.com.br\/cbradar\/wp-json\/wp\/v2\/tags?post=234792"}],"curies":[{"name":"wp","href":"https:\/\/api.w.org\/{rel}","templated":true}]}}