{"id":234811,"date":"2026-05-01T18:35:00","date_gmt":"2026-05-01T21:35:00","guid":{"rendered":"https:\/\/www.correiobraziliense.com.br\/cbradar\/?p=234811"},"modified":"2026-04-30T17:44:16","modified_gmt":"2026-04-30T20:44:16","slug":"por-que-a-rucula-e-essencial-para-fortalecer-o-organismo-e-aumentar-a-vitalidade","status":"publish","type":"post","link":"https:\/\/www.correiobraziliense.com.br\/cbradar\/por-que-a-rucula-e-essencial-para-fortalecer-o-organismo-e-aumentar-a-vitalidade\/","title":{"rendered":"Por que a r\u00facula \u00e9 essencial para fortalecer o organismo e aumentar a vitalidade"},"content":{"rendered":"\n<p>A r\u00facula \u00e9 uma hortali\u00e7a de sabor picante e marcante que conquistou espa\u00e7o nas mesas brasileiras pela sua versatilidade em saladas e pratos quentes. Al\u00e9m de conferir um toque especial \u00e0s receitas, esse vegetal carrega nutrientes valiosos que auxiliam no bom funcionamento do organismo humano. Consumir essas folhas verdes regularmente promove vitalidade e refor\u00e7a o equil\u00edbrio interno constante.<\/p>\n\n\n\n<h2 class=\"wp-block-heading\">Como a r\u00facula auxilia na sa\u00fade dos ossos?<\/h2>\n\n\n\n<p>A presen\u00e7a marcante de vitamina K nestas folhas verdes \u00e9 fundamental para garantir a fixa\u00e7\u00e3o correta do c\u00e1lcio na estrutura \u00f3ssea. Esse processo biol\u00f3gico evita o enfraquecimento das articula\u00e7\u00f5es e protege o corpo contra desgastes que ocorrem naturalmente com o passar do tempo. Manter n\u00edveis adequados deste nutriente \u00e9 essencial para preservar a mobilidade f\u00edsica sempre firme.<\/p>\n\n\n\n<p>Al\u00e9m disso, o vegetal fornece minerais que trabalham em conjunto para fortalecer os dentes e a base esquel\u00e9tica de forma equilibrada. Ter uma alimenta\u00e7\u00e3o rica em folhas escuras auxilia na regenera\u00e7\u00e3o dos tecidos internos e previne condi\u00e7\u00f5es que limitam as atividades di\u00e1rias comuns. Priorizar ingredientes naturais \u00e9 a estrat\u00e9gia ideal para manter a estrutura do organismo bastante resistente.<\/p>\n\n\n\n<figure class=\"wp-block-image size-full\"><img decoding=\"async\" width=\"1280\" height=\"720\" src=\"https:\/\/www.correiobraziliense.com.br\/cbradar\/wp-content\/uploads\/2026\/04\/imagem_2026-04-30_132950860-1.png\" alt=\"Por que a r\u00facula \u00e9 essencial para fortalecer o organismo e aumentar a vitalidade\" class=\"wp-image-234829\" srcset=\"https:\/\/www.correiobraziliense.com.br\/cbradar\/wp-content\/uploads\/2026\/04\/imagem_2026-04-30_132950860-1.png 1280w, https:\/\/www.correiobraziliense.com.br\/cbradar\/wp-content\/uploads\/2026\/04\/imagem_2026-04-30_132950860-1-300x169.png 300w, https:\/\/www.correiobraziliense.com.br\/cbradar\/wp-content\/uploads\/2026\/04\/imagem_2026-04-30_132950860-1-768x432.png 768w, https:\/\/www.correiobraziliense.com.br\/cbradar\/wp-content\/uploads\/2026\/04\/imagem_2026-04-30_132950860-1-750x422.png 750w, https:\/\/www.correiobraziliense.com.br\/cbradar\/wp-content\/uploads\/2026\/04\/imagem_2026-04-30_132950860-1-1140x641.png 1140w\" sizes=\"(max-width: 1280px) 100vw, 1280px\" \/><figcaption class=\"wp-element-caption\">Um vegetal nutritivo que fortalece o corpo, melhora a digest\u00e3o e contribui para a sa\u00fade do cora\u00e7\u00e3o<\/figcaption><\/figure>\n\n\n\n<h2 class=\"wp-block-heading\">Qual o papel deste vegetal no sistema imunol\u00f3gico?<\/h2>\n\n\n\n<p>Este alimento \u00e9 uma fonte excelente de antioxidantes que combatem agentes externos prejudiciais que tentam invadir o corpo humano diariamente. A ingest\u00e3o frequente estimula a produ\u00e7\u00e3o de c\u00e9lulas de defesa, garantindo que o organismo consiga reagir com agilidade diante de pequenas indisposi\u00e7\u00f5es f\u00edsicas. Manter o sistema imunit\u00e1rio fortalecido \u00e9 vital para garantir uma vida muito mais produtiva.<\/p>\n\n\n\n<p>A presen\u00e7a de vitamina C auxilia na neutraliza\u00e7\u00e3o de radicais livres que causam o estresse oxidativo nas c\u00e9lulas saud\u00e1veis do organismo. Quando as barreiras naturais est\u00e3o bem nutridas, a recupera\u00e7\u00e3o de tecidos ocorre de maneira veloz e eficiente em diferentes fases da exist\u00eancia. Uma nutri\u00e7\u00e3o baseada em vegetais frescos \u00e9 o alicerce para manter a sa\u00fade sempre protegida.<\/p>\n\n\n\n<h2 class=\"wp-block-heading\">Quais s\u00e3o os principais benef\u00edcios para a vis\u00e3o?<\/h2>\n\n\n\n<p>O consumo deste vegetal fornece pigmentos naturais que protegem a retina contra os danos provocados pela luz solar e telas eletr\u00f4nicas. Esses elementos auxiliam na manuten\u00e7\u00e3o da acuidade visual, evitando que o cansa\u00e7o dos olhos se torne um problema recorrente na rotina moderna. Cuidar dos olhos atrav\u00e9s da alimenta\u00e7\u00e3o \u00e9 um h\u00e1bito simples que traz resultados muito valiosos.<\/p>\n\n\n\n<p>Existem nutrientes espec\u00edficos que favorecem a nitidez visual:<\/p>\n\n\n\n<ul class=\"wp-block-list\">\n<li>Betacaroteno para prote\u00e7\u00e3o celular.<\/li>\n\n\n\n<li>Lute\u00edna contra degenera\u00e7\u00e3o macular.<\/li>\n\n\n\n<li>Zeaxantina para filtrar luzes.<\/li>\n\n\n\n<li>Vitamina A essencial para c\u00f3rneas.<\/li>\n<\/ul>\n\n\n\n<h2 class=\"wp-block-heading\">De que forma as fibras auxiliam na digest\u00e3o?<\/h2>\n\n\n\n<p>As fibras presentes nestas folhas estimulam o movimento natural do intestino, facilitando a elimina\u00e7\u00e3o de res\u00edduos de forma leve e regular. Esse processo evita a sensa\u00e7\u00e3o inc\u00f4moda de incha\u00e7o que surge ap\u00f3s refei\u00e7\u00f5es pesadas, promovendo um bem-estar f\u00edsico constante durante todo o dia. Ter um sistema digestivo eficiente \u00e9 fundamental para que o corpo absorva subst\u00e2ncias vitais plenamente.<\/p>\n\n\n\n<p>Al\u00e9m disso, o vegetal atua como um prebi\u00f3tico natural que alimenta as bact\u00e9rias boas respons\u00e1veis por manter a flora intestinal equilibrada. Quando o tr\u00e2nsito interno ocorre sem interrup\u00e7\u00f5es bruscas, o organismo consegue regular os n\u00edveis de a\u00e7\u00facar no sangue com muito mais facilidade. Priorizar escolhas conscientes na dieta garante que o metabolismo funcione de maneira est\u00e1vel e bastante equilibrada.<\/p>\n\n\n\n<p>No v\u00eddeo abaixo do canal no YouTube\u00a0<strong><em>Nutricionista Patricia Leite<\/em><\/strong>, a nutricionista Patr\u00edcia cita os benef\u00edcios e propriedades da r\u00facula, e ensina maneiras de usar corretamente, ela conta com mais de\u00a0<strong><em>8 milh\u00f5es de seguidores<\/em><\/strong>\u00a0e tr\u00e1s conte\u00fados sobre alimenta\u00e7\u00e3o e sa\u00fade:<\/p>\n\n\n\n<figure class=\"wp-block-embed is-type-video is-provider-youtube wp-block-embed-youtube wp-embed-aspect-16-9 wp-has-aspect-ratio\"><div class=\"wp-block-embed__wrapper\">\n<div class=\"jeg_video_container jeg_video_content\"><iframe loading=\"lazy\" title=\"Benef\u00edcios da R\u00facula - Para Que Serve e Como Usar [EMAGRECE?]\" width=\"500\" height=\"281\" src=\"https:\/\/www.youtube.com\/embed\/CSSpi7QUvew?list=PL-ktTVxBNcQYMRL3ksl8LZpAQonFn4ZH8\" frameborder=\"0\" allow=\"accelerometer; autoplay; clipboard-write; encrypted-media; gyroscope; picture-in-picture; web-share\" referrerpolicy=\"strict-origin-when-cross-origin\" allowfullscreen><\/iframe><\/div>\n<\/div><\/figure>\n\n\n\n<p>Leia tamb\u00e9m: <a href=\"https:\/\/www.correiobraziliense.com.br\/cbradar\/incluir-essa-fruta-na-rotina-pode-melhorar-sua-qualidade-de-vida-rapidamente\/\" target=\"_blank\" rel=\"noreferrer noopener\">Incluir essa fruta na rotina pode melhorar sua qualidade de vida rapidamente<\/a><\/p>\n\n\n\n<h2 class=\"wp-block-heading\">Como o vegetal contribui para a sa\u00fade do cora\u00e7\u00e3o?<\/h2>\n\n\n\n<p>O consumo regular auxilia na manuten\u00e7\u00e3o da elasticidade dos vasos sangu\u00edneos, permitindo que a circula\u00e7\u00e3o ocorra sem esfor\u00e7os excessivos para o m\u00fasculo card\u00edaco. Nutrientes espec\u00edficos ajudam a dilatar as art\u00e9rias, prevenindo picos de press\u00e3o que podem comprometer a integridade f\u00edsica em momentos de estresse. Cuidar do cora\u00e7\u00e3o atrav\u00e9s de alimentos frescos \u00e9 uma estrat\u00e9gia inteligente para todos.<\/p>\n\n\n\n<p>A presen\u00e7a de nitratos naturais favorece a oxigena\u00e7\u00e3o dos tecidos e melhora a resist\u00eancia cardiovascular durante a pr\u00e1tica de exerc\u00edcios f\u00edsicos cotidianos. \u00d3rg\u00e3os internacionais como o <strong><a href=\"https:\/\/www.ncbi.nlm.nih.gov\" target=\"_blank\" rel=\"noreferrer noopener\">National Institutes of Health<\/a><\/strong> refor\u00e7am que dietas ricas em folhas verdes s\u00e3o essenciais para evitar problemas cr\u00f4nicos. Investir em h\u00e1bitos alimentares saud\u00e1veis garante que o sistema circulat\u00f3rio funcione plenamente em todas as fases.<\/p>\n","protected":false},"excerpt":{"rendered":"<p>A r\u00facula \u00e9 uma hortali\u00e7a de sabor picante e marcante que conquistou espa\u00e7o nas mesas brasileiras pela sua versatilidade em saladas e pratos quentes. Al\u00e9m de conferir um toque especial \u00e0s receitas, esse vegetal carrega nutrientes valiosos que auxiliam no bom funcionamento do organismo humano. Consumir essas folhas verdes regularmente promove vitalidade e refor\u00e7a o [&hellip;]<\/p>\n","protected":false},"author":21,"featured_media":234830,"comment_status":"open","ping_status":"open","sticky":false,"template":"","format":"standard","meta":{"_yoast_wpseo_focuskw":"benef\u00edcios da r\u00facula","_yoast_wpseo_title":"","_yoast_wpseo_metadesc":"Com sabor marcante, esse vegetal oferece nutrientes que fortalecem o corpo e melhoram fun\u00e7\u00f5es essenciais do organismo","jnews-multi-image_gallery":[],"jnews_single_post":{"format":"standard"},"jnews_primary_category":[],"jnews_social_meta":[],"jnews_override_counter":[],"footnotes":""},"categories":[119],"tags":[2643,2428,11388],"class_list":["post-234811","post","type-post","status-publish","format-standard","has-post-thumbnail","hentry","category-bem-estar","tag-organismo","tag-rucula","tag-vitalidade"],"yoast_head":"<!-- This site is optimized with the Yoast SEO plugin v24.6 - https:\/\/yoast.com\/wordpress\/plugins\/seo\/ -->\n<title>Por que a r\u00facula \u00e9 essencial para fortalecer o organismo e aumentar a vitalidade - Correio Braziliense - Radar<\/title>\n<meta name=\"description\" content=\"Com sabor marcante, esse vegetal oferece nutrientes que fortalecem o corpo e melhoram fun\u00e7\u00f5es essenciais do organismo\" \/>\n<meta name=\"robots\" content=\"index, follow, max-snippet:-1, max-image-preview:large, max-video-preview:-1\" \/>\n<link rel=\"canonical\" href=\"https:\/\/www.correiobraziliense.com.br\/cbradar\/por-que-a-rucula-e-essencial-para-fortalecer-o-organismo-e-aumentar-a-vitalidade\/\" \/>\n<meta property=\"og:locale\" content=\"pt_BR\" \/>\n<meta property=\"og:type\" content=\"article\" \/>\n<meta property=\"og:title\" content=\"Por que a r\u00facula \u00e9 essencial para fortalecer o organismo e aumentar a vitalidade - Correio Braziliense - Radar\" \/>\n<meta property=\"og:description\" content=\"Com sabor marcante, esse vegetal oferece nutrientes que fortalecem o corpo e melhoram fun\u00e7\u00f5es essenciais do organismo\" \/>\n<meta property=\"og:url\" content=\"https:\/\/www.correiobraziliense.com.br\/cbradar\/por-que-a-rucula-e-essencial-para-fortalecer-o-organismo-e-aumentar-a-vitalidade\/\" \/>\n<meta property=\"og:site_name\" content=\"Correio Braziliense - Radar\" \/>\n<meta property=\"article:published_time\" content=\"2026-05-01T21:35:00+00:00\" \/>\n<meta property=\"og:image\" content=\"https:\/\/www.correiobraziliense.com.br\/cbradar\/wp-content\/uploads\/2026\/04\/Gemini_Generated_Image_a9iibsa9iibsa9ii-1-1.png\" \/>\n\t<meta property=\"og:image:width\" content=\"1280\" \/>\n\t<meta property=\"og:image:height\" content=\"720\" \/>\n\t<meta property=\"og:image:type\" content=\"image\/png\" \/>\n<meta name=\"author\" content=\"Patrick Silva\" \/>\n<meta name=\"twitter:card\" content=\"summary_large_image\" \/>\n<meta name=\"twitter:label1\" content=\"Escrito por\" \/>\n\t<meta name=\"twitter:data1\" content=\"Patrick Silva\" \/>\n\t<meta name=\"twitter:label2\" content=\"Est. tempo de leitura\" \/>\n\t<meta name=\"twitter:data2\" content=\"5 minutos\" \/>\n<!-- \/ Yoast SEO plugin. -->","yoast_head_json":{"title":"Por que a r\u00facula \u00e9 essencial para fortalecer o organismo e aumentar a vitalidade - Correio Braziliense - Radar","description":"Com sabor marcante, esse vegetal oferece nutrientes que fortalecem o corpo e melhoram fun\u00e7\u00f5es essenciais do organismo","robots":{"index":"index","follow":"follow","max-snippet":"max-snippet:-1","max-image-preview":"max-image-preview:large","max-video-preview":"max-video-preview:-1"},"canonical":"https:\/\/www.correiobraziliense.com.br\/cbradar\/por-que-a-rucula-e-essencial-para-fortalecer-o-organismo-e-aumentar-a-vitalidade\/","og_locale":"pt_BR","og_type":"article","og_title":"Por que a r\u00facula \u00e9 essencial para fortalecer o organismo e aumentar a vitalidade - Correio Braziliense - Radar","og_description":"Com sabor marcante, esse vegetal oferece nutrientes que fortalecem o corpo e melhoram fun\u00e7\u00f5es essenciais do organismo","og_url":"https:\/\/www.correiobraziliense.com.br\/cbradar\/por-que-a-rucula-e-essencial-para-fortalecer-o-organismo-e-aumentar-a-vitalidade\/","og_site_name":"Correio Braziliense - Radar","article_published_time":"2026-05-01T21:35:00+00:00","og_image":[{"width":1280,"height":720,"url":"https:\/\/www.correiobraziliense.com.br\/cbradar\/wp-content\/uploads\/2026\/04\/Gemini_Generated_Image_a9iibsa9iibsa9ii-1-1.png","type":"image\/png"}],"author":"Patrick Silva","twitter_card":"summary_large_image","twitter_misc":{"Escrito por":"Patrick Silva","Est. tempo de leitura":"5 minutos"},"schema":{"@context":"https:\/\/schema.org","@graph":[{"@type":"WebPage","@id":"https:\/\/www.correiobraziliense.com.br\/cbradar\/por-que-a-rucula-e-essencial-para-fortalecer-o-organismo-e-aumentar-a-vitalidade\/","url":"https:\/\/www.correiobraziliense.com.br\/cbradar\/por-que-a-rucula-e-essencial-para-fortalecer-o-organismo-e-aumentar-a-vitalidade\/","name":"Por que a r\u00facula \u00e9 essencial para fortalecer o organismo e aumentar a vitalidade - Correio Braziliense - Radar","isPartOf":{"@id":"https:\/\/www.correiobraziliense.com.br\/cbradar\/#website"},"primaryImageOfPage":{"@id":"https:\/\/www.correiobraziliense.com.br\/cbradar\/por-que-a-rucula-e-essencial-para-fortalecer-o-organismo-e-aumentar-a-vitalidade\/#primaryimage"},"image":{"@id":"https:\/\/www.correiobraziliense.com.br\/cbradar\/por-que-a-rucula-e-essencial-para-fortalecer-o-organismo-e-aumentar-a-vitalidade\/#primaryimage"},"thumbnailUrl":"https:\/\/www.correiobraziliense.com.br\/cbradar\/wp-content\/uploads\/2026\/04\/Gemini_Generated_Image_a9iibsa9iibsa9ii-1-1.png","datePublished":"2026-05-01T21:35:00+00:00","author":{"@id":"https:\/\/www.correiobraziliense.com.br\/cbradar\/#\/schema\/person\/5440b72be9c7eb74f446c846479dc4da"},"description":"Com sabor marcante, esse vegetal oferece nutrientes que fortalecem o corpo e melhoram fun\u00e7\u00f5es essenciais do organismo","breadcrumb":{"@id":"https:\/\/www.correiobraziliense.com.br\/cbradar\/por-que-a-rucula-e-essencial-para-fortalecer-o-organismo-e-aumentar-a-vitalidade\/#breadcrumb"},"inLanguage":"pt-BR","potentialAction":[{"@type":"ReadAction","target":["https:\/\/www.correiobraziliense.com.br\/cbradar\/por-que-a-rucula-e-essencial-para-fortalecer-o-organismo-e-aumentar-a-vitalidade\/"]}]},{"@type":"ImageObject","inLanguage":"pt-BR","@id":"https:\/\/www.correiobraziliense.com.br\/cbradar\/por-que-a-rucula-e-essencial-para-fortalecer-o-organismo-e-aumentar-a-vitalidade\/#primaryimage","url":"https:\/\/www.correiobraziliense.com.br\/cbradar\/wp-content\/uploads\/2026\/04\/Gemini_Generated_Image_a9iibsa9iibsa9ii-1-1.png","contentUrl":"https:\/\/www.correiobraziliense.com.br\/cbradar\/wp-content\/uploads\/2026\/04\/Gemini_Generated_Image_a9iibsa9iibsa9ii-1-1.png","width":1280,"height":720,"caption":"Um vegetal nutritivo que fortalece o corpo, melhora a digest\u00e3o e contribui para a sa\u00fade do cora\u00e7\u00e3o"},{"@type":"BreadcrumbList","@id":"https:\/\/www.correiobraziliense.com.br\/cbradar\/por-que-a-rucula-e-essencial-para-fortalecer-o-organismo-e-aumentar-a-vitalidade\/#breadcrumb","itemListElement":[{"@type":"ListItem","position":1,"name":"In\u00edcio","item":"https:\/\/www.correiobraziliense.com.br\/cbradar\/"},{"@type":"ListItem","position":2,"name":"Por que a r\u00facula \u00e9 essencial para fortalecer o organismo e aumentar a vitalidade"}]},{"@type":"WebSite","@id":"https:\/\/www.correiobraziliense.com.br\/cbradar\/#website","url":"https:\/\/www.correiobraziliense.com.br\/cbradar\/","name":"Correio Braziliense - Radar","description":"Acompanhe as \u00faltimas not\u00edcias e fique bem informado sobre tudo o que acontece no Brasil e no mundo.","potentialAction":[{"@type":"SearchAction","target":{"@type":"EntryPoint","urlTemplate":"https:\/\/www.correiobraziliense.com.br\/cbradar\/?s={search_term_string}"},"query-input":{"@type":"PropertyValueSpecification","valueRequired":true,"valueName":"search_term_string"}}],"inLanguage":"pt-BR"},{"@type":"Person","@id":"https:\/\/www.correiobraziliense.com.br\/cbradar\/#\/schema\/person\/5440b72be9c7eb74f446c846479dc4da","name":"Patrick Silva","image":{"@type":"ImageObject","inLanguage":"pt-BR","@id":"https:\/\/www.correiobraziliense.com.br\/cbradar\/#\/schema\/person\/image\/","url":"https:\/\/secure.gravatar.com\/avatar\/944109df296fc087785c9715fd5f80b2?s=96&d=mm&r=g","contentUrl":"https:\/\/secure.gravatar.com\/avatar\/944109df296fc087785c9715fd5f80b2?s=96&d=mm&r=g","caption":"Patrick Silva"},"sameAs":["https:\/\/www.correiobraziliense.com.br\/cbradar\/"],"url":"https:\/\/www.correiobraziliense.com.br\/cbradar\/author\/patrick-silva\/"}]}},"_links":{"self":[{"href":"https:\/\/www.correiobraziliense.com.br\/cbradar\/wp-json\/wp\/v2\/posts\/234811","targetHints":{"allow":["GET"]}}],"collection":[{"href":"https:\/\/www.correiobraziliense.com.br\/cbradar\/wp-json\/wp\/v2\/posts"}],"about":[{"href":"https:\/\/www.correiobraziliense.com.br\/cbradar\/wp-json\/wp\/v2\/types\/post"}],"author":[{"embeddable":true,"href":"https:\/\/www.correiobraziliense.com.br\/cbradar\/wp-json\/wp\/v2\/users\/21"}],"replies":[{"embeddable":true,"href":"https:\/\/www.correiobraziliense.com.br\/cbradar\/wp-json\/wp\/v2\/comments?post=234811"}],"version-history":[{"count":1,"href":"https:\/\/www.correiobraziliense.com.br\/cbradar\/wp-json\/wp\/v2\/posts\/234811\/revisions"}],"predecessor-version":[{"id":234831,"href":"https:\/\/www.correiobraziliense.com.br\/cbradar\/wp-json\/wp\/v2\/posts\/234811\/revisions\/234831"}],"wp:featuredmedia":[{"embeddable":true,"href":"https:\/\/www.correiobraziliense.com.br\/cbradar\/wp-json\/wp\/v2\/media\/234830"}],"wp:attachment":[{"href":"https:\/\/www.correiobraziliense.com.br\/cbradar\/wp-json\/wp\/v2\/media?parent=234811"}],"wp:term":[{"taxonomy":"category","embeddable":true,"href":"https:\/\/www.correiobraziliense.com.br\/cbradar\/wp-json\/wp\/v2\/categories?post=234811"},{"taxonomy":"post_tag","embeddable":true,"href":"https:\/\/www.correiobraziliense.com.br\/cbradar\/wp-json\/wp\/v2\/tags?post=234811"}],"curies":[{"name":"wp","href":"https:\/\/api.w.org\/{rel}","templated":true}]}}