{"id":234816,"date":"2026-05-01T01:30:00","date_gmt":"2026-05-01T04:30:00","guid":{"rendered":"https:\/\/www.correiobraziliense.com.br\/cbradar\/?p=234816"},"modified":"2026-04-30T12:56:38","modified_gmt":"2026-04-30T15:56:38","slug":"o-que-acontece-com-o-metabolismo-e-o-figado-de-quem-troca-agua-por-energetico-ao-longo-da-semana","status":"publish","type":"post","link":"https:\/\/www.correiobraziliense.com.br\/cbradar\/o-que-acontece-com-o-metabolismo-e-o-figado-de-quem-troca-agua-por-energetico-ao-longo-da-semana\/","title":{"rendered":"O que acontece com o metabolismo e o f\u00edgado de quem troca \u00e1gua por energ\u00e9tico ao longo da semana"},"content":{"rendered":"\n<p>Substituir o consumo essencial de \u00e1gua por bebidas energ\u00e9ticas de forma frequente acarreta s\u00e9rios riscos para a sa\u00fade f\u00edsica interna. O excesso de cafe\u00edna e a\u00e7\u00facares sobrecarrega \u00f3rg\u00e3os vitais, alterando o funcionamento metab\u00f3lico natural do corpo humano. Compreender os efeitos colaterais desse h\u00e1bito ajuda a evitar danos cr\u00f4nicos que podem comprometer sua longevidade.<\/p>\n\n\n\n<h2 class=\"wp-block-heading\">Por que o metabolismo entra em colapso com o excesso de estimulantes?<\/h2>\n\n\n\n<p>A ingest\u00e3o cont\u00ednua de altas doses de cafe\u00edna provoca uma acelera\u00e7\u00e3o artificial do ritmo card\u00edaco e da press\u00e3o arterial sist\u00eamica. Esse estado de alerta constante impede que o organismo realize suas fun\u00e7\u00f5es de reparo celular b\u00e1sicas durante os per\u00edodos de repouso. O metabolismo torna-se ineficiente, resultando em uma fadiga cr\u00f4nica mascarada por picos tempor\u00e1rios de energia qu\u00edmica pura.<\/p>\n\n\n\n<p>O corpo humano processa o a\u00e7\u00facar refinado presente nessas bebidas de forma extremamente r\u00e1pida, gerando picos perigosos de insulina no sangue. Com o tempo, essa sobrecarga pode levar \u00e0 resist\u00eancia insul\u00ednica, dificultando a queima natural de gorduras e favorecendo o ganho de peso. A <strong>estabilidade metab\u00f3lica<\/strong> depende diretamente da hidrata\u00e7\u00e3o correta que apenas a \u00e1gua pura consegue fornecer.<\/p>\n\n\n\n<figure class=\"wp-block-image size-full\"><img decoding=\"async\" width=\"1280\" height=\"720\" src=\"https:\/\/www.correiobraziliense.com.br\/cbradar\/wp-content\/uploads\/2026\/05\/Gemini_Generated_Image_xds4epxds4epxds4-1-1.png\" alt=\"O que acontece com o metabolismo e o f\u00edgado de quem troca \u00e1gua por energ\u00e9tico ao longo da semana\" class=\"wp-image-234821\" srcset=\"https:\/\/www.correiobraziliense.com.br\/cbradar\/wp-content\/uploads\/2026\/05\/Gemini_Generated_Image_xds4epxds4epxds4-1-1.png 1280w, https:\/\/www.correiobraziliense.com.br\/cbradar\/wp-content\/uploads\/2026\/05\/Gemini_Generated_Image_xds4epxds4epxds4-1-1-300x169.png 300w, https:\/\/www.correiobraziliense.com.br\/cbradar\/wp-content\/uploads\/2026\/05\/Gemini_Generated_Image_xds4epxds4epxds4-1-1-768x432.png 768w, https:\/\/www.correiobraziliense.com.br\/cbradar\/wp-content\/uploads\/2026\/05\/Gemini_Generated_Image_xds4epxds4epxds4-1-1-750x422.png 750w, https:\/\/www.correiobraziliense.com.br\/cbradar\/wp-content\/uploads\/2026\/05\/Gemini_Generated_Image_xds4epxds4epxds4-1-1-1140x641.png 1140w\" sizes=\"(max-width: 1280px) 100vw, 1280px\" \/><figcaption class=\"wp-element-caption\">Trocar \u00e1gua por energ\u00e9tico pode afetar seu corpo mais do que voc\u00ea imagina<\/figcaption><\/figure>\n\n\n\n<h2 class=\"wp-block-heading\">Qual o pre\u00e7o que o f\u00edgado paga pela filtragem desses compostos qu\u00edmicos?<\/h2>\n\n\n\n<p>O <strong><a href=\"https:\/\/www.correiobraziliense.com.br\/cbradar\/medicos-explicam-o-que-muda-entre-a-pipoca-caseira-e-a-de-micro-ondas-para-o-coracao-e-o-figado\/\" target=\"_blank\" rel=\"noreferrer noopener\">f\u00edgado <\/a><\/strong>trabalha arduamente para metabolizar corantes, conservantes e subst\u00e2ncias sint\u00e9ticas presentes na composi\u00e7\u00e3o b\u00e1sica de quase todos os energ\u00e9ticos modernos. Quando a \u00e1gua \u00e9 removida da dieta, o \u00f3rg\u00e3o perde seu principal solvente natural, dificultando a elimina\u00e7\u00e3o eficiente de toxinas acumuladas. Esse processo de filtragem for\u00e7ada gera uma inflama\u00e7\u00e3o silenciosa que prejudica as c\u00e9lulas hep\u00e1ticas saud\u00e1veis.<\/p>\n\n\n\n<p>A concentra\u00e7\u00e3o excessiva de niacina e outras vitaminas do complexo B pode causar toxicidade hep\u00e1tica severa se consumida sem modera\u00e7\u00e3o. Casos cl\u00ednicos demonstram que o consumo abusivo dessas bebidas est\u00e1 ligado ao desenvolvimento de hepatites n\u00e3o virais e danos permanentes. Proteger o f\u00edgado exige um equil\u00edbrio h\u00eddrico que sustente a <strong>limpeza biol\u00f3gica necess\u00e1ria<\/strong> para o bom funcionamento org\u00e2nico.<\/p>\n\n\n\n<h2 class=\"wp-block-heading\">Como a desidrata\u00e7\u00e3o celular afeta o desempenho das fun\u00e7\u00f5es org\u00e2nicas?<\/h2>\n\n\n\n<p>Trocar \u00e1gua por energ\u00e9tico causa uma desidrata\u00e7\u00e3o paradoxal, pois a cafe\u00edna possui propriedades diur\u00e9ticas que aumentam a perda de l\u00edquidos essenciais. As c\u00e9lulas perdem a capacidade de realizar trocas nutricionais b\u00e1sicas, prejudicando a digest\u00e3o e a sa\u00fade da pele de forma vis\u00edvel. <\/p>\n\n\n\n<p>Manter o corpo hidratado \u00e9 a \u00fanica forma de garantir que o <strong>sangue circule livremente<\/strong>:<\/p>\n\n\n\n<ul class=\"wp-block-list\">\n<li>Aumento s\u00fabito da irritabilidade e ansiedade di\u00e1ria.<\/li>\n\n\n\n<li>Surgimento de arritmias card\u00edacas leves ou moderadas.<\/li>\n\n\n\n<li>Dificuldade extrema para atingir o sono profundo.<\/li>\n\n\n\n<li>Aparecimento frequente de dores de cabe\u00e7a intensas.<\/li>\n<\/ul>\n\n\n\n<h2 class=\"wp-block-heading\">Por que os rins sofrem tanto com essa troca inadequada de l\u00edquidos?<\/h2>\n\n\n\n<p>Os rins precisam de grandes quantidades de \u00e1gua pura para filtrar o sangue e expelir os subprodutos do metabolismo acelerado. Sem a hidrata\u00e7\u00e3o adequada, o \u00e1cido \u00farico e outros minerais concentram-se perigosamente, aumentando o risco de forma\u00e7\u00e3o de c\u00e1lculos renais dolorosos. A <strong>sa\u00fade renal<\/strong> \u00e9 diretamente impactada pela qualidade do fluido que voc\u00ea escolhe ingerir regularmente.<\/p>\n\n\n\n<p>A sobrecarga de eletr\u00f3litos e taurina exige um esfor\u00e7o renal desproporcional para manter o equil\u00edbrio eletrol\u00edtico do plasma sangu\u00edneo est\u00e1vel. O consumo frequente dessas bebidas acidifica a urina, o que pode causar irrita\u00e7\u00f5es cr\u00f4nicas no trato urin\u00e1rio inferior. Priorizar a ingest\u00e3o de \u00e1gua \u00e9 fundamental para garantir que o sistema excretor funcione sem interrup\u00e7\u00f5es ou complica\u00e7\u00f5es cl\u00ednicas.<\/p>\n\n\n\n<figure class=\"wp-block-image size-full\"><img decoding=\"async\" width=\"1280\" height=\"720\" src=\"https:\/\/www.correiobraziliense.com.br\/cbradar\/wp-content\/uploads\/2026\/05\/Gemini_Generated_Image_4z5twu4z5twu4z5t-1-1.png\" alt=\"O que acontece com o metabolismo e o f\u00edgado de quem troca \u00e1gua por energ\u00e9tico ao longo da semana\" class=\"wp-image-234822\" srcset=\"https:\/\/www.correiobraziliense.com.br\/cbradar\/wp-content\/uploads\/2026\/05\/Gemini_Generated_Image_4z5twu4z5twu4z5t-1-1.png 1280w, https:\/\/www.correiobraziliense.com.br\/cbradar\/wp-content\/uploads\/2026\/05\/Gemini_Generated_Image_4z5twu4z5twu4z5t-1-1-300x169.png 300w, https:\/\/www.correiobraziliense.com.br\/cbradar\/wp-content\/uploads\/2026\/05\/Gemini_Generated_Image_4z5twu4z5twu4z5t-1-1-768x432.png 768w, https:\/\/www.correiobraziliense.com.br\/cbradar\/wp-content\/uploads\/2026\/05\/Gemini_Generated_Image_4z5twu4z5twu4z5t-1-1-750x422.png 750w, https:\/\/www.correiobraziliense.com.br\/cbradar\/wp-content\/uploads\/2026\/05\/Gemini_Generated_Image_4z5twu4z5twu4z5t-1-1-1140x641.png 1140w\" sizes=\"(max-width: 1280px) 100vw, 1280px\" \/><figcaption class=\"wp-element-caption\">Trocar \u00e1gua por energ\u00e9tico pode afetar seu corpo mais do que voc\u00ea imagina<\/figcaption><\/figure>\n\n\n\n<h2 class=\"wp-block-heading\">Existe um limite seguro para o consumo de bebidas energ\u00e9ticas?<\/h2>\n\n\n\n<p>Especialistas recomendam que o consumo de energ\u00e9ticos seja apenas ocasional e nunca substitua a ingest\u00e3o obrigat\u00f3ria de \u00e1gua mineral natural. O limite seguro depende da toler\u00e2ncia individual \u00e0 cafe\u00edna, mas o excesso di\u00e1rio \u00e9 sempre desencorajado por profissionais de sa\u00fade. Monitorar as rea\u00e7\u00f5es do pr\u00f3prio corpo \u00e9 um passo essencial para evitar o desenvolvimento de <strong>depend\u00eancia qu\u00edmica severa<\/strong>.<\/p>\n\n\n\n<p>Segundo a <strong>National Library of Medicine<\/strong>, o consumo excessivo de energ\u00e9ticos est\u00e1 associado a problemas hep\u00e1ticos agudos e altera\u00e7\u00f5es perigosas na press\u00e3o arterial. A falta de hidrata\u00e7\u00e3o adequada potencializa os efeitos t\u00f3xicos desses compostos no f\u00edgado humano. Para compreender os riscos cl\u00ednicos detalhados, acesse os dados oficiais sobre os <a target=\"_blank\" rel=\"noreferrer noopener\" href=\"https:\/\/www.ncbi.nlm.nih.gov\/books\/NBK548404\/\">efeitos de bebidas energ\u00e9ticas no f\u00edgado<\/a> no portal desta autoridade mundial.<\/p>\n","protected":false},"excerpt":{"rendered":"<p>Substituir o consumo essencial de \u00e1gua por bebidas energ\u00e9ticas de forma frequente acarreta s\u00e9rios riscos para a sa\u00fade f\u00edsica interna. O excesso de cafe\u00edna e a\u00e7\u00facares sobrecarrega \u00f3rg\u00e3os vitais, alterando o funcionamento metab\u00f3lico natural do corpo humano. Compreender os efeitos colaterais desse h\u00e1bito ajuda a evitar danos cr\u00f4nicos que podem comprometer sua longevidade. Por que [&hellip;]<\/p>\n","protected":false},"author":21,"featured_media":234820,"comment_status":"open","ping_status":"open","sticky":false,"template":"","format":"standard","meta":{"_yoast_wpseo_focuskw":"energ\u00e9tico no lugar da \u00e1gua faz mal","_yoast_wpseo_title":"","_yoast_wpseo_metadesc":"Trocar \u00e1gua por energ\u00e9tico pode afetar \u00f3rg\u00e3os vitais. O consumo frequente altera o metabolismo e provoca efeitos silenciosos no corpo.","jnews-multi-image_gallery":[],"jnews_single_post":{"format":"standard"},"jnews_primary_category":[],"jnews_social_meta":[],"jnews_override_counter":[],"footnotes":""},"categories":[119,4404],"tags":[],"class_list":["post-234816","post","type-post","status-publish","format-standard","has-post-thumbnail","hentry","category-bem-estar","category-saude"],"yoast_head":"<!-- This site is optimized with the Yoast SEO plugin v24.6 - https:\/\/yoast.com\/wordpress\/plugins\/seo\/ -->\n<title>O que acontece com o metabolismo e o f\u00edgado de quem troca \u00e1gua por energ\u00e9tico ao longo da semana - Correio Braziliense - Radar<\/title>\n<meta name=\"description\" content=\"Trocar \u00e1gua por energ\u00e9tico pode afetar \u00f3rg\u00e3os vitais. O consumo frequente altera o metabolismo e provoca efeitos silenciosos no corpo.\" \/>\n<meta name=\"robots\" content=\"index, follow, max-snippet:-1, max-image-preview:large, max-video-preview:-1\" \/>\n<link rel=\"canonical\" href=\"https:\/\/www.correiobraziliense.com.br\/cbradar\/o-que-acontece-com-o-metabolismo-e-o-figado-de-quem-troca-agua-por-energetico-ao-longo-da-semana\/\" \/>\n<meta property=\"og:locale\" content=\"pt_BR\" \/>\n<meta property=\"og:type\" content=\"article\" \/>\n<meta property=\"og:title\" content=\"O que acontece com o metabolismo e o f\u00edgado de quem troca \u00e1gua por energ\u00e9tico ao longo da semana - Correio Braziliense - Radar\" \/>\n<meta property=\"og:description\" content=\"Trocar \u00e1gua por energ\u00e9tico pode afetar \u00f3rg\u00e3os vitais. O consumo frequente altera o metabolismo e provoca efeitos silenciosos no corpo.\" \/>\n<meta property=\"og:url\" content=\"https:\/\/www.correiobraziliense.com.br\/cbradar\/o-que-acontece-com-o-metabolismo-e-o-figado-de-quem-troca-agua-por-energetico-ao-longo-da-semana\/\" \/>\n<meta property=\"og:site_name\" content=\"Correio Braziliense - Radar\" \/>\n<meta property=\"article:published_time\" content=\"2026-05-01T04:30:00+00:00\" \/>\n<meta property=\"og:image\" content=\"https:\/\/www.correiobraziliense.com.br\/cbradar\/wp-content\/uploads\/2026\/05\/Gemini_Generated_Image_bnai4ebnai4ebnai-1-1.png\" \/>\n\t<meta property=\"og:image:width\" content=\"1280\" \/>\n\t<meta property=\"og:image:height\" content=\"720\" \/>\n\t<meta property=\"og:image:type\" content=\"image\/png\" \/>\n<meta name=\"author\" content=\"Patrick Silva\" \/>\n<meta name=\"twitter:card\" content=\"summary_large_image\" \/>\n<meta name=\"twitter:label1\" content=\"Escrito por\" \/>\n\t<meta name=\"twitter:data1\" content=\"Patrick Silva\" \/>\n\t<meta name=\"twitter:label2\" content=\"Est. tempo de leitura\" \/>\n\t<meta name=\"twitter:data2\" content=\"5 minutos\" \/>\n<!-- \/ Yoast SEO plugin. -->","yoast_head_json":{"title":"O que acontece com o metabolismo e o f\u00edgado de quem troca \u00e1gua por energ\u00e9tico ao longo da semana - Correio Braziliense - Radar","description":"Trocar \u00e1gua por energ\u00e9tico pode afetar \u00f3rg\u00e3os vitais. O consumo frequente altera o metabolismo e provoca efeitos silenciosos no corpo.","robots":{"index":"index","follow":"follow","max-snippet":"max-snippet:-1","max-image-preview":"max-image-preview:large","max-video-preview":"max-video-preview:-1"},"canonical":"https:\/\/www.correiobraziliense.com.br\/cbradar\/o-que-acontece-com-o-metabolismo-e-o-figado-de-quem-troca-agua-por-energetico-ao-longo-da-semana\/","og_locale":"pt_BR","og_type":"article","og_title":"O que acontece com o metabolismo e o f\u00edgado de quem troca \u00e1gua por energ\u00e9tico ao longo da semana - Correio Braziliense - Radar","og_description":"Trocar \u00e1gua por energ\u00e9tico pode afetar \u00f3rg\u00e3os vitais. O consumo frequente altera o metabolismo e provoca efeitos silenciosos no corpo.","og_url":"https:\/\/www.correiobraziliense.com.br\/cbradar\/o-que-acontece-com-o-metabolismo-e-o-figado-de-quem-troca-agua-por-energetico-ao-longo-da-semana\/","og_site_name":"Correio Braziliense - Radar","article_published_time":"2026-05-01T04:30:00+00:00","og_image":[{"width":1280,"height":720,"url":"https:\/\/www.correiobraziliense.com.br\/cbradar\/wp-content\/uploads\/2026\/05\/Gemini_Generated_Image_bnai4ebnai4ebnai-1-1.png","type":"image\/png"}],"author":"Patrick Silva","twitter_card":"summary_large_image","twitter_misc":{"Escrito por":"Patrick Silva","Est. tempo de leitura":"5 minutos"},"schema":{"@context":"https:\/\/schema.org","@graph":[{"@type":"WebPage","@id":"https:\/\/www.correiobraziliense.com.br\/cbradar\/o-que-acontece-com-o-metabolismo-e-o-figado-de-quem-troca-agua-por-energetico-ao-longo-da-semana\/","url":"https:\/\/www.correiobraziliense.com.br\/cbradar\/o-que-acontece-com-o-metabolismo-e-o-figado-de-quem-troca-agua-por-energetico-ao-longo-da-semana\/","name":"O que acontece com o metabolismo e o f\u00edgado de quem troca \u00e1gua por energ\u00e9tico ao longo da semana - Correio Braziliense - Radar","isPartOf":{"@id":"https:\/\/www.correiobraziliense.com.br\/cbradar\/#website"},"primaryImageOfPage":{"@id":"https:\/\/www.correiobraziliense.com.br\/cbradar\/o-que-acontece-com-o-metabolismo-e-o-figado-de-quem-troca-agua-por-energetico-ao-longo-da-semana\/#primaryimage"},"image":{"@id":"https:\/\/www.correiobraziliense.com.br\/cbradar\/o-que-acontece-com-o-metabolismo-e-o-figado-de-quem-troca-agua-por-energetico-ao-longo-da-semana\/#primaryimage"},"thumbnailUrl":"https:\/\/www.correiobraziliense.com.br\/cbradar\/wp-content\/uploads\/2026\/05\/Gemini_Generated_Image_bnai4ebnai4ebnai-1-1.png","datePublished":"2026-05-01T04:30:00+00:00","author":{"@id":"https:\/\/www.correiobraziliense.com.br\/cbradar\/#\/schema\/person\/5440b72be9c7eb74f446c846479dc4da"},"description":"Trocar \u00e1gua por energ\u00e9tico pode afetar \u00f3rg\u00e3os vitais. O consumo frequente altera o metabolismo e provoca efeitos silenciosos no corpo.","breadcrumb":{"@id":"https:\/\/www.correiobraziliense.com.br\/cbradar\/o-que-acontece-com-o-metabolismo-e-o-figado-de-quem-troca-agua-por-energetico-ao-longo-da-semana\/#breadcrumb"},"inLanguage":"pt-BR","potentialAction":[{"@type":"ReadAction","target":["https:\/\/www.correiobraziliense.com.br\/cbradar\/o-que-acontece-com-o-metabolismo-e-o-figado-de-quem-troca-agua-por-energetico-ao-longo-da-semana\/"]}]},{"@type":"ImageObject","inLanguage":"pt-BR","@id":"https:\/\/www.correiobraziliense.com.br\/cbradar\/o-que-acontece-com-o-metabolismo-e-o-figado-de-quem-troca-agua-por-energetico-ao-longo-da-semana\/#primaryimage","url":"https:\/\/www.correiobraziliense.com.br\/cbradar\/wp-content\/uploads\/2026\/05\/Gemini_Generated_Image_bnai4ebnai4ebnai-1-1.png","contentUrl":"https:\/\/www.correiobraziliense.com.br\/cbradar\/wp-content\/uploads\/2026\/05\/Gemini_Generated_Image_bnai4ebnai4ebnai-1-1.png","width":1280,"height":720,"caption":"Trocar \u00e1gua por energ\u00e9tico pode afetar seu corpo mais do que voc\u00ea imagina"},{"@type":"BreadcrumbList","@id":"https:\/\/www.correiobraziliense.com.br\/cbradar\/o-que-acontece-com-o-metabolismo-e-o-figado-de-quem-troca-agua-por-energetico-ao-longo-da-semana\/#breadcrumb","itemListElement":[{"@type":"ListItem","position":1,"name":"In\u00edcio","item":"https:\/\/www.correiobraziliense.com.br\/cbradar\/"},{"@type":"ListItem","position":2,"name":"O que acontece com o metabolismo e o f\u00edgado de quem troca \u00e1gua por energ\u00e9tico ao longo da semana"}]},{"@type":"WebSite","@id":"https:\/\/www.correiobraziliense.com.br\/cbradar\/#website","url":"https:\/\/www.correiobraziliense.com.br\/cbradar\/","name":"Correio Braziliense - Radar","description":"Acompanhe as \u00faltimas not\u00edcias e fique bem informado sobre tudo o que acontece no Brasil e no mundo.","potentialAction":[{"@type":"SearchAction","target":{"@type":"EntryPoint","urlTemplate":"https:\/\/www.correiobraziliense.com.br\/cbradar\/?s={search_term_string}"},"query-input":{"@type":"PropertyValueSpecification","valueRequired":true,"valueName":"search_term_string"}}],"inLanguage":"pt-BR"},{"@type":"Person","@id":"https:\/\/www.correiobraziliense.com.br\/cbradar\/#\/schema\/person\/5440b72be9c7eb74f446c846479dc4da","name":"Patrick Silva","image":{"@type":"ImageObject","inLanguage":"pt-BR","@id":"https:\/\/www.correiobraziliense.com.br\/cbradar\/#\/schema\/person\/image\/","url":"https:\/\/secure.gravatar.com\/avatar\/944109df296fc087785c9715fd5f80b2?s=96&d=mm&r=g","contentUrl":"https:\/\/secure.gravatar.com\/avatar\/944109df296fc087785c9715fd5f80b2?s=96&d=mm&r=g","caption":"Patrick Silva"},"sameAs":["https:\/\/www.correiobraziliense.com.br\/cbradar\/"],"url":"https:\/\/www.correiobraziliense.com.br\/cbradar\/author\/patrick-silva\/"}]}},"_links":{"self":[{"href":"https:\/\/www.correiobraziliense.com.br\/cbradar\/wp-json\/wp\/v2\/posts\/234816","targetHints":{"allow":["GET"]}}],"collection":[{"href":"https:\/\/www.correiobraziliense.com.br\/cbradar\/wp-json\/wp\/v2\/posts"}],"about":[{"href":"https:\/\/www.correiobraziliense.com.br\/cbradar\/wp-json\/wp\/v2\/types\/post"}],"author":[{"embeddable":true,"href":"https:\/\/www.correiobraziliense.com.br\/cbradar\/wp-json\/wp\/v2\/users\/21"}],"replies":[{"embeddable":true,"href":"https:\/\/www.correiobraziliense.com.br\/cbradar\/wp-json\/wp\/v2\/comments?post=234816"}],"version-history":[{"count":3,"href":"https:\/\/www.correiobraziliense.com.br\/cbradar\/wp-json\/wp\/v2\/posts\/234816\/revisions"}],"predecessor-version":[{"id":234824,"href":"https:\/\/www.correiobraziliense.com.br\/cbradar\/wp-json\/wp\/v2\/posts\/234816\/revisions\/234824"}],"wp:featuredmedia":[{"embeddable":true,"href":"https:\/\/www.correiobraziliense.com.br\/cbradar\/wp-json\/wp\/v2\/media\/234820"}],"wp:attachment":[{"href":"https:\/\/www.correiobraziliense.com.br\/cbradar\/wp-json\/wp\/v2\/media?parent=234816"}],"wp:term":[{"taxonomy":"category","embeddable":true,"href":"https:\/\/www.correiobraziliense.com.br\/cbradar\/wp-json\/wp\/v2\/categories?post=234816"},{"taxonomy":"post_tag","embeddable":true,"href":"https:\/\/www.correiobraziliense.com.br\/cbradar\/wp-json\/wp\/v2\/tags?post=234816"}],"curies":[{"name":"wp","href":"https:\/\/api.w.org\/{rel}","templated":true}]}}