{"id":234827,"date":"2026-05-01T20:15:00","date_gmt":"2026-05-01T23:15:00","guid":{"rendered":"https:\/\/www.correiobraziliense.com.br\/cbradar\/?p=234827"},"modified":"2026-04-30T13:36:34","modified_gmt":"2026-04-30T16:36:34","slug":"por-que-o-manjericao-e-um-aliado-poderoso-para-o-bem-estar-fisico-e-mental","status":"publish","type":"post","link":"https:\/\/www.correiobraziliense.com.br\/cbradar\/por-que-o-manjericao-e-um-aliado-poderoso-para-o-bem-estar-fisico-e-mental\/","title":{"rendered":"Por que o manjeric\u00e3o \u00e9 um aliado poderoso para o bem-estar f\u00edsico e mental"},"content":{"rendered":"\n<p>O manjeric\u00e3o \u00e9 uma das ervas mais vers\u00e1teis e arom\u00e1ticas utilizadas na culin\u00e1ria global para real\u00e7ar sabores de diversos pratos cotidianos. Al\u00e9m do uso gastron\u00f4mico, essa planta carrega propriedades medicinais valiosas que auxiliam no equil\u00edbrio f\u00edsico e emocional de quem a consome regularmente. Integrar esse ingrediente fresco na dieta promove vitalidade e refor\u00e7a as defesas naturais sempre.<\/p>\n\n\n\n<h2 class=\"wp-block-heading\">Como o manjeric\u00e3o auxilia no al\u00edvio do estresse?<\/h2>\n\n\n\n<p>As propriedades adapt\u00f3genas presentes nas folhas ajudam o organismo a lidar melhor com as press\u00f5es psicol\u00f3gicas e f\u00edsicas do dia a dia. Quando consumido de forma frequente, o vegetal auxilia na regula\u00e7\u00e3o dos n\u00edveis de cortisol, subst\u00e2ncia respons\u00e1vel pelas sensa\u00e7\u00f5es de tens\u00e3o constante. Manter o equil\u00edbrio mental \u00e9 fundamental para garantir uma rotina produtiva e bastante leve.<\/p>\n\n\n\n<p>O aroma suave da erva tamb\u00e9m possui um efeito relaxante que atua diretamente no sistema nervoso central de maneira muito sutil. Inalar o perfume durante o preparo das refei\u00e7\u00f5es ou consumir infus\u00f5es quentes proporciona um momento de pausa necess\u00e1rio para a mente cansada. Ter h\u00e1bitos que priorizam o relaxamento natural fortalece a resili\u00eancia emocional diante de desafios inesperados.<\/p>\n\n\n\n<figure class=\"wp-block-image size-full\"><img decoding=\"async\" width=\"1280\" height=\"720\" src=\"https:\/\/www.correiobraziliense.com.br\/cbradar\/wp-content\/uploads\/2026\/04\/Gemini_Generated_Image_4gronq4gronq4gro-1-1.png\" alt=\"Por que o manjeric\u00e3o \u00e9 um aliado poderoso para o bem-estar f\u00edsico e mental\" class=\"wp-image-234832\" srcset=\"https:\/\/www.correiobraziliense.com.br\/cbradar\/wp-content\/uploads\/2026\/04\/Gemini_Generated_Image_4gronq4gronq4gro-1-1.png 1280w, https:\/\/www.correiobraziliense.com.br\/cbradar\/wp-content\/uploads\/2026\/04\/Gemini_Generated_Image_4gronq4gronq4gro-1-1-300x169.png 300w, https:\/\/www.correiobraziliense.com.br\/cbradar\/wp-content\/uploads\/2026\/04\/Gemini_Generated_Image_4gronq4gronq4gro-1-1-768x432.png 768w, https:\/\/www.correiobraziliense.com.br\/cbradar\/wp-content\/uploads\/2026\/04\/Gemini_Generated_Image_4gronq4gronq4gro-1-1-750x422.png 750w, https:\/\/www.correiobraziliense.com.br\/cbradar\/wp-content\/uploads\/2026\/04\/Gemini_Generated_Image_4gronq4gronq4gro-1-1-1140x641.png 1140w\" sizes=\"(max-width: 1280px) 100vw, 1280px\" \/><figcaption class=\"wp-element-caption\">Uma erva nutritiva que ajuda a reduzir o estresse, melhora a digest\u00e3o e fortalece o organismo<\/figcaption><\/figure>\n\n\n\n<h2 class=\"wp-block-heading\">Quais s\u00e3o os benef\u00edcios para o sistema digestivo?<\/h2>\n\n\n\n<p>O consumo das folhas frescas estimula a produ\u00e7\u00e3o de enzimas fundamentais para a quebra correta dos alimentos durante o processo g\u00e1strico. Esse mecanismo natural facilita a absor\u00e7\u00e3o de nutrientes essenciais e previne a forma\u00e7\u00e3o de gases desconfort\u00e1veis que podem surgir ap\u00f3s as refei\u00e7\u00f5es. Ter um sistema digestivo eficiente garante que o corpo receba toda a energia vital.<\/p>\n\n\n\n<p>As subst\u00e2ncias encontradas na planta ajudam a acalmar as paredes do est\u00f4mago e reduzem sensa\u00e7\u00f5es inc\u00f4modas de incha\u00e7o abdominal frequente. Manter a flora intestinal equilibrada \u00e9 o primeiro passo para garantir que o organismo funcione em harmonia total em qualquer fase da vida. Alimentos naturais s\u00e3o os melhores aliados para quem busca manter a leveza corporal sempre.<\/p>\n\n\n\n<h2 class=\"wp-block-heading\">Como as propriedades antibacterianas protegem o corpo?<\/h2>\n\n\n\n<p>Os \u00f3leos essenciais contidos na estrutura da planta possuem uma capacidade natural de inibir o crescimento de microrganismos prejudiciais \u00e0 sa\u00fade humana. Essa prote\u00e7\u00e3o interna auxilia na preven\u00e7\u00e3o de pequenas infec\u00e7\u00f5es e fortalece as barreiras biol\u00f3gicas contra agentes externos invasores que causam doen\u00e7as. Inserir elementos defensivos na alimenta\u00e7\u00e3o \u00e9 uma estrat\u00e9gia inteligente para manter o corpo muito saud\u00e1vel.<\/p>\n\n\n\n<p>Alguns componentes espec\u00edficos garantem essa defesa biol\u00f3gica eficiente:<\/p>\n\n\n\n<ul class=\"wp-block-list\">\n<li>Eugenol que combate diversos fungos.<\/li>\n\n\n\n<li>Linalol para prote\u00e7\u00e3o das c\u00e9lulas.<\/li>\n\n\n\n<li>Antioxidantes que preservam os tecidos.<\/li>\n\n\n\n<li>Nutrientes que estimulam a imunidade.<\/li>\n<\/ul>\n\n\n\n<h2 class=\"wp-block-heading\">De que maneira a erva favorece a sa\u00fade respirat\u00f3ria?<\/h2>\n\n\n\n<p>A presen\u00e7a de compostos expectorantes naturais auxilia na limpeza das vias a\u00e9reas e facilita a respira\u00e7\u00e3o em per\u00edodos de mudan\u00e7as clim\u00e1ticas. Consumir a planta ajuda a reduzir a congest\u00e3o e promove um al\u00edvio suave para os pulm\u00f5es que enfrentam a polui\u00e7\u00e3o di\u00e1ria das cidades. Ter as vias respirat\u00f3rias limpas \u00e9 essencial para garantir a oxigena\u00e7\u00e3o cerebral plena.<\/p>\n\n\n\n<p>As propriedades anti-inflamat\u00f3rias agem diretamente na redu\u00e7\u00e3o de irrita\u00e7\u00f5es na garganta e nos canais bronquiais de forma muito segura e eficaz. Quando o sistema respirat\u00f3rio est\u00e1 livre de obstru\u00e7\u00f5es, a qualidade do sono melhora e a disposi\u00e7\u00e3o f\u00edsica aumenta consideravelmente para as tarefas rotineiras. Escolher ingredientes frescos \u00e9 o segredo para manter o vigor pulmonar sempre elevado.<\/p>\n\n\n\n<p>No v\u00eddeo abaixo do canal no YouTube\u00a0<strong><em>Nutricionista Patricia Leite<\/em><\/strong>, a nutricionista Patr\u00edcia cita os benef\u00edcios e propriedades do manjeric\u00e3o, e ensina maneiras de usar corretamente, ela conta com mais de\u00a0<strong><em>8 milh\u00f5es de seguidores<\/em><\/strong>\u00a0e tr\u00e1s conte\u00fados sobre alimenta\u00e7\u00e3o e sa\u00fade:<\/p>\n\n\n\n<figure class=\"wp-block-embed is-type-video is-provider-youtube wp-block-embed-youtube wp-embed-aspect-16-9 wp-has-aspect-ratio\"><div class=\"wp-block-embed__wrapper\">\n<div class=\"jeg_video_container jeg_video_content\"><iframe loading=\"lazy\" title=\"Benef\u00edcios do Manjeric\u00e3o - Para Que Serve? Emagrece? E o Ch\u00e1? [DICAS]\" width=\"500\" height=\"281\" src=\"https:\/\/www.youtube.com\/embed\/TlLVemo4UTU?list=PL-ktTVxBNcQYMRL3ksl8LZpAQonFn4ZH8\" frameborder=\"0\" allow=\"accelerometer; autoplay; clipboard-write; encrypted-media; gyroscope; picture-in-picture; web-share\" referrerpolicy=\"strict-origin-when-cross-origin\" allowfullscreen><\/iframe><\/div>\n<\/div><\/figure>\n\n\n\n<p>Leia tamb\u00e9m: <a href=\"https:\/\/www.correiobraziliense.com.br\/cbradar\/incluir-essa-fruta-na-rotina-pode-melhorar-sua-qualidade-de-vida-rapidamente\/\" target=\"_blank\" rel=\"noreferrer noopener\">Incluir essa fruta na rotina pode melhorar sua qualidade de vida rapidamente<\/a><\/p>\n\n\n\n<h2 class=\"wp-block-heading\">Como o manjeric\u00e3o atua na preserva\u00e7\u00e3o da pele?<\/h2>\n\n\n\n<p>A alta concentra\u00e7\u00e3o de vitaminas e minerais protege o tecido cut\u00e2neo contra os danos causados pelos radicais livres e pelo sol. Esse cuidado interno reflete na apar\u00eancia externa, garantindo que a derme mantenha sua elasticidade e brilho natural por muito mais tempo durante os anos. Uma nutri\u00e7\u00e3o adequada \u00e9 a base para ter uma pele renovada.<\/p>\n\n\n\n<p>O uso regular de ervas arom\u00e1ticas na culin\u00e1ria auxilia na desintoxica\u00e7\u00e3o do organismo, eliminando impurezas que podem causar marcas indesejadas na face. O <strong><a href=\"https:\/\/www.ncbi.nlm.nih.gov\" target=\"_blank\" rel=\"noreferrer noopener\">National Institutes of Health<\/a><\/strong> indica que a presen\u00e7a de fitoqu\u00edmicos na dieta \u00e9 um fator determinante para a longevidade celular humana. Priorizar o consumo de vegetais org\u00e2nicos garante uma vida equilibrada e cheia de vitalidade f\u00edsica.<\/p>\n","protected":false},"excerpt":{"rendered":"<p>O manjeric\u00e3o \u00e9 uma das ervas mais vers\u00e1teis e arom\u00e1ticas utilizadas na culin\u00e1ria global para real\u00e7ar sabores de diversos pratos cotidianos. Al\u00e9m do uso gastron\u00f4mico, essa planta carrega propriedades medicinais valiosas que auxiliam no equil\u00edbrio f\u00edsico e emocional de quem a consome regularmente. Integrar esse ingrediente fresco na dieta promove vitalidade e refor\u00e7a as defesas [&hellip;]<\/p>\n","protected":false},"author":21,"featured_media":234833,"comment_status":"open","ping_status":"open","sticky":false,"template":"","format":"standard","meta":{"_yoast_wpseo_focuskw":"benef\u00edcios do manjeric\u00e3o","_yoast_wpseo_title":"","_yoast_wpseo_metadesc":"Arom\u00e1tico e nutritivo, esse ingrediente natural oferece benef\u00edcios que ajudam o corpo e a mente a funcionarem melhor","jnews-multi-image_gallery":[],"jnews_single_post":{"format":"standard"},"jnews_primary_category":[],"jnews_social_meta":[],"jnews_override_counter":[],"footnotes":""},"categories":[119],"tags":[281,2080,5235,1318],"class_list":["post-234827","post","type-post","status-publish","format-standard","has-post-thumbnail","hentry","category-bem-estar","tag-alimentacao","tag-manjericao","tag-salada","tag-saude-2"],"yoast_head":"<!-- This site is optimized with the Yoast SEO plugin v24.6 - https:\/\/yoast.com\/wordpress\/plugins\/seo\/ -->\n<title>Por que o manjeric\u00e3o \u00e9 um aliado poderoso para o bem-estar f\u00edsico e mental - Correio Braziliense - Radar<\/title>\n<meta name=\"description\" content=\"Arom\u00e1tico e nutritivo, esse ingrediente natural oferece benef\u00edcios que ajudam o corpo e a mente a funcionarem melhor\" \/>\n<meta name=\"robots\" content=\"index, follow, max-snippet:-1, max-image-preview:large, max-video-preview:-1\" \/>\n<link rel=\"canonical\" href=\"https:\/\/www.correiobraziliense.com.br\/cbradar\/por-que-o-manjericao-e-um-aliado-poderoso-para-o-bem-estar-fisico-e-mental\/\" \/>\n<meta property=\"og:locale\" content=\"pt_BR\" \/>\n<meta property=\"og:type\" content=\"article\" \/>\n<meta property=\"og:title\" content=\"Por que o manjeric\u00e3o \u00e9 um aliado poderoso para o bem-estar f\u00edsico e mental - Correio Braziliense - Radar\" \/>\n<meta property=\"og:description\" content=\"Arom\u00e1tico e nutritivo, esse ingrediente natural oferece benef\u00edcios que ajudam o corpo e a mente a funcionarem melhor\" \/>\n<meta property=\"og:url\" content=\"https:\/\/www.correiobraziliense.com.br\/cbradar\/por-que-o-manjericao-e-um-aliado-poderoso-para-o-bem-estar-fisico-e-mental\/\" \/>\n<meta property=\"og:site_name\" content=\"Correio Braziliense - Radar\" \/>\n<meta property=\"article:published_time\" content=\"2026-05-01T23:15:00+00:00\" \/>\n<meta property=\"og:image\" content=\"https:\/\/www.correiobraziliense.com.br\/cbradar\/wp-content\/uploads\/2026\/04\/Gemini_Generated_Image_u85f9cu85f9cu85f-1-1.png\" \/>\n\t<meta property=\"og:image:width\" content=\"1280\" \/>\n\t<meta property=\"og:image:height\" content=\"720\" \/>\n\t<meta property=\"og:image:type\" content=\"image\/png\" \/>\n<meta name=\"author\" content=\"Patrick Silva\" \/>\n<meta name=\"twitter:card\" content=\"summary_large_image\" \/>\n<meta name=\"twitter:label1\" content=\"Escrito por\" \/>\n\t<meta name=\"twitter:data1\" content=\"Patrick Silva\" \/>\n\t<meta name=\"twitter:label2\" content=\"Est. tempo de leitura\" \/>\n\t<meta name=\"twitter:data2\" content=\"5 minutos\" \/>\n<!-- \/ Yoast SEO plugin. -->","yoast_head_json":{"title":"Por que o manjeric\u00e3o \u00e9 um aliado poderoso para o bem-estar f\u00edsico e mental - Correio Braziliense - Radar","description":"Arom\u00e1tico e nutritivo, esse ingrediente natural oferece benef\u00edcios que ajudam o corpo e a mente a funcionarem melhor","robots":{"index":"index","follow":"follow","max-snippet":"max-snippet:-1","max-image-preview":"max-image-preview:large","max-video-preview":"max-video-preview:-1"},"canonical":"https:\/\/www.correiobraziliense.com.br\/cbradar\/por-que-o-manjericao-e-um-aliado-poderoso-para-o-bem-estar-fisico-e-mental\/","og_locale":"pt_BR","og_type":"article","og_title":"Por que o manjeric\u00e3o \u00e9 um aliado poderoso para o bem-estar f\u00edsico e mental - Correio Braziliense - Radar","og_description":"Arom\u00e1tico e nutritivo, esse ingrediente natural oferece benef\u00edcios que ajudam o corpo e a mente a funcionarem melhor","og_url":"https:\/\/www.correiobraziliense.com.br\/cbradar\/por-que-o-manjericao-e-um-aliado-poderoso-para-o-bem-estar-fisico-e-mental\/","og_site_name":"Correio Braziliense - Radar","article_published_time":"2026-05-01T23:15:00+00:00","og_image":[{"width":1280,"height":720,"url":"https:\/\/www.correiobraziliense.com.br\/cbradar\/wp-content\/uploads\/2026\/04\/Gemini_Generated_Image_u85f9cu85f9cu85f-1-1.png","type":"image\/png"}],"author":"Patrick Silva","twitter_card":"summary_large_image","twitter_misc":{"Escrito por":"Patrick Silva","Est. tempo de leitura":"5 minutos"},"schema":{"@context":"https:\/\/schema.org","@graph":[{"@type":"WebPage","@id":"https:\/\/www.correiobraziliense.com.br\/cbradar\/por-que-o-manjericao-e-um-aliado-poderoso-para-o-bem-estar-fisico-e-mental\/","url":"https:\/\/www.correiobraziliense.com.br\/cbradar\/por-que-o-manjericao-e-um-aliado-poderoso-para-o-bem-estar-fisico-e-mental\/","name":"Por que o manjeric\u00e3o \u00e9 um aliado poderoso para o bem-estar f\u00edsico e mental - Correio Braziliense - Radar","isPartOf":{"@id":"https:\/\/www.correiobraziliense.com.br\/cbradar\/#website"},"primaryImageOfPage":{"@id":"https:\/\/www.correiobraziliense.com.br\/cbradar\/por-que-o-manjericao-e-um-aliado-poderoso-para-o-bem-estar-fisico-e-mental\/#primaryimage"},"image":{"@id":"https:\/\/www.correiobraziliense.com.br\/cbradar\/por-que-o-manjericao-e-um-aliado-poderoso-para-o-bem-estar-fisico-e-mental\/#primaryimage"},"thumbnailUrl":"https:\/\/www.correiobraziliense.com.br\/cbradar\/wp-content\/uploads\/2026\/04\/Gemini_Generated_Image_u85f9cu85f9cu85f-1-1.png","datePublished":"2026-05-01T23:15:00+00:00","author":{"@id":"https:\/\/www.correiobraziliense.com.br\/cbradar\/#\/schema\/person\/5440b72be9c7eb74f446c846479dc4da"},"description":"Arom\u00e1tico e nutritivo, esse ingrediente natural oferece benef\u00edcios que ajudam o corpo e a mente a funcionarem melhor","breadcrumb":{"@id":"https:\/\/www.correiobraziliense.com.br\/cbradar\/por-que-o-manjericao-e-um-aliado-poderoso-para-o-bem-estar-fisico-e-mental\/#breadcrumb"},"inLanguage":"pt-BR","potentialAction":[{"@type":"ReadAction","target":["https:\/\/www.correiobraziliense.com.br\/cbradar\/por-que-o-manjericao-e-um-aliado-poderoso-para-o-bem-estar-fisico-e-mental\/"]}]},{"@type":"ImageObject","inLanguage":"pt-BR","@id":"https:\/\/www.correiobraziliense.com.br\/cbradar\/por-que-o-manjericao-e-um-aliado-poderoso-para-o-bem-estar-fisico-e-mental\/#primaryimage","url":"https:\/\/www.correiobraziliense.com.br\/cbradar\/wp-content\/uploads\/2026\/04\/Gemini_Generated_Image_u85f9cu85f9cu85f-1-1.png","contentUrl":"https:\/\/www.correiobraziliense.com.br\/cbradar\/wp-content\/uploads\/2026\/04\/Gemini_Generated_Image_u85f9cu85f9cu85f-1-1.png","width":1280,"height":720,"caption":"Uma erva nutritiva que ajuda a reduzir o estresse, melhora a digest\u00e3o e fortalece o organismo"},{"@type":"BreadcrumbList","@id":"https:\/\/www.correiobraziliense.com.br\/cbradar\/por-que-o-manjericao-e-um-aliado-poderoso-para-o-bem-estar-fisico-e-mental\/#breadcrumb","itemListElement":[{"@type":"ListItem","position":1,"name":"In\u00edcio","item":"https:\/\/www.correiobraziliense.com.br\/cbradar\/"},{"@type":"ListItem","position":2,"name":"Por que o manjeric\u00e3o \u00e9 um aliado poderoso para o bem-estar f\u00edsico e mental"}]},{"@type":"WebSite","@id":"https:\/\/www.correiobraziliense.com.br\/cbradar\/#website","url":"https:\/\/www.correiobraziliense.com.br\/cbradar\/","name":"Correio Braziliense - Radar","description":"Acompanhe as \u00faltimas not\u00edcias e fique bem informado sobre tudo o que acontece no Brasil e no mundo.","potentialAction":[{"@type":"SearchAction","target":{"@type":"EntryPoint","urlTemplate":"https:\/\/www.correiobraziliense.com.br\/cbradar\/?s={search_term_string}"},"query-input":{"@type":"PropertyValueSpecification","valueRequired":true,"valueName":"search_term_string"}}],"inLanguage":"pt-BR"},{"@type":"Person","@id":"https:\/\/www.correiobraziliense.com.br\/cbradar\/#\/schema\/person\/5440b72be9c7eb74f446c846479dc4da","name":"Patrick Silva","image":{"@type":"ImageObject","inLanguage":"pt-BR","@id":"https:\/\/www.correiobraziliense.com.br\/cbradar\/#\/schema\/person\/image\/","url":"https:\/\/secure.gravatar.com\/avatar\/944109df296fc087785c9715fd5f80b2?s=96&d=mm&r=g","contentUrl":"https:\/\/secure.gravatar.com\/avatar\/944109df296fc087785c9715fd5f80b2?s=96&d=mm&r=g","caption":"Patrick Silva"},"sameAs":["https:\/\/www.correiobraziliense.com.br\/cbradar\/"],"url":"https:\/\/www.correiobraziliense.com.br\/cbradar\/author\/patrick-silva\/"}]}},"_links":{"self":[{"href":"https:\/\/www.correiobraziliense.com.br\/cbradar\/wp-json\/wp\/v2\/posts\/234827","targetHints":{"allow":["GET"]}}],"collection":[{"href":"https:\/\/www.correiobraziliense.com.br\/cbradar\/wp-json\/wp\/v2\/posts"}],"about":[{"href":"https:\/\/www.correiobraziliense.com.br\/cbradar\/wp-json\/wp\/v2\/types\/post"}],"author":[{"embeddable":true,"href":"https:\/\/www.correiobraziliense.com.br\/cbradar\/wp-json\/wp\/v2\/users\/21"}],"replies":[{"embeddable":true,"href":"https:\/\/www.correiobraziliense.com.br\/cbradar\/wp-json\/wp\/v2\/comments?post=234827"}],"version-history":[{"count":1,"href":"https:\/\/www.correiobraziliense.com.br\/cbradar\/wp-json\/wp\/v2\/posts\/234827\/revisions"}],"predecessor-version":[{"id":234834,"href":"https:\/\/www.correiobraziliense.com.br\/cbradar\/wp-json\/wp\/v2\/posts\/234827\/revisions\/234834"}],"wp:featuredmedia":[{"embeddable":true,"href":"https:\/\/www.correiobraziliense.com.br\/cbradar\/wp-json\/wp\/v2\/media\/234833"}],"wp:attachment":[{"href":"https:\/\/www.correiobraziliense.com.br\/cbradar\/wp-json\/wp\/v2\/media?parent=234827"}],"wp:term":[{"taxonomy":"category","embeddable":true,"href":"https:\/\/www.correiobraziliense.com.br\/cbradar\/wp-json\/wp\/v2\/categories?post=234827"},{"taxonomy":"post_tag","embeddable":true,"href":"https:\/\/www.correiobraziliense.com.br\/cbradar\/wp-json\/wp\/v2\/tags?post=234827"}],"curies":[{"name":"wp","href":"https:\/\/api.w.org\/{rel}","templated":true}]}}