{"id":234835,"date":"2026-05-01T21:25:00","date_gmt":"2026-05-02T00:25:00","guid":{"rendered":"https:\/\/www.correiobraziliense.com.br\/cbradar\/?p=234835"},"modified":"2026-04-30T14:06:18","modified_gmt":"2026-04-30T17:06:18","slug":"principais-causas-do-alzheimer-e-habitos-que-podem-fortalecer-sua-mente-e-evitar-o-declinio-cognitivo","status":"publish","type":"post","link":"https:\/\/www.correiobraziliense.com.br\/cbradar\/principais-causas-do-alzheimer-e-habitos-que-podem-fortalecer-sua-mente-e-evitar-o-declinio-cognitivo\/","title":{"rendered":"Principais causas do Alzheimer e h\u00e1bitos que podem fortalecer sua mente e evitar o decl\u00ednio cognitivo"},"content":{"rendered":"\n<p>Cuidar da sa\u00fade cerebral exige mudan\u00e7as consistentes no estilo de vida para proteger a mem\u00f3ria e as fun\u00e7\u00f5es cognitivas ao longo do tempo. Adotar uma dieta nutritiva aliada \u00e0 pr\u00e1tica regular de atividades f\u00edsicas ajuda a reduzir o decl\u00ednio mental e promove um bem-estar profundo. Essas escolhas di\u00e1rias s\u00e3o fundamentais para manter a mente ativa e garantir mais qualidade.<\/p>\n\n\n\n<h2 class=\"wp-block-heading\">Como a alimenta\u00e7\u00e3o influencia a sa\u00fade do c\u00e9rebro?<\/h2>\n\n\n\n<p>O consumo de gorduras saud\u00e1veis e antioxidantes naturais atua na prote\u00e7\u00e3o das membranas celulares contra o desgaste oxidativo provocado pelos radicais livres. Nutrientes espec\u00edficos ajudam a combater processos inflamat\u00f3rios silenciosos que podem prejudicar a comunica\u00e7\u00e3o entre os neur\u00f4nios em diversas fases da vida. Priorizar alimentos frescos garante que o organismo receba elementos vitais para uma mente saud\u00e1vel.<\/p>\n\n\n\n<p>Dietas baseadas em vegetais, gr\u00e3os integrais e peixes gordos fornecem o combust\u00edvel necess\u00e1rio para que o c\u00e9rebro mantenha sua plasticidade natural por muito tempo. Reduzir o consumo de produtos processados e a\u00e7\u00facares refinados evita picos de insulina que podem afetar negativamente a capacidade cognitiva. Escolhas conscientes no card\u00e1pio di\u00e1rio s\u00e3o pilares essenciais para preservar a lucidez mental.<\/p>\n\n\n\n<figure class=\"wp-block-image size-full\"><img decoding=\"async\" width=\"1280\" height=\"720\" src=\"https:\/\/www.correiobraziliense.com.br\/cbradar\/wp-content\/uploads\/2026\/04\/imagem_2026-04-30_140406729-1.png\" alt=\"Principais causas do Alzheimer e h\u00e1bitos que podem fortalecer sua mente e evitar o decl\u00ednio cognitivo\" class=\"wp-image-234847\" srcset=\"https:\/\/www.correiobraziliense.com.br\/cbradar\/wp-content\/uploads\/2026\/04\/imagem_2026-04-30_140406729-1.png 1280w, https:\/\/www.correiobraziliense.com.br\/cbradar\/wp-content\/uploads\/2026\/04\/imagem_2026-04-30_140406729-1-300x169.png 300w, https:\/\/www.correiobraziliense.com.br\/cbradar\/wp-content\/uploads\/2026\/04\/imagem_2026-04-30_140406729-1-768x432.png 768w, https:\/\/www.correiobraziliense.com.br\/cbradar\/wp-content\/uploads\/2026\/04\/imagem_2026-04-30_140406729-1-750x422.png 750w, https:\/\/www.correiobraziliense.com.br\/cbradar\/wp-content\/uploads\/2026\/04\/imagem_2026-04-30_140406729-1-1140x641.png 1140w\" sizes=\"(max-width: 1280px) 100vw, 1280px\" \/><figcaption class=\"wp-element-caption\">H\u00e1bitos saud\u00e1veis ajudam a proteger a mem\u00f3ria e manter o c\u00e9rebro ativo por mais tempo<\/figcaption><\/figure>\n\n\n\n<h2 class=\"wp-block-heading\">Quais exerc\u00edcios f\u00edsicos s\u00e3o mais indicados para a mem\u00f3ria?<\/h2>\n\n\n\n<p>Atividades aer\u00f3bicas regulares, como caminhadas r\u00e1pidas ou nata\u00e7\u00e3o, estimulam a circula\u00e7\u00e3o sangu\u00ednea cerebral e a libera\u00e7\u00e3o de fatores de crescimento neural fundamentais. Esse processo biol\u00f3gico auxilia na cria\u00e7\u00e3o de novas conex\u00f5es sin\u00e1pticas, fortalecendo a reten\u00e7\u00e3o de informa\u00e7\u00f5es e a clareza nas decis\u00f5es cotidianas. Manter o corpo em movimento \u00e9 uma estrat\u00e9gia poderosa para proteger o sistema nervoso.<\/p>\n\n\n\n<p>Exerc\u00edcios que desafiam a coordena\u00e7\u00e3o motora e o equil\u00edbrio tamb\u00e9m promovem benef\u00edcios significativos para a sa\u00fade das fun\u00e7\u00f5es cognitivas superiores em qualquer idade. Praticar movimentos diversificados ajuda a manter a mente focada e reduz a sensa\u00e7\u00e3o de confus\u00e3o mental que podem surgir eventualmente. A const\u00e2ncia nos treinos garante que o c\u00e9rebro receba oxigena\u00e7\u00e3o adequada para funcionar perfeitamente.<\/p>\n\n\n\n<h2 class=\"wp-block-heading\">Quais nutrientes s\u00e3o essenciais para proteger os neur\u00f4nios?<\/h2>\n\n\n\n<p>Subst\u00e2ncias espec\u00edficas presentes em frutas vermelhas e folhas verde-escuras ajudam a manter a integridade dos tecidos cerebrais contra o envelhecimento natural das c\u00e9lulas humanas. A ingest\u00e3o de vitaminas do complexo B e \u00f4mega tr\u00eas \u00e9 fundamental para a manuten\u00e7\u00e3o da bainha de mielina e a velocidade do pensamento. Ter uma nutri\u00e7\u00e3o rica favorece a longevidade da mente.<\/p>\n\n\n\n<p>Algumas fontes nutricionais s\u00e3o indispens\u00e1veis para garantir essa prote\u00e7\u00e3o biol\u00f3gica constante:<\/p>\n\n\n\n<ul class=\"wp-block-list\">\n<li>Vitamina E presente em oleaginosas.<\/li>\n\n\n\n<li>Flavonoides encontrados no cacau puro.<\/li>\n\n\n\n<li>C\u00farcuma com propriedades anti-inflamat\u00f3rias naturais.<\/li>\n\n\n\n<li>Zinco importante para a sinaliza\u00e7\u00e3o neural.<\/li>\n<\/ul>\n\n\n\n<h2 class=\"wp-block-heading\">Como a rotina de sono afeta a cogni\u00e7\u00e3o?<\/h2>\n\n\n\n<p>Ter um descanso noturno reparador \u00e9 vital para que o c\u00e9rebro realize a limpeza de toxinas acumuladas durante as atividades intensas do dia. Durante o sono profundo, as mem\u00f3rias s\u00e3o consolidadas e o sistema nervoso passa por um processo de restaura\u00e7\u00e3o necess\u00e1rio para o foco mental. Priorizar a higiene do sono ajuda a manter a mente muito mais afiada.<\/p>\n\n\n\n<p>Noites mal dormidas podem aumentar os n\u00edveis de estresse oxidativo, prejudicando a capacidade de aprendizado e a tomada de decis\u00f5es em situa\u00e7\u00f5es complexas da vida. Estabelecer hor\u00e1rios fixos para repousar e evitar telas eletr\u00f4nicas antes de deitar facilita o desligamento gradual do organismo para o repouso. Uma mente descansada consegue processar informa\u00e7\u00f5es com muito mais agilidade e precis\u00e3o.<\/p>\n\n\n\n<p>No v\u00eddeo abaixo do canal no YouTube\u00a0<strong><em>Nutricionista Patricia Leite<\/em><\/strong>, a nutricionista Patr\u00edcia cita as principais causas do alzheimer, como prevenir e como tratar, ela conta com mais de\u00a0<strong><em>8 milh\u00f5es de seguidores<\/em><\/strong>\u00a0e tr\u00e1s conte\u00fados sobre alimenta\u00e7\u00e3o e sa\u00fade:<\/p>\n\n\n\n<figure class=\"wp-block-embed is-type-video is-provider-youtube wp-block-embed-youtube wp-embed-aspect-16-9 wp-has-aspect-ratio\"><div class=\"wp-block-embed__wrapper\">\n<div class=\"jeg_video_container jeg_video_content\"><iframe loading=\"lazy\" title=\"CAUSAS DO ALZHEIMER, COMO PREVENIR e TRATAR - O que comer? O que fazer?\" width=\"500\" height=\"281\" src=\"https:\/\/www.youtube.com\/embed\/b4Cxo4F2OxQ?list=PL-ktTVxBNcQYiEm4a6UzrevuGT6n3B4pS\" frameborder=\"0\" allow=\"accelerometer; autoplay; clipboard-write; encrypted-media; gyroscope; picture-in-picture; web-share\" referrerpolicy=\"strict-origin-when-cross-origin\" allowfullscreen><\/iframe><\/div>\n<\/div><\/figure>\n\n\n\n<p>Leia tamb\u00e9m: <a href=\"https:\/\/www.correiobraziliense.com.br\/cbradar\/incluir-essa-fruta-na-rotina-pode-melhorar-sua-qualidade-de-vida-rapidamente\/\" target=\"_blank\" rel=\"noreferrer noopener\">Incluir essa fruta na rotina pode melhorar sua qualidade de vida rapidamente<\/a><\/p>\n\n\n\n<h2 class=\"wp-block-heading\">De que forma o conv\u00edvio social ajuda no tratamento?<\/h2>\n\n\n\n<p>Interagir com outras pessoas e participar de atividades comunit\u00e1rias estimula diferentes \u00e1reas cerebrais respons\u00e1veis pela linguagem e pela empatia emocional di\u00e1ria. O isolamento social \u00e9 um fator de risco que pode acelerar o decl\u00ednio cognitivo, tornando as intera\u00e7\u00f5es humanas essenciais para a preserva\u00e7\u00e3o mental. Manter la\u00e7os fortes proporciona uma sensa\u00e7\u00e3o de seguran\u00e7a e prop\u00f3sito muito importante.<\/p>\n\n\n\n<p>Participar de jogos de tabuleiro, leitura em grupo ou novos aprendizados compartilha est\u00edmulos intelectuais que fortalecem a reserva cognitiva contra o desgaste natural. O suporte oferecido pelo <strong><a href=\"https:\/\/www.nia.nih.gov\/health\/alzheimers-and-dementia\/preventing-alzheimers-disease-what-do-we-know\" target=\"_blank\" rel=\"noreferrer noopener\">National Institutes of Health<\/a><\/strong> consolida o engajamento intelectual cont\u00ednuo como pilar para preven\u00e7\u00e3o de condi\u00e7\u00f5es degenerativas. Exercitar a mente atrav\u00e9s de novos desafios garante uma vida muito mais plena e satisfat\u00f3ria.<\/p>\n","protected":false},"excerpt":{"rendered":"<p>Cuidar da sa\u00fade cerebral exige mudan\u00e7as consistentes no estilo de vida para proteger a mem\u00f3ria e as fun\u00e7\u00f5es cognitivas ao longo do tempo. Adotar uma dieta nutritiva aliada \u00e0 pr\u00e1tica regular de atividades f\u00edsicas ajuda a reduzir o decl\u00ednio mental e promove um bem-estar profundo. Essas escolhas di\u00e1rias s\u00e3o fundamentais para manter a mente ativa [&hellip;]<\/p>\n","protected":false},"author":21,"featured_media":234842,"comment_status":"open","ping_status":"open","sticky":false,"template":"","format":"standard","meta":{"_yoast_wpseo_focuskw":"sa\u00fade do c\u00e9rebro","_yoast_wpseo_title":"","_yoast_wpseo_metadesc":"H\u00e1bitos simples no dia a dia podem proteger sua mente e melhorar a mem\u00f3ria ao longo do tempo, evitando o decl\u00ednio cognitivo","jnews-multi-image_gallery":[],"jnews_single_post":{"format":"standard"},"jnews_primary_category":[],"jnews_social_meta":[],"jnews_override_counter":[],"footnotes":""},"categories":[119],"tags":[2304,3559,1318,980],"class_list":["post-234835","post","type-post","status-publish","format-standard","has-post-thumbnail","hentry","category-bem-estar","tag-alzheimer","tag-corpo-humano","tag-saude-2","tag-tratamento"],"yoast_head":"<!-- This site is optimized with the Yoast SEO plugin v24.6 - https:\/\/yoast.com\/wordpress\/plugins\/seo\/ -->\n<title>Principais causas do Alzheimer e h\u00e1bitos que podem fortalecer sua mente e evitar o decl\u00ednio cognitivo - Correio Braziliense - Radar<\/title>\n<meta name=\"description\" content=\"H\u00e1bitos simples no dia a dia podem proteger sua mente e melhorar a mem\u00f3ria ao longo do tempo, evitando o decl\u00ednio cognitivo\" \/>\n<meta name=\"robots\" content=\"index, follow, max-snippet:-1, max-image-preview:large, max-video-preview:-1\" \/>\n<link rel=\"canonical\" href=\"https:\/\/www.correiobraziliense.com.br\/cbradar\/principais-causas-do-alzheimer-e-habitos-que-podem-fortalecer-sua-mente-e-evitar-o-declinio-cognitivo\/\" \/>\n<meta property=\"og:locale\" content=\"pt_BR\" \/>\n<meta property=\"og:type\" content=\"article\" \/>\n<meta property=\"og:title\" content=\"Principais causas do Alzheimer e h\u00e1bitos que podem fortalecer sua mente e evitar o decl\u00ednio cognitivo - Correio Braziliense - Radar\" \/>\n<meta property=\"og:description\" content=\"H\u00e1bitos simples no dia a dia podem proteger sua mente e melhorar a mem\u00f3ria ao longo do tempo, evitando o decl\u00ednio cognitivo\" \/>\n<meta property=\"og:url\" content=\"https:\/\/www.correiobraziliense.com.br\/cbradar\/principais-causas-do-alzheimer-e-habitos-que-podem-fortalecer-sua-mente-e-evitar-o-declinio-cognitivo\/\" \/>\n<meta property=\"og:site_name\" content=\"Correio Braziliense - Radar\" \/>\n<meta property=\"article:published_time\" content=\"2026-05-02T00:25:00+00:00\" \/>\n<meta property=\"og:image\" content=\"https:\/\/www.correiobraziliense.com.br\/cbradar\/wp-content\/uploads\/2026\/04\/Gemini_Generated_Image_8zx6r08zx6r08zx6-1-1.png\" \/>\n\t<meta property=\"og:image:width\" content=\"1280\" \/>\n\t<meta property=\"og:image:height\" content=\"720\" \/>\n\t<meta property=\"og:image:type\" content=\"image\/png\" \/>\n<meta name=\"author\" content=\"Patrick Silva\" \/>\n<meta name=\"twitter:card\" content=\"summary_large_image\" \/>\n<meta name=\"twitter:label1\" content=\"Escrito por\" \/>\n\t<meta name=\"twitter:data1\" content=\"Patrick Silva\" \/>\n\t<meta name=\"twitter:label2\" content=\"Est. tempo de leitura\" \/>\n\t<meta name=\"twitter:data2\" content=\"5 minutos\" \/>\n<!-- \/ Yoast SEO plugin. -->","yoast_head_json":{"title":"Principais causas do Alzheimer e h\u00e1bitos que podem fortalecer sua mente e evitar o decl\u00ednio cognitivo - Correio Braziliense - Radar","description":"H\u00e1bitos simples no dia a dia podem proteger sua mente e melhorar a mem\u00f3ria ao longo do tempo, evitando o decl\u00ednio cognitivo","robots":{"index":"index","follow":"follow","max-snippet":"max-snippet:-1","max-image-preview":"max-image-preview:large","max-video-preview":"max-video-preview:-1"},"canonical":"https:\/\/www.correiobraziliense.com.br\/cbradar\/principais-causas-do-alzheimer-e-habitos-que-podem-fortalecer-sua-mente-e-evitar-o-declinio-cognitivo\/","og_locale":"pt_BR","og_type":"article","og_title":"Principais causas do Alzheimer e h\u00e1bitos que podem fortalecer sua mente e evitar o decl\u00ednio cognitivo - Correio Braziliense - Radar","og_description":"H\u00e1bitos simples no dia a dia podem proteger sua mente e melhorar a mem\u00f3ria ao longo do tempo, evitando o decl\u00ednio cognitivo","og_url":"https:\/\/www.correiobraziliense.com.br\/cbradar\/principais-causas-do-alzheimer-e-habitos-que-podem-fortalecer-sua-mente-e-evitar-o-declinio-cognitivo\/","og_site_name":"Correio Braziliense - Radar","article_published_time":"2026-05-02T00:25:00+00:00","og_image":[{"width":1280,"height":720,"url":"https:\/\/www.correiobraziliense.com.br\/cbradar\/wp-content\/uploads\/2026\/04\/Gemini_Generated_Image_8zx6r08zx6r08zx6-1-1.png","type":"image\/png"}],"author":"Patrick Silva","twitter_card":"summary_large_image","twitter_misc":{"Escrito por":"Patrick Silva","Est. tempo de leitura":"5 minutos"},"schema":{"@context":"https:\/\/schema.org","@graph":[{"@type":"WebPage","@id":"https:\/\/www.correiobraziliense.com.br\/cbradar\/principais-causas-do-alzheimer-e-habitos-que-podem-fortalecer-sua-mente-e-evitar-o-declinio-cognitivo\/","url":"https:\/\/www.correiobraziliense.com.br\/cbradar\/principais-causas-do-alzheimer-e-habitos-que-podem-fortalecer-sua-mente-e-evitar-o-declinio-cognitivo\/","name":"Principais causas do Alzheimer e h\u00e1bitos que podem fortalecer sua mente e evitar o decl\u00ednio cognitivo - Correio Braziliense - Radar","isPartOf":{"@id":"https:\/\/www.correiobraziliense.com.br\/cbradar\/#website"},"primaryImageOfPage":{"@id":"https:\/\/www.correiobraziliense.com.br\/cbradar\/principais-causas-do-alzheimer-e-habitos-que-podem-fortalecer-sua-mente-e-evitar-o-declinio-cognitivo\/#primaryimage"},"image":{"@id":"https:\/\/www.correiobraziliense.com.br\/cbradar\/principais-causas-do-alzheimer-e-habitos-que-podem-fortalecer-sua-mente-e-evitar-o-declinio-cognitivo\/#primaryimage"},"thumbnailUrl":"https:\/\/www.correiobraziliense.com.br\/cbradar\/wp-content\/uploads\/2026\/04\/Gemini_Generated_Image_8zx6r08zx6r08zx6-1-1.png","datePublished":"2026-05-02T00:25:00+00:00","author":{"@id":"https:\/\/www.correiobraziliense.com.br\/cbradar\/#\/schema\/person\/5440b72be9c7eb74f446c846479dc4da"},"description":"H\u00e1bitos simples no dia a dia podem proteger sua mente e melhorar a mem\u00f3ria ao longo do tempo, evitando o decl\u00ednio cognitivo","breadcrumb":{"@id":"https:\/\/www.correiobraziliense.com.br\/cbradar\/principais-causas-do-alzheimer-e-habitos-que-podem-fortalecer-sua-mente-e-evitar-o-declinio-cognitivo\/#breadcrumb"},"inLanguage":"pt-BR","potentialAction":[{"@type":"ReadAction","target":["https:\/\/www.correiobraziliense.com.br\/cbradar\/principais-causas-do-alzheimer-e-habitos-que-podem-fortalecer-sua-mente-e-evitar-o-declinio-cognitivo\/"]}]},{"@type":"ImageObject","inLanguage":"pt-BR","@id":"https:\/\/www.correiobraziliense.com.br\/cbradar\/principais-causas-do-alzheimer-e-habitos-que-podem-fortalecer-sua-mente-e-evitar-o-declinio-cognitivo\/#primaryimage","url":"https:\/\/www.correiobraziliense.com.br\/cbradar\/wp-content\/uploads\/2026\/04\/Gemini_Generated_Image_8zx6r08zx6r08zx6-1-1.png","contentUrl":"https:\/\/www.correiobraziliense.com.br\/cbradar\/wp-content\/uploads\/2026\/04\/Gemini_Generated_Image_8zx6r08zx6r08zx6-1-1.png","width":1280,"height":720,"caption":"H\u00e1bitos saud\u00e1veis ajudam a proteger a mem\u00f3ria e manter o c\u00e9rebro ativo por mais tempo"},{"@type":"BreadcrumbList","@id":"https:\/\/www.correiobraziliense.com.br\/cbradar\/principais-causas-do-alzheimer-e-habitos-que-podem-fortalecer-sua-mente-e-evitar-o-declinio-cognitivo\/#breadcrumb","itemListElement":[{"@type":"ListItem","position":1,"name":"In\u00edcio","item":"https:\/\/www.correiobraziliense.com.br\/cbradar\/"},{"@type":"ListItem","position":2,"name":"Principais causas do Alzheimer e h\u00e1bitos que podem fortalecer sua mente e evitar o decl\u00ednio cognitivo"}]},{"@type":"WebSite","@id":"https:\/\/www.correiobraziliense.com.br\/cbradar\/#website","url":"https:\/\/www.correiobraziliense.com.br\/cbradar\/","name":"Correio Braziliense - Radar","description":"Acompanhe as \u00faltimas not\u00edcias e fique bem informado sobre tudo o que acontece no Brasil e no mundo.","potentialAction":[{"@type":"SearchAction","target":{"@type":"EntryPoint","urlTemplate":"https:\/\/www.correiobraziliense.com.br\/cbradar\/?s={search_term_string}"},"query-input":{"@type":"PropertyValueSpecification","valueRequired":true,"valueName":"search_term_string"}}],"inLanguage":"pt-BR"},{"@type":"Person","@id":"https:\/\/www.correiobraziliense.com.br\/cbradar\/#\/schema\/person\/5440b72be9c7eb74f446c846479dc4da","name":"Patrick Silva","image":{"@type":"ImageObject","inLanguage":"pt-BR","@id":"https:\/\/www.correiobraziliense.com.br\/cbradar\/#\/schema\/person\/image\/","url":"https:\/\/secure.gravatar.com\/avatar\/944109df296fc087785c9715fd5f80b2?s=96&d=mm&r=g","contentUrl":"https:\/\/secure.gravatar.com\/avatar\/944109df296fc087785c9715fd5f80b2?s=96&d=mm&r=g","caption":"Patrick Silva"},"sameAs":["https:\/\/www.correiobraziliense.com.br\/cbradar\/"],"url":"https:\/\/www.correiobraziliense.com.br\/cbradar\/author\/patrick-silva\/"}]}},"_links":{"self":[{"href":"https:\/\/www.correiobraziliense.com.br\/cbradar\/wp-json\/wp\/v2\/posts\/234835","targetHints":{"allow":["GET"]}}],"collection":[{"href":"https:\/\/www.correiobraziliense.com.br\/cbradar\/wp-json\/wp\/v2\/posts"}],"about":[{"href":"https:\/\/www.correiobraziliense.com.br\/cbradar\/wp-json\/wp\/v2\/types\/post"}],"author":[{"embeddable":true,"href":"https:\/\/www.correiobraziliense.com.br\/cbradar\/wp-json\/wp\/v2\/users\/21"}],"replies":[{"embeddable":true,"href":"https:\/\/www.correiobraziliense.com.br\/cbradar\/wp-json\/wp\/v2\/comments?post=234835"}],"version-history":[{"count":2,"href":"https:\/\/www.correiobraziliense.com.br\/cbradar\/wp-json\/wp\/v2\/posts\/234835\/revisions"}],"predecessor-version":[{"id":234849,"href":"https:\/\/www.correiobraziliense.com.br\/cbradar\/wp-json\/wp\/v2\/posts\/234835\/revisions\/234849"}],"wp:featuredmedia":[{"embeddable":true,"href":"https:\/\/www.correiobraziliense.com.br\/cbradar\/wp-json\/wp\/v2\/media\/234842"}],"wp:attachment":[{"href":"https:\/\/www.correiobraziliense.com.br\/cbradar\/wp-json\/wp\/v2\/media?parent=234835"}],"wp:term":[{"taxonomy":"category","embeddable":true,"href":"https:\/\/www.correiobraziliense.com.br\/cbradar\/wp-json\/wp\/v2\/categories?post=234835"},{"taxonomy":"post_tag","embeddable":true,"href":"https:\/\/www.correiobraziliense.com.br\/cbradar\/wp-json\/wp\/v2\/tags?post=234835"}],"curies":[{"name":"wp","href":"https:\/\/api.w.org\/{rel}","templated":true}]}}