{"id":234836,"date":"2026-05-01T06:55:00","date_gmt":"2026-05-01T09:55:00","guid":{"rendered":"https:\/\/www.correiobraziliense.com.br\/cbradar\/?p=234836"},"modified":"2026-04-30T13:55:40","modified_gmt":"2026-04-30T16:55:40","slug":"como-identificar-sinais-de-vermes-no-corpo-que-podem-indicar-problemas-intestinais","status":"publish","type":"post","link":"https:\/\/www.correiobraziliense.com.br\/cbradar\/como-identificar-sinais-de-vermes-no-corpo-que-podem-indicar-problemas-intestinais\/","title":{"rendered":"Como identificar sinais de vermes no corpo que podem indicar problemas intestinais"},"content":{"rendered":"\n<p>Identificar a presen\u00e7a de parasitas intestinais \u00e9 fundamental para manter a sa\u00fade digestiva e o bem-estar geral. Muitas vezes, o organismo emite sinais sutis de que algo est\u00e1 errado, variando entre desconfortos abdominais e cansa\u00e7o inexplic\u00e1vel. Reconhecer essas manifesta\u00e7\u00f5es f\u00edsicas precocemente permite um tratamento eficaz e evita complica\u00e7\u00f5es futuras. Manter a aten\u00e7\u00e3o \u00e0s pequenas mudan\u00e7as no organismo garante o equil\u00edbrio.<\/p>\n\n\n\n<h2 class=\"wp-block-heading\">Quais s\u00e3o os primeiros sinais digestivos?<\/h2>\n\n\n\n<p>Os desconfortos na regi\u00e3o do abd\u00f4men costumam ser os primeiros ind\u00edcios notados por quem possui algum tipo de infec\u00e7\u00e3o parasit\u00e1ria. Dores constantes, sensa\u00e7\u00e3o de incha\u00e7o e gases em excesso podem indicar que o sistema digestivo est\u00e1 lutando contra invasores externos. Observar a regularidade dessas manifesta\u00e7\u00f5es \u00e9 um passo muito importante para buscar aux\u00edlio m\u00e9dico e restaurar a vitalidade de todos.<\/p>\n\n\n\n<p>Altera\u00e7\u00f5es repentinas no funcionamento do intestino tamb\u00e9m servem como alertas biol\u00f3gicos relevantes para a sa\u00fade de cada pessoa. Epis\u00f3dios frequentes de diarreia ou pris\u00e3o de ventre sem um motivo alimentar aparente exigem uma an\u00e1lise cuidadosa das rotinas di\u00e1rias. Quando o equil\u00edbrio interno \u00e9 rompido por agentes externos, o corpo demonstra essa instabilidade atrav\u00e9s de mudan\u00e7as f\u00edsicas bastante evidentes e claras.<\/p>\n\n\n\n<figure class=\"wp-block-image size-full\"><img decoding=\"async\" width=\"1280\" height=\"720\" src=\"https:\/\/www.correiobraziliense.com.br\/cbradar\/wp-content\/uploads\/2026\/04\/Gemini_Generated_Image_xm3n1pxm3n1pxm3n-1-1.png\" alt=\"Como identificar sinais de vermes no corpo que podem indicar problemas intestinais\" class=\"wp-image-234838\" srcset=\"https:\/\/www.correiobraziliense.com.br\/cbradar\/wp-content\/uploads\/2026\/04\/Gemini_Generated_Image_xm3n1pxm3n1pxm3n-1-1.png 1280w, https:\/\/www.correiobraziliense.com.br\/cbradar\/wp-content\/uploads\/2026\/04\/Gemini_Generated_Image_xm3n1pxm3n1pxm3n-1-1-300x169.png 300w, https:\/\/www.correiobraziliense.com.br\/cbradar\/wp-content\/uploads\/2026\/04\/Gemini_Generated_Image_xm3n1pxm3n1pxm3n-1-1-768x432.png 768w, https:\/\/www.correiobraziliense.com.br\/cbradar\/wp-content\/uploads\/2026\/04\/Gemini_Generated_Image_xm3n1pxm3n1pxm3n-1-1-750x422.png 750w, https:\/\/www.correiobraziliense.com.br\/cbradar\/wp-content\/uploads\/2026\/04\/Gemini_Generated_Image_xm3n1pxm3n1pxm3n-1-1-1140x641.png 1140w\" sizes=\"(max-width: 1280px) 100vw, 1280px\" \/><figcaption class=\"wp-element-caption\">Sinais no corpo podem indicar problemas intestinais e merecem aten\u00e7\u00e3o para evitar complica\u00e7\u00f5es<\/figcaption><\/figure>\n\n\n\n<h2 class=\"wp-block-heading\">Como a fadiga est\u00e1 relacionada ao problema?<\/h2>\n\n\n\n<p>A sensa\u00e7\u00e3o de exaust\u00e3o permanente pode ser um reflexo direto da disputa por nutrientes que ocorre dentro do corpo. Parasitas intestinais muitas vezes consomem subst\u00e2ncias vitais que seriam destinadas a gerar energia para as atividades cotidianas da pessoa. Sem esses elementos b\u00e1sicos, o organismo entra em um estado de cansa\u00e7o profundo que n\u00e3o desaparece mesmo ap\u00f3s o repouso longo demais.<\/p>\n\n\n\n<p>Al\u00e9m da falta de energia, a defici\u00eancia de vitaminas pode levar \u00e0 palidez e a uma fragilidade f\u00edsica not\u00e1vel. O corpo sinaliza que as reservas internas est\u00e3o baixas e que a absor\u00e7\u00e3o de alimentos n\u00e3o est\u00e1 ocorrendo no trato digest\u00f3rio. Perceber esses sinais de debilidade \u00e9 o caminho para recuperar a vitalidade e manter a sa\u00fade de maneira muito est\u00e1vel.<\/p>\n\n\n\n<h2 class=\"wp-block-heading\">Quais s\u00e3o as manifesta\u00e7\u00f5es externas vis\u00edveis?<\/h2>\n\n\n\n<p>Algumas rea\u00e7\u00f5es f\u00edsicas externas podem surgir como resposta \u00e0 presen\u00e7a de agentes invasores no trato intestinal humano. Coceira em regi\u00f5es espec\u00edficas, manchas na pele e at\u00e9 altera\u00e7\u00f5es no apetite s\u00e3o formas que o organismo encontra para denunciar que algo n\u00e3o est\u00e1 equilibrado internamente. Observar esses detalhes vis\u00edveis ajuda a identificar a necessidade de um cuidado m\u00e9dico muito especializado e atento.<\/p>\n\n\n\n<p>Os sinais f\u00edsicos mais comuns relatados por pacientes incluem:<\/p>\n\n\n\n<ul class=\"wp-block-list\">\n<li>Perda de peso sem motivo aparente.<\/li>\n\n\n\n<li>Aumento da fome ou falta de apetite.<\/li>\n\n\n\n<li>Prurido em \u00e1reas de mucosa.<\/li>\n\n\n\n<li>Presen\u00e7a de pontos brancos nas fezes.<\/li>\n<\/ul>\n\n\n\n<h2 class=\"wp-block-heading\">Como o apetite sofre altera\u00e7\u00f5es repentinas?<\/h2>\n\n\n\n<p>Mudan\u00e7as bruscas na vontade de comer podem sinalizar que o corpo est\u00e1 tentando compensar a perda nutricional causada por invasores. Algumas pessoas sentem uma fome insaci\u00e1vel, enquanto outras perdem totalmente o interesse pelas refei\u00e7\u00f5es di\u00e1rias habituais. Monitorar esses padr\u00f5es alimentares \u00e9 crucial para entender como o organismo est\u00e1 reagindo \u00e0 presen\u00e7a de elementos estranhos no trato digest\u00f3rio de cada indiv\u00edduo.<\/p>\n\n\n\n<p>A perda de peso sem altera\u00e7\u00f5es na dieta ou no n\u00edvel de atividade f\u00edsica tamb\u00e9m merece aten\u00e7\u00e3o especial durante a rotina. Esse sintoma ocorre porque os parasitas utilizam as calorias consumidas, impedindo que o hospedeiro mantenha seu peso corporal saud\u00e1vel e est\u00e1vel. Estar atento a essas flutua\u00e7\u00f5es garante que qualquer irregularidade f\u00edsica seja tratada com a rapidez necess\u00e1ria e \u00fatil.<\/p>\n\n\n\n<p>No v\u00eddeo abaixo do canal no YouTube\u00a0<strong><em>Nutricionista Patricia Leite<\/em><\/strong>, a nutricionista Patr\u00edcia cita os principais sintomas de vermes para prestar muita aten\u00e7\u00e3o, ela conta com mais de\u00a0<strong><em>8 milh\u00f5es de seguidores<\/em><\/strong>\u00a0e tr\u00e1s conte\u00fados sobre alimenta\u00e7\u00e3o e sa\u00fade:<\/p>\n\n\n\n<figure class=\"wp-block-embed is-type-video is-provider-youtube wp-block-embed-youtube wp-embed-aspect-16-9 wp-has-aspect-ratio\"><div class=\"wp-block-embed__wrapper\">\n<div class=\"jeg_video_container jeg_video_content\"><iframe loading=\"lazy\" title=\"Sintomas de Vermes [SINAIS PERIGOSOS PARA PRESTAR ATEN\u00c7\u00c3O]\" width=\"500\" height=\"281\" src=\"https:\/\/www.youtube.com\/embed\/F1z0Y1ugKqQ?list=PL-ktTVxBNcQbDuqTxBZQPQ_uIWjGOJUid\" frameborder=\"0\" allow=\"accelerometer; autoplay; clipboard-write; encrypted-media; gyroscope; picture-in-picture; web-share\" referrerpolicy=\"strict-origin-when-cross-origin\" allowfullscreen><\/iframe><\/div>\n<\/div><\/figure>\n\n\n\n<p>Leia tamb\u00e9m: <a href=\"https:\/\/www.correiobraziliense.com.br\/cbradar\/incluir-essa-fruta-na-rotina-pode-melhorar-sua-qualidade-de-vida-rapidamente\/\" target=\"_blank\" rel=\"noreferrer noopener\">Incluir essa fruta na rotina pode melhorar sua qualidade de vida rapidamente<\/a><\/p>\n\n\n\n<h2 class=\"wp-block-heading\">Qual a import\u00e2ncia dos exames regulares?<\/h2>\n\n\n\n<p>Realizar avalia\u00e7\u00f5es peri\u00f3dicas com profissionais qualificados \u00e9 a melhor maneira de garantir que o sistema interno esteja livre de invasores. Muitos sintomas podem ser confundidos com outras condi\u00e7\u00f5es digestivas comuns, tornando o diagn\u00f3stico cl\u00ednico essencial para um tratamento preciso e eficaz. Manter os exames em dia protege a sa\u00fade e assegura uma vida tranquila para toda a fam\u00edlia de todos.<\/p>\n\n\n\n<p>A preven\u00e7\u00e3o atrav\u00e9s de h\u00e1bitos de higiene rigorosos reduz drasticamente os riscos de contamina\u00e7\u00e3o por agentes externos no cotidiano. Manter as m\u00e3os limpas e os alimentos bem higienizados s\u00e3o medidas fundamentais, pois conforme o <strong><a target=\"_blank\" rel=\"noreferrer noopener\" href=\"https:\/\/www.who.int\/news-room\/fact-sheets\/detail\/food-safety\">World Health Organization<\/a><\/strong> a seguran\u00e7a alimentar protege o organismo humano. Cuidar da sa\u00fade preventiva \u00e9 o melhor investimento para garantir um vigor f\u00edsico bastante constante sempre.<\/p>\n","protected":false},"excerpt":{"rendered":"<p>Identificar a presen\u00e7a de parasitas intestinais \u00e9 fundamental para manter a sa\u00fade digestiva e o bem-estar geral. Muitas vezes, o organismo emite sinais sutis de que algo est\u00e1 errado, variando entre desconfortos abdominais e cansa\u00e7o inexplic\u00e1vel. Reconhecer essas manifesta\u00e7\u00f5es f\u00edsicas precocemente permite um tratamento eficaz e evita complica\u00e7\u00f5es futuras. Manter a aten\u00e7\u00e3o \u00e0s pequenas mudan\u00e7as [&hellip;]<\/p>\n","protected":false},"author":21,"featured_media":234837,"comment_status":"open","ping_status":"open","sticky":false,"template":"","format":"standard","meta":{"_yoast_wpseo_focuskw":"sintomas de vermes","_yoast_wpseo_title":"","_yoast_wpseo_metadesc":"Sinais discretos no corpo podem indicar problemas internos e reconhecer esses sintomas ajuda a proteger sua sa\u00fade","jnews-multi-image_gallery":[],"jnews_single_post":{"format":"standard"},"jnews_primary_category":[],"jnews_social_meta":[],"jnews_override_counter":[],"footnotes":""},"categories":[119],"tags":[3559,1318,4201,12375],"class_list":["post-234836","post","type-post","status-publish","format-standard","has-post-thumbnail","hentry","category-bem-estar","tag-corpo-humano","tag-saude-2","tag-sintomas","tag-vermes"],"yoast_head":"<!-- This site is optimized with the Yoast SEO plugin v24.6 - https:\/\/yoast.com\/wordpress\/plugins\/seo\/ -->\n<title>Como identificar sinais de vermes no corpo que podem indicar problemas intestinais - Correio Braziliense - Radar<\/title>\n<meta name=\"description\" content=\"Sinais discretos no corpo podem indicar problemas internos e reconhecer esses sintomas ajuda a proteger sua sa\u00fade\" \/>\n<meta name=\"robots\" content=\"index, follow, max-snippet:-1, max-image-preview:large, max-video-preview:-1\" \/>\n<link rel=\"canonical\" href=\"https:\/\/www.correiobraziliense.com.br\/cbradar\/como-identificar-sinais-de-vermes-no-corpo-que-podem-indicar-problemas-intestinais\/\" \/>\n<meta property=\"og:locale\" content=\"pt_BR\" \/>\n<meta property=\"og:type\" content=\"article\" \/>\n<meta property=\"og:title\" content=\"Como identificar sinais de vermes no corpo que podem indicar problemas intestinais - Correio Braziliense - Radar\" \/>\n<meta property=\"og:description\" content=\"Sinais discretos no corpo podem indicar problemas internos e reconhecer esses sintomas ajuda a proteger sua sa\u00fade\" \/>\n<meta property=\"og:url\" content=\"https:\/\/www.correiobraziliense.com.br\/cbradar\/como-identificar-sinais-de-vermes-no-corpo-que-podem-indicar-problemas-intestinais\/\" \/>\n<meta property=\"og:site_name\" content=\"Correio Braziliense - Radar\" \/>\n<meta property=\"article:published_time\" content=\"2026-05-01T09:55:00+00:00\" \/>\n<meta property=\"og:image\" content=\"https:\/\/www.correiobraziliense.com.br\/cbradar\/wp-content\/uploads\/2026\/04\/Gemini_Generated_Image_hrb9adhrb9adhrb9-1-1.png\" \/>\n\t<meta property=\"og:image:width\" content=\"1280\" \/>\n\t<meta property=\"og:image:height\" content=\"720\" \/>\n\t<meta property=\"og:image:type\" content=\"image\/png\" \/>\n<meta name=\"author\" content=\"Patrick Silva\" \/>\n<meta name=\"twitter:card\" content=\"summary_large_image\" \/>\n<meta name=\"twitter:label1\" content=\"Escrito por\" \/>\n\t<meta name=\"twitter:data1\" content=\"Patrick Silva\" \/>\n\t<meta name=\"twitter:label2\" content=\"Est. tempo de leitura\" \/>\n\t<meta name=\"twitter:data2\" content=\"5 minutos\" \/>\n<!-- \/ Yoast SEO plugin. -->","yoast_head_json":{"title":"Como identificar sinais de vermes no corpo que podem indicar problemas intestinais - Correio Braziliense - Radar","description":"Sinais discretos no corpo podem indicar problemas internos e reconhecer esses sintomas ajuda a proteger sua sa\u00fade","robots":{"index":"index","follow":"follow","max-snippet":"max-snippet:-1","max-image-preview":"max-image-preview:large","max-video-preview":"max-video-preview:-1"},"canonical":"https:\/\/www.correiobraziliense.com.br\/cbradar\/como-identificar-sinais-de-vermes-no-corpo-que-podem-indicar-problemas-intestinais\/","og_locale":"pt_BR","og_type":"article","og_title":"Como identificar sinais de vermes no corpo que podem indicar problemas intestinais - Correio Braziliense - Radar","og_description":"Sinais discretos no corpo podem indicar problemas internos e reconhecer esses sintomas ajuda a proteger sua sa\u00fade","og_url":"https:\/\/www.correiobraziliense.com.br\/cbradar\/como-identificar-sinais-de-vermes-no-corpo-que-podem-indicar-problemas-intestinais\/","og_site_name":"Correio Braziliense - Radar","article_published_time":"2026-05-01T09:55:00+00:00","og_image":[{"width":1280,"height":720,"url":"https:\/\/www.correiobraziliense.com.br\/cbradar\/wp-content\/uploads\/2026\/04\/Gemini_Generated_Image_hrb9adhrb9adhrb9-1-1.png","type":"image\/png"}],"author":"Patrick Silva","twitter_card":"summary_large_image","twitter_misc":{"Escrito por":"Patrick Silva","Est. tempo de leitura":"5 minutos"},"schema":{"@context":"https:\/\/schema.org","@graph":[{"@type":"WebPage","@id":"https:\/\/www.correiobraziliense.com.br\/cbradar\/como-identificar-sinais-de-vermes-no-corpo-que-podem-indicar-problemas-intestinais\/","url":"https:\/\/www.correiobraziliense.com.br\/cbradar\/como-identificar-sinais-de-vermes-no-corpo-que-podem-indicar-problemas-intestinais\/","name":"Como identificar sinais de vermes no corpo que podem indicar problemas intestinais - Correio Braziliense - Radar","isPartOf":{"@id":"https:\/\/www.correiobraziliense.com.br\/cbradar\/#website"},"primaryImageOfPage":{"@id":"https:\/\/www.correiobraziliense.com.br\/cbradar\/como-identificar-sinais-de-vermes-no-corpo-que-podem-indicar-problemas-intestinais\/#primaryimage"},"image":{"@id":"https:\/\/www.correiobraziliense.com.br\/cbradar\/como-identificar-sinais-de-vermes-no-corpo-que-podem-indicar-problemas-intestinais\/#primaryimage"},"thumbnailUrl":"https:\/\/www.correiobraziliense.com.br\/cbradar\/wp-content\/uploads\/2026\/04\/Gemini_Generated_Image_hrb9adhrb9adhrb9-1-1.png","datePublished":"2026-05-01T09:55:00+00:00","author":{"@id":"https:\/\/www.correiobraziliense.com.br\/cbradar\/#\/schema\/person\/5440b72be9c7eb74f446c846479dc4da"},"description":"Sinais discretos no corpo podem indicar problemas internos e reconhecer esses sintomas ajuda a proteger sua sa\u00fade","breadcrumb":{"@id":"https:\/\/www.correiobraziliense.com.br\/cbradar\/como-identificar-sinais-de-vermes-no-corpo-que-podem-indicar-problemas-intestinais\/#breadcrumb"},"inLanguage":"pt-BR","potentialAction":[{"@type":"ReadAction","target":["https:\/\/www.correiobraziliense.com.br\/cbradar\/como-identificar-sinais-de-vermes-no-corpo-que-podem-indicar-problemas-intestinais\/"]}]},{"@type":"ImageObject","inLanguage":"pt-BR","@id":"https:\/\/www.correiobraziliense.com.br\/cbradar\/como-identificar-sinais-de-vermes-no-corpo-que-podem-indicar-problemas-intestinais\/#primaryimage","url":"https:\/\/www.correiobraziliense.com.br\/cbradar\/wp-content\/uploads\/2026\/04\/Gemini_Generated_Image_hrb9adhrb9adhrb9-1-1.png","contentUrl":"https:\/\/www.correiobraziliense.com.br\/cbradar\/wp-content\/uploads\/2026\/04\/Gemini_Generated_Image_hrb9adhrb9adhrb9-1-1.png","width":1280,"height":720,"caption":"Sinais no corpo podem indicar problemas intestinais e merecem aten\u00e7\u00e3o para evitar complica\u00e7\u00f5es"},{"@type":"BreadcrumbList","@id":"https:\/\/www.correiobraziliense.com.br\/cbradar\/como-identificar-sinais-de-vermes-no-corpo-que-podem-indicar-problemas-intestinais\/#breadcrumb","itemListElement":[{"@type":"ListItem","position":1,"name":"In\u00edcio","item":"https:\/\/www.correiobraziliense.com.br\/cbradar\/"},{"@type":"ListItem","position":2,"name":"Como identificar sinais de vermes no corpo que podem indicar problemas intestinais"}]},{"@type":"WebSite","@id":"https:\/\/www.correiobraziliense.com.br\/cbradar\/#website","url":"https:\/\/www.correiobraziliense.com.br\/cbradar\/","name":"Correio Braziliense - Radar","description":"Acompanhe as \u00faltimas not\u00edcias e fique bem informado sobre tudo o que acontece no Brasil e no mundo.","potentialAction":[{"@type":"SearchAction","target":{"@type":"EntryPoint","urlTemplate":"https:\/\/www.correiobraziliense.com.br\/cbradar\/?s={search_term_string}"},"query-input":{"@type":"PropertyValueSpecification","valueRequired":true,"valueName":"search_term_string"}}],"inLanguage":"pt-BR"},{"@type":"Person","@id":"https:\/\/www.correiobraziliense.com.br\/cbradar\/#\/schema\/person\/5440b72be9c7eb74f446c846479dc4da","name":"Patrick Silva","image":{"@type":"ImageObject","inLanguage":"pt-BR","@id":"https:\/\/www.correiobraziliense.com.br\/cbradar\/#\/schema\/person\/image\/","url":"https:\/\/secure.gravatar.com\/avatar\/944109df296fc087785c9715fd5f80b2?s=96&d=mm&r=g","contentUrl":"https:\/\/secure.gravatar.com\/avatar\/944109df296fc087785c9715fd5f80b2?s=96&d=mm&r=g","caption":"Patrick Silva"},"sameAs":["https:\/\/www.correiobraziliense.com.br\/cbradar\/"],"url":"https:\/\/www.correiobraziliense.com.br\/cbradar\/author\/patrick-silva\/"}]}},"_links":{"self":[{"href":"https:\/\/www.correiobraziliense.com.br\/cbradar\/wp-json\/wp\/v2\/posts\/234836","targetHints":{"allow":["GET"]}}],"collection":[{"href":"https:\/\/www.correiobraziliense.com.br\/cbradar\/wp-json\/wp\/v2\/posts"}],"about":[{"href":"https:\/\/www.correiobraziliense.com.br\/cbradar\/wp-json\/wp\/v2\/types\/post"}],"author":[{"embeddable":true,"href":"https:\/\/www.correiobraziliense.com.br\/cbradar\/wp-json\/wp\/v2\/users\/21"}],"replies":[{"embeddable":true,"href":"https:\/\/www.correiobraziliense.com.br\/cbradar\/wp-json\/wp\/v2\/comments?post=234836"}],"version-history":[{"count":1,"href":"https:\/\/www.correiobraziliense.com.br\/cbradar\/wp-json\/wp\/v2\/posts\/234836\/revisions"}],"predecessor-version":[{"id":234839,"href":"https:\/\/www.correiobraziliense.com.br\/cbradar\/wp-json\/wp\/v2\/posts\/234836\/revisions\/234839"}],"wp:featuredmedia":[{"embeddable":true,"href":"https:\/\/www.correiobraziliense.com.br\/cbradar\/wp-json\/wp\/v2\/media\/234837"}],"wp:attachment":[{"href":"https:\/\/www.correiobraziliense.com.br\/cbradar\/wp-json\/wp\/v2\/media?parent=234836"}],"wp:term":[{"taxonomy":"category","embeddable":true,"href":"https:\/\/www.correiobraziliense.com.br\/cbradar\/wp-json\/wp\/v2\/categories?post=234836"},{"taxonomy":"post_tag","embeddable":true,"href":"https:\/\/www.correiobraziliense.com.br\/cbradar\/wp-json\/wp\/v2\/tags?post=234836"}],"curies":[{"name":"wp","href":"https:\/\/api.w.org\/{rel}","templated":true}]}}