{"id":234852,"date":"2026-05-01T16:05:00","date_gmt":"2026-05-01T19:05:00","guid":{"rendered":"https:\/\/www.correiobraziliense.com.br\/cbradar\/?p=234852"},"modified":"2026-04-30T22:35:38","modified_gmt":"2026-05-01T01:35:38","slug":"como-manter-a-forca-nas-pernas-depois-dos-60-alimentos-e-habitos-que-fazem-diferenca-segundo-especialistas","status":"publish","type":"post","link":"https:\/\/www.correiobraziliense.com.br\/cbradar\/como-manter-a-forca-nas-pernas-depois-dos-60-alimentos-e-habitos-que-fazem-diferenca-segundo-especialistas\/","title":{"rendered":"Como manter a for\u00e7a nas pernas depois dos 60: alimentos e h\u00e1bitos que fazem diferen\u00e7a segundo especialistas"},"content":{"rendered":"\n<p>H\u00e1 um dado que pouca gente conhece: a cada d\u00e9cada ap\u00f3s os 60 anos, a <strong>for\u00e7a nas pernas<\/strong> pode cair at\u00e9 15% mesmo em mulheres saud\u00e1veis. A respons\u00e1vel por esse decl\u00ednio silencioso \u00e9 a <strong>sarcopenia<\/strong>, a perda progressiva de massa e fun\u00e7\u00e3o muscular que acelera justamente nessa fase da vida. A boa not\u00edcia \u00e9 que dois pilares simples, alimenta\u00e7\u00e3o e exerc\u00edcio f\u00edsico, conseguem frear esse processo e devolver autonomia a quem j\u00e1 sente as pernas mais fracas.<\/p>\n\n\n\n<h2 class=\"wp-block-heading\">O que \u00e9 a sarcopenia e por que ela afeta as pernas primeiro?<\/h2>\n\n\n\n<p>A <a href=\"https:\/\/pt.wikipedia.org\/wiki\/Sarcopenia\" target=\"_blank\" rel=\"noreferrer noopener\"><strong>sarcopenia<\/strong><\/a> \u00e9 uma doen\u00e7a muscular reconhecida pela Organiza\u00e7\u00e3o Mundial da Sa\u00fade que reduz progressivamente a quantidade e a qualidade das fibras musculares. Nos membros inferiores, o impacto aparece cedo porque os <strong>quadr\u00edceps, gl\u00fateos e panturrilhas<\/strong> s\u00e3o m\u00fasculos essenciais para levantar, andar e manter o equil\u00edbrio.<\/p>\n\n\n\n<p>Estima\u2011se que <strong>15% dos brasileiros<\/strong> j\u00e1 tenham sarcopenia aos 60 anos, n\u00famero que salta para <strong>46% ap\u00f3s os 80<\/strong>. Quando esses grandes grupos musculares enfraquecem, atividades simples como subir escada ou levantar de uma cadeira viram desafios perigosos, aumentando o risco de quedas e fraturas.<\/p>\n\n\n<div class=\"wp-block-image\">\n<figure class=\"aligncenter size-large\"><img decoding=\"async\" width=\"1024\" height=\"576\" src=\"https:\/\/www.correiobraziliense.com.br\/cbradar\/wp-content\/uploads\/2025\/08\/sarcopenia-_1756135314070-1024x576.jpg\" alt=\"Perda de massa muscular na velhice pode ser evitada com esses cuidados\" class=\"wp-image-93016\" srcset=\"https:\/\/www.correiobraziliense.com.br\/cbradar\/wp-content\/uploads\/2025\/08\/sarcopenia-_1756135314070-1024x576.jpg 1024w, https:\/\/www.correiobraziliense.com.br\/cbradar\/wp-content\/uploads\/2025\/08\/sarcopenia-_1756135314070-300x169.jpg 300w, https:\/\/www.correiobraziliense.com.br\/cbradar\/wp-content\/uploads\/2025\/08\/sarcopenia-_1756135314070-768x432.jpg 768w, https:\/\/www.correiobraziliense.com.br\/cbradar\/wp-content\/uploads\/2025\/08\/sarcopenia-_1756135314070-750x422.jpg 750w, https:\/\/www.correiobraziliense.com.br\/cbradar\/wp-content\/uploads\/2025\/08\/sarcopenia-_1756135314070-1140x642.jpg 1140w, https:\/\/www.correiobraziliense.com.br\/cbradar\/wp-content\/uploads\/2025\/08\/sarcopenia-_1756135314070.jpg 1279w\" sizes=\"(max-width: 1024px) 100vw, 1024px\" \/><figcaption class=\"wp-element-caption\">Como manter a for\u00e7a nas pernas depois dos 60 &#8211; Cr\u00e9ditos: depositphotos.com \/ toa55<\/figcaption><\/figure><\/div>\n\n\n<h2 class=\"wp-block-heading\">Quais alimentos ajudam a preservar a for\u00e7a muscular nas pernas?<\/h2>\n\n\n\n<p>A base da pir\u00e2mide alimentar para m\u00fasculos fortes \u00e9 a <strong>prote\u00edna de alto valor biol\u00f3gico<\/strong>. Diferentemente de um adulto jovem, o organismo ap\u00f3s os 60 anos desenvolve <strong>resist\u00eancia anab\u00f3lica<\/strong>: precisa de mais amino\u00e1cidos para gerar o mesmo est\u00edmulo de constru\u00e7\u00e3o muscular.<\/p>\n\n\n\n<p>Os alimentos que mais contribuem para reverter a fraqueza nas pernas est\u00e3o nos grupos a seguir:<\/p>\n\n\n\n<ul class=\"wp-block-list\">\n<li><strong>Ovos, frango e carne vermelha magra:<\/strong> fornecem todos os amino\u00e1cidos essenciais, incluindo a leucina, que funciona como um interruptor qu\u00edmico para a s\u00edntese muscular.<\/li>\n\n\n\n<li><strong>Peixes de \u00e1gua fria (sardinha, salm\u00e3o, atum):<\/strong> al\u00e9m de prote\u00edna, entregam \u00f4mega\u20113, gordura que reduz a inflama\u00e7\u00e3o cr\u00f4nica que acelera a perda de massa magra.<\/li>\n\n\n\n<li><strong>Latic\u00ednios (queijo, iogurte natural, leite):<\/strong> combinam prote\u00edna com c\u00e1lcio, mineral indispens\u00e1vel para a contra\u00e7\u00e3o muscular e a sa\u00fade \u00f3ssea.<\/li>\n\n\n\n<li><strong>Leguminosas (feij\u00e3o, lentilha, gr\u00e3o\u2011de\u2011bico) e cereais integrais (aveia, quinoa):<\/strong> oferecem prote\u00edna vegetal e carboidratos complexos que poupam a massa muscular de ser usada como fonte de energia.<\/li>\n<\/ul>\n\n\n\n<h2 class=\"wp-block-heading\">Por que a prote\u00edna se torna mais importante depois dos 60?<\/h2>\n\n\n\n<p>Ap\u00f3s os 60 anos, o corpo responde menos ao est\u00edmulo da prote\u00edna. Por isso, especialistas recomendam que idosos consumam entre <strong>1,2 e 1,5 grama de prote\u00edna por quilo de peso corporal por dia<\/strong>, valor bem acima dos 0,8 g\/kg sugeridos para adultos jovens.<\/p>\n\n\n\n<p>Um estudo publicado no <strong>Frontiers in Sports and Active Living<\/strong> mostrou que, quando idosos combinaram exerc\u00edcios de for\u00e7a com uma dieta rica em prote\u00edna vinda de alimentos integrais, o ganho de for\u00e7a no leg press foi <strong>quase tr\u00eas vezes maior<\/strong> do que apenas treinar ou apenas mudar a alimenta\u00e7\u00e3o isoladamente. A distribui\u00e7\u00e3o da prote\u00edna ao longo do dia, em caf\u00e9 da manh\u00e3, almo\u00e7o e jantar, potencializa ainda mais esse efeito.<\/p>\n\n\n\n<p>No v\u00eddeo a seguir, o perfil do <strong>Dr Fl\u00e1vio Jambo<\/strong>, com mais de 590 mil inscritos, fala um pouco sobre o assunto:<\/p>\n\n\n\n<iframe loading=\"lazy\" width=\"342\" height=\"608\" src=\"https:\/\/www.youtube.com\/embed\/wV3dQeETtx8\" title=\"Porque pessoas acima de 60 anos devem consumir mais prote\u00edna do que adulto jovem #shorts\" frameborder=\"0\" allow=\"accelerometer; autoplay; clipboard-write; encrypted-media; gyroscope; picture-in-picture; web-share\" referrerpolicy=\"strict-origin-when-cross-origin\" allowfullscreen><\/iframe>\n\n\n\n<h2 class=\"wp-block-heading\">Quais exerc\u00edcios realmente devolvem for\u00e7a para as pernas?<\/h2>\n\n\n\n<p>A caminhada \u00e9 ben\u00e9fica para o cora\u00e7\u00e3o, mas <strong>n\u00e3o \u00e9 suficiente<\/strong> para preservar ou recuperar a for\u00e7a muscular. O est\u00edmulo que realmente ativa as fibras musculares \u00e9 o <strong>treinamento de resist\u00eancia<\/strong>, feito com o peso do pr\u00f3prio corpo, faixas el\u00e1sticas ou pesos livres.<\/p>\n\n\n\n<p>Segundo especialistas em geriatria, a recomenda\u00e7\u00e3o m\u00ednima \u00e9 de <strong>duas sess\u00f5es semanais<\/strong> de exerc\u00edcios de for\u00e7a. Os movimentos devem priorizar grandes grupos musculares das pernas; confira alguns seguros para fazer em casa:<\/p>\n\n\n\n<ul class=\"wp-block-list\">\n<li><strong>Agachamento na cadeira:<\/strong> sentar e levantar sem usar as m\u00e3os, repetindo de 8 a 12 vezes.<\/li>\n\n\n\n<li><strong>Eleva\u00e7\u00e3o de panturrilhas:<\/strong> apoiar\u2011se em uma parede e subir na ponta dos p\u00e9s lentamente.<\/li>\n\n\n\n<li><strong>Ponte de gl\u00fateos:<\/strong> deitado de costas, com joelhos dobrados, elevar o quadril at\u00e9 formar uma linha reta dos ombros aos joelhos.<\/li>\n\n\n\n<li><strong>Subida de degrau:<\/strong> com apoio, subir e descer um degrau baixo alternando as pernas.<\/li>\n<\/ul>\n\n\n\n<p>Leia tamb\u00e9m: <a href=\"https:\/\/www.correiobraziliense.com.br\/cbradar\/nem-cru-nem-em-excesso-como-consumir-aveia-do-jeito-certo-para-melhorar-a-digestao\/\" target=\"_blank\" rel=\"noreferrer noopener\">Nem cru, nem em excesso: como consumir aveia do jeito certo para melhorar a digest\u00e3o<\/a><\/p>\n\n\n\n<h2 class=\"wp-block-heading\">Quais h\u00e1bitos di\u00e1rios protegem a for\u00e7a das pernas?<\/h2>\n\n\n\n<p>Al\u00e9m da dieta e do treino, pequenas escolhas di\u00e1rias fazem diferen\u00e7a nos resultados. A <strong>exposi\u00e7\u00e3o solar<\/strong> de 15 a 20 minutos por dia, sem protetor nos bra\u00e7os e pernas, mant\u00e9m os n\u00edveis de <strong>vitamina D<\/strong> adequados \u2013 fator diretamente ligado \u00e0 for\u00e7a de membros inferiores, como aponta revis\u00e3o da Universidade de S\u00e3o Paulo.<\/p>\n\n\n\n<p>Outro h\u00e1bito essencial \u00e9 <strong>dormir bem<\/strong>. Durante o sono profundo, o organismo libera horm\u00f4nio do crescimento e realiza a repara\u00e7\u00e3o das fibras musculares que foram estimuladas durante o dia. A <strong>hidrata\u00e7\u00e3o<\/strong> tamb\u00e9m n\u00e3o pode ser esquecida: m\u00fasculos desidratados perdem efici\u00eancia na contra\u00e7\u00e3o e se tornam mais suscet\u00edveis a c\u00e3ibras e les\u00f5es.<\/p>\n\n\n\n<h2 class=\"wp-block-heading\">Quando procurar ajuda profissional?<\/h2>\n\n\n\n<p>Se a dificuldade para levantar de uma cadeira, subir escadas ou caminhar dist\u00e2ncias curtas j\u00e1 est\u00e1 presente, \u00e9 hora de buscar um <a href=\"https:\/\/pmc.ncbi.nlm.nih.gov\/articles\/PMC8034230\/\" target=\"_blank\" rel=\"noreferrer noopener\"><strong>m\u00e9dico geriatra<\/strong><\/a> ou um fisioterapeuta. Esses profissionais podem avaliar a for\u00e7a muscular, identificar defici\u00eancias nutricionais e montar um plano de exerc\u00edcios personalizado, seguro e compat\u00edvel com a condi\u00e7\u00e3o f\u00edsica de cada pessoa.<\/p>\n\n\n\n<p>Com os ajustes certos na alimenta\u00e7\u00e3o, a inclus\u00e3o de exerc\u00edcios de for\u00e7a e a manuten\u00e7\u00e3o de h\u00e1bitos saud\u00e1veis, \u00e9 totalmente poss\u00edvel recuperar parte importante da for\u00e7a perdida e manter a independ\u00eancia por muitos anos.<\/p>\n\n\n\n<p><\/p>\n","protected":false},"excerpt":{"rendered":"<p>H\u00e1 um dado que pouca gente conhece: a cada d\u00e9cada ap\u00f3s os 60 anos, a for\u00e7a nas pernas pode cair at\u00e9 15% mesmo em mulheres saud\u00e1veis. A respons\u00e1vel por esse decl\u00ednio silencioso \u00e9 a sarcopenia, a perda progressiva de massa e fun\u00e7\u00e3o muscular que acelera justamente nessa fase da vida. A boa not\u00edcia \u00e9 que [&hellip;]<\/p>\n","protected":false},"author":11,"featured_media":235094,"comment_status":"open","ping_status":"open","sticky":false,"template":"","format":"standard","meta":{"_yoast_wpseo_focuskw":"for\u00e7a nas pernas depois dos 60","_yoast_wpseo_title":"","_yoast_wpseo_metadesc":"Ap\u00f3s os 60, manter a for\u00e7a das pernas exige mais do que caminhada. Veja alimentos e h\u00e1bitos que fazem diferen\u00e7a segundo especialistas.","jnews-multi-image_gallery":[],"jnews_single_post":{"format":"standard"},"jnews_primary_category":[],"jnews_social_meta":[],"jnews_override_counter":[],"footnotes":""},"categories":[119],"tags":[1225,1317,6811,5013],"class_list":["post-234852","post","type-post","status-publish","format-standard","has-post-thumbnail","hentry","category-bem-estar","tag-envelhecimento","tag-exercicios","tag-proteina-2","tag-sarcopenia"],"yoast_head":"<!-- This site is optimized with the Yoast SEO plugin v24.6 - https:\/\/yoast.com\/wordpress\/plugins\/seo\/ -->\n<title>Como manter a for\u00e7a nas pernas depois dos 60: alimentos e h\u00e1bitos que fazem diferen\u00e7a segundo especialistas - Correio Braziliense - Radar<\/title>\n<meta name=\"description\" content=\"Ap\u00f3s os 60, manter a for\u00e7a das pernas exige mais do que caminhada. Veja alimentos e h\u00e1bitos que fazem diferen\u00e7a segundo especialistas.\" \/>\n<meta name=\"robots\" content=\"index, follow, max-snippet:-1, max-image-preview:large, max-video-preview:-1\" \/>\n<link rel=\"canonical\" href=\"https:\/\/www.correiobraziliense.com.br\/cbradar\/como-manter-a-forca-nas-pernas-depois-dos-60-alimentos-e-habitos-que-fazem-diferenca-segundo-especialistas\/\" \/>\n<meta property=\"og:locale\" content=\"pt_BR\" \/>\n<meta property=\"og:type\" content=\"article\" \/>\n<meta property=\"og:title\" content=\"Como manter a for\u00e7a nas pernas depois dos 60: alimentos e h\u00e1bitos que fazem diferen\u00e7a segundo especialistas - Correio Braziliense - Radar\" \/>\n<meta property=\"og:description\" content=\"Ap\u00f3s os 60, manter a for\u00e7a das pernas exige mais do que caminhada. Veja alimentos e h\u00e1bitos que fazem diferen\u00e7a segundo especialistas.\" \/>\n<meta property=\"og:url\" content=\"https:\/\/www.correiobraziliense.com.br\/cbradar\/como-manter-a-forca-nas-pernas-depois-dos-60-alimentos-e-habitos-que-fazem-diferenca-segundo-especialistas\/\" \/>\n<meta property=\"og:site_name\" content=\"Correio Braziliense - Radar\" \/>\n<meta property=\"article:published_time\" content=\"2026-05-01T19:05:00+00:00\" \/>\n<meta property=\"og:image\" content=\"https:\/\/www.correiobraziliense.com.br\/cbradar\/wp-content\/uploads\/2026\/05\/IMAGEM_720p_1777599312311.jpg\" \/>\n\t<meta property=\"og:image:width\" content=\"1280\" \/>\n\t<meta property=\"og:image:height\" content=\"720\" \/>\n\t<meta property=\"og:image:type\" content=\"image\/jpeg\" \/>\n<meta name=\"author\" content=\"Paulo Custodio\" \/>\n<meta name=\"twitter:card\" content=\"summary_large_image\" \/>\n<meta name=\"twitter:label1\" content=\"Escrito por\" \/>\n\t<meta name=\"twitter:data1\" content=\"Paulo Custodio\" \/>\n\t<meta name=\"twitter:label2\" content=\"Est. tempo de leitura\" \/>\n\t<meta name=\"twitter:data2\" content=\"6 minutos\" \/>\n<!-- \/ Yoast SEO plugin. -->","yoast_head_json":{"title":"Como manter a for\u00e7a nas pernas depois dos 60: alimentos e h\u00e1bitos que fazem diferen\u00e7a segundo especialistas - Correio Braziliense - Radar","description":"Ap\u00f3s os 60, manter a for\u00e7a das pernas exige mais do que caminhada. Veja alimentos e h\u00e1bitos que fazem diferen\u00e7a segundo especialistas.","robots":{"index":"index","follow":"follow","max-snippet":"max-snippet:-1","max-image-preview":"max-image-preview:large","max-video-preview":"max-video-preview:-1"},"canonical":"https:\/\/www.correiobraziliense.com.br\/cbradar\/como-manter-a-forca-nas-pernas-depois-dos-60-alimentos-e-habitos-que-fazem-diferenca-segundo-especialistas\/","og_locale":"pt_BR","og_type":"article","og_title":"Como manter a for\u00e7a nas pernas depois dos 60: alimentos e h\u00e1bitos que fazem diferen\u00e7a segundo especialistas - Correio Braziliense - Radar","og_description":"Ap\u00f3s os 60, manter a for\u00e7a das pernas exige mais do que caminhada. Veja alimentos e h\u00e1bitos que fazem diferen\u00e7a segundo especialistas.","og_url":"https:\/\/www.correiobraziliense.com.br\/cbradar\/como-manter-a-forca-nas-pernas-depois-dos-60-alimentos-e-habitos-que-fazem-diferenca-segundo-especialistas\/","og_site_name":"Correio Braziliense - Radar","article_published_time":"2026-05-01T19:05:00+00:00","og_image":[{"width":1280,"height":720,"url":"https:\/\/www.correiobraziliense.com.br\/cbradar\/wp-content\/uploads\/2026\/05\/IMAGEM_720p_1777599312311.jpg","type":"image\/jpeg"}],"author":"Paulo Custodio","twitter_card":"summary_large_image","twitter_misc":{"Escrito por":"Paulo Custodio","Est. tempo de leitura":"6 minutos"},"schema":{"@context":"https:\/\/schema.org","@graph":[{"@type":"WebPage","@id":"https:\/\/www.correiobraziliense.com.br\/cbradar\/como-manter-a-forca-nas-pernas-depois-dos-60-alimentos-e-habitos-que-fazem-diferenca-segundo-especialistas\/","url":"https:\/\/www.correiobraziliense.com.br\/cbradar\/como-manter-a-forca-nas-pernas-depois-dos-60-alimentos-e-habitos-que-fazem-diferenca-segundo-especialistas\/","name":"Como manter a for\u00e7a nas pernas depois dos 60: alimentos e h\u00e1bitos que fazem diferen\u00e7a segundo especialistas - Correio Braziliense - Radar","isPartOf":{"@id":"https:\/\/www.correiobraziliense.com.br\/cbradar\/#website"},"primaryImageOfPage":{"@id":"https:\/\/www.correiobraziliense.com.br\/cbradar\/como-manter-a-forca-nas-pernas-depois-dos-60-alimentos-e-habitos-que-fazem-diferenca-segundo-especialistas\/#primaryimage"},"image":{"@id":"https:\/\/www.correiobraziliense.com.br\/cbradar\/como-manter-a-forca-nas-pernas-depois-dos-60-alimentos-e-habitos-que-fazem-diferenca-segundo-especialistas\/#primaryimage"},"thumbnailUrl":"https:\/\/www.correiobraziliense.com.br\/cbradar\/wp-content\/uploads\/2026\/05\/IMAGEM_720p_1777599312311.jpg","datePublished":"2026-05-01T19:05:00+00:00","author":{"@id":"https:\/\/www.correiobraziliense.com.br\/cbradar\/#\/schema\/person\/4cec7857301a9a1a2ef249893cd908d3"},"description":"Ap\u00f3s os 60, manter a for\u00e7a das pernas exige mais do que caminhada. Veja alimentos e h\u00e1bitos que fazem diferen\u00e7a segundo especialistas.","breadcrumb":{"@id":"https:\/\/www.correiobraziliense.com.br\/cbradar\/como-manter-a-forca-nas-pernas-depois-dos-60-alimentos-e-habitos-que-fazem-diferenca-segundo-especialistas\/#breadcrumb"},"inLanguage":"pt-BR","potentialAction":[{"@type":"ReadAction","target":["https:\/\/www.correiobraziliense.com.br\/cbradar\/como-manter-a-forca-nas-pernas-depois-dos-60-alimentos-e-habitos-que-fazem-diferenca-segundo-especialistas\/"]}]},{"@type":"ImageObject","inLanguage":"pt-BR","@id":"https:\/\/www.correiobraziliense.com.br\/cbradar\/como-manter-a-forca-nas-pernas-depois-dos-60-alimentos-e-habitos-que-fazem-diferenca-segundo-especialistas\/#primaryimage","url":"https:\/\/www.correiobraziliense.com.br\/cbradar\/wp-content\/uploads\/2026\/05\/IMAGEM_720p_1777599312311.jpg","contentUrl":"https:\/\/www.correiobraziliense.com.br\/cbradar\/wp-content\/uploads\/2026\/05\/IMAGEM_720p_1777599312311.jpg","width":1280,"height":720,"caption":"Como manter a for\u00e7a nas pernas depois dos 60"},{"@type":"BreadcrumbList","@id":"https:\/\/www.correiobraziliense.com.br\/cbradar\/como-manter-a-forca-nas-pernas-depois-dos-60-alimentos-e-habitos-que-fazem-diferenca-segundo-especialistas\/#breadcrumb","itemListElement":[{"@type":"ListItem","position":1,"name":"In\u00edcio","item":"https:\/\/www.correiobraziliense.com.br\/cbradar\/"},{"@type":"ListItem","position":2,"name":"Como manter a for\u00e7a nas pernas depois dos 60: alimentos e h\u00e1bitos que fazem diferen\u00e7a segundo especialistas"}]},{"@type":"WebSite","@id":"https:\/\/www.correiobraziliense.com.br\/cbradar\/#website","url":"https:\/\/www.correiobraziliense.com.br\/cbradar\/","name":"Correio Braziliense - Radar","description":"Acompanhe as \u00faltimas not\u00edcias e fique bem informado sobre tudo o que acontece no Brasil e no mundo.","potentialAction":[{"@type":"SearchAction","target":{"@type":"EntryPoint","urlTemplate":"https:\/\/www.correiobraziliense.com.br\/cbradar\/?s={search_term_string}"},"query-input":{"@type":"PropertyValueSpecification","valueRequired":true,"valueName":"search_term_string"}}],"inLanguage":"pt-BR"},{"@type":"Person","@id":"https:\/\/www.correiobraziliense.com.br\/cbradar\/#\/schema\/person\/4cec7857301a9a1a2ef249893cd908d3","name":"Paulo Custodio","image":{"@type":"ImageObject","inLanguage":"pt-BR","@id":"https:\/\/www.correiobraziliense.com.br\/cbradar\/#\/schema\/person\/image\/","url":"https:\/\/secure.gravatar.com\/avatar\/bcd67168d1534e8fcf4f45c726a87cea?s=96&d=mm&r=g","contentUrl":"https:\/\/secure.gravatar.com\/avatar\/bcd67168d1534e8fcf4f45c726a87cea?s=96&d=mm&r=g","caption":"Paulo Custodio"},"sameAs":["https:\/\/www.correiobraziliense.com.br\/cbradar"],"url":"https:\/\/www.correiobraziliense.com.br\/cbradar\/author\/paulomyth\/"}]}},"_links":{"self":[{"href":"https:\/\/www.correiobraziliense.com.br\/cbradar\/wp-json\/wp\/v2\/posts\/234852","targetHints":{"allow":["GET"]}}],"collection":[{"href":"https:\/\/www.correiobraziliense.com.br\/cbradar\/wp-json\/wp\/v2\/posts"}],"about":[{"href":"https:\/\/www.correiobraziliense.com.br\/cbradar\/wp-json\/wp\/v2\/types\/post"}],"author":[{"embeddable":true,"href":"https:\/\/www.correiobraziliense.com.br\/cbradar\/wp-json\/wp\/v2\/users\/11"}],"replies":[{"embeddable":true,"href":"https:\/\/www.correiobraziliense.com.br\/cbradar\/wp-json\/wp\/v2\/comments?post=234852"}],"version-history":[{"count":1,"href":"https:\/\/www.correiobraziliense.com.br\/cbradar\/wp-json\/wp\/v2\/posts\/234852\/revisions"}],"predecessor-version":[{"id":234858,"href":"https:\/\/www.correiobraziliense.com.br\/cbradar\/wp-json\/wp\/v2\/posts\/234852\/revisions\/234858"}],"wp:featuredmedia":[{"embeddable":true,"href":"https:\/\/www.correiobraziliense.com.br\/cbradar\/wp-json\/wp\/v2\/media\/235094"}],"wp:attachment":[{"href":"https:\/\/www.correiobraziliense.com.br\/cbradar\/wp-json\/wp\/v2\/media?parent=234852"}],"wp:term":[{"taxonomy":"category","embeddable":true,"href":"https:\/\/www.correiobraziliense.com.br\/cbradar\/wp-json\/wp\/v2\/categories?post=234852"},{"taxonomy":"post_tag","embeddable":true,"href":"https:\/\/www.correiobraziliense.com.br\/cbradar\/wp-json\/wp\/v2\/tags?post=234852"}],"curies":[{"name":"wp","href":"https:\/\/api.w.org\/{rel}","templated":true}]}}