{"id":234862,"date":"2026-05-02T07:25:00","date_gmt":"2026-05-02T10:25:00","guid":{"rendered":"https:\/\/www.correiobraziliense.com.br\/cbradar\/?p=234862"},"modified":"2026-05-01T17:37:42","modified_gmt":"2026-05-01T20:37:42","slug":"os-beneficios-do-ovo-para-a-massa-muscular-e-a-disposicao-de-adultos-acima-dos-60","status":"publish","type":"post","link":"https:\/\/www.correiobraziliense.com.br\/cbradar\/os-beneficios-do-ovo-para-a-massa-muscular-e-a-disposicao-de-adultos-acima-dos-60\/","title":{"rendered":"Os benef\u00edcios do ovo para a massa muscular e a disposi\u00e7\u00e3o de adultos acima dos 60"},"content":{"rendered":"\n<p>Ap\u00f3s os <strong>60<\/strong> anos, o organismo perde estrutura magra velozmente. Os altos <strong>benef\u00edcios do ovo<\/strong> na rotina di\u00e1ria interrompem essa fraqueza natural de forma barata. Esse acess\u00edvel alimento org\u00e2nico fornece prote\u00ednas limpas que recuperam a for\u00e7a motora e devolvem a energia vital.<\/p>\n\n\n\n<h2 class=\"wp-block-heading\">Por que a perda de for\u00e7a corporal acelera intensamente na terceira idade?<\/h2>\n\n\n\n<p>O envelhecimento biol\u00f3gico altera profundamente o compassado ritmo do metabolismo celular humano. A partir da sexta d\u00e9cada de vida, o corpo apresenta uma extrema dificuldade estrutural para sintetizar novos tecidos fortes, resultando em pernas tr\u00eamulas e finos bra\u00e7os muito fl\u00e1cidos.<\/p>\n\n\n\n<p>Essa grave condi\u00e7\u00e3o m\u00e9dica limitante dificulta in\u00fameras tarefas urbanas b\u00e1sicas, como levantar pesadas sacolas ou subir degraus \u00edngremes. Reverter esse duro quadro de degenera\u00e7\u00e3o motora exige uma agressiva carga nutricional extra de alto valor biol\u00f3gico para sustentar as pesadas articula\u00e7\u00f5es maduras desgastadas.<\/p>\n\n\n<div class=\"wp-block-image\">\n<figure class=\"aligncenter size-large\"><img decoding=\"async\" width=\"1024\" height=\"576\" src=\"https:\/\/www.correiobraziliense.com.br\/cbradar\/wp-content\/uploads\/2025\/05\/idoso-exercicio_1747226042295-1024x576.jpg\" alt=\"Quanto de exerc\u00edcio deve fazer por semana para uma longevidade saud\u00e1vel\" class=\"wp-image-36714\" srcset=\"https:\/\/www.correiobraziliense.com.br\/cbradar\/wp-content\/uploads\/2025\/05\/idoso-exercicio_1747226042295-1024x576.jpg 1024w, https:\/\/www.correiobraziliense.com.br\/cbradar\/wp-content\/uploads\/2025\/05\/idoso-exercicio_1747226042295-300x169.jpg 300w, https:\/\/www.correiobraziliense.com.br\/cbradar\/wp-content\/uploads\/2025\/05\/idoso-exercicio_1747226042295-768x432.jpg 768w, https:\/\/www.correiobraziliense.com.br\/cbradar\/wp-content\/uploads\/2025\/05\/idoso-exercicio_1747226042295-750x422.jpg 750w, https:\/\/www.correiobraziliense.com.br\/cbradar\/wp-content\/uploads\/2025\/05\/idoso-exercicio_1747226042295-1140x641.jpg 1140w, https:\/\/www.correiobraziliense.com.br\/cbradar\/wp-content\/uploads\/2025\/05\/idoso-exercicio_1747226042295.jpg 1280w\" sizes=\"(max-width: 1024px) 100vw, 1024px\" \/><figcaption class=\"wp-element-caption\">Benef\u00edcios do ovo para a massa muscular e a disposi\u00e7\u00e3o &#8211; Cr\u00e9ditos: depositphotos.com \/ AndrewLozovyi<\/figcaption><\/figure><\/div>\n\n\n<h2 class=\"wp-block-heading\">Como os benef\u00edcios do ovo reparam as fibras celulares enfraquecidas?<\/h2>\n\n\n\n<p>A p\u00e1lida clara concentra densas cadeias de amino\u00e1cidos puros que o sens\u00edvel intestino adulto absorve rapidamente. Essa rica carga reconstrutora viaja pela limpa corrente sangu\u00ednea e cicatriza perfeitamente as pequenas microles\u00f5es musculares geradas durante a movimenta\u00e7\u00e3o normal e cont\u00ednua do idoso.<\/p>\n\n\n\n<p>Uma extensa revis\u00e3o cl\u00ednica acad\u00eamica publicada na prestigiada base <strong><a href=\"https:\/\/pubmed.ncbi.nlm.nih.gov\/25926512\/\" target=\"_blank\" rel=\"noreferrer noopener\">PubMed<\/a><\/strong> atesta firmemente que a alta ingest\u00e3o proteica fracionada combate severamente a grave perda de m\u00fasculos em idosos saud\u00e1veis. Comer essa fonte limpa logo pela clara manh\u00e3 estabiliza toda a estrutura \u00f3ssea corporal.<\/p>\n\n\n\n<p>Leia tamb\u00e9m: <a href=\"https:\/\/www.correiobraziliense.com.br\/cbradar\/nem-cru-nem-em-excesso-como-consumir-aveia-do-jeito-certo-para-melhorar-a-digestao\/\" target=\"_blank\" rel=\"noreferrer noopener\">Nem cru, nem em excesso: como consumir aveia do jeito certo para melhorar a digest\u00e3o<\/a><\/p>\n\n\n\n<h2 class=\"wp-block-heading\">Qual \u00e9 o impacto biol\u00f3gico da gema amarela na prote\u00e7\u00e3o do c\u00e9rebro maduro?<\/h2>\n\n\n\n<p>Muitas pessoas descartam a redonda parte amarela por um puro medo injustificado da grossa gordura. Contudo, esse denso n\u00facleo pastoso guarda imensas reservas org\u00e2nicas de <a href=\"https:\/\/pt.wikipedia.org\/wiki\/Colina_(vitamina)\" target=\"_blank\" rel=\"noreferrer noopener\">colina<\/a>, um raro nutriente essencial que comp\u00f5e a dura membrana protetora dos bilh\u00f5es de neur\u00f4nios cerebrais ativos.<\/p>\n\n\n\n<p>Ingerir essa forte vitamina diariamente afia a curta mem\u00f3ria recente e corta a perigosa n\u00e9voa mental let\u00e1rgica depressiva. O rico alimento prim\u00e1rio atua perfeitamente como uma s\u00f3lida barreira qu\u00edmica preventiva, mantendo as velozes sinapses el\u00e9tricas cranianas sempre \u00e1geis e altamente lubrificadas.<\/p>\n\n\n<div class=\"wp-block-image\">\n<figure class=\"aligncenter size-large\"><img decoding=\"async\" width=\"1024\" height=\"576\" src=\"https:\/\/www.correiobraziliense.com.br\/cbradar\/wp-content\/uploads\/2026\/02\/imagem_2026-02-16_142136920-1024x576.png\" alt=\"Macro detalhado de um ovo sendo quebrado, destacando a cor vibrante da gema e a textura da clara.\" class=\"wp-image-194756\" srcset=\"https:\/\/www.correiobraziliense.com.br\/cbradar\/wp-content\/uploads\/2026\/02\/imagem_2026-02-16_142136920-1024x576.png 1024w, https:\/\/www.correiobraziliense.com.br\/cbradar\/wp-content\/uploads\/2026\/02\/imagem_2026-02-16_142136920-300x169.png 300w, https:\/\/www.correiobraziliense.com.br\/cbradar\/wp-content\/uploads\/2026\/02\/imagem_2026-02-16_142136920-768x432.png 768w, https:\/\/www.correiobraziliense.com.br\/cbradar\/wp-content\/uploads\/2026\/02\/imagem_2026-02-16_142136920-750x422.png 750w, https:\/\/www.correiobraziliense.com.br\/cbradar\/wp-content\/uploads\/2026\/02\/imagem_2026-02-16_142136920-1140x641.png 1140w, https:\/\/www.correiobraziliense.com.br\/cbradar\/wp-content\/uploads\/2026\/02\/imagem_2026-02-16_142136920.png 1280w\" sizes=\"(max-width: 1024px) 100vw, 1024px\" \/><figcaption class=\"wp-element-caption\">Macro detalhado de um ovo sendo quebrado, destacando a cor vibrante da gema e a textura da clara.<\/figcaption><\/figure><\/div>\n\n\n<h2 class=\"wp-block-heading\">Quais s\u00e3o os melhores formatos de preparo para facilitar a lenta digest\u00e3o?<\/h2>\n\n\n\n<p>O cansado trato g\u00e1strico senil produz bem menos sucos \u00e1cidos e sofre imensamente com longas frituras imersas em velho \u00f3leo fervente. Cozinhar a fr\u00e1gil pe\u00e7a em pura \u00e1gua quente elimina qualquer grave contamina\u00e7\u00e3o bacteriana externa e preserva as valiosas vitaminas originais intactas.<\/p>\n\n\n\n<p>O seu sens\u00edvel est\u00f4mago maduro exige limpas t\u00e1ticas culin\u00e1rias muito mais leves para impedir fortes desconfortos abdominais indesejados. Anote as t\u00e9cnicas gastron\u00f4micas mais eficientes e seguras para a sua r\u00e1pida rotina di\u00e1ria:<\/p>\n\n\n\n<ul class=\"wp-block-list\">\n<li><strong>Cozido firme:<\/strong> Ferva a casca por exatos <strong>12<\/strong> longos minutos para garantir uma gema totalmente dura e livre de perigosos germes.<\/li>\n\n\n\n<li><strong>Poch\u00e9 franc\u00eas:<\/strong> Mergulhe a pe\u00e7a nua em \u00e1gua quente com algumas finas gotas \u00e1cidas de vinagre branco.<\/li>\n\n\n\n<li><strong>Mexido seco:<\/strong> Use modernas panelas antiaderentes grossas para evitar o duro acr\u00e9scimo de pesada manteiga animal gordurosa.<\/li>\n<\/ul>\n\n\n\n<p>No v\u00eddeo a seguir, o perfil do <strong>Dr. Roberto Yano<\/strong>, com mais de 3,9 milh\u00f5es de seguidores, fala um pouco mais sobre o assunto:<\/p>\n\n\n\n<iframe loading=\"lazy\" width=\"342\" height=\"608\" src=\"https:\/\/www.youtube.com\/embed\/Z0L_gwoLdP0\" title=\"O ovo! o melhor alimento para os idosos.\" frameborder=\"0\" allow=\"accelerometer; autoplay; clipboard-write; encrypted-media; gyroscope; picture-in-picture; web-share\" referrerpolicy=\"strict-origin-when-cross-origin\" allowfullscreen><\/iframe>\n\n\n\n<h2 class=\"wp-block-heading\">Quantas unidades semanais s\u00e3o realmente seguras para o cora\u00e7\u00e3o idoso?<\/h2>\n\n\n\n<p>A velha lenda cl\u00ednica que condenava o fr\u00e1gil alimento por causar fortes infartos agudos caiu por terra definitivamente. Diversos nutr\u00f3logos atuais concordam que indiv\u00edduos sadios processam perfeitamente bem at\u00e9 <strong>sete<\/strong> unidades inteiras semanais sem alterar as taxas ruins de fluxo arterial restrito.<\/p>\n\n\n\n<p>Pacientes com severas desordens metab\u00f3licas pr\u00e9vias e diabetes agressiva precisam de finos ajustes milim\u00e9tricos na dosagem di\u00e1ria exata. O seu m\u00e9dico geriatra de confian\u00e7a sempre possui a rigorosa palavra final para montar a dieta ideal e garantir uma plena velhice vigorosa.<\/p>\n","protected":false},"excerpt":{"rendered":"<p>Ap\u00f3s os 60 anos, o organismo perde estrutura magra velozmente. Os altos benef\u00edcios do ovo na rotina di\u00e1ria interrompem essa fraqueza natural de forma barata. Esse acess\u00edvel alimento org\u00e2nico fornece prote\u00ednas limpas que recuperam a for\u00e7a motora e devolvem a energia vital. Por que a perda de for\u00e7a corporal acelera intensamente na terceira idade? O [&hellip;]<\/p>\n","protected":false},"author":11,"featured_media":150585,"comment_status":"open","ping_status":"open","sticky":false,"template":"","format":"standard","meta":{"_yoast_wpseo_focuskw":"benef\u00edcios do ovo","_yoast_wpseo_title":"","_yoast_wpseo_metadesc":"Combater a fraqueza motora na terceira idade exige pr\u00e1ticos ajustes na dieta di\u00e1ria. Avalie como um alimento muito barato renova a sua vitalidade.","jnews-multi-image_gallery":[],"jnews_single_post":{"format":"standard"},"jnews_primary_category":[],"jnews_social_meta":[],"jnews_override_counter":[],"footnotes":""},"categories":[119],"tags":[8515,18442,18443,5191],"class_list":["post-234862","post","type-post","status-publish","format-standard","has-post-thumbnail","hentry","category-bem-estar","tag-diagnostico","tag-endometriose","tag-pneumotorax","tag-saude-da-mulher"],"yoast_head":"<!-- This site is optimized with the Yoast SEO plugin v24.6 - https:\/\/yoast.com\/wordpress\/plugins\/seo\/ -->\n<title>Os benef\u00edcios do ovo para a massa muscular e a disposi\u00e7\u00e3o de adultos acima dos 60 - Correio Braziliense - Radar<\/title>\n<meta name=\"description\" content=\"Combater a fraqueza motora na terceira idade exige pr\u00e1ticos ajustes na dieta di\u00e1ria. Avalie como um alimento muito barato renova a sua vitalidade.\" \/>\n<meta name=\"robots\" content=\"index, follow, max-snippet:-1, max-image-preview:large, max-video-preview:-1\" \/>\n<link rel=\"canonical\" href=\"https:\/\/www.correiobraziliense.com.br\/cbradar\/os-beneficios-do-ovo-para-a-massa-muscular-e-a-disposicao-de-adultos-acima-dos-60\/\" \/>\n<meta property=\"og:locale\" content=\"pt_BR\" \/>\n<meta property=\"og:type\" content=\"article\" \/>\n<meta property=\"og:title\" content=\"Os benef\u00edcios do ovo para a massa muscular e a disposi\u00e7\u00e3o de adultos acima dos 60 - Correio Braziliense - Radar\" \/>\n<meta property=\"og:description\" content=\"Combater a fraqueza motora na terceira idade exige pr\u00e1ticos ajustes na dieta di\u00e1ria. Avalie como um alimento muito barato renova a sua vitalidade.\" \/>\n<meta property=\"og:url\" content=\"https:\/\/www.correiobraziliense.com.br\/cbradar\/os-beneficios-do-ovo-para-a-massa-muscular-e-a-disposicao-de-adultos-acima-dos-60\/\" \/>\n<meta property=\"og:site_name\" content=\"Correio Braziliense - Radar\" \/>\n<meta property=\"article:published_time\" content=\"2026-05-02T10:25:00+00:00\" \/>\n<meta property=\"og:image\" content=\"https:\/\/www.correiobraziliense.com.br\/cbradar\/wp-content\/uploads\/2025\/12\/imagem_2025-12-05_144506834.png\" \/>\n\t<meta property=\"og:image:width\" content=\"1280\" \/>\n\t<meta property=\"og:image:height\" content=\"720\" \/>\n\t<meta property=\"og:image:type\" content=\"image\/png\" \/>\n<meta name=\"author\" content=\"Paulo Custodio\" \/>\n<meta name=\"twitter:card\" content=\"summary_large_image\" \/>\n<meta name=\"twitter:label1\" content=\"Escrito por\" \/>\n\t<meta name=\"twitter:data1\" content=\"Paulo Custodio\" \/>\n\t<meta name=\"twitter:label2\" content=\"Est. tempo de leitura\" \/>\n\t<meta name=\"twitter:data2\" content=\"5 minutos\" \/>\n<!-- \/ Yoast SEO plugin. -->","yoast_head_json":{"title":"Os benef\u00edcios do ovo para a massa muscular e a disposi\u00e7\u00e3o de adultos acima dos 60 - Correio Braziliense - Radar","description":"Combater a fraqueza motora na terceira idade exige pr\u00e1ticos ajustes na dieta di\u00e1ria. Avalie como um alimento muito barato renova a sua vitalidade.","robots":{"index":"index","follow":"follow","max-snippet":"max-snippet:-1","max-image-preview":"max-image-preview:large","max-video-preview":"max-video-preview:-1"},"canonical":"https:\/\/www.correiobraziliense.com.br\/cbradar\/os-beneficios-do-ovo-para-a-massa-muscular-e-a-disposicao-de-adultos-acima-dos-60\/","og_locale":"pt_BR","og_type":"article","og_title":"Os benef\u00edcios do ovo para a massa muscular e a disposi\u00e7\u00e3o de adultos acima dos 60 - Correio Braziliense - Radar","og_description":"Combater a fraqueza motora na terceira idade exige pr\u00e1ticos ajustes na dieta di\u00e1ria. Avalie como um alimento muito barato renova a sua vitalidade.","og_url":"https:\/\/www.correiobraziliense.com.br\/cbradar\/os-beneficios-do-ovo-para-a-massa-muscular-e-a-disposicao-de-adultos-acima-dos-60\/","og_site_name":"Correio Braziliense - Radar","article_published_time":"2026-05-02T10:25:00+00:00","og_image":[{"width":1280,"height":720,"url":"https:\/\/www.correiobraziliense.com.br\/cbradar\/wp-content\/uploads\/2025\/12\/imagem_2025-12-05_144506834.png","type":"image\/png"}],"author":"Paulo Custodio","twitter_card":"summary_large_image","twitter_misc":{"Escrito por":"Paulo Custodio","Est. tempo de leitura":"5 minutos"},"schema":{"@context":"https:\/\/schema.org","@graph":[{"@type":"WebPage","@id":"https:\/\/www.correiobraziliense.com.br\/cbradar\/os-beneficios-do-ovo-para-a-massa-muscular-e-a-disposicao-de-adultos-acima-dos-60\/","url":"https:\/\/www.correiobraziliense.com.br\/cbradar\/os-beneficios-do-ovo-para-a-massa-muscular-e-a-disposicao-de-adultos-acima-dos-60\/","name":"Os benef\u00edcios do ovo para a massa muscular e a disposi\u00e7\u00e3o de adultos acima dos 60 - Correio Braziliense - Radar","isPartOf":{"@id":"https:\/\/www.correiobraziliense.com.br\/cbradar\/#website"},"primaryImageOfPage":{"@id":"https:\/\/www.correiobraziliense.com.br\/cbradar\/os-beneficios-do-ovo-para-a-massa-muscular-e-a-disposicao-de-adultos-acima-dos-60\/#primaryimage"},"image":{"@id":"https:\/\/www.correiobraziliense.com.br\/cbradar\/os-beneficios-do-ovo-para-a-massa-muscular-e-a-disposicao-de-adultos-acima-dos-60\/#primaryimage"},"thumbnailUrl":"https:\/\/www.correiobraziliense.com.br\/cbradar\/wp-content\/uploads\/2025\/12\/imagem_2025-12-05_144506834.png","datePublished":"2026-05-02T10:25:00+00:00","author":{"@id":"https:\/\/www.correiobraziliense.com.br\/cbradar\/#\/schema\/person\/4cec7857301a9a1a2ef249893cd908d3"},"description":"Combater a fraqueza motora na terceira idade exige pr\u00e1ticos ajustes na dieta di\u00e1ria. Avalie como um alimento muito barato renova a sua vitalidade.","breadcrumb":{"@id":"https:\/\/www.correiobraziliense.com.br\/cbradar\/os-beneficios-do-ovo-para-a-massa-muscular-e-a-disposicao-de-adultos-acima-dos-60\/#breadcrumb"},"inLanguage":"pt-BR","potentialAction":[{"@type":"ReadAction","target":["https:\/\/www.correiobraziliense.com.br\/cbradar\/os-beneficios-do-ovo-para-a-massa-muscular-e-a-disposicao-de-adultos-acima-dos-60\/"]}]},{"@type":"ImageObject","inLanguage":"pt-BR","@id":"https:\/\/www.correiobraziliense.com.br\/cbradar\/os-beneficios-do-ovo-para-a-massa-muscular-e-a-disposicao-de-adultos-acima-dos-60\/#primaryimage","url":"https:\/\/www.correiobraziliense.com.br\/cbradar\/wp-content\/uploads\/2025\/12\/imagem_2025-12-05_144506834.png","contentUrl":"https:\/\/www.correiobraziliense.com.br\/cbradar\/wp-content\/uploads\/2025\/12\/imagem_2025-12-05_144506834.png","width":1280,"height":720,"caption":"Benef\u00edcios do ovo para a massa muscular e a disposi\u00e7\u00e3o"},{"@type":"BreadcrumbList","@id":"https:\/\/www.correiobraziliense.com.br\/cbradar\/os-beneficios-do-ovo-para-a-massa-muscular-e-a-disposicao-de-adultos-acima-dos-60\/#breadcrumb","itemListElement":[{"@type":"ListItem","position":1,"name":"In\u00edcio","item":"https:\/\/www.correiobraziliense.com.br\/cbradar\/"},{"@type":"ListItem","position":2,"name":"Os benef\u00edcios do ovo para a massa muscular e a disposi\u00e7\u00e3o de adultos acima dos 60"}]},{"@type":"WebSite","@id":"https:\/\/www.correiobraziliense.com.br\/cbradar\/#website","url":"https:\/\/www.correiobraziliense.com.br\/cbradar\/","name":"Correio Braziliense - Radar","description":"Acompanhe as \u00faltimas not\u00edcias e fique bem informado sobre tudo o que acontece no Brasil e no mundo.","potentialAction":[{"@type":"SearchAction","target":{"@type":"EntryPoint","urlTemplate":"https:\/\/www.correiobraziliense.com.br\/cbradar\/?s={search_term_string}"},"query-input":{"@type":"PropertyValueSpecification","valueRequired":true,"valueName":"search_term_string"}}],"inLanguage":"pt-BR"},{"@type":"Person","@id":"https:\/\/www.correiobraziliense.com.br\/cbradar\/#\/schema\/person\/4cec7857301a9a1a2ef249893cd908d3","name":"Paulo Custodio","image":{"@type":"ImageObject","inLanguage":"pt-BR","@id":"https:\/\/www.correiobraziliense.com.br\/cbradar\/#\/schema\/person\/image\/","url":"https:\/\/secure.gravatar.com\/avatar\/bcd67168d1534e8fcf4f45c726a87cea?s=96&d=mm&r=g","contentUrl":"https:\/\/secure.gravatar.com\/avatar\/bcd67168d1534e8fcf4f45c726a87cea?s=96&d=mm&r=g","caption":"Paulo Custodio"},"sameAs":["https:\/\/www.correiobraziliense.com.br\/cbradar"],"url":"https:\/\/www.correiobraziliense.com.br\/cbradar\/author\/paulomyth\/"}]}},"_links":{"self":[{"href":"https:\/\/www.correiobraziliense.com.br\/cbradar\/wp-json\/wp\/v2\/posts\/234862","targetHints":{"allow":["GET"]}}],"collection":[{"href":"https:\/\/www.correiobraziliense.com.br\/cbradar\/wp-json\/wp\/v2\/posts"}],"about":[{"href":"https:\/\/www.correiobraziliense.com.br\/cbradar\/wp-json\/wp\/v2\/types\/post"}],"author":[{"embeddable":true,"href":"https:\/\/www.correiobraziliense.com.br\/cbradar\/wp-json\/wp\/v2\/users\/11"}],"replies":[{"embeddable":true,"href":"https:\/\/www.correiobraziliense.com.br\/cbradar\/wp-json\/wp\/v2\/comments?post=234862"}],"version-history":[{"count":1,"href":"https:\/\/www.correiobraziliense.com.br\/cbradar\/wp-json\/wp\/v2\/posts\/234862\/revisions"}],"predecessor-version":[{"id":234869,"href":"https:\/\/www.correiobraziliense.com.br\/cbradar\/wp-json\/wp\/v2\/posts\/234862\/revisions\/234869"}],"wp:featuredmedia":[{"embeddable":true,"href":"https:\/\/www.correiobraziliense.com.br\/cbradar\/wp-json\/wp\/v2\/media\/150585"}],"wp:attachment":[{"href":"https:\/\/www.correiobraziliense.com.br\/cbradar\/wp-json\/wp\/v2\/media?parent=234862"}],"wp:term":[{"taxonomy":"category","embeddable":true,"href":"https:\/\/www.correiobraziliense.com.br\/cbradar\/wp-json\/wp\/v2\/categories?post=234862"},{"taxonomy":"post_tag","embeddable":true,"href":"https:\/\/www.correiobraziliense.com.br\/cbradar\/wp-json\/wp\/v2\/tags?post=234862"}],"curies":[{"name":"wp","href":"https:\/\/api.w.org\/{rel}","templated":true}]}}