{"id":234895,"date":"2026-05-03T07:25:00","date_gmt":"2026-05-03T10:25:00","guid":{"rendered":"https:\/\/www.correiobraziliense.com.br\/cbradar\/?p=234895"},"modified":"2026-05-02T16:38:49","modified_gmt":"2026-05-02T19:38:49","slug":"menopausa-e-insonia-como-diferenciar-efeito-dos-fogachos-de-um-quadro-de-apneia-do-sono-segundo-especialistas","status":"publish","type":"post","link":"https:\/\/www.correiobraziliense.com.br\/cbradar\/menopausa-e-insonia-como-diferenciar-efeito-dos-fogachos-de-um-quadro-de-apneia-do-sono-segundo-especialistas\/","title":{"rendered":"Menopausa e ins\u00f4nia, como diferenciar efeito dos fogachos de um quadro de apneia do sono segundo especialistas"},"content":{"rendered":"\n<p>Acordar de madrugada encharcada de suor e com o cora\u00e7\u00e3o disparado \u00e9 uma cena que se repete no quarto de milhares de mulheres na <strong>menopausa<\/strong>. A primeira suspeita recai quase sempre sobre os fogachos noturnos, mas a <strong>apneia obstrutiva do sono<\/strong> provoca despertares muito parecidos. A dificuldade de distinguir um do outro \u00e9 tamanha que muitos casos de apneia s\u00f3 s\u00e3o descobertos anos depois, quando as queixas de sono ruim j\u00e1 viraram rotina.<\/p>\n\n\n\n<h2 class=\"wp-block-heading\">Por que a menopausa \u00e9 um gatilho para ins\u00f4nia, fogachos e apneia ao mesmo tempo?<\/h2>\n\n\n\n<p>O <a href=\"https:\/\/pt.wikipedia.org\/wiki\/Climat%C3%A9rio\" target=\"_blank\" rel=\"noreferrer noopener\">climat\u00e9rio<\/a> provoca uma queda acentuada do estrog\u00eanio e da progesterona. Esses dois horm\u00f4nios n\u00e3o regulam apenas o ciclo reprodutivo: o estrog\u00eanio participa do controle de temperatura corporal e a progesterona estimula a respira\u00e7\u00e3o. Com a dupla em baixa, o corpo fica mais vulner\u00e1vel tanto \u00e0s ondas de calor quanto ao colapso das vias a\u00e9reas durante o sono.<\/p>\n\n\n\n<p>Estima\u2011se que at\u00e9 <strong>60% das mulheres na peri e p\u00f3s\u2011menopausa<\/strong> relatem ins\u00f4nia ou sono n\u00e3o restaurador. Nesse mesmo grupo, a preval\u00eancia de apneia obstrutiva do sono salta de <strong>6,5% para 16%<\/strong> conforme as mulheres avan\u00e7am dos 30 para os 50 anos, de acordo com revis\u00e3o<a href=\"https:\/\/www.thieme-connect.de\/products\/ejournals\/abstract\/10.1055\/s-0030-1262900\" target=\"_blank\" rel=\"noreferrer noopener\"> publicada no peri\u00f3dico <strong>Seminars in Reproductive Medicine<\/strong><\/a>.<\/p>\n\n\n<div class=\"wp-block-image\">\n<figure class=\"aligncenter size-large\"><img decoding=\"async\" width=\"1024\" height=\"576\" src=\"https:\/\/www.correiobraziliense.com.br\/cbradar\/wp-content\/uploads\/2025\/03\/insonia-_1742390137963-1024x576.jpg\" alt=\"Fique atento a estes 6 sinais! Voc\u00ea pode estar com depress\u00e3o e n\u00e3o sabia\" class=\"wp-image-13852\" srcset=\"https:\/\/www.correiobraziliense.com.br\/cbradar\/wp-content\/uploads\/2025\/03\/insonia-_1742390137963-1024x576.jpg 1024w, https:\/\/www.correiobraziliense.com.br\/cbradar\/wp-content\/uploads\/2025\/03\/insonia-_1742390137963-300x169.jpg 300w, https:\/\/www.correiobraziliense.com.br\/cbradar\/wp-content\/uploads\/2025\/03\/insonia-_1742390137963-768x432.jpg 768w, https:\/\/www.correiobraziliense.com.br\/cbradar\/wp-content\/uploads\/2025\/03\/insonia-_1742390137963-750x422.jpg 750w, https:\/\/www.correiobraziliense.com.br\/cbradar\/wp-content\/uploads\/2025\/03\/insonia-_1742390137963-1140x641.jpg 1140w, https:\/\/www.correiobraziliense.com.br\/cbradar\/wp-content\/uploads\/2025\/03\/insonia-_1742390137963.jpg 1280w\" sizes=\"(max-width: 1024px) 100vw, 1024px\" \/><figcaption class=\"wp-element-caption\">Menopausa e ins\u00f4nia, como diferenciar &#8211; Cr\u00e9ditos: depositphotos.com \/ RostyslavOleksin<\/figcaption><\/figure><\/div>\n\n\n<h2 class=\"wp-block-heading\">Quais sintomas s\u00e3o t\u00edpicos dos fogachos noturnos?<\/h2>\n\n\n\n<p>O fogacho noturno \u00e9 uma onda s\u00fabita de calor que come\u00e7a no tronco e sobe para o rosto, geralmente seguida de suor intenso. Ele ocorre de forma <strong>r\u00e1pida e autolimitada<\/strong>: a sensa\u00e7\u00e3o dura de alguns segundos a poucos minutos.<\/p>\n\n\n\n<p>O principal diferencial \u00e9 a <strong>sensa\u00e7\u00e3o t\u00e9rmica antes do despertar<\/strong>. A mulher acorda porque est\u00e1 com calor, percebe o suor no travesseiro e muitas vezes afasta as cobertas. Al\u00e9m disso, os fogachos raramente s\u00e3o acompanhados de sonol\u00eancia diurna intensa ou queixas de <strong>ronco habitual<\/strong>.<\/p>\n\n\n\n<h2 class=\"wp-block-heading\">Como identificar um poss\u00edvel quadro de apneia do sono na menopausa?<\/h2>\n\n\n\n<p>Na apneia obstrutiva do sono, o despertar n\u00e3o vem do calor, mas da <strong>interrup\u00e7\u00e3o da respira\u00e7\u00e3o<\/strong>. A via a\u00e9rea colapsa por segundos, o oxig\u00eanio cai e o c\u00e9rebro ordena um microdespertar para reabrir a garganta. A mulher pode acordar com sensa\u00e7\u00e3o de <strong>sufocamento, boca seca e dor de cabe\u00e7a<\/strong>.<\/p>\n\n\n\n<p>Enquanto o fogacho \u00e9 mais comum na primeira metade da noite, os epis\u00f3dios de apneia se concentram no <strong>sono REM<\/strong>, predominante nas horas finais do descanso. A apneia tamb\u00e9m costuma vir acompanhada de <strong>ronco alto e engasgos noturnos<\/strong> relatados pelo parceiro ou parceira.<\/p>\n\n\n\n<p>Leia tamb\u00e9m: <a href=\"https:\/\/www.correiobraziliense.com.br\/cbradar\/nem-cru-nem-em-excesso-como-consumir-aveia-do-jeito-certo-para-melhorar-a-digestao\/\" target=\"_blank\" rel=\"noreferrer noopener\">Nem cru, nem em excesso: como consumir aveia do jeito certo para melhorar a digest\u00e3o<\/a><\/p>\n\n\n\n<h2 class=\"wp-block-heading\">Quais s\u00e3o as diferen\u00e7as-chave entre os dois quadros?<\/h2>\n\n\n\n<p>Colocar os sintomas lado a lado ajuda a enxergar padr\u00f5es que sozinhos passariam despercebidos. Especialistas da <strong>Sociedade de Ginecologia e Obstetr\u00edcia de S\u00e3o Paulo (SOGESP)<\/strong> orientam que a anamnese detalhada \u00e9 o principal instrumento diagn\u00f3stico, investigando desde a lat\u00eancia do sono at\u00e9 a presen\u00e7a de roncos e cefaleia matinal.<\/p>\n\n\n\n<p>Confira os sinais que mais ajudam a distinguir uma condi\u00e7\u00e3o da outra:<\/p>\n\n\n\n<ul class=\"wp-block-list\">\n<li><strong>Gatilho do despertar:<\/strong> calor intenso e suor nos fogachos; falta de ar e engasgo na apneia.<\/li>\n\n\n\n<li><strong>Ronco habitual:<\/strong> ausente ou leve nos fogachos; alto e frequente na apneia.<\/li>\n\n\n\n<li><strong>Sonol\u00eancia diurna:<\/strong> rara nos fogachos; intensa e incapacitante na apneia.<\/li>\n\n\n\n<li><strong>Dor de cabe\u00e7a matinal:<\/strong> incomum nos fogachos; frequente na apneia.<\/li>\n\n\n\n<li><strong>Hor\u00e1rio dos epis\u00f3dios:<\/strong> mais comuns no in\u00edcio da noite nos fogachos; concentrados no fim da noite na apneia.<\/li>\n<\/ul>\n\n\n\n<h2 class=\"wp-block-heading\">Quando a polissonografia entra em cena?<\/h2>\n\n\n\n<p>Se houver suspeita de apneia, o exame padr\u00e3o\u2011ouro \u00e9 a <strong>polissonografia<\/strong>. Ele monitora o fluxo a\u00e9reo, os n\u00edveis de oxig\u00eanio e os est\u00e1gios do sono durante uma noite inteira. A <strong>Seminars in Reproductive Medicine<\/strong> destaca que a polissonografia \u00e9 essencial porque a apneia nem sempre desperta a mulher a ponto de ela se lembrar do epis\u00f3dio.<\/p>\n\n\n\n<p>Quando o quadro \u00e9 compat\u00edvel apenas com <a href=\"https:\/\/pmc.ncbi.nlm.nih.gov\/articles\/PMC3736837\/\" target=\"_blank\" rel=\"noreferrer noopener\">fogachos isolados<\/a>, o exame pode n\u00e3o ser necess\u00e1rio. Nesses casos, a hist\u00f3ria cl\u00ednica e um di\u00e1rio do sono costumam bastar. A dica pr\u00e1tica \u00e9 anotar por duas semanas o hor\u00e1rio dos despertares, a sensa\u00e7\u00e3o que os acompanha e o n\u00edvel de cansa\u00e7o no dia seguinte.<\/p>\n\n\n\n<p>No v\u00eddeo a seguir, o perfil do <strong><em>Dr. Gustavo Picolotto<\/em><\/strong>, com mais de 5 mil seguidores, fala um pouco sobre o assunto:<\/p>\n\n\n\n<blockquote class=\"instagram-media\" data-instgrm-captioned data-instgrm-permalink=\"https:\/\/www.instagram.com\/reel\/DWSO2XljpZN\/?utm_source=ig_embed&amp;utm_campaign=loading\" data-instgrm-version=\"14\" style=\" background:#FFF; border:0; border-radius:3px; box-shadow:0 0 1px 0 rgba(0,0,0,0.5),0 1px 10px 0 rgba(0,0,0,0.15); margin: 1px; max-width:540px; min-width:326px; padding:0; width:99.375%; width:-webkit-calc(100% - 2px); width:calc(100% - 2px);\"><div style=\"padding:16px;\"> <a href=\"https:\/\/www.instagram.com\/reel\/DWSO2XljpZN\/?utm_source=ig_embed&amp;utm_campaign=loading\" style=\" background:#FFFFFF; line-height:0; padding:0 0; text-align:center; text-decoration:none; width:100%;\" target=\"_blank\"> <div style=\" display: flex; flex-direction: row; align-items: center;\"> <div style=\"background-color: #F4F4F4; border-radius: 50%; flex-grow: 0; height: 40px; margin-right: 14px; width: 40px;\"><\/div> <div style=\"display: flex; flex-direction: column; flex-grow: 1; justify-content: center;\"> <div style=\" background-color: #F4F4F4; border-radius: 4px; flex-grow: 0; height: 14px; margin-bottom: 6px; width: 100px;\"><\/div> <div style=\" background-color: #F4F4F4; border-radius: 4px; flex-grow: 0; height: 14px; width: 60px;\"><\/div><\/div><\/div><div style=\"padding: 19% 0;\"><\/div> <div style=\"display:block; height:50px; margin:0 auto 12px; width:50px;\"><svg width=\"50px\" height=\"50px\" viewBox=\"0 0 60 60\" version=\"1.1\" xmlns=\"https:\/\/www.w3.org\/2000\/svg\" xmlns:xlink=\"https:\/\/www.w3.org\/1999\/xlink\"><g stroke=\"none\" stroke-width=\"1\" fill=\"none\" fill-rule=\"evenodd\"><g transform=\"translate(-511.000000, -20.000000)\" fill=\"#000000\"><g><path d=\"M556.869,30.41 C554.814,30.41 553.148,32.076 553.148,34.131 C553.148,36.186 554.814,37.852 556.869,37.852 C558.924,37.852 560.59,36.186 560.59,34.131 C560.59,32.076 558.924,30.41 556.869,30.41 M541,60.657 C535.114,60.657 530.342,55.887 530.342,50 C530.342,44.114 535.114,39.342 541,39.342 C546.887,39.342 551.658,44.114 551.658,50 C551.658,55.887 546.887,60.657 541,60.657 M541,33.886 C532.1,33.886 524.886,41.1 524.886,50 C524.886,58.899 532.1,66.113 541,66.113 C549.9,66.113 557.115,58.899 557.115,50 C557.115,41.1 549.9,33.886 541,33.886 M565.378,62.101 C565.244,65.022 564.756,66.606 564.346,67.663 C563.803,69.06 563.154,70.057 562.106,71.106 C561.058,72.155 560.06,72.803 558.662,73.347 C557.607,73.757 556.021,74.244 553.102,74.378 C549.944,74.521 548.997,74.552 541,74.552 C533.003,74.552 532.056,74.521 528.898,74.378 C525.979,74.244 524.393,73.757 523.338,73.347 C521.94,72.803 520.942,72.155 519.894,71.106 C518.846,70.057 518.197,69.06 517.654,67.663 C517.244,66.606 516.755,65.022 516.623,62.101 C516.479,58.943 516.448,57.996 516.448,50 C516.448,42.003 516.479,41.056 516.623,37.899 C516.755,34.978 517.244,33.391 517.654,32.338 C518.197,30.938 518.846,29.942 519.894,28.894 C520.942,27.846 521.94,27.196 523.338,26.654 C524.393,26.244 525.979,25.756 528.898,25.623 C532.057,25.479 533.004,25.448 541,25.448 C548.997,25.448 549.943,25.479 553.102,25.623 C556.021,25.756 557.607,26.244 558.662,26.654 C560.06,27.196 561.058,27.846 562.106,28.894 C563.154,29.942 563.803,30.938 564.346,32.338 C564.756,33.391 565.244,34.978 565.378,37.899 C565.522,41.056 565.552,42.003 565.552,50 C565.552,57.996 565.522,58.943 565.378,62.101 M570.82,37.631 C570.674,34.438 570.167,32.258 569.425,30.349 C568.659,28.377 567.633,26.702 565.965,25.035 C564.297,23.368 562.623,22.342 560.652,21.575 C558.743,20.834 556.562,20.326 553.369,20.18 C550.169,20.033 549.148,20 541,20 C532.853,20 531.831,20.033 528.631,20.18 C525.438,20.326 523.257,20.834 521.349,21.575 C519.376,22.342 517.703,23.368 516.035,25.035 C514.368,26.702 513.342,28.377 512.574,30.349 C511.834,32.258 511.326,34.438 511.181,37.631 C511.035,40.831 511,41.851 511,50 C511,58.147 511.035,59.17 511.181,62.369 C511.326,65.562 511.834,67.743 512.574,69.651 C513.342,71.625 514.368,73.296 516.035,74.965 C517.703,76.634 519.376,77.658 521.349,78.425 C523.257,79.167 525.438,79.673 528.631,79.82 C531.831,79.965 532.853,80.001 541,80.001 C549.148,80.001 550.169,79.965 553.369,79.82 C556.562,79.673 558.743,79.167 560.652,78.425 C562.623,77.658 564.297,76.634 565.965,74.965 C567.633,73.296 568.659,71.625 569.425,69.651 C570.167,67.743 570.674,65.562 570.82,62.369 C570.966,59.17 571,58.147 571,50 C571,41.851 570.966,40.831 570.82,37.631\"><\/path><\/g><\/g><\/g><\/svg><\/div><div style=\"padding-top: 8px;\"> <div style=\" color:#3897f0; font-family:Arial,sans-serif; font-size:14px; font-style:normal; font-weight:550; line-height:18px;\">Ver essa foto no Instagram<\/div><\/div><div style=\"padding: 12.5% 0;\"><\/div> <div style=\"display: flex; flex-direction: row; margin-bottom: 14px; align-items: center;\"><div> <div style=\"background-color: #F4F4F4; border-radius: 50%; height: 12.5px; width: 12.5px; transform: translateX(0px) translateY(7px);\"><\/div> <div style=\"background-color: #F4F4F4; height: 12.5px; transform: rotate(-45deg) translateX(3px) translateY(1px); width: 12.5px; flex-grow: 0; margin-right: 14px; margin-left: 2px;\"><\/div> <div style=\"background-color: #F4F4F4; border-radius: 50%; height: 12.5px; width: 12.5px; transform: translateX(9px) translateY(-18px);\"><\/div><\/div><div style=\"margin-left: 8px;\"> <div style=\" background-color: #F4F4F4; border-radius: 50%; flex-grow: 0; height: 20px; width: 20px;\"><\/div> <div style=\" width: 0; height: 0; border-top: 2px solid transparent; border-left: 6px solid #f4f4f4; border-bottom: 2px solid transparent; transform: translateX(16px) translateY(-4px) rotate(30deg)\"><\/div><\/div><div style=\"margin-left: auto;\"> <div style=\" width: 0px; border-top: 8px solid #F4F4F4; border-right: 8px solid transparent; transform: translateY(16px);\"><\/div> <div style=\" background-color: #F4F4F4; flex-grow: 0; height: 12px; width: 16px; transform: translateY(-4px);\"><\/div> <div style=\" width: 0; height: 0; border-top: 8px solid #F4F4F4; border-left: 8px solid transparent; transform: translateY(-4px) translateX(8px);\"><\/div><\/div><\/div> <div style=\"display: flex; flex-direction: column; flex-grow: 1; justify-content: center; margin-bottom: 24px;\"> <div style=\" background-color: #F4F4F4; border-radius: 4px; flex-grow: 0; height: 14px; margin-bottom: 6px; width: 224px;\"><\/div> <div style=\" background-color: #F4F4F4; border-radius: 4px; flex-grow: 0; height: 14px; width: 144px;\"><\/div><\/div><\/a><p style=\" color:#c9c8cd; font-family:Arial,sans-serif; font-size:14px; line-height:17px; margin-bottom:0; margin-top:8px; overflow:hidden; padding:8px 0 7px; text-align:center; text-overflow:ellipsis; white-space:nowrap;\"><a href=\"https:\/\/www.instagram.com\/reel\/DWSO2XljpZN\/?utm_source=ig_embed&amp;utm_campaign=loading\" style=\" color:#c9c8cd; font-family:Arial,sans-serif; font-size:14px; font-style:normal; font-weight:normal; line-height:17px; text-decoration:none;\" target=\"_blank\">Um post compartilhado por Dr. Gustavo Picolotto (@drgustavopicolotto)<\/a><\/p><\/div><\/blockquote>\n<script async src=\"\/\/www.instagram.com\/embed.js\"><\/script>\n\n\n\n<h2 class=\"wp-block-heading\">Como o tratamento muda de acordo com a origem da ins\u00f4nia?<\/h2>\n\n\n\n<p>Para os fogachos, a primeira linha \u00e9 a <strong>terapia cognitivo\u2011comportamental para ins\u00f4nia (TCC\u2011I)<\/strong>, associada ou n\u00e3o \u00e0 <strong>reposi\u00e7\u00e3o hormonal<\/strong> quando indicada. Ajustes simples como reduzir a temperatura do quarto para <strong>18 a 21 \u00b0C<\/strong> e usar tecidos respir\u00e1veis tamb\u00e9m fazem diferen\u00e7a.<\/p>\n\n\n\n<p>J\u00e1 o tratamento da apneia do sono depende da gravidade medida pela polissonografia. Pode incluir <strong>CPAP<\/strong> (aparelho de press\u00e3o positiva), dispositivos intraorais e, em alguns casos, cirurgia. Emagrecer quando h\u00e1 sobrepeso potencializa qualquer uma dessas abordagens.<\/p>\n","protected":false},"excerpt":{"rendered":"<p>Acordar de madrugada encharcada de suor e com o cora\u00e7\u00e3o disparado \u00e9 uma cena que se repete no quarto de milhares de mulheres na menopausa. A primeira suspeita recai quase sempre sobre os fogachos noturnos, mas a apneia obstrutiva do sono provoca despertares muito parecidos. A dificuldade de distinguir um do outro \u00e9 tamanha que [&hellip;]<\/p>\n","protected":false},"author":11,"featured_media":11109,"comment_status":"open","ping_status":"open","sticky":false,"template":"","format":"standard","meta":{"_yoast_wpseo_focuskw":"menopausa e ins\u00f4nia","_yoast_wpseo_title":"","_yoast_wpseo_metadesc":"Na menopausa, acordar suada e ofegante pode ser fogacho ou apneia do sono. Especialistas mostram como diferenciar os sintomas e quando pedir uma polissonografia.","jnews-multi-image_gallery":[],"jnews_single_post":{"format":"standard"},"jnews_primary_category":[],"jnews_social_meta":[],"jnews_override_counter":[],"footnotes":""},"categories":[119],"tags":[12413,18445,2145,1675],"class_list":["post-234895","post","type-post","status-publish","format-standard","has-post-thumbnail","hentry","category-bem-estar","tag-apneia-do-sono-2","tag-fogachos","tag-insonia","tag-menopausa"],"yoast_head":"<!-- This site is optimized with the Yoast SEO plugin v24.6 - https:\/\/yoast.com\/wordpress\/plugins\/seo\/ -->\n<title>Menopausa e ins\u00f4nia, como diferenciar efeito dos fogachos de um quadro de apneia do sono segundo especialistas - Correio Braziliense - Radar<\/title>\n<meta name=\"description\" content=\"Na menopausa, acordar suada e ofegante pode ser fogacho ou apneia do sono. Especialistas mostram como diferenciar os sintomas e quando pedir uma polissonografia.\" \/>\n<meta name=\"robots\" content=\"index, follow, max-snippet:-1, max-image-preview:large, max-video-preview:-1\" \/>\n<link rel=\"canonical\" href=\"https:\/\/www.correiobraziliense.com.br\/cbradar\/menopausa-e-insonia-como-diferenciar-efeito-dos-fogachos-de-um-quadro-de-apneia-do-sono-segundo-especialistas\/\" \/>\n<meta property=\"og:locale\" content=\"pt_BR\" \/>\n<meta property=\"og:type\" content=\"article\" \/>\n<meta property=\"og:title\" content=\"Menopausa e ins\u00f4nia, como diferenciar efeito dos fogachos de um quadro de apneia do sono segundo especialistas - Correio Braziliense - Radar\" \/>\n<meta property=\"og:description\" content=\"Na menopausa, acordar suada e ofegante pode ser fogacho ou apneia do sono. Especialistas mostram como diferenciar os sintomas e quando pedir uma polissonografia.\" \/>\n<meta property=\"og:url\" content=\"https:\/\/www.correiobraziliense.com.br\/cbradar\/menopausa-e-insonia-como-diferenciar-efeito-dos-fogachos-de-um-quadro-de-apneia-do-sono-segundo-especialistas\/\" \/>\n<meta property=\"og:site_name\" content=\"Correio Braziliense - Radar\" \/>\n<meta property=\"article:published_time\" content=\"2026-05-03T10:25:00+00:00\" \/>\n<meta property=\"og:image\" content=\"https:\/\/www.correiobraziliense.com.br\/cbradar\/wp-content\/uploads\/2025\/03\/menopausa_1741613001072.jpg\" \/>\n\t<meta property=\"og:image:width\" content=\"1280\" \/>\n\t<meta property=\"og:image:height\" content=\"720\" \/>\n\t<meta property=\"og:image:type\" content=\"image\/jpeg\" \/>\n<meta name=\"author\" content=\"Paulo Custodio\" \/>\n<meta name=\"twitter:card\" content=\"summary_large_image\" \/>\n<meta name=\"twitter:label1\" content=\"Escrito por\" \/>\n\t<meta name=\"twitter:data1\" content=\"Paulo Custodio\" \/>\n\t<meta name=\"twitter:label2\" content=\"Est. tempo de leitura\" \/>\n\t<meta name=\"twitter:data2\" content=\"5 minutos\" \/>\n<!-- \/ Yoast SEO plugin. -->","yoast_head_json":{"title":"Menopausa e ins\u00f4nia, como diferenciar efeito dos fogachos de um quadro de apneia do sono segundo especialistas - Correio Braziliense - Radar","description":"Na menopausa, acordar suada e ofegante pode ser fogacho ou apneia do sono. Especialistas mostram como diferenciar os sintomas e quando pedir uma polissonografia.","robots":{"index":"index","follow":"follow","max-snippet":"max-snippet:-1","max-image-preview":"max-image-preview:large","max-video-preview":"max-video-preview:-1"},"canonical":"https:\/\/www.correiobraziliense.com.br\/cbradar\/menopausa-e-insonia-como-diferenciar-efeito-dos-fogachos-de-um-quadro-de-apneia-do-sono-segundo-especialistas\/","og_locale":"pt_BR","og_type":"article","og_title":"Menopausa e ins\u00f4nia, como diferenciar efeito dos fogachos de um quadro de apneia do sono segundo especialistas - Correio Braziliense - Radar","og_description":"Na menopausa, acordar suada e ofegante pode ser fogacho ou apneia do sono. Especialistas mostram como diferenciar os sintomas e quando pedir uma polissonografia.","og_url":"https:\/\/www.correiobraziliense.com.br\/cbradar\/menopausa-e-insonia-como-diferenciar-efeito-dos-fogachos-de-um-quadro-de-apneia-do-sono-segundo-especialistas\/","og_site_name":"Correio Braziliense - Radar","article_published_time":"2026-05-03T10:25:00+00:00","og_image":[{"width":1280,"height":720,"url":"https:\/\/www.correiobraziliense.com.br\/cbradar\/wp-content\/uploads\/2025\/03\/menopausa_1741613001072.jpg","type":"image\/jpeg"}],"author":"Paulo Custodio","twitter_card":"summary_large_image","twitter_misc":{"Escrito por":"Paulo Custodio","Est. tempo de leitura":"5 minutos"},"schema":{"@context":"https:\/\/schema.org","@graph":[{"@type":"WebPage","@id":"https:\/\/www.correiobraziliense.com.br\/cbradar\/menopausa-e-insonia-como-diferenciar-efeito-dos-fogachos-de-um-quadro-de-apneia-do-sono-segundo-especialistas\/","url":"https:\/\/www.correiobraziliense.com.br\/cbradar\/menopausa-e-insonia-como-diferenciar-efeito-dos-fogachos-de-um-quadro-de-apneia-do-sono-segundo-especialistas\/","name":"Menopausa e ins\u00f4nia, como diferenciar efeito dos fogachos de um quadro de apneia do sono segundo especialistas - Correio Braziliense - Radar","isPartOf":{"@id":"https:\/\/www.correiobraziliense.com.br\/cbradar\/#website"},"primaryImageOfPage":{"@id":"https:\/\/www.correiobraziliense.com.br\/cbradar\/menopausa-e-insonia-como-diferenciar-efeito-dos-fogachos-de-um-quadro-de-apneia-do-sono-segundo-especialistas\/#primaryimage"},"image":{"@id":"https:\/\/www.correiobraziliense.com.br\/cbradar\/menopausa-e-insonia-como-diferenciar-efeito-dos-fogachos-de-um-quadro-de-apneia-do-sono-segundo-especialistas\/#primaryimage"},"thumbnailUrl":"https:\/\/www.correiobraziliense.com.br\/cbradar\/wp-content\/uploads\/2025\/03\/menopausa_1741613001072.jpg","datePublished":"2026-05-03T10:25:00+00:00","author":{"@id":"https:\/\/www.correiobraziliense.com.br\/cbradar\/#\/schema\/person\/4cec7857301a9a1a2ef249893cd908d3"},"description":"Na menopausa, acordar suada e ofegante pode ser fogacho ou apneia do sono. Especialistas mostram como diferenciar os sintomas e quando pedir uma polissonografia.","breadcrumb":{"@id":"https:\/\/www.correiobraziliense.com.br\/cbradar\/menopausa-e-insonia-como-diferenciar-efeito-dos-fogachos-de-um-quadro-de-apneia-do-sono-segundo-especialistas\/#breadcrumb"},"inLanguage":"pt-BR","potentialAction":[{"@type":"ReadAction","target":["https:\/\/www.correiobraziliense.com.br\/cbradar\/menopausa-e-insonia-como-diferenciar-efeito-dos-fogachos-de-um-quadro-de-apneia-do-sono-segundo-especialistas\/"]}]},{"@type":"ImageObject","inLanguage":"pt-BR","@id":"https:\/\/www.correiobraziliense.com.br\/cbradar\/menopausa-e-insonia-como-diferenciar-efeito-dos-fogachos-de-um-quadro-de-apneia-do-sono-segundo-especialistas\/#primaryimage","url":"https:\/\/www.correiobraziliense.com.br\/cbradar\/wp-content\/uploads\/2025\/03\/menopausa_1741613001072.jpg","contentUrl":"https:\/\/www.correiobraziliense.com.br\/cbradar\/wp-content\/uploads\/2025\/03\/menopausa_1741613001072.jpg","width":1280,"height":720,"caption":"Menopausa e ins\u00f4nia, como diferenciar - Cr\u00e9ditos: depositphotos.com \/ HayDmitriy"},{"@type":"BreadcrumbList","@id":"https:\/\/www.correiobraziliense.com.br\/cbradar\/menopausa-e-insonia-como-diferenciar-efeito-dos-fogachos-de-um-quadro-de-apneia-do-sono-segundo-especialistas\/#breadcrumb","itemListElement":[{"@type":"ListItem","position":1,"name":"In\u00edcio","item":"https:\/\/www.correiobraziliense.com.br\/cbradar\/"},{"@type":"ListItem","position":2,"name":"Menopausa e ins\u00f4nia, como diferenciar efeito dos fogachos de um quadro de apneia do sono segundo especialistas"}]},{"@type":"WebSite","@id":"https:\/\/www.correiobraziliense.com.br\/cbradar\/#website","url":"https:\/\/www.correiobraziliense.com.br\/cbradar\/","name":"Correio Braziliense - Radar","description":"Acompanhe as \u00faltimas not\u00edcias e fique bem informado sobre tudo o que acontece no Brasil e no mundo.","potentialAction":[{"@type":"SearchAction","target":{"@type":"EntryPoint","urlTemplate":"https:\/\/www.correiobraziliense.com.br\/cbradar\/?s={search_term_string}"},"query-input":{"@type":"PropertyValueSpecification","valueRequired":true,"valueName":"search_term_string"}}],"inLanguage":"pt-BR"},{"@type":"Person","@id":"https:\/\/www.correiobraziliense.com.br\/cbradar\/#\/schema\/person\/4cec7857301a9a1a2ef249893cd908d3","name":"Paulo Custodio","image":{"@type":"ImageObject","inLanguage":"pt-BR","@id":"https:\/\/www.correiobraziliense.com.br\/cbradar\/#\/schema\/person\/image\/","url":"https:\/\/secure.gravatar.com\/avatar\/bcd67168d1534e8fcf4f45c726a87cea?s=96&d=mm&r=g","contentUrl":"https:\/\/secure.gravatar.com\/avatar\/bcd67168d1534e8fcf4f45c726a87cea?s=96&d=mm&r=g","caption":"Paulo Custodio"},"sameAs":["https:\/\/www.correiobraziliense.com.br\/cbradar"],"url":"https:\/\/www.correiobraziliense.com.br\/cbradar\/author\/paulomyth\/"}]}},"_links":{"self":[{"href":"https:\/\/www.correiobraziliense.com.br\/cbradar\/wp-json\/wp\/v2\/posts\/234895","targetHints":{"allow":["GET"]}}],"collection":[{"href":"https:\/\/www.correiobraziliense.com.br\/cbradar\/wp-json\/wp\/v2\/posts"}],"about":[{"href":"https:\/\/www.correiobraziliense.com.br\/cbradar\/wp-json\/wp\/v2\/types\/post"}],"author":[{"embeddable":true,"href":"https:\/\/www.correiobraziliense.com.br\/cbradar\/wp-json\/wp\/v2\/users\/11"}],"replies":[{"embeddable":true,"href":"https:\/\/www.correiobraziliense.com.br\/cbradar\/wp-json\/wp\/v2\/comments?post=234895"}],"version-history":[{"count":1,"href":"https:\/\/www.correiobraziliense.com.br\/cbradar\/wp-json\/wp\/v2\/posts\/234895\/revisions"}],"predecessor-version":[{"id":234896,"href":"https:\/\/www.correiobraziliense.com.br\/cbradar\/wp-json\/wp\/v2\/posts\/234895\/revisions\/234896"}],"wp:featuredmedia":[{"embeddable":true,"href":"https:\/\/www.correiobraziliense.com.br\/cbradar\/wp-json\/wp\/v2\/media\/11109"}],"wp:attachment":[{"href":"https:\/\/www.correiobraziliense.com.br\/cbradar\/wp-json\/wp\/v2\/media?parent=234895"}],"wp:term":[{"taxonomy":"category","embeddable":true,"href":"https:\/\/www.correiobraziliense.com.br\/cbradar\/wp-json\/wp\/v2\/categories?post=234895"},{"taxonomy":"post_tag","embeddable":true,"href":"https:\/\/www.correiobraziliense.com.br\/cbradar\/wp-json\/wp\/v2\/tags?post=234895"}],"curies":[{"name":"wp","href":"https:\/\/api.w.org\/{rel}","templated":true}]}}