{"id":234923,"date":"2026-05-03T09:05:00","date_gmt":"2026-05-03T12:05:00","guid":{"rendered":"https:\/\/www.correiobraziliense.com.br\/cbradar\/?p=234923"},"modified":"2026-05-01T15:41:53","modified_gmt":"2026-05-01T18:41:53","slug":"como-a-alimentacao-noturna-impacta-para-o-sono-depois-dos-40","status":"publish","type":"post","link":"https:\/\/www.correiobraziliense.com.br\/cbradar\/como-a-alimentacao-noturna-impacta-para-o-sono-depois-dos-40\/","title":{"rendered":"Como a alimenta\u00e7\u00e3o noturna impacta para o sono depois dos 40"},"content":{"rendered":"\n<p>Depois dos 40, dormir bem exige mais do que boa vontade. <strong>Os alimentos para o sono<\/strong> que voc\u00ea consome \u00e0 noite t\u00eam impacto direto sobre a qualidade do descanso, e entender essa rela\u00e7\u00e3o pode fazer diferen\u00e7a real na sua rotina.<\/p>\n\n\n\n<h2 class=\"wp-block-heading\">Por que o sono muda depois dos 40 anos?<\/h2>\n\n\n\n<p>A partir dos 40, o corpo passa por altera\u00e7\u00f5es hormonais que afetam diretamente o ciclo de sono e vig\u00edlia. A produ\u00e7\u00e3o de <strong>melatonina<\/strong>, o horm\u00f4nio respons\u00e1vel por sinalizar ao c\u00e9rebro que est\u00e1 na hora de dormir, come\u00e7a a <a href=\"https:\/\/pt.wikipedia.org\/wiki\/Melatonina\" target=\"_blank\" rel=\"noreferrer noopener\">declinar progressivamente com a idade<\/a>. Nas mulheres, a redu\u00e7\u00e3o do estrog\u00eanio nessa fase tamb\u00e9m afeta os neurotransmissores ligados ao relaxamento, como a serotonina.<\/p>\n\n\n\n<p>O resultado pr\u00e1tico s\u00e3o noites mais fragmentadas, dificuldade de manter o sono profundo e acordar com mais frequ\u00eancia durante a madrugada. Esse cen\u00e1rio torna a alimenta\u00e7\u00e3o noturna um fator ainda mais relevante: o que se come pode tanto suavizar quanto agravar essas mudan\u00e7as naturais do organismo.<\/p>\n\n\n<div class=\"wp-block-image\">\n<figure class=\"aligncenter size-full\"><img decoding=\"async\" width=\"1280\" height=\"720\" src=\"https:\/\/www.correiobraziliense.com.br\/cbradar\/wp-content\/uploads\/2026\/04\/IMAGEM_720p_1777583124006.jpg\" alt=\"Alimentos que melhoram ou prejudicam o sono a partir dos 40 anos\" class=\"wp-image-234932\" srcset=\"https:\/\/www.correiobraziliense.com.br\/cbradar\/wp-content\/uploads\/2026\/04\/IMAGEM_720p_1777583124006.jpg 1280w, https:\/\/www.correiobraziliense.com.br\/cbradar\/wp-content\/uploads\/2026\/04\/IMAGEM_720p_1777583124006-300x169.jpg 300w, https:\/\/www.correiobraziliense.com.br\/cbradar\/wp-content\/uploads\/2026\/04\/IMAGEM_720p_1777583124006-768x432.jpg 768w, https:\/\/www.correiobraziliense.com.br\/cbradar\/wp-content\/uploads\/2026\/04\/IMAGEM_720p_1777583124006-750x422.jpg 750w, https:\/\/www.correiobraziliense.com.br\/cbradar\/wp-content\/uploads\/2026\/04\/IMAGEM_720p_1777583124006-1140x641.jpg 1140w\" sizes=\"(max-width: 1280px) 100vw, 1280px\" \/><figcaption class=\"wp-element-caption\">Alimentos que melhoram ou prejudicam o sono a partir dos 40 anos<\/figcaption><\/figure><\/div>\n\n\n<h2 class=\"wp-block-heading\">Quais alimentos ajudam a melhorar o sono a partir dos 40?<\/h2>\n\n\n\n<p>Alguns nutrientes t\u00eam papel comprovado no suporte ao ciclo do sono. O principal deles \u00e9 o <strong>triptofano<\/strong>, um amino\u00e1cido precursor da melatonina e da serotonina. Alimentos ricos nessa subst\u00e2ncia, consumidos no jantar ou em um lanche leve \u00e0 noite, podem favorecer a transi\u00e7\u00e3o para o sono.<\/p>\n\n\n\n<p>Outros nutrientes que colaboram com o descanso s\u00e3o o <strong>magn\u00e9sio<\/strong>, que ajuda a relaxar a musculatura e o sistema nervoso, e as <strong>vitaminas do complexo B<\/strong>, que participam da s\u00edntese do triptofano no organismo. Veja os alimentos que re\u00fanem esses compostos:<\/p>\n\n\n\n<ul class=\"wp-block-list\">\n<li><strong>Nozes, castanhas e am\u00eandoas<\/strong>: fontes simult\u00e2neas de triptofano, magn\u00e9sio e melatonina.<\/li>\n\n\n\n<li><strong>Peixes como salm\u00e3o e sardinha<\/strong>: ricos em triptofano e vitaminas do complexo B, al\u00e9m de \u00f4mega-3 com a\u00e7\u00e3o anti-inflamat\u00f3ria.<\/li>\n\n\n\n<li><strong>Ovos<\/strong>: combinam triptofano e vitamina B6, que potencializa a convers\u00e3o do amino\u00e1cido em serotonina.<\/li>\n\n\n\n<li><strong>Banana e abacate<\/strong>: fontes de magn\u00e9sio e pot\u00e1ssio, que reduzem a tens\u00e3o muscular noturna.<\/li>\n\n\n\n<li><strong>Gr\u00e3o-de-bico e lentilha<\/strong>: leguminosas com boa concentra\u00e7\u00e3o de triptofano e digest\u00e3o mais lenta, sem sobrecarregar o sistema digest\u00f3rio \u00e0 noite.<\/li>\n\n\n\n<li><strong>Ch\u00e1 de camomila e maracuj\u00e1<\/strong>: cont\u00eam compostos com a\u00e7\u00e3o calmante sobre o sistema nervoso central, segundo especialistas em nutri\u00e7\u00e3o do sono.<\/li>\n<\/ul>\n\n\n\n<h2 class=\"wp-block-heading\">Quais alimentos prejudicam o sono depois dos 40?<\/h2>\n\n\n\n<p>Com o metabolismo mais lento e o sistema nervoso mais sens\u00edvel, alguns alimentos que antes passavam despercebidos passam a atrapalhar o descanso de forma mais evidente. A m\u00e9dica otorrinolaringologista e especialista em sono do <strong><a href=\"https:\/\/www.hospitaloswaldocruz.org.br\/imprensa\/hospital-na-midia\/comida-de-tirar-o-sono-como-os-ultraprocessados-prejudicam-as-suas-noites\/\" target=\"_blank\" rel=\"noreferrer noopener\">Hospital Alem\u00e3o Oswaldo Cruz<\/a>,<\/strong> <strong>Dra. Mariane Yui<\/strong>, explica que os ultraprocessados interferem no funcionamento da melatonina, aumentam a inflama\u00e7\u00e3o no corpo e tornam a digest\u00e3o mais lenta, o que prejudica tanto o adormecer quanto a manuten\u00e7\u00e3o do sono durante a noite.<\/p>\n\n\n\n<p>Os principais vil\u00f5es noturnos para quem est\u00e1 nessa faixa et\u00e1ria s\u00e3o os mesmos de sempre, mas os efeitos ficam mais pronunciados:<\/p>\n\n\n\n<ul class=\"wp-block-list\">\n<li><strong>Cafe\u00edna<\/strong> (caf\u00e9, ch\u00e1-preto, refrigerantes, chocolate amargo): estudos publicados no <em>Journal of Clinical Sleep Medicine<\/em> recomendam evit\u00e1-la pelo menos <strong>4 a 6 horas<\/strong> antes de dormir, pois interfere diretamente no ritmo circadiano.<\/li>\n\n\n\n<li><strong>\u00c1lcool<\/strong>: induz sonol\u00eancia inicial, mas reduz o sono REM e aumenta os despertares noturnos, al\u00e9m de relaxar os m\u00fasculos da garganta e agravar a apneia do sono.<\/li>\n\n\n\n<li><strong>Gordura saturada e a\u00e7\u00facar em excesso<\/strong>: associados a sono mais superficial e maior frequ\u00eancia de despertares, segundo pesquisas sobre dieta e arquitetura do sono.<\/li>\n\n\n\n<li><strong>Refei\u00e7\u00f5es muito volumosas<\/strong>: jantar pesado pr\u00f3ximo ao hor\u00e1rio de dormir eleva a temperatura corporal e exige mais do sistema digest\u00f3rio, atrasando o in\u00edcio do sono.<\/li>\n\n\n\n<li><strong>Queijos curados<\/strong> (parmes\u00e3o, cheddar, gruy\u00e8re): cont\u00eam tiramina, amino\u00e1cido que estimula o sistema nervoso e pode causar ins\u00f4nia em pessoas mais sens\u00edveis.<\/li>\n<\/ul>\n\n\n<div class=\"wp-block-image\">\n<figure class=\"aligncenter size-full\"><img decoding=\"async\" width=\"1280\" height=\"720\" src=\"https:\/\/www.correiobraziliense.com.br\/cbradar\/wp-content\/uploads\/2026\/04\/IMAGEM_720p_1777583121480.jpg\" alt=\"Alimentos que melhoram ou prejudicam o sono a partir dos 40 anos\" class=\"wp-image-234931\" srcset=\"https:\/\/www.correiobraziliense.com.br\/cbradar\/wp-content\/uploads\/2026\/04\/IMAGEM_720p_1777583121480.jpg 1280w, https:\/\/www.correiobraziliense.com.br\/cbradar\/wp-content\/uploads\/2026\/04\/IMAGEM_720p_1777583121480-300x169.jpg 300w, https:\/\/www.correiobraziliense.com.br\/cbradar\/wp-content\/uploads\/2026\/04\/IMAGEM_720p_1777583121480-768x432.jpg 768w, https:\/\/www.correiobraziliense.com.br\/cbradar\/wp-content\/uploads\/2026\/04\/IMAGEM_720p_1777583121480-750x422.jpg 750w, https:\/\/www.correiobraziliense.com.br\/cbradar\/wp-content\/uploads\/2026\/04\/IMAGEM_720p_1777583121480-1140x641.jpg 1140w\" sizes=\"(max-width: 1280px) 100vw, 1280px\" \/><figcaption class=\"wp-element-caption\">Alimentos que melhoram ou prejudicam o sono a partir dos 40 anos<\/figcaption><\/figure><\/div>\n\n\n<h2 class=\"wp-block-heading\">Existe um hor\u00e1rio ideal para jantar depois dos 40?<\/h2>\n\n\n\n<p>Sim, e a ci\u00eancia da <strong>crononutri\u00e7\u00e3o<\/strong> tem aprofundado esse entendimento. Jantar com pelo menos <strong>2 a 3 horas de anteced\u00eancia<\/strong> em rela\u00e7\u00e3o ao hor\u00e1rio de dormir permite que a digest\u00e3o avance sem competir com os processos fisiol\u00f3gicos do sono. Comer tarde e com excesso de carboidratos processados provoca pico de glicose e libera cortisol e adrenalina, horm\u00f4nios que s\u00e3o o oposto do estado de relaxamento necess\u00e1rio para adormecer.<\/p>\n\n\n\n<p>Se o intervalo entre o jantar e a hora de dormir for longo e surgir fome, um lanche pequeno e estrat\u00e9gico, como um punhado de nozes ou uma banana com manteiga de amendoim, \u00e9 mais favor\u00e1vel ao sono do que ficar em jejum prolongado ou ceder a um lanche industrializado.<\/p>\n\n\n\n<h2 class=\"wp-block-heading\">A dieta mediterr\u00e2nea realmente melhora o sono?<\/h2>\n\n\n\n<p>As evid\u00eancias apontam que sim. <a href=\"https:\/\/pmc.ncbi.nlm.nih.gov\/articles\/PMC11357367\/\" target=\"_blank\" rel=\"noreferrer noopener\">Um estudo americano acompanhou <strong>432 mulheres entre 20 e 76 anos<\/strong><\/a> ao longo de um ano e identificou que quanto maior a ades\u00e3o ao padr\u00e3o mediterr\u00e2neo, melhor era a qualidade do sono reportada. Esse modelo alimentar \u00e9 rico em peixes, azeite, leguminosas, frutas, vegetais e gr\u00e3os integrais, justamente os grupos que concentram triptofano, magn\u00e9sio e vitaminas do complexo B.<\/p>\n\n\n\n<p>A l\u00f3gica n\u00e3o \u00e9 misteriosa: uma dieta com pouca inflama\u00e7\u00e3o, boa oferta de nutrientes e baixo \u00edndice glic\u00eamico cria condi\u00e7\u00f5es metab\u00f3licas mais favor\u00e1veis para a produ\u00e7\u00e3o natural de melatonina. N\u00e3o \u00e9 uma solu\u00e7\u00e3o imediata, mas uma mudan\u00e7a consistente no padr\u00e3o alimentar tende a refletir na qualidade do sono ao longo das semanas. Dificuldades persistentes para dormir, mesmo com ajustes na alimenta\u00e7\u00e3o, merecem avalia\u00e7\u00e3o m\u00e9dica, j\u00e1 que ins\u00f4nia cr\u00f4nica pode ter causas que v\u00e3o al\u00e9m da dieta.<\/p>\n","protected":false},"excerpt":{"rendered":"<p>Depois dos 40, dormir bem exige mais do que boa vontade. Os alimentos para o sono que voc\u00ea consome \u00e0 noite t\u00eam impacto direto sobre a qualidade do descanso, e entender essa rela\u00e7\u00e3o pode fazer diferen\u00e7a real na sua rotina. Por que o sono muda depois dos 40 anos? A partir dos 40, o corpo [&hellip;]<\/p>\n","protected":false},"author":11,"featured_media":234930,"comment_status":"open","ping_status":"open","sticky":false,"template":"","format":"standard","meta":{"_yoast_wpseo_focuskw":"alimentos para o sono depois dos 40","_yoast_wpseo_title":"","_yoast_wpseo_metadesc":"Depois dos 40, o corpo produz menos melatonina e o sono muda. Mas o que voc\u00ea come \u00e0 noite pode ajudar ou piorar tudo isso.","jnews-multi-image_gallery":[],"jnews_single_post":{"format":"standard"},"jnews_primary_category":[],"jnews_social_meta":[],"jnews_override_counter":[],"footnotes":""},"categories":[119,4404],"tags":[281,2145,4571,1313],"class_list":["post-234923","post","type-post","status-publish","format-standard","has-post-thumbnail","hentry","category-bem-estar","category-saude","tag-alimentacao","tag-insonia","tag-melatonina","tag-sono"],"yoast_head":"<!-- This site is optimized with the Yoast SEO plugin v24.6 - https:\/\/yoast.com\/wordpress\/plugins\/seo\/ -->\n<title>Como a alimenta\u00e7\u00e3o noturna impacta para o sono depois dos 40 - Correio Braziliense - Radar<\/title>\n<meta name=\"description\" content=\"Depois dos 40, o corpo produz menos melatonina e o sono muda. Mas o que voc\u00ea come \u00e0 noite pode ajudar ou piorar tudo isso.\" \/>\n<meta name=\"robots\" content=\"index, follow, max-snippet:-1, max-image-preview:large, max-video-preview:-1\" \/>\n<link rel=\"canonical\" href=\"https:\/\/www.correiobraziliense.com.br\/cbradar\/como-a-alimentacao-noturna-impacta-para-o-sono-depois-dos-40\/\" \/>\n<meta property=\"og:locale\" content=\"pt_BR\" \/>\n<meta property=\"og:type\" content=\"article\" \/>\n<meta property=\"og:title\" content=\"Como a alimenta\u00e7\u00e3o noturna impacta para o sono depois dos 40 - Correio Braziliense - Radar\" \/>\n<meta property=\"og:description\" content=\"Depois dos 40, o corpo produz menos melatonina e o sono muda. Mas o que voc\u00ea come \u00e0 noite pode ajudar ou piorar tudo isso.\" \/>\n<meta property=\"og:url\" content=\"https:\/\/www.correiobraziliense.com.br\/cbradar\/como-a-alimentacao-noturna-impacta-para-o-sono-depois-dos-40\/\" \/>\n<meta property=\"og:site_name\" content=\"Correio Braziliense - Radar\" \/>\n<meta property=\"article:published_time\" content=\"2026-05-03T12:05:00+00:00\" \/>\n<meta property=\"og:image\" content=\"https:\/\/www.correiobraziliense.com.br\/cbradar\/wp-content\/uploads\/2026\/04\/IMAGEM_720p_1777583117415.jpg\" \/>\n\t<meta property=\"og:image:width\" content=\"1280\" \/>\n\t<meta property=\"og:image:height\" content=\"720\" \/>\n\t<meta property=\"og:image:type\" content=\"image\/jpeg\" \/>\n<meta name=\"author\" content=\"Paulo Custodio\" \/>\n<meta name=\"twitter:card\" content=\"summary_large_image\" \/>\n<meta name=\"twitter:label1\" content=\"Escrito por\" \/>\n\t<meta name=\"twitter:data1\" content=\"Paulo Custodio\" \/>\n\t<meta name=\"twitter:label2\" content=\"Est. tempo de leitura\" \/>\n\t<meta name=\"twitter:data2\" content=\"6 minutos\" \/>\n<!-- \/ Yoast SEO plugin. -->","yoast_head_json":{"title":"Como a alimenta\u00e7\u00e3o noturna impacta para o sono depois dos 40 - Correio Braziliense - Radar","description":"Depois dos 40, o corpo produz menos melatonina e o sono muda. Mas o que voc\u00ea come \u00e0 noite pode ajudar ou piorar tudo isso.","robots":{"index":"index","follow":"follow","max-snippet":"max-snippet:-1","max-image-preview":"max-image-preview:large","max-video-preview":"max-video-preview:-1"},"canonical":"https:\/\/www.correiobraziliense.com.br\/cbradar\/como-a-alimentacao-noturna-impacta-para-o-sono-depois-dos-40\/","og_locale":"pt_BR","og_type":"article","og_title":"Como a alimenta\u00e7\u00e3o noturna impacta para o sono depois dos 40 - Correio Braziliense - Radar","og_description":"Depois dos 40, o corpo produz menos melatonina e o sono muda. Mas o que voc\u00ea come \u00e0 noite pode ajudar ou piorar tudo isso.","og_url":"https:\/\/www.correiobraziliense.com.br\/cbradar\/como-a-alimentacao-noturna-impacta-para-o-sono-depois-dos-40\/","og_site_name":"Correio Braziliense - Radar","article_published_time":"2026-05-03T12:05:00+00:00","og_image":[{"width":1280,"height":720,"url":"https:\/\/www.correiobraziliense.com.br\/cbradar\/wp-content\/uploads\/2026\/04\/IMAGEM_720p_1777583117415.jpg","type":"image\/jpeg"}],"author":"Paulo Custodio","twitter_card":"summary_large_image","twitter_misc":{"Escrito por":"Paulo Custodio","Est. tempo de leitura":"6 minutos"},"schema":{"@context":"https:\/\/schema.org","@graph":[{"@type":"WebPage","@id":"https:\/\/www.correiobraziliense.com.br\/cbradar\/como-a-alimentacao-noturna-impacta-para-o-sono-depois-dos-40\/","url":"https:\/\/www.correiobraziliense.com.br\/cbradar\/como-a-alimentacao-noturna-impacta-para-o-sono-depois-dos-40\/","name":"Como a alimenta\u00e7\u00e3o noturna impacta para o sono depois dos 40 - Correio Braziliense - Radar","isPartOf":{"@id":"https:\/\/www.correiobraziliense.com.br\/cbradar\/#website"},"primaryImageOfPage":{"@id":"https:\/\/www.correiobraziliense.com.br\/cbradar\/como-a-alimentacao-noturna-impacta-para-o-sono-depois-dos-40\/#primaryimage"},"image":{"@id":"https:\/\/www.correiobraziliense.com.br\/cbradar\/como-a-alimentacao-noturna-impacta-para-o-sono-depois-dos-40\/#primaryimage"},"thumbnailUrl":"https:\/\/www.correiobraziliense.com.br\/cbradar\/wp-content\/uploads\/2026\/04\/IMAGEM_720p_1777583117415.jpg","datePublished":"2026-05-03T12:05:00+00:00","author":{"@id":"https:\/\/www.correiobraziliense.com.br\/cbradar\/#\/schema\/person\/4cec7857301a9a1a2ef249893cd908d3"},"description":"Depois dos 40, o corpo produz menos melatonina e o sono muda. Mas o que voc\u00ea come \u00e0 noite pode ajudar ou piorar tudo isso.","breadcrumb":{"@id":"https:\/\/www.correiobraziliense.com.br\/cbradar\/como-a-alimentacao-noturna-impacta-para-o-sono-depois-dos-40\/#breadcrumb"},"inLanguage":"pt-BR","potentialAction":[{"@type":"ReadAction","target":["https:\/\/www.correiobraziliense.com.br\/cbradar\/como-a-alimentacao-noturna-impacta-para-o-sono-depois-dos-40\/"]}]},{"@type":"ImageObject","inLanguage":"pt-BR","@id":"https:\/\/www.correiobraziliense.com.br\/cbradar\/como-a-alimentacao-noturna-impacta-para-o-sono-depois-dos-40\/#primaryimage","url":"https:\/\/www.correiobraziliense.com.br\/cbradar\/wp-content\/uploads\/2026\/04\/IMAGEM_720p_1777583117415.jpg","contentUrl":"https:\/\/www.correiobraziliense.com.br\/cbradar\/wp-content\/uploads\/2026\/04\/IMAGEM_720p_1777583117415.jpg","width":1280,"height":720,"caption":"Alimentos que melhoram ou prejudicam o sono a partir dos 40 anos"},{"@type":"BreadcrumbList","@id":"https:\/\/www.correiobraziliense.com.br\/cbradar\/como-a-alimentacao-noturna-impacta-para-o-sono-depois-dos-40\/#breadcrumb","itemListElement":[{"@type":"ListItem","position":1,"name":"In\u00edcio","item":"https:\/\/www.correiobraziliense.com.br\/cbradar\/"},{"@type":"ListItem","position":2,"name":"Como a alimenta\u00e7\u00e3o noturna impacta para o sono depois dos 40"}]},{"@type":"WebSite","@id":"https:\/\/www.correiobraziliense.com.br\/cbradar\/#website","url":"https:\/\/www.correiobraziliense.com.br\/cbradar\/","name":"Correio Braziliense - Radar","description":"Acompanhe as \u00faltimas not\u00edcias e fique bem informado sobre tudo o que acontece no Brasil e no mundo.","potentialAction":[{"@type":"SearchAction","target":{"@type":"EntryPoint","urlTemplate":"https:\/\/www.correiobraziliense.com.br\/cbradar\/?s={search_term_string}"},"query-input":{"@type":"PropertyValueSpecification","valueRequired":true,"valueName":"search_term_string"}}],"inLanguage":"pt-BR"},{"@type":"Person","@id":"https:\/\/www.correiobraziliense.com.br\/cbradar\/#\/schema\/person\/4cec7857301a9a1a2ef249893cd908d3","name":"Paulo Custodio","image":{"@type":"ImageObject","inLanguage":"pt-BR","@id":"https:\/\/www.correiobraziliense.com.br\/cbradar\/#\/schema\/person\/image\/","url":"https:\/\/secure.gravatar.com\/avatar\/bcd67168d1534e8fcf4f45c726a87cea?s=96&d=mm&r=g","contentUrl":"https:\/\/secure.gravatar.com\/avatar\/bcd67168d1534e8fcf4f45c726a87cea?s=96&d=mm&r=g","caption":"Paulo Custodio"},"sameAs":["https:\/\/www.correiobraziliense.com.br\/cbradar"],"url":"https:\/\/www.correiobraziliense.com.br\/cbradar\/author\/paulomyth\/"}]}},"_links":{"self":[{"href":"https:\/\/www.correiobraziliense.com.br\/cbradar\/wp-json\/wp\/v2\/posts\/234923","targetHints":{"allow":["GET"]}}],"collection":[{"href":"https:\/\/www.correiobraziliense.com.br\/cbradar\/wp-json\/wp\/v2\/posts"}],"about":[{"href":"https:\/\/www.correiobraziliense.com.br\/cbradar\/wp-json\/wp\/v2\/types\/post"}],"author":[{"embeddable":true,"href":"https:\/\/www.correiobraziliense.com.br\/cbradar\/wp-json\/wp\/v2\/users\/11"}],"replies":[{"embeddable":true,"href":"https:\/\/www.correiobraziliense.com.br\/cbradar\/wp-json\/wp\/v2\/comments?post=234923"}],"version-history":[{"count":1,"href":"https:\/\/www.correiobraziliense.com.br\/cbradar\/wp-json\/wp\/v2\/posts\/234923\/revisions"}],"predecessor-version":[{"id":234933,"href":"https:\/\/www.correiobraziliense.com.br\/cbradar\/wp-json\/wp\/v2\/posts\/234923\/revisions\/234933"}],"wp:featuredmedia":[{"embeddable":true,"href":"https:\/\/www.correiobraziliense.com.br\/cbradar\/wp-json\/wp\/v2\/media\/234930"}],"wp:attachment":[{"href":"https:\/\/www.correiobraziliense.com.br\/cbradar\/wp-json\/wp\/v2\/media?parent=234923"}],"wp:term":[{"taxonomy":"category","embeddable":true,"href":"https:\/\/www.correiobraziliense.com.br\/cbradar\/wp-json\/wp\/v2\/categories?post=234923"},{"taxonomy":"post_tag","embeddable":true,"href":"https:\/\/www.correiobraziliense.com.br\/cbradar\/wp-json\/wp\/v2\/tags?post=234923"}],"curies":[{"name":"wp","href":"https:\/\/api.w.org\/{rel}","templated":true}]}}