{"id":234946,"date":"2026-04-30T19:54:37","date_gmt":"2026-04-30T22:54:37","guid":{"rendered":"https:\/\/www.correiobraziliense.com.br\/cbradar\/?p=234946"},"modified":"2026-04-30T19:54:40","modified_gmt":"2026-04-30T22:54:40","slug":"pesquisas-sugerem-o-habito-de-adiar-a-felicidade-aproveitarei-a-vida-quando-as-criancas-forem-embora-quando-me-aposentar-quando-as-coisas-se-acalmarem-nao-e-paciencia-e-um-p","status":"publish","type":"post","link":"https:\/\/www.correiobraziliense.com.br\/cbradar\/pesquisas-sugerem-o-habito-de-adiar-a-felicidade-aproveitarei-a-vida-quando-as-criancas-forem-embora-quando-me-aposentar-quando-as-coisas-se-acalmarem-nao-e-paciencia-e-um-p\/","title":{"rendered":"Pesquisas sugerem o h\u00e1bito de adiar a felicidade \u2014 &#8220;Aproveitarei a vida quando as crian\u00e7as forem embora, quando me aposentar, quando as coisas se acalmarem&#8221; \u2014 n\u00e3o \u00e9 paci\u00eancia, \u00e9 um padr\u00e3o que simplesmente move o horizonte para frente"},"content":{"rendered":"\n<p>Muitas pessoas acreditam que a realiza\u00e7\u00e3o pessoal depende exclusivamente de conquistas futuras ou de circunst\u00e2ncias ideais de vida. No entanto, adiar a satisfa\u00e7\u00e3o emocional cria um ciclo vicioso de espera que raramente encontra um ponto de chegada. Entender como essa armadilha mental funciona ajuda a resgatar o bem-estar e o foco no momento presente.<\/p>\n\n\n\n<h2 class=\"wp-block-heading\">Por que o c\u00e9rebro humano tende a perseguir uma linha de chegada inexistente?<\/h2>\n\n\n\n<p>O fen\u00f4meno conhecido como adapta\u00e7\u00e3o hed\u00f4nica explica por que novos objetivos surgem logo ap\u00f3s alcan\u00e7armos uma meta desejada. O c\u00e9rebro rapidamente se acostuma com conquistas, movendo o foco para o pr\u00f3ximo desafio em busca de dopamina. Essa busca incessante impede que o indiv\u00edduo desfrute das vit\u00f3rias atuais, mantendo a sensa\u00e7\u00e3o de que algo essencial ainda est\u00e1 faltando.<\/p>\n\n\n\n<p>A cren\u00e7a de que a paz surgir\u00e1 apenas ap\u00f3s a resolu\u00e7\u00e3o de todos os problemas \u00e9 uma ilus\u00e3o cognitiva perigosa. A vida \u00e9 composta por uma sucess\u00e3o ininterrupta de eventos complexos que exigem aten\u00e7\u00e3o e energia constantes. Aceitar que a harmonia deve coexistir com o caos \u00e9 o primeiro passo para quebrar o padr\u00e3o de adiamento da felicidade e garantir estabilidade emocional.<\/p>\n\n\n\n<figure class=\"wp-block-image size-full\"><img decoding=\"async\" width=\"1280\" height=\"720\" src=\"https:\/\/www.correiobraziliense.com.br\/cbradar\/wp-content\/uploads\/2026\/04\/Gemini_Generated_Image_fajxkjfajxkjfajx-1-1.png\" alt=\"Pesquisas sugerem o h\u00e1bito de adiar a felicidade \u2014 &quot;Aproveitarei a vida quando as crian\u00e7as forem embora, quando me aposentar, quando as coisas se acalmarem&quot; \u2014 n\u00e3o \u00e9 paci\u00eancia, \u00e9 um padr\u00e3o que simplesmente move o horizonte para frente\" class=\"wp-image-234949\" srcset=\"https:\/\/www.correiobraziliense.com.br\/cbradar\/wp-content\/uploads\/2026\/04\/Gemini_Generated_Image_fajxkjfajxkjfajx-1-1.png 1280w, https:\/\/www.correiobraziliense.com.br\/cbradar\/wp-content\/uploads\/2026\/04\/Gemini_Generated_Image_fajxkjfajxkjfajx-1-1-300x169.png 300w, https:\/\/www.correiobraziliense.com.br\/cbradar\/wp-content\/uploads\/2026\/04\/Gemini_Generated_Image_fajxkjfajxkjfajx-1-1-768x432.png 768w, https:\/\/www.correiobraziliense.com.br\/cbradar\/wp-content\/uploads\/2026\/04\/Gemini_Generated_Image_fajxkjfajxkjfajx-1-1-750x422.png 750w, https:\/\/www.correiobraziliense.com.br\/cbradar\/wp-content\/uploads\/2026\/04\/Gemini_Generated_Image_fajxkjfajxkjfajx-1-1-1140x641.png 1140w\" sizes=\"(max-width: 1280px) 100vw, 1280px\" \/><figcaption class=\"wp-element-caption\">Esperar o momento perfeito pode fazer voc\u00ea perder o melhor da vida agora<\/figcaption><\/figure>\n\n\n\n<h2 class=\"wp-block-heading\">De que maneira a expectativa pelo futuro sabota a nossa sa\u00fade mental di\u00e1ria?<\/h2>\n\n\n\n<p>Viver mentalmente no amanh\u00e3 gera um estado de ansiedade cr\u00f4nica que desgasta o sistema nervoso de forma silenciosa. Quando ignoramos o prazer das pequenas escolhas di\u00e1rias, perdemos a oportunidade de fortalecer nossa resili\u00eancia emocional contra o estresse. O corpo reage negativamente a essa tens\u00e3o constante, resultando em fadiga f\u00edsica e falta de motiva\u00e7\u00e3o para tarefas simples e produtivas.<\/p>\n\n\n\n<p>A procrastina\u00e7\u00e3o da alegria frequentemente leva ao surgimento de sentimentos de frustra\u00e7\u00e3o e vazio existencial ao longo dos anos. Adultos que esperam por momentos perfeitos acabam percebendo que o tempo passou sem que experi\u00eancias significativas fossem vividas. Priorizar o autocuidado agora \u00e9 uma estrat\u00e9gia vital para garantir uma longevidade mental saud\u00e1vel e equilibrada para todos no longo prazo.<\/p>\n\n\n\n<h2 class=\"wp-block-heading\">Como as pequenas decis\u00f5es di\u00e1rias podem interromper esse ciclo de espera infinita?<\/h2>\n\n\n\n<p>Romper com o h\u00e1bito de mover o horizonte exige uma mudan\u00e7a consciente na forma de enxergar a rotina. Em vez de focar apenas no resultado final de grandes projetos, devemos valorizar o processo e as intera\u00e7\u00f5es cotidianas. Pequenas pausas para respirar ou apreciar o ambiente ajudam a recalibrar a mente e a reduzir a press\u00e3o por metas futuras irreais.<\/p>\n\n\n\n<p>Para fortalecer essa conex\u00e3o com a realidade e garantir que voc\u00ea desfrute da jornada com mais equil\u00edbrio, avalie estas orienta\u00e7\u00f5es:<\/p>\n\n\n\n<ul class=\"wp-block-list\">\n<li>Praticar a gratid\u00e3o por tr\u00eas eventos positivos ocorridos no dia.<\/li>\n\n\n\n<li>Estabelecer limites claros entre o tempo de trabalho e lazer.<\/li>\n\n\n\n<li>Investir em passatempos que promovam o relaxamento imediato e foco.<\/li>\n\n\n\n<li>Valorizar as conex\u00f5es humanas reais sem pressa ou distra\u00e7\u00f5es digitais.<\/li>\n<\/ul>\n\n\n\n<h2 class=\"wp-block-heading\">Qual \u00e9 o impacto da aceita\u00e7\u00e3o da imperfei\u00e7\u00e3o no desenvolvimento da resili\u00eancia?<\/h2>\n\n\n\n<p>Abandonar a busca pela perfei\u00e7\u00e3o permite que a mente se concentre no que realmente est\u00e1 sob nosso controle direto. A resili\u00eancia n\u00e3o nasce da aus\u00eancia de problemas, mas da capacidade de encontrar satisfa\u00e7\u00e3o mesmo em meio \u00e0s dificuldades. Quando paramos de esperar pelo cen\u00e1rio ideal, ganhamos a liberdade necess\u00e1ria para agir com mais assertividade e equil\u00edbrio emocional nas situa\u00e7\u00f5es complexas.<\/p>\n\n\n\n<p>A <strong><a href=\"https:\/\/www.correiobraziliense.com.br\/cbradar\/a-psicologia-sugere-que-parte-da-resiliencia-de-adultos-criados-nos-anos-60-e-70-nao-veio-de-uma-infancia-mais-protegida-mas-de-mais-tempo-sem-supervisao-direta-o-que-forcou-muitas-criancas-a-testar\/\" target=\"_blank\" rel=\"noreferrer noopener\">psicologia <\/a><\/strong>comportamental sugere que a maturidade emocional manifesta-se quando conseguimos pausar a correria para processar emo\u00e7\u00f5es internas. N\u00e3o se trata de ignorar as responsabilidades, mas de integr\u00e1-las a uma rotina que permita momentos genu\u00ednos de descanso. Essa mudan\u00e7a de perspectiva transforma a maneira como lidamos com os desafios da vida familiar e profissional na sociedade moderna e competitiva.<\/p>\n\n\n\n<figure class=\"wp-block-image size-full\"><img decoding=\"async\" width=\"1280\" height=\"720\" src=\"https:\/\/www.correiobraziliense.com.br\/cbradar\/wp-content\/uploads\/2026\/04\/Gemini_Generated_Image_zom64zom64zom64z-1-1.png\" alt=\"Pesquisas sugerem o h\u00e1bito de adiar a felicidade \u2014 &quot;Aproveitarei a vida quando as crian\u00e7as forem embora, quando me aposentar, quando as coisas se acalmarem&quot; \u2014 n\u00e3o \u00e9 paci\u00eancia, \u00e9 um padr\u00e3o que simplesmente move o horizonte para frente\" class=\"wp-image-234948\" srcset=\"https:\/\/www.correiobraziliense.com.br\/cbradar\/wp-content\/uploads\/2026\/04\/Gemini_Generated_Image_zom64zom64zom64z-1-1.png 1280w, https:\/\/www.correiobraziliense.com.br\/cbradar\/wp-content\/uploads\/2026\/04\/Gemini_Generated_Image_zom64zom64zom64z-1-1-300x169.png 300w, https:\/\/www.correiobraziliense.com.br\/cbradar\/wp-content\/uploads\/2026\/04\/Gemini_Generated_Image_zom64zom64zom64z-1-1-768x432.png 768w, https:\/\/www.correiobraziliense.com.br\/cbradar\/wp-content\/uploads\/2026\/04\/Gemini_Generated_Image_zom64zom64zom64z-1-1-750x422.png 750w, https:\/\/www.correiobraziliense.com.br\/cbradar\/wp-content\/uploads\/2026\/04\/Gemini_Generated_Image_zom64zom64zom64z-1-1-1140x641.png 1140w\" sizes=\"(max-width: 1280px) 100vw, 1280px\" \/><figcaption class=\"wp-element-caption\">Esperar o momento perfeito pode fazer voc\u00ea perder o melhor da vida agora<\/figcaption><\/figure>\n\n\n\n<h2 class=\"wp-block-heading\">O que os estudos de longevidade revelam sobre a import\u00e2ncia de viver o agora?<\/h2>\n\n\n\n<p>Pesquisas indicam que pessoas que cultivam o bem-estar no cotidiano apresentam menores \u00edndices de doen\u00e7as cr\u00f4nicas e inflama\u00e7\u00f5es sist\u00eamicas. O otimismo moderado e a pr\u00e1tica da aten\u00e7\u00e3o plena atuam como escudos biol\u00f3gicos que protegem o cora\u00e7\u00e3o e o c\u00e9rebro. Investir na sa\u00fade da mente hoje \u00e9 garantir um futuro com muito mais autonomia, clareza cognitiva e vigor f\u00edsico.<\/p>\n\n\n\n<p>A <strong>American Psychological Association<\/strong> afirma que manter o foco no presente reduz significativamente os n\u00edveis de cortisol e melhora o sistema imunol\u00f3gico. Entender que a felicidade \u00e9 um estado a ser cultivado diariamente ajuda a prevenir transtornos psicol\u00f3gicos severos ao longo da vida. Saiba mais sobre como gerenciar o <a target=\"_blank\" rel=\"noreferrer noopener\" href=\"https:\/\/www.apa.org\/topics\/stress\/health\">estresse e o bem-estar emocional<\/a> no portal oficial da autoridade mundial.<\/p>\n","protected":false},"excerpt":{"rendered":"<p>Muitas pessoas acreditam que a realiza\u00e7\u00e3o pessoal depende exclusivamente de conquistas futuras ou de circunst\u00e2ncias ideais de vida. No entanto, adiar a satisfa\u00e7\u00e3o emocional cria um ciclo vicioso de espera que raramente encontra um ponto de chegada. Entender como essa armadilha mental funciona ajuda a resgatar o bem-estar e o foco no momento presente. Por [&hellip;]<\/p>\n","protected":false},"author":21,"featured_media":234950,"comment_status":"open","ping_status":"open","sticky":false,"template":"","format":"standard","meta":{"_yoast_wpseo_focuskw":"adiar felicidade e viver no futuro constante","_yoast_wpseo_title":"","_yoast_wpseo_metadesc":"Esperar o momento ideal pode atrasar sua felicidade. Esse padr\u00e3o mental cria um ciclo que impede o bem-estar no presente.","jnews-multi-image_gallery":[],"jnews_single_post":{"format":"standard"},"jnews_primary_category":[],"jnews_social_meta":[],"jnews_override_counter":[],"footnotes":""},"categories":[112],"tags":[4377,3449,404],"class_list":["post-234946","post","type-post","status-publish","format-standard","has-post-thumbnail","hentry","category-curiosidades","tag-criancas","tag-felicidade","tag-psicologia"],"yoast_head":"<!-- This site is optimized with the Yoast SEO plugin v24.6 - https:\/\/yoast.com\/wordpress\/plugins\/seo\/ -->\n<title>Pesquisas sugerem o h\u00e1bito de adiar a felicidade \u2014 &quot;Aproveitarei a vida quando as crian\u00e7as forem embora, quando me aposentar, quando as coisas se acalmarem&quot; \u2014 n\u00e3o \u00e9 paci\u00eancia, \u00e9 um padr\u00e3o que simplesmente move o horizonte para frente - Correio Braziliense - Radar<\/title>\n<meta name=\"description\" content=\"Esperar o momento ideal pode atrasar sua felicidade. Esse padr\u00e3o mental cria um ciclo que impede o bem-estar no presente.\" \/>\n<meta name=\"robots\" content=\"index, follow, max-snippet:-1, max-image-preview:large, max-video-preview:-1\" \/>\n<link rel=\"canonical\" href=\"https:\/\/www.correiobraziliense.com.br\/cbradar\/pesquisas-sugerem-o-habito-de-adiar-a-felicidade-aproveitarei-a-vida-quando-as-criancas-forem-embora-quando-me-aposentar-quando-as-coisas-se-acalmarem-nao-e-paciencia-e-um-p\/\" \/>\n<meta property=\"og:locale\" content=\"pt_BR\" \/>\n<meta property=\"og:type\" content=\"article\" \/>\n<meta property=\"og:title\" content=\"Pesquisas sugerem o h\u00e1bito de adiar a felicidade \u2014 &quot;Aproveitarei a vida quando as crian\u00e7as forem embora, quando me aposentar, quando as coisas se acalmarem&quot; \u2014 n\u00e3o \u00e9 paci\u00eancia, \u00e9 um padr\u00e3o que simplesmente move o horizonte para frente - Correio Braziliense - Radar\" \/>\n<meta property=\"og:description\" content=\"Esperar o momento ideal pode atrasar sua felicidade. Esse padr\u00e3o mental cria um ciclo que impede o bem-estar no presente.\" \/>\n<meta property=\"og:url\" content=\"https:\/\/www.correiobraziliense.com.br\/cbradar\/pesquisas-sugerem-o-habito-de-adiar-a-felicidade-aproveitarei-a-vida-quando-as-criancas-forem-embora-quando-me-aposentar-quando-as-coisas-se-acalmarem-nao-e-paciencia-e-um-p\/\" \/>\n<meta property=\"og:site_name\" content=\"Correio Braziliense - Radar\" \/>\n<meta property=\"article:published_time\" content=\"2026-04-30T22:54:37+00:00\" \/>\n<meta property=\"article:modified_time\" content=\"2026-04-30T22:54:40+00:00\" \/>\n<meta property=\"og:image\" content=\"https:\/\/www.correiobraziliense.com.br\/cbradar\/wp-content\/uploads\/2026\/04\/Gemini_Generated_Image_d0isumd0isumd0is-1-1.png\" \/>\n\t<meta property=\"og:image:width\" content=\"1280\" \/>\n\t<meta property=\"og:image:height\" content=\"720\" \/>\n\t<meta property=\"og:image:type\" content=\"image\/png\" \/>\n<meta name=\"author\" content=\"Patrick Silva\" \/>\n<meta name=\"twitter:card\" content=\"summary_large_image\" \/>\n<meta name=\"twitter:label1\" content=\"Escrito por\" \/>\n\t<meta name=\"twitter:data1\" content=\"Patrick Silva\" \/>\n\t<meta name=\"twitter:label2\" content=\"Est. tempo de leitura\" \/>\n\t<meta name=\"twitter:data2\" content=\"5 minutos\" \/>\n<!-- \/ Yoast SEO plugin. -->","yoast_head_json":{"title":"Pesquisas sugerem o h\u00e1bito de adiar a felicidade \u2014 \"Aproveitarei a vida quando as crian\u00e7as forem embora, quando me aposentar, quando as coisas se acalmarem\" \u2014 n\u00e3o \u00e9 paci\u00eancia, \u00e9 um padr\u00e3o que simplesmente move o horizonte para frente - Correio Braziliense - Radar","description":"Esperar o momento ideal pode atrasar sua felicidade. Esse padr\u00e3o mental cria um ciclo que impede o bem-estar no presente.","robots":{"index":"index","follow":"follow","max-snippet":"max-snippet:-1","max-image-preview":"max-image-preview:large","max-video-preview":"max-video-preview:-1"},"canonical":"https:\/\/www.correiobraziliense.com.br\/cbradar\/pesquisas-sugerem-o-habito-de-adiar-a-felicidade-aproveitarei-a-vida-quando-as-criancas-forem-embora-quando-me-aposentar-quando-as-coisas-se-acalmarem-nao-e-paciencia-e-um-p\/","og_locale":"pt_BR","og_type":"article","og_title":"Pesquisas sugerem o h\u00e1bito de adiar a felicidade \u2014 \"Aproveitarei a vida quando as crian\u00e7as forem embora, quando me aposentar, quando as coisas se acalmarem\" \u2014 n\u00e3o \u00e9 paci\u00eancia, \u00e9 um padr\u00e3o que simplesmente move o horizonte para frente - Correio Braziliense - Radar","og_description":"Esperar o momento ideal pode atrasar sua felicidade. Esse padr\u00e3o mental cria um ciclo que impede o bem-estar no presente.","og_url":"https:\/\/www.correiobraziliense.com.br\/cbradar\/pesquisas-sugerem-o-habito-de-adiar-a-felicidade-aproveitarei-a-vida-quando-as-criancas-forem-embora-quando-me-aposentar-quando-as-coisas-se-acalmarem-nao-e-paciencia-e-um-p\/","og_site_name":"Correio Braziliense - Radar","article_published_time":"2026-04-30T22:54:37+00:00","article_modified_time":"2026-04-30T22:54:40+00:00","og_image":[{"width":1280,"height":720,"url":"https:\/\/www.correiobraziliense.com.br\/cbradar\/wp-content\/uploads\/2026\/04\/Gemini_Generated_Image_d0isumd0isumd0is-1-1.png","type":"image\/png"}],"author":"Patrick Silva","twitter_card":"summary_large_image","twitter_misc":{"Escrito por":"Patrick Silva","Est. tempo de leitura":"5 minutos"},"schema":{"@context":"https:\/\/schema.org","@graph":[{"@type":"WebPage","@id":"https:\/\/www.correiobraziliense.com.br\/cbradar\/pesquisas-sugerem-o-habito-de-adiar-a-felicidade-aproveitarei-a-vida-quando-as-criancas-forem-embora-quando-me-aposentar-quando-as-coisas-se-acalmarem-nao-e-paciencia-e-um-p\/","url":"https:\/\/www.correiobraziliense.com.br\/cbradar\/pesquisas-sugerem-o-habito-de-adiar-a-felicidade-aproveitarei-a-vida-quando-as-criancas-forem-embora-quando-me-aposentar-quando-as-coisas-se-acalmarem-nao-e-paciencia-e-um-p\/","name":"Pesquisas sugerem o h\u00e1bito de adiar a felicidade \u2014 \"Aproveitarei a vida quando as crian\u00e7as forem embora, quando me aposentar, quando as coisas se acalmarem\" \u2014 n\u00e3o \u00e9 paci\u00eancia, \u00e9 um padr\u00e3o que simplesmente move o horizonte para frente - Correio Braziliense - Radar","isPartOf":{"@id":"https:\/\/www.correiobraziliense.com.br\/cbradar\/#website"},"primaryImageOfPage":{"@id":"https:\/\/www.correiobraziliense.com.br\/cbradar\/pesquisas-sugerem-o-habito-de-adiar-a-felicidade-aproveitarei-a-vida-quando-as-criancas-forem-embora-quando-me-aposentar-quando-as-coisas-se-acalmarem-nao-e-paciencia-e-um-p\/#primaryimage"},"image":{"@id":"https:\/\/www.correiobraziliense.com.br\/cbradar\/pesquisas-sugerem-o-habito-de-adiar-a-felicidade-aproveitarei-a-vida-quando-as-criancas-forem-embora-quando-me-aposentar-quando-as-coisas-se-acalmarem-nao-e-paciencia-e-um-p\/#primaryimage"},"thumbnailUrl":"https:\/\/www.correiobraziliense.com.br\/cbradar\/wp-content\/uploads\/2026\/04\/Gemini_Generated_Image_d0isumd0isumd0is-1-1.png","datePublished":"2026-04-30T22:54:37+00:00","dateModified":"2026-04-30T22:54:40+00:00","author":{"@id":"https:\/\/www.correiobraziliense.com.br\/cbradar\/#\/schema\/person\/5440b72be9c7eb74f446c846479dc4da"},"description":"Esperar o momento ideal pode atrasar sua felicidade. Esse padr\u00e3o mental cria um ciclo que impede o bem-estar no presente.","breadcrumb":{"@id":"https:\/\/www.correiobraziliense.com.br\/cbradar\/pesquisas-sugerem-o-habito-de-adiar-a-felicidade-aproveitarei-a-vida-quando-as-criancas-forem-embora-quando-me-aposentar-quando-as-coisas-se-acalmarem-nao-e-paciencia-e-um-p\/#breadcrumb"},"inLanguage":"pt-BR","potentialAction":[{"@type":"ReadAction","target":["https:\/\/www.correiobraziliense.com.br\/cbradar\/pesquisas-sugerem-o-habito-de-adiar-a-felicidade-aproveitarei-a-vida-quando-as-criancas-forem-embora-quando-me-aposentar-quando-as-coisas-se-acalmarem-nao-e-paciencia-e-um-p\/"]}]},{"@type":"ImageObject","inLanguage":"pt-BR","@id":"https:\/\/www.correiobraziliense.com.br\/cbradar\/pesquisas-sugerem-o-habito-de-adiar-a-felicidade-aproveitarei-a-vida-quando-as-criancas-forem-embora-quando-me-aposentar-quando-as-coisas-se-acalmarem-nao-e-paciencia-e-um-p\/#primaryimage","url":"https:\/\/www.correiobraziliense.com.br\/cbradar\/wp-content\/uploads\/2026\/04\/Gemini_Generated_Image_d0isumd0isumd0is-1-1.png","contentUrl":"https:\/\/www.correiobraziliense.com.br\/cbradar\/wp-content\/uploads\/2026\/04\/Gemini_Generated_Image_d0isumd0isumd0is-1-1.png","width":1280,"height":720,"caption":"Esperar o momento perfeito pode fazer voc\u00ea perder o melhor da vida agora"},{"@type":"BreadcrumbList","@id":"https:\/\/www.correiobraziliense.com.br\/cbradar\/pesquisas-sugerem-o-habito-de-adiar-a-felicidade-aproveitarei-a-vida-quando-as-criancas-forem-embora-quando-me-aposentar-quando-as-coisas-se-acalmarem-nao-e-paciencia-e-um-p\/#breadcrumb","itemListElement":[{"@type":"ListItem","position":1,"name":"In\u00edcio","item":"https:\/\/www.correiobraziliense.com.br\/cbradar\/"},{"@type":"ListItem","position":2,"name":"Pesquisas sugerem o h\u00e1bito de adiar a felicidade \u2014 &#8220;Aproveitarei a vida quando as crian\u00e7as forem embora, quando me aposentar, quando as coisas se acalmarem&#8221; \u2014 n\u00e3o \u00e9 paci\u00eancia, \u00e9 um padr\u00e3o que simplesmente move o horizonte para frente"}]},{"@type":"WebSite","@id":"https:\/\/www.correiobraziliense.com.br\/cbradar\/#website","url":"https:\/\/www.correiobraziliense.com.br\/cbradar\/","name":"Correio Braziliense - Radar","description":"Acompanhe as \u00faltimas not\u00edcias e fique bem informado sobre tudo o que acontece no Brasil e no mundo.","potentialAction":[{"@type":"SearchAction","target":{"@type":"EntryPoint","urlTemplate":"https:\/\/www.correiobraziliense.com.br\/cbradar\/?s={search_term_string}"},"query-input":{"@type":"PropertyValueSpecification","valueRequired":true,"valueName":"search_term_string"}}],"inLanguage":"pt-BR"},{"@type":"Person","@id":"https:\/\/www.correiobraziliense.com.br\/cbradar\/#\/schema\/person\/5440b72be9c7eb74f446c846479dc4da","name":"Patrick Silva","image":{"@type":"ImageObject","inLanguage":"pt-BR","@id":"https:\/\/www.correiobraziliense.com.br\/cbradar\/#\/schema\/person\/image\/","url":"https:\/\/secure.gravatar.com\/avatar\/944109df296fc087785c9715fd5f80b2?s=96&d=mm&r=g","contentUrl":"https:\/\/secure.gravatar.com\/avatar\/944109df296fc087785c9715fd5f80b2?s=96&d=mm&r=g","caption":"Patrick Silva"},"sameAs":["https:\/\/www.correiobraziliense.com.br\/cbradar\/"],"url":"https:\/\/www.correiobraziliense.com.br\/cbradar\/author\/patrick-silva\/"}]}},"_links":{"self":[{"href":"https:\/\/www.correiobraziliense.com.br\/cbradar\/wp-json\/wp\/v2\/posts\/234946","targetHints":{"allow":["GET"]}}],"collection":[{"href":"https:\/\/www.correiobraziliense.com.br\/cbradar\/wp-json\/wp\/v2\/posts"}],"about":[{"href":"https:\/\/www.correiobraziliense.com.br\/cbradar\/wp-json\/wp\/v2\/types\/post"}],"author":[{"embeddable":true,"href":"https:\/\/www.correiobraziliense.com.br\/cbradar\/wp-json\/wp\/v2\/users\/21"}],"replies":[{"embeddable":true,"href":"https:\/\/www.correiobraziliense.com.br\/cbradar\/wp-json\/wp\/v2\/comments?post=234946"}],"version-history":[{"count":4,"href":"https:\/\/www.correiobraziliense.com.br\/cbradar\/wp-json\/wp\/v2\/posts\/234946\/revisions"}],"predecessor-version":[{"id":234953,"href":"https:\/\/www.correiobraziliense.com.br\/cbradar\/wp-json\/wp\/v2\/posts\/234946\/revisions\/234953"}],"wp:featuredmedia":[{"embeddable":true,"href":"https:\/\/www.correiobraziliense.com.br\/cbradar\/wp-json\/wp\/v2\/media\/234950"}],"wp:attachment":[{"href":"https:\/\/www.correiobraziliense.com.br\/cbradar\/wp-json\/wp\/v2\/media?parent=234946"}],"wp:term":[{"taxonomy":"category","embeddable":true,"href":"https:\/\/www.correiobraziliense.com.br\/cbradar\/wp-json\/wp\/v2\/categories?post=234946"},{"taxonomy":"post_tag","embeddable":true,"href":"https:\/\/www.correiobraziliense.com.br\/cbradar\/wp-json\/wp\/v2\/tags?post=234946"}],"curies":[{"name":"wp","href":"https:\/\/api.w.org\/{rel}","templated":true}]}}