{"id":234979,"date":"2026-04-30T23:05:00","date_gmt":"2026-05-01T02:05:00","guid":{"rendered":"https:\/\/www.correiobraziliense.com.br\/cbradar\/?p=234979"},"modified":"2026-04-30T20:00:05","modified_gmt":"2026-04-30T23:00:05","slug":"uma-vila-de-1727-parou-no-tempo-e-guarda-80-cachoeiras-a-apenas-150-km-de-brasilia","status":"publish","type":"post","link":"https:\/\/www.correiobraziliense.com.br\/cbradar\/uma-vila-de-1727-parou-no-tempo-e-guarda-80-cachoeiras-a-apenas-150-km-de-brasilia\/","title":{"rendered":"Uma vila de 1727 parou no tempo e guarda 80 cachoeiras a apenas 150 km de Bras\u00edlia"},"content":{"rendered":"\n<p>O som das ferraduras ecoa nas ruas de pedra de <strong>Piren\u00f3polis<\/strong> antes do amanhecer. Fundada em <strong>1727<\/strong> por bandeirantes paulistas em busca de ouro, a cidade goiana guarda quase tr\u00eas s\u00e9culos de hist\u00f3ria entre casar\u00f5es coloniais e a <strong>Serra dos Pireneus<\/strong>.<\/p>\n\n\n\n<h2 class=\"wp-block-heading\">Por que Piren\u00f3polis virou patrim\u00f4nio nacional?<\/h2>\n\n\n\n<p>A resposta est\u00e1 nas ruas. Todo o conjunto arquitet\u00f4nico, urban\u00edstico, paisag\u00edstico e hist\u00f3rico da cidade foi tombado pelo <a href=\"https:\/\/www.gov.br\/iphan\/pt-br\/assuntos\/noticias\/conjunto-arquitetonico-de-pirenopolis-completa-33-anos-de-tombamento\" target=\"_blank\" rel=\"noreferrer noopener\"><strong>Instituto do Patrim\u00f4nio Hist\u00f3rico e Art\u00edstico Nacional (IPHAN)<\/strong><\/a> em 1990, formando um dos acervos mais preservados do Brasil Central.<\/p>\n\n\n\n<p>A <strong>Igreja Matriz de Nossa Senhora do Ros\u00e1rio<\/strong>, com obras iniciadas em 1728, foi o primeiro monumento tombado pelo IPHAN em todo o Centro-Oeste, em 1941. Constru\u00edda entre 1761 e 1763, \u00e9 considerada o maior edif\u00edcio religioso da regi\u00e3o.<\/p>\n\n\n\n<p>O isolamento econ\u00f4mico ap\u00f3s o ciclo do ouro acabou sendo bom para a cidade. As ruas anteriores a 1830 chegaram quase intactas ao s\u00e9culo XXI, preservando a fei\u00e7\u00e3o original do casario colonial.<\/p>\n\n\n<div class=\"wp-block-image\">\n<figure class=\"aligncenter size-large\"><img decoding=\"async\" width=\"1024\" height=\"576\" src=\"https:\/\/www.correiobraziliense.com.br\/cbradar\/wp-content\/uploads\/2025\/06\/Pirenopolis_1751088616127-1024x576.jpg\" alt=\"Uma vila brasileira de 1727 preserva o charme do passado e conquista quem busca sossego perto da capital\" class=\"wp-image-60715\" srcset=\"https:\/\/www.correiobraziliense.com.br\/cbradar\/wp-content\/uploads\/2025\/06\/Pirenopolis_1751088616127-1024x576.jpg 1024w, https:\/\/www.correiobraziliense.com.br\/cbradar\/wp-content\/uploads\/2025\/06\/Pirenopolis_1751088616127-300x169.jpg 300w, https:\/\/www.correiobraziliense.com.br\/cbradar\/wp-content\/uploads\/2025\/06\/Pirenopolis_1751088616127-768x432.jpg 768w, https:\/\/www.correiobraziliense.com.br\/cbradar\/wp-content\/uploads\/2025\/06\/Pirenopolis_1751088616127-750x422.jpg 750w, https:\/\/www.correiobraziliense.com.br\/cbradar\/wp-content\/uploads\/2025\/06\/Pirenopolis_1751088616127-1140x641.jpg 1140w, https:\/\/www.correiobraziliense.com.br\/cbradar\/wp-content\/uploads\/2025\/06\/Pirenopolis_1751088616127.jpg 1280w\" sizes=\"(max-width: 1024px) 100vw, 1024px\" \/><figcaption class=\"wp-element-caption\">Piren\u00f3polis, GO encanta turistas com charme colonial, cachoeiras e atmosfera hist\u00f3rica no interior de Goi\u00e1s. \/\/ Cr\u00e9ditos: depositphotos.com \/ MaRabelo<\/figcaption><\/figure><\/div>\n\n\n<h2 class=\"wp-block-heading\">Quais cachoeiras valem o desvio em Piri?<\/h2>\n\n\n\n<p><strong>S\u00e3o mais de 80 quedas catalogadas na Serra dos Pireneus, muitas com infraestrutura completa.<\/strong> A maior parte fica em propriedades privadas e cobra ingresso, mas o acesso costuma ser f\u00e1cil mesmo de carro comum.<\/p>\n\n\n\n<ul class=\"wp-block-list\">\n<li><strong>Cachoeira do Abade<\/strong>: queda de 22 metros e po\u00e7o cristalino de 900 m\u00b2. Tem trilhas de 400 m e de 2.400 m, e restaurante na entrada.<\/li>\n\n\n\n<li><strong>Cachoeiras dos Drag\u00f5es<\/strong>: oito quedas dentro da reserva do Mosteiro Zen Eish\u014dji, a 40 km do centro. A trilha completa leva de 3 a 4 horas.<\/li>\n\n\n\n<li><strong>Cachoeira Para\u00edso<\/strong>: complexo com piscina aquecida, red\u00e1rio e camping, em uma antiga col\u00f4nia de pedreiros desativada em 2012.<\/li>\n\n\n\n<li><strong>Cachoeiras Bonsucesso<\/strong>: a apenas 4,5 km do centro, re\u00fane seis op\u00e7\u00f5es de banho em um caminho que passa por estradas do s\u00e9culo XVIII, descritas pelo <a href=\"https:\/\/www.goiasturismo.go.gov.br\/pt\/atracoes\/pirenopolis\/cachoeira-bonsucesso\" target=\"_blank\" rel=\"noreferrer noopener\"><strong>Goi\u00e1s Turismo<\/strong><\/a>.<\/li>\n\n\n\n<li><strong>Cachoeira das Araras<\/strong>: tem rampa de acesso para cadeirantes que chega at\u00e9 a \u00e1gua, raridade entre quedas de cerrado.<\/li>\n<\/ul>\n\n\n\n<p>O charme hist\u00f3rico goiano atrai visitantes em busca de lazer e gastronomia. O v\u00eddeo \u00e9 do canal <strong>Estevam Pelo Mundo<\/strong>, com <strong>2,27 milh\u00f5es de inscritos<\/strong>, detalhando roteiros e custos em Piren\u00f3polis.<\/p>\n\n\n\n<figure class=\"wp-block-embed aligncenter is-type-video is-provider-youtube wp-block-embed-youtube wp-embed-aspect-16-9 wp-has-aspect-ratio\"><div class=\"wp-block-embed__wrapper\">\n<div class=\"jeg_video_container jeg_video_content\"><iframe loading=\"lazy\" title=\"O QUE FAZER em PIREN\u00d3POLIS? Pre\u00e7os, restaurantes, tour e como chegar \u00e0 cidade 9\/60 - #Brasil60\" width=\"500\" height=\"281\" src=\"https:\/\/www.youtube.com\/embed\/HCfy1bOPFOs?feature=oembed\" frameborder=\"0\" allow=\"accelerometer; autoplay; clipboard-write; encrypted-media; gyroscope; picture-in-picture; web-share\" referrerpolicy=\"strict-origin-when-cross-origin\" allowfullscreen><\/iframe><\/div>\n<\/div><\/figure>\n\n\n\n<h2 class=\"wp-block-heading\">O ano em que as Cavalhadas completam dois s\u00e9culos<\/h2>\n\n\n\n<p>Em 2026, Piren\u00f3polis vive uma data redonda. As <strong>Cavalhadas<\/strong>, encena\u00e7\u00e3o da batalha medieval entre mouros e crist\u00e3os, completam 200 anos desde sua introdu\u00e7\u00e3o pelo Padre Manuel Am\u00e2ncio da Luz, em 1826.<\/p>\n\n\n\n<p>O espet\u00e1culo acontece nos dias 24, 25 e 26 de maio dentro da <a href=\"https:\/\/www.gov.br\/turismo\/pt-br\/assuntos\/noticias\/pirenopolis-a-realeza-das-cavalhadas-e-a-festa-do-divino\" target=\"_blank\" rel=\"noreferrer noopener\"><strong>Festa do Divino Esp\u00edrito Santo<\/strong><\/a>, registrada pelo IPHAN como Patrim\u00f4nio Cultural Imaterial em 2010 e realizada na cidade desde 1819. Cavaleiros divididos em dois ex\u00e9rcitos disputam tr\u00eas dias de coreografias a cavalo.<\/p>\n\n\n\n<p>Pelas ruas, os mascarados completam o cen\u00e1rio. Eles usam roupas coloridas, m\u00e1scaras de animais e mudam a voz para n\u00e3o serem reconhecidos, tradi\u00e7\u00e3o que mistura matrizes europeias e afro-brasileiras.<\/p>\n\n\n\n<h2 class=\"wp-block-heading\">O que provar quando a fome bate em Piri?<\/h2>\n\n\n\n<p><strong>O card\u00e1pio mistura cerrado, ra\u00edzes mineiras e influ\u00eancia portuguesa.<\/strong> Os pratos t\u00edpicos aparecem tanto em buffets simples quanto em restaurantes refinados do centro hist\u00f3rico.<\/p>\n\n\n\n<ul class=\"wp-block-list\">\n<li><strong>Empad\u00e3o goiano<\/strong>: torta recheada com frango, lingui\u00e7a, azeitona e a pol\u00eamica guariroba, palmito amargo que divide opini\u00f5es.<\/li>\n\n\n\n<li><strong>Arroz com pequi<\/strong>: prato s\u00edmbolo do cerrado goiano, presente em quase toda casa de comida regional da cidade.<\/li>\n\n\n\n<li><strong>Pamonha<\/strong>: vendida nas vers\u00f5es doce e salgada, e tamb\u00e9m \u00e0 moda, com lingui\u00e7a temperada por dentro.<\/li>\n\n\n\n<li><strong>Carne de lata<\/strong>: carne de porco conservada na pr\u00f3pria banha, heran\u00e7a das fazendas de Goi\u00e1s.<\/li>\n\n\n\n<li><strong>Doces de baru e pequi<\/strong>: a castanha do baru e o fruto amarelo aparecem em compotas e biscoitos artesanais.<\/li>\n<\/ul>\n\n\n<div class=\"wp-block-image\">\n<figure class=\"aligncenter size-large\"><img decoding=\"async\" width=\"1024\" height=\"576\" src=\"https:\/\/www.correiobraziliense.com.br\/cbradar\/wp-content\/uploads\/2025\/06\/Edicoes-12-1024x576.png\" alt=\"\" class=\"wp-image-47265\" srcset=\"https:\/\/www.correiobraziliense.com.br\/cbradar\/wp-content\/uploads\/2025\/06\/Edicoes-12-1024x576.png 1024w, https:\/\/www.correiobraziliense.com.br\/cbradar\/wp-content\/uploads\/2025\/06\/Edicoes-12-300x169.png 300w, https:\/\/www.correiobraziliense.com.br\/cbradar\/wp-content\/uploads\/2025\/06\/Edicoes-12-768x432.png 768w, https:\/\/www.correiobraziliense.com.br\/cbradar\/wp-content\/uploads\/2025\/06\/Edicoes-12-750x422.png 750w, https:\/\/www.correiobraziliense.com.br\/cbradar\/wp-content\/uploads\/2025\/06\/Edicoes-12-1140x641.png 1140w, https:\/\/www.correiobraziliense.com.br\/cbradar\/wp-content\/uploads\/2025\/06\/Edicoes-12.png 1280w\" sizes=\"(max-width: 1024px) 100vw, 1024px\" \/><figcaption class=\"wp-element-caption\">Piren\u00f3polis, GO \u00e9 refer\u00eancia em patrim\u00f4nio hist\u00f3rico, turismo ecol\u00f3gico e charme colonial \u00fanico. \/\/ Reprodu\u00e7\u00e3o: Wikimedia Commons<\/figcaption><\/figure><\/div>\n\n\n<p><strong>Leia tamb\u00e9m: <a href=\"https:\/\/www.correiobraziliense.com.br\/cbradar\/jaragua-do-sul-indaiatuba-valinhos-e-jundiai-vencem-o-ranking-de-seguranca-urbana-no-brasil-e-atrai-familias-que-migram-para-o-interior-em-2026-em-busca-de-tranquilidade\/\" target=\"_blank\" rel=\"noreferrer noopener\">Jaragu\u00e1 do Sul, Indaiatuba, Valinhos e Jundia\u00ed vencem o ranking de seguran\u00e7a urbana no Brasil e atra\u00ed fam\u00edlias que migram para o interior em 2026 em busca de tranquilidade.<\/a><\/strong><\/p>\n\n\n\n<h2 class=\"wp-block-heading\">Qual a melhor \u00e9poca para visitar a Serra dos Pireneus?<\/h2>\n\n\n\n<p><strong>O inverno seco \u00e9 a alta temporada para o centro hist\u00f3rico e as trilhas. <\/strong>No ver\u00e3o, as cachoeiras ficam cheias, mas a chuva pode atrapalhar o acesso por estradas de terra.<\/p>\n\n\n\n<style>\n  \/* --- CONTAINER BLINDADO (PADR\u00c3O REGISTRADO) --- *\/\n  .clima-grid-final {\n    font-family: -apple-system, BlinkMacSystemFont, \"Segoe UI\", Roboto, Arial, sans-serif !important;\n    width: 100% !important;\n    max-width: 1200px !important;\n    margin: 20px auto !important;\n    display: grid !important;\n    \/* FOR\u00c7A 4 COLUNAS NO DESKTOP PARA AS 4 ESTA\u00c7\u00d5ES *\/\n    grid-template-columns: repeat(4, 1fr) !important; \n    gap: 15px !important;\n    box-sizing: border-box !important;\n  }\n\n  .clima-grid-final * {\n    box-sizing: border-box !important;\n  }\n\n  \/* --- BLINDAGEM CONTRA ADS E PLUGINS INTRUSOS --- *\/\n  .clima-grid-final > :not(.card-clima) {\n    display: none !important;\n    width: 0 !important;\n    height: 0 !important;\n    opacity: 0 !important;\n  }\n\n  \/* --- CARD PADR\u00c3O (FUNDO BRANCO) --- *\/\n  .card-clima {\n    background: #ffffff !important;\n    border: 1px solid #e0e0e0 !important;\n    border-radius: 20px !important;\n    padding: 20px 10px !important;\n    text-align: center !important;\n    display: flex !important;\n    flex-direction: column !important;\n    align-items: center !important;\n    box-shadow: 0 4px 10px rgba(0, 0, 0, 0.05) !important;\n    min-width: 0 !important; \n    transition: transform 0.2s ease !important;\n    overflow: hidden !important;\n    height: 100% !important;\n  }\n\n  .card-clima:hover {\n    transform: translateY(-5px) !important;\n    border-color: #000000 !important;\n  }\n\n  \/* --- CONTE\u00daDO --- *\/\n  .estacao-nome { \n    font-size: 14px !important; \n    font-weight: 800 !important; \n    color: #000000 !important; \n    text-transform: uppercase !important; \n    margin: 0 0 5px 0 !important; \n  }\n  \n  .estacao-meses { \n    font-size: 10px !important; \n    font-weight: 700 !important; \n    color: #444444 !important; \n    text-transform: uppercase !important; \n    margin-bottom: 15px !important; \n    display: block !important;\n  }\n  \n  .temp-valor { \n    font-size: 24px !important; \n    font-weight: 800 !important; \n    color: #000000 !important; \n    line-height: 1.1 !important; \n    margin: 0 !important;\n  }\n  \n  .temp-label { \n    font-size: 9px !important; \n    font-weight: 600 !important; \n    color: #777777 !important; \n    text-transform: uppercase !important; \n    margin-bottom: 15px !important; \n    display: block !important;\n  }\n  \n  .clima-desc { \n    font-size: 12px !important; \n    line-height: 1.4 !important; \n    color: #333333 !important; \n    margin-bottom: 15px !important; \n    flex-grow: 1 !important; \n  }\n\n  .tag-status {\n    background-color: #f5f5f5 !important;\n    border: 1px solid #d0d0d0 !important;\n    color: #000000 !important;\n    padding: 5px 12px !important;\n    border-radius: 20px !important;\n    font-size: 9px !important;\n    font-weight: 800 !important;\n    text-transform: uppercase !important;\n    margin-top: auto !important;\n  }\n\n  \/* --- RESPONSIVIDADE --- *\/\n  @media (max-width: 800px) {\n    .clima-grid-final {\n      grid-template-columns: 1fr !important; \n    }\n    .card-clima {\n      padding: 25px 20px !important;\n    }\n  }\n<\/style>\n\n<div class=\"google-auto-ads-ignore clima-grid-final\">\n  \n  <!-- VER\u00c3O -->\n  <div class=\"card-clima\">\n    <div class=\"estacao-nome\">\u2600\ufe0f Ver\u00e3o<\/div>\n    <span class=\"estacao-meses\">Dez &#8211; Fev<\/span>\n    <div class=\"temp-valor\">19-30\u00b0C<\/div>\n    <span class=\"temp-label\">Temperatura<\/span>\n    <div class=\"clima-desc\">Com as chuvas intensas, \u00e9 a melhor \u00e9poca para ver as <b>cachoeiras com volume cheio<\/b>, proporcionando um espet\u00e1culo natural \u00fanico.<\/div>\n    <div class=\"tag-status\">\u26c8\ufe0f Chuva Alta<\/div>\n  <\/div>\n\n  <!-- OUTONO -->\n  <div class=\"card-clima\">\n    <div class=\"estacao-nome\">\ud83c\udf42 Outono<\/div>\n    <span class=\"estacao-meses\">Mar &#8211; Mai<\/span>\n    <div class=\"temp-valor\">17-28\u00b0C<\/div>\n    <span class=\"temp-label\">Temperatura<\/span>\n    <div class=\"clima-desc\">Clima agrad\u00e1vel para caminhar pelo <b>centro hist\u00f3rico<\/b> e vivenciar a tradicional e emocionante <b>Festa do Divino<\/b>.<\/div>\n    <div class=\"tag-status\">\ud83c\udf26\ufe0f Chuva M\u00e9dia<\/div>\n  <\/div>\n\n  <!-- INVERNO -->\n  <div class=\"card-clima\">\n    <div class=\"estacao-nome\">\ud83e\udde3 Inverno<\/div>\n    <span class=\"estacao-meses\">Jun &#8211; Ago<\/span>\n    <div class=\"temp-valor\">12-27\u00b0C<\/div>\n    <span class=\"temp-label\">Temperatura<\/span>\n    <div class=\"clima-desc\">A esta\u00e7\u00e3o seca favorece a pr\u00e1tica de <b>trilhas<\/b> e o aproveitamento do charmoso <b>Festival Gastron\u00f4mico<\/b> local.<\/div>\n    <div class=\"tag-status\">\u2600\ufe0f Chuva Baixa<\/div>\n  <\/div>\n\n  <!-- PRIMAVERA -->\n  <div class=\"card-clima\">\n    <div class=\"estacao-nome\">\ud83c\udf38 Primavera<\/div>\n    <span class=\"estacao-meses\">Set &#8211; Nov<\/span>\n    <div class=\"temp-valor\">17-30\u00b0C<\/div>\n    <span class=\"temp-label\">Temperatura<\/span>\n    <div class=\"clima-desc\">Com a chuva crescente, a natureza se renova; momento ideal para visitar os <b>mirantes<\/b> e o <b>Parque dos Pireneus<\/b>.<\/div>\n    <div class=\"tag-status\">\ud83c\udf3f Renova\u00e7\u00e3o<\/div>\n  <\/div>\n\n<\/div>\n\n\n\n<p><em>Temperaturas aproximadas com base no <a href=\"https:\/\/www.climatempo.com.br\/previsao-do-tempo\/cidade\/2151\/pirenopolis-go\" target=\"_blank\" rel=\"noreferrer noopener\"><strong>Climatempo<\/strong><\/a>. Condi\u00e7\u00f5es podem variar.<\/em><\/p>\n\n\n<div class=\"wp-block-image\">\n<figure class=\"aligncenter size-large\"><img decoding=\"async\" width=\"1024\" height=\"576\" src=\"https:\/\/www.correiobraziliense.com.br\/cbradar\/wp-content\/uploads\/2025\/02\/Pirenopolis_1740683583684-1024x576.jpg\" alt=\"O segredo de 1727 \u00e9 uma vila brasileira que preserva o charme do passado e garante sossego absoluto perto da capital\" class=\"wp-image-6991\" srcset=\"https:\/\/www.correiobraziliense.com.br\/cbradar\/wp-content\/uploads\/2025\/02\/Pirenopolis_1740683583684-1024x576.jpg 1024w, https:\/\/www.correiobraziliense.com.br\/cbradar\/wp-content\/uploads\/2025\/02\/Pirenopolis_1740683583684-300x169.jpg 300w, https:\/\/www.correiobraziliense.com.br\/cbradar\/wp-content\/uploads\/2025\/02\/Pirenopolis_1740683583684-768x432.jpg 768w, https:\/\/www.correiobraziliense.com.br\/cbradar\/wp-content\/uploads\/2025\/02\/Pirenopolis_1740683583684-750x422.jpg 750w, https:\/\/www.correiobraziliense.com.br\/cbradar\/wp-content\/uploads\/2025\/02\/Pirenopolis_1740683583684-1140x641.jpg 1140w, https:\/\/www.correiobraziliense.com.br\/cbradar\/wp-content\/uploads\/2025\/02\/Pirenopolis_1740683583684.jpg 1280w\" sizes=\"(max-width: 1024px) 100vw, 1024px\" \/><figcaption class=\"wp-element-caption\">Piren\u00f3polis, GO se destaca pelo centro hist\u00f3rico, festas culturais e natureza exuberante. \/\/ Cr\u00e9ditos: depositphotos.com \/ AngelaMacario<\/figcaption><\/figure><\/div>\n\n\n<h2 class=\"wp-block-heading\">Como chegar a Piren\u00f3polis de carro ou \u00f4nibus?<\/h2>\n\n\n\n<p>A cidade fica praticamente no meio do caminho entre <strong>Bras\u00edlia<\/strong> e <strong>Goi\u00e2nia<\/strong>, a 150 km da capital federal e 130 km da capital goiana. Em ambos os casos, o trecho \u00e9 todo asfaltado e leva entre 2h e 3h de carro.<\/p>\n\n\n\n<p>De Bras\u00edlia, a rota mais comum sai pela <strong>BR-070<\/strong> via \u00c1guas Lindas e Cocalzinho. De Goi\u00e2nia, o trajeto passa por An\u00e1polis pela <strong>BR-060<\/strong>. A Via\u00e7\u00e3o Goian\u00e9sia opera \u00f4nibus di\u00e1rios a partir das duas rodovi\u00e1rias.<\/p>\n\n\n\n<h2 class=\"wp-block-heading\">A cidade que parou no tempo certo<\/h2>\n\n\n\n<p><strong>Piri re\u00fane em poucos quil\u00f4metros aquilo que normalmente est\u00e1 espalhado por dezenas de destinos: <\/strong>cachoeira f\u00e1cil, centro colonial vivo, cozinha regional aut\u00eantica e uma festa de 200 anos. \u00c9 raro encontrar tanto em t\u00e3o pouco espa\u00e7o.<\/p>\n\n\n\n<p>Voc\u00ea precisa subir a Serra dos Pireneus e conhecer Piren\u00f3polis em um ano em que as Cavalhadas marcam dois s\u00e9culos e a cidade segue como uma das mais acolhedoras do planeta.<\/p>\n","protected":false},"excerpt":{"rendered":"<p>O som das ferraduras ecoa nas ruas de pedra de Piren\u00f3polis antes do amanhecer. Fundada em 1727 por bandeirantes paulistas em busca de ouro, a cidade goiana guarda quase tr\u00eas s\u00e9culos de hist\u00f3ria entre casar\u00f5es coloniais e a Serra dos Pireneus. Por que Piren\u00f3polis virou patrim\u00f4nio nacional? A resposta est\u00e1 nas ruas. Todo o conjunto [&hellip;]<\/p>\n","protected":false},"author":8,"featured_media":6993,"comment_status":"open","ping_status":"open","sticky":false,"template":"","format":"standard","meta":{"_yoast_wpseo_focuskw":"vila","_yoast_wpseo_title":"","_yoast_wpseo_metadesc":"Essa vila de 1727 a 150 km de Bras\u00edlia impressiona por seu passado preservado e por abrigar 80 cachoeiras.","jnews-multi-image_gallery":[],"jnews_single_post":{"format":"standard"},"jnews_primary_category":[],"jnews_social_meta":[],"jnews_override_counter":[],"footnotes":""},"categories":[1],"tags":[554,1237],"class_list":["post-234979","post","type-post","status-publish","format-standard","has-post-thumbnail","hentry","category-uncategorized","tag-goias","tag-pirenopolis"],"yoast_head":"<!-- This site is optimized with the Yoast SEO plugin v24.6 - https:\/\/yoast.com\/wordpress\/plugins\/seo\/ -->\n<title>Uma vila de 1727 parou no tempo e guarda 80 cachoeiras a apenas 150 km de Bras\u00edlia - Correio Braziliense - Radar<\/title>\n<meta name=\"description\" content=\"Essa vila de 1727 a 150 km de Bras\u00edlia impressiona por seu passado preservado e por abrigar 80 cachoeiras.\" \/>\n<meta name=\"robots\" content=\"index, follow, max-snippet:-1, max-image-preview:large, max-video-preview:-1\" \/>\n<link rel=\"canonical\" href=\"https:\/\/www.correiobraziliense.com.br\/cbradar\/uma-vila-de-1727-parou-no-tempo-e-guarda-80-cachoeiras-a-apenas-150-km-de-brasilia\/\" \/>\n<meta property=\"og:locale\" content=\"pt_BR\" \/>\n<meta property=\"og:type\" content=\"article\" \/>\n<meta property=\"og:title\" content=\"Uma vila de 1727 parou no tempo e guarda 80 cachoeiras a apenas 150 km de Bras\u00edlia - Correio Braziliense - Radar\" \/>\n<meta property=\"og:description\" content=\"Essa vila de 1727 a 150 km de Bras\u00edlia impressiona por seu passado preservado e por abrigar 80 cachoeiras.\" \/>\n<meta property=\"og:url\" content=\"https:\/\/www.correiobraziliense.com.br\/cbradar\/uma-vila-de-1727-parou-no-tempo-e-guarda-80-cachoeiras-a-apenas-150-km-de-brasilia\/\" \/>\n<meta property=\"og:site_name\" content=\"Correio Braziliense - Radar\" \/>\n<meta property=\"article:published_time\" content=\"2026-05-01T02:05:00+00:00\" \/>\n<meta property=\"og:image\" content=\"https:\/\/www.correiobraziliense.com.br\/cbradar\/wp-content\/uploads\/2025\/02\/historic_church_in_Pirenopolis.jpg\" \/>\n\t<meta property=\"og:image:width\" content=\"1279\" \/>\n\t<meta property=\"og:image:height\" content=\"720\" \/>\n\t<meta property=\"og:image:type\" content=\"image\/jpeg\" \/>\n<meta name=\"author\" content=\"Maura Pereira\" \/>\n<meta name=\"twitter:card\" content=\"summary_large_image\" \/>\n<meta name=\"twitter:label1\" content=\"Escrito por\" \/>\n\t<meta name=\"twitter:data1\" content=\"Maura Pereira\" \/>\n\t<meta name=\"twitter:label2\" content=\"Est. tempo de leitura\" \/>\n\t<meta name=\"twitter:data2\" content=\"7 minutos\" \/>\n<!-- \/ Yoast SEO plugin. -->","yoast_head_json":{"title":"Uma vila de 1727 parou no tempo e guarda 80 cachoeiras a apenas 150 km de Bras\u00edlia - Correio Braziliense - Radar","description":"Essa vila de 1727 a 150 km de Bras\u00edlia impressiona por seu passado preservado e por abrigar 80 cachoeiras.","robots":{"index":"index","follow":"follow","max-snippet":"max-snippet:-1","max-image-preview":"max-image-preview:large","max-video-preview":"max-video-preview:-1"},"canonical":"https:\/\/www.correiobraziliense.com.br\/cbradar\/uma-vila-de-1727-parou-no-tempo-e-guarda-80-cachoeiras-a-apenas-150-km-de-brasilia\/","og_locale":"pt_BR","og_type":"article","og_title":"Uma vila de 1727 parou no tempo e guarda 80 cachoeiras a apenas 150 km de Bras\u00edlia - Correio Braziliense - Radar","og_description":"Essa vila de 1727 a 150 km de Bras\u00edlia impressiona por seu passado preservado e por abrigar 80 cachoeiras.","og_url":"https:\/\/www.correiobraziliense.com.br\/cbradar\/uma-vila-de-1727-parou-no-tempo-e-guarda-80-cachoeiras-a-apenas-150-km-de-brasilia\/","og_site_name":"Correio Braziliense - Radar","article_published_time":"2026-05-01T02:05:00+00:00","og_image":[{"width":1279,"height":720,"url":"https:\/\/www.correiobraziliense.com.br\/cbradar\/wp-content\/uploads\/2025\/02\/historic_church_in_Pirenopolis.jpg","type":"image\/jpeg"}],"author":"Maura Pereira","twitter_card":"summary_large_image","twitter_misc":{"Escrito por":"Maura Pereira","Est. tempo de leitura":"7 minutos"},"schema":{"@context":"https:\/\/schema.org","@graph":[{"@type":"WebPage","@id":"https:\/\/www.correiobraziliense.com.br\/cbradar\/uma-vila-de-1727-parou-no-tempo-e-guarda-80-cachoeiras-a-apenas-150-km-de-brasilia\/","url":"https:\/\/www.correiobraziliense.com.br\/cbradar\/uma-vila-de-1727-parou-no-tempo-e-guarda-80-cachoeiras-a-apenas-150-km-de-brasilia\/","name":"Uma vila de 1727 parou no tempo e guarda 80 cachoeiras a apenas 150 km de Bras\u00edlia - Correio Braziliense - Radar","isPartOf":{"@id":"https:\/\/www.correiobraziliense.com.br\/cbradar\/#website"},"primaryImageOfPage":{"@id":"https:\/\/www.correiobraziliense.com.br\/cbradar\/uma-vila-de-1727-parou-no-tempo-e-guarda-80-cachoeiras-a-apenas-150-km-de-brasilia\/#primaryimage"},"image":{"@id":"https:\/\/www.correiobraziliense.com.br\/cbradar\/uma-vila-de-1727-parou-no-tempo-e-guarda-80-cachoeiras-a-apenas-150-km-de-brasilia\/#primaryimage"},"thumbnailUrl":"https:\/\/www.correiobraziliense.com.br\/cbradar\/wp-content\/uploads\/2025\/02\/historic_church_in_Pirenopolis.jpg","datePublished":"2026-05-01T02:05:00+00:00","author":{"@id":"https:\/\/www.correiobraziliense.com.br\/cbradar\/#\/schema\/person\/4053c651a9bfc785afc6f4cbc9032fd3"},"description":"Essa vila de 1727 a 150 km de Bras\u00edlia impressiona por seu passado preservado e por abrigar 80 cachoeiras.","breadcrumb":{"@id":"https:\/\/www.correiobraziliense.com.br\/cbradar\/uma-vila-de-1727-parou-no-tempo-e-guarda-80-cachoeiras-a-apenas-150-km-de-brasilia\/#breadcrumb"},"inLanguage":"pt-BR","potentialAction":[{"@type":"ReadAction","target":["https:\/\/www.correiobraziliense.com.br\/cbradar\/uma-vila-de-1727-parou-no-tempo-e-guarda-80-cachoeiras-a-apenas-150-km-de-brasilia\/"]}]},{"@type":"ImageObject","inLanguage":"pt-BR","@id":"https:\/\/www.correiobraziliense.com.br\/cbradar\/uma-vila-de-1727-parou-no-tempo-e-guarda-80-cachoeiras-a-apenas-150-km-de-brasilia\/#primaryimage","url":"https:\/\/www.correiobraziliense.com.br\/cbradar\/wp-content\/uploads\/2025\/02\/historic_church_in_Pirenopolis.jpg","contentUrl":"https:\/\/www.correiobraziliense.com.br\/cbradar\/wp-content\/uploads\/2025\/02\/historic_church_in_Pirenopolis.jpg","width":1279,"height":720,"caption":"Piren\u00f3polis, GO combina tradi\u00e7\u00e3o, arquitetura preservada e belezas naturais que fascinam visitantes. \/\/ Cr\u00e9ditos: depositphotos.com \/ Hackman"},{"@type":"BreadcrumbList","@id":"https:\/\/www.correiobraziliense.com.br\/cbradar\/uma-vila-de-1727-parou-no-tempo-e-guarda-80-cachoeiras-a-apenas-150-km-de-brasilia\/#breadcrumb","itemListElement":[{"@type":"ListItem","position":1,"name":"In\u00edcio","item":"https:\/\/www.correiobraziliense.com.br\/cbradar\/"},{"@type":"ListItem","position":2,"name":"Uma vila de 1727 parou no tempo e guarda 80 cachoeiras a apenas 150 km de Bras\u00edlia"}]},{"@type":"WebSite","@id":"https:\/\/www.correiobraziliense.com.br\/cbradar\/#website","url":"https:\/\/www.correiobraziliense.com.br\/cbradar\/","name":"Correio Braziliense - Radar","description":"Acompanhe as \u00faltimas not\u00edcias e fique bem informado sobre tudo o que acontece no Brasil e no mundo.","potentialAction":[{"@type":"SearchAction","target":{"@type":"EntryPoint","urlTemplate":"https:\/\/www.correiobraziliense.com.br\/cbradar\/?s={search_term_string}"},"query-input":{"@type":"PropertyValueSpecification","valueRequired":true,"valueName":"search_term_string"}}],"inLanguage":"pt-BR"},{"@type":"Person","@id":"https:\/\/www.correiobraziliense.com.br\/cbradar\/#\/schema\/person\/4053c651a9bfc785afc6f4cbc9032fd3","name":"Maura Pereira","image":{"@type":"ImageObject","inLanguage":"pt-BR","@id":"https:\/\/www.correiobraziliense.com.br\/cbradar\/#\/schema\/person\/image\/","url":"https:\/\/secure.gravatar.com\/avatar\/3effd6bdadfa447f15089c7f7144eaa6?s=96&d=mm&r=g","contentUrl":"https:\/\/secure.gravatar.com\/avatar\/3effd6bdadfa447f15089c7f7144eaa6?s=96&d=mm&r=g","caption":"Maura Pereira"},"sameAs":["https:\/\/www.correiobraziliense.com.br\/"],"url":"https:\/\/www.correiobraziliense.com.br\/cbradar\/author\/mauramyth\/"}]}},"_links":{"self":[{"href":"https:\/\/www.correiobraziliense.com.br\/cbradar\/wp-json\/wp\/v2\/posts\/234979","targetHints":{"allow":["GET"]}}],"collection":[{"href":"https:\/\/www.correiobraziliense.com.br\/cbradar\/wp-json\/wp\/v2\/posts"}],"about":[{"href":"https:\/\/www.correiobraziliense.com.br\/cbradar\/wp-json\/wp\/v2\/types\/post"}],"author":[{"embeddable":true,"href":"https:\/\/www.correiobraziliense.com.br\/cbradar\/wp-json\/wp\/v2\/users\/8"}],"replies":[{"embeddable":true,"href":"https:\/\/www.correiobraziliense.com.br\/cbradar\/wp-json\/wp\/v2\/comments?post=234979"}],"version-history":[{"count":10,"href":"https:\/\/www.correiobraziliense.com.br\/cbradar\/wp-json\/wp\/v2\/posts\/234979\/revisions"}],"predecessor-version":[{"id":234996,"href":"https:\/\/www.correiobraziliense.com.br\/cbradar\/wp-json\/wp\/v2\/posts\/234979\/revisions\/234996"}],"wp:featuredmedia":[{"embeddable":true,"href":"https:\/\/www.correiobraziliense.com.br\/cbradar\/wp-json\/wp\/v2\/media\/6993"}],"wp:attachment":[{"href":"https:\/\/www.correiobraziliense.com.br\/cbradar\/wp-json\/wp\/v2\/media?parent=234979"}],"wp:term":[{"taxonomy":"category","embeddable":true,"href":"https:\/\/www.correiobraziliense.com.br\/cbradar\/wp-json\/wp\/v2\/categories?post=234979"},{"taxonomy":"post_tag","embeddable":true,"href":"https:\/\/www.correiobraziliense.com.br\/cbradar\/wp-json\/wp\/v2\/tags?post=234979"}],"curies":[{"name":"wp","href":"https:\/\/api.w.org\/{rel}","templated":true}]}}