{"id":234998,"date":"2026-05-01T07:55:00","date_gmt":"2026-05-01T10:55:00","guid":{"rendered":"https:\/\/www.correiobraziliense.com.br\/cbradar\/?p=234998"},"modified":"2026-04-30T21:51:14","modified_gmt":"2026-05-01T00:51:14","slug":"um-arquipelago-vulcanico-abriga-a-praia-eleita-7-vezes-a-melhor-do-mundo-e-fica-a-545-km-da-costa-de-pernambuco","status":"publish","type":"post","link":"https:\/\/www.correiobraziliense.com.br\/cbradar\/um-arquipelago-vulcanico-abriga-a-praia-eleita-7-vezes-a-melhor-do-mundo-e-fica-a-545-km-da-costa-de-pernambuco\/","title":{"rendered":"Um arquip\u00e9lago vulc\u00e2nico abriga a praia eleita 7 vezes a melhor do mundo e fica a 545 km da costa de Pernambuco"},"content":{"rendered":"\n<p>A 545 km da costa de <strong>Pernambuco<\/strong>, <strong>Fernando de Noronha<\/strong> emerge do <strong>Oceano Atl\u00e2ntico<\/strong> como o topo de uma cordilheira vulc\u00e2nica submersa. A base dessa forma\u00e7\u00e3o est\u00e1 a cerca de 4.000 metros de profundidade.<\/p>\n\n\n\n<h2 class=\"wp-block-heading\">Por que Noronha \u00e9 Patrim\u00f4nio Natural da Humanidade?<\/h2>\n\n\n\n<p>O arquip\u00e9lago foi reconhecido pela <a href=\"https:\/\/whc.unesco.org\/en\/list\/1000\/\" target=\"_blank\" rel=\"noreferrer noopener\"><strong>UNESCO<\/strong><\/a> como Patrim\u00f4nio Natural Mundial em 2001. Antes disso, em 1988, virou Parque Nacional Marinho.<\/p>\n\n\n\n<p>S\u00e3o 21 ilhas e ilhotas de origem vulc\u00e2nica, com a principal ocupando 17 km\u00b2 de \u00e1rea terrestre. A gest\u00e3o \u00e9 dividida entre o <a href=\"https:\/\/www.parnanoronha.com.br\" target=\"_blank\" rel=\"noreferrer noopener\"><strong>Parque Nacional Marinho de Fernando de Noronha (PARNAMAR)<\/strong><\/a>, sob o ICMBio, e a \u00c1rea de Prote\u00e7\u00e3o Ambiental administrada pelo <a href=\"https:\/\/www.noronha.pe.gov.br\/turismo\/\" target=\"_blank\" rel=\"noreferrer noopener\"><strong>Governo de Pernambuco<\/strong><\/a>.<\/p>\n\n\n\n<p>O modelo funciona. A ilha recebe limite di\u00e1rio de 500 turistas, abriga a maior concentra\u00e7\u00e3o de aves marinhas do Atl\u00e2ntico Sul e contabiliza cerca de 230 esp\u00e9cies de peixes nas suas \u00e1guas.<\/p>\n\n\n<div class=\"wp-block-image\">\n<figure class=\"aligncenter size-large\"><img decoding=\"async\" width=\"1024\" height=\"576\" src=\"https:\/\/www.correiobraziliense.com.br\/cbradar\/wp-content\/uploads\/2025\/02\/Fernando-de-Noronha_1739517599057-1024x576.jpg\" alt=\"Eleita 7 vezes a melhor praia do mundo, esse arquip\u00e9lago vulc\u00e2nico com 21 ilhas j\u00e1 foi pres\u00eddio pol\u00edtico\" class=\"wp-image-2706\" srcset=\"https:\/\/www.correiobraziliense.com.br\/cbradar\/wp-content\/uploads\/2025\/02\/Fernando-de-Noronha_1739517599057-1024x576.jpg 1024w, https:\/\/www.correiobraziliense.com.br\/cbradar\/wp-content\/uploads\/2025\/02\/Fernando-de-Noronha_1739517599057-300x169.jpg 300w, https:\/\/www.correiobraziliense.com.br\/cbradar\/wp-content\/uploads\/2025\/02\/Fernando-de-Noronha_1739517599057-768x432.jpg 768w, https:\/\/www.correiobraziliense.com.br\/cbradar\/wp-content\/uploads\/2025\/02\/Fernando-de-Noronha_1739517599057-750x422.jpg 750w, https:\/\/www.correiobraziliense.com.br\/cbradar\/wp-content\/uploads\/2025\/02\/Fernando-de-Noronha_1739517599057-1140x641.jpg 1140w, https:\/\/www.correiobraziliense.com.br\/cbradar\/wp-content\/uploads\/2025\/02\/Fernando-de-Noronha_1739517599057.jpg 1280w\" sizes=\"(max-width: 1024px) 100vw, 1024px\" \/><figcaption class=\"wp-element-caption\">Conhe\u00e7a Fernando de Noronha, para\u00edso brasileiro com praias exuberantes e natureza preservada. \/\/ Cr\u00e9ditos: depositphotos.com \/ KcrisRamos<\/figcaption><\/figure><\/div>\n\n\n<h2 class=\"wp-block-heading\">O que torna a Ba\u00eda do Sancho a melhor praia do planeta?<\/h2>\n\n\n\n<p>A <strong>Ba\u00eda do Sancho<\/strong> conquistou o primeiro lugar no<strong> Travellers&#8217; Choice <\/strong>do<strong> TripAdvisor <\/strong>em sete edi\u00e7\u00f5es: 2014, 2015, 2017, 2019, 2020, 2024 e 2025. Nenhuma outra praia brasileira acumula tantas vit\u00f3rias no ranking global.<\/p>\n\n\n\n<p>O acesso explica parte do encanto. Para chegar \u00e0 areia, o visitante desce 208 degraus em escadarias met\u00e1licas cravadas dentro de uma fenda estreita entre fal\u00e9sias de mata nativa. N\u00e3o h\u00e1 quiosques, vendedores ou guarda-s\u00f3is para alugar.<\/p>\n\n\n\n<p>A visibilidade da \u00e1gua pode ultrapassar 30 metros em dias secos. Tartarugas, cardumes e forma\u00e7\u00f5es de coral aparecem a olho nu, sem necessidade de equipamento especial.<\/p>\n\n\n\n<p>A arquitetura e o planejamento urbano definem a identidade das capitais brasileiras. O v\u00eddeo \u00e9 do canal <strong>Cidades &amp; Cia<\/strong>, com <strong>194 mil inscritos<\/strong>, e detalha a infraestrutura e os setores de Bras\u00edlia.<\/p>\n\n\n\n<figure class=\"wp-block-embed aligncenter is-type-video is-provider-youtube wp-block-embed-youtube wp-embed-aspect-16-9 wp-has-aspect-ratio\"><div class=\"wp-block-embed__wrapper\">\n<div class=\"jeg_video_container jeg_video_content\"><iframe loading=\"lazy\" title=\"10 erros que voc\u00ea deve evitar em uma viagem para Fernando de Noronha\" width=\"500\" height=\"281\" src=\"https:\/\/www.youtube.com\/embed\/SWymrKtLzK0?feature=oembed\" frameborder=\"0\" allow=\"accelerometer; autoplay; clipboard-write; encrypted-media; gyroscope; picture-in-picture; web-share\" referrerpolicy=\"strict-origin-when-cross-origin\" allowfullscreen><\/iframe><\/div>\n<\/div><\/figure>\n\n\n\n<h2 class=\"wp-block-heading\">Quais praias e atra\u00e7\u00f5es merecem entrar no roteiro?<\/h2>\n\n\n\n<p>A geografia da ilha principal divide o litoral em dois universos: o Mar de Dentro, voltado para o continente, e o Mar de Fora, exposto ao oceano aberto. As praias se encaixam em uma dessas vertentes.<\/p>\n\n\n\n<ul class=\"wp-block-list\">\n<li><strong>Mirante dos Golfinhos<\/strong>: a partir das 6h30, golfinhos-rotadores saltam na enseada, que abriga a maior concentra\u00e7\u00e3o da esp\u00e9cie no Atl\u00e2ntico Sul.<\/li>\n\n\n\n<li><strong>Praia da Cacimba do Padre<\/strong>: ondas fortes entre dezembro e mar\u00e7o atraem surfistas de todo o pa\u00eds, com vista frontal para os Dois Irm\u00e3os.<\/li>\n\n\n\n<li><strong>Ba\u00eda dos Porcos<\/strong>: piscinas naturais e um dos cart\u00f5es-postais mais fotografados do <strong>Brasil<\/strong>, com vista direta para o <strong>Morro Dois Irm\u00e3os<\/strong>.<\/li>\n\n\n\n<li><strong>Forte de Nossa Senhora dos Rem\u00e9dios<\/strong>: erguido em 1737, \u00e9 a mais importante das dez fortifica\u00e7\u00f5es constru\u00eddas para defender a ilha.<\/li>\n\n\n\n<li><strong>Projeto Tamar<\/strong>: centro de visitantes com palestras gratuitas sobre tartarugas marinhas e o ecossistema noronhense.<\/li>\n<\/ul>\n\n\n\n<h2 class=\"wp-block-heading\">Da pris\u00e3o de capoeiristas ao para\u00edso ecol\u00f3gico<\/h2>\n\n\n\n<p>Pouca gente sabe, mas Noronha foi por s\u00e9culos um destino indesejado. Segundo o <a href=\"http:\/\/portal.iphan.gov.br\/pagina\/detalhes\/1662\/\" target=\"_blank\" rel=\"noreferrer noopener\"><strong>Instituto do Patrim\u00f4nio Hist\u00f3rico e Art\u00edstico Nacional (IPHAN)<\/strong><\/a>, a ilha recebeu ciganos em 1739, farroupilhas em 1844 e capoeiristas em 1890.<\/p>\n\n\n\n<p>Em 1938, virou oficialmente um pres\u00eddio pol\u00edtico. Permaneceu sob dom\u00ednio militar de 1942 a 1987 e s\u00f3 voltou a Pernambuco com a Constitui\u00e7\u00e3o de 1988.<\/p>\n\n\n\n<p>Hoje, o turismo \u00e9 a principal atividade econ\u00f4mica e a ilha guarda o conjunto hist\u00f3rico mais isolado do <strong>Brasil<\/strong>, com igrejas, fortes e ru\u00ednas seculares preservados pela mata.<\/p>\n\n\n<div class=\"wp-block-image\">\n<figure class=\"aligncenter size-large\"><img decoding=\"async\" width=\"1024\" height=\"576\" src=\"https:\/\/www.correiobraziliense.com.br\/cbradar\/wp-content\/uploads\/2025\/06\/Fernando-de-Noronha_1750570483165-1024x576.jpg\" alt=\"Um para\u00edso ecol\u00f3gico brasileiro, considerado um dos mais bonitos do mundo, \u00e9 famoso ao unir preserva\u00e7\u00e3o ambiental e turismo luxuoso\" class=\"wp-image-57354\" srcset=\"https:\/\/www.correiobraziliense.com.br\/cbradar\/wp-content\/uploads\/2025\/06\/Fernando-de-Noronha_1750570483165-1024x576.jpg 1024w, https:\/\/www.correiobraziliense.com.br\/cbradar\/wp-content\/uploads\/2025\/06\/Fernando-de-Noronha_1750570483165-300x169.jpg 300w, https:\/\/www.correiobraziliense.com.br\/cbradar\/wp-content\/uploads\/2025\/06\/Fernando-de-Noronha_1750570483165-768x432.jpg 768w, https:\/\/www.correiobraziliense.com.br\/cbradar\/wp-content\/uploads\/2025\/06\/Fernando-de-Noronha_1750570483165-750x422.jpg 750w, https:\/\/www.correiobraziliense.com.br\/cbradar\/wp-content\/uploads\/2025\/06\/Fernando-de-Noronha_1750570483165-1140x641.jpg 1140w, https:\/\/www.correiobraziliense.com.br\/cbradar\/wp-content\/uploads\/2025\/06\/Fernando-de-Noronha_1750570483165.jpg 1280w\" sizes=\"(max-width: 1024px) 100vw, 1024px\" \/><figcaption class=\"wp-element-caption\">Noronha \u00e9 Patrim\u00f4nio Natural da Humanidade pela UNESCO e limita visitantes para preservar o ecossistema. \/\/ Cr\u00e9ditos: depositphotos.com \/ nachosuch<\/figcaption><\/figure><\/div>\n\n\n<h2 class=\"wp-block-heading\">O que comer na ilha mais cara do Brasil?<\/h2>\n\n\n\n<p>Quase todo ingrediente que n\u00e3o vem do mar atravessa 545 km de avi\u00e3o ou navio. A log\u00edstica explica os pre\u00e7os altos, mas tamb\u00e9m valoriza o pescado fresco do dia.<\/p>\n\n\n\n<ul class=\"wp-block-list\">\n<li><strong>Peixe na telha<\/strong>: prato s\u00edmbolo da ilha, criado pela Dona Gard\u00eancia no Restaurante Acqua Marine, do Dolphin Hotel.<\/li>\n\n\n\n<li><strong>Peixe assado na folha de bananeira<\/strong>: receita tradicional noronhense, servida em casas como a do Z\u00e9 Maria.<\/li>\n\n\n\n<li><strong>Bolinho de tubalhau<\/strong>: entrada feita com carne de tubar\u00e3o salgada, especialidade do <strong>Museu do Tubar\u00e3o<\/strong>.<\/li>\n\n\n\n<li><strong>Bob\u00f3 de lagosta<\/strong>: refogado com alho-por\u00f3, leite de coco e creme de mandioca, popular no Cacimba Bistr\u00f4.<\/li>\n<\/ul>\n\n\n\n<p><strong>Leia tamb\u00e9m: <a href=\"https:\/\/www.correiobraziliense.com.br\/cbradar\/a-capital-do-agro-que-voce-ainda-nao-conhece-guarda-um-circuito-com-9-cachoeiras-e-quedas-dagua-a-55-km-do-centro\/\" target=\"_blank\" rel=\"noreferrer noopener\">A \u201cCapital do Agro\u201d que voc\u00ea ainda n\u00e3o conhece guarda um circuito com 9 cachoeiras e quedas d\u2019\u00e1gua a 55 km do centro.<\/a><\/strong><\/p>\n\n\n\n<h2 class=\"wp-block-heading\">Quando ir e como o clima define a viagem?<\/h2>\n\n\n\n<p><strong>O arquip\u00e9lago tem clima tropical oce\u00e2nico com temperaturas est\u00e1veis em torno de 27\u00b0C o ano todo.<\/strong> A diferen\u00e7a real entre as esta\u00e7\u00f5es est\u00e1 na chuva e na condi\u00e7\u00e3o do mar.<\/p>\n\n\n\n<style>\n  \/* --- CONTAINER BLINDADO (PADR\u00c3O REGISTRADO) --- *\/\n  .clima-grid-final {\n    font-family: -apple-system, BlinkMacSystemFont, \"Segoe UI\", Roboto, Arial, sans-serif !important;\n    width: 100% !important;\n    max-width: 1200px !important;\n    margin: 20px auto !important;\n    display: grid !important;\n    \/* 4 COLUNAS PARA AS 4 FASES CLIM\u00c1TICAS *\/\n    grid-template-columns: repeat(4, 1fr) !important; \n    gap: 15px !important;\n    box-sizing: border-box !important;\n  }\n\n  .clima-grid-final * {\n    box-sizing: border-box !important;\n  }\n\n  \/* --- BLINDAGEM CONTRA ADS E PLUGINS INTRUSOS --- *\/\n  .clima-grid-final > :not(.card-clima) {\n    display: none !important;\n    width: 0 !important;\n    height: 0 !important;\n    opacity: 0 !important;\n  }\n\n  \/* --- CARD PADR\u00c3O (FUNDO BRANCO) --- *\/\n  .card-clima {\n    background: #ffffff !important;\n    border: 1px solid #e0e0e0 !important;\n    border-radius: 20px !important;\n    padding: 20px 10px !important;\n    text-align: center !important;\n    display: flex !important;\n    flex-direction: column !important;\n    align-items: center !important;\n    box-shadow: 0 4px 10px rgba(0, 0, 0, 0.05) !important;\n    min-width: 0 !important; \n    transition: transform 0.2s ease !important;\n    overflow: hidden !important;\n    height: 100% !important;\n  }\n\n  .card-clima:hover {\n    transform: translateY(-5px) !important;\n    border-color: #000000 !important;\n  }\n\n  \/* --- CONTE\u00daDO --- *\/\n  .estacao-nome { \n    font-size: 14px !important; \n    font-weight: 800 !important; \n    color: #000000 !important; \n    text-transform: uppercase !important; \n    margin: 0 0 5px 0 !important; \n  }\n  \n  .estacao-meses { \n    font-size: 10px !important; \n    font-weight: 700 !important; \n    color: #444444 !important; \n    text-transform: uppercase !important; \n    margin-bottom: 15px !important; \n    display: block !important;\n  }\n  \n  .temp-valor { \n    font-size: 24px !important; \n    font-weight: 800 !important; \n    color: #000000 !important; \n    line-height: 1.1 !important; \n    margin: 0 !important;\n  }\n  \n  .temp-label { \n    font-size: 9px !important; \n    font-weight: 600 !important; \n    color: #777777 !important; \n    text-transform: uppercase !important; \n    margin-bottom: 15px !important; \n    display: block !important;\n  }\n  \n  .clima-desc { \n    font-size: 12px !important; \n    line-height: 1.4 !important; \n    color: #333333 !important; \n    margin-bottom: 15px !important; \n    flex-grow: 1 !important; \n  }\n\n  .tag-status {\n    background-color: #f5f5f5 !important;\n    border: 1px solid #d0d0d0 !important;\n    color: #000000 !important;\n    padding: 5px 12px !important;\n    border-radius: 20px !important;\n    font-size: 9px !important;\n    font-weight: 800 !important;\n    text-transform: uppercase !important;\n    margin-top: auto !important;\n  }\n\n  \/* --- RESPONSIVIDADE --- *\/\n  @media (max-width: 800px) {\n    .clima-grid-final {\n      grid-template-columns: 1fr !important; \n    }\n    .card-clima {\n      padding: 25px 20px !important;\n    }\n  }\n<\/style>\n\n<div class=\"google-auto-ads-ignore clima-grid-final\">\n  \n  <!-- SECA -->\n  <div class=\"card-clima\">\n    <div class=\"estacao-nome\">\u2600\ufe0f Seca<\/div>\n    <span class=\"estacao-meses\">Set &#8211; Fev<\/span>\n    <div class=\"temp-valor\">25-30\u00b0C<\/div>\n    <span class=\"temp-label\">Temperatura<\/span>\n    <div class=\"clima-desc\">O melhor per\u00edodo para <b>mergulho<\/b>, com visibilidade de at\u00e9 50 m. Aproveite o mar calmo e cristalino.<\/div>\n    <div class=\"tag-status\">\ud83c\udfdd\ufe0f Visibilidade M\u00e1xima<\/div>\n  <\/div>\n\n  <!-- TRANSI\u00c7\u00c3O -->\n  <div class=\"card-clima\">\n    <div class=\"estacao-nome\">\ud83d\udc22 Transi\u00e7\u00e3o<\/div>\n    <span class=\"estacao-meses\">Mar &#8211; Abr<\/span>\n    <div class=\"temp-valor\">25-29\u00b0C<\/div>\n    <span class=\"temp-label\">Temperatura<\/span>\n    <div class=\"clima-desc\">\u00c9poca ideal para praticar <b>snorkel<\/b> e acompanhar o per\u00edodo de <b>desova das tartarugas<\/b> marinhas.<\/div>\n    <div class=\"tag-status\">\ud83c\udf26\ufe0f Chuva M\u00e9dia<\/div>\n  <\/div>\n\n  <!-- CHUVOSA -->\n  <div class=\"card-clima\">\n    <div class=\"estacao-nome\">\ud83c\udf27\ufe0f Chuvosa<\/div>\n    <span class=\"estacao-meses\">Mai &#8211; Jul<\/span>\n    <div class=\"temp-valor\">24-28\u00b0C<\/div>\n    <span class=\"temp-label\">Temperatura<\/span>\n    <div class=\"clima-desc\">As chuvas ativam as <b>cachoeiras tempor\u00e1rias no Sancho<\/b> e trazem as ondas perfeitas para o <b>surfe<\/b>.<\/div>\n    <div class=\"tag-status\">\ud83c\udfc4 Surfe Ativo<\/div>\n  <\/div>\n\n  <!-- P\u00d3S-CHUVA -->\n  <div class=\"card-clima\">\n    <div class=\"estacao-nome\">\ud83d\udea2 P\u00f3s-Chuva<\/div>\n    <span class=\"estacao-meses\">Agosto<\/span>\n    <div class=\"temp-valor\">24-29\u00b0C<\/div>\n    <span class=\"temp-label\">Temperatura<\/span>\n    <div class=\"clima-desc\">Com a vegeta\u00e7\u00e3o renovada e baixa pluviosidade, o m\u00eas \u00e9 excelente para <b>trilhas<\/b> e <b>passeios de barco<\/b>.<\/div>\n    <div class=\"tag-status\">\u2600\ufe0f Tempo Seco<\/div>\n  <\/div>\n\n<\/div>\n\n\n\n<p><em>Temperaturas aproximadas com base no <a href=\"https:\/\/www.climatempo.com.br\/previsao-do-tempo\/cidade\/1565\/fernandodenoronha-pe\" target=\"_blank\" rel=\"noreferrer noopener\"><strong>Climatempo<\/strong><\/a>. Condi\u00e7\u00f5es podem variar.<\/em><\/p>\n\n\n\n<h2 class=\"wp-block-heading\">Como chegar ao arquip\u00e9lago no meio do Atl\u00e2ntico?<\/h2>\n\n\n\n<p>O acesso \u00e9 exclusivamente a\u00e9reo para a maioria dos visitantes. Voos diretos partem de <strong>Recife<\/strong> em cerca de 1h10 e de <strong>Natal<\/strong> em cerca de 1h, operados pela Azul e pela Voepass at\u00e9 o Aeroporto de Fernando de Noronha.<\/p>\n\n\n\n<p>Ao desembarcar, o turista paga a Taxa de Preserva\u00e7\u00e3o Ambiental (TPA) por dia de perman\u00eancia e o ingresso do Parque Nacional Marinho, v\u00e1lido por dez dias.<\/p>\n\n\n\n<h2 class=\"wp-block-heading\">O santu\u00e1rio ecol\u00f3gico mais bem preservado do Brasil<\/h2>\n\n\n\n<p><strong>Fernando de Noronha n\u00e3o \u00e9 uma viagem qualquer. <\/strong>\u00c9 uma experi\u00eancia rara de mar transparente, biodiversidade intocada e hist\u00f3ria de mais de 500 anos guardada em uma faixa de 17 km\u00b2.<\/p>\n\n\n\n<p>Voc\u00ea precisa subir num voo at\u00e9 <strong>Recife<\/strong>, atravessar o Atl\u00e2ntico por mais uma hora e descer aqueles 208 degraus pelo menos uma vez na vida.<\/p>\n","protected":false},"excerpt":{"rendered":"<p>A 545 km da costa de Pernambuco, Fernando de Noronha emerge do Oceano Atl\u00e2ntico como o topo de uma cordilheira vulc\u00e2nica submersa. A base dessa forma\u00e7\u00e3o est\u00e1 a cerca de 4.000 metros de profundidade. Por que Noronha \u00e9 Patrim\u00f4nio Natural da Humanidade? O arquip\u00e9lago foi reconhecido pela UNESCO como Patrim\u00f4nio Natural Mundial em 2001. Antes [&hellip;]<\/p>\n","protected":false},"author":8,"featured_media":187169,"comment_status":"open","ping_status":"open","sticky":false,"template":"","format":"standard","meta":{"_yoast_wpseo_focuskw":"arquip\u00e9lago vulc\u00e2nico","_yoast_wpseo_title":"","_yoast_wpseo_metadesc":"Um arquip\u00e9lago vulc\u00e2nico com acesso controlado abriga a praia eleita 7 vezes a melhor do mundo e cen\u00e1rio de outro planeta.","jnews-multi-image_gallery":[],"jnews_single_post":{"format":"standard"},"jnews_primary_category":[],"jnews_social_meta":[],"jnews_override_counter":[],"footnotes":""},"categories":[1],"tags":[699,940],"class_list":["post-234998","post","type-post","status-publish","format-standard","has-post-thumbnail","hentry","category-uncategorized","tag-fernando-de-noronha","tag-pernambuco"],"yoast_head":"<!-- This site is optimized with the Yoast SEO plugin v24.6 - https:\/\/yoast.com\/wordpress\/plugins\/seo\/ -->\n<title>Um arquip\u00e9lago vulc\u00e2nico abriga a praia eleita 7 vezes a melhor do mundo e fica a 545 km da costa de Pernambuco - Correio Braziliense - Radar<\/title>\n<meta name=\"description\" content=\"Um arquip\u00e9lago vulc\u00e2nico com acesso controlado abriga a praia eleita 7 vezes a melhor do mundo e cen\u00e1rio de outro planeta.\" \/>\n<meta name=\"robots\" content=\"index, follow, max-snippet:-1, max-image-preview:large, max-video-preview:-1\" \/>\n<link rel=\"canonical\" href=\"https:\/\/www.correiobraziliense.com.br\/cbradar\/um-arquipelago-vulcanico-abriga-a-praia-eleita-7-vezes-a-melhor-do-mundo-e-fica-a-545-km-da-costa-de-pernambuco\/\" \/>\n<meta property=\"og:locale\" content=\"pt_BR\" \/>\n<meta property=\"og:type\" content=\"article\" \/>\n<meta property=\"og:title\" content=\"Um arquip\u00e9lago vulc\u00e2nico abriga a praia eleita 7 vezes a melhor do mundo e fica a 545 km da costa de Pernambuco - Correio Braziliense - Radar\" \/>\n<meta property=\"og:description\" content=\"Um arquip\u00e9lago vulc\u00e2nico com acesso controlado abriga a praia eleita 7 vezes a melhor do mundo e cen\u00e1rio de outro planeta.\" \/>\n<meta property=\"og:url\" content=\"https:\/\/www.correiobraziliense.com.br\/cbradar\/um-arquipelago-vulcanico-abriga-a-praia-eleita-7-vezes-a-melhor-do-mundo-e-fica-a-545-km-da-costa-de-pernambuco\/\" \/>\n<meta property=\"og:site_name\" content=\"Correio Braziliense - Radar\" \/>\n<meta property=\"article:published_time\" content=\"2026-05-01T10:55:00+00:00\" \/>\n<meta property=\"og:image\" content=\"https:\/\/www.correiobraziliense.com.br\/cbradar\/wp-content\/uploads\/2026\/02\/aaa-2026-02-04T033904.760.png\" \/>\n\t<meta property=\"og:image:width\" content=\"1280\" \/>\n\t<meta property=\"og:image:height\" content=\"720\" \/>\n\t<meta property=\"og:image:type\" content=\"image\/png\" \/>\n<meta name=\"author\" content=\"Maura Pereira\" \/>\n<meta name=\"twitter:card\" content=\"summary_large_image\" \/>\n<meta name=\"twitter:label1\" content=\"Escrito por\" \/>\n\t<meta name=\"twitter:data1\" content=\"Maura Pereira\" \/>\n\t<meta name=\"twitter:label2\" content=\"Est. tempo de leitura\" \/>\n\t<meta name=\"twitter:data2\" content=\"6 minutos\" \/>\n<!-- \/ Yoast SEO plugin. -->","yoast_head_json":{"title":"Um arquip\u00e9lago vulc\u00e2nico abriga a praia eleita 7 vezes a melhor do mundo e fica a 545 km da costa de Pernambuco - Correio Braziliense - Radar","description":"Um arquip\u00e9lago vulc\u00e2nico com acesso controlado abriga a praia eleita 7 vezes a melhor do mundo e cen\u00e1rio de outro planeta.","robots":{"index":"index","follow":"follow","max-snippet":"max-snippet:-1","max-image-preview":"max-image-preview:large","max-video-preview":"max-video-preview:-1"},"canonical":"https:\/\/www.correiobraziliense.com.br\/cbradar\/um-arquipelago-vulcanico-abriga-a-praia-eleita-7-vezes-a-melhor-do-mundo-e-fica-a-545-km-da-costa-de-pernambuco\/","og_locale":"pt_BR","og_type":"article","og_title":"Um arquip\u00e9lago vulc\u00e2nico abriga a praia eleita 7 vezes a melhor do mundo e fica a 545 km da costa de Pernambuco - Correio Braziliense - Radar","og_description":"Um arquip\u00e9lago vulc\u00e2nico com acesso controlado abriga a praia eleita 7 vezes a melhor do mundo e cen\u00e1rio de outro planeta.","og_url":"https:\/\/www.correiobraziliense.com.br\/cbradar\/um-arquipelago-vulcanico-abriga-a-praia-eleita-7-vezes-a-melhor-do-mundo-e-fica-a-545-km-da-costa-de-pernambuco\/","og_site_name":"Correio Braziliense - Radar","article_published_time":"2026-05-01T10:55:00+00:00","og_image":[{"width":1280,"height":720,"url":"https:\/\/www.correiobraziliense.com.br\/cbradar\/wp-content\/uploads\/2026\/02\/aaa-2026-02-04T033904.760.png","type":"image\/png"}],"author":"Maura Pereira","twitter_card":"summary_large_image","twitter_misc":{"Escrito por":"Maura Pereira","Est. tempo de leitura":"6 minutos"},"schema":{"@context":"https:\/\/schema.org","@graph":[{"@type":"WebPage","@id":"https:\/\/www.correiobraziliense.com.br\/cbradar\/um-arquipelago-vulcanico-abriga-a-praia-eleita-7-vezes-a-melhor-do-mundo-e-fica-a-545-km-da-costa-de-pernambuco\/","url":"https:\/\/www.correiobraziliense.com.br\/cbradar\/um-arquipelago-vulcanico-abriga-a-praia-eleita-7-vezes-a-melhor-do-mundo-e-fica-a-545-km-da-costa-de-pernambuco\/","name":"Um arquip\u00e9lago vulc\u00e2nico abriga a praia eleita 7 vezes a melhor do mundo e fica a 545 km da costa de Pernambuco - Correio Braziliense - Radar","isPartOf":{"@id":"https:\/\/www.correiobraziliense.com.br\/cbradar\/#website"},"primaryImageOfPage":{"@id":"https:\/\/www.correiobraziliense.com.br\/cbradar\/um-arquipelago-vulcanico-abriga-a-praia-eleita-7-vezes-a-melhor-do-mundo-e-fica-a-545-km-da-costa-de-pernambuco\/#primaryimage"},"image":{"@id":"https:\/\/www.correiobraziliense.com.br\/cbradar\/um-arquipelago-vulcanico-abriga-a-praia-eleita-7-vezes-a-melhor-do-mundo-e-fica-a-545-km-da-costa-de-pernambuco\/#primaryimage"},"thumbnailUrl":"https:\/\/www.correiobraziliense.com.br\/cbradar\/wp-content\/uploads\/2026\/02\/aaa-2026-02-04T033904.760.png","datePublished":"2026-05-01T10:55:00+00:00","author":{"@id":"https:\/\/www.correiobraziliense.com.br\/cbradar\/#\/schema\/person\/4053c651a9bfc785afc6f4cbc9032fd3"},"description":"Um arquip\u00e9lago vulc\u00e2nico com acesso controlado abriga a praia eleita 7 vezes a melhor do mundo e cen\u00e1rio de outro planeta.","breadcrumb":{"@id":"https:\/\/www.correiobraziliense.com.br\/cbradar\/um-arquipelago-vulcanico-abriga-a-praia-eleita-7-vezes-a-melhor-do-mundo-e-fica-a-545-km-da-costa-de-pernambuco\/#breadcrumb"},"inLanguage":"pt-BR","potentialAction":[{"@type":"ReadAction","target":["https:\/\/www.correiobraziliense.com.br\/cbradar\/um-arquipelago-vulcanico-abriga-a-praia-eleita-7-vezes-a-melhor-do-mundo-e-fica-a-545-km-da-costa-de-pernambuco\/"]}]},{"@type":"ImageObject","inLanguage":"pt-BR","@id":"https:\/\/www.correiobraziliense.com.br\/cbradar\/um-arquipelago-vulcanico-abriga-a-praia-eleita-7-vezes-a-melhor-do-mundo-e-fica-a-545-km-da-costa-de-pernambuco\/#primaryimage","url":"https:\/\/www.correiobraziliense.com.br\/cbradar\/wp-content\/uploads\/2026\/02\/aaa-2026-02-04T033904.760.png","contentUrl":"https:\/\/www.correiobraziliense.com.br\/cbradar\/wp-content\/uploads\/2026\/02\/aaa-2026-02-04T033904.760.png","width":1280,"height":720,"caption":"O roteiro em Fernando de Noronha se divide entre as praias do Mar de Dentro, voltadas para o continente e com \u00e1guas mais calmas, e o Mar de Fora, onde a natureza \u00e9 mais selvagem. \/ Imagem Ilustrativa"},{"@type":"BreadcrumbList","@id":"https:\/\/www.correiobraziliense.com.br\/cbradar\/um-arquipelago-vulcanico-abriga-a-praia-eleita-7-vezes-a-melhor-do-mundo-e-fica-a-545-km-da-costa-de-pernambuco\/#breadcrumb","itemListElement":[{"@type":"ListItem","position":1,"name":"In\u00edcio","item":"https:\/\/www.correiobraziliense.com.br\/cbradar\/"},{"@type":"ListItem","position":2,"name":"Um arquip\u00e9lago vulc\u00e2nico abriga a praia eleita 7 vezes a melhor do mundo e fica a 545 km da costa de Pernambuco"}]},{"@type":"WebSite","@id":"https:\/\/www.correiobraziliense.com.br\/cbradar\/#website","url":"https:\/\/www.correiobraziliense.com.br\/cbradar\/","name":"Correio Braziliense - Radar","description":"Acompanhe as \u00faltimas not\u00edcias e fique bem informado sobre tudo o que acontece no Brasil e no mundo.","potentialAction":[{"@type":"SearchAction","target":{"@type":"EntryPoint","urlTemplate":"https:\/\/www.correiobraziliense.com.br\/cbradar\/?s={search_term_string}"},"query-input":{"@type":"PropertyValueSpecification","valueRequired":true,"valueName":"search_term_string"}}],"inLanguage":"pt-BR"},{"@type":"Person","@id":"https:\/\/www.correiobraziliense.com.br\/cbradar\/#\/schema\/person\/4053c651a9bfc785afc6f4cbc9032fd3","name":"Maura Pereira","image":{"@type":"ImageObject","inLanguage":"pt-BR","@id":"https:\/\/www.correiobraziliense.com.br\/cbradar\/#\/schema\/person\/image\/","url":"https:\/\/secure.gravatar.com\/avatar\/3effd6bdadfa447f15089c7f7144eaa6?s=96&d=mm&r=g","contentUrl":"https:\/\/secure.gravatar.com\/avatar\/3effd6bdadfa447f15089c7f7144eaa6?s=96&d=mm&r=g","caption":"Maura Pereira"},"sameAs":["https:\/\/www.correiobraziliense.com.br\/"],"url":"https:\/\/www.correiobraziliense.com.br\/cbradar\/author\/mauramyth\/"}]}},"_links":{"self":[{"href":"https:\/\/www.correiobraziliense.com.br\/cbradar\/wp-json\/wp\/v2\/posts\/234998","targetHints":{"allow":["GET"]}}],"collection":[{"href":"https:\/\/www.correiobraziliense.com.br\/cbradar\/wp-json\/wp\/v2\/posts"}],"about":[{"href":"https:\/\/www.correiobraziliense.com.br\/cbradar\/wp-json\/wp\/v2\/types\/post"}],"author":[{"embeddable":true,"href":"https:\/\/www.correiobraziliense.com.br\/cbradar\/wp-json\/wp\/v2\/users\/8"}],"replies":[{"embeddable":true,"href":"https:\/\/www.correiobraziliense.com.br\/cbradar\/wp-json\/wp\/v2\/comments?post=234998"}],"version-history":[{"count":11,"href":"https:\/\/www.correiobraziliense.com.br\/cbradar\/wp-json\/wp\/v2\/posts\/234998\/revisions"}],"predecessor-version":[{"id":235066,"href":"https:\/\/www.correiobraziliense.com.br\/cbradar\/wp-json\/wp\/v2\/posts\/234998\/revisions\/235066"}],"wp:featuredmedia":[{"embeddable":true,"href":"https:\/\/www.correiobraziliense.com.br\/cbradar\/wp-json\/wp\/v2\/media\/187169"}],"wp:attachment":[{"href":"https:\/\/www.correiobraziliense.com.br\/cbradar\/wp-json\/wp\/v2\/media?parent=234998"}],"wp:term":[{"taxonomy":"category","embeddable":true,"href":"https:\/\/www.correiobraziliense.com.br\/cbradar\/wp-json\/wp\/v2\/categories?post=234998"},{"taxonomy":"post_tag","embeddable":true,"href":"https:\/\/www.correiobraziliense.com.br\/cbradar\/wp-json\/wp\/v2\/tags?post=234998"}],"curies":[{"name":"wp","href":"https:\/\/api.w.org\/{rel}","templated":true}]}}