{"id":234999,"date":"2026-05-01T06:25:00","date_gmt":"2026-05-01T09:25:00","guid":{"rendered":"https:\/\/www.correiobraziliense.com.br\/cbradar\/?p=234999"},"modified":"2026-04-30T22:05:42","modified_gmt":"2026-05-01T01:05:42","slug":"a-capital-no-1-do-brasil-tem-mais-que-o-triplo-da-area-verde-recomendada-pela-onu-e-uma-qualidade-de-vida-que-conquista-brasileiro","status":"publish","type":"post","link":"https:\/\/www.correiobraziliense.com.br\/cbradar\/a-capital-no-1-do-brasil-tem-mais-que-o-triplo-da-area-verde-recomendada-pela-onu-e-uma-qualidade-de-vida-que-conquista-brasileiro\/","title":{"rendered":"A capital n\u00ba 1 do Brasil tem mais que o triplo da \u00e1rea verde recomendada pela ONU e uma qualidade de vida que conquista brasileiro"},"content":{"rendered":"\n<p>A 934 metros de altitude e 400 km de <strong>S\u00e3o Paulo<\/strong>, <strong>Curitiba<\/strong> respira diferente. A capital do <strong>Paran\u00e1<\/strong> ficou em primeiro lugar entre as capitais brasileiras no \u00cdndice de Progresso Social 2025 e tem mais que o triplo da \u00e1rea verde recomendada pela ONU.<\/p>\n\n\n\n<h2 class=\"wp-block-heading\">O ranking que coloca Curitiba acima de todas as capitais<\/h2>\n\n\n\n<p>O \u00cdndice de Progresso Social (IPS) avalia 57 indicadores sociais, econ\u00f4micos e ambientais. Em 2025, segundo a <a href=\"https:\/\/www.curitiba.pr.gov.br\/noticias\/curitiba-e-a-capital-com-melhor-qualidade-de-vida-no-brasil-segundo-ips-2025\/77588\" target=\"_blank\" rel=\"noreferrer noopener\"><strong>Prefeitura de Curitiba<\/strong><\/a>, a cidade alcan\u00e7ou nota 69,89 e ficou na 12\u00aa posi\u00e7\u00e3o entre os 5.570 munic\u00edpios brasileiros, \u00e0 frente de <strong>Bras\u00edlia<\/strong> e <strong>Florian\u00f3polis<\/strong>.<\/p>\n\n\n\n<p>O destaque foi a dimens\u00e3o ambiental. A capital paranaense lidera a categoria Qualidade do Meio Ambiente pelo segundo ano seguido, com 64,5 m\u00b2 de \u00e1rea verde por habitante. A recomenda\u00e7\u00e3o m\u00ednima da ONU \u00e9 de 18 m\u00b2.<\/p>\n\n\n\n<p>O resultado n\u00e3o veio do acaso. Curitiba inaugurou em 1974 o primeiro corredor de Bus Rapid Transit (BRT) do mundo, modelo de transporte que j\u00e1 foi copiado por mais de 190 cidades em todos os continentes.<\/p>\n\n\n<div class=\"wp-block-image\">\n<figure class=\"aligncenter size-large\"><img decoding=\"async\" width=\"1024\" height=\"576\" src=\"https:\/\/www.correiobraziliense.com.br\/cbradar\/wp-content\/uploads\/2026\/01\/Curitiba-_1768868050252-1024x576.jpg\" alt=\"A capital mais fria do Brasil \u00e9 modelo em organiza\u00e7\u00e3o e qualidade de vida perfeita para quem deseja realmente viver bem\" class=\"wp-image-178432\" srcset=\"https:\/\/www.correiobraziliense.com.br\/cbradar\/wp-content\/uploads\/2026\/01\/Curitiba-_1768868050252-1024x576.jpg 1024w, https:\/\/www.correiobraziliense.com.br\/cbradar\/wp-content\/uploads\/2026\/01\/Curitiba-_1768868050252-300x169.jpg 300w, https:\/\/www.correiobraziliense.com.br\/cbradar\/wp-content\/uploads\/2026\/01\/Curitiba-_1768868050252-768x432.jpg 768w, https:\/\/www.correiobraziliense.com.br\/cbradar\/wp-content\/uploads\/2026\/01\/Curitiba-_1768868050252-750x422.jpg 750w, https:\/\/www.correiobraziliense.com.br\/cbradar\/wp-content\/uploads\/2026\/01\/Curitiba-_1768868050252-1140x641.jpg 1140w, https:\/\/www.correiobraziliense.com.br\/cbradar\/wp-content\/uploads\/2026\/01\/Curitiba-_1768868050252.jpg 1280w\" sizes=\"(max-width: 1024px) 100vw, 1024px\" \/><figcaption class=\"wp-element-caption\">Explore Curitiba, metr\u00f3pole verde de arquitetura inovadora e cultura vibrante que inspira qualidade de vida no cora\u00e7\u00e3o do Sul brasileiro. \/\/ Cr\u00e9ditos: depositphotos.com \/ detanan<\/figcaption><\/figure><\/div>\n\n\n<h2 class=\"wp-block-heading\">Como \u00e9 o cotidiano de quem mora na capital paranaense?<\/h2>\n\n\n\n<p>Os bairros centrais oferecem qualidade de vida pr\u00f3xima ao padr\u00e3o europeu. Segundo o Atlas Brasil, o <strong>\u00c1gua Verde<\/strong> tem IDH de 0,956, considerado muito alto, com ruas arborizadas e a Pra\u00e7a do Jap\u00e3o como quintal coletivo.<\/p>\n\n\n\n<p><strong>Batel<\/strong> e <strong>Bigorrilho<\/strong>, vizinhos, marcam IDH de 0,948 e concentram a vida noturna mais badalada da cidade. Fam\u00edlias costumam preferir o <strong>Cristo Rei<\/strong> e o entorno do <strong>Jardim Bot\u00e2nico<\/strong>, onde o IDH chega a 0,929 com pre\u00e7os mais acess\u00edveis.<\/p>\n\n\n\n<p>A cidade investe R$ 1.533,27 por habitante em sa\u00fade e tem cerca de 553 m\u00e9dicos para cada 100 mil pessoas. A malha ciclovi\u00e1ria ultrapassa 300 km e cresce a cada ano.<\/p>\n\n\n\n<p>Planejar uma visita \u00e0 capital paranaense exige organiza\u00e7\u00e3o para aproveitar cada parque. O v\u00eddeo \u00e9 do canal <strong>Trip Partiu<\/strong>, com <strong>623 mil inscritos<\/strong>, e detalha roteiros econ\u00f4micos e dicas pr\u00e1ticas por Curitiba. <strong>Trip Partiu<\/strong> \u00e9 autoridade.<\/p>\n\n\n\n<figure class=\"wp-block-embed aligncenter is-type-video is-provider-youtube wp-block-embed-youtube wp-embed-aspect-16-9 wp-has-aspect-ratio\"><div class=\"wp-block-embed__wrapper\">\n<div class=\"jeg_video_container jeg_video_content\"><iframe loading=\"lazy\" title=\"CURITIBA PARAN\u00c1: melhor roteiro + dicas para economizar na viagem\" width=\"500\" height=\"281\" src=\"https:\/\/www.youtube.com\/embed\/fbcaIxaEeCo?feature=oembed\" frameborder=\"0\" allow=\"accelerometer; autoplay; clipboard-write; encrypted-media; gyroscope; picture-in-picture; web-share\" referrerpolicy=\"strict-origin-when-cross-origin\" allowfullscreen><\/iframe><\/div>\n<\/div><\/figure>\n\n\n\n<h2 class=\"wp-block-heading\">Onde os curitibanos relaxam nos fins de semana?<\/h2>\n\n\n\n<p>S\u00e3o 44 parques, 15 bosques e 451 pra\u00e7as distribu\u00eddos pela cidade. Cada um com uma hist\u00f3ria peculiar de transforma\u00e7\u00e3o urbana, muitas vezes em \u00e1reas antes degradadas.<\/p>\n\n\n\n<ul class=\"wp-block-list\">\n<li><strong>Parque Barigui<\/strong>: 1,4 milh\u00e3o de m\u00b2 inaugurados em 1972, com capivaras circulando livres ao redor do lago.<\/li>\n\n\n\n<li><strong>Parque Tangu\u00e1<\/strong>: duas pedreiras desativadas viraram lagos conectados por t\u00fanel, com cascata de 65 metros e mirante para o p\u00f4r do sol.<\/li>\n\n\n\n<li><strong>Jardim Bot\u00e2nico<\/strong>: estufa met\u00e1lica inspirada no Pal\u00e1cio de Cristal de Londres, aberta diariamente das 6h \u00e0s 19h30, gratuita.<\/li>\n\n\n\n<li><strong>\u00d3pera de Arame<\/strong>: teatro de estrutura tubular cercado por lago e antiga pedreira, com capacidade para 1.572 espectadores.<\/li>\n\n\n\n<li><strong>Bosque do Papa<\/strong>: homenagem \u00e0 imigra\u00e7\u00e3o polonesa, com casas de tronco preservadas entre arauc\u00e1rias nativas.<\/li>\n<\/ul>\n\n\n\n<h2 class=\"wp-block-heading\">A inven\u00e7\u00e3o curitibana que mudou o transporte p\u00fablico no mundo<\/h2>\n\n\n\n<p><strong>Pouca gente sabe, mas o \u00f4nibus expresso em corredor exclusivo \u00e9 uma inven\u00e7\u00e3o curitibana.<\/strong> Em 22 de setembro de 1974, sob a gest\u00e3o do ent\u00e3o prefeito <strong>Jaime Lerner<\/strong>, a cidade inaugurou os primeiros 20 km de canaletas exclusivas para \u00f4nibus.<\/p>\n\n\n\n<p>O Instituto de Pesquisa e Planejamento Urbano de Curitiba (IPPUC), criado em 1965, coordenou a integra\u00e7\u00e3o entre transporte e uso do solo. As ic\u00f4nicas esta\u00e7\u00f5es tubo apareceram depois e viraram s\u00edmbolo da cidade.<\/p>\n\n\n\n<p>A capital paranaense ainda foi eleita Cidade Mais Inteligente do Mundo no World Smart City Awards de 2023, em <strong>Barcelona<\/strong>, e \u00fanica brasileira no Best in Travel 2025 da Lonely Planet.<\/p>\n\n\n<div class=\"wp-block-image\">\n<figure class=\"aligncenter size-large\"><img decoding=\"async\" width=\"1024\" height=\"576\" src=\"https:\/\/www.correiobraziliense.com.br\/cbradar\/wp-content\/uploads\/2026\/01\/Curitiba-_1768868144129-1024x576.jpg\" alt=\"A capital mais fria do Brasil \u00e9 modelo em organiza\u00e7\u00e3o e qualidade de vida perfeita para quem deseja realmente viver bem\" class=\"wp-image-178434\" srcset=\"https:\/\/www.correiobraziliense.com.br\/cbradar\/wp-content\/uploads\/2026\/01\/Curitiba-_1768868144129-1024x576.jpg 1024w, https:\/\/www.correiobraziliense.com.br\/cbradar\/wp-content\/uploads\/2026\/01\/Curitiba-_1768868144129-300x169.jpg 300w, https:\/\/www.correiobraziliense.com.br\/cbradar\/wp-content\/uploads\/2026\/01\/Curitiba-_1768868144129-768x432.jpg 768w, https:\/\/www.correiobraziliense.com.br\/cbradar\/wp-content\/uploads\/2026\/01\/Curitiba-_1768868144129-750x422.jpg 750w, https:\/\/www.correiobraziliense.com.br\/cbradar\/wp-content\/uploads\/2026\/01\/Curitiba-_1768868144129-1140x641.jpg 1140w, https:\/\/www.correiobraziliense.com.br\/cbradar\/wp-content\/uploads\/2026\/01\/Curitiba-_1768868144129.jpg 1280w\" sizes=\"(max-width: 1024px) 100vw, 1024px\" \/><figcaption class=\"wp-element-caption\">Passeie no Jardim Bot\u00e2nico de Curitiba, \u00d3pera de Arame e Torre Panor\u00e2mica em dias frescos e charmosos na capital paranaense. \/\/ Cr\u00e9ditos: depositphotos.com \/ detanan<\/figcaption><\/figure><\/div>\n\n\n<h2 class=\"wp-block-heading\">Onde comer comida t\u00edpica de imigrante na cidade?<\/h2>\n\n\n\n<p>A culin\u00e1ria local guarda heran\u00e7as de poloneses, ucranianos, alem\u00e3es, italianos e portugueses. Cada bairro tem seu canto t\u00edpico e seus pratos cl\u00e1ssicos.<\/p>\n\n\n\n<ul class=\"wp-block-list\">\n<li><strong>Pierogi<\/strong>: massa recheada de origem polonesa, encontrada em casas tradicionais como o Fam\u00edlia Madalosso.<\/li>\n\n\n\n<li><strong>Barreado<\/strong>: prato litor\u00e2neo de carne cozida em panela de barro por horas, servido com farinha e banana.<\/li>\n\n\n\n<li><strong>Pinh\u00e3o<\/strong>: semente da arauc\u00e1ria, s\u00edmbolo do inverno paranaense, servida cozida ou em pratos elaborados.<\/li>\n\n\n\n<li><strong>Caf\u00e9 colonial<\/strong>: tradi\u00e7\u00e3o alem\u00e3 e italiana com mesa farta de bolos, p\u00e3es, frios e geleias.<\/li>\n<\/ul>\n\n\n\n<p><strong>Leia tamb\u00e9m: <a href=\"https:\/\/www.correiobraziliense.com.br\/cbradar\/a-capital-do-agro-que-voce-ainda-nao-conhece-guarda-um-circuito-com-9-cachoeiras-e-quedas-dagua-a-55-km-do-centro\/\" target=\"_blank\" rel=\"noreferrer noopener\">A \u201cCapital do Agro\u201d que voc\u00ea ainda n\u00e3o conhece guarda um circuito com 9 cachoeiras e quedas d\u2019\u00e1gua a 55 km do centro.<\/a><\/strong><\/p>\n\n\n<div class=\"wp-block-image\">\n<figure class=\"aligncenter size-large\"><img decoding=\"async\" width=\"1024\" height=\"576\" src=\"https:\/\/www.correiobraziliense.com.br\/cbradar\/wp-content\/uploads\/2026\/01\/Curitiba-_1767919674028-1024x576.jpg\" alt=\"A capital mais fria do Brasil \u00e9 modelo em organiza\u00e7\u00e3o e qualidade de vida perfeita para quem deseja realmente viver bem\" class=\"wp-image-171327\" srcset=\"https:\/\/www.correiobraziliense.com.br\/cbradar\/wp-content\/uploads\/2026\/01\/Curitiba-_1767919674028-1024x576.jpg 1024w, https:\/\/www.correiobraziliense.com.br\/cbradar\/wp-content\/uploads\/2026\/01\/Curitiba-_1767919674028-300x169.jpg 300w, https:\/\/www.correiobraziliense.com.br\/cbradar\/wp-content\/uploads\/2026\/01\/Curitiba-_1767919674028-768x432.jpg 768w, https:\/\/www.correiobraziliense.com.br\/cbradar\/wp-content\/uploads\/2026\/01\/Curitiba-_1767919674028-750x422.jpg 750w, https:\/\/www.correiobraziliense.com.br\/cbradar\/wp-content\/uploads\/2026\/01\/Curitiba-_1767919674028-1140x641.jpg 1140w, https:\/\/www.correiobraziliense.com.br\/cbradar\/wp-content\/uploads\/2026\/01\/Curitiba-_1767919674028.jpg 1280w\" sizes=\"(max-width: 1024px) 100vw, 1024px\" \/><figcaption class=\"wp-element-caption\">Curitiba (PR): capital do Paran\u00e1 no Primeiro Planalto, famosa por planejamento urbano, parques como Barigui e sistema de \u00f4nibus BRT pioneiro. \/\/ Cr\u00e9ditos: depositphotos.com \/ tifonimages<\/figcaption><\/figure><\/div>\n\n\n<h2 class=\"wp-block-heading\">Como o frio define o estilo de vida na capital?<\/h2>\n\n\n\n<p><strong>Curitiba tem uma das menores temperaturas m\u00e9dias entre as capitais brasileiras.<\/strong> O inverno transforma o ritmo da cidade, enchendo caf\u00e9s e for\u00e7ando a chegada de roupas que poucos brasileiros precisam vestir.<\/p>\n\n\n\n<style>\n  \/* --- CONTAINER BLINDADO (PADR\u00c3O REGISTRADO) --- *\/\n  .clima-grid-final {\n    font-family: -apple-system, BlinkMacSystemFont, \"Segoe UI\", Roboto, Arial, sans-serif !important;\n    width: 100% !important;\n    max-width: 1200px !important;\n    margin: 20px auto !important;\n    display: grid !important;\n    \/* FOR\u00c7A 4 COLUNAS NO DESKTOP PARA AS 4 ESTA\u00c7\u00d5ES *\/\n    grid-template-columns: repeat(4, 1fr) !important; \n    gap: 15px !important;\n    box-sizing: border-box !important;\n  }\n\n  .clima-grid-final * {\n    box-sizing: border-box !important;\n  }\n\n  \/* --- BLINDAGEM CONTRA ADS E PLUGINS INTRUSOS --- *\/\n  .clima-grid-final > :not(.card-clima) {\n    display: none !important;\n    width: 0 !important;\n    height: 0 !important;\n    opacity: 0 !important;\n  }\n\n  \/* --- CARD PADR\u00c3O (FUNDO BRANCO) --- *\/\n  .card-clima {\n    background: #ffffff !important;\n    border: 1px solid #e0e0e0 !important;\n    border-radius: 20px !important;\n    padding: 20px 10px !important;\n    text-align: center !important;\n    display: flex !important;\n    flex-direction: column !important;\n    align-items: center !important;\n    box-shadow: 0 4px 10px rgba(0, 0, 0, 0.05) !important;\n    min-width: 0 !important; \n    transition: transform 0.2s ease !important;\n    overflow: hidden !important;\n    height: 100% !important;\n  }\n\n  .card-clima:hover {\n    transform: translateY(-5px) !important;\n    border-color: #000000 !important;\n  }\n\n  \/* --- CONTE\u00daDO --- *\/\n  .estacao-nome { \n    font-size: 14px !important; \n    font-weight: 800 !important; \n    color: #000000 !important; \n    text-transform: uppercase !important; \n    margin: 0 0 5px 0 !important; \n  }\n  \n  .estacao-meses { \n    font-size: 10px !important; \n    font-weight: 700 !important; \n    color: #444444 !important; \n    text-transform: uppercase !important; \n    margin-bottom: 15px !important; \n    display: block !important;\n  }\n  \n  .temp-valor { \n    font-size: 24px !important; \n    font-weight: 800 !important; \n    color: #000000 !important; \n    line-height: 1.1 !important; \n    margin: 0 !important;\n  }\n  \n  .temp-label { \n    font-size: 9px !important; \n    font-weight: 600 !important; \n    color: #777777 !important; \n    text-transform: uppercase !important; \n    margin-bottom: 15px !important; \n    display: block !important;\n  }\n  \n  .clima-desc { \n    font-size: 12px !important; \n    line-height: 1.4 !important; \n    color: #333333 !important; \n    margin-bottom: 15px !important; \n    flex-grow: 1 !important; \n  }\n\n  .tag-status {\n    background-color: #f5f5f5 !important;\n    border: 1px solid #d0d0d0 !important;\n    color: #000000 !important;\n    padding: 5px 12px !important;\n    border-radius: 20px !important;\n    font-size: 9px !important;\n    font-weight: 800 !important;\n    text-transform: uppercase !important;\n    margin-top: auto !important;\n  }\n\n  \/* --- RESPONSIVIDADE --- *\/\n  @media (max-width: 800px) {\n    .clima-grid-final {\n      grid-template-columns: 1fr !important; \n    }\n    .card-clima {\n      padding: 25px 20px !important;\n    }\n  }\n<\/style>\n\n<div class=\"google-auto-ads-ignore clima-grid-final\">\n  \n  <!-- VER\u00c3O -->\n  <div class=\"card-clima\">\n    <div class=\"estacao-nome\">\u2600\ufe0f Ver\u00e3o<\/div>\n    <span class=\"estacao-meses\">Dez &#8211; Fev<\/span>\n    <div class=\"temp-valor\">17-26\u00b0C<\/div>\n    <span class=\"temp-label\">Temperatura<\/span>\n    <div class=\"clima-desc\">Mesmo com a chuva alta, os dias s\u00e3o ideais para visitar os diversos <b>parques<\/b> da cidade e o <b>Jardim Bot\u00e2nico<\/b>.<\/div>\n    <div class=\"tag-status\">\u26c8\ufe0f Chuva Alta<\/div>\n  <\/div>\n\n  <!-- OUTONO -->\n  <div class=\"card-clima\">\n    <div class=\"estacao-nome\">\ud83c\udf42 Outono<\/div>\n    <span class=\"estacao-meses\">Mar &#8211; Mai<\/span>\n    <div class=\"temp-valor\">13-23\u00b0C<\/div>\n    <span class=\"temp-label\">Temperatura<\/span>\n    <div class=\"clima-desc\">Uma das \u00e9pocas mais bonitas para contemplar o <b>Parque Tangu\u00e1 ao p\u00f4r do sol<\/b>, com temperaturas amenas e chuva m\u00e9dia.<\/div>\n    <div class=\"tag-status\">\ud83c\udf26\ufe0f Chuva M\u00e9dia<\/div>\n  <\/div>\n\n  <!-- INVERNO -->\n  <div class=\"card-clima\">\n    <div class=\"estacao-nome\">\ud83e\udde3 Inverno<\/div>\n    <span class=\"estacao-meses\">Jun &#8211; Ago<\/span>\n    <div class=\"temp-valor\">7-19\u00b0C<\/div>\n    <span class=\"temp-label\">Temperatura<\/span>\n    <div class=\"clima-desc\">O frio curitibano e o tempo seco s\u00e3o perfeitos para frequentar charmosos <b>caf\u00e9s<\/b> e aproveitar os <b>festivais culturais<\/b>.<\/div>\n    <div class=\"tag-status\">\u2600\ufe0f Chuva Baixa<\/div>\n  <\/div>\n\n  <!-- PRIMAVERA -->\n  <div class=\"card-clima\">\n    <div class=\"estacao-nome\">\ud83c\udf38 Primavera<\/div>\n    <span class=\"estacao-meses\">Set &#8211; Nov<\/span>\n    <div class=\"temp-valor\">12-24\u00b0C<\/div>\n    <span class=\"temp-label\">Temperatura<\/span>\n    <div class=\"clima-desc\">Com a natureza em flor, aproveite para praticar <b>ciclismo<\/b> pelas ciclovias ou visitar os principais <b>museus<\/b> da capital.<\/div>\n    <div class=\"tag-status\">\ud83c\udf3f Lazer Urbano<\/div>\n  <\/div>\n\n<\/div>\n\n\n\n<p><em>Temperaturas aproximadas com base no <a href=\"https:\/\/www.climatempo.com.br\/previsao-do-tempo\/cidade\/271\/curitiba-pr\" target=\"_blank\" rel=\"noreferrer noopener\"><strong>Climatempo<\/strong><\/a>. Condi\u00e7\u00f5es podem variar.<\/em><\/p>\n\n\n\n<h2 class=\"wp-block-heading\">Como chegar \u00e0 cidade modelo de planejamento urbano?<\/h2>\n\n\n\n<p>Curitiba fica a 400 km de <strong>S\u00e3o Paulo<\/strong> pela <strong>BR-116<\/strong>, cerca de 5 horas de carro. Voos diretos ligam a capital paranaense \u00e0s principais cidades do pa\u00eds pelo Aeroporto Afonso Pena, em <strong>S\u00e3o Jos\u00e9 dos Pinhais<\/strong>, a 18 km do centro.<\/p>\n\n\n\n<h2 class=\"wp-block-heading\">A capital que cultivou parques onde outras constru\u00edram shoppings<\/h2>\n\n\n\n<p><strong>Curitiba re\u00fane hist\u00f3ria de imigra\u00e7\u00e3o, planejamento urbano premiado e a maior \u00e1rea verde por habitante entre as capitais brasileiras.<\/strong> \u00c9 a \u00fanica cidade do <strong>Brasil<\/strong> onde o \u00f4nibus virou orgulho local e a capivara faz parte do cen\u00e1rio urbano.<\/p>\n\n\n\n<p>Voc\u00ea precisa passar um fim de semana em Curitiba e entender por que essa capital virou modelo copiado em quatro continentes.<\/p>\n","protected":false},"excerpt":{"rendered":"<p>A 934 metros de altitude e 400 km de S\u00e3o Paulo, Curitiba respira diferente. A capital do Paran\u00e1 ficou em primeiro lugar entre as capitais brasileiras no \u00cdndice de Progresso Social 2025 e tem mais que o triplo da \u00e1rea verde recomendada pela ONU. O ranking que coloca Curitiba acima de todas as capitais O [&hellip;]<\/p>\n","protected":false},"author":8,"featured_media":22941,"comment_status":"open","ping_status":"open","sticky":false,"template":"","format":"standard","meta":{"_yoast_wpseo_focuskw":"capital","_yoast_wpseo_title":"","_yoast_wpseo_metadesc":"Com \u00e1rea verde tr\u00eas vezes acima do recomendado pela ONU, essa capital virou refer\u00eancia em qualidade de vida no Brasil.","jnews-multi-image_gallery":[],"jnews_single_post":{"format":"standard"},"jnews_primary_category":[],"jnews_social_meta":[],"jnews_override_counter":[],"footnotes":""},"categories":[1],"tags":[449,664],"class_list":["post-234999","post","type-post","status-publish","format-standard","has-post-thumbnail","hentry","category-uncategorized","tag-curitiba","tag-parana"],"yoast_head":"<!-- This site is optimized with the Yoast SEO plugin v24.6 - https:\/\/yoast.com\/wordpress\/plugins\/seo\/ -->\n<title>A capital n\u00ba 1 do Brasil tem mais que o triplo da \u00e1rea verde recomendada pela ONU e uma qualidade de vida que conquista brasileiro - Correio Braziliense - Radar<\/title>\n<meta name=\"description\" content=\"Com \u00e1rea verde tr\u00eas vezes acima do recomendado pela ONU, essa capital virou refer\u00eancia em qualidade de vida no Brasil.\" \/>\n<meta name=\"robots\" content=\"index, follow, max-snippet:-1, max-image-preview:large, max-video-preview:-1\" \/>\n<link rel=\"canonical\" href=\"https:\/\/www.correiobraziliense.com.br\/cbradar\/a-capital-no-1-do-brasil-tem-mais-que-o-triplo-da-area-verde-recomendada-pela-onu-e-uma-qualidade-de-vida-que-conquista-brasileiro\/\" \/>\n<meta property=\"og:locale\" content=\"pt_BR\" \/>\n<meta property=\"og:type\" content=\"article\" \/>\n<meta property=\"og:title\" content=\"A capital n\u00ba 1 do Brasil tem mais que o triplo da \u00e1rea verde recomendada pela ONU e uma qualidade de vida que conquista brasileiro - Correio Braziliense - Radar\" \/>\n<meta property=\"og:description\" content=\"Com \u00e1rea verde tr\u00eas vezes acima do recomendado pela ONU, essa capital virou refer\u00eancia em qualidade de vida no Brasil.\" \/>\n<meta property=\"og:url\" content=\"https:\/\/www.correiobraziliense.com.br\/cbradar\/a-capital-no-1-do-brasil-tem-mais-que-o-triplo-da-area-verde-recomendada-pela-onu-e-uma-qualidade-de-vida-que-conquista-brasileiro\/\" \/>\n<meta property=\"og:site_name\" content=\"Correio Braziliense - Radar\" \/>\n<meta property=\"article:published_time\" content=\"2026-05-01T09:25:00+00:00\" \/>\n<meta property=\"og:image\" content=\"https:\/\/www.correiobraziliense.com.br\/cbradar\/wp-content\/uploads\/2025\/04\/curitiba_1744548906015.jpg\" \/>\n\t<meta property=\"og:image:width\" content=\"1279\" \/>\n\t<meta property=\"og:image:height\" content=\"720\" \/>\n\t<meta property=\"og:image:type\" content=\"image\/jpeg\" \/>\n<meta name=\"author\" content=\"Maura Pereira\" \/>\n<meta name=\"twitter:card\" content=\"summary_large_image\" \/>\n<meta name=\"twitter:label1\" content=\"Escrito por\" \/>\n\t<meta name=\"twitter:data1\" content=\"Maura Pereira\" \/>\n\t<meta name=\"twitter:label2\" content=\"Est. tempo de leitura\" \/>\n\t<meta name=\"twitter:data2\" content=\"7 minutos\" \/>\n<!-- \/ Yoast SEO plugin. -->","yoast_head_json":{"title":"A capital n\u00ba 1 do Brasil tem mais que o triplo da \u00e1rea verde recomendada pela ONU e uma qualidade de vida que conquista brasileiro - Correio Braziliense - Radar","description":"Com \u00e1rea verde tr\u00eas vezes acima do recomendado pela ONU, essa capital virou refer\u00eancia em qualidade de vida no Brasil.","robots":{"index":"index","follow":"follow","max-snippet":"max-snippet:-1","max-image-preview":"max-image-preview:large","max-video-preview":"max-video-preview:-1"},"canonical":"https:\/\/www.correiobraziliense.com.br\/cbradar\/a-capital-no-1-do-brasil-tem-mais-que-o-triplo-da-area-verde-recomendada-pela-onu-e-uma-qualidade-de-vida-que-conquista-brasileiro\/","og_locale":"pt_BR","og_type":"article","og_title":"A capital n\u00ba 1 do Brasil tem mais que o triplo da \u00e1rea verde recomendada pela ONU e uma qualidade de vida que conquista brasileiro - Correio Braziliense - Radar","og_description":"Com \u00e1rea verde tr\u00eas vezes acima do recomendado pela ONU, essa capital virou refer\u00eancia em qualidade de vida no Brasil.","og_url":"https:\/\/www.correiobraziliense.com.br\/cbradar\/a-capital-no-1-do-brasil-tem-mais-que-o-triplo-da-area-verde-recomendada-pela-onu-e-uma-qualidade-de-vida-que-conquista-brasileiro\/","og_site_name":"Correio Braziliense - Radar","article_published_time":"2026-05-01T09:25:00+00:00","og_image":[{"width":1279,"height":720,"url":"https:\/\/www.correiobraziliense.com.br\/cbradar\/wp-content\/uploads\/2025\/04\/curitiba_1744548906015.jpg","type":"image\/jpeg"}],"author":"Maura Pereira","twitter_card":"summary_large_image","twitter_misc":{"Escrito por":"Maura Pereira","Est. tempo de leitura":"7 minutos"},"schema":{"@context":"https:\/\/schema.org","@graph":[{"@type":"WebPage","@id":"https:\/\/www.correiobraziliense.com.br\/cbradar\/a-capital-no-1-do-brasil-tem-mais-que-o-triplo-da-area-verde-recomendada-pela-onu-e-uma-qualidade-de-vida-que-conquista-brasileiro\/","url":"https:\/\/www.correiobraziliense.com.br\/cbradar\/a-capital-no-1-do-brasil-tem-mais-que-o-triplo-da-area-verde-recomendada-pela-onu-e-uma-qualidade-de-vida-que-conquista-brasileiro\/","name":"A capital n\u00ba 1 do Brasil tem mais que o triplo da \u00e1rea verde recomendada pela ONU e uma qualidade de vida que conquista brasileiro - Correio Braziliense - Radar","isPartOf":{"@id":"https:\/\/www.correiobraziliense.com.br\/cbradar\/#website"},"primaryImageOfPage":{"@id":"https:\/\/www.correiobraziliense.com.br\/cbradar\/a-capital-no-1-do-brasil-tem-mais-que-o-triplo-da-area-verde-recomendada-pela-onu-e-uma-qualidade-de-vida-que-conquista-brasileiro\/#primaryimage"},"image":{"@id":"https:\/\/www.correiobraziliense.com.br\/cbradar\/a-capital-no-1-do-brasil-tem-mais-que-o-triplo-da-area-verde-recomendada-pela-onu-e-uma-qualidade-de-vida-que-conquista-brasileiro\/#primaryimage"},"thumbnailUrl":"https:\/\/www.correiobraziliense.com.br\/cbradar\/wp-content\/uploads\/2025\/04\/curitiba_1744548906015.jpg","datePublished":"2026-05-01T09:25:00+00:00","author":{"@id":"https:\/\/www.correiobraziliense.com.br\/cbradar\/#\/schema\/person\/4053c651a9bfc785afc6f4cbc9032fd3"},"description":"Com \u00e1rea verde tr\u00eas vezes acima do recomendado pela ONU, essa capital virou refer\u00eancia em qualidade de vida no Brasil.","breadcrumb":{"@id":"https:\/\/www.correiobraziliense.com.br\/cbradar\/a-capital-no-1-do-brasil-tem-mais-que-o-triplo-da-area-verde-recomendada-pela-onu-e-uma-qualidade-de-vida-que-conquista-brasileiro\/#breadcrumb"},"inLanguage":"pt-BR","potentialAction":[{"@type":"ReadAction","target":["https:\/\/www.correiobraziliense.com.br\/cbradar\/a-capital-no-1-do-brasil-tem-mais-que-o-triplo-da-area-verde-recomendada-pela-onu-e-uma-qualidade-de-vida-que-conquista-brasileiro\/"]}]},{"@type":"ImageObject","inLanguage":"pt-BR","@id":"https:\/\/www.correiobraziliense.com.br\/cbradar\/a-capital-no-1-do-brasil-tem-mais-que-o-triplo-da-area-verde-recomendada-pela-onu-e-uma-qualidade-de-vida-que-conquista-brasileiro\/#primaryimage","url":"https:\/\/www.correiobraziliense.com.br\/cbradar\/wp-content\/uploads\/2025\/04\/curitiba_1744548906015.jpg","contentUrl":"https:\/\/www.correiobraziliense.com.br\/cbradar\/wp-content\/uploads\/2025\/04\/curitiba_1744548906015.jpg","width":1279,"height":720,"caption":"Curitiba, PR, \u00e9 capital do estado, conhecida por planejamento urbano e parques extensos. \/\/ Cr\u00e9ditos: depositphotos.com \/ detanan"},{"@type":"BreadcrumbList","@id":"https:\/\/www.correiobraziliense.com.br\/cbradar\/a-capital-no-1-do-brasil-tem-mais-que-o-triplo-da-area-verde-recomendada-pela-onu-e-uma-qualidade-de-vida-que-conquista-brasileiro\/#breadcrumb","itemListElement":[{"@type":"ListItem","position":1,"name":"In\u00edcio","item":"https:\/\/www.correiobraziliense.com.br\/cbradar\/"},{"@type":"ListItem","position":2,"name":"A capital n\u00ba 1 do Brasil tem mais que o triplo da \u00e1rea verde recomendada pela ONU e uma qualidade de vida que conquista brasileiro"}]},{"@type":"WebSite","@id":"https:\/\/www.correiobraziliense.com.br\/cbradar\/#website","url":"https:\/\/www.correiobraziliense.com.br\/cbradar\/","name":"Correio Braziliense - Radar","description":"Acompanhe as \u00faltimas not\u00edcias e fique bem informado sobre tudo o que acontece no Brasil e no mundo.","potentialAction":[{"@type":"SearchAction","target":{"@type":"EntryPoint","urlTemplate":"https:\/\/www.correiobraziliense.com.br\/cbradar\/?s={search_term_string}"},"query-input":{"@type":"PropertyValueSpecification","valueRequired":true,"valueName":"search_term_string"}}],"inLanguage":"pt-BR"},{"@type":"Person","@id":"https:\/\/www.correiobraziliense.com.br\/cbradar\/#\/schema\/person\/4053c651a9bfc785afc6f4cbc9032fd3","name":"Maura Pereira","image":{"@type":"ImageObject","inLanguage":"pt-BR","@id":"https:\/\/www.correiobraziliense.com.br\/cbradar\/#\/schema\/person\/image\/","url":"https:\/\/secure.gravatar.com\/avatar\/3effd6bdadfa447f15089c7f7144eaa6?s=96&d=mm&r=g","contentUrl":"https:\/\/secure.gravatar.com\/avatar\/3effd6bdadfa447f15089c7f7144eaa6?s=96&d=mm&r=g","caption":"Maura Pereira"},"sameAs":["https:\/\/www.correiobraziliense.com.br\/"],"url":"https:\/\/www.correiobraziliense.com.br\/cbradar\/author\/mauramyth\/"}]}},"_links":{"self":[{"href":"https:\/\/www.correiobraziliense.com.br\/cbradar\/wp-json\/wp\/v2\/posts\/234999","targetHints":{"allow":["GET"]}}],"collection":[{"href":"https:\/\/www.correiobraziliense.com.br\/cbradar\/wp-json\/wp\/v2\/posts"}],"about":[{"href":"https:\/\/www.correiobraziliense.com.br\/cbradar\/wp-json\/wp\/v2\/types\/post"}],"author":[{"embeddable":true,"href":"https:\/\/www.correiobraziliense.com.br\/cbradar\/wp-json\/wp\/v2\/users\/8"}],"replies":[{"embeddable":true,"href":"https:\/\/www.correiobraziliense.com.br\/cbradar\/wp-json\/wp\/v2\/comments?post=234999"}],"version-history":[{"count":10,"href":"https:\/\/www.correiobraziliense.com.br\/cbradar\/wp-json\/wp\/v2\/posts\/234999\/revisions"}],"predecessor-version":[{"id":235074,"href":"https:\/\/www.correiobraziliense.com.br\/cbradar\/wp-json\/wp\/v2\/posts\/234999\/revisions\/235074"}],"wp:featuredmedia":[{"embeddable":true,"href":"https:\/\/www.correiobraziliense.com.br\/cbradar\/wp-json\/wp\/v2\/media\/22941"}],"wp:attachment":[{"href":"https:\/\/www.correiobraziliense.com.br\/cbradar\/wp-json\/wp\/v2\/media?parent=234999"}],"wp:term":[{"taxonomy":"category","embeddable":true,"href":"https:\/\/www.correiobraziliense.com.br\/cbradar\/wp-json\/wp\/v2\/categories?post=234999"},{"taxonomy":"post_tag","embeddable":true,"href":"https:\/\/www.correiobraziliense.com.br\/cbradar\/wp-json\/wp\/v2\/tags?post=234999"}],"curies":[{"name":"wp","href":"https:\/\/api.w.org\/{rel}","templated":true}]}}