{"id":235000,"date":"2026-05-01T08:25:00","date_gmt":"2026-05-01T11:25:00","guid":{"rendered":"https:\/\/www.correiobraziliense.com.br\/cbradar\/?p=235000"},"modified":"2026-05-01T01:37:26","modified_gmt":"2026-05-01T04:37:26","slug":"a-cidade-brasileira-onde-80-dos-moradores-falam-alemao-e-tem-dois-recordes-do-guinness","status":"publish","type":"post","link":"https:\/\/www.correiobraziliense.com.br\/cbradar\/a-cidade-brasileira-onde-80-dos-moradores-falam-alemao-e-tem-dois-recordes-do-guinness\/","title":{"rendered":"A cidade brasileira onde 80% dos moradores falam alem\u00e3o e tem dois recordes do Guinness"},"content":{"rendered":"\n<p>A 170 km de <strong>Florian\u00f3polis<\/strong>, no <strong>Vale do Itaja\u00ed<\/strong>, <strong>Pomerode<\/strong> guarda o cotidiano mais alem\u00e3o do <strong>Brasil<\/strong>. Cerca de oito em cada dez moradores falam o idioma fluentemente, e muitos ainda usam o dialeto pomerano, quase extinto na pr\u00f3pria <strong>Europa<\/strong>.<\/p>\n\n\n\n<h2 class=\"wp-block-heading\">Por que Pomerode \u00e9 considerada a mais alem\u00e3 das cidades brasileiras?<\/h2>\n\n\n\n<p>Pomerode foi fundada em 1861 por imigrantes vindos da <strong>Pomer\u00e2nia<\/strong>, hoje dividida entre <strong>Alemanha<\/strong> e <strong>Pol\u00f4nia<\/strong>. A cidade emancipou-se de <strong>Blumenau<\/strong> em 1959 e desde ent\u00e3o mant\u00e9m viva a heran\u00e7a trazida pelos colonos.<\/p>\n\n\n\n<p>O idioma \u00e9 falado em casa, nas feiras e nas escolas. Crian\u00e7as crescem bil\u00edngues e o dialeto Plattdeutsch resiste em conversas entre vizinhos. Esse v\u00ednculo cultural se reflete na arquitetura: a cidade abriga 233 constru\u00e7\u00f5es em estilo enxaimel, o maior conjunto fora do continente europeu.<\/p>\n\n\n\n<p>O reconhecimento veio de fora tamb\u00e9m. Em 2021, a <a href=\"https:\/\/www.cultura.sc.gov.br\/noticias\/patrimonio\/23277-com-bens-tombados-pela-fcc-rota-do-enxaimel-em-pomerode-e-eleita-uma-das-melhores-vilas-turisticas-do-mundo-pela-onu\" target=\"_blank\" rel=\"noreferrer noopener\"><strong>Funda\u00e7\u00e3o Catarinense de Cultura<\/strong><\/a> celebrou a escolha da Rota do Enxaimel pela ONU como uma das melhores vilas tur\u00edsticas do mundo.<\/p>\n\n\n<div class=\"wp-block-image\">\n<figure class=\"aligncenter size-large\"><img decoding=\"async\" width=\"1024\" height=\"576\" src=\"https:\/\/www.correiobraziliense.com.br\/cbradar\/wp-content\/uploads\/2026\/02\/Pomerode_1769977621513-1024x576.jpg\" alt=\"Fundada em 1863 por imigrantes, essa \u201cPequena Alemanha\u201d no Brasil encanta pela beleza e alta qualidade de vida\" class=\"wp-image-185785\" srcset=\"https:\/\/www.correiobraziliense.com.br\/cbradar\/wp-content\/uploads\/2026\/02\/Pomerode_1769977621513-1024x576.jpg 1024w, https:\/\/www.correiobraziliense.com.br\/cbradar\/wp-content\/uploads\/2026\/02\/Pomerode_1769977621513-300x169.jpg 300w, https:\/\/www.correiobraziliense.com.br\/cbradar\/wp-content\/uploads\/2026\/02\/Pomerode_1769977621513-768x432.jpg 768w, https:\/\/www.correiobraziliense.com.br\/cbradar\/wp-content\/uploads\/2026\/02\/Pomerode_1769977621513-750x422.jpg 750w, https:\/\/www.correiobraziliense.com.br\/cbradar\/wp-content\/uploads\/2026\/02\/Pomerode_1769977621513-1140x641.jpg 1140w, https:\/\/www.correiobraziliense.com.br\/cbradar\/wp-content\/uploads\/2026\/02\/Pomerode_1769977621513.jpg 1280w\" sizes=\"(max-width: 1024px) 100vw, 1024px\" \/><figcaption class=\"wp-element-caption\">O lazer em Pomerode \u00e9 definido pelo turismo familiar e cultural, com parques tem\u00e1ticos, educativos e rotas de contempla\u00e7\u00e3o arquitet\u00f4nica. \/ Cr\u00e9ditos: depositphotos.com \/ diegograndi<\/figcaption><\/figure><\/div>\n\n\n<h2 class=\"wp-block-heading\">Como \u00e9 o dia a dia em uma cidade de 34 mil habitantes?<\/h2>\n\n\n\n<p>O cotidiano em Pomerode tem ritmo de cidade pequena com indicadores de cidade grande. Segundo o IBGE, o munic\u00edpio tem 34.289 habitantes em 214 km\u00b2, e a taxa de alfabetiza\u00e7\u00e3o chega a 98,2%.<\/p>\n\n\n\n<p>O \u00cdndice de Desenvolvimento Humano Municipal (IDHM) \u00e9 de 0,780, classificado como alto. Pelo \u00cdndice de Bem-Estar Populacional da Fiocruz, Pomerode aparece em 9\u00ba lugar entre todos os munic\u00edpios brasileiros em qualidade de vida e igualdade social.<\/p>\n\n\n\n<p><strong>Ruas limpas, jardins floridos e o costume de cumprimentar quem passa pela cal\u00e7ada comp\u00f5em o ambiente urbano.<\/strong> A administra\u00e7\u00e3o municipal mant\u00e9m leis espec\u00edficas para preservar a est\u00e9tica enxaimel em obras novas.<\/p>\n\n\n\n<figure class=\"wp-block-embed is-type-video is-provider-youtube wp-block-embed-youtube wp-embed-aspect-16-9 wp-has-aspect-ratio\"><div class=\"wp-block-embed__wrapper\">\n<div class=\"jeg_video_container jeg_video_content\"><iframe loading=\"lazy\" title=\"POMERODE - SC | O QUE FAZER em 1 dia? | 15 lugares pra conhecer + P\u00e1scoa | 2022\" width=\"500\" height=\"281\" src=\"https:\/\/www.youtube.com\/embed\/Kl0xpEhb9EM?feature=oembed\" frameborder=\"0\" allow=\"accelerometer; autoplay; clipboard-write; encrypted-media; gyroscope; picture-in-picture; web-share\" referrerpolicy=\"strict-origin-when-cross-origin\" allowfullscreen><\/iframe><\/div>\n<\/div><\/figure>\n\n\n\n<h2 class=\"wp-block-heading\">Quais s\u00e3o os melhores bairros para morar em Pomerode?<\/h2>\n\n\n\n<p>A escolha do bairro define o estilo de vida. As regi\u00f5es mais procuradas combinam infraestrutura urbana com proximidade da natureza t\u00edpica do <strong>Vale Europeu<\/strong>.<\/p>\n\n\n\n<ul class=\"wp-block-list\">\n<li><strong>Centro<\/strong>: concentra com\u00e9rcio, servi\u00e7os banc\u00e1rios e escolas, com f\u00e1cil acesso ao Pavilh\u00e3o de Eventos e ao Museu Pomerano.<\/li>\n\n\n\n<li><strong>Testo Alto<\/strong>: zona rural com 50 casas tombadas pelo IPHAN, op\u00e7\u00e3o para quem busca sil\u00eancio e contato direto com o campo.<\/li>\n\n\n\n<li><strong>Testo Central<\/strong>: ber\u00e7o da primeira escola alem\u00e3, com perfil residencial tranquilo e ruas arborizadas.<\/li>\n\n\n\n<li><strong>Pomerode Fundos<\/strong>: regi\u00e3o mais elevada, valorizada por casas espa\u00e7osas e vista para o vale.<\/li>\n<\/ul>\n\n\n\n<h2 class=\"wp-block-heading\">Festas, recordes mundiais e o calend\u00e1rio que move a cidade<\/h2>\n\n\n\n<p>Pomerode tem dois t\u00edtulos oficiais no <strong>Guinness World Records<\/strong>. Em 2017, conquistou o recorde da maior Osterbaum (\u00e1rvore de P\u00e1scoa) do planeta, decorada com mais de 100 mil cascas de ovos pintadas \u00e0 m\u00e3o.<\/p>\n\n\n\n<p>Em 2023, a cidade retomou outro t\u00edtulo: o do maior ovo de P\u00e1scoa decorado do mundo, uma estrutura de 16,72 metros de altura por 10,88 metros de di\u00e2metro. Os recordes aparecem durante a Osterfest, entre fevereiro e abril.<\/p>\n\n\n\n<p>O calend\u00e1rio oficial, publicado pela <a href=\"https:\/\/visitepomerode.com.br\/\" target=\"_blank\" rel=\"noreferrer noopener\"><strong>Visite Pomerode<\/strong><\/a>, ainda inclui a Festa Pomerana em janeiro, o Festival Gastron\u00f4mico em julho e o Natal em Pomerode em dezembro.<\/p>\n\n\n<div class=\"wp-block-image\">\n<figure class=\"aligncenter size-large\"><img decoding=\"async\" width=\"1024\" height=\"576\" src=\"https:\/\/www.correiobraziliense.com.br\/cbradar\/wp-content\/uploads\/2026\/02\/Pomerode_1769977687555-1024x576.jpg\" alt=\"Fundada em 1863 por imigrantes, essa \u201cPequena Alemanha\u201d no Brasil encanta pela beleza e alta qualidade de vida\" class=\"wp-image-185788\" srcset=\"https:\/\/www.correiobraziliense.com.br\/cbradar\/wp-content\/uploads\/2026\/02\/Pomerode_1769977687555-1024x576.jpg 1024w, https:\/\/www.correiobraziliense.com.br\/cbradar\/wp-content\/uploads\/2026\/02\/Pomerode_1769977687555-300x169.jpg 300w, https:\/\/www.correiobraziliense.com.br\/cbradar\/wp-content\/uploads\/2026\/02\/Pomerode_1769977687555-768x432.jpg 768w, https:\/\/www.correiobraziliense.com.br\/cbradar\/wp-content\/uploads\/2026\/02\/Pomerode_1769977687555-750x422.jpg 750w, https:\/\/www.correiobraziliense.com.br\/cbradar\/wp-content\/uploads\/2026\/02\/Pomerode_1769977687555-1140x641.jpg 1140w, https:\/\/www.correiobraziliense.com.br\/cbradar\/wp-content\/uploads\/2026\/02\/Pomerode_1769977687555.jpg 1280w\" sizes=\"(max-width: 1024px) 100vw, 1024px\" \/><figcaption class=\"wp-element-caption\">O tempo na regi\u00e3o \u00e9 classificado como subtropical \u00famido, apresentando ver\u00f5es quentes e abafados e invernos sujeitos a geadas matinais. \/ Cr\u00e9ditos: depositphotos.com \/ paulobaqueta<\/figcaption><\/figure><\/div>\n\n\n<h2 class=\"wp-block-heading\">O que fazer no fim de semana sem sair da cidade?<\/h2>\n\n\n\n<p>O tempo livre dos moradores e visitantes costuma se dividir entre rotas culturais e parques familiares. As op\u00e7\u00f5es cabem num raio curto, com deslocamentos r\u00e1pidos.<\/p>\n\n\n\n<ul class=\"wp-block-list\">\n<li><strong>Rota do Enxaimel<\/strong>: percurso de 16 km no <strong>Testo Alto<\/strong> com cerca de 50 casas tombadas pelo IPHAN, paisagem rural e produtos coloniais.<\/li>\n\n\n\n<li><strong>Zoo Pomerode<\/strong>: bioparque mais antigo da Regi\u00e3o Sul, fundado em 1932, com mais de 900 animais.<\/li>\n\n\n\n<li><strong>Vila Encantada<\/strong>: parque tem\u00e1tico no centro com cen\u00e1rios de dinossauros e atividades para crian\u00e7as.<\/li>\n\n\n\n<li><strong>Museu Pomerano<\/strong>: acervo de utens\u00edlios, documentos e fotos dos primeiros colonos.<\/li>\n\n\n\n<li><strong>P\u00f3rtico do Imigrante Wolfgang Weege<\/strong>: r\u00e9plica do Portal de Stettin, capital hist\u00f3rica da Pomer\u00e2nia, e ponto de partida da Rota do Enxaimel.<\/li>\n<\/ul>\n\n\n\n<p><strong>Leia tamb\u00e9m: <a href=\"https:\/\/www.correiobraziliense.com.br\/cbradar\/a-capital-do-agro-que-voce-ainda-nao-conhece-guarda-um-circuito-com-9-cachoeiras-e-quedas-dagua-a-55-km-do-centro\/\" target=\"_blank\" rel=\"noreferrer noopener\">A \u201cCapital do Agro\u201d que voc\u00ea ainda n\u00e3o conhece guarda um circuito com 9 cachoeiras e quedas d\u2019\u00e1gua a 55 km do centro.<\/a><\/strong><\/p>\n\n\n\n<h2 class=\"wp-block-heading\">Como o clima do Vale do Itaja\u00ed afeta a rotina local?<\/h2>\n\n\n\n<p>O clima subtropical \u00famido marca quatro esta\u00e7\u00f5es bem definidas. Os moradores ajustam o card\u00e1pio e as atividades de acordo com a \u00e9poca do ano.<\/p>\n\n\n\n<style>\n  \/* --- CONTAINER BLINDADO (PADR\u00c3O REGISTRADO) --- *\/\n  .clima-grid-final {\n    font-family: -apple-system, BlinkMacSystemFont, \"Segoe UI\", Roboto, Arial, sans-serif !important;\n    width: 100% !important;\n    max-width: 1200px !important;\n    margin: 20px auto !important;\n    display: grid !important;\n    \/* FOR\u00c7A 4 COLUNAS NO DESKTOP PARA AS 4 ESTA\u00c7\u00d5ES *\/\n    grid-template-columns: repeat(4, 1fr) !important; \n    gap: 15px !important;\n    box-sizing: border-box !important;\n  }\n\n  .clima-grid-final * {\n    box-sizing: border-box !important;\n  }\n\n  \/* --- BLINDAGEM CONTRA ADS E PLUGINS INTRUSOS --- *\/\n  .clima-grid-final > :not(.card-clima) {\n    display: none !important;\n    width: 0 !important;\n    height: 0 !important;\n    opacity: 0 !important;\n  }\n\n  \/* --- CARD PADR\u00c3O (FUNDO BRANCO) --- *\/\n  .card-clima {\n    background: #ffffff !important;\n    border: 1px solid #e0e0e0 !important;\n    border-radius: 20px !important;\n    padding: 20px 10px !important;\n    text-align: center !important;\n    display: flex !important;\n    flex-direction: column !important;\n    align-items: center !important;\n    box-shadow: 0 4px 10px rgba(0, 0, 0, 0.05) !important;\n    min-width: 0 !important; \n    transition: transform 0.2s ease !important;\n    overflow: hidden !important;\n    height: 100% !important;\n  }\n\n  .card-clima:hover {\n    transform: translateY(-5px) !important;\n    border-color: #000000 !important;\n  }\n\n  \/* --- CONTE\u00daDO --- *\/\n  .estacao-nome { \n    font-size: 14px !important; \n    font-weight: 800 !important; \n    color: #000000 !important; \n    text-transform: uppercase !important; \n    margin: 0 0 5px 0 !important; \n  }\n  \n  .estacao-meses { \n    font-size: 10px !important; \n    font-weight: 700 !important; \n    color: #444444 !important; \n    text-transform: uppercase !important; \n    margin-bottom: 15px !important; \n    display: block !important;\n  }\n  \n  .temp-valor { \n    font-size: 24px !important; \n    font-weight: 800 !important; \n    color: #000000 !important; \n    line-height: 1.1 !important; \n    margin: 0 !important;\n  }\n  \n  .temp-label { \n    font-size: 9px !important; \n    font-weight: 600 !important; \n    color: #777777 !important; \n    text-transform: uppercase !important; \n    margin-bottom: 15px !important; \n    display: block !important;\n  }\n  \n  .clima-desc { \n    font-size: 12px !important; \n    line-height: 1.4 !important; \n    color: #333333 !important; \n    margin-bottom: 15px !important; \n    flex-grow: 1 !important; \n  }\n\n  .tag-status {\n    background-color: #f5f5f5 !important;\n    border: 1px solid #d0d0d0 !important;\n    color: #000000 !important;\n    padding: 5px 12px !important;\n    border-radius: 20px !important;\n    font-size: 9px !important;\n    font-weight: 800 !important;\n    text-transform: uppercase !important;\n    margin-top: auto !important;\n  }\n\n  \/* --- RESPONSIVIDADE --- *\/\n  @media (max-width: 800px) {\n    .clima-grid-final {\n      grid-template-columns: 1fr !important; \n    }\n    .card-clima {\n      padding: 25px 20px !important;\n    }\n  }\n<\/style>\n\n<div class=\"google-auto-ads-ignore clima-grid-final\">\n  \n  <!-- VER\u00c3O -->\n  <div class=\"card-clima\">\n    <div class=\"estacao-nome\">\u2600\ufe0f Ver\u00e3o<\/div>\n    <span class=\"estacao-meses\">Dez &#8211; Fev<\/span>\n    <div class=\"temp-valor\">20-30\u00b0C<\/div>\n    <span class=\"temp-label\">Temperatura<\/span>\n    <div class=\"clima-desc\">\u00c9poca da tradicional <b>Festa Pomerana<\/b>. Aproveite o calor para conhecer as <b>cachoeiras rurais<\/b>, mesmo com chuvas altas.<\/div>\n    <div class=\"tag-status\">\u26c8\ufe0f Chuva Alta<\/div>\n  <\/div>\n\n  <!-- OUTONO -->\n  <div class=\"card-clima\">\n    <div class=\"estacao-nome\">\ud83c\udf42 Outono<\/div>\n    <span class=\"estacao-meses\">Mar &#8211; Mai<\/span>\n    <div class=\"temp-valor\">15-26\u00b0C<\/div>\n    <span class=\"temp-label\">Temperatura<\/span>\n    <div class=\"clima-desc\">Per\u00edodo da famosa <b>Osterfest<\/b> (P\u00e1scoa). O clima ameno \u00e9 perfeito para percorrer a hist\u00f3rica <b>Rota do Enxaimel<\/b>.<\/div>\n    <div class=\"tag-status\">\ud83e\udd68 Cultura<\/div>\n  <\/div>\n\n  <!-- INVERNO -->\n  <div class=\"card-clima\">\n    <div class=\"estacao-nome\">\ud83e\udde3 Inverno<\/div>\n    <span class=\"estacao-meses\">Jun &#8211; Ago<\/span>\n    <div class=\"temp-valor\">8-20\u00b0C<\/div>\n    <span class=\"temp-label\">Temperatura<\/span>\n    <div class=\"clima-desc\">Com chuvas baixas, a esta\u00e7\u00e3o convida para o <b>Festival Gastron\u00f4mico<\/b> e deliciosas noites de <b>fondues<\/b> alem\u00e3es.<\/div>\n    <div class=\"tag-status\">\u2600\ufe0f Tempo Seco<\/div>\n  <\/div>\n\n  <!-- PRIMAVERA -->\n  <div class=\"card-clima\">\n    <div class=\"estacao-nome\">\ud83c\udf38 Primavera<\/div>\n    <span class=\"estacao-meses\">Set &#8211; Nov<\/span>\n    <div class=\"temp-valor\">14-25\u00b0C<\/div>\n    <span class=\"temp-label\">Temperatura<\/span>\n    <div class=\"clima-desc\">A cidade fica encantadora com seus <b>jardins floridos<\/b>, sendo o clima ideal para passeios de <b>ciclismo<\/b> ao ar livre.<\/div>\n    <div class=\"tag-status\">\ud83c\udf3f Lazer<\/div>\n  <\/div>\n\n<\/div>\n\n\n\n\n<p><em>Temperaturas aproximadas com base no <a href=\"https:\/\/www.climatempo.com.br\/previsao-do-tempo\/cidade\/2165\/pomerode-sc\" target=\"_blank\" rel=\"noreferrer noopener\"><strong>Climatempo<\/strong><\/a>. Condi\u00e7\u00f5es podem variar.<\/em><\/p>\n\n\n\n<h2 class=\"wp-block-heading\">A cidade onde a Alemanha vive em ritmo brasileiro<\/h2>\n\n\n\n<p>Pomerode re\u00fane heran\u00e7a alem\u00e3 preservada, infraestrutura urbana de alto padr\u00e3o e o tipo de tranquilidade que poucas cidades brasileiras conseguem oferecer. \u00c9 o cotidiano da <strong>Pomer\u00e2nia<\/strong> antiga adaptado ao verde do <strong>Vale do Itaja\u00ed<\/strong>.<\/p>\n\n\n\n<p>Voc\u00ea precisa passar um fim de semana em Pomerode e descobrir como \u00e9 viver numa cidade brasileira onde o vizinho ainda diz Guten Morgen na padaria.<\/p>\n","protected":false},"excerpt":{"rendered":"<p>A 170 km de Florian\u00f3polis, no Vale do Itaja\u00ed, Pomerode guarda o cotidiano mais alem\u00e3o do Brasil. Cerca de oito em cada dez moradores falam o idioma fluentemente, e muitos ainda usam o dialeto pomerano, quase extinto na pr\u00f3pria Europa. Por que Pomerode \u00e9 considerada a mais alem\u00e3 das cidades brasileiras? Pomerode foi fundada em [&hellip;]<\/p>\n","protected":false},"author":8,"featured_media":235190,"comment_status":"open","ping_status":"open","sticky":false,"template":"","format":"standard","meta":{"_yoast_wpseo_focuskw":"cidade brasileira","_yoast_wpseo_title":"","_yoast_wpseo_metadesc":"Com 80% dos moradores sabendo falar em alem\u00e3o, essa cidade brasileira surpreende com dois recordes do Guinness.","jnews-multi-image_gallery":[],"jnews_single_post":{"format":"standard"},"jnews_primary_category":[],"jnews_social_meta":[],"jnews_override_counter":[],"footnotes":""},"categories":[1],"tags":[9270,851],"class_list":["post-235000","post","type-post","status-publish","format-standard","has-post-thumbnail","hentry","category-uncategorized","tag-pomerode","tag-santa-catarina"],"yoast_head":"<!-- This site is optimized with the Yoast SEO plugin v24.6 - https:\/\/yoast.com\/wordpress\/plugins\/seo\/ -->\n<title>A cidade brasileira onde 80% dos moradores falam alem\u00e3o e tem dois recordes do Guinness - Correio Braziliense - Radar<\/title>\n<meta name=\"description\" content=\"Com 80% dos moradores sabendo falar em alem\u00e3o, essa cidade brasileira surpreende com dois recordes do Guinness.\" \/>\n<meta name=\"robots\" content=\"index, follow, max-snippet:-1, max-image-preview:large, max-video-preview:-1\" \/>\n<link rel=\"canonical\" href=\"https:\/\/www.correiobraziliense.com.br\/cbradar\/a-cidade-brasileira-onde-80-dos-moradores-falam-alemao-e-tem-dois-recordes-do-guinness\/\" \/>\n<meta property=\"og:locale\" content=\"pt_BR\" \/>\n<meta property=\"og:type\" content=\"article\" \/>\n<meta property=\"og:title\" content=\"A cidade brasileira onde 80% dos moradores falam alem\u00e3o e tem dois recordes do Guinness - Correio Braziliense - Radar\" \/>\n<meta property=\"og:description\" content=\"Com 80% dos moradores sabendo falar em alem\u00e3o, essa cidade brasileira surpreende com dois recordes do Guinness.\" \/>\n<meta property=\"og:url\" content=\"https:\/\/www.correiobraziliense.com.br\/cbradar\/a-cidade-brasileira-onde-80-dos-moradores-falam-alemao-e-tem-dois-recordes-do-guinness\/\" \/>\n<meta property=\"og:site_name\" content=\"Correio Braziliense - Radar\" \/>\n<meta property=\"article:published_time\" content=\"2026-05-01T11:25:00+00:00\" \/>\n<meta property=\"og:image\" content=\"https:\/\/www.correiobraziliense.com.br\/cbradar\/wp-content\/uploads\/2026\/05\/aaa-2026-05-01T013610.090.png\" \/>\n\t<meta property=\"og:image:width\" content=\"1280\" \/>\n\t<meta property=\"og:image:height\" content=\"720\" \/>\n\t<meta property=\"og:image:type\" content=\"image\/png\" \/>\n<meta name=\"author\" content=\"Maura Pereira\" \/>\n<meta name=\"twitter:card\" content=\"summary_large_image\" \/>\n<meta name=\"twitter:label1\" content=\"Escrito por\" \/>\n\t<meta name=\"twitter:data1\" content=\"Maura Pereira\" \/>\n\t<meta name=\"twitter:label2\" content=\"Est. tempo de leitura\" \/>\n\t<meta name=\"twitter:data2\" content=\"6 minutos\" \/>\n<!-- \/ Yoast SEO plugin. -->","yoast_head_json":{"title":"A cidade brasileira onde 80% dos moradores falam alem\u00e3o e tem dois recordes do Guinness - Correio Braziliense - Radar","description":"Com 80% dos moradores sabendo falar em alem\u00e3o, essa cidade brasileira surpreende com dois recordes do Guinness.","robots":{"index":"index","follow":"follow","max-snippet":"max-snippet:-1","max-image-preview":"max-image-preview:large","max-video-preview":"max-video-preview:-1"},"canonical":"https:\/\/www.correiobraziliense.com.br\/cbradar\/a-cidade-brasileira-onde-80-dos-moradores-falam-alemao-e-tem-dois-recordes-do-guinness\/","og_locale":"pt_BR","og_type":"article","og_title":"A cidade brasileira onde 80% dos moradores falam alem\u00e3o e tem dois recordes do Guinness - Correio Braziliense - Radar","og_description":"Com 80% dos moradores sabendo falar em alem\u00e3o, essa cidade brasileira surpreende com dois recordes do Guinness.","og_url":"https:\/\/www.correiobraziliense.com.br\/cbradar\/a-cidade-brasileira-onde-80-dos-moradores-falam-alemao-e-tem-dois-recordes-do-guinness\/","og_site_name":"Correio Braziliense - Radar","article_published_time":"2026-05-01T11:25:00+00:00","og_image":[{"width":1280,"height":720,"url":"https:\/\/www.correiobraziliense.com.br\/cbradar\/wp-content\/uploads\/2026\/05\/aaa-2026-05-01T013610.090.png","type":"image\/png"}],"author":"Maura Pereira","twitter_card":"summary_large_image","twitter_misc":{"Escrito por":"Maura Pereira","Est. tempo de leitura":"6 minutos"},"schema":{"@context":"https:\/\/schema.org","@graph":[{"@type":"WebPage","@id":"https:\/\/www.correiobraziliense.com.br\/cbradar\/a-cidade-brasileira-onde-80-dos-moradores-falam-alemao-e-tem-dois-recordes-do-guinness\/","url":"https:\/\/www.correiobraziliense.com.br\/cbradar\/a-cidade-brasileira-onde-80-dos-moradores-falam-alemao-e-tem-dois-recordes-do-guinness\/","name":"A cidade brasileira onde 80% dos moradores falam alem\u00e3o e tem dois recordes do Guinness - Correio Braziliense - Radar","isPartOf":{"@id":"https:\/\/www.correiobraziliense.com.br\/cbradar\/#website"},"primaryImageOfPage":{"@id":"https:\/\/www.correiobraziliense.com.br\/cbradar\/a-cidade-brasileira-onde-80-dos-moradores-falam-alemao-e-tem-dois-recordes-do-guinness\/#primaryimage"},"image":{"@id":"https:\/\/www.correiobraziliense.com.br\/cbradar\/a-cidade-brasileira-onde-80-dos-moradores-falam-alemao-e-tem-dois-recordes-do-guinness\/#primaryimage"},"thumbnailUrl":"https:\/\/www.correiobraziliense.com.br\/cbradar\/wp-content\/uploads\/2026\/05\/aaa-2026-05-01T013610.090.png","datePublished":"2026-05-01T11:25:00+00:00","author":{"@id":"https:\/\/www.correiobraziliense.com.br\/cbradar\/#\/schema\/person\/4053c651a9bfc785afc6f4cbc9032fd3"},"description":"Com 80% dos moradores sabendo falar em alem\u00e3o, essa cidade brasileira surpreende com dois recordes do Guinness.","breadcrumb":{"@id":"https:\/\/www.correiobraziliense.com.br\/cbradar\/a-cidade-brasileira-onde-80-dos-moradores-falam-alemao-e-tem-dois-recordes-do-guinness\/#breadcrumb"},"inLanguage":"pt-BR","potentialAction":[{"@type":"ReadAction","target":["https:\/\/www.correiobraziliense.com.br\/cbradar\/a-cidade-brasileira-onde-80-dos-moradores-falam-alemao-e-tem-dois-recordes-do-guinness\/"]}]},{"@type":"ImageObject","inLanguage":"pt-BR","@id":"https:\/\/www.correiobraziliense.com.br\/cbradar\/a-cidade-brasileira-onde-80-dos-moradores-falam-alemao-e-tem-dois-recordes-do-guinness\/#primaryimage","url":"https:\/\/www.correiobraziliense.com.br\/cbradar\/wp-content\/uploads\/2026\/05\/aaa-2026-05-01T013610.090.png","contentUrl":"https:\/\/www.correiobraziliense.com.br\/cbradar\/wp-content\/uploads\/2026\/05\/aaa-2026-05-01T013610.090.png","width":1280,"height":720,"caption":"Florian\u00f3polis, no Vale do Itaja\u00ed, Pomerode guarda o cotidiano mais alem\u00e3o do Brasil. \/ Imagem ilustrativa"},{"@type":"BreadcrumbList","@id":"https:\/\/www.correiobraziliense.com.br\/cbradar\/a-cidade-brasileira-onde-80-dos-moradores-falam-alemao-e-tem-dois-recordes-do-guinness\/#breadcrumb","itemListElement":[{"@type":"ListItem","position":1,"name":"In\u00edcio","item":"https:\/\/www.correiobraziliense.com.br\/cbradar\/"},{"@type":"ListItem","position":2,"name":"A cidade brasileira onde 80% dos moradores falam alem\u00e3o e tem dois recordes do Guinness"}]},{"@type":"WebSite","@id":"https:\/\/www.correiobraziliense.com.br\/cbradar\/#website","url":"https:\/\/www.correiobraziliense.com.br\/cbradar\/","name":"Correio Braziliense - Radar","description":"Acompanhe as \u00faltimas not\u00edcias e fique bem informado sobre tudo o que acontece no Brasil e no mundo.","potentialAction":[{"@type":"SearchAction","target":{"@type":"EntryPoint","urlTemplate":"https:\/\/www.correiobraziliense.com.br\/cbradar\/?s={search_term_string}"},"query-input":{"@type":"PropertyValueSpecification","valueRequired":true,"valueName":"search_term_string"}}],"inLanguage":"pt-BR"},{"@type":"Person","@id":"https:\/\/www.correiobraziliense.com.br\/cbradar\/#\/schema\/person\/4053c651a9bfc785afc6f4cbc9032fd3","name":"Maura Pereira","image":{"@type":"ImageObject","inLanguage":"pt-BR","@id":"https:\/\/www.correiobraziliense.com.br\/cbradar\/#\/schema\/person\/image\/","url":"https:\/\/secure.gravatar.com\/avatar\/3effd6bdadfa447f15089c7f7144eaa6?s=96&d=mm&r=g","contentUrl":"https:\/\/secure.gravatar.com\/avatar\/3effd6bdadfa447f15089c7f7144eaa6?s=96&d=mm&r=g","caption":"Maura Pereira"},"sameAs":["https:\/\/www.correiobraziliense.com.br\/"],"url":"https:\/\/www.correiobraziliense.com.br\/cbradar\/author\/mauramyth\/"}]}},"_links":{"self":[{"href":"https:\/\/www.correiobraziliense.com.br\/cbradar\/wp-json\/wp\/v2\/posts\/235000","targetHints":{"allow":["GET"]}}],"collection":[{"href":"https:\/\/www.correiobraziliense.com.br\/cbradar\/wp-json\/wp\/v2\/posts"}],"about":[{"href":"https:\/\/www.correiobraziliense.com.br\/cbradar\/wp-json\/wp\/v2\/types\/post"}],"author":[{"embeddable":true,"href":"https:\/\/www.correiobraziliense.com.br\/cbradar\/wp-json\/wp\/v2\/users\/8"}],"replies":[{"embeddable":true,"href":"https:\/\/www.correiobraziliense.com.br\/cbradar\/wp-json\/wp\/v2\/comments?post=235000"}],"version-history":[{"count":9,"href":"https:\/\/www.correiobraziliense.com.br\/cbradar\/wp-json\/wp\/v2\/posts\/235000\/revisions"}],"predecessor-version":[{"id":235191,"href":"https:\/\/www.correiobraziliense.com.br\/cbradar\/wp-json\/wp\/v2\/posts\/235000\/revisions\/235191"}],"wp:featuredmedia":[{"embeddable":true,"href":"https:\/\/www.correiobraziliense.com.br\/cbradar\/wp-json\/wp\/v2\/media\/235190"}],"wp:attachment":[{"href":"https:\/\/www.correiobraziliense.com.br\/cbradar\/wp-json\/wp\/v2\/media?parent=235000"}],"wp:term":[{"taxonomy":"category","embeddable":true,"href":"https:\/\/www.correiobraziliense.com.br\/cbradar\/wp-json\/wp\/v2\/categories?post=235000"},{"taxonomy":"post_tag","embeddable":true,"href":"https:\/\/www.correiobraziliense.com.br\/cbradar\/wp-json\/wp\/v2\/tags?post=235000"}],"curies":[{"name":"wp","href":"https:\/\/api.w.org\/{rel}","templated":true}]}}