{"id":235001,"date":"2026-05-01T10:25:00","date_gmt":"2026-05-01T13:25:00","guid":{"rendered":"https:\/\/www.correiobraziliense.com.br\/cbradar\/?p=235001"},"modified":"2026-05-01T01:47:39","modified_gmt":"2026-05-01T04:47:39","slug":"com-o-time-mais-vitorioso-do-basquete-no-brasil-a-capital-nacional-do-calcado-produz-1-em-cada-3-calcados-masculinos-do-pais","status":"publish","type":"post","link":"https:\/\/www.correiobraziliense.com.br\/cbradar\/com-o-time-mais-vitorioso-do-basquete-no-brasil-a-capital-nacional-do-calcado-produz-1-em-cada-3-calcados-masculinos-do-pais\/","title":{"rendered":"Com o time mais vitorioso do basquete no Brasil, a Capital Nacional do Cal\u00e7ado produz 1 em cada 3 cal\u00e7ados masculinos do pa\u00eds"},"content":{"rendered":"\n<p>A 400 km da capital, no extremo nordeste de <strong>S\u00e3o Paulo<\/strong>, <strong>Franca<\/strong> mant\u00e9m duas identidades raras de combinar. \u00c9 a <strong>Capital Nacional do Cal\u00e7ado <\/strong>e a <strong>Capital Nacional do Basquete<\/strong>, com 352 mil habitantes e IDHM 0,780.<\/p>\n\n\n\n<h2 class=\"wp-block-heading\">Por que Franca virou o cora\u00e7\u00e3o do cal\u00e7ado e do basquete brasileiro?<\/h2>\n\n\n\n<p>A voca\u00e7\u00e3o cal\u00e7adista come\u00e7ou no s\u00e9culo XIX, quando a qualidade do couro local se uniu \u00e0 habilidade de artes\u00e3os formados pela imigra\u00e7\u00e3o italiana. Hoje, segundo a <a href=\"https:\/\/auf.pdui.sp.gov.br\/?page_id=127\" target=\"_blank\" rel=\"noreferrer noopener\"><strong>Aglomera\u00e7\u00e3o Urbana de Franca (AUF)<\/strong><\/a>, a regi\u00e3o \u00e9 a maior produtora de cal\u00e7ados do <strong>Brasil<\/strong> e da <strong>Am\u00e9rica Latina<\/strong>.<\/p>\n\n\n\n<p>S\u00e3o mais de mil ind\u00fastrias do setor, com marcas como <strong>Ferracini<\/strong>, <strong>Carmen Steffens<\/strong>, <strong>Calvest<\/strong> e <strong>Cal\u00e7ados Netto<\/strong> exportando para <strong>Estados Unidos<\/strong>, <strong>Europa<\/strong> e <strong>\u00c1sia<\/strong>.<\/p>\n\n\n\n<p>O basquete chegou em 1959 pelas m\u00e3os do educador f\u00edsico <strong>Pedro Murilla Fuentes<\/strong>, o Pedroca. Segundo o <a href=\"https:\/\/www.francabasquete.com.br\/sobre\" target=\"_blank\" rel=\"noreferrer noopener\"><strong>Sesi Franca Basquete<\/strong><\/a>, o clube acumula 15 t\u00edtulos brasileiros, 17 paulistas e foi campe\u00e3o mundial Intercontinental FIBA em 2023.<\/p>\n\n\n<div class=\"wp-block-image\">\n<figure class=\"aligncenter size-large\"><img decoding=\"async\" width=\"1024\" height=\"576\" src=\"https:\/\/www.correiobraziliense.com.br\/cbradar\/wp-content\/uploads\/2025\/12\/canva-31-1024x576.png\" alt=\"A cidade do interior refer\u00eancia em cal\u00e7ado e basquete que est\u00e1 conquistando quem busca oportunidades e ama esportes\" class=\"wp-image-161226\" srcset=\"https:\/\/www.correiobraziliense.com.br\/cbradar\/wp-content\/uploads\/2025\/12\/canva-31-1024x576.png 1024w, https:\/\/www.correiobraziliense.com.br\/cbradar\/wp-content\/uploads\/2025\/12\/canva-31-300x169.png 300w, https:\/\/www.correiobraziliense.com.br\/cbradar\/wp-content\/uploads\/2025\/12\/canva-31-768x432.png 768w, https:\/\/www.correiobraziliense.com.br\/cbradar\/wp-content\/uploads\/2025\/12\/canva-31-750x422.png 750w, https:\/\/www.correiobraziliense.com.br\/cbradar\/wp-content\/uploads\/2025\/12\/canva-31-1140x641.png 1140w, https:\/\/www.correiobraziliense.com.br\/cbradar\/wp-content\/uploads\/2025\/12\/canva-31.png 1280w\" sizes=\"(max-width: 1024px) 100vw, 1024px\" \/><figcaption class=\"wp-element-caption\"> Em Franca, SP, explore f\u00e1bricas de t\u00eanis, pra\u00e7as charmosas e feiras gastron\u00f4micas com vibe mineira super acolhedora e divertida.  \/\/ Cr\u00e9ditos: Wikip\u00e9dia<\/figcaption><\/figure><\/div>\n\n\n<h2 class=\"wp-block-heading\">Como \u00e9 o cotidiano de quem vive na cidade do cal\u00e7ado?<\/h2>\n\n\n\n<p>O dia em Franca come\u00e7a cedo. A ind\u00fastria cal\u00e7adista emprega dezenas de milhares de pessoas e movimenta o ritmo dos bairros desde as primeiras horas. A cidade tem, segundo o IBGE, cerca de 352.536 moradores e PIB per capita de R$ 31.450.<\/p>\n\n\n\n<p>O saneamento b\u00e1sico \u00e9 refer\u00eancia nacional, com cobertura pr\u00f3xima de 100%. A cidade aparece em segundo lugar no ranking do \u00cdndice de Desafios da Gest\u00e3o Municipal (IDGM) 2024 entre as melhores do pa\u00eds em qualidade de vida.<\/p>\n\n\n\n<p>O custo de vida \u00e9 mais acess\u00edvel que em <strong>Ribeir\u00e3o Preto<\/strong> ou na capital, e a rotina urbana mant\u00e9m o ritmo do interior, com tr\u00e1fego leve e deslocamentos curtos.<\/p>\n\n\n\n<p><strong>Franca exibe um planejamento urbano que se destaca no interior paulista. <\/strong>O v\u00eddeo \u00e9 do canal <strong>Renato Rezende Drones<\/strong>, com mais de<strong> 11 mil inscritos<\/strong>, e detalha a organiza\u00e7\u00e3o, as belas avenidas e a infraestrutura da cidade:<\/p>\n\n\n\n<figure class=\"wp-block-embed aligncenter is-type-video is-provider-youtube wp-block-embed-youtube wp-embed-aspect-16-9 wp-has-aspect-ratio\"><div class=\"wp-block-embed__wrapper\">\n<div class=\"jeg_video_container jeg_video_content\"><iframe loading=\"lazy\" title=\"Franca SP - Ah, se toda cidade fosse assim!!!\" width=\"500\" height=\"281\" src=\"https:\/\/www.youtube.com\/embed\/NHbMbsjL9jE?feature=oembed\" frameborder=\"0\" allow=\"accelerometer; autoplay; clipboard-write; encrypted-media; gyroscope; picture-in-picture; web-share\" referrerpolicy=\"strict-origin-when-cross-origin\" allowfullscreen><\/iframe><\/div>\n<\/div><\/figure>\n\n\n\n<h2 class=\"wp-block-heading\">Quais bairros s\u00e3o os mais procurados pelos moradores?<\/h2>\n\n\n\n<p>A escolha depende do estilo de vida desejado. As regi\u00f5es mais valorizadas combinam infraestrutura comercial, acesso a parques e proximidade dos polos de sa\u00fade e educa\u00e7\u00e3o.<\/p>\n\n\n\n<ul class=\"wp-block-list\">\n<li><strong>Centro<\/strong>: concentra o com\u00e9rcio tradicional, a Catedral Nossa Senhora da Concei\u00e7\u00e3o e o Cal\u00e7ad\u00e3o de Franca.<\/li>\n\n\n\n<li><strong>Cidade Nova<\/strong>: bairro residencial valorizado, com avenidas largas e proximidade do <strong>Shopping do Cal\u00e7ado<\/strong>.<\/li>\n\n\n\n<li><strong>Jardim Aeroporto<\/strong>: \u00e1rea nobre com casas amplas, condom\u00ednios fechados e vista para o cerrado da Alta Mogiana.<\/li>\n\n\n\n<li><strong>S\u00e3o Jos\u00e9<\/strong>: tradicional, com forte vida de bairro e f\u00e1cil acesso ao Gin\u00e1sio Pedroc\u00e3o.<\/li>\n<\/ul>\n\n\n\n<h2 class=\"wp-block-heading\">O Sesi Franca e a paix\u00e3o que transforma a rotina da cidade<\/h2>\n\n\n\n<p>Em dia de jogo, o <strong>Gin\u00e1sio Pedroc\u00e3o<\/strong> dita o humor da cidade. O gin\u00e1sio \u00e9 a casa do clube mais vitorioso do basquete brasileiro, com 48 t\u00edtulos oficiais entre estaduais, nacionais e internacionais.<\/p>\n\n\n\n<p>O Sesi Franca foi tetracampe\u00e3o consecutivo do Novo Basquete Brasil (NBB) em 2022, 2023, 2024 e 2025. A categoria de base do clube forma jogadores que abastecem times de todo o pa\u00eds e a sele\u00e7\u00e3o brasileira.<\/p>\n\n\n\n<p>O fen\u00f4meno transforma a economia local. Bares, restaurantes e o com\u00e9rcio do entorno do Pedroc\u00e3o organizam o calend\u00e1rio em torno do mando de quadra francano.<\/p>\n\n\n<div class=\"wp-block-image\">\n<figure class=\"aligncenter size-large\"><img decoding=\"async\" width=\"1024\" height=\"576\" src=\"https:\/\/www.correiobraziliense.com.br\/cbradar\/wp-content\/uploads\/2025\/12\/canva-29-1024x576.png\" alt=\"A &quot;Capital do Cal\u00e7ado&quot; no interior de SP \u00e9 refer\u00eancia em ind\u00fastria de moda e conquista quem busca oportunidades e ama esportes\" class=\"wp-image-161224\" srcset=\"https:\/\/www.correiobraziliense.com.br\/cbradar\/wp-content\/uploads\/2025\/12\/canva-29-1024x576.png 1024w, https:\/\/www.correiobraziliense.com.br\/cbradar\/wp-content\/uploads\/2025\/12\/canva-29-300x169.png 300w, https:\/\/www.correiobraziliense.com.br\/cbradar\/wp-content\/uploads\/2025\/12\/canva-29-768x432.png 768w, https:\/\/www.correiobraziliense.com.br\/cbradar\/wp-content\/uploads\/2025\/12\/canva-29-750x422.png 750w, https:\/\/www.correiobraziliense.com.br\/cbradar\/wp-content\/uploads\/2025\/12\/canva-29-1140x641.png 1140w, https:\/\/www.correiobraziliense.com.br\/cbradar\/wp-content\/uploads\/2025\/12\/canva-29.png 1280w\" sizes=\"(max-width: 1024px) 100vw, 1024px\" \/><figcaption class=\"wp-element-caption\">Viva o dinamismo de Franca: cal\u00e7ados ic\u00f4nicos, caf\u00e9s hist\u00f3ricos e progresso que motivam empreendedores a conquistarem o mundo. \/\/ Cr\u00e9ditos: Wikip\u00e9dia<\/figcaption><\/figure><\/div>\n\n\n<h2 class=\"wp-block-heading\">O que fazer no fim de semana sem sair da cidade?<\/h2>\n\n\n\n<p>O lazer francano combina natureza, hist\u00f3ria e gastronomia. A altitude de mais de 1.000 metros oferece dias ensolarados e noites frescas a poucos minutos do centro.<\/p>\n\n\n\n<ul class=\"wp-block-list\">\n<li><strong>Parque Municipal Brazilina Braga Ferreira<\/strong>: extensa \u00e1rea verde com trilhas, lago central e espa\u00e7os para piquenique.<\/li>\n\n\n\n<li><strong>Museu Hist\u00f3rico Jos\u00e9 Chiachiri<\/strong>: preserva a hist\u00f3ria local e do desenvolvimento da ind\u00fastria cal\u00e7adista.<\/li>\n\n\n\n<li><strong>Feira do Produtor Rural<\/strong>: p\u00e3o de queijo, caf\u00e9 da Alta Mogiana e produtos coloniais aos fins de semana.<\/li>\n\n\n\n<li><strong>Catedral Nossa Senhora da Concei\u00e7\u00e3o<\/strong>: arquitetura neog\u00f3tica imponente no centro da cidade.<\/li>\n\n\n\n<li><strong>Lojas de f\u00e1brica<\/strong>: bairros industriais oferecem cal\u00e7ados direto do fabricante a pre\u00e7os abaixo do varejo.<\/li>\n<\/ul>\n\n\n\n<h2 class=\"wp-block-heading\">Onde comer comida de fazendeiro e caf\u00e9 especial?<\/h2>\n\n\n\n<p>A culin\u00e1ria francana mistura tradi\u00e7\u00e3o mineira, paulista e a cultura cafeeira da Alta Mogiana. Pratos fartos, caf\u00e9 forte e doces caseiros marcam a mesa local.<\/p>\n\n\n\n<ul class=\"wp-block-list\">\n<li><strong>P\u00e3o de queijo de fazenda<\/strong>: feito com queijo da regi\u00e3o, \u00e9 parada obrigat\u00f3ria nas feiras e padarias tradicionais.<\/li>\n\n\n\n<li><strong>Comida mineira<\/strong>: tutu, frango com quiabo e leit\u00e3o \u00e0 pururuca aparecem em menus de restaurantes do centro.<\/li>\n\n\n\n<li><strong>Caf\u00e9 especial da Alta Mogiana<\/strong>: gr\u00e3os premiados internacionalmente, servidos em cafeterias do centro.<\/li>\n\n\n\n<li><strong>Doce de leite e queijos coloniais<\/strong>: produzidos em fazendas da regi\u00e3o e vendidos diretamente aos finais de semana.<\/li>\n<\/ul>\n\n\n\n<p><strong>Leia tamb\u00e9m: <a href=\"https:\/\/www.correiobraziliense.com.br\/cbradar\/a-capital-do-agro-que-voce-ainda-nao-conhece-guarda-um-circuito-com-9-cachoeiras-e-quedas-dagua-a-55-km-do-centro\/\" target=\"_blank\" rel=\"noreferrer noopener\">A \u201cCapital do Agro\u201d que voc\u00ea ainda n\u00e3o conhece guarda um circuito com 9 cachoeiras e quedas d\u2019\u00e1gua a 55 km do centro.<\/a><\/strong><\/p>\n\n\n<div class=\"wp-block-image\">\n<figure class=\"aligncenter size-large\"><img decoding=\"async\" width=\"1024\" height=\"576\" src=\"https:\/\/www.correiobraziliense.com.br\/cbradar\/wp-content\/uploads\/2025\/12\/canva-28-1024x576.png\" alt=\"A cidade do interior refer\u00eancia em cal\u00e7ado e basquete que est\u00e1 conquistando quem busca oportunidades e ama esportes\" class=\"wp-image-161223\" srcset=\"https:\/\/www.correiobraziliense.com.br\/cbradar\/wp-content\/uploads\/2025\/12\/canva-28-1024x576.png 1024w, https:\/\/www.correiobraziliense.com.br\/cbradar\/wp-content\/uploads\/2025\/12\/canva-28-300x169.png 300w, https:\/\/www.correiobraziliense.com.br\/cbradar\/wp-content\/uploads\/2025\/12\/canva-28-768x432.png 768w, https:\/\/www.correiobraziliense.com.br\/cbradar\/wp-content\/uploads\/2025\/12\/canva-28-750x422.png 750w, https:\/\/www.correiobraziliense.com.br\/cbradar\/wp-content\/uploads\/2025\/12\/canva-28-1140x641.png 1140w, https:\/\/www.correiobraziliense.com.br\/cbradar\/wp-content\/uploads\/2025\/12\/canva-28.png 1280w\" sizes=\"(max-width: 1024px) 100vw, 1024px\" \/><figcaption class=\"wp-element-caption\">Viva o dinamismo de Franca: cal\u00e7ados ic\u00f4nicos, caf\u00e9s hist\u00f3ricos e progresso que motivam empreendedores a conquistarem o mundo. \/\/ Cr\u00e9ditos: Wikip\u00e9dia<\/figcaption><\/figure><\/div>\n\n\n<h2 class=\"wp-block-heading\">Como o clima de altitude define o dia a dia?<\/h2>\n\n\n\n<p>Franca est\u00e1 a mais de 1.040 metros de altitude, o que rende o clima tropical de altitude com esta\u00e7\u00f5es bem marcadas. O calor extremo \u00e9 raro, e o inverno seco favorece a vida ao ar livre.<\/p>\n\n\n\n<style>\n  \/* --- CONTAINER BLINDADO (PADR\u00c3O REGISTRADO) --- *\/\n  .clima-grid-final {\n    font-family: -apple-system, BlinkMacSystemFont, \"Segoe UI\", Roboto, Arial, sans-serif !important;\n    width: 100% !important;\n    max-width: 1200px !important;\n    margin: 20px auto !important;\n    display: grid !important;\n    \/* FOR\u00c7A 4 COLUNAS NO DESKTOP PARA AS 4 ESTA\u00c7\u00d5ES *\/\n    grid-template-columns: repeat(4, 1fr) !important; \n    gap: 15px !important;\n    box-sizing: border-box !important;\n  }\n\n  .clima-grid-final * {\n    box-sizing: border-box !important;\n  }\n\n  \/* --- BLINDAGEM CONTRA ADS E PLUGINS INTRUSOS --- *\/\n  .clima-grid-final > :not(.card-clima) {\n    display: none !important;\n    width: 0 !important;\n    height: 0 !important;\n    opacity: 0 !important;\n  }\n\n  \/* --- CARD PADR\u00c3O (FUNDO BRANCO) --- *\/\n  .card-clima {\n    background: #ffffff !important;\n    border: 1px solid #e0e0e0 !important;\n    border-radius: 20px !important;\n    padding: 20px 10px !important;\n    text-align: center !important;\n    display: flex !important;\n    flex-direction: column !important;\n    align-items: center !important;\n    box-shadow: 0 4px 10px rgba(0, 0, 0, 0.05) !important;\n    min-width: 0 !important; \n    transition: transform 0.2s ease !important;\n    overflow: hidden !important;\n    height: 100% !important;\n  }\n\n  .card-clima:hover {\n    transform: translateY(-5px) !important;\n    border-color: #000000 !important;\n  }\n\n  \/* --- CONTE\u00daDO --- *\/\n  .estacao-nome { \n    font-size: 14px !important; \n    font-weight: 800 !important; \n    color: #000000 !important; \n    text-transform: uppercase !important; \n    margin: 0 0 5px 0 !important; \n  }\n  \n  .estacao-meses { \n    font-size: 10px !important; \n    font-weight: 700 !important; \n    color: #444444 !important; \n    text-transform: uppercase !important; \n    margin-bottom: 15px !important; \n    display: block !important;\n  }\n  \n  .temp-valor { \n    font-size: 24px !important; \n    font-weight: 800 !important; \n    color: #000000 !important; \n    line-height: 1.1 !important; \n    margin: 0 !important;\n  }\n  \n  .temp-label { \n    font-size: 9px !important; \n    font-weight: 600 !important; \n    color: #777777 !important; \n    text-transform: uppercase !important; \n    margin-bottom: 15px !important; \n    display: block !important;\n  }\n  \n  .clima-desc { \n    font-size: 12px !important; \n    line-height: 1.4 !important; \n    color: #333333 !important; \n    margin-bottom: 15px !important; \n    flex-grow: 1 !important; \n  }\n\n  .tag-status {\n    background-color: #f5f5f5 !important;\n    border: 1px solid #d0d0d0 !important;\n    color: #000000 !important;\n    padding: 5px 12px !important;\n    border-radius: 20px !important;\n    font-size: 9px !important;\n    font-weight: 800 !important;\n    text-transform: uppercase !important;\n    margin-top: auto !important;\n  }\n\n  \/* --- RESPONSIVIDADE --- *\/\n  @media (max-width: 800px) {\n    .clima-grid-final {\n      grid-template-columns: 1fr !important; \n    }\n    .card-clima {\n      padding: 25px 20px !important;\n    }\n  }\n<\/style>\n\n<div class=\"google-auto-ads-ignore clima-grid-final\">\n  \n  <!-- VER\u00c3O -->\n  <div class=\"card-clima\">\n    <div class=\"estacao-nome\">\u2600\ufe0f Ver\u00e3o<\/div>\n    <span class=\"estacao-meses\">Dez &#8211; Fev<\/span>\n    <div class=\"temp-valor\">18-29\u00b0C<\/div>\n    <span class=\"temp-label\">Temperatura<\/span>\n    <div class=\"clima-desc\">Aproveite os <b>parques pela manh\u00e3<\/b> para evitar as chuvas intensas da tarde e curtir o calor da esta\u00e7\u00e3o.<\/div>\n    <div class=\"tag-status\">\u26c8\ufe0f Chuva Alta<\/div>\n  <\/div>\n\n  <!-- OUTONO -->\n  <div class=\"card-clima\">\n    <div class=\"estacao-nome\">\ud83c\udf42 Outono<\/div>\n    <span class=\"estacao-meses\">Mar &#8211; Mai<\/span>\n    <div class=\"temp-valor\">14-26\u00b0C<\/div>\n    <span class=\"temp-label\">Temperatura<\/span>\n    <div class=\"clima-desc\">Com chuvas moderadas e clima ameno, a pedida \u00e9 visitar bons <b>caf\u00e9s e museus<\/b> locais.<\/div>\n    <div class=\"tag-status\">\ud83c\udf26\ufe0f Chuva M\u00e9dia<\/div>\n  <\/div>\n\n  <!-- INVERNO -->\n  <div class=\"card-clima\">\n    <div class=\"estacao-nome\">\ud83e\udde3 Inverno<\/div>\n    <span class=\"estacao-meses\">Jun &#8211; Ago<\/span>\n    <div class=\"temp-valor\">10-24\u00b0C<\/div>\n    <span class=\"temp-label\">Temperatura<\/span>\n    <div class=\"clima-desc\">Esta\u00e7\u00e3o seca ideal para grandes eventos como a <b>feira agropecu\u00e1ria<\/b> e prestigiar os <b>jogos do Sesi<\/b>.<\/div>\n    <div class=\"tag-status\">\u2600\ufe0f Tempo Seco<\/div>\n  <\/div>\n\n  <!-- PRIMAVERA -->\n  <div class=\"card-clima\">\n    <div class=\"estacao-nome\">\ud83c\udf38 Primavera<\/div>\n    <span class=\"estacao-meses\">Set &#8211; Nov<\/span>\n    <div class=\"temp-valor\">15-28\u00b0C<\/div>\n    <span class=\"temp-label\">Temperatura<\/span>\n    <div class=\"clima-desc\">O retorno das flores traz o cen\u00e1rio perfeito para praticar <b>ciclismo<\/b> e fazer <b>compras de f\u00e1brica<\/b>.<\/div>\n    <div class=\"tag-status\">\ud83d\udecd\ufe0f Polo Industrial<\/div>\n  <\/div>\n\n<\/div>\n\n\n\n<p><em>Temperaturas aproximadas com base no <a href=\"https:\/\/www.climatempo.com.br\/previsao-do-tempo\/cidade\/443\/franca-sp\" target=\"_blank\" rel=\"noreferrer noopener\"><strong>Climatempo<\/strong><\/a>. Condi\u00e7\u00f5es podem variar.<\/em><\/p>\n\n\n\n<h2 class=\"wp-block-heading\">Como chegar \u00e0 cidade da Alta Mogiana?<\/h2>\n\n\n\n<p>Franca fica a 400 km de <strong>S\u00e3o Paulo<\/strong> pela <strong>Rodovia Anhanguera (BR-050)<\/strong>, cerca de 5 horas de carro. <strong>Ribeir\u00e3o Preto<\/strong> est\u00e1 a 100 km e o sul de <strong>Minas Gerais<\/strong> faz fronteira com o munic\u00edpio.<\/p>\n\n\n\n<p>O aeroporto regional Tenente Lund Presotto opera voos comerciais limitados. Para deslocamentos longos, o aeroporto de Ribeir\u00e3o Preto \u00e9 o mais utilizado pelos moradores.<\/p>\n\n\n\n<h2 class=\"wp-block-heading\">Conhe\u00e7a a cidade que ergueu duas capitais nacionais ao mesmo tempo<\/h2>\n\n\n\n<p>Franca cresceu como poucas cidades do interior paulista: ind\u00fastria pujante, esporte vitorioso e um dia a dia que mant\u00e9m a calma do campo com os servi\u00e7os de uma metr\u00f3pole. \u00c9 a cidade onde o cheiro de caf\u00e9 se mistura ao couro das f\u00e1bricas.<\/p>\n\n\n\n<p>Voc\u00ea precisa conhecer Franca e sentir o ritmo de uma cidade que cresce sem perder a calma do interior.<\/p>\n","protected":false},"excerpt":{"rendered":"<p>A 400 km da capital, no extremo nordeste de S\u00e3o Paulo, Franca mant\u00e9m duas identidades raras de combinar. \u00c9 a Capital Nacional do Cal\u00e7ado e a Capital Nacional do Basquete, com 352 mil habitantes e IDHM 0,780. Por que Franca virou o cora\u00e7\u00e3o do cal\u00e7ado e do basquete brasileiro? A voca\u00e7\u00e3o cal\u00e7adista come\u00e7ou no s\u00e9culo [&hellip;]<\/p>\n","protected":false},"author":8,"featured_media":235198,"comment_status":"open","ping_status":"open","sticky":false,"template":"","format":"standard","meta":{"_yoast_wpseo_focuskw":"cidade","_yoast_wpseo_title":"","_yoast_wpseo_metadesc":"Entre f\u00e1bricas e quadras, nasce a cidade que produz 1 em cada 3 cal\u00e7ados masculinos e domina o basquete brasileiro.","jnews-multi-image_gallery":[],"jnews_single_post":{"format":"standard"},"jnews_primary_category":[],"jnews_social_meta":[],"jnews_override_counter":[],"footnotes":""},"categories":[1],"tags":[13094,278],"class_list":["post-235001","post","type-post","status-publish","format-standard","has-post-thumbnail","hentry","category-uncategorized","tag-franca-3","tag-sao-paulo"],"yoast_head":"<!-- This site is optimized with the Yoast SEO plugin v24.6 - https:\/\/yoast.com\/wordpress\/plugins\/seo\/ -->\n<title>Com o time mais vitorioso do basquete no Brasil, a Capital Nacional do Cal\u00e7ado produz 1 em cada 3 cal\u00e7ados masculinos do pa\u00eds - Correio Braziliense - Radar<\/title>\n<meta name=\"description\" content=\"Entre f\u00e1bricas e quadras, nasce a cidade que produz 1 em cada 3 cal\u00e7ados masculinos e domina o basquete brasileiro.\" \/>\n<meta name=\"robots\" content=\"index, follow, max-snippet:-1, max-image-preview:large, max-video-preview:-1\" \/>\n<link rel=\"canonical\" href=\"https:\/\/www.correiobraziliense.com.br\/cbradar\/com-o-time-mais-vitorioso-do-basquete-no-brasil-a-capital-nacional-do-calcado-produz-1-em-cada-3-calcados-masculinos-do-pais\/\" \/>\n<meta property=\"og:locale\" content=\"pt_BR\" \/>\n<meta property=\"og:type\" content=\"article\" \/>\n<meta property=\"og:title\" content=\"Com o time mais vitorioso do basquete no Brasil, a Capital Nacional do Cal\u00e7ado produz 1 em cada 3 cal\u00e7ados masculinos do pa\u00eds - Correio Braziliense - Radar\" \/>\n<meta property=\"og:description\" content=\"Entre f\u00e1bricas e quadras, nasce a cidade que produz 1 em cada 3 cal\u00e7ados masculinos e domina o basquete brasileiro.\" \/>\n<meta property=\"og:url\" content=\"https:\/\/www.correiobraziliense.com.br\/cbradar\/com-o-time-mais-vitorioso-do-basquete-no-brasil-a-capital-nacional-do-calcado-produz-1-em-cada-3-calcados-masculinos-do-pais\/\" \/>\n<meta property=\"og:site_name\" content=\"Correio Braziliense - Radar\" \/>\n<meta property=\"article:published_time\" content=\"2026-05-01T13:25:00+00:00\" \/>\n<meta property=\"og:image\" content=\"https:\/\/www.correiobraziliense.com.br\/cbradar\/wp-content\/uploads\/2026\/05\/aaa-2026-05-01T014712.041.png\" \/>\n\t<meta property=\"og:image:width\" content=\"1280\" \/>\n\t<meta property=\"og:image:height\" content=\"720\" \/>\n\t<meta property=\"og:image:type\" content=\"image\/png\" \/>\n<meta name=\"author\" content=\"Maura Pereira\" \/>\n<meta name=\"twitter:card\" content=\"summary_large_image\" \/>\n<meta name=\"twitter:label1\" content=\"Escrito por\" \/>\n\t<meta name=\"twitter:data1\" content=\"Maura Pereira\" \/>\n\t<meta name=\"twitter:label2\" content=\"Est. tempo de leitura\" \/>\n\t<meta name=\"twitter:data2\" content=\"7 minutos\" \/>\n<!-- \/ Yoast SEO plugin. -->","yoast_head_json":{"title":"Com o time mais vitorioso do basquete no Brasil, a Capital Nacional do Cal\u00e7ado produz 1 em cada 3 cal\u00e7ados masculinos do pa\u00eds - Correio Braziliense - Radar","description":"Entre f\u00e1bricas e quadras, nasce a cidade que produz 1 em cada 3 cal\u00e7ados masculinos e domina o basquete brasileiro.","robots":{"index":"index","follow":"follow","max-snippet":"max-snippet:-1","max-image-preview":"max-image-preview:large","max-video-preview":"max-video-preview:-1"},"canonical":"https:\/\/www.correiobraziliense.com.br\/cbradar\/com-o-time-mais-vitorioso-do-basquete-no-brasil-a-capital-nacional-do-calcado-produz-1-em-cada-3-calcados-masculinos-do-pais\/","og_locale":"pt_BR","og_type":"article","og_title":"Com o time mais vitorioso do basquete no Brasil, a Capital Nacional do Cal\u00e7ado produz 1 em cada 3 cal\u00e7ados masculinos do pa\u00eds - Correio Braziliense - Radar","og_description":"Entre f\u00e1bricas e quadras, nasce a cidade que produz 1 em cada 3 cal\u00e7ados masculinos e domina o basquete brasileiro.","og_url":"https:\/\/www.correiobraziliense.com.br\/cbradar\/com-o-time-mais-vitorioso-do-basquete-no-brasil-a-capital-nacional-do-calcado-produz-1-em-cada-3-calcados-masculinos-do-pais\/","og_site_name":"Correio Braziliense - Radar","article_published_time":"2026-05-01T13:25:00+00:00","og_image":[{"width":1280,"height":720,"url":"https:\/\/www.correiobraziliense.com.br\/cbradar\/wp-content\/uploads\/2026\/05\/aaa-2026-05-01T014712.041.png","type":"image\/png"}],"author":"Maura Pereira","twitter_card":"summary_large_image","twitter_misc":{"Escrito por":"Maura Pereira","Est. tempo de leitura":"7 minutos"},"schema":{"@context":"https:\/\/schema.org","@graph":[{"@type":"WebPage","@id":"https:\/\/www.correiobraziliense.com.br\/cbradar\/com-o-time-mais-vitorioso-do-basquete-no-brasil-a-capital-nacional-do-calcado-produz-1-em-cada-3-calcados-masculinos-do-pais\/","url":"https:\/\/www.correiobraziliense.com.br\/cbradar\/com-o-time-mais-vitorioso-do-basquete-no-brasil-a-capital-nacional-do-calcado-produz-1-em-cada-3-calcados-masculinos-do-pais\/","name":"Com o time mais vitorioso do basquete no Brasil, a Capital Nacional do Cal\u00e7ado produz 1 em cada 3 cal\u00e7ados masculinos do pa\u00eds - Correio Braziliense - Radar","isPartOf":{"@id":"https:\/\/www.correiobraziliense.com.br\/cbradar\/#website"},"primaryImageOfPage":{"@id":"https:\/\/www.correiobraziliense.com.br\/cbradar\/com-o-time-mais-vitorioso-do-basquete-no-brasil-a-capital-nacional-do-calcado-produz-1-em-cada-3-calcados-masculinos-do-pais\/#primaryimage"},"image":{"@id":"https:\/\/www.correiobraziliense.com.br\/cbradar\/com-o-time-mais-vitorioso-do-basquete-no-brasil-a-capital-nacional-do-calcado-produz-1-em-cada-3-calcados-masculinos-do-pais\/#primaryimage"},"thumbnailUrl":"https:\/\/www.correiobraziliense.com.br\/cbradar\/wp-content\/uploads\/2026\/05\/aaa-2026-05-01T014712.041.png","datePublished":"2026-05-01T13:25:00+00:00","author":{"@id":"https:\/\/www.correiobraziliense.com.br\/cbradar\/#\/schema\/person\/4053c651a9bfc785afc6f4cbc9032fd3"},"description":"Entre f\u00e1bricas e quadras, nasce a cidade que produz 1 em cada 3 cal\u00e7ados masculinos e domina o basquete brasileiro.","breadcrumb":{"@id":"https:\/\/www.correiobraziliense.com.br\/cbradar\/com-o-time-mais-vitorioso-do-basquete-no-brasil-a-capital-nacional-do-calcado-produz-1-em-cada-3-calcados-masculinos-do-pais\/#breadcrumb"},"inLanguage":"pt-BR","potentialAction":[{"@type":"ReadAction","target":["https:\/\/www.correiobraziliense.com.br\/cbradar\/com-o-time-mais-vitorioso-do-basquete-no-brasil-a-capital-nacional-do-calcado-produz-1-em-cada-3-calcados-masculinos-do-pais\/"]}]},{"@type":"ImageObject","inLanguage":"pt-BR","@id":"https:\/\/www.correiobraziliense.com.br\/cbradar\/com-o-time-mais-vitorioso-do-basquete-no-brasil-a-capital-nacional-do-calcado-produz-1-em-cada-3-calcados-masculinos-do-pais\/#primaryimage","url":"https:\/\/www.correiobraziliense.com.br\/cbradar\/wp-content\/uploads\/2026\/05\/aaa-2026-05-01T014712.041.png","contentUrl":"https:\/\/www.correiobraziliense.com.br\/cbradar\/wp-content\/uploads\/2026\/05\/aaa-2026-05-01T014712.041.png","width":1280,"height":720,"caption":"Franca mant\u00e9m duas identidades raras de combinar. \/ Imagem ilustrativa"},{"@type":"BreadcrumbList","@id":"https:\/\/www.correiobraziliense.com.br\/cbradar\/com-o-time-mais-vitorioso-do-basquete-no-brasil-a-capital-nacional-do-calcado-produz-1-em-cada-3-calcados-masculinos-do-pais\/#breadcrumb","itemListElement":[{"@type":"ListItem","position":1,"name":"In\u00edcio","item":"https:\/\/www.correiobraziliense.com.br\/cbradar\/"},{"@type":"ListItem","position":2,"name":"Com o time mais vitorioso do basquete no Brasil, a Capital Nacional do Cal\u00e7ado produz 1 em cada 3 cal\u00e7ados masculinos do pa\u00eds"}]},{"@type":"WebSite","@id":"https:\/\/www.correiobraziliense.com.br\/cbradar\/#website","url":"https:\/\/www.correiobraziliense.com.br\/cbradar\/","name":"Correio Braziliense - Radar","description":"Acompanhe as \u00faltimas not\u00edcias e fique bem informado sobre tudo o que acontece no Brasil e no mundo.","potentialAction":[{"@type":"SearchAction","target":{"@type":"EntryPoint","urlTemplate":"https:\/\/www.correiobraziliense.com.br\/cbradar\/?s={search_term_string}"},"query-input":{"@type":"PropertyValueSpecification","valueRequired":true,"valueName":"search_term_string"}}],"inLanguage":"pt-BR"},{"@type":"Person","@id":"https:\/\/www.correiobraziliense.com.br\/cbradar\/#\/schema\/person\/4053c651a9bfc785afc6f4cbc9032fd3","name":"Maura Pereira","image":{"@type":"ImageObject","inLanguage":"pt-BR","@id":"https:\/\/www.correiobraziliense.com.br\/cbradar\/#\/schema\/person\/image\/","url":"https:\/\/secure.gravatar.com\/avatar\/3effd6bdadfa447f15089c7f7144eaa6?s=96&d=mm&r=g","contentUrl":"https:\/\/secure.gravatar.com\/avatar\/3effd6bdadfa447f15089c7f7144eaa6?s=96&d=mm&r=g","caption":"Maura Pereira"},"sameAs":["https:\/\/www.correiobraziliense.com.br\/"],"url":"https:\/\/www.correiobraziliense.com.br\/cbradar\/author\/mauramyth\/"}]}},"_links":{"self":[{"href":"https:\/\/www.correiobraziliense.com.br\/cbradar\/wp-json\/wp\/v2\/posts\/235001","targetHints":{"allow":["GET"]}}],"collection":[{"href":"https:\/\/www.correiobraziliense.com.br\/cbradar\/wp-json\/wp\/v2\/posts"}],"about":[{"href":"https:\/\/www.correiobraziliense.com.br\/cbradar\/wp-json\/wp\/v2\/types\/post"}],"author":[{"embeddable":true,"href":"https:\/\/www.correiobraziliense.com.br\/cbradar\/wp-json\/wp\/v2\/users\/8"}],"replies":[{"embeddable":true,"href":"https:\/\/www.correiobraziliense.com.br\/cbradar\/wp-json\/wp\/v2\/comments?post=235001"}],"version-history":[{"count":10,"href":"https:\/\/www.correiobraziliense.com.br\/cbradar\/wp-json\/wp\/v2\/posts\/235001\/revisions"}],"predecessor-version":[{"id":235199,"href":"https:\/\/www.correiobraziliense.com.br\/cbradar\/wp-json\/wp\/v2\/posts\/235001\/revisions\/235199"}],"wp:featuredmedia":[{"embeddable":true,"href":"https:\/\/www.correiobraziliense.com.br\/cbradar\/wp-json\/wp\/v2\/media\/235198"}],"wp:attachment":[{"href":"https:\/\/www.correiobraziliense.com.br\/cbradar\/wp-json\/wp\/v2\/media?parent=235001"}],"wp:term":[{"taxonomy":"category","embeddable":true,"href":"https:\/\/www.correiobraziliense.com.br\/cbradar\/wp-json\/wp\/v2\/categories?post=235001"},{"taxonomy":"post_tag","embeddable":true,"href":"https:\/\/www.correiobraziliense.com.br\/cbradar\/wp-json\/wp\/v2\/tags?post=235001"}],"curies":[{"name":"wp","href":"https:\/\/api.w.org\/{rel}","templated":true}]}}