{"id":235002,"date":"2026-05-01T04:05:00","date_gmt":"2026-05-01T07:05:00","guid":{"rendered":"https:\/\/www.correiobraziliense.com.br\/cbradar\/?p=235002"},"modified":"2026-04-30T21:41:02","modified_gmt":"2026-05-01T00:41:02","slug":"rio-grande-do-sul-rio-de-janeiro-santa-catarina-e-minas-gerais-registram-envelhecimento-precoce-com-115-idosos-para-cada-100-criancas-e-reorganizam-a-economia","status":"publish","type":"post","link":"https:\/\/www.correiobraziliense.com.br\/cbradar\/rio-grande-do-sul-rio-de-janeiro-santa-catarina-e-minas-gerais-registram-envelhecimento-precoce-com-115-idosos-para-cada-100-criancas-e-reorganizam-a-economia\/","title":{"rendered":"Rio Grande do Sul, Rio de Janeiro, Santa Catarina e Minas Gerais registram envelhecimento precoce com 115 idosos para cada 100 crian\u00e7as e reorganizam a economia"},"content":{"rendered":"\n<p>Em <strong>Coqueiro Baixo<\/strong>, no <strong>Vale do Taquari<\/strong>, quase quatro de cada dez moradores passaram dos 60 anos. A cena se repete em escalas diferentes no <strong>Rio Grande do Sul<\/strong>, <strong>Rio de Janeiro<\/strong>, <strong>Santa Catarina<\/strong> e <strong>Minas Gerais<\/strong>, os quatro estados onde o Brasil envelhece mais r\u00e1pido.<\/p>\n\n\n\n<h2 class=\"wp-block-heading\">Por que esses quatro estados envelhecem antes do restante do pa\u00eds?<\/h2>\n\n\n\n<p><strong>O envelhecimento aqui chegou cedo porque a queda na fecundidade tamb\u00e9m chegou. <\/strong>Segundo o <strong>Instituto Brasileiro de Geografia e Estat\u00edstica (IBGE)<\/strong>, o <strong>Censo 2022<\/strong> mostrou que<strong> <a href=\"https:\/\/agenciadenoticias.ibge.gov.br\/agencia-noticias\/2012-agencia-de-noticias\/noticias\/38186-censo-2022-numero-de-pessoas-com-65-anos-ou-mais-de-idade-cresceu-57-4-em-12-anos\" target=\"_blank\" rel=\"noreferrer noopener\">o n\u00famero de brasileiros com 65 anos ou mais cresceu 57,4% em 12 anos<\/a><\/strong>, mas o ritmo nesses quatro estados foi maior que a m\u00e9dia nacional.<\/p>\n\n\n\n<p>O <a href=\"https:\/\/atlassocioeconomico.rs.gov.br\/piramides-etarias-e-envelhecimento-da-populacao\" target=\"_blank\" rel=\"noreferrer noopener\"><strong>Atlas Socioecon\u00f4mico do Rio Grande do Sul<\/strong><\/a> registra que, em 1970, apenas 5,8% dos ga\u00fachos tinham mais de 60 anos. Em 2022, s\u00e3o 20,07%. Cinco d\u00e9cadas para multiplicar por quase quatro a fatia da terceira idade.<\/p>\n\n\n<div class=\"wp-block-image\">\n<figure class=\"aligncenter size-large\"><img decoding=\"async\" width=\"1024\" height=\"576\" src=\"https:\/\/www.correiobraziliense.com.br\/cbradar\/wp-content\/uploads\/2025\/08\/Porto-Alegre_1754896899530-1024x576.jpg\" alt=\"Rio Grande do Sul, Rio de Janeiro, Santa Catarina e Minas Gerais registram envelhecimento precoce com 115 idosos para cada 100 crian\u00e7as e reorganizam a economia\" class=\"wp-image-84555\" srcset=\"https:\/\/www.correiobraziliense.com.br\/cbradar\/wp-content\/uploads\/2025\/08\/Porto-Alegre_1754896899530-1024x576.jpg 1024w, https:\/\/www.correiobraziliense.com.br\/cbradar\/wp-content\/uploads\/2025\/08\/Porto-Alegre_1754896899530-300x169.jpg 300w, https:\/\/www.correiobraziliense.com.br\/cbradar\/wp-content\/uploads\/2025\/08\/Porto-Alegre_1754896899530-768x432.jpg 768w, https:\/\/www.correiobraziliense.com.br\/cbradar\/wp-content\/uploads\/2025\/08\/Porto-Alegre_1754896899530-750x422.jpg 750w, https:\/\/www.correiobraziliense.com.br\/cbradar\/wp-content\/uploads\/2025\/08\/Porto-Alegre_1754896899530-1140x641.jpg 1140w, https:\/\/www.correiobraziliense.com.br\/cbradar\/wp-content\/uploads\/2025\/08\/Porto-Alegre_1754896899530.jpg 1280w\" sizes=\"(max-width: 1024px) 100vw, 1024px\" \/><figcaption class=\"wp-element-caption\">Porto Alegre \u00e9 a capital do Rio Grande do Sul, com quase 1,5 milh\u00e3o de habitantes e rica hist\u00f3ria cultural. \/\/ Cr\u00e9ditos: depositphotos.com \/ diegograndi<\/figcaption><\/figure><\/div>\n\n\n<h2 class=\"wp-block-heading\">O fen\u00f4meno demogr\u00e1fico em n\u00fameros<\/h2>\n\n\n\n<p><strong>Nada explica melhor o tamanho do desafio do que a tabela do IBGE.<\/strong> O \u00edndice de envelhecimento mostra quantos idosos existem para cada 100 crian\u00e7as, e o salto \u00e9 n\u00edtido nos quatro estados.<\/p>\n\n\n\n<style>\n  \/* --- CONTAINER BLINDADO (PADR\u00c3O REGISTRADO) --- *\/\n  .clima-grid-final {\n    font-family: -apple-system, BlinkMacSystemFont, \"Segoe UI\", Roboto, Arial, sans-serif !important;\n    width: 100% !important;\n    max-width: 1200px !important;\n    margin: 20px auto !important;\n    display: grid !important;\n    \/* 5 COLUNAS PARA OS 4 ESTADOS + M\u00c9DIA BRASIL *\/\n    grid-template-columns: repeat(5, 1fr) !important; \n    gap: 12px !important;\n    box-sizing: border-box !important;\n  }\n\n  .clima-grid-final * {\n    box-sizing: border-box !important;\n  }\n\n  \/* --- BLINDAGEM CONTRA ADS E PLUGINS INTRUSOS --- *\/\n  .clima-grid-final > :not(.card-clima) {\n    display: none !important;\n    width: 0 !important;\n    height: 0 !important;\n    opacity: 0 !important;\n  }\n\n  \/* --- CARD PADR\u00c3O (FUNDO BRANCO) --- *\/\n  .card-clima {\n    background: #ffffff !important;\n    border: 1px solid #e0e0e0 !important;\n    border-radius: 20px !important;\n    padding: 20px 10px !important;\n    text-align: center !important;\n    display: flex !important;\n    flex-direction: column !important;\n    align-items: center !important;\n    box-shadow: 0 4px 10px rgba(0, 0, 0, 0.05) !important;\n    min-width: 0 !important; \n    transition: transform 0.2s ease !important;\n    overflow: hidden !important;\n    height: 100% !important;\n  }\n\n  .card-clima:hover {\n    transform: translateY(-5px) !important;\n    border-color: #000000 !important;\n  }\n\n  \/* --- CONTE\u00daDO --- *\/\n  .estacao-nome { \n    font-size: 13px !important; \n    font-weight: 800 !important; \n    color: #000000 !important; \n    text-transform: uppercase !important; \n    margin: 0 0 5px 0 !important; \n  }\n  \n  .estacao-meses { \n    font-size: 10px !important; \n    font-weight: 700 !important; \n    color: #444444 !important; \n    text-transform: uppercase !important; \n    margin-bottom: 15px !important; \n    display: block !important;\n  }\n  \n  .temp-valor { \n    font-size: 24px !important; \n    font-weight: 800 !important; \n    color: #000000 !important; \n    line-height: 1.1 !important; \n    margin: 0 !important;\n  }\n  \n  .temp-label { \n    font-size: 9px !important; \n    font-weight: 600 !important; \n    color: #777777 !important; \n    text-transform: uppercase !important; \n    margin-bottom: 15px !important; \n    display: block !important;\n  }\n  \n  .clima-desc { \n    font-size: 11px !important; \n    line-height: 1.4 !important; \n    color: #333333 !important; \n    margin-bottom: 15px !important; \n    flex-grow: 1 !important; \n  }\n\n  .tag-status {\n    background-color: #f5f5f5 !important;\n    border: 1px solid #d0d0d0 !important;\n    color: #000000 !important;\n    padding: 5px 10px !important;\n    border-radius: 20px !important;\n    font-size: 9px !important;\n    font-weight: 800 !important;\n    text-transform: uppercase !important;\n    margin-top: auto !important;\n  }\n\n  \/* --- RESPONSIVIDADE --- *\/\n  @media (max-width: 1000px) {\n    .clima-grid-final {\n      grid-template-columns: repeat(2, 1fr) !important; \n    }\n  }\n  @media (max-width: 600px) {\n    .clima-grid-final {\n      grid-template-columns: 1fr !important; \n    }\n  }\n<\/style>\n\n<div class=\"google-auto-ads-ignore clima-grid-final\">\n  \n  <!-- RS -->\n  <div class=\"card-clima\">\n    <div class=\"estacao-nome\">\ud83d\udccd Rio Grande do Sul<\/div>\n    <span class=\"estacao-meses\">Estado mais Idoso<\/span>\n    <div class=\"temp-valor\">14,1%<\/div>\n    <span class=\"temp-label\">Popula\u00e7\u00e3o 65+<\/span>\n    <div class=\"clima-desc\">Possui a maior idade mediana (<b>38 anos<\/b>) e o maior \u00edndice de envelhecimento (<b>115,0<\/b>) entre os estados listados.<\/div>\n    <div class=\"tag-status\">\ud83d\udcc8 Lidera Envelhecimento<\/div>\n  <\/div>\n\n  <!-- RJ -->\n  <div class=\"card-clima\">\n    <div class=\"estacao-nome\">\ud83d\udccd Rio de Janeiro<\/div>\n    <span class=\"estacao-meses\">Regi\u00e3o Sudeste<\/span>\n    <div class=\"temp-valor\">13,1%<\/div>\n    <span class=\"temp-label\">Popula\u00e7\u00e3o 65+<\/span>\n    <div class=\"clima-desc\">Apresenta uma idade mediana de <b>37 anos<\/b> e um elevado \u00edndice de envelhecimento de <b>105,9<\/b>.<\/div>\n    <div class=\"tag-status\">\ud83d\udc65 Perfil Urbano<\/div>\n  <\/div>\n\n  <!-- MG -->\n  <div class=\"card-clima\">\n    <div class=\"estacao-nome\">\ud83d\udccd Minas Gerais<\/div>\n    <span class=\"estacao-meses\">Regi\u00e3o Sudeste<\/span>\n    <div class=\"temp-valor\">12,4%<\/div>\n    <span class=\"temp-label\">Popula\u00e7\u00e3o 65+<\/span>\n    <div class=\"clima-desc\">Com idade mediana de <b>36 anos<\/b>, o estado mineiro registra um \u00edndice de envelhecimento <b>acima de 70<\/b>.<\/div>\n    <div class=\"tag-status\">\u26f0\ufe0f Transi\u00e7\u00e3o Et\u00e1ria<\/div>\n  <\/div>\n\n  <!-- SC -->\n  <div class=\"card-clima\">\n    <div class=\"estacao-nome\">\ud83d\udccd Santa Catarina<\/div>\n    <span class=\"estacao-meses\">Regi\u00e3o Sul<\/span>\n    <div class=\"temp-valor\">9,6%<\/div>\n    <span class=\"temp-label\">Popula\u00e7\u00e3o 65+<\/span>\n    <div class=\"clima-desc\">Apresenta o menor \u00edndice de envelhecimento da lista (<b>55,8<\/b>), com idade mediana de <b>35 anos<\/b>.<\/div>\n    <div class=\"tag-status\">\ud83c\udf4f Perfil Jovem<\/div>\n  <\/div>\n\n  <!-- BRASIL -->\n  <div class=\"card-clima\" style=\"border-color: #000;\">\n    <div class=\"estacao-nome\">\ud83c\udde7\ud83c\uddf7 Brasil (M\u00e9dia)<\/div>\n    <span class=\"estacao-meses\">Nacional<\/span>\n    <div class=\"temp-valor\">10,9%<\/div>\n    <span class=\"temp-label\">Popula\u00e7\u00e3o 65+<\/span>\n    <div class=\"clima-desc\">A m\u00e9dia nacional situa-se em <b>35 anos<\/b> de idade mediana e um \u00edndice de envelhecimento geral de <b>80,0<\/b>.<\/div>\n    <div class=\"tag-status\">\ud83d\udcca Panorama Geral<\/div>\n  <\/div>\n\n<\/div>\n\n\n\n<p><em>Fonte: IBGE, Censo Demogr\u00e1fico 2022, segunda apura\u00e7\u00e3o.<\/em><\/p>\n\n\n\n<p>O destaque vai para o <strong>RS<\/strong>, \u00fanico estado em que os idosos ultrapassam as crian\u00e7as com folga. No <strong>RJ<\/strong>, a virada tamb\u00e9m j\u00e1 aconteceu. <strong>MG<\/strong> caminha para o mesmo cen\u00e1rio, e <strong>SC<\/strong>, ainda mais jovem na compara\u00e7\u00e3o direta, viu seu \u00edndice quase dobrar entre 2010 e 2022.<\/p>\n\n\n\n<h2 class=\"wp-block-heading\">A cidade mais envelhecida do Brasil fica no Vale do Taquari<\/h2>\n\n\n\n<p>Em <strong>Coqueiro Baixo<\/strong>, no <strong>Rio Grande do Sul<\/strong>, 38,91% da popula\u00e7\u00e3o tem mais de 60 anos. A cidade tem 277 idosos para cada 100 crian\u00e7as, segundo dados do <a href=\"https:\/\/www.jornaldocomercio.com\/mapa-economico\/regiao-centro\/2026\/04\/1246667-rio-grande-do-sul-tem-a-cidade-mais-envelhecida-do-brasil.html\" target=\"_blank\" rel=\"noreferrer noopener\"><strong>Jornal do Com\u00e9rcio<\/strong><\/a> baseados no Censo 2022. A idade mediana local \u00e9 de 53 anos.<\/p>\n\n\n\n<p>O fen\u00f4meno n\u00e3o \u00e9 isolado. Entre as 20 cidades mais envelhecidas do pa\u00eds, 19 est\u00e3o no estado ga\u00facho. Boa parte fica na <strong>Macrorregi\u00e3o Central<\/strong>, em munic\u00edpios pequenos que perderam jovens para os centros urbanos e viram a base da pir\u00e2mide et\u00e1ria encolher.<\/p>\n\n\n\n<h2 class=\"wp-block-heading\">Como o envelhecimento mexe com a economia regional?<\/h2>\n\n\n\n<p><strong>O efeito imediato aparece no mercado de trabalho. <\/strong>Menos jovens entrando significa menos bra\u00e7os nas ind\u00fastrias, menos pessoas em idade reprodutiva e menos contribuintes para a previd\u00eancia. Em alguns munic\u00edpios ga\u00fachos, escolas fecham por falta de alunos enquanto servi\u00e7os de sa\u00fade para idosos disputam vagas.<\/p>\n\n\n\n<p>O peso fiscal j\u00e1 se v\u00ea. <a href=\"https:\/\/www.gazetadopovo.com.br\/economia\/envelhecimento-populacao-brasileira-desafios\/\" target=\"_blank\" rel=\"noreferrer noopener\"><strong>Os gastos com aposentadorias urbanas, rurais e benef\u00edcios assistenciais somaram cerca de 6,5% do PIB em 2023<\/strong><\/a>, segundo an\u00e1lise do <strong>Centro de Lideran\u00e7a P\u00fablica (CLP)<\/strong>, patamar compar\u00e1vel ao de pa\u00edses desenvolvidos da <strong>OCDE<\/strong>. As consequ\u00eancias para os estados envelhecidos:<\/p>\n\n\n\n<ul class=\"wp-block-list\">\n<li><strong>Mercado de trabalho encolhido<\/strong>: ind\u00fastrias ga\u00fachas e fluminenses j\u00e1 relatam dificuldade para repor m\u00e3o de obra qualificada.<\/li>\n\n\n\n<li><strong>Press\u00e3o sobre o sistema de sa\u00fade<\/strong>: crescem demandas por geriatria, cuidados domiciliares e tratamentos cr\u00f4nicos.<\/li>\n\n\n\n<li><strong>Queda na arrecada\u00e7\u00e3o local<\/strong>: cidades pequenas perdem jovens contribuintes e dependem de repasses estaduais.<\/li>\n\n\n\n<li><strong>Novos setores em alta<\/strong>: cuidadores, institui\u00e7\u00f5es de longa perman\u00eancia, turismo s\u00eanior e produtos voltados \u00e0 terceira idade ganham espa\u00e7o.<\/li>\n\n\n\n<li><strong>Reorganiza\u00e7\u00e3o do consumo<\/strong>: o varejo regional precisa redesenhar produtos e servi\u00e7os para um p\u00fablico mais velho.<\/li>\n<\/ul>\n\n\n<div class=\"wp-block-image\">\n<figure class=\"aligncenter size-large\"><img decoding=\"async\" width=\"1024\" height=\"576\" src=\"https:\/\/www.correiobraziliense.com.br\/cbradar\/wp-content\/uploads\/2025\/12\/G-2025-12-13T012626.212-1024x576.png\" alt=\"Rio Grande do Sul, Rio de Janeiro, Santa Catarina e Minas Gerais registram envelhecimento precoce com 115 idosos para cada 100 crian\u00e7as e reorganizam a economia\" class=\"wp-image-155342\" srcset=\"https:\/\/www.correiobraziliense.com.br\/cbradar\/wp-content\/uploads\/2025\/12\/G-2025-12-13T012626.212-1024x576.png 1024w, https:\/\/www.correiobraziliense.com.br\/cbradar\/wp-content\/uploads\/2025\/12\/G-2025-12-13T012626.212-300x169.png 300w, https:\/\/www.correiobraziliense.com.br\/cbradar\/wp-content\/uploads\/2025\/12\/G-2025-12-13T012626.212-768x432.png 768w, https:\/\/www.correiobraziliense.com.br\/cbradar\/wp-content\/uploads\/2025\/12\/G-2025-12-13T012626.212-750x422.png 750w, https:\/\/www.correiobraziliense.com.br\/cbradar\/wp-content\/uploads\/2025\/12\/G-2025-12-13T012626.212-1140x641.png 1140w, https:\/\/www.correiobraziliense.com.br\/cbradar\/wp-content\/uploads\/2025\/12\/G-2025-12-13T012626.212.png 1280w\" sizes=\"(max-width: 1024px) 100vw, 1024px\" \/><figcaption class=\"wp-element-caption\">Mariana, em Minas Gerais, \u00e9 uma das principais cidades hist\u00f3ricas do estado, com centro colonial preservado, igrejas barrocas e forte liga\u00e7\u00e3o com o Ciclo do Ouro. \/\/ Cr\u00e9ditos: Wikip\u00e9dia<\/figcaption><\/figure><\/div>\n\n\n<p><strong>Leia tamb\u00e9m: <a href=\"https:\/\/www.correiobraziliense.com.br\/cbradar\/a-capital-do-agro-que-voce-ainda-nao-conhece-guarda-um-circuito-com-9-cachoeiras-e-quedas-dagua-a-55-km-do-centro\/\" target=\"_blank\" rel=\"noreferrer noopener\">A \u201cCapital do Agro\u201d que voc\u00ea ainda n\u00e3o conhece guarda um circuito com 9 cachoeiras e quedas d\u2019\u00e1gua a 55 km do centro.<\/a><\/strong><\/p>\n\n\n\n<h2 class=\"wp-block-heading\">O que vem pela frente nas pr\u00f3ximas d\u00e9cadas<\/h2>\n\n\n\n<p>As <a href=\"https:\/\/agenciagov.ebc.com.br\/noticias\/202408\/populacao-do-pais-vai-parar-de-crescer-em-2041\" target=\"_blank\" rel=\"noreferrer noopener\"><strong>Proje\u00e7\u00f5es de Popula\u00e7\u00e3o 2024 do IBGE<\/strong><\/a> indicam que o Brasil vai parar de crescer em 2041. No <strong>RS<\/strong>, a queda come\u00e7a antes, em 2027. Em 2070, cerca de 37,8% dos brasileiros ter\u00e3o mais de 60 anos, o que corresponde a 75,3 milh\u00f5es de pessoas.<\/p>\n\n\n\n<p>A idade m\u00e9dia projetada para o pa\u00eds em 2070 \u00e9 de 48,4 anos. O <strong>Rio Grande do Sul<\/strong>, hoje com idade m\u00e9dia de 38,1 anos, deve chegar a esse ponto bem antes da m\u00e9dia nacional. Os quatro estados precisar\u00e3o repensar pol\u00edticas p\u00fablicas, infraestrutura urbana e estrutura produtiva para acompanhar essa mudan\u00e7a.<\/p>\n\n\n\n<h2 class=\"wp-block-heading\">O Brasil que j\u00e1 chegou l\u00e1 primeiro<\/h2>\n\n\n\n<p><strong>Esses quatro estados funcionam como um laborat\u00f3rio do Brasil que vem a\u00ed. <\/strong>As decis\u00f5es tomadas hoje no <strong>Sul<\/strong> e no <strong>Sudeste<\/strong> sobre sa\u00fade p\u00fablica, mercado de trabalho e previd\u00eancia dar\u00e3o o tom de como o restante do pa\u00eds vai enfrentar o mesmo cen\u00e1rio nas pr\u00f3ximas d\u00e9cadas.<\/p>\n\n\n\n<p>Vale acompanhar de perto o que acontece em munic\u00edpios como Coqueiro Baixo e nas grandes capitais fluminenses, mineiras e ga\u00fachas, porque o futuro demogr\u00e1fico do Brasil j\u00e1 est\u00e1 sendo desenhado por l\u00e1.<\/p>\n","protected":false},"excerpt":{"rendered":"<p>Em Coqueiro Baixo, no Vale do Taquari, quase quatro de cada dez moradores passaram dos 60 anos. A cena se repete em escalas diferentes no Rio Grande do Sul, Rio de Janeiro, Santa Catarina e Minas Gerais, os quatro estados onde o Brasil envelhece mais r\u00e1pido. Por que esses quatro estados envelhecem antes do restante [&hellip;]<\/p>\n","protected":false},"author":8,"featured_media":235057,"comment_status":"open","ping_status":"open","sticky":false,"template":"","format":"standard","meta":{"_yoast_wpseo_focuskw":"envelhecimento","_yoast_wpseo_title":"","_yoast_wpseo_metadesc":"Quatro estados brasileiros j\u00e1 t\u00eam mais idosos que crian\u00e7as e enfrentam um envelhecimento que transforma a economia.","jnews-multi-image_gallery":[],"jnews_single_post":{"format":"standard"},"jnews_primary_category":[],"jnews_social_meta":[],"jnews_override_counter":[],"footnotes":""},"categories":[1],"tags":[388,304,217,851],"class_list":["post-235002","post","type-post","status-publish","format-standard","has-post-thumbnail","hentry","category-uncategorized","tag-minas-gerais","tag-rio-de-janeiro","tag-rio-grande-do-sul","tag-santa-catarina"],"yoast_head":"<!-- This site is optimized with the Yoast SEO plugin v24.6 - https:\/\/yoast.com\/wordpress\/plugins\/seo\/ -->\n<title>Rio Grande do Sul, Rio de Janeiro, Santa Catarina e Minas Gerais registram envelhecimento precoce com 115 idosos para cada 100 crian\u00e7as e reorganizam a economia - Correio Braziliense - Radar<\/title>\n<meta name=\"description\" content=\"Quatro estados brasileiros j\u00e1 t\u00eam mais idosos que crian\u00e7as e enfrentam um envelhecimento que transforma a economia.\" \/>\n<meta name=\"robots\" content=\"index, follow, max-snippet:-1, max-image-preview:large, max-video-preview:-1\" \/>\n<link rel=\"canonical\" href=\"https:\/\/www.correiobraziliense.com.br\/cbradar\/rio-grande-do-sul-rio-de-janeiro-santa-catarina-e-minas-gerais-registram-envelhecimento-precoce-com-115-idosos-para-cada-100-criancas-e-reorganizam-a-economia\/\" \/>\n<meta property=\"og:locale\" content=\"pt_BR\" \/>\n<meta property=\"og:type\" content=\"article\" \/>\n<meta property=\"og:title\" content=\"Rio Grande do Sul, Rio de Janeiro, Santa Catarina e Minas Gerais registram envelhecimento precoce com 115 idosos para cada 100 crian\u00e7as e reorganizam a economia - Correio Braziliense - Radar\" \/>\n<meta property=\"og:description\" content=\"Quatro estados brasileiros j\u00e1 t\u00eam mais idosos que crian\u00e7as e enfrentam um envelhecimento que transforma a economia.\" \/>\n<meta property=\"og:url\" content=\"https:\/\/www.correiobraziliense.com.br\/cbradar\/rio-grande-do-sul-rio-de-janeiro-santa-catarina-e-minas-gerais-registram-envelhecimento-precoce-com-115-idosos-para-cada-100-criancas-e-reorganizam-a-economia\/\" \/>\n<meta property=\"og:site_name\" content=\"Correio Braziliense - Radar\" \/>\n<meta property=\"article:published_time\" content=\"2026-05-01T07:05:00+00:00\" \/>\n<meta property=\"og:image\" content=\"https:\/\/www.correiobraziliense.com.br\/cbradar\/wp-content\/uploads\/2026\/04\/aaa-2026-04-30T213556.349.png\" \/>\n\t<meta property=\"og:image:width\" content=\"1280\" \/>\n\t<meta property=\"og:image:height\" content=\"720\" \/>\n\t<meta property=\"og:image:type\" content=\"image\/png\" \/>\n<meta name=\"author\" content=\"Maura Pereira\" \/>\n<meta name=\"twitter:card\" content=\"summary_large_image\" \/>\n<meta name=\"twitter:label1\" content=\"Escrito por\" \/>\n\t<meta name=\"twitter:data1\" content=\"Maura Pereira\" \/>\n\t<meta name=\"twitter:label2\" content=\"Est. tempo de leitura\" \/>\n\t<meta name=\"twitter:data2\" content=\"6 minutos\" \/>\n<!-- \/ Yoast SEO plugin. -->","yoast_head_json":{"title":"Rio Grande do Sul, Rio de Janeiro, Santa Catarina e Minas Gerais registram envelhecimento precoce com 115 idosos para cada 100 crian\u00e7as e reorganizam a economia - Correio Braziliense - Radar","description":"Quatro estados brasileiros j\u00e1 t\u00eam mais idosos que crian\u00e7as e enfrentam um envelhecimento que transforma a economia.","robots":{"index":"index","follow":"follow","max-snippet":"max-snippet:-1","max-image-preview":"max-image-preview:large","max-video-preview":"max-video-preview:-1"},"canonical":"https:\/\/www.correiobraziliense.com.br\/cbradar\/rio-grande-do-sul-rio-de-janeiro-santa-catarina-e-minas-gerais-registram-envelhecimento-precoce-com-115-idosos-para-cada-100-criancas-e-reorganizam-a-economia\/","og_locale":"pt_BR","og_type":"article","og_title":"Rio Grande do Sul, Rio de Janeiro, Santa Catarina e Minas Gerais registram envelhecimento precoce com 115 idosos para cada 100 crian\u00e7as e reorganizam a economia - Correio Braziliense - Radar","og_description":"Quatro estados brasileiros j\u00e1 t\u00eam mais idosos que crian\u00e7as e enfrentam um envelhecimento que transforma a economia.","og_url":"https:\/\/www.correiobraziliense.com.br\/cbradar\/rio-grande-do-sul-rio-de-janeiro-santa-catarina-e-minas-gerais-registram-envelhecimento-precoce-com-115-idosos-para-cada-100-criancas-e-reorganizam-a-economia\/","og_site_name":"Correio Braziliense - Radar","article_published_time":"2026-05-01T07:05:00+00:00","og_image":[{"width":1280,"height":720,"url":"https:\/\/www.correiobraziliense.com.br\/cbradar\/wp-content\/uploads\/2026\/04\/aaa-2026-04-30T213556.349.png","type":"image\/png"}],"author":"Maura Pereira","twitter_card":"summary_large_image","twitter_misc":{"Escrito por":"Maura Pereira","Est. tempo de leitura":"6 minutos"},"schema":{"@context":"https:\/\/schema.org","@graph":[{"@type":"WebPage","@id":"https:\/\/www.correiobraziliense.com.br\/cbradar\/rio-grande-do-sul-rio-de-janeiro-santa-catarina-e-minas-gerais-registram-envelhecimento-precoce-com-115-idosos-para-cada-100-criancas-e-reorganizam-a-economia\/","url":"https:\/\/www.correiobraziliense.com.br\/cbradar\/rio-grande-do-sul-rio-de-janeiro-santa-catarina-e-minas-gerais-registram-envelhecimento-precoce-com-115-idosos-para-cada-100-criancas-e-reorganizam-a-economia\/","name":"Rio Grande do Sul, Rio de Janeiro, Santa Catarina e Minas Gerais registram envelhecimento precoce com 115 idosos para cada 100 crian\u00e7as e reorganizam a economia - Correio Braziliense - Radar","isPartOf":{"@id":"https:\/\/www.correiobraziliense.com.br\/cbradar\/#website"},"primaryImageOfPage":{"@id":"https:\/\/www.correiobraziliense.com.br\/cbradar\/rio-grande-do-sul-rio-de-janeiro-santa-catarina-e-minas-gerais-registram-envelhecimento-precoce-com-115-idosos-para-cada-100-criancas-e-reorganizam-a-economia\/#primaryimage"},"image":{"@id":"https:\/\/www.correiobraziliense.com.br\/cbradar\/rio-grande-do-sul-rio-de-janeiro-santa-catarina-e-minas-gerais-registram-envelhecimento-precoce-com-115-idosos-para-cada-100-criancas-e-reorganizam-a-economia\/#primaryimage"},"thumbnailUrl":"https:\/\/www.correiobraziliense.com.br\/cbradar\/wp-content\/uploads\/2026\/04\/aaa-2026-04-30T213556.349.png","datePublished":"2026-05-01T07:05:00+00:00","author":{"@id":"https:\/\/www.correiobraziliense.com.br\/cbradar\/#\/schema\/person\/4053c651a9bfc785afc6f4cbc9032fd3"},"description":"Quatro estados brasileiros j\u00e1 t\u00eam mais idosos que crian\u00e7as e enfrentam um envelhecimento que transforma a economia.","breadcrumb":{"@id":"https:\/\/www.correiobraziliense.com.br\/cbradar\/rio-grande-do-sul-rio-de-janeiro-santa-catarina-e-minas-gerais-registram-envelhecimento-precoce-com-115-idosos-para-cada-100-criancas-e-reorganizam-a-economia\/#breadcrumb"},"inLanguage":"pt-BR","potentialAction":[{"@type":"ReadAction","target":["https:\/\/www.correiobraziliense.com.br\/cbradar\/rio-grande-do-sul-rio-de-janeiro-santa-catarina-e-minas-gerais-registram-envelhecimento-precoce-com-115-idosos-para-cada-100-criancas-e-reorganizam-a-economia\/"]}]},{"@type":"ImageObject","inLanguage":"pt-BR","@id":"https:\/\/www.correiobraziliense.com.br\/cbradar\/rio-grande-do-sul-rio-de-janeiro-santa-catarina-e-minas-gerais-registram-envelhecimento-precoce-com-115-idosos-para-cada-100-criancas-e-reorganizam-a-economia\/#primaryimage","url":"https:\/\/www.correiobraziliense.com.br\/cbradar\/wp-content\/uploads\/2026\/04\/aaa-2026-04-30T213556.349.png","contentUrl":"https:\/\/www.correiobraziliense.com.br\/cbradar\/wp-content\/uploads\/2026\/04\/aaa-2026-04-30T213556.349.png","width":1280,"height":720,"caption":"Menos jovens entrando significa menos bra\u00e7os nas ind\u00fastrias. \/ Imagem ilustrativas"},{"@type":"BreadcrumbList","@id":"https:\/\/www.correiobraziliense.com.br\/cbradar\/rio-grande-do-sul-rio-de-janeiro-santa-catarina-e-minas-gerais-registram-envelhecimento-precoce-com-115-idosos-para-cada-100-criancas-e-reorganizam-a-economia\/#breadcrumb","itemListElement":[{"@type":"ListItem","position":1,"name":"In\u00edcio","item":"https:\/\/www.correiobraziliense.com.br\/cbradar\/"},{"@type":"ListItem","position":2,"name":"Rio Grande do Sul, Rio de Janeiro, Santa Catarina e Minas Gerais registram envelhecimento precoce com 115 idosos para cada 100 crian\u00e7as e reorganizam a economia"}]},{"@type":"WebSite","@id":"https:\/\/www.correiobraziliense.com.br\/cbradar\/#website","url":"https:\/\/www.correiobraziliense.com.br\/cbradar\/","name":"Correio Braziliense - Radar","description":"Acompanhe as \u00faltimas not\u00edcias e fique bem informado sobre tudo o que acontece no Brasil e no mundo.","potentialAction":[{"@type":"SearchAction","target":{"@type":"EntryPoint","urlTemplate":"https:\/\/www.correiobraziliense.com.br\/cbradar\/?s={search_term_string}"},"query-input":{"@type":"PropertyValueSpecification","valueRequired":true,"valueName":"search_term_string"}}],"inLanguage":"pt-BR"},{"@type":"Person","@id":"https:\/\/www.correiobraziliense.com.br\/cbradar\/#\/schema\/person\/4053c651a9bfc785afc6f4cbc9032fd3","name":"Maura Pereira","image":{"@type":"ImageObject","inLanguage":"pt-BR","@id":"https:\/\/www.correiobraziliense.com.br\/cbradar\/#\/schema\/person\/image\/","url":"https:\/\/secure.gravatar.com\/avatar\/3effd6bdadfa447f15089c7f7144eaa6?s=96&d=mm&r=g","contentUrl":"https:\/\/secure.gravatar.com\/avatar\/3effd6bdadfa447f15089c7f7144eaa6?s=96&d=mm&r=g","caption":"Maura Pereira"},"sameAs":["https:\/\/www.correiobraziliense.com.br\/"],"url":"https:\/\/www.correiobraziliense.com.br\/cbradar\/author\/mauramyth\/"}]}},"_links":{"self":[{"href":"https:\/\/www.correiobraziliense.com.br\/cbradar\/wp-json\/wp\/v2\/posts\/235002","targetHints":{"allow":["GET"]}}],"collection":[{"href":"https:\/\/www.correiobraziliense.com.br\/cbradar\/wp-json\/wp\/v2\/posts"}],"about":[{"href":"https:\/\/www.correiobraziliense.com.br\/cbradar\/wp-json\/wp\/v2\/types\/post"}],"author":[{"embeddable":true,"href":"https:\/\/www.correiobraziliense.com.br\/cbradar\/wp-json\/wp\/v2\/users\/8"}],"replies":[{"embeddable":true,"href":"https:\/\/www.correiobraziliense.com.br\/cbradar\/wp-json\/wp\/v2\/comments?post=235002"}],"version-history":[{"count":19,"href":"https:\/\/www.correiobraziliense.com.br\/cbradar\/wp-json\/wp\/v2\/posts\/235002\/revisions"}],"predecessor-version":[{"id":235059,"href":"https:\/\/www.correiobraziliense.com.br\/cbradar\/wp-json\/wp\/v2\/posts\/235002\/revisions\/235059"}],"wp:featuredmedia":[{"embeddable":true,"href":"https:\/\/www.correiobraziliense.com.br\/cbradar\/wp-json\/wp\/v2\/media\/235057"}],"wp:attachment":[{"href":"https:\/\/www.correiobraziliense.com.br\/cbradar\/wp-json\/wp\/v2\/media?parent=235002"}],"wp:term":[{"taxonomy":"category","embeddable":true,"href":"https:\/\/www.correiobraziliense.com.br\/cbradar\/wp-json\/wp\/v2\/categories?post=235002"},{"taxonomy":"post_tag","embeddable":true,"href":"https:\/\/www.correiobraziliense.com.br\/cbradar\/wp-json\/wp\/v2\/tags?post=235002"}],"curies":[{"name":"wp","href":"https:\/\/api.w.org\/{rel}","templated":true}]}}