{"id":235016,"date":"2026-05-01T12:45:00","date_gmt":"2026-05-01T15:45:00","guid":{"rendered":"https:\/\/www.correiobraziliense.com.br\/cbradar\/?p=235016"},"modified":"2026-05-01T11:21:39","modified_gmt":"2026-05-01T14:21:39","slug":"a-onu-indicou-esse-vilarejo-mineiro-de-pedra-com-apenas-1-195-moradores-para-disputar-o-titulo-de-melhor-vila-do-mundo","status":"publish","type":"post","link":"https:\/\/www.correiobraziliense.com.br\/cbradar\/a-onu-indicou-esse-vilarejo-mineiro-de-pedra-com-apenas-1-195-moradores-para-disputar-o-titulo-de-melhor-vila-do-mundo\/","title":{"rendered":"A ONU indicou esse vilarejo mineiro de pedra com apenas 1.195 moradores para disputar o t\u00edtulo de melhor vila do mundo"},"content":{"rendered":"\n<p>A 1.100 metros de altitude, na <strong>Serra da Mantiqueira<\/strong>, <strong>Concei\u00e7\u00e3o de Ibitipoca<\/strong> tem ruas de pedra, casas coloridas e dois s\u00e9culos de hist\u00f3ria. O vilarejo mineiro foi indicado pela ONU em 2025 como uma das Melhores Vilas Tur\u00edsticas do mundo.<\/p>\n\n\n\n<h2 class=\"wp-block-heading\">Por que essa vila mineira \u00e9 t\u00e3o diferente das outras?<\/h2>\n\n\n\n<p>Concei\u00e7\u00e3o de Ibitipoca \u00e9 distrito do munic\u00edpio de <strong>Lima Duarte<\/strong>, na Zona da Mata, a 27 km da sede por estrada estreita de terra. Segundo o IBGE, o vilarejo tem 1.195 moradores e 502 domic\u00edlios em 187,94 km\u00b2 de territ\u00f3rio.<\/p>\n\n\n\n<p>O nome vem do tupi: ybytyra (montanha) e pok (estourar). Ibitipoca significa montanha estourada, em refer\u00eancia \u00e0s fendas geol\u00f3gicas que marcam a serra. A regi\u00e3o foi citada pela primeira vez em 1692 pelo padre Jo\u00e3o de Faria Fialho.<\/p>\n\n\n\n<p>Em maio de 2025, a vila foi selecionada pela <a href=\"https:\/\/secult.mg.gov.br\/noticias-artigos\/8583-minas-gerais-e-destaque-no-premio-melhores-vilas-turisticas-da-onu-turismo\" target=\"_blank\" rel=\"noreferrer noopener\"><strong>Secretaria de Cultura e Turismo de Minas Gerais<\/strong><\/a> entre as oito brasileiras que concorreram ao pr\u00eamio Melhores Vilas Tur\u00edsticas da ONU Turismo, ao lado de <strong>Delfin\u00f3polis<\/strong> e <strong>Gr\u00e3o Mogol<\/strong>.<\/p>\n\n\n<div class=\"wp-block-image\">\n<figure class=\"aligncenter size-large\"><img decoding=\"async\" width=\"1024\" height=\"576\" src=\"https:\/\/www.correiobraziliense.com.br\/cbradar\/wp-content\/uploads\/2026\/01\/aaa-41-1024x576.png\" alt=\"Uma serra que estoura encanta com a &quot;Janela do C\u00e9u&quot; para o infinito e conquista seus turistas com grutas de quartzito a 260 km do Rio\" class=\"wp-image-170773\" srcset=\"https:\/\/www.correiobraziliense.com.br\/cbradar\/wp-content\/uploads\/2026\/01\/aaa-41-1024x576.png 1024w, https:\/\/www.correiobraziliense.com.br\/cbradar\/wp-content\/uploads\/2026\/01\/aaa-41-300x169.png 300w, https:\/\/www.correiobraziliense.com.br\/cbradar\/wp-content\/uploads\/2026\/01\/aaa-41-768x432.png 768w, https:\/\/www.correiobraziliense.com.br\/cbradar\/wp-content\/uploads\/2026\/01\/aaa-41-750x422.png 750w, https:\/\/www.correiobraziliense.com.br\/cbradar\/wp-content\/uploads\/2026\/01\/aaa-41-1140x641.png 1140w, https:\/\/www.correiobraziliense.com.br\/cbradar\/wp-content\/uploads\/2026\/01\/aaa-41.png 1280w\" sizes=\"(max-width: 1024px) 100vw, 1024px\" \/><figcaption class=\"wp-element-caption\">Concei\u00e7\u00e3o do Ibitipoca, distrito de Lima Duarte (MG): vilarejo hist\u00f3rico na Serra do Ibitipoca com acesso ao parque estadual de trilhas e grutas. \/\/ Cr\u00e9ditos: Wikimedia Commons<\/figcaption><\/figure><\/div>\n\n\n<h2 class=\"wp-block-heading\">Como \u00e9 o cotidiano em uma vila com mil e poucas pessoas?<\/h2>\n\n\n\n<p><strong>O dia a dia em Concei\u00e7\u00e3o de Ibitipoca tem ritmo de ro\u00e7a mineira.<\/strong> As ruas de pedra s\u00e3o usadas para caminhar mais do que para dirigir. A maioria dos moradores trabalha direta ou indiretamente com o turismo gerado pelo Parque Estadual.<\/p>\n\n\n\n<p>A agricultura de subsist\u00eancia e a agropecu\u00e1ria ainda fazem parte da rotina rural. Queijos artesanais, geleias, cacha\u00e7as e cervejas locais saem de pequenas propriedades nas redondezas. O com\u00e9rcio banc\u00e1rio n\u00e3o existe na vila e o uso do dinheiro em esp\u00e9cie ainda \u00e9 comum.<\/p>\n\n\n\n<p>O sinal de celular oscila e parte das pousadas oferece conex\u00e3o limitada. \u00c9 o tipo de cotidiano que atrai quem busca desconex\u00e3o real, com vizinhos que se conhecem pelo nome e prosa na Pra\u00e7a da Matriz no fim do dia.<\/p>\n\n\n<div class=\"wp-block-image\">\n<figure class=\"aligncenter size-full is-resized\"><img decoding=\"async\" width=\"1280\" height=\"720\" src=\"https:\/\/www.correiobraziliense.com.br\/cbradar\/wp-content\/uploads\/2026\/03\/aaa-2026-03-31T130018.618.png\" alt=\"Uma serra que estoura encanta com a &quot;Janela do C\u00e9u&quot; para o infinito e conquista seus turistas com grutas de quartzito a 260 km do Rio\" class=\"wp-image-217687\" style=\"width:1064px;height:auto\" srcset=\"https:\/\/www.correiobraziliense.com.br\/cbradar\/wp-content\/uploads\/2026\/03\/aaa-2026-03-31T130018.618.png 1280w, https:\/\/www.correiobraziliense.com.br\/cbradar\/wp-content\/uploads\/2026\/03\/aaa-2026-03-31T130018.618-300x169.png 300w, https:\/\/www.correiobraziliense.com.br\/cbradar\/wp-content\/uploads\/2026\/03\/aaa-2026-03-31T130018.618-768x432.png 768w, https:\/\/www.correiobraziliense.com.br\/cbradar\/wp-content\/uploads\/2026\/03\/aaa-2026-03-31T130018.618-750x422.png 750w, https:\/\/www.correiobraziliense.com.br\/cbradar\/wp-content\/uploads\/2026\/03\/aaa-2026-03-31T130018.618-1140x641.png 1140w\" sizes=\"(max-width: 1280px) 100vw, 1280px\" \/><figcaption class=\"wp-element-caption\">A vila de Concei\u00e7\u00e3o de Ibitipoca, distrito de Lima Duarte, fica a apenas 3 km da portaria. \/ Cr\u00e9ditos: Wikimedia Commons<\/figcaption><\/figure><\/div>\n\n\n<h2 class=\"wp-block-heading\">Quais s\u00e3o as \u00e1reas mais procuradas para morar?<\/h2>\n\n\n\n<p>O vilarejo \u00e9 compacto, mas oferece bairros e zonas com perfis distintos. A escolha depende do n\u00edvel de movimento desejado e da proximidade com o Parque Estadual.<\/p>\n\n\n\n<ul class=\"wp-block-list\">\n<li><strong>Centro da Vila<\/strong>: concentra Igreja Matriz, restaurantes e o com\u00e9rcio local, com casas em estilo colonial e ruas cal\u00e7adas em pedra.<\/li>\n\n\n\n<li><strong>Entorno da Pra\u00e7a da Matriz<\/strong>: a \u00e1rea mais charmosa, com casinhas coloridas e maior valoriza\u00e7\u00e3o imobili\u00e1ria.<\/li>\n\n\n\n<li><strong>Zona rural do distrito<\/strong>: ch\u00e1caras e propriedades com vista para a serra, popular entre quem busca isolamento.<\/li>\n\n\n\n<li><strong>Acessos ao Parque<\/strong>: trecho final da estrada concentra pousadas e resid\u00eancias de moradores ligados ao ecoturismo.<\/li>\n<\/ul>\n\n\n\n<h2 class=\"wp-block-heading\">O Parque Estadual que move a economia da vila<\/h2>\n\n\n\n<p>O <strong>Parque Estadual do Ibitipoca<\/strong> fica a 3 km do centro da vila e \u00e9 o motor econ\u00f4mico do distrito. Criado em 1973 e administrado pelo <strong>Instituto Estadual de Florestas (IEF)<\/strong>, \u00e9 o parque mais visitado de <strong>Minas Gerais<\/strong>.<\/p>\n\n\n\n<p>O ingresso \u00e9 limitado: 300 visitantes em dias de semana e 800 nos fins de semana e feriados. O controle preserva trilhas, grutas e cachoeiras, e gera fluxo constante de h\u00f3spedes para a vila.<\/p>\n\n\n\n<p>A regi\u00e3o abriga a <strong>Janela do C\u00e9u<\/strong>, mirante natural sobre uma cachoeira, e \u00e9 um dos poucos santu\u00e1rios do muriqui-do-norte, o maior primata das <strong>Am\u00e9ricas<\/strong>, esp\u00e9cie criticamente amea\u00e7ada.<\/p>\n\n\n<div class=\"wp-block-image\">\n<figure class=\"aligncenter size-large\"><img decoding=\"async\" width=\"1024\" height=\"576\" src=\"https:\/\/www.correiobraziliense.com.br\/cbradar\/wp-content\/uploads\/2026\/01\/aaa-38-1024x576.png\" alt=\"Um vilarejo a 1.100m de altitude, nas montanhas da Zona da Mata, encanta pela tranquilidade e beleza natural\" class=\"wp-image-170776\" srcset=\"https:\/\/www.correiobraziliense.com.br\/cbradar\/wp-content\/uploads\/2026\/01\/aaa-38-1024x576.png 1024w, https:\/\/www.correiobraziliense.com.br\/cbradar\/wp-content\/uploads\/2026\/01\/aaa-38-300x169.png 300w, https:\/\/www.correiobraziliense.com.br\/cbradar\/wp-content\/uploads\/2026\/01\/aaa-38-768x432.png 768w, https:\/\/www.correiobraziliense.com.br\/cbradar\/wp-content\/uploads\/2026\/01\/aaa-38-750x422.png 750w, https:\/\/www.correiobraziliense.com.br\/cbradar\/wp-content\/uploads\/2026\/01\/aaa-38-1140x641.png 1140w, https:\/\/www.correiobraziliense.com.br\/cbradar\/wp-content\/uploads\/2026\/01\/aaa-38.png 1280w\" sizes=\"(max-width: 1024px) 100vw, 1024px\" \/><figcaption class=\"wp-element-caption\">Concei\u00e7\u00e3o do Ibitipoca, distrito de Lima Duarte (MG): vilarejo hist\u00f3rico na Serra do Ibitipoca com acesso ao parque estadual de trilhas e grutas. \/\/ Cr\u00e9ditos: Wikip\u00e9dia<\/figcaption><\/figure><\/div>\n\n\n<h2 class=\"wp-block-heading\">Festivais e tradi\u00e7\u00f5es que pontuam o calend\u00e1rio<\/h2>\n\n\n\n<p>Embora pequena, a vila tem agenda cultural ativa. Os meses de julho e agosto recebem dois festivais musicais que atraem visitantes de todo o pa\u00eds.<\/p>\n\n\n\n<ul class=\"wp-block-list\">\n<li><strong>Ibitipoca Jazz<\/strong>: festival de m\u00fasica realizado em julho na Pra\u00e7a da Matriz e bares do centro.<\/li>\n\n\n\n<li><strong>Ibiti Blues<\/strong>: tradicional em agosto, com apresenta\u00e7\u00f5es em estabelecimentos da vila.<\/li>\n\n\n\n<li><strong>Ibitipoca Off Road<\/strong>: evento de motociclismo no fim de julho, atrai grupos de v\u00e1rias regi\u00f5es.<\/li>\n\n\n\n<li><strong>Festa da Padroeira<\/strong>: celebra\u00e7\u00e3o de Nossa Senhora da Concei\u00e7\u00e3o em dezembro, com missas, comidas t\u00edpicas e prociss\u00e3o.<\/li>\n<\/ul>\n\n\n\n<h2 class=\"wp-block-heading\">Onde comer queijo premiado e cacha\u00e7a artesanal?<\/h2>\n\n\n\n<p>A gastronomia mineira \u00e9 levada a s\u00e9rio no distrito. Restaurantes e bistr\u00f4s trabalham com produtos da pr\u00f3pria regi\u00e3o e mant\u00eam o padr\u00e3o de ingredientes frescos durante todo o ano.<\/p>\n\n\n\n<ul class=\"wp-block-list\">\n<li><strong>Queijo artesanal mineiro<\/strong>: produzido em fazendas locais e premiado em concursos nacionais.<\/li>\n\n\n\n<li><strong>Cacha\u00e7a de alambique<\/strong>: produzida em pequenos alambiques na zona rural do distrito.<\/li>\n\n\n\n<li><strong>Doces caseiros e geleias<\/strong>: vendidos em lojinhas no centro e no entorno da Pra\u00e7a da Matriz.<\/li>\n\n\n\n<li><strong>Pratos da ro\u00e7a mineira<\/strong>: feij\u00e3o tropeiro, frango caipira, costelinha com car\u00e1 e tutu comp\u00f5em os menus dos restaurantes.<\/li>\n<\/ul>\n\n\n\n<p><strong>Leia tamb\u00e9m: <a href=\"https:\/\/www.correiobraziliense.com.br\/cbradar\/a-capital-do-agro-que-voce-ainda-nao-conhece-guarda-um-circuito-com-9-cachoeiras-e-quedas-dagua-a-55-km-do-centro\/\" target=\"_blank\" rel=\"noreferrer noopener\">A \u201cCapital do Agro\u201d que voc\u00ea ainda n\u00e3o conhece guarda um circuito com 9 cachoeiras e quedas d\u2019\u00e1gua a 55 km do centro.<\/a><\/strong><\/p>\n\n\n\n<h2 class=\"wp-block-heading\">Como o clima de altitude influencia a rotina?<\/h2>\n\n\n\n<p><strong>O clima tropical de altitude marca quatro esta\u00e7\u00f5es bem definidas. <\/strong>As manh\u00e3s frias e o c\u00e9u limpo do inverno s\u00e3o considerados o melhor per\u00edodo do ano pelos moradores.<\/p>\n\n\n\n<style>\n  \/* --- CONTAINER BLINDADO (PADR\u00c3O REGISTRADO) --- *\/\n  .clima-grid-final {\n    font-family: -apple-system, BlinkMacSystemFont, \"Segoe UI\", Roboto, Arial, sans-serif !important;\n    width: 100% !important;\n    max-width: 1200px !important;\n    margin: 20px auto !important;\n    display: grid !important;\n    \/* FOR\u00c7A 4 COLUNAS NO DESKTOP PARA AS 4 ESTA\u00c7\u00d5ES *\/\n    grid-template-columns: repeat(4, 1fr) !important; \n    gap: 15px !important;\n    box-sizing: border-box !important;\n  }\n\n  .clima-grid-final * {\n    box-sizing: border-box !important;\n  }\n\n  \/* --- BLINDAGEM CONTRA ADS E PLUGINS INTRUSOS --- *\/\n  .clima-grid-final > :not(.card-clima) {\n    display: none !important;\n    width: 0 !important;\n    height: 0 !important;\n    opacity: 0 !important;\n  }\n\n  \/* --- CARD PADR\u00c3O (FUNDO BRANCO) --- *\/\n  .card-clima {\n    background: #ffffff !important;\n    border: 1px solid #e0e0e0 !important;\n    border-radius: 20px !important;\n    padding: 20px 10px !important;\n    text-align: center !important;\n    display: flex !important;\n    flex-direction: column !important;\n    align-items: center !important;\n    box-shadow: 0 4px 10px rgba(0, 0, 0, 0.05) !important;\n    min-width: 0 !important; \n    transition: transform 0.2s ease !important;\n    overflow: hidden !important;\n    height: 100% !important;\n  }\n\n  .card-clima:hover {\n    transform: translateY(-5px) !important;\n    border-color: #000000 !important;\n  }\n\n  \/* --- CONTE\u00daDO --- *\/\n  .estacao-nome { \n    font-size: 14px !important; \n    font-weight: 800 !important; \n    color: #000000 !important; \n    text-transform: uppercase !important; \n    margin: 0 0 5px 0 !important; \n  }\n  \n  .estacao-meses { \n    font-size: 10px !important; \n    font-weight: 700 !important; \n    color: #444444 !important; \n    text-transform: uppercase !important; \n    margin-bottom: 15px !important; \n    display: block !important;\n  }\n  \n  .temp-valor { \n    font-size: 24px !important; \n    font-weight: 800 !important; \n    color: #000000 !important; \n    line-height: 1.1 !important; \n    margin: 0 !important;\n  }\n  \n  .temp-label { \n    font-size: 9px !important; \n    font-weight: 600 !important; \n    color: #777777 !important; \n    text-transform: uppercase !important; \n    margin-bottom: 15px !important; \n    display: block !important;\n  }\n  \n  .clima-desc { \n    font-size: 12px !important; \n    line-height: 1.4 !important; \n    color: #333333 !important; \n    margin-bottom: 15px !important; \n    flex-grow: 1 !important; \n  }\n\n  .tag-status {\n    background-color: #f5f5f5 !important;\n    border: 1px solid #d0d0d0 !important;\n    color: #000000 !important;\n    padding: 5px 12px !important;\n    border-radius: 20px !important;\n    font-size: 9px !important;\n    font-weight: 800 !important;\n    text-transform: uppercase !important;\n    margin-top: auto !important;\n  }\n\n  \/* --- RESPONSIVIDADE --- *\/\n  @media (max-width: 800px) {\n    .clima-grid-final {\n      grid-template-columns: 1fr !important; \n    }\n    .card-clima {\n      padding: 25px 20px !important;\n    }\n  }\n<\/style>\n\n<div class=\"google-auto-ads-ignore clima-grid-final\">\n  \n  <!-- VER\u00c3O -->\n  <div class=\"card-clima\">\n    <div class=\"estacao-nome\">\u2600\ufe0f Ver\u00e3o<\/div>\n    <span class=\"estacao-meses\">Dez &#8211; Fev<\/span>\n    <div class=\"temp-valor\">16-28\u00b0C<\/div>\n    <span class=\"temp-label\">Temperatura<\/span>\n    <div class=\"clima-desc\">Aproveite as <b>cachoeiras e trilhas pela manh\u00e3<\/b> para contornar o per\u00edodo de chuvas altas e curtir o calor serrano.<\/div>\n    <div class=\"tag-status\">\u26c8\ufe0f Chuva Alta<\/div>\n  <\/div>\n\n  <!-- OUTONO -->\n  <div class=\"card-clima\">\n    <div class=\"estacao-nome\">\ud83c\udf42 Outono<\/div>\n    <span class=\"estacao-meses\">Mar &#8211; Mai<\/span>\n    <div class=\"temp-valor\">13-25\u00b0C<\/div>\n    <span class=\"temp-label\">Temperatura<\/span>\n    <div class=\"clima-desc\">Clima ameno e chuva m\u00e9dia, ideal para realizar <b>trilhas longas<\/b> e relaxar em <b>pousadas com lareira<\/b> ao anoitecer.<\/div>\n    <div class=\"tag-status\">\ud83c\udf41 Temporada Charmosa<\/div>\n  <\/div>\n\n  <!-- INVERNO -->\n  <div class=\"card-clima\">\n    <div class=\"estacao-nome\">\ud83e\udde3 Inverno<\/div>\n    <span class=\"estacao-meses\">Jun &#8211; Ago<\/span>\n    <div class=\"temp-valor\">5-22\u00b0C<\/div>\n    <span class=\"temp-label\">Temperatura<\/span>\n    <div class=\"clima-desc\">O frio intenso e a baixa pluviosidade criam o cen\u00e1rio perfeito para os famosos <b>festivais de jazz e blues<\/b> da regi\u00e3o.<\/div>\n    <div class=\"tag-status\">\u2744\ufe0f Tempo Seco<\/div>\n  <\/div>\n\n  <!-- PRIMAVERA -->\n  <div class=\"card-clima\">\n    <div class=\"estacao-nome\">\ud83c\udf38 Primavera<\/div>\n    <span class=\"estacao-meses\">Set &#8211; Nov<\/span>\n    <div class=\"temp-valor\">11-26\u00b0C<\/div>\n    <span class=\"temp-label\">Temperatura<\/span>\n    <div class=\"clima-desc\">Com a natureza renovada, \u00e9 a melhor \u00e9poca para visitar a <b>Janela do C\u00e9u<\/b> e contemplar o visual nos <b>mirantes<\/b>.<\/div>\n    <div class=\"tag-status\">\ud83c\udf3f Paisagens \u00danicas<\/div>\n  <\/div>\n\n<\/div>\n\n\n\n<p><em>Temperaturas aproximadas com base no <a href=\"https:\/\/www.climatempo.com.br\/previsao-do-tempo\/cidade\/4986\/conceicaodoibitipoca-mg\" target=\"_blank\" rel=\"noreferrer noopener\"><strong>Climatempo<\/strong><\/a>. Condi\u00e7\u00f5es podem variar.<\/em><\/p>\n\n\n<div class=\"wp-block-image\">\n<figure class=\"aligncenter size-large\"><img decoding=\"async\" width=\"1024\" height=\"576\" src=\"https:\/\/www.correiobraziliense.com.br\/cbradar\/wp-content\/uploads\/2026\/01\/aaa-40-1024x576.png\" alt=\"Uma vila mineira a 1.100 metros do mar e 90km de Juiz de Fora \u00e9 finalista de pr\u00eamio da ONU como um dos melhores destinos tur\u00edsticos do mundo\" class=\"wp-image-170774\" srcset=\"https:\/\/www.correiobraziliense.com.br\/cbradar\/wp-content\/uploads\/2026\/01\/aaa-40-1024x576.png 1024w, https:\/\/www.correiobraziliense.com.br\/cbradar\/wp-content\/uploads\/2026\/01\/aaa-40-300x169.png 300w, https:\/\/www.correiobraziliense.com.br\/cbradar\/wp-content\/uploads\/2026\/01\/aaa-40-768x432.png 768w, https:\/\/www.correiobraziliense.com.br\/cbradar\/wp-content\/uploads\/2026\/01\/aaa-40-750x422.png 750w, https:\/\/www.correiobraziliense.com.br\/cbradar\/wp-content\/uploads\/2026\/01\/aaa-40-1140x641.png 1140w, https:\/\/www.correiobraziliense.com.br\/cbradar\/wp-content\/uploads\/2026\/01\/aaa-40.png 1280w\" sizes=\"(max-width: 1024px) 100vw, 1024px\" \/><figcaption class=\"wp-element-caption\">Passeie pelo charmoso vilarejo de Concei\u00e7\u00e3o do Ibitipoca, prove queijos mineiros e suba trilhas leves com vistas incr\u00edveis da serra. \/\/ Cr\u00e9ditos: Wikip\u00e9dia<\/figcaption><\/figure><\/div>\n\n\n<h2 class=\"wp-block-heading\">Como chegar \u00e0 vila de pedra escondida na serra?<\/h2>\n\n\n\n<p>O aeroporto mais pr\u00f3ximo \u00e9 o Presidente Itamar Franco, em <strong>Juiz de Fora<\/strong>, a cerca de 90 km. De l\u00e1, o trajeto \u00e9 feito pela <strong>BR-267<\/strong> at\u00e9 <strong>Lima Duarte<\/strong>, seguido de 27 km em estrada de terra at\u00e9 o vilarejo.<\/p>\n\n\n\n<p>Quem vem do <strong>Rio de Janeiro<\/strong> ou de <strong>Belo Horizonte<\/strong> usa a <strong>BR-040<\/strong> sentido <strong>Juiz de Fora<\/strong>. O trajeto total \u00e9 de cerca de quatro horas. De <strong>S\u00e3o Paulo<\/strong>, o caminho usa a <strong>Via Dutra<\/strong> e o sul de Minas, com aproximadamente seis horas.<\/p>\n\n\n\n<h2 class=\"wp-block-heading\">A vila mineira que parou no tempo<\/h2>\n\n\n\n<p><strong>Concei\u00e7\u00e3o de Ibitipoca \u00e9 o tipo de lugar raro:<\/strong> pequeno, aut\u00eantico, cercado por mata atl\u00e2ntica e ainda longe do turismo de massa. Viver ali \u00e9 trocar o ritmo da cidade pelo som das \u00e1guas correndo nas pedras.<\/p>\n\n\n\n<p>Voc\u00ea precisa subir at\u00e9 Ibitipoca e descobrir como \u00e9 dormir num vilarejo onde a Janela do C\u00e9u fica a 3 km da padaria mais pr\u00f3xima.<\/p>\n","protected":false},"excerpt":{"rendered":"<p>A 1.100 metros de altitude, na Serra da Mantiqueira, Concei\u00e7\u00e3o de Ibitipoca tem ruas de pedra, casas coloridas e dois s\u00e9culos de hist\u00f3ria. O vilarejo mineiro foi indicado pela ONU em 2025 como uma das Melhores Vilas Tur\u00edsticas do mundo. Por que essa vila mineira \u00e9 t\u00e3o diferente das outras? Concei\u00e7\u00e3o de Ibitipoca \u00e9 distrito [&hellip;]<\/p>\n","protected":false},"author":8,"featured_media":235339,"comment_status":"open","ping_status":"open","sticky":false,"template":"","format":"standard","meta":{"_yoast_wpseo_focuskw":"vilarejo mineiro","_yoast_wpseo_title":"","_yoast_wpseo_metadesc":"Com apenas 1.195 moradores, esse vilarejo mineiro de pedra foi indicado pela ONU ao t\u00edtulo de melhor vila do mundo.","jnews-multi-image_gallery":[],"jnews_single_post":{"format":"standard"},"jnews_primary_category":[],"jnews_social_meta":[],"jnews_override_counter":[],"footnotes":""},"categories":[1],"tags":[14892,388],"class_list":["post-235016","post","type-post","status-publish","format-standard","has-post-thumbnail","hentry","category-uncategorized","tag-conceicao-de-ibitipoca","tag-minas-gerais"],"yoast_head":"<!-- This site is optimized with the Yoast SEO plugin v24.6 - https:\/\/yoast.com\/wordpress\/plugins\/seo\/ -->\n<title>A ONU indicou esse vilarejo mineiro de pedra com apenas 1.195 moradores para disputar o t\u00edtulo de melhor vila do mundo - Correio Braziliense - Radar<\/title>\n<meta name=\"description\" content=\"Com apenas 1.195 moradores, esse vilarejo mineiro de pedra foi indicado pela ONU ao t\u00edtulo de melhor vila do mundo.\" \/>\n<meta name=\"robots\" content=\"index, follow, max-snippet:-1, max-image-preview:large, max-video-preview:-1\" \/>\n<link rel=\"canonical\" href=\"https:\/\/www.correiobraziliense.com.br\/cbradar\/a-onu-indicou-esse-vilarejo-mineiro-de-pedra-com-apenas-1-195-moradores-para-disputar-o-titulo-de-melhor-vila-do-mundo\/\" \/>\n<meta property=\"og:locale\" content=\"pt_BR\" \/>\n<meta property=\"og:type\" content=\"article\" \/>\n<meta property=\"og:title\" content=\"A ONU indicou esse vilarejo mineiro de pedra com apenas 1.195 moradores para disputar o t\u00edtulo de melhor vila do mundo - Correio Braziliense - Radar\" \/>\n<meta property=\"og:description\" content=\"Com apenas 1.195 moradores, esse vilarejo mineiro de pedra foi indicado pela ONU ao t\u00edtulo de melhor vila do mundo.\" \/>\n<meta property=\"og:url\" content=\"https:\/\/www.correiobraziliense.com.br\/cbradar\/a-onu-indicou-esse-vilarejo-mineiro-de-pedra-com-apenas-1-195-moradores-para-disputar-o-titulo-de-melhor-vila-do-mundo\/\" \/>\n<meta property=\"og:site_name\" content=\"Correio Braziliense - Radar\" \/>\n<meta property=\"article:published_time\" content=\"2026-05-01T15:45:00+00:00\" \/>\n<meta property=\"og:image\" content=\"https:\/\/www.correiobraziliense.com.br\/cbradar\/wp-content\/uploads\/2026\/05\/aaa-2026-05-01T112048.802.png\" \/>\n\t<meta property=\"og:image:width\" content=\"1280\" \/>\n\t<meta property=\"og:image:height\" content=\"720\" \/>\n\t<meta property=\"og:image:type\" content=\"image\/png\" \/>\n<meta name=\"author\" content=\"Maura Pereira\" \/>\n<meta name=\"twitter:card\" content=\"summary_large_image\" \/>\n<meta name=\"twitter:label1\" content=\"Escrito por\" \/>\n\t<meta name=\"twitter:data1\" content=\"Maura Pereira\" \/>\n\t<meta name=\"twitter:label2\" content=\"Est. tempo de leitura\" \/>\n\t<meta name=\"twitter:data2\" content=\"8 minutos\" \/>\n<!-- \/ Yoast SEO plugin. -->","yoast_head_json":{"title":"A ONU indicou esse vilarejo mineiro de pedra com apenas 1.195 moradores para disputar o t\u00edtulo de melhor vila do mundo - Correio Braziliense - Radar","description":"Com apenas 1.195 moradores, esse vilarejo mineiro de pedra foi indicado pela ONU ao t\u00edtulo de melhor vila do mundo.","robots":{"index":"index","follow":"follow","max-snippet":"max-snippet:-1","max-image-preview":"max-image-preview:large","max-video-preview":"max-video-preview:-1"},"canonical":"https:\/\/www.correiobraziliense.com.br\/cbradar\/a-onu-indicou-esse-vilarejo-mineiro-de-pedra-com-apenas-1-195-moradores-para-disputar-o-titulo-de-melhor-vila-do-mundo\/","og_locale":"pt_BR","og_type":"article","og_title":"A ONU indicou esse vilarejo mineiro de pedra com apenas 1.195 moradores para disputar o t\u00edtulo de melhor vila do mundo - Correio Braziliense - Radar","og_description":"Com apenas 1.195 moradores, esse vilarejo mineiro de pedra foi indicado pela ONU ao t\u00edtulo de melhor vila do mundo.","og_url":"https:\/\/www.correiobraziliense.com.br\/cbradar\/a-onu-indicou-esse-vilarejo-mineiro-de-pedra-com-apenas-1-195-moradores-para-disputar-o-titulo-de-melhor-vila-do-mundo\/","og_site_name":"Correio Braziliense - Radar","article_published_time":"2026-05-01T15:45:00+00:00","og_image":[{"width":1280,"height":720,"url":"https:\/\/www.correiobraziliense.com.br\/cbradar\/wp-content\/uploads\/2026\/05\/aaa-2026-05-01T112048.802.png","type":"image\/png"}],"author":"Maura Pereira","twitter_card":"summary_large_image","twitter_misc":{"Escrito por":"Maura Pereira","Est. tempo de leitura":"8 minutos"},"schema":{"@context":"https:\/\/schema.org","@graph":[{"@type":"WebPage","@id":"https:\/\/www.correiobraziliense.com.br\/cbradar\/a-onu-indicou-esse-vilarejo-mineiro-de-pedra-com-apenas-1-195-moradores-para-disputar-o-titulo-de-melhor-vila-do-mundo\/","url":"https:\/\/www.correiobraziliense.com.br\/cbradar\/a-onu-indicou-esse-vilarejo-mineiro-de-pedra-com-apenas-1-195-moradores-para-disputar-o-titulo-de-melhor-vila-do-mundo\/","name":"A ONU indicou esse vilarejo mineiro de pedra com apenas 1.195 moradores para disputar o t\u00edtulo de melhor vila do mundo - Correio Braziliense - Radar","isPartOf":{"@id":"https:\/\/www.correiobraziliense.com.br\/cbradar\/#website"},"primaryImageOfPage":{"@id":"https:\/\/www.correiobraziliense.com.br\/cbradar\/a-onu-indicou-esse-vilarejo-mineiro-de-pedra-com-apenas-1-195-moradores-para-disputar-o-titulo-de-melhor-vila-do-mundo\/#primaryimage"},"image":{"@id":"https:\/\/www.correiobraziliense.com.br\/cbradar\/a-onu-indicou-esse-vilarejo-mineiro-de-pedra-com-apenas-1-195-moradores-para-disputar-o-titulo-de-melhor-vila-do-mundo\/#primaryimage"},"thumbnailUrl":"https:\/\/www.correiobraziliense.com.br\/cbradar\/wp-content\/uploads\/2026\/05\/aaa-2026-05-01T112048.802.png","datePublished":"2026-05-01T15:45:00+00:00","author":{"@id":"https:\/\/www.correiobraziliense.com.br\/cbradar\/#\/schema\/person\/4053c651a9bfc785afc6f4cbc9032fd3"},"description":"Com apenas 1.195 moradores, esse vilarejo mineiro de pedra foi indicado pela ONU ao t\u00edtulo de melhor vila do mundo.","breadcrumb":{"@id":"https:\/\/www.correiobraziliense.com.br\/cbradar\/a-onu-indicou-esse-vilarejo-mineiro-de-pedra-com-apenas-1-195-moradores-para-disputar-o-titulo-de-melhor-vila-do-mundo\/#breadcrumb"},"inLanguage":"pt-BR","potentialAction":[{"@type":"ReadAction","target":["https:\/\/www.correiobraziliense.com.br\/cbradar\/a-onu-indicou-esse-vilarejo-mineiro-de-pedra-com-apenas-1-195-moradores-para-disputar-o-titulo-de-melhor-vila-do-mundo\/"]}]},{"@type":"ImageObject","inLanguage":"pt-BR","@id":"https:\/\/www.correiobraziliense.com.br\/cbradar\/a-onu-indicou-esse-vilarejo-mineiro-de-pedra-com-apenas-1-195-moradores-para-disputar-o-titulo-de-melhor-vila-do-mundo\/#primaryimage","url":"https:\/\/www.correiobraziliense.com.br\/cbradar\/wp-content\/uploads\/2026\/05\/aaa-2026-05-01T112048.802.png","contentUrl":"https:\/\/www.correiobraziliense.com.br\/cbradar\/wp-content\/uploads\/2026\/05\/aaa-2026-05-01T112048.802.png","width":1280,"height":720,"caption":"Viver ali \u00e9 trocar o ritmo da cidade pelo som das \u00e1guas correndo nas pedras. \/ Imagem ilustrativa"},{"@type":"BreadcrumbList","@id":"https:\/\/www.correiobraziliense.com.br\/cbradar\/a-onu-indicou-esse-vilarejo-mineiro-de-pedra-com-apenas-1-195-moradores-para-disputar-o-titulo-de-melhor-vila-do-mundo\/#breadcrumb","itemListElement":[{"@type":"ListItem","position":1,"name":"In\u00edcio","item":"https:\/\/www.correiobraziliense.com.br\/cbradar\/"},{"@type":"ListItem","position":2,"name":"A ONU indicou esse vilarejo mineiro de pedra com apenas 1.195 moradores para disputar o t\u00edtulo de melhor vila do mundo"}]},{"@type":"WebSite","@id":"https:\/\/www.correiobraziliense.com.br\/cbradar\/#website","url":"https:\/\/www.correiobraziliense.com.br\/cbradar\/","name":"Correio Braziliense - Radar","description":"Acompanhe as \u00faltimas not\u00edcias e fique bem informado sobre tudo o que acontece no Brasil e no mundo.","potentialAction":[{"@type":"SearchAction","target":{"@type":"EntryPoint","urlTemplate":"https:\/\/www.correiobraziliense.com.br\/cbradar\/?s={search_term_string}"},"query-input":{"@type":"PropertyValueSpecification","valueRequired":true,"valueName":"search_term_string"}}],"inLanguage":"pt-BR"},{"@type":"Person","@id":"https:\/\/www.correiobraziliense.com.br\/cbradar\/#\/schema\/person\/4053c651a9bfc785afc6f4cbc9032fd3","name":"Maura Pereira","image":{"@type":"ImageObject","inLanguage":"pt-BR","@id":"https:\/\/www.correiobraziliense.com.br\/cbradar\/#\/schema\/person\/image\/","url":"https:\/\/secure.gravatar.com\/avatar\/3effd6bdadfa447f15089c7f7144eaa6?s=96&d=mm&r=g","contentUrl":"https:\/\/secure.gravatar.com\/avatar\/3effd6bdadfa447f15089c7f7144eaa6?s=96&d=mm&r=g","caption":"Maura Pereira"},"sameAs":["https:\/\/www.correiobraziliense.com.br\/"],"url":"https:\/\/www.correiobraziliense.com.br\/cbradar\/author\/mauramyth\/"}]}},"_links":{"self":[{"href":"https:\/\/www.correiobraziliense.com.br\/cbradar\/wp-json\/wp\/v2\/posts\/235016","targetHints":{"allow":["GET"]}}],"collection":[{"href":"https:\/\/www.correiobraziliense.com.br\/cbradar\/wp-json\/wp\/v2\/posts"}],"about":[{"href":"https:\/\/www.correiobraziliense.com.br\/cbradar\/wp-json\/wp\/v2\/types\/post"}],"author":[{"embeddable":true,"href":"https:\/\/www.correiobraziliense.com.br\/cbradar\/wp-json\/wp\/v2\/users\/8"}],"replies":[{"embeddable":true,"href":"https:\/\/www.correiobraziliense.com.br\/cbradar\/wp-json\/wp\/v2\/comments?post=235016"}],"version-history":[{"count":12,"href":"https:\/\/www.correiobraziliense.com.br\/cbradar\/wp-json\/wp\/v2\/posts\/235016\/revisions"}],"predecessor-version":[{"id":235343,"href":"https:\/\/www.correiobraziliense.com.br\/cbradar\/wp-json\/wp\/v2\/posts\/235016\/revisions\/235343"}],"wp:featuredmedia":[{"embeddable":true,"href":"https:\/\/www.correiobraziliense.com.br\/cbradar\/wp-json\/wp\/v2\/media\/235339"}],"wp:attachment":[{"href":"https:\/\/www.correiobraziliense.com.br\/cbradar\/wp-json\/wp\/v2\/media?parent=235016"}],"wp:term":[{"taxonomy":"category","embeddable":true,"href":"https:\/\/www.correiobraziliense.com.br\/cbradar\/wp-json\/wp\/v2\/categories?post=235016"},{"taxonomy":"post_tag","embeddable":true,"href":"https:\/\/www.correiobraziliense.com.br\/cbradar\/wp-json\/wp\/v2\/tags?post=235016"}],"curies":[{"name":"wp","href":"https:\/\/api.w.org\/{rel}","templated":true}]}}