{"id":235018,"date":"2026-05-01T19:15:00","date_gmt":"2026-05-01T22:15:00","guid":{"rendered":"https:\/\/www.correiobraziliense.com.br\/cbradar\/?p=235018"},"modified":"2026-05-01T15:40:46","modified_gmt":"2026-05-01T18:40:46","slug":"com-paredoes-de-60-metros-e-360-degraus-de-mirante-essa-e-a-unica-cidade-do-semiarido-tombada-pelo-iphan-265-km-de-maceio","status":"publish","type":"post","link":"https:\/\/www.correiobraziliense.com.br\/cbradar\/com-paredoes-de-60-metros-e-360-degraus-de-mirante-essa-e-a-unica-cidade-do-semiarido-tombada-pelo-iphan-265-km-de-maceio\/","title":{"rendered":"Com pared\u00f5es de 60 metros e 360 degraus de mirante, essa \u00e9 a \u00fanica cidade do semi\u00e1rido tombada pelo IPHAN 265 km de Macei\u00f3"},"content":{"rendered":"\n<p>A 265 km de <strong>Macei\u00f3<\/strong>, no sert\u00e3o de <strong>Alagoas<\/strong>, <strong>Piranhas<\/strong> recebe o visitante com casar\u00f5es coloridos e ladeiras de pedra. A cidade do semi\u00e1rido \u00e9 base para os passeios pelo <strong>C\u00e2nion do Xing\u00f3<\/strong>, forma\u00e7\u00e3o rochosa com pared\u00f5es de at\u00e9 60 metros sobre o <strong>Velho Chico<\/strong>.<\/p>\n\n\n\n<h2 class=\"wp-block-heading\">Por que Piranhas \u00e9 considerada a Lapinha do Sert\u00e3o?<\/h2>\n\n\n\n<p>Piranhas foi tombada pelo IPHAN em 2003 e \u00e9 o \u00fanico munic\u00edpio do semi\u00e1rido nordestino reconhecido integralmente como Patrim\u00f4nio Hist\u00f3rico Nacional. O apelido Lapinha do Sert\u00e3o veio do desenho geogr\u00e1fico: a cidade fica encravada entre serras, com casario que lembra um pres\u00e9pio.<\/p>\n\n\n\n<p>O Centro Hist\u00f3rico mant\u00e9m ladeiras de pedra, casar\u00f5es coloridos do s\u00e9culo XIX e a antiga esta\u00e7\u00e3o ferrovi\u00e1ria convertida em <strong>Museu do Sert\u00e3o<\/strong>. Em 1859, a cidade recebeu a visita do imperador <strong>Dom Pedro II<\/strong>, que percorreu a regi\u00e3o em viagem oficial.<\/p>\n\n\n<div class=\"wp-block-image\">\n<figure class=\"aligncenter size-large\"><img decoding=\"async\" width=\"1024\" height=\"576\" src=\"https:\/\/www.correiobraziliense.com.br\/cbradar\/wp-content\/uploads\/2025\/12\/canva-2025-12-28T033544.890-1024x576.png\" alt=\"Fundada em 1887, a &quot;Lapinha do Sert\u00e3o&quot; \u00e9 uma vila no Nordeste \u00fanica ao unir c\u00e2nions imensos a casar\u00f5es hist\u00f3ricos desde o s\u00e9culo XIX\" class=\"wp-image-163979\" srcset=\"https:\/\/www.correiobraziliense.com.br\/cbradar\/wp-content\/uploads\/2025\/12\/canva-2025-12-28T033544.890-1024x576.png 1024w, https:\/\/www.correiobraziliense.com.br\/cbradar\/wp-content\/uploads\/2025\/12\/canva-2025-12-28T033544.890-300x169.png 300w, https:\/\/www.correiobraziliense.com.br\/cbradar\/wp-content\/uploads\/2025\/12\/canva-2025-12-28T033544.890-768x432.png 768w, https:\/\/www.correiobraziliense.com.br\/cbradar\/wp-content\/uploads\/2025\/12\/canva-2025-12-28T033544.890-750x422.png 750w, https:\/\/www.correiobraziliense.com.br\/cbradar\/wp-content\/uploads\/2025\/12\/canva-2025-12-28T033544.890-1140x641.png 1140w, https:\/\/www.correiobraziliense.com.br\/cbradar\/wp-content\/uploads\/2025\/12\/canva-2025-12-28T033544.890.png 1280w\" sizes=\"(max-width: 1024px) 100vw, 1024px\" \/><figcaption class=\"wp-element-caption\">Piranhas fascina com canyons avermelhados e hist\u00f3ria cangaceira: viva o sert\u00e3o vibrante do Velho Chico que inspira aventuras fluviais, pores do sol \u00e9picos e conex\u00e3o profunda com o Nordeste aut\u00eantico! \/\/ Cr\u00e9ditos: Wikip\u00e9dia<\/figcaption><\/figure><\/div>\n\n\n<h2 class=\"wp-block-heading\">O que ver no C\u00e2nion do Xing\u00f3?<\/h2>\n\n\n\n<p>O passeio de catamar\u00e3 pelo C\u00e2nion do Xing\u00f3 \u00e9 a atra\u00e7\u00e3o principal. A forma\u00e7\u00e3o rochosa surgiu com a represa da <strong>Usina Hidrel\u00e9trica de Xing\u00f3<\/strong>, que inundou parte do leito original do <strong>Rio S\u00e3o Francisco<\/strong> e transformou o trecho em um lago naveg\u00e1vel.<\/p>\n\n\n\n<ul class=\"wp-block-list\">\n<li><strong>C\u00e2nion do Xing\u00f3<\/strong>: pared\u00f5es avermelhados de cerca de 60 metros sobre \u00e1guas verde-esmeralda, percurso de 3 horas em catamar\u00e3.<\/li>\n\n\n\n<li><strong>Grota do Talhado<\/strong>: parada para banho em piscina natural cercada por rochas, ponto principal da rota.<\/li>\n\n\n\n<li><strong>Pedra do Gavi\u00e3o e Morro dos Macacos<\/strong>: forma\u00e7\u00f5es rochosas que marcam a navega\u00e7\u00e3o pelo c\u00e2nion.<\/li>\n\n\n\n<li><strong>Praia fluvial de Piranhas<\/strong>: faixa de areia branca em frente ao centro hist\u00f3rico, com bares e card\u00e1pio de pescados.<\/li>\n\n\n\n<li><strong>Mirante Secular<\/strong>: subida por 360 degraus at\u00e9 o monumento que homenageia a passagem dos s\u00e9culos XIX e XX.<\/li>\n<\/ul>\n\n\n\n<p><strong>O charme hist\u00f3rico de Alagoas se destaca nas margens do Rio S\u00e3o Francisco com roteiros surpreendentes.<\/strong> O v\u00eddeo \u00e9 do canal <strong>Vou na Janela<\/strong>, com<strong> 183 mil inscritos<\/strong>, e detalha pre\u00e7os, gastronomia e passeios imperd\u00edveis em Piranhas:<\/p>\n\n\n\n<figure class=\"wp-block-embed aligncenter is-type-video is-provider-youtube wp-block-embed-youtube wp-embed-aspect-16-9 wp-has-aspect-ratio\"><div class=\"wp-block-embed__wrapper\">\n<div class=\"jeg_video_container jeg_video_content\"><iframe loading=\"lazy\" title=\"O QUE FAZER EM PIRANHAS, ALAGOAS: roteiro com pre\u00e7os!\" width=\"500\" height=\"281\" src=\"https:\/\/www.youtube.com\/embed\/HdfyGw7tEqM?feature=oembed\" frameborder=\"0\" allow=\"accelerometer; autoplay; clipboard-write; encrypted-media; gyroscope; picture-in-picture; web-share\" referrerpolicy=\"strict-origin-when-cross-origin\" allowfullscreen><\/iframe><\/div>\n<\/div><\/figure>\n\n\n\n<h2 class=\"wp-block-heading\">A hist\u00f3ria do canga\u00e7o que terminou em Piranhas<\/h2>\n\n\n\n<p><strong>Pouca gente sabe, mas Piranhas foi palco do desfecho do bando de Lampi\u00e3o e Maria Bonita. <\/strong>Em 28 de julho de 1938, ap\u00f3s o ataque na <strong>Grota de Angico<\/strong>, em <strong>Sergipe<\/strong>, as cabe\u00e7as dos cangaceiros foram trazidas para a cidade e expostas na escadaria da Prefeitura.<\/p>\n\n\n\n<p>O Museu do Sert\u00e3o preserva fotografias, armas e objetos do per\u00edodo. A famosa imagem das cabe\u00e7as empilhadas, que ilustra livros sobre o canga\u00e7o, foi registrada nessa escadaria.<\/p>\n\n\n\n<p>Hoje, a mem\u00f3ria virou ativo cultural. Apresenta\u00e7\u00f5es teatrais ao ar livre reencenam o cotidiano do canga\u00e7o, e a <strong>Rota do Canga\u00e7o<\/strong> leva visitantes de barco pelo trecho do <strong>S\u00e3o Francisco<\/strong> at\u00e9 o local da emboscada.<\/p>\n\n\n\n<h2 class=\"wp-block-heading\">O cen\u00e1rio de filmes que marcou o cinema brasileiro<\/h2>\n\n\n\n<p>O casario colorido e as ladeiras de pedra atra\u00edram diretores brasileiros desde a d\u00e9cada de 1970. <strong>Bye Bye Brasil<\/strong>, de Cac\u00e1 Diegues (1979), e <strong>Baile Perfumado<\/strong>, de L\u00edrio Ferreira e Paulo Caldas (1997), tiveram cenas gravadas em Piranhas.<\/p>\n\n\n\n<p>A novela <strong>Cordel Encantado<\/strong> usou as ruas hist\u00f3ricas como cen\u00e1rio em 2011. O resultado \u00e9 uma cidade que reconhece o pr\u00f3prio centro nas telas e mant\u00e9m o visual das grava\u00e7\u00f5es praticamente intacto.<\/p>\n\n\n<div class=\"wp-block-image\">\n<figure class=\"aligncenter size-large\"><img decoding=\"async\" width=\"1024\" height=\"576\" src=\"https:\/\/www.correiobraziliense.com.br\/cbradar\/wp-content\/uploads\/2025\/12\/canva-2025-12-28T033619.357-1024x576.png\" alt=\"Uma cidade brasileira fundada em 1891 lembra uma vila antiga europeia e chama aten\u00e7\u00e3o pela sua beleza\" class=\"wp-image-163981\" srcset=\"https:\/\/www.correiobraziliense.com.br\/cbradar\/wp-content\/uploads\/2025\/12\/canva-2025-12-28T033619.357-1024x576.png 1024w, https:\/\/www.correiobraziliense.com.br\/cbradar\/wp-content\/uploads\/2025\/12\/canva-2025-12-28T033619.357-300x169.png 300w, https:\/\/www.correiobraziliense.com.br\/cbradar\/wp-content\/uploads\/2025\/12\/canva-2025-12-28T033619.357-768x432.png 768w, https:\/\/www.correiobraziliense.com.br\/cbradar\/wp-content\/uploads\/2025\/12\/canva-2025-12-28T033619.357-750x422.png 750w, https:\/\/www.correiobraziliense.com.br\/cbradar\/wp-content\/uploads\/2025\/12\/canva-2025-12-28T033619.357-1140x641.png 1140w, https:\/\/www.correiobraziliense.com.br\/cbradar\/wp-content\/uploads\/2025\/12\/canva-2025-12-28T033619.357.png 1280w\" sizes=\"(max-width: 1024px) 100vw, 1024px\" \/><figcaption class=\"wp-element-caption\">Piranhas, AL, preserva centro hist\u00f3rico tombado pelo IPHAN \u00e0s margens do S\u00e3o Francisco, com casar\u00f5es coloniais e vistas dos c\u00e2nions do Xing\u00f3. \/\/ Cr\u00e9ditos: Wikip\u00e9dia<\/figcaption><\/figure><\/div>\n\n\n<h2 class=\"wp-block-heading\">O que comer p\u00e9 na praia fluvial?<\/h2>\n\n\n\n<p>A gastronomia local \u00e9 centrada nos peixes do <strong>Velho Chico<\/strong> e na cozinha tradicional do sert\u00e3o alagoano. Restaurantes ficam concentrados na orla fluvial e no Centro Hist\u00f3rico.<\/p>\n\n\n\n<ul class=\"wp-block-list\">\n<li><strong>Pirarucu e surubim do S\u00e3o Francisco<\/strong>: servidos grelhados ou em moqueca nos bares da orla fluvial.<\/li>\n\n\n\n<li><strong>Carne de sol com queijo coalho<\/strong>: prato sertanejo cl\u00e1ssico, acompanhado de feij\u00e3o tropeiro e farofa.<\/li>\n\n\n\n<li><strong>Doce de Coroa de Frade<\/strong>: cocada feita com cacto t\u00edpico do sert\u00e3o, especialidade rara da regi\u00e3o.<\/li>\n\n\n\n<li><strong>Bordados de redend\u00ea e ponto-cruz<\/strong>: artesanato das Mulheres Rendeiras de <strong>Entremontes<\/strong>, distrito da cidade, reconhecido at\u00e9 por estilistas internacionais.<\/li>\n<\/ul>\n\n\n\n<p><strong>Leia tamb\u00e9m: <a href=\"https:\/\/www.correiobraziliense.com.br\/cbradar\/a-capital-do-agro-que-voce-ainda-nao-conhece-guarda-um-circuito-com-9-cachoeiras-e-quedas-dagua-a-55-km-do-centro\/\" target=\"_blank\" rel=\"noreferrer noopener\">A \u201cCapital do Agro\u201d que voc\u00ea ainda n\u00e3o conhece guarda um circuito com 9 cachoeiras e quedas d\u2019\u00e1gua a 55 km do centro.<\/a><\/strong><\/p>\n\n\n\n<h2 class=\"wp-block-heading\">Quando o clima do sert\u00e3o favorece a visita?<\/h2>\n\n\n\n<p><strong>O clima \u00e9 semi\u00e1rido, quente o ano todo, com chuvas concentradas entre abril e junho.<\/strong> O per\u00edodo seco \u00e9 o melhor para os passeios de catamar\u00e3, com \u00e1guas mais claras e sol garantido.<\/p>\n\n\n\n<style>\n  \/* --- CONTAINER BLINDADO (PADR\u00c3O REGISTRADO) --- *\/\n  .clima-grid-final {\n    font-family: -apple-system, BlinkMacSystemFont, \"Segoe UI\", Roboto, Arial, sans-serif !important;\n    width: 100% !important;\n    max-width: 1200px !important;\n    margin: 20px auto !important;\n    display: grid !important;\n    \/* 4 COLUNAS PARA AS 4 FASES CLIM\u00c1TICAS\/EVENTOS *\/\n    grid-template-columns: repeat(4, 1fr) !important; \n    gap: 15px !important;\n    box-sizing: border-box !important;\n  }\n\n  .clima-grid-final * {\n    box-sizing: border-box !important;\n  }\n\n  \/* --- BLINDAGEM CONTRA ADS E PLUGINS INTRUSOS --- *\/\n  .clima-grid-final > :not(.card-clima) {\n    display: none !important;\n    width: 0 !important;\n    height: 0 !important;\n    opacity: 0 !important;\n  }\n\n  \/* --- CARD PADR\u00c3O (FUNDO BRANCO) --- *\/\n  .card-clima {\n    background: #ffffff !important;\n    border: 1px solid #e0e0e0 !important;\n    border-radius: 20px !important;\n    padding: 20px 10px !important;\n    text-align: center !important;\n    display: flex !important;\n    flex-direction: column !important;\n    align-items: center !important;\n    box-shadow: 0 4px 10px rgba(0, 0, 0, 0.05) !important;\n    min-width: 0 !important; \n    transition: transform 0.2s ease !important;\n    overflow: hidden !important;\n    height: 100% !important;\n  }\n\n  .card-clima:hover {\n    transform: translateY(-5px) !important;\n    border-color: #000000 !important;\n  }\n\n  \/* --- CONTE\u00daDO --- *\/\n  .estacao-nome { \n    font-size: 14px !important; \n    font-weight: 800 !important; \n    color: #000000 !important; \n    text-transform: uppercase !important; \n    margin: 0 0 5px 0 !important; \n  }\n  \n  .estacao-meses { \n    font-size: 10px !important; \n    font-weight: 700 !important; \n    color: #444444 !important; \n    text-transform: uppercase !important; \n    margin-bottom: 15px !important; \n    display: block !important;\n  }\n  \n  .temp-valor { \n    font-size: 24px !important; \n    font-weight: 800 !important; \n    color: #000000 !important; \n    line-height: 1.1 !important; \n    margin: 0 !important;\n  }\n  \n  .temp-label { \n    font-size: 9px !important; \n    font-weight: 600 !important; \n    color: #777777 !important; \n    text-transform: uppercase !important; \n    margin-bottom: 15px !important; \n    display: block !important;\n  }\n  \n  .clima-desc { \n    font-size: 12px !important; \n    line-height: 1.4 !important; \n    color: #333333 !important; \n    margin-bottom: 15px !important; \n    flex-grow: 1 !important; \n  }\n\n  .tag-status {\n    background-color: #f5f5f5 !important;\n    border: 1px solid #d0d0d0 !important;\n    color: #000000 !important;\n    padding: 5px 12px !important;\n    border-radius: 20px !important;\n    font-size: 9px !important;\n    font-weight: 800 !important;\n    text-transform: uppercase !important;\n    margin-top: auto !important;\n  }\n\n  \/* --- RESPONSIVIDADE --- *\/\n  @media (max-width: 800px) {\n    .clima-grid-final {\n      grid-template-columns: 1fr !important; \n    }\n    .card-clima {\n      padding: 25px 20px !important;\n    }\n  }\n<\/style>\n\n<div class=\"google-auto-ads-ignore clima-grid-final\">\n  \n  <!-- SECA -->\n  <div class=\"card-clima\">\n    <div class=\"estacao-nome\">\u2600\ufe0f Seca<\/div>\n    <span class=\"estacao-meses\">Ago &#8211; Mar<\/span>\n    <div class=\"temp-valor\">22-34\u00b0C<\/div>\n    <span class=\"temp-label\">Temperatura<\/span>\n    <div class=\"clima-desc\">O sol predominante e a baixa pluviosidade criam as condi\u00e7\u00f5es perfeitas para explorar os <b>c\u00e2nions<\/b> e aproveitar um <b>banho de rio<\/b>.<\/div>\n    <div class=\"tag-status\">\ud83c\udfdc\ufe0f Aridez &#038; Sol<\/div>\n  <\/div>\n\n  <!-- CHUVOSA -->\n  <div class=\"card-clima\">\n    <div class=\"estacao-nome\">\ud83c\udf27\ufe0f Chuvosa<\/div>\n    <span class=\"estacao-meses\">Abr &#8211; Jun<\/span>\n    <div class=\"temp-valor\">21-30\u00b0C<\/div>\n    <span class=\"temp-label\">Temperatura<\/span>\n    <div class=\"clima-desc\">Para os dias de chuva alta, a pedida \u00e9 mergulhar na hist\u00f3ria local visitando o <b>Centro Hist\u00f3rico<\/b> e os diversos <b>museus<\/b> da regi\u00e3o.<\/div>\n    <div class=\"tag-status\">\ud83c\udfdb\ufe0f Roteiro Cultural<\/div>\n  <\/div>\n\n  <!-- CARNAVAL -->\n  <div class=\"card-clima\">\n    <div class=\"estacao-nome\">\ud83c\udfad Carnaval<\/div>\n    <span class=\"estacao-meses\">Fev &#8211; Mar<\/span>\n    <div class=\"temp-valor\">23-34\u00b0C<\/div>\n    <span class=\"temp-label\">Temperatura<\/span>\n    <div class=\"clima-desc\">Aproveite as <b>festas no Centro Hist\u00f3rico<\/b> com o calor t\u00edpico da \u00e9poca e a garantia de pouca chuva para a folia.<\/div>\n    <div class=\"tag-status\">\ud83c\udf8a Folia ao Luar<\/div>\n  <\/div>\n\n  <!-- ANIVERS\u00c1RIO \/ JUNINA -->\n  <div class=\"card-clima\">\n    <div class=\"estacao-nome\">\ud83d\udd25 Festas<\/div>\n    <span class=\"estacao-meses\">Junho<\/span>\n    <div class=\"temp-valor\">21-31\u00b0C<\/div>\n    <span class=\"temp-label\">Temperatura<\/span>\n    <div class=\"clima-desc\">M\u00eas de comemora\u00e7\u00f5es intensas com o <b>Forr\u00f3ga\u00e7o<\/b> e a tradicional <b>Festa Junina<\/b>, acompanhados de chuvas moderadas.<\/div>\n    <div class=\"tag-status\">\ud83c\udf3d Forr\u00f3 &#038; Tradi\u00e7\u00e3o<\/div>\n  <\/div>\n\n<\/div>\n\n\n\n<p><em>Temperaturas aproximadas com base no <a href=\"https:\/\/www.climatempo.com.br\/previsao-do-tempo\/cidade\/5135\/piranhas-al\" target=\"_blank\" rel=\"noreferrer noopener\"><strong>Climatempo<\/strong><\/a>. Condi\u00e7\u00f5es podem variar.<\/em><\/p>\n\n\n<div class=\"wp-block-image\">\n<figure class=\"aligncenter size-large\"><img decoding=\"async\" width=\"1024\" height=\"576\" src=\"https:\/\/www.correiobraziliense.com.br\/cbradar\/wp-content\/uploads\/2025\/12\/canva-2025-12-28T033855.536-1024x576.png\" alt=\"Fundada em 1887, a &quot;Lapinha do Sert\u00e3o&quot; \u00e9 uma vila no Nordeste \u00fanica ao unir c\u00e2nions imensos a casar\u00f5es hist\u00f3ricos desde o s\u00e9culo XIX\" class=\"wp-image-163982\" srcset=\"https:\/\/www.correiobraziliense.com.br\/cbradar\/wp-content\/uploads\/2025\/12\/canva-2025-12-28T033855.536-1024x576.png 1024w, https:\/\/www.correiobraziliense.com.br\/cbradar\/wp-content\/uploads\/2025\/12\/canva-2025-12-28T033855.536-300x169.png 300w, https:\/\/www.correiobraziliense.com.br\/cbradar\/wp-content\/uploads\/2025\/12\/canva-2025-12-28T033855.536-768x432.png 768w, https:\/\/www.correiobraziliense.com.br\/cbradar\/wp-content\/uploads\/2025\/12\/canva-2025-12-28T033855.536-750x422.png 750w, https:\/\/www.correiobraziliense.com.br\/cbradar\/wp-content\/uploads\/2025\/12\/canva-2025-12-28T033855.536-1140x641.png 1140w, https:\/\/www.correiobraziliense.com.br\/cbradar\/wp-content\/uploads\/2025\/12\/canva-2025-12-28T033855.536.png 1280w\" sizes=\"(max-width: 1024px) 100vw, 1024px\" \/><figcaption class=\"wp-element-caption\">Em Piranhas, navegue canyons azulados, prove cacha\u00e7a artesanal no centro e relaxe na prainha com brisa ribeirinha e gente acolhedora do sert\u00e3o alagoano tranquilo. \/\/ Cr\u00e9ditos: Wikip\u00e9dia<\/figcaption><\/figure><\/div>\n\n\n<h2 class=\"wp-block-heading\">Como chegar \u00e0 cidade do Velho Chico?<\/h2>\n\n\n\n<p>Piranhas fica a 265 km de <strong>Macei\u00f3<\/strong>, cerca de 4 horas de carro. O trajeto mais usado por turistas parte de <strong>Aracaju<\/strong>, a 208 km, com sa\u00edda de voos di\u00e1rios para a capital sergipana.<\/p>\n\n\n\n<p>Segundo o <a href=\"https:\/\/www.ibge.gov.br\/cidades-e-estados\/al\/piranhas.html\" target=\"_blank\" rel=\"noreferrer noopener\"><strong>IBGE<\/strong><\/a>, o munic\u00edpio tem 22.609 habitantes e 403 km\u00b2 de territ\u00f3rio, com clima semi\u00e1rido t\u00edpico do sert\u00e3o alagoano. A <a href=\"https:\/\/www.al.al.leg.br\/municipios\/piranhas\" target=\"_blank\" rel=\"noreferrer noopener\"><strong>Assembleia Legislativa de Alagoas<\/strong><\/a> registra o anivers\u00e1rio da cidade em 3 de junho.<\/p>\n\n\n\n<h2 class=\"wp-block-heading\">A cidade que parou no tempo entre serras e o S\u00e3o Francisco<\/h2>\n\n\n\n<p>Piranhas \u00e9 um dos endere\u00e7os mais aut\u00eanticos do <strong>Nordeste<\/strong>: casario tombado, pared\u00f5es de c\u00e2nion sobre o rio e a mem\u00f3ria viva do canga\u00e7o. \u00c9 o tipo de destino que combina aventura, hist\u00f3ria e gastronomia em uma s\u00f3 viagem.<\/p>\n\n\n\n<p>Voc\u00ea precisa cruzar o sert\u00e3o, navegar pelo <strong>S\u00e3o Francisco<\/strong> e descobrir como \u00e9 dormir numa cidade onde o casario do s\u00e9culo XIX ainda d\u00e1 ar de outro tempo.<\/p>\n","protected":false},"excerpt":{"rendered":"<p>A 265 km de Macei\u00f3, no sert\u00e3o de Alagoas, Piranhas recebe o visitante com casar\u00f5es coloridos e ladeiras de pedra. A cidade do semi\u00e1rido \u00e9 base para os passeios pelo C\u00e2nion do Xing\u00f3, forma\u00e7\u00e3o rochosa com pared\u00f5es de at\u00e9 60 metros sobre o Velho Chico. Por que Piranhas \u00e9 considerada a Lapinha do Sert\u00e3o? Piranhas [&hellip;]<\/p>\n","protected":false},"author":8,"featured_media":197971,"comment_status":"open","ping_status":"open","sticky":false,"template":"","format":"standard","meta":{"_yoast_wpseo_focuskw":"cidade do semi\u00e1rido","_yoast_wpseo_title":"","_yoast_wpseo_metadesc":"Entre pared\u00f5es de 60 metros e 360 degraus at\u00e9 o mirante, essa \u00e9 a \u00fanica cidade do semi\u00e1rido tombada pelo IPHAN.","jnews-multi-image_gallery":[],"jnews_single_post":{"format":"standard"},"jnews_primary_category":[],"jnews_social_meta":[],"jnews_override_counter":[],"footnotes":""},"categories":[108,111],"tags":[2815,13217],"class_list":["post-235018","post","type-post","status-publish","format-standard","has-post-thumbnail","hentry","category-cidades","category-turismo","tag-alagoas","tag-piranhas"],"yoast_head":"<!-- This site is optimized with the Yoast SEO plugin v24.6 - https:\/\/yoast.com\/wordpress\/plugins\/seo\/ -->\n<title>Com pared\u00f5es de 60 metros e 360 degraus de mirante, essa \u00e9 a \u00fanica cidade do semi\u00e1rido tombada pelo IPHAN 265 km de Macei\u00f3 - Correio Braziliense - Radar<\/title>\n<meta name=\"description\" content=\"Entre pared\u00f5es de 60 metros e 360 degraus at\u00e9 o mirante, essa \u00e9 a \u00fanica cidade do semi\u00e1rido tombada pelo IPHAN.\" \/>\n<meta name=\"robots\" content=\"index, follow, max-snippet:-1, max-image-preview:large, max-video-preview:-1\" \/>\n<link rel=\"canonical\" href=\"https:\/\/www.correiobraziliense.com.br\/cbradar\/com-paredoes-de-60-metros-e-360-degraus-de-mirante-essa-e-a-unica-cidade-do-semiarido-tombada-pelo-iphan-265-km-de-maceio\/\" \/>\n<meta property=\"og:locale\" content=\"pt_BR\" \/>\n<meta property=\"og:type\" content=\"article\" \/>\n<meta property=\"og:title\" content=\"Com pared\u00f5es de 60 metros e 360 degraus de mirante, essa \u00e9 a \u00fanica cidade do semi\u00e1rido tombada pelo IPHAN 265 km de Macei\u00f3 - Correio Braziliense - Radar\" \/>\n<meta property=\"og:description\" content=\"Entre pared\u00f5es de 60 metros e 360 degraus at\u00e9 o mirante, essa \u00e9 a \u00fanica cidade do semi\u00e1rido tombada pelo IPHAN.\" \/>\n<meta property=\"og:url\" content=\"https:\/\/www.correiobraziliense.com.br\/cbradar\/com-paredoes-de-60-metros-e-360-degraus-de-mirante-essa-e-a-unica-cidade-do-semiarido-tombada-pelo-iphan-265-km-de-maceio\/\" \/>\n<meta property=\"og:site_name\" content=\"Correio Braziliense - Radar\" \/>\n<meta property=\"article:published_time\" content=\"2026-05-01T22:15:00+00:00\" \/>\n<meta property=\"og:image\" content=\"https:\/\/www.correiobraziliense.com.br\/cbradar\/wp-content\/uploads\/2026\/02\/aaa-78.png\" \/>\n\t<meta property=\"og:image:width\" content=\"1280\" \/>\n\t<meta property=\"og:image:height\" content=\"720\" \/>\n\t<meta property=\"og:image:type\" content=\"image\/png\" \/>\n<meta name=\"author\" content=\"Maura Pereira\" \/>\n<meta name=\"twitter:card\" content=\"summary_large_image\" \/>\n<meta name=\"twitter:label1\" content=\"Escrito por\" \/>\n\t<meta name=\"twitter:data1\" content=\"Maura Pereira\" \/>\n\t<meta name=\"twitter:label2\" content=\"Est. tempo de leitura\" \/>\n\t<meta name=\"twitter:data2\" content=\"7 minutos\" \/>\n<!-- \/ Yoast SEO plugin. -->","yoast_head_json":{"title":"Com pared\u00f5es de 60 metros e 360 degraus de mirante, essa \u00e9 a \u00fanica cidade do semi\u00e1rido tombada pelo IPHAN 265 km de Macei\u00f3 - Correio Braziliense - Radar","description":"Entre pared\u00f5es de 60 metros e 360 degraus at\u00e9 o mirante, essa \u00e9 a \u00fanica cidade do semi\u00e1rido tombada pelo IPHAN.","robots":{"index":"index","follow":"follow","max-snippet":"max-snippet:-1","max-image-preview":"max-image-preview:large","max-video-preview":"max-video-preview:-1"},"canonical":"https:\/\/www.correiobraziliense.com.br\/cbradar\/com-paredoes-de-60-metros-e-360-degraus-de-mirante-essa-e-a-unica-cidade-do-semiarido-tombada-pelo-iphan-265-km-de-maceio\/","og_locale":"pt_BR","og_type":"article","og_title":"Com pared\u00f5es de 60 metros e 360 degraus de mirante, essa \u00e9 a \u00fanica cidade do semi\u00e1rido tombada pelo IPHAN 265 km de Macei\u00f3 - Correio Braziliense - Radar","og_description":"Entre pared\u00f5es de 60 metros e 360 degraus at\u00e9 o mirante, essa \u00e9 a \u00fanica cidade do semi\u00e1rido tombada pelo IPHAN.","og_url":"https:\/\/www.correiobraziliense.com.br\/cbradar\/com-paredoes-de-60-metros-e-360-degraus-de-mirante-essa-e-a-unica-cidade-do-semiarido-tombada-pelo-iphan-265-km-de-maceio\/","og_site_name":"Correio Braziliense - Radar","article_published_time":"2026-05-01T22:15:00+00:00","og_image":[{"width":1280,"height":720,"url":"https:\/\/www.correiobraziliense.com.br\/cbradar\/wp-content\/uploads\/2026\/02\/aaa-78.png","type":"image\/png"}],"author":"Maura Pereira","twitter_card":"summary_large_image","twitter_misc":{"Escrito por":"Maura Pereira","Est. tempo de leitura":"7 minutos"},"schema":{"@context":"https:\/\/schema.org","@graph":[{"@type":"WebPage","@id":"https:\/\/www.correiobraziliense.com.br\/cbradar\/com-paredoes-de-60-metros-e-360-degraus-de-mirante-essa-e-a-unica-cidade-do-semiarido-tombada-pelo-iphan-265-km-de-maceio\/","url":"https:\/\/www.correiobraziliense.com.br\/cbradar\/com-paredoes-de-60-metros-e-360-degraus-de-mirante-essa-e-a-unica-cidade-do-semiarido-tombada-pelo-iphan-265-km-de-maceio\/","name":"Com pared\u00f5es de 60 metros e 360 degraus de mirante, essa \u00e9 a \u00fanica cidade do semi\u00e1rido tombada pelo IPHAN 265 km de Macei\u00f3 - Correio Braziliense - Radar","isPartOf":{"@id":"https:\/\/www.correiobraziliense.com.br\/cbradar\/#website"},"primaryImageOfPage":{"@id":"https:\/\/www.correiobraziliense.com.br\/cbradar\/com-paredoes-de-60-metros-e-360-degraus-de-mirante-essa-e-a-unica-cidade-do-semiarido-tombada-pelo-iphan-265-km-de-maceio\/#primaryimage"},"image":{"@id":"https:\/\/www.correiobraziliense.com.br\/cbradar\/com-paredoes-de-60-metros-e-360-degraus-de-mirante-essa-e-a-unica-cidade-do-semiarido-tombada-pelo-iphan-265-km-de-maceio\/#primaryimage"},"thumbnailUrl":"https:\/\/www.correiobraziliense.com.br\/cbradar\/wp-content\/uploads\/2026\/02\/aaa-78.png","datePublished":"2026-05-01T22:15:00+00:00","author":{"@id":"https:\/\/www.correiobraziliense.com.br\/cbradar\/#\/schema\/person\/4053c651a9bfc785afc6f4cbc9032fd3"},"description":"Entre pared\u00f5es de 60 metros e 360 degraus at\u00e9 o mirante, essa \u00e9 a \u00fanica cidade do semi\u00e1rido tombada pelo IPHAN.","breadcrumb":{"@id":"https:\/\/www.correiobraziliense.com.br\/cbradar\/com-paredoes-de-60-metros-e-360-degraus-de-mirante-essa-e-a-unica-cidade-do-semiarido-tombada-pelo-iphan-265-km-de-maceio\/#breadcrumb"},"inLanguage":"pt-BR","potentialAction":[{"@type":"ReadAction","target":["https:\/\/www.correiobraziliense.com.br\/cbradar\/com-paredoes-de-60-metros-e-360-degraus-de-mirante-essa-e-a-unica-cidade-do-semiarido-tombada-pelo-iphan-265-km-de-maceio\/"]}]},{"@type":"ImageObject","inLanguage":"pt-BR","@id":"https:\/\/www.correiobraziliense.com.br\/cbradar\/com-paredoes-de-60-metros-e-360-degraus-de-mirante-essa-e-a-unica-cidade-do-semiarido-tombada-pelo-iphan-265-km-de-maceio\/#primaryimage","url":"https:\/\/www.correiobraziliense.com.br\/cbradar\/wp-content\/uploads\/2026\/02\/aaa-78.png","contentUrl":"https:\/\/www.correiobraziliense.com.br\/cbradar\/wp-content\/uploads\/2026\/02\/aaa-78.png","width":1280,"height":720,"caption":"Piranhas ganhou este apelido devido \u00e0 sua topografia em \"lapinha\" (pres\u00e9pio), com casarios coloridos escalonados nas encostas que descem at\u00e9 o rio. \/ Imagem ilustrativa"},{"@type":"BreadcrumbList","@id":"https:\/\/www.correiobraziliense.com.br\/cbradar\/com-paredoes-de-60-metros-e-360-degraus-de-mirante-essa-e-a-unica-cidade-do-semiarido-tombada-pelo-iphan-265-km-de-maceio\/#breadcrumb","itemListElement":[{"@type":"ListItem","position":1,"name":"In\u00edcio","item":"https:\/\/www.correiobraziliense.com.br\/cbradar\/"},{"@type":"ListItem","position":2,"name":"Com pared\u00f5es de 60 metros e 360 degraus de mirante, essa \u00e9 a \u00fanica cidade do semi\u00e1rido tombada pelo IPHAN 265 km de Macei\u00f3"}]},{"@type":"WebSite","@id":"https:\/\/www.correiobraziliense.com.br\/cbradar\/#website","url":"https:\/\/www.correiobraziliense.com.br\/cbradar\/","name":"Correio Braziliense - Radar","description":"Acompanhe as \u00faltimas not\u00edcias e fique bem informado sobre tudo o que acontece no Brasil e no mundo.","potentialAction":[{"@type":"SearchAction","target":{"@type":"EntryPoint","urlTemplate":"https:\/\/www.correiobraziliense.com.br\/cbradar\/?s={search_term_string}"},"query-input":{"@type":"PropertyValueSpecification","valueRequired":true,"valueName":"search_term_string"}}],"inLanguage":"pt-BR"},{"@type":"Person","@id":"https:\/\/www.correiobraziliense.com.br\/cbradar\/#\/schema\/person\/4053c651a9bfc785afc6f4cbc9032fd3","name":"Maura Pereira","image":{"@type":"ImageObject","inLanguage":"pt-BR","@id":"https:\/\/www.correiobraziliense.com.br\/cbradar\/#\/schema\/person\/image\/","url":"https:\/\/secure.gravatar.com\/avatar\/3effd6bdadfa447f15089c7f7144eaa6?s=96&d=mm&r=g","contentUrl":"https:\/\/secure.gravatar.com\/avatar\/3effd6bdadfa447f15089c7f7144eaa6?s=96&d=mm&r=g","caption":"Maura Pereira"},"sameAs":["https:\/\/www.correiobraziliense.com.br\/"],"url":"https:\/\/www.correiobraziliense.com.br\/cbradar\/author\/mauramyth\/"}]}},"_links":{"self":[{"href":"https:\/\/www.correiobraziliense.com.br\/cbradar\/wp-json\/wp\/v2\/posts\/235018","targetHints":{"allow":["GET"]}}],"collection":[{"href":"https:\/\/www.correiobraziliense.com.br\/cbradar\/wp-json\/wp\/v2\/posts"}],"about":[{"href":"https:\/\/www.correiobraziliense.com.br\/cbradar\/wp-json\/wp\/v2\/types\/post"}],"author":[{"embeddable":true,"href":"https:\/\/www.correiobraziliense.com.br\/cbradar\/wp-json\/wp\/v2\/users\/8"}],"replies":[{"embeddable":true,"href":"https:\/\/www.correiobraziliense.com.br\/cbradar\/wp-json\/wp\/v2\/comments?post=235018"}],"version-history":[{"count":9,"href":"https:\/\/www.correiobraziliense.com.br\/cbradar\/wp-json\/wp\/v2\/posts\/235018\/revisions"}],"predecessor-version":[{"id":235383,"href":"https:\/\/www.correiobraziliense.com.br\/cbradar\/wp-json\/wp\/v2\/posts\/235018\/revisions\/235383"}],"wp:featuredmedia":[{"embeddable":true,"href":"https:\/\/www.correiobraziliense.com.br\/cbradar\/wp-json\/wp\/v2\/media\/197971"}],"wp:attachment":[{"href":"https:\/\/www.correiobraziliense.com.br\/cbradar\/wp-json\/wp\/v2\/media?parent=235018"}],"wp:term":[{"taxonomy":"category","embeddable":true,"href":"https:\/\/www.correiobraziliense.com.br\/cbradar\/wp-json\/wp\/v2\/categories?post=235018"},{"taxonomy":"post_tag","embeddable":true,"href":"https:\/\/www.correiobraziliense.com.br\/cbradar\/wp-json\/wp\/v2\/tags?post=235018"}],"curies":[{"name":"wp","href":"https:\/\/api.w.org\/{rel}","templated":true}]}}