{"id":235020,"date":"2026-05-01T11:45:00","date_gmt":"2026-05-01T14:45:00","guid":{"rendered":"https:\/\/www.correiobraziliense.com.br\/cbradar\/?p=235020"},"modified":"2026-05-01T10:50:18","modified_gmt":"2026-05-01T13:50:18","slug":"um-dos-paraisos-mais-isolados-do-brasil-uma-vila-onde-2-104-moradores-vivem-em-uma-faixa-de-areia-entre-um-oceano-e-um-rio-que-so-se-pode-chegar-de-barco","status":"publish","type":"post","link":"https:\/\/www.correiobraziliense.com.br\/cbradar\/um-dos-paraisos-mais-isolados-do-brasil-uma-vila-onde-2-104-moradores-vivem-em-uma-faixa-de-areia-entre-um-oceano-e-um-rio-que-so-se-pode-chegar-de-barco\/","title":{"rendered":"Um dos para\u00edsos mais isolados do Brasil: uma vila onde 2.104 moradores vivem em uma faixa de areia entre um oceano e um rio que s\u00f3 se pode chegar de barco"},"content":{"rendered":"\n<p>A 160 km de <strong>Natal<\/strong>, na ponta de uma pen\u00ednsula de areia, <strong>Galinhos<\/strong> resiste ao asfalto. O acesso \u00e9 s\u00f3 de barco, e o ritmo do vilarejo segue o vai e vem da mar\u00e9 e o trote das charretes pelas ruas areadas.<\/p>\n\n\n\n<h2 class=\"wp-block-heading\">Por que Galinhos \u00e9 uma das vilas mais raras do Brasil?<\/h2>\n\n\n\n<p><strong>A geografia explica o isolamento. <\/strong>Galinhos ocupa uma l\u00edngua de areia entre o <strong>Oceano Atl\u00e2ntico<\/strong> e o <strong>Rio Aratu\u00e1<\/strong>, um bra\u00e7o de mar que separa o povoado do continente. Dunas m\u00f3veis fecham o acesso por terra.<\/p>\n\n\n\n<p>Quem chega de carro deixa o ve\u00edculo no Porto de Pratagil e atravessa o bra\u00e7o de rio em uma travessia de barco de cerca de dez minutos. Do outro lado, charretes coloridas esperam no p\u00eder para fazer o transporte das bagagens.<\/p>\n\n\n\n<p>Segundo o <a href=\"https:\/\/www.ibge.gov.br\/cidades-e-estados\/rn\/galinhos.html\" target=\"_blank\" rel=\"noreferrer noopener\"><strong>IBGE<\/strong><\/a>, o munic\u00edpio tem apenas 2.104 moradores em 340 km\u00b2 de territ\u00f3rio, com densidade de 6,17 habitantes por km\u00b2. O nome veio dos pescadores: os peixes-galo da regi\u00e3o eram t\u00e3o pequenos que viraram apelido do lugar.<\/p>\n\n\n<div class=\"wp-block-image\">\n<figure class=\"aligncenter size-large\"><img decoding=\"async\" width=\"1024\" height=\"576\" src=\"https:\/\/www.correiobraziliense.com.br\/cbradar\/wp-content\/uploads\/2025\/10\/Santos-Dumont-1-1-1024x576.png\" alt=\"Ruas sem asfalto e dunas t\u00e3o brancas quanto a neve fazem dessa vila no Nordeste, a 170 km de Natal, um destino que surpreende\" class=\"wp-image-128056\" srcset=\"https:\/\/www.correiobraziliense.com.br\/cbradar\/wp-content\/uploads\/2025\/10\/Santos-Dumont-1-1-1024x576.png 1024w, https:\/\/www.correiobraziliense.com.br\/cbradar\/wp-content\/uploads\/2025\/10\/Santos-Dumont-1-1-300x169.png 300w, https:\/\/www.correiobraziliense.com.br\/cbradar\/wp-content\/uploads\/2025\/10\/Santos-Dumont-1-1-768x432.png 768w, https:\/\/www.correiobraziliense.com.br\/cbradar\/wp-content\/uploads\/2025\/10\/Santos-Dumont-1-1-750x422.png 750w, https:\/\/www.correiobraziliense.com.br\/cbradar\/wp-content\/uploads\/2025\/10\/Santos-Dumont-1-1-1140x641.png 1140w, https:\/\/www.correiobraziliense.com.br\/cbradar\/wp-content\/uploads\/2025\/10\/Santos-Dumont-1-1.png 1280w\" sizes=\"(max-width: 1024px) 100vw, 1024px\" \/><figcaption class=\"wp-element-caption\">A vila de Galinhos tem acesso raro, com ruas de paralelep\u00edpedos e charretes nas ruas. \/\/ Cr\u00e9ditos: Wikipedia<\/figcaption><\/figure><\/div>\n\n\n<h2 class=\"wp-block-heading\">O que ver na ponta da pen\u00ednsula potiguar?<\/h2>\n\n\n\n<p>O roteiro cl\u00e1ssico combina barco, charrete e bugue. Cada passeio costuma durar meio dia, e as atra\u00e7\u00f5es ficam a poucos minutos do centro da vila.<\/p>\n\n\n\n<ul class=\"wp-block-list\">\n<li><strong>Farol de Galinhos<\/strong>: torre branca com faixa vermelha na ponta da pen\u00ednsula, mirante para o encontro do rio com o mar.<\/li>\n\n\n\n<li><strong>Dunas do Capim<\/strong>: areia branca com lagoas de \u00e1gua doce e parques e\u00f3licos no horizonte, parada comum nos tours de bugue.<\/li>\n\n\n\n<li><strong>Dunas do Andr\u00e9<\/strong>: uma das mais altas do roteiro, procurada para o p\u00f4r do sol sobre o bra\u00e7o do <strong>Aratu\u00e1<\/strong>.<\/li>\n\n\n\n<li><strong>Vila de Galos<\/strong>: comunidade vizinha do outro lado do bra\u00e7o de mar, com \u00e1guas calmas e restaurantes de almo\u00e7o.<\/li>\n\n\n\n<li><strong>Salinas e montanhas de sal<\/strong>: pir\u00e2mides brancas formadas pela produ\u00e7\u00e3o tradicional, vistas durante a navega\u00e7\u00e3o.<\/li>\n<\/ul>\n\n\n\n<p><strong>Passear pelas piscinas naturais e praias de Pernambuco exige um bom planejamento financeiro. <\/strong>O v\u00eddeo \u00e9 do canal <strong>Partiu de F\u00e9rias<\/strong>, com<strong> 73 mil inscritos<\/strong>, e detalha os valores atualizados de passeios e dicas essenciais em Porto de Galinhas:<\/p>\n\n\n\n<figure class=\"wp-block-embed aligncenter is-type-video is-provider-youtube wp-block-embed-youtube wp-embed-aspect-16-9 wp-has-aspect-ratio\"><div class=\"wp-block-embed__wrapper\">\n<div class=\"jeg_video_container jeg_video_content\"><iframe loading=\"lazy\" title=\"GALINHOS RN - Tudo que voc\u00ea precisa saber antes de ir para esse para\u00edso | Dicas de Galinhos.\" width=\"500\" height=\"281\" src=\"https:\/\/www.youtube.com\/embed\/uuYocj3Dt6s?feature=oembed\" frameborder=\"0\" allow=\"accelerometer; autoplay; clipboard-write; encrypted-media; gyroscope; picture-in-picture; web-share\" referrerpolicy=\"strict-origin-when-cross-origin\" allowfullscreen><\/iframe><\/div>\n<\/div><\/figure>\n\n\n\n<h2 class=\"wp-block-heading\">Como chegam os turistas que v\u00eam de Natal?<\/h2>\n\n\n\n<p>A maioria contrata um passeio de dia inteiro a partir de <strong>Natal<\/strong>. Ag\u00eancias de turismo receptivo organizam o transporte com transfer rodovi\u00e1rio, barco para a travessia, bugue at\u00e9 as dunas e charrete pela vila.<\/p>\n\n\n\n<p>Quem prefere mais tempo no destino dirige at\u00e9 Pratagil pela <strong>BR-406<\/strong>, deixa o carro no estacionamento gratuito da prefeitura e atravessa o rio. A travessia opera o dia todo, com barcos p\u00fablicos a cada meia hora.<\/p>\n\n\n\n<h2 class=\"wp-block-heading\">O R\u00e9veillon que multiplica por dez a popula\u00e7\u00e3o local<\/h2>\n\n\n\n<p>Pouca gente sabe, mas Galinhos virou um dos destinos mais cobi\u00e7ados do litoral norte potiguar para a virada do ano. Segundo a <a href=\"https:\/\/www.galinhos.rn.gov.br\/\" target=\"_blank\" rel=\"noreferrer noopener\"><strong>Prefeitura de Galinhos<\/strong><\/a>, o R\u00e9veillon de 2025 multiplicou por dez a popula\u00e7\u00e3o do munic\u00edpio durante a virada.<\/p>\n\n\n\n<p>O evento injetou cerca de R$ 2,5 milh\u00f5es na economia local. A vila ganhou shows na praia, fogos sobre o mar e gastronomia farta no centrinho, sem perder o tom r\u00fastico que define o destino.<\/p>\n\n\n\n<p>O Carnaval tamb\u00e9m movimenta a pen\u00ednsula, com programa\u00e7\u00e3o oficial publicada pela administra\u00e7\u00e3o municipal e atra\u00e7\u00f5es culturais espalhadas entre o p\u00eder, a pra\u00e7a e a faixa de areia.<\/p>\n\n\n<div class=\"wp-block-image\">\n<figure class=\"aligncenter size-large\"><img decoding=\"async\" width=\"1024\" height=\"576\" src=\"https:\/\/www.correiobraziliense.com.br\/cbradar\/wp-content\/uploads\/2025\/10\/Santos-Dumont-3-1024x576.png\" alt=\"O lugar secreto do Nordeste com dunas brancas que encantam como a neve europeia\" class=\"wp-image-128057\" srcset=\"https:\/\/www.correiobraziliense.com.br\/cbradar\/wp-content\/uploads\/2025\/10\/Santos-Dumont-3-1024x576.png 1024w, https:\/\/www.correiobraziliense.com.br\/cbradar\/wp-content\/uploads\/2025\/10\/Santos-Dumont-3-300x169.png 300w, https:\/\/www.correiobraziliense.com.br\/cbradar\/wp-content\/uploads\/2025\/10\/Santos-Dumont-3-768x432.png 768w, https:\/\/www.correiobraziliense.com.br\/cbradar\/wp-content\/uploads\/2025\/10\/Santos-Dumont-3-750x422.png 750w, https:\/\/www.correiobraziliense.com.br\/cbradar\/wp-content\/uploads\/2025\/10\/Santos-Dumont-3-1140x641.png 1140w, https:\/\/www.correiobraziliense.com.br\/cbradar\/wp-content\/uploads\/2025\/10\/Santos-Dumont-3.png 1280w\" sizes=\"(max-width: 1024px) 100vw, 1024px\" \/><figcaption class=\"wp-element-caption\">Galinhos mant\u00e9m seu charme r\u00fastico mesmo com aumento no turismo e infraestrutura m\u00ednima. \/\/ Cr\u00e9ditos: Wikipedia<\/figcaption><\/figure><\/div>\n\n\n<h2 class=\"wp-block-heading\">Onde comer p\u00e9 na areia na vila?<\/h2>\n\n\n\n<p>A cozinha local \u00e9 simples, baseada na pesca do dia e nos sabores do litoral norte do <strong>Rio Grande do Norte<\/strong>. Os pre\u00e7os costumam ser modestos para os padr\u00f5es nordestinos.<\/p>\n\n\n\n<ul class=\"wp-block-list\">\n<li><strong>Peixe assado e moqueca<\/strong>: pratos cl\u00e1ssicos preparados com pescado fresco vindo direto dos barcos da vila.<\/li>\n\n\n\n<li><strong>Camar\u00e3o na moranga<\/strong>: presen\u00e7a forte nos restaurantes de Galinhos e da vizinha <strong>Galos<\/strong>.<\/li>\n\n\n\n<li><strong>Ceviche feito na hora<\/strong>: especialidade dos passeios privativos, preparado durante a parada nas dunas.<\/li>\n\n\n\n<li><strong>Bob\u00f3 de camar\u00e3o<\/strong>: pedida frequente nos almo\u00e7os de buffet caseiro nas vilas vizinhas.<\/li>\n<\/ul>\n\n\n\n<p><strong>Leia tamb\u00e9m: <a href=\"https:\/\/www.correiobraziliense.com.br\/cbradar\/a-capital-do-agro-que-voce-ainda-nao-conhece-guarda-um-circuito-com-9-cachoeiras-e-quedas-dagua-a-55-km-do-centro\/\" target=\"_blank\" rel=\"noreferrer noopener\">A \u201cCapital do Agro\u201d que voc\u00ea ainda n\u00e3o conhece guarda um circuito com 9 cachoeiras e quedas d\u2019\u00e1gua a 55 km do centro.<\/a><\/strong><\/p>\n\n\n\n<h2 class=\"wp-block-heading\">Quando o clima da Costa Branca favorece a viagem?<\/h2>\n\n\n\n<p>O clima tropical da Costa Branca divide o ano em duas grandes temporadas: chuvas concentradas no primeiro semestre e meses secos entre julho e dezembro. Cada esta\u00e7\u00e3o muda completamente o cen\u00e1rio.<\/p>\n\n\n\n<style>\n  \/* --- CONTAINER BLINDADO (PADR\u00c3O REGISTRADO) --- *\/\n  .clima-grid-final {\n    font-family: -apple-system, BlinkMacSystemFont, \"Segoe UI\", Roboto, Arial, sans-serif !important;\n    width: 100% !important;\n    max-width: 1200px !important;\n    margin: 20px auto !important;\n    display: grid !important;\n    \/* 4 COLUNAS PARA AS 4 FASES CLIM\u00c1TICAS *\/\n    grid-template-columns: repeat(4, 1fr) !important; \n    gap: 15px !important;\n    box-sizing: border-box !important;\n  }\n\n  .clima-grid-final * {\n    box-sizing: border-box !important;\n  }\n\n  \/* --- BLINDAGEM CONTRA ADS E PLUGINS INTRUSOS --- *\/\n  .clima-grid-final > :not(.card-clima) {\n    display: none !important;\n    width: 0 !important;\n    height: 0 !important;\n    opacity: 0 !important;\n  }\n\n  \/* --- CARD PADR\u00c3O (FUNDO BRANCO) --- *\/\n  .card-clima {\n    background: #ffffff !important;\n    border: 1px solid #e0e0e0 !important;\n    border-radius: 20px !important;\n    padding: 20px 10px !important;\n    text-align: center !important;\n    display: flex !important;\n    flex-direction: column !important;\n    align-items: center !important;\n    box-shadow: 0 4px 10px rgba(0, 0, 0, 0.05) !important;\n    min-width: 0 !important; \n    transition: transform 0.2s ease !important;\n    overflow: hidden !important;\n    height: 100% !important;\n  }\n\n  .card-clima:hover {\n    transform: translateY(-5px) !important;\n    border-color: #000000 !important;\n  }\n\n  \/* --- CONTE\u00daDO --- *\/\n  .estacao-nome { \n    font-size: 14px !important; \n    font-weight: 800 !important; \n    color: #000000 !important; \n    text-transform: uppercase !important; \n    margin: 0 0 5px 0 !important; \n  }\n  \n  .estacao-meses { \n    font-size: 10px !important; \n    font-weight: 700 !important; \n    color: #444444 !important; \n    text-transform: uppercase !important; \n    margin-bottom: 15px !important; \n    display: block !important;\n  }\n  \n  .temp-valor { \n    font-size: 24px !important; \n    font-weight: 800 !important; \n    color: #000000 !important; \n    line-height: 1.1 !important; \n    margin: 0 !important;\n  }\n  \n  .temp-label { \n    font-size: 9px !important; \n    font-weight: 600 !important; \n    color: #777777 !important; \n    text-transform: uppercase !important; \n    margin-bottom: 15px !important; \n    display: block !important;\n  }\n  \n  .clima-desc { \n    font-size: 12px !important; \n    line-height: 1.4 !important; \n    color: #333333 !important; \n    margin-bottom: 15px !important; \n    flex-grow: 1 !important; \n  }\n\n  .tag-status {\n    background-color: #f5f5f5 !important;\n    border: 1px solid #d0d0d0 !important;\n    color: #000000 !important;\n    padding: 5px 12px !important;\n    border-radius: 20px !important;\n    font-size: 9px !important;\n    font-weight: 800 !important;\n    text-transform: uppercase !important;\n    margin-top: auto !important;\n  }\n\n  \/* --- RESPONSIVIDADE --- *\/\n  @media (max-width: 800px) {\n    .clima-grid-final {\n      grid-template-columns: 1fr !important; \n    }\n    .card-clima {\n      padding: 25px 20px !important;\n    }\n  }\n<\/style>\n\n<div class=\"google-auto-ads-ignore clima-grid-final\">\n  \n  <!-- SECA -->\n  <div class=\"card-clima\">\n    <div class=\"estacao-nome\">\u2600\ufe0f Seca<\/div>\n    <span class=\"estacao-meses\">Set &#8211; Dez<\/span>\n    <div class=\"temp-valor\">25-32\u00b0C<\/div>\n    <span class=\"temp-label\">Temperatura<\/span>\n    <div class=\"clima-desc\">\u00c9poca perfeita para as festas de <b>R\u00e9veillon<\/b> e aproveitar deliciosos <b>banhos de mar<\/b> com o tempo firme.<\/div>\n    <div class=\"tag-status\">\u2600\ufe0f Chuva Baixa<\/div>\n  <\/div>\n\n  <!-- VER\u00c3O -->\n  <div class=\"card-clima\">\n    <div class=\"estacao-nome\">\ud83c\udfad Ver\u00e3o<\/div>\n    <span class=\"estacao-meses\">Jan &#8211; Fev<\/span>\n    <div class=\"temp-valor\">25-32\u00b0C<\/div>\n    <span class=\"temp-label\">Temperatura<\/span>\n    <div class=\"clima-desc\">O auge da temporada tur\u00edstica com o <b>Carnaval<\/b> e emocionantes <b>passeios de bugue<\/b> pelas areias.<\/div>\n    <div class=\"tag-status\">\ud83c\udf26\ufe0f Chuva M\u00e9dia<\/div>\n  <\/div>\n\n  <!-- CHUVOSA -->\n  <div class=\"card-clima\">\n    <div class=\"estacao-nome\">\ud83c\udf27\ufe0f Chuvosa<\/div>\n    <span class=\"estacao-meses\">Mar &#8211; Jun<\/span>\n    <div class=\"temp-valor\">24-30\u00b0C<\/div>\n    <span class=\"temp-label\">Temperatura<\/span>\n    <div class=\"clima-desc\">Com as chuvas altas, os <b>passeios de barco<\/b> s\u00e3o ideais para navegar com a mar\u00e9 cheia e curtir o visual.<\/div>\n    <div class=\"tag-status\">\u26c8\ufe0f Chuva Alta<\/div>\n  <\/div>\n\n  <!-- TRANSI\u00c7\u00c3O -->\n  <div class=\"card-clima\">\n    <div class=\"estacao-nome\">\ud83e\ude81 Transi\u00e7\u00e3o<\/div>\n    <span class=\"estacao-meses\">Jul &#8211; Ago<\/span>\n    <div class=\"temp-valor\">24-30\u00b0C<\/div>\n    <span class=\"temp-label\">Temperatura<\/span>\n    <div class=\"clima-desc\">Per\u00edodo de ventos fortes, excelente para <b>trilhas pelas dunas<\/b> e esportes n\u00e1uticos antes da seca voltar.<\/div>\n    <div class=\"tag-status\">\ud83c\udf2c\ufe0f Ventos Fortes<\/div>\n  <\/div>\n\n<\/div>\n\n\n\n<p><em>Temperaturas aproximadas com base no <a href=\"https:\/\/www.climatempo.com.br\/previsao-do-tempo\/cidade\/6299\/galinhos-rn\" target=\"_blank\" rel=\"noreferrer noopener\"><strong>Climatempo<\/strong><\/a>. Condi\u00e7\u00f5es podem variar.<\/em><\/p>\n\n\n<div class=\"wp-block-image\">\n<figure class=\"aligncenter size-large\"><img decoding=\"async\" width=\"1024\" height=\"576\" src=\"https:\/\/www.correiobraziliense.com.br\/cbradar\/wp-content\/uploads\/2025\/10\/Santos-Dumont-3-1-1024x576.png\" alt=\"O lugar secreto do Nordeste com dunas brancas que encantam como a neve europeia\" class=\"wp-image-128058\" srcset=\"https:\/\/www.correiobraziliense.com.br\/cbradar\/wp-content\/uploads\/2025\/10\/Santos-Dumont-3-1-1024x576.png 1024w, https:\/\/www.correiobraziliense.com.br\/cbradar\/wp-content\/uploads\/2025\/10\/Santos-Dumont-3-1-300x169.png 300w, https:\/\/www.correiobraziliense.com.br\/cbradar\/wp-content\/uploads\/2025\/10\/Santos-Dumont-3-1-768x432.png 768w, https:\/\/www.correiobraziliense.com.br\/cbradar\/wp-content\/uploads\/2025\/10\/Santos-Dumont-3-1-750x422.png 750w, https:\/\/www.correiobraziliense.com.br\/cbradar\/wp-content\/uploads\/2025\/10\/Santos-Dumont-3-1-1140x641.png 1140w, https:\/\/www.correiobraziliense.com.br\/cbradar\/wp-content\/uploads\/2025\/10\/Santos-Dumont-3-1.png 1280w\" sizes=\"(max-width: 1024px) 100vw, 1024px\" \/><figcaption class=\"wp-element-caption\">Galinhos \u00e9 um munic\u00edpio de RN, conhecido por suas dunas, salinas e praias preservadas. \/\/ Cr\u00e9ditos: Wikimedia Commons<\/figcaption><\/figure><\/div>\n\n\n<h2 class=\"wp-block-heading\">Como chegar \u00e0 pen\u00ednsula sem asfalto?<\/h2>\n\n\n\n<p>Galinhos fica a 160 km de <strong>Natal<\/strong> pela <strong>BR-406<\/strong>, cerca de 2h30 de carro at\u00e9 Pratagil. De <strong>Fortaleza<\/strong>, o trajeto soma 480 km pela <strong>BR-304<\/strong>, com sa\u00edda em <strong>Itaj\u00e1<\/strong>.<\/p>\n\n\n\n<p>N\u00e3o h\u00e1 ag\u00eancia banc\u00e1ria na vila e o sinal de celular \u00e9 prec\u00e1rio. Recomenda-se levar dinheiro em esp\u00e9cie e baixar mapas e contatos antes da travessia.<\/p>\n\n\n\n<h2 class=\"wp-block-heading\">Atravesse o bra\u00e7o de mar e descubra a vila que parou no tempo<\/h2>\n\n\n\n<p>Galinhos \u00e9 o tipo de destino raro: simples, sem luxo e ainda fora do roteiro do turismo de massa. \u00c9 a chance de andar por ruas de areia, dormir ouvindo o mar e ver o sol cair atr\u00e1s de uma duna sem vizinho de espregui\u00e7adeira.<\/p>\n\n\n\n<p>Voc\u00ea precisa cruzar o bra\u00e7o do <strong>Aratu\u00e1<\/strong> de barco e descobrir como \u00e9 viajar para uma vila brasileira onde charrete ainda \u00e9 meio de transporte oficial.<\/p>\n","protected":false},"excerpt":{"rendered":"<p>A 160 km de Natal, na ponta de uma pen\u00ednsula de areia, Galinhos resiste ao asfalto. O acesso \u00e9 s\u00f3 de barco, e o ritmo do vilarejo segue o vai e vem da mar\u00e9 e o trote das charretes pelas ruas areadas. Por que Galinhos \u00e9 uma das vilas mais raras do Brasil? A geografia [&hellip;]<\/p>\n","protected":false},"author":8,"featured_media":235282,"comment_status":"open","ping_status":"open","sticky":false,"template":"","format":"standard","meta":{"_yoast_wpseo_focuskw":"vila","_yoast_wpseo_title":"","_yoast_wpseo_metadesc":"Isolada e pouco conhecida, essa vila com 2.104 moradores encanta com faixa de areia entre rio e mar e acesso s\u00f3 de barco.","jnews-multi-image_gallery":[],"jnews_single_post":{"format":"standard"},"jnews_primary_category":[],"jnews_social_meta":[],"jnews_override_counter":[],"footnotes":""},"categories":[1],"tags":[11221,18479],"class_list":["post-235020","post","type-post","status-publish","format-standard","has-post-thumbnail","hentry","category-uncategorized","tag-galinhos","tag-rio-grande-norte"],"yoast_head":"<!-- This site is optimized with the Yoast SEO plugin v24.6 - https:\/\/yoast.com\/wordpress\/plugins\/seo\/ -->\n<title>Um dos para\u00edsos mais isolados do Brasil: uma vila onde 2.104 moradores vivem em uma faixa de areia entre um oceano e um rio que s\u00f3 se pode chegar de barco - Correio Braziliense - Radar<\/title>\n<meta name=\"description\" content=\"Isolada e pouco conhecida, essa vila com 2.104 moradores encanta com faixa de areia entre rio e mar e acesso s\u00f3 de barco.\" \/>\n<meta name=\"robots\" content=\"index, follow, max-snippet:-1, max-image-preview:large, max-video-preview:-1\" \/>\n<link rel=\"canonical\" href=\"https:\/\/www.correiobraziliense.com.br\/cbradar\/um-dos-paraisos-mais-isolados-do-brasil-uma-vila-onde-2-104-moradores-vivem-em-uma-faixa-de-areia-entre-um-oceano-e-um-rio-que-so-se-pode-chegar-de-barco\/\" \/>\n<meta property=\"og:locale\" content=\"pt_BR\" \/>\n<meta property=\"og:type\" content=\"article\" \/>\n<meta property=\"og:title\" content=\"Um dos para\u00edsos mais isolados do Brasil: uma vila onde 2.104 moradores vivem em uma faixa de areia entre um oceano e um rio que s\u00f3 se pode chegar de barco - Correio Braziliense - Radar\" \/>\n<meta property=\"og:description\" content=\"Isolada e pouco conhecida, essa vila com 2.104 moradores encanta com faixa de areia entre rio e mar e acesso s\u00f3 de barco.\" \/>\n<meta property=\"og:url\" content=\"https:\/\/www.correiobraziliense.com.br\/cbradar\/um-dos-paraisos-mais-isolados-do-brasil-uma-vila-onde-2-104-moradores-vivem-em-uma-faixa-de-areia-entre-um-oceano-e-um-rio-que-so-se-pode-chegar-de-barco\/\" \/>\n<meta property=\"og:site_name\" content=\"Correio Braziliense - Radar\" \/>\n<meta property=\"article:published_time\" content=\"2026-05-01T14:45:00+00:00\" \/>\n<meta property=\"og:image\" content=\"https:\/\/www.correiobraziliense.com.br\/cbradar\/wp-content\/uploads\/2026\/05\/aaa-2026-05-01T104501.543.png\" \/>\n\t<meta property=\"og:image:width\" content=\"1280\" \/>\n\t<meta property=\"og:image:height\" content=\"720\" \/>\n\t<meta property=\"og:image:type\" content=\"image\/png\" \/>\n<meta name=\"author\" content=\"Maura Pereira\" \/>\n<meta name=\"twitter:card\" content=\"summary_large_image\" \/>\n<meta name=\"twitter:label1\" content=\"Escrito por\" \/>\n\t<meta name=\"twitter:data1\" content=\"Maura Pereira\" \/>\n\t<meta name=\"twitter:label2\" content=\"Est. tempo de leitura\" \/>\n\t<meta name=\"twitter:data2\" content=\"7 minutos\" \/>\n<!-- \/ Yoast SEO plugin. -->","yoast_head_json":{"title":"Um dos para\u00edsos mais isolados do Brasil: uma vila onde 2.104 moradores vivem em uma faixa de areia entre um oceano e um rio que s\u00f3 se pode chegar de barco - Correio Braziliense - Radar","description":"Isolada e pouco conhecida, essa vila com 2.104 moradores encanta com faixa de areia entre rio e mar e acesso s\u00f3 de barco.","robots":{"index":"index","follow":"follow","max-snippet":"max-snippet:-1","max-image-preview":"max-image-preview:large","max-video-preview":"max-video-preview:-1"},"canonical":"https:\/\/www.correiobraziliense.com.br\/cbradar\/um-dos-paraisos-mais-isolados-do-brasil-uma-vila-onde-2-104-moradores-vivem-em-uma-faixa-de-areia-entre-um-oceano-e-um-rio-que-so-se-pode-chegar-de-barco\/","og_locale":"pt_BR","og_type":"article","og_title":"Um dos para\u00edsos mais isolados do Brasil: uma vila onde 2.104 moradores vivem em uma faixa de areia entre um oceano e um rio que s\u00f3 se pode chegar de barco - Correio Braziliense - Radar","og_description":"Isolada e pouco conhecida, essa vila com 2.104 moradores encanta com faixa de areia entre rio e mar e acesso s\u00f3 de barco.","og_url":"https:\/\/www.correiobraziliense.com.br\/cbradar\/um-dos-paraisos-mais-isolados-do-brasil-uma-vila-onde-2-104-moradores-vivem-em-uma-faixa-de-areia-entre-um-oceano-e-um-rio-que-so-se-pode-chegar-de-barco\/","og_site_name":"Correio Braziliense - Radar","article_published_time":"2026-05-01T14:45:00+00:00","og_image":[{"width":1280,"height":720,"url":"https:\/\/www.correiobraziliense.com.br\/cbradar\/wp-content\/uploads\/2026\/05\/aaa-2026-05-01T104501.543.png","type":"image\/png"}],"author":"Maura Pereira","twitter_card":"summary_large_image","twitter_misc":{"Escrito por":"Maura Pereira","Est. tempo de leitura":"7 minutos"},"schema":{"@context":"https:\/\/schema.org","@graph":[{"@type":"WebPage","@id":"https:\/\/www.correiobraziliense.com.br\/cbradar\/um-dos-paraisos-mais-isolados-do-brasil-uma-vila-onde-2-104-moradores-vivem-em-uma-faixa-de-areia-entre-um-oceano-e-um-rio-que-so-se-pode-chegar-de-barco\/","url":"https:\/\/www.correiobraziliense.com.br\/cbradar\/um-dos-paraisos-mais-isolados-do-brasil-uma-vila-onde-2-104-moradores-vivem-em-uma-faixa-de-areia-entre-um-oceano-e-um-rio-que-so-se-pode-chegar-de-barco\/","name":"Um dos para\u00edsos mais isolados do Brasil: uma vila onde 2.104 moradores vivem em uma faixa de areia entre um oceano e um rio que s\u00f3 se pode chegar de barco - Correio Braziliense - Radar","isPartOf":{"@id":"https:\/\/www.correiobraziliense.com.br\/cbradar\/#website"},"primaryImageOfPage":{"@id":"https:\/\/www.correiobraziliense.com.br\/cbradar\/um-dos-paraisos-mais-isolados-do-brasil-uma-vila-onde-2-104-moradores-vivem-em-uma-faixa-de-areia-entre-um-oceano-e-um-rio-que-so-se-pode-chegar-de-barco\/#primaryimage"},"image":{"@id":"https:\/\/www.correiobraziliense.com.br\/cbradar\/um-dos-paraisos-mais-isolados-do-brasil-uma-vila-onde-2-104-moradores-vivem-em-uma-faixa-de-areia-entre-um-oceano-e-um-rio-que-so-se-pode-chegar-de-barco\/#primaryimage"},"thumbnailUrl":"https:\/\/www.correiobraziliense.com.br\/cbradar\/wp-content\/uploads\/2026\/05\/aaa-2026-05-01T104501.543.png","datePublished":"2026-05-01T14:45:00+00:00","author":{"@id":"https:\/\/www.correiobraziliense.com.br\/cbradar\/#\/schema\/person\/4053c651a9bfc785afc6f4cbc9032fd3"},"description":"Isolada e pouco conhecida, essa vila com 2.104 moradores encanta com faixa de areia entre rio e mar e acesso s\u00f3 de barco.","breadcrumb":{"@id":"https:\/\/www.correiobraziliense.com.br\/cbradar\/um-dos-paraisos-mais-isolados-do-brasil-uma-vila-onde-2-104-moradores-vivem-em-uma-faixa-de-areia-entre-um-oceano-e-um-rio-que-so-se-pode-chegar-de-barco\/#breadcrumb"},"inLanguage":"pt-BR","potentialAction":[{"@type":"ReadAction","target":["https:\/\/www.correiobraziliense.com.br\/cbradar\/um-dos-paraisos-mais-isolados-do-brasil-uma-vila-onde-2-104-moradores-vivem-em-uma-faixa-de-areia-entre-um-oceano-e-um-rio-que-so-se-pode-chegar-de-barco\/"]}]},{"@type":"ImageObject","inLanguage":"pt-BR","@id":"https:\/\/www.correiobraziliense.com.br\/cbradar\/um-dos-paraisos-mais-isolados-do-brasil-uma-vila-onde-2-104-moradores-vivem-em-uma-faixa-de-areia-entre-um-oceano-e-um-rio-que-so-se-pode-chegar-de-barco\/#primaryimage","url":"https:\/\/www.correiobraziliense.com.br\/cbradar\/wp-content\/uploads\/2026\/05\/aaa-2026-05-01T104501.543.png","contentUrl":"https:\/\/www.correiobraziliense.com.br\/cbradar\/wp-content\/uploads\/2026\/05\/aaa-2026-05-01T104501.543.png","width":1280,"height":720,"caption":"O acesso \u00e9 s\u00f3 de barco, e o ritmo do vilarejo segue o vai e vem da mar\u00e9. \/ Imagem ilustrativa"},{"@type":"BreadcrumbList","@id":"https:\/\/www.correiobraziliense.com.br\/cbradar\/um-dos-paraisos-mais-isolados-do-brasil-uma-vila-onde-2-104-moradores-vivem-em-uma-faixa-de-areia-entre-um-oceano-e-um-rio-que-so-se-pode-chegar-de-barco\/#breadcrumb","itemListElement":[{"@type":"ListItem","position":1,"name":"In\u00edcio","item":"https:\/\/www.correiobraziliense.com.br\/cbradar\/"},{"@type":"ListItem","position":2,"name":"Um dos para\u00edsos mais isolados do Brasil: uma vila onde 2.104 moradores vivem em uma faixa de areia entre um oceano e um rio que s\u00f3 se pode chegar de barco"}]},{"@type":"WebSite","@id":"https:\/\/www.correiobraziliense.com.br\/cbradar\/#website","url":"https:\/\/www.correiobraziliense.com.br\/cbradar\/","name":"Correio Braziliense - Radar","description":"Acompanhe as \u00faltimas not\u00edcias e fique bem informado sobre tudo o que acontece no Brasil e no mundo.","potentialAction":[{"@type":"SearchAction","target":{"@type":"EntryPoint","urlTemplate":"https:\/\/www.correiobraziliense.com.br\/cbradar\/?s={search_term_string}"},"query-input":{"@type":"PropertyValueSpecification","valueRequired":true,"valueName":"search_term_string"}}],"inLanguage":"pt-BR"},{"@type":"Person","@id":"https:\/\/www.correiobraziliense.com.br\/cbradar\/#\/schema\/person\/4053c651a9bfc785afc6f4cbc9032fd3","name":"Maura Pereira","image":{"@type":"ImageObject","inLanguage":"pt-BR","@id":"https:\/\/www.correiobraziliense.com.br\/cbradar\/#\/schema\/person\/image\/","url":"https:\/\/secure.gravatar.com\/avatar\/3effd6bdadfa447f15089c7f7144eaa6?s=96&d=mm&r=g","contentUrl":"https:\/\/secure.gravatar.com\/avatar\/3effd6bdadfa447f15089c7f7144eaa6?s=96&d=mm&r=g","caption":"Maura Pereira"},"sameAs":["https:\/\/www.correiobraziliense.com.br\/"],"url":"https:\/\/www.correiobraziliense.com.br\/cbradar\/author\/mauramyth\/"}]}},"_links":{"self":[{"href":"https:\/\/www.correiobraziliense.com.br\/cbradar\/wp-json\/wp\/v2\/posts\/235020","targetHints":{"allow":["GET"]}}],"collection":[{"href":"https:\/\/www.correiobraziliense.com.br\/cbradar\/wp-json\/wp\/v2\/posts"}],"about":[{"href":"https:\/\/www.correiobraziliense.com.br\/cbradar\/wp-json\/wp\/v2\/types\/post"}],"author":[{"embeddable":true,"href":"https:\/\/www.correiobraziliense.com.br\/cbradar\/wp-json\/wp\/v2\/users\/8"}],"replies":[{"embeddable":true,"href":"https:\/\/www.correiobraziliense.com.br\/cbradar\/wp-json\/wp\/v2\/comments?post=235020"}],"version-history":[{"count":10,"href":"https:\/\/www.correiobraziliense.com.br\/cbradar\/wp-json\/wp\/v2\/posts\/235020\/revisions"}],"predecessor-version":[{"id":235289,"href":"https:\/\/www.correiobraziliense.com.br\/cbradar\/wp-json\/wp\/v2\/posts\/235020\/revisions\/235289"}],"wp:featuredmedia":[{"embeddable":true,"href":"https:\/\/www.correiobraziliense.com.br\/cbradar\/wp-json\/wp\/v2\/media\/235282"}],"wp:attachment":[{"href":"https:\/\/www.correiobraziliense.com.br\/cbradar\/wp-json\/wp\/v2\/media?parent=235020"}],"wp:term":[{"taxonomy":"category","embeddable":true,"href":"https:\/\/www.correiobraziliense.com.br\/cbradar\/wp-json\/wp\/v2\/categories?post=235020"},{"taxonomy":"post_tag","embeddable":true,"href":"https:\/\/www.correiobraziliense.com.br\/cbradar\/wp-json\/wp\/v2\/tags?post=235020"}],"curies":[{"name":"wp","href":"https:\/\/api.w.org\/{rel}","templated":true}]}}