{"id":235073,"date":"2026-05-02T06:45:00","date_gmt":"2026-05-02T09:45:00","guid":{"rendered":"https:\/\/www.correiobraziliense.com.br\/cbradar\/?p=235073"},"modified":"2026-05-01T15:32:31","modified_gmt":"2026-05-01T18:32:31","slug":"os-4-nomes-curtos-para-meninos-que-trazem-um-significado-e-facilitam-ate-a-vida-escolar","status":"publish","type":"post","link":"https:\/\/www.correiobraziliense.com.br\/cbradar\/os-4-nomes-curtos-para-meninos-que-trazem-um-significado-e-facilitam-ate-a-vida-escolar\/","title":{"rendered":"Os 4 nomes curtos para meninos que trazem um significado e facilitam at\u00e9 a vida escolar"},"content":{"rendered":"\n<p>Escolher <strong>nomes curtos para meninos<\/strong> exige aten\u00e7\u00e3o aos detalhes e ao significado que a crian\u00e7a carregar\u00e1 por toda a vida. Muitas fam\u00edlias buscam op\u00e7\u00f5es modernas que transmitam <strong>for\u00e7a e personalidade<\/strong> sem a necessidade de apelidos longos ou complexos.<\/p>\n\n\n\n<h2 class=\"wp-block-heading\">Por que escolher nomes curtos para meninos agora<\/h2>\n\n\n\n<p>A busca por <strong>nomes curtos para meninos<\/strong> cresceu muito nos cart\u00f3rios brasileiros nos \u00faltimos anos. Pais modernos preferem <strong>praticidade e sonoridade<\/strong> marcante na hora de realizar o registro oficial do beb\u00ea. Essa escolha reflete um <strong>estilo de vida<\/strong> mais objetivo que valoriza a clareza na comunica\u00e7\u00e3o di\u00e1ria.<\/p>\n\n\n\n<p>Essas op\u00e7\u00f5es costumam ser <strong>f\u00e1ceis de pronunciar<\/strong> e evitam confus\u00f5es em ambientes coletivos ou salas de aula. O registro fica mais <strong>limpo visualmente<\/strong> em documentos, convites de anivers\u00e1rio e materiais escolares personalizados. Muitas vezes a <strong>for\u00e7a do nome<\/strong> reside justamente na sua brevidade e impacto imediato.<\/p>\n\n\n\n<h2 class=\"wp-block-heading\">O charme atemporal do nome Theo<\/h2>\n\n\n\n<p>O nome Theo aparece constantemente no topo das listas de <strong>prefer\u00eancias nacionais<\/strong> nos dias atuais. Sua origem grega remete a uma <strong>conex\u00e3o espiritual<\/strong> profunda e muito respeitada por diversas culturas. Muitas pessoas escolhem essa op\u00e7\u00e3o pela <strong>facilidade de escrita<\/strong> em qualquer idioma ao redor do mundo.<\/p>\n\n\n\n<p>A popularidade cresce porque ele combina com diversos <strong>sobrenomes brasileiros<\/strong> de forma harmoniosa e elegante. Celebridades e influenciadores ajudaram a consolidar essa <strong>prefer\u00eancia de mercado<\/strong> no segmento infantil. Ter um nome pequeno facilita o <strong>processo de alfabetiza\u00e7\u00e3o<\/strong> durante os primeiros anos da inf\u00e2ncia.<\/p>\n\n\n<div class=\"wp-block-image\">\n<figure class=\"aligncenter size-full\"><img decoding=\"async\" width=\"1280\" height=\"720\" src=\"https:\/\/www.correiobraziliense.com.br\/cbradar\/wp-content\/uploads\/2026\/04\/Nomes-curtos-para-meninos.jpg\" alt=\"Nomes curtos para meninos\" class=\"wp-image-235082\" srcset=\"https:\/\/www.correiobraziliense.com.br\/cbradar\/wp-content\/uploads\/2026\/04\/Nomes-curtos-para-meninos.jpg 1280w, https:\/\/www.correiobraziliense.com.br\/cbradar\/wp-content\/uploads\/2026\/04\/Nomes-curtos-para-meninos-300x169.jpg 300w, https:\/\/www.correiobraziliense.com.br\/cbradar\/wp-content\/uploads\/2026\/04\/Nomes-curtos-para-meninos-768x432.jpg 768w, https:\/\/www.correiobraziliense.com.br\/cbradar\/wp-content\/uploads\/2026\/04\/Nomes-curtos-para-meninos-750x422.jpg 750w, https:\/\/www.correiobraziliense.com.br\/cbradar\/wp-content\/uploads\/2026\/04\/Nomes-curtos-para-meninos-1140x641.jpg 1140w\" sizes=\"(max-width: 1280px) 100vw, 1280px\" \/><figcaption class=\"wp-element-caption\">A busca por nomes curtos para meninos cresceu muito nos cart\u00f3rios brasileiros nos \u00faltimos anos<\/figcaption><\/figure><\/div>\n\n\n<p>Leia tamb\u00e9m: <a href=\"https:\/\/www.correiobraziliense.com.br\/cbradar\/nomes-compostos-masculinos-modernos-e-diferentes-com-personalidade\/\" target=\"_blank\" rel=\"noreferrer noopener\">Nomes compostos masculinos modernos e diferentes com personalidade<\/a><\/p>\n\n\n\n<h2 class=\"wp-block-heading\">O sucesso de Gael nas listas brasileiras<\/h2>\n\n\n\n<p>Gael se tornou uma das principais alternativas quando o assunto envolve <strong>nomes curtos para meninos<\/strong> modernos e vibrantes. O som marcante transmite uma sensa\u00e7\u00e3o de <strong>energia e prote\u00e7\u00e3o<\/strong> constante para quem o carrega. Esse nome ganhou espa\u00e7o por ser <strong>vers\u00e1til e atual<\/strong> no cen\u00e1rio urbano das grandes capitais.<\/p>\n\n\n\n<p>Antes pouco comum, agora ele figura entre os <strong>registros mais frequentes<\/strong> em todas as regi\u00f5es do pa\u00eds. O significado ligado \u00e0 <strong>generosidade e for\u00e7a<\/strong> atrai pais que buscam valores s\u00f3lidos para seus filhos. A escolha por quatro letras mant\u00e9m a <strong>est\u00e9tica equilibrada<\/strong> que muitos designers e arquitetos preferem hoje.<\/p>\n\n\n\n<p>Para voc\u00ea que quer mais ideias, separamos um v\u00eddeo do canal da <a href=\"https:\/\/www.youtube.com\/@byjessicaamorim\" target=\"_blank\" rel=\"noreferrer noopener\">J\u00e9ssica Amorim<\/a> com dicas nomes para crian\u00e7as:<\/p>\n\n\n\n<figure class=\"wp-block-embed is-type-video is-provider-youtube wp-block-embed-youtube wp-embed-aspect-16-9 wp-has-aspect-ratio\"><div class=\"wp-block-embed__wrapper\">\n<div class=\"jeg_video_container jeg_video_content\"><iframe loading=\"lazy\" title=\"Nomes para beb\u00ea masculinos [40 nomes lindos e diferentes tend\u00eancia 2024 para meninos ]\" width=\"500\" height=\"281\" src=\"https:\/\/www.youtube.com\/embed\/RKvTGFwOOQw?feature=oembed\" frameborder=\"0\" allow=\"accelerometer; autoplay; clipboard-write; encrypted-media; gyroscope; picture-in-picture; web-share\" referrerpolicy=\"strict-origin-when-cross-origin\" allowfullscreen><\/iframe><\/div>\n<\/div><\/figure>\n\n\n\n<h2 class=\"wp-block-heading\">Quais as vantagens de nomes curtos para meninos na escola<\/h2>\n\n\n\n<p>A conviv\u00eancia escolar se torna mais simples quando a crian\u00e7a possui um nome de <strong>f\u00e1cil memoriza\u00e7\u00e3o<\/strong> pelos colegas. Professores conseguem identificar o aluno rapidamente, o que gera uma <strong>integra\u00e7\u00e3o social<\/strong> mais \u00e1gil e natural. Abaixo listamos alguns pontos positivos que justificam a alta procura por esses modelos espec\u00edficos<\/p>\n\n\n\n<ul class=\"wp-block-list\">\n<li>Possuem uma <strong>pron\u00fancia universal<\/strong> reconhecida em diversos pa\u00edses e culturas diferentes.<\/li>\n\n\n\n<li>Mant\u00eam a <strong>eleg\u00e2ncia e sofistica\u00e7\u00e3o<\/strong> mesmo sendo nomes extremamente compactos e diretos.<\/li>\n\n\n\n<li>Adaptam-se bem tanto a <strong>beb\u00eas quanto adultos<\/strong> em cargos profissionais de alta relev\u00e2ncia.<\/li>\n<\/ul>\n\n\n\n<p>A rapidez para preencher formul\u00e1rios e provas economiza tempo e evita <strong>erros de grafia<\/strong> comuns em nomes extensos. O pequeno sente mais <strong>seguran\u00e7a e autonomia<\/strong> ao aprender a assinar o pr\u00f3prio nome precocemente. Essa praticidade reflete diretamente na <strong>autoestima infantil<\/strong> durante o desenvolvimento pedag\u00f3gico inicial.<\/p>\n\n\n\n<figure class=\"wp-block-image size-full\"><img decoding=\"async\" width=\"1280\" height=\"720\" src=\"https:\/\/www.correiobraziliense.com.br\/cbradar\/wp-content\/uploads\/2026\/04\/Nomes-curtos-para-meninos-1.jpg\" alt=\"Nomes curtos para meninos (1)\" class=\"wp-image-235083\" srcset=\"https:\/\/www.correiobraziliense.com.br\/cbradar\/wp-content\/uploads\/2026\/04\/Nomes-curtos-para-meninos-1.jpg 1280w, https:\/\/www.correiobraziliense.com.br\/cbradar\/wp-content\/uploads\/2026\/04\/Nomes-curtos-para-meninos-1-300x169.jpg 300w, https:\/\/www.correiobraziliense.com.br\/cbradar\/wp-content\/uploads\/2026\/04\/Nomes-curtos-para-meninos-1-768x432.jpg 768w, https:\/\/www.correiobraziliense.com.br\/cbradar\/wp-content\/uploads\/2026\/04\/Nomes-curtos-para-meninos-1-750x422.jpg 750w, https:\/\/www.correiobraziliense.com.br\/cbradar\/wp-content\/uploads\/2026\/04\/Nomes-curtos-para-meninos-1-1140x641.jpg 1140w\" sizes=\"(max-width: 1280px) 100vw, 1280px\" \/><figcaption class=\"wp-element-caption\">A rapidez para preencher formul\u00e1rios e provas economiza tempo e evita erros de grafia comuns em nomes extensos.<\/figcaption><\/figure>\n\n\n\n<h2 class=\"wp-block-heading\">A influ\u00eancia internacional do nome Noah<\/h2>\n\n\n\n<p>O uso do nome Noah reflete uma <strong>influ\u00eancia global<\/strong> que atravessa fronteiras culturais com extrema facilidade. Ele \u00e9 ideal para quem deseja um <strong>toque cosmopolita<\/strong> sem abrir m\u00e3o da simplicidade necess\u00e1ria no cotidiano. A grafia suave proporciona um <strong>conforto visual<\/strong> imediato em qualquer tipo de suporte ou tela.<\/p>\n\n\n\n<p>Esta op\u00e7\u00e3o costuma ser associada a sentimentos de <strong>paz e renova\u00e7\u00e3o<\/strong> para todo o n\u00facleo familiar. O crescimento desse nome no Brasil mostra como as fam\u00edlias est\u00e3o <strong>conectadas com tend\u00eancias<\/strong> mundiais de registro. A sonoridade leve permite combina\u00e7\u00f5es com <strong>nomes compostos<\/strong> caso os pais prefiram algo mais elaborado.<\/p>\n\n\n\n<h2 class=\"wp-block-heading\">Por que o nome Ravi se tornou um fen\u00f4meno<\/h2>\n\n\n\n<p>Ravi traz uma sonoridade solar que destaca a crian\u00e7a de forma <strong>positiva e \u00fanica<\/strong> na sociedade. Sua raiz no s\u00e2nscrito simboliza a <strong>luz e o calor<\/strong> necess\u00e1rios para iluminar novos caminhos e come\u00e7os. \u00c9 uma escolha que demonstra <strong>personalidade e bom gosto<\/strong> por parte dos progenitores atentos.<\/p>\n\n\n\n<p>A facilidade de memoriza\u00e7\u00e3o torna esse nome um dos <strong>favoritos em clubes<\/strong> e atividades extracurriculares variadas. Muitas fam\u00edlias optam por Ravi para garantir um <strong>impacto positivo<\/strong> sem qualquer tipo de complexidade ortogr\u00e1fica. O nome flui muito bem em <strong>leituras r\u00e1pidas<\/strong> e chamadas orais frequentes no dia a dia.<\/p>\n\n\n\n<figure class=\"wp-block-embed is-type-rich is-provider-pinterest wp-block-embed-pinterest\"><div class=\"wp-block-embed__wrapper\">\n<iframe loading=\"lazy\" title=\"\ud83e\ude81\u2728Tend\u00eancia de Nomes para meninos \ud83e\ude81Mam\u00e3es, a escolha do nome do seu pequeno \u00e9 um momento especial, e essa lista de tend\u00eancias traz op\u00e7\u00f5es cheias de charme e significado! \ud83e\ude75\ud83d\ude99 Muito em breve vou postar um trabalho com um nome super especial desta lista feito em tricotin, uma pe\u00e7a linda que vai dar um toque \u00fanico ao quartinho do seu pr\u00edncipe. \ud83d\ude80\ud83d\udcabTransformo esses nomes em arte com bonequinhos em amigurumi, kits MesVers\u00e1rio, portas maternidade, e claro, nomes em tricotin, tudo feito \u00e0 m\u00e3o com ...\" src=\"https:\/\/assets.pinterest.com\/ext\/embed.html?id=28288303906471307&#038;src=oembed\" height=\"663\" width=\"450\" frameborder=\"0\" scrolling=\"no\" ><\/iframe>\n<\/div><\/figure>\n\n\n\n<h2 class=\"wp-block-heading\">Como definir nomes curtos para meninos com seguran\u00e7a<\/h2>\n\n\n\n<p>Testar a sonoridade junto ao sobrenome da fam\u00edlia ajuda a garantir uma <strong>escolha satisfat\u00f3ria<\/strong> a longo prazo. Pronunciar o nome em voz alta permite sentir o <strong>ritmo da fala<\/strong> natural em diferentes contextos sociais. \u00c9 importante verificar se a jun\u00e7\u00e3o das palavras cria algum <strong>sentido indesejado<\/strong> de forma acidental.<\/p>\n\n\n\n<p>Analisar o significado hist\u00f3rico traz mais <strong>seguran\u00e7a e confian\u00e7a<\/strong> para os pais decidirem o registro final. Priorizar a facilidade de soletra\u00e7\u00e3o evita <strong>aborrecimentos burocr\u00e1ticos<\/strong> no futuro acad\u00eamico e profissional do seu filho. A simplicidade costuma ser o caminho mais curto para alcan\u00e7ar uma <strong>eleg\u00e2ncia duradoura<\/strong> e atemporal.<\/p>\n","protected":false},"excerpt":{"rendered":"<p>Escolher nomes curtos para meninos exige aten\u00e7\u00e3o aos detalhes e ao significado que a crian\u00e7a carregar\u00e1 por toda a vida. Muitas fam\u00edlias buscam op\u00e7\u00f5es modernas que transmitam for\u00e7a e personalidade sem a necessidade de apelidos longos ou complexos. Por que escolher nomes curtos para meninos agora A busca por nomes curtos para meninos cresceu muito [&hellip;]<\/p>\n","protected":false},"author":24,"featured_media":235084,"comment_status":"open","ping_status":"open","sticky":false,"template":"","format":"standard","meta":{"_yoast_wpseo_focuskw":"Nomes curtos para meninos","_yoast_wpseo_title":"","_yoast_wpseo_metadesc":"A escolha ideal do nome para o beb\u00ea pode transformar o futuro da crian\u00e7a com op\u00e7\u00f5es que unem sonoridade marcante e muita praticidade em 2026","jnews-multi-image_gallery":[],"jnews_single_post":{"format":"standard"},"jnews_primary_category":[],"jnews_social_meta":[],"jnews_override_counter":[],"footnotes":""},"categories":[112],"tags":[5704,11783,18446],"class_list":["post-235073","post","type-post","status-publish","format-standard","has-post-thumbnail","hentry","category-curiosidades","tag-maternidade","tag-nomes-de-bebes","tag-tendencias-2026"],"yoast_head":"<!-- This site is optimized with the Yoast SEO plugin v24.6 - https:\/\/yoast.com\/wordpress\/plugins\/seo\/ -->\n<title>Os 4 nomes curtos para meninos que trazem um significado e facilitam at\u00e9 a vida escolar - Correio Braziliense - Radar<\/title>\n<meta name=\"description\" content=\"A escolha ideal do nome para o beb\u00ea pode transformar o futuro da crian\u00e7a com op\u00e7\u00f5es que unem sonoridade marcante e muita praticidade em 2026\" \/>\n<meta name=\"robots\" content=\"index, follow, max-snippet:-1, max-image-preview:large, max-video-preview:-1\" \/>\n<link rel=\"canonical\" href=\"https:\/\/www.correiobraziliense.com.br\/cbradar\/os-4-nomes-curtos-para-meninos-que-trazem-um-significado-e-facilitam-ate-a-vida-escolar\/\" \/>\n<meta property=\"og:locale\" content=\"pt_BR\" \/>\n<meta property=\"og:type\" content=\"article\" \/>\n<meta property=\"og:title\" content=\"Os 4 nomes curtos para meninos que trazem um significado e facilitam at\u00e9 a vida escolar - Correio Braziliense - Radar\" \/>\n<meta property=\"og:description\" content=\"A escolha ideal do nome para o beb\u00ea pode transformar o futuro da crian\u00e7a com op\u00e7\u00f5es que unem sonoridade marcante e muita praticidade em 2026\" \/>\n<meta property=\"og:url\" content=\"https:\/\/www.correiobraziliense.com.br\/cbradar\/os-4-nomes-curtos-para-meninos-que-trazem-um-significado-e-facilitam-ate-a-vida-escolar\/\" \/>\n<meta property=\"og:site_name\" content=\"Correio Braziliense - Radar\" \/>\n<meta property=\"article:published_time\" content=\"2026-05-02T09:45:00+00:00\" \/>\n<meta property=\"og:image\" content=\"https:\/\/www.correiobraziliense.com.br\/cbradar\/wp-content\/uploads\/2026\/04\/Nomes-curtos-para-meninos-2.jpg\" \/>\n\t<meta property=\"og:image:width\" content=\"1280\" \/>\n\t<meta property=\"og:image:height\" content=\"720\" \/>\n\t<meta property=\"og:image:type\" content=\"image\/jpeg\" \/>\n<meta name=\"author\" content=\"Bruno Vaz\" \/>\n<meta name=\"twitter:card\" content=\"summary_large_image\" \/>\n<meta name=\"twitter:label1\" content=\"Escrito por\" \/>\n\t<meta name=\"twitter:data1\" content=\"Bruno Vaz\" \/>\n\t<meta name=\"twitter:label2\" content=\"Est. tempo de leitura\" \/>\n\t<meta name=\"twitter:data2\" content=\"6 minutos\" \/>\n<!-- \/ Yoast SEO plugin. -->","yoast_head_json":{"title":"Os 4 nomes curtos para meninos que trazem um significado e facilitam at\u00e9 a vida escolar - Correio Braziliense - Radar","description":"A escolha ideal do nome para o beb\u00ea pode transformar o futuro da crian\u00e7a com op\u00e7\u00f5es que unem sonoridade marcante e muita praticidade em 2026","robots":{"index":"index","follow":"follow","max-snippet":"max-snippet:-1","max-image-preview":"max-image-preview:large","max-video-preview":"max-video-preview:-1"},"canonical":"https:\/\/www.correiobraziliense.com.br\/cbradar\/os-4-nomes-curtos-para-meninos-que-trazem-um-significado-e-facilitam-ate-a-vida-escolar\/","og_locale":"pt_BR","og_type":"article","og_title":"Os 4 nomes curtos para meninos que trazem um significado e facilitam at\u00e9 a vida escolar - Correio Braziliense - Radar","og_description":"A escolha ideal do nome para o beb\u00ea pode transformar o futuro da crian\u00e7a com op\u00e7\u00f5es que unem sonoridade marcante e muita praticidade em 2026","og_url":"https:\/\/www.correiobraziliense.com.br\/cbradar\/os-4-nomes-curtos-para-meninos-que-trazem-um-significado-e-facilitam-ate-a-vida-escolar\/","og_site_name":"Correio Braziliense - Radar","article_published_time":"2026-05-02T09:45:00+00:00","og_image":[{"width":1280,"height":720,"url":"https:\/\/www.correiobraziliense.com.br\/cbradar\/wp-content\/uploads\/2026\/04\/Nomes-curtos-para-meninos-2.jpg","type":"image\/jpeg"}],"author":"Bruno Vaz","twitter_card":"summary_large_image","twitter_misc":{"Escrito por":"Bruno Vaz","Est. tempo de leitura":"6 minutos"},"schema":{"@context":"https:\/\/schema.org","@graph":[{"@type":"WebPage","@id":"https:\/\/www.correiobraziliense.com.br\/cbradar\/os-4-nomes-curtos-para-meninos-que-trazem-um-significado-e-facilitam-ate-a-vida-escolar\/","url":"https:\/\/www.correiobraziliense.com.br\/cbradar\/os-4-nomes-curtos-para-meninos-que-trazem-um-significado-e-facilitam-ate-a-vida-escolar\/","name":"Os 4 nomes curtos para meninos que trazem um significado e facilitam at\u00e9 a vida escolar - Correio Braziliense - Radar","isPartOf":{"@id":"https:\/\/www.correiobraziliense.com.br\/cbradar\/#website"},"primaryImageOfPage":{"@id":"https:\/\/www.correiobraziliense.com.br\/cbradar\/os-4-nomes-curtos-para-meninos-que-trazem-um-significado-e-facilitam-ate-a-vida-escolar\/#primaryimage"},"image":{"@id":"https:\/\/www.correiobraziliense.com.br\/cbradar\/os-4-nomes-curtos-para-meninos-que-trazem-um-significado-e-facilitam-ate-a-vida-escolar\/#primaryimage"},"thumbnailUrl":"https:\/\/www.correiobraziliense.com.br\/cbradar\/wp-content\/uploads\/2026\/04\/Nomes-curtos-para-meninos-2.jpg","datePublished":"2026-05-02T09:45:00+00:00","author":{"@id":"https:\/\/www.correiobraziliense.com.br\/cbradar\/#\/schema\/person\/fa8d996f8ec792dc6e8e1d712294923c"},"description":"A escolha ideal do nome para o beb\u00ea pode transformar o futuro da crian\u00e7a com op\u00e7\u00f5es que unem sonoridade marcante e muita praticidade em 2026","breadcrumb":{"@id":"https:\/\/www.correiobraziliense.com.br\/cbradar\/os-4-nomes-curtos-para-meninos-que-trazem-um-significado-e-facilitam-ate-a-vida-escolar\/#breadcrumb"},"inLanguage":"pt-BR","potentialAction":[{"@type":"ReadAction","target":["https:\/\/www.correiobraziliense.com.br\/cbradar\/os-4-nomes-curtos-para-meninos-que-trazem-um-significado-e-facilitam-ate-a-vida-escolar\/"]}]},{"@type":"ImageObject","inLanguage":"pt-BR","@id":"https:\/\/www.correiobraziliense.com.br\/cbradar\/os-4-nomes-curtos-para-meninos-que-trazem-um-significado-e-facilitam-ate-a-vida-escolar\/#primaryimage","url":"https:\/\/www.correiobraziliense.com.br\/cbradar\/wp-content\/uploads\/2026\/04\/Nomes-curtos-para-meninos-2.jpg","contentUrl":"https:\/\/www.correiobraziliense.com.br\/cbradar\/wp-content\/uploads\/2026\/04\/Nomes-curtos-para-meninos-2.jpg","width":1280,"height":720,"caption":"A busca por nomes curtos para meninos cresceu muito nos cart\u00f3rios brasileiros nos \u00faltimos anos"},{"@type":"BreadcrumbList","@id":"https:\/\/www.correiobraziliense.com.br\/cbradar\/os-4-nomes-curtos-para-meninos-que-trazem-um-significado-e-facilitam-ate-a-vida-escolar\/#breadcrumb","itemListElement":[{"@type":"ListItem","position":1,"name":"In\u00edcio","item":"https:\/\/www.correiobraziliense.com.br\/cbradar\/"},{"@type":"ListItem","position":2,"name":"Os 4 nomes curtos para meninos que trazem um significado e facilitam at\u00e9 a vida escolar"}]},{"@type":"WebSite","@id":"https:\/\/www.correiobraziliense.com.br\/cbradar\/#website","url":"https:\/\/www.correiobraziliense.com.br\/cbradar\/","name":"Correio Braziliense - Radar","description":"Acompanhe as \u00faltimas not\u00edcias e fique bem informado sobre tudo o que acontece no Brasil e no mundo.","potentialAction":[{"@type":"SearchAction","target":{"@type":"EntryPoint","urlTemplate":"https:\/\/www.correiobraziliense.com.br\/cbradar\/?s={search_term_string}"},"query-input":{"@type":"PropertyValueSpecification","valueRequired":true,"valueName":"search_term_string"}}],"inLanguage":"pt-BR"},{"@type":"Person","@id":"https:\/\/www.correiobraziliense.com.br\/cbradar\/#\/schema\/person\/fa8d996f8ec792dc6e8e1d712294923c","name":"Bruno Vaz","image":{"@type":"ImageObject","inLanguage":"pt-BR","@id":"https:\/\/www.correiobraziliense.com.br\/cbradar\/#\/schema\/person\/image\/","url":"https:\/\/secure.gravatar.com\/avatar\/b2b7b66985ef75f65bcf72e6ab68dd22?s=96&d=mm&r=g","contentUrl":"https:\/\/secure.gravatar.com\/avatar\/b2b7b66985ef75f65bcf72e6ab68dd22?s=96&d=mm&r=g","caption":"Bruno Vaz"},"sameAs":["https:\/\/www.correiobraziliense.com.br\/cbradar\/"],"url":"https:\/\/www.correiobraziliense.com.br\/cbradar\/author\/bruno-vaz\/"}]}},"_links":{"self":[{"href":"https:\/\/www.correiobraziliense.com.br\/cbradar\/wp-json\/wp\/v2\/posts\/235073","targetHints":{"allow":["GET"]}}],"collection":[{"href":"https:\/\/www.correiobraziliense.com.br\/cbradar\/wp-json\/wp\/v2\/posts"}],"about":[{"href":"https:\/\/www.correiobraziliense.com.br\/cbradar\/wp-json\/wp\/v2\/types\/post"}],"author":[{"embeddable":true,"href":"https:\/\/www.correiobraziliense.com.br\/cbradar\/wp-json\/wp\/v2\/users\/24"}],"replies":[{"embeddable":true,"href":"https:\/\/www.correiobraziliense.com.br\/cbradar\/wp-json\/wp\/v2\/comments?post=235073"}],"version-history":[{"count":2,"href":"https:\/\/www.correiobraziliense.com.br\/cbradar\/wp-json\/wp\/v2\/posts\/235073\/revisions"}],"predecessor-version":[{"id":235088,"href":"https:\/\/www.correiobraziliense.com.br\/cbradar\/wp-json\/wp\/v2\/posts\/235073\/revisions\/235088"}],"wp:featuredmedia":[{"embeddable":true,"href":"https:\/\/www.correiobraziliense.com.br\/cbradar\/wp-json\/wp\/v2\/media\/235084"}],"wp:attachment":[{"href":"https:\/\/www.correiobraziliense.com.br\/cbradar\/wp-json\/wp\/v2\/media?parent=235073"}],"wp:term":[{"taxonomy":"category","embeddable":true,"href":"https:\/\/www.correiobraziliense.com.br\/cbradar\/wp-json\/wp\/v2\/categories?post=235073"},{"taxonomy":"post_tag","embeddable":true,"href":"https:\/\/www.correiobraziliense.com.br\/cbradar\/wp-json\/wp\/v2\/tags?post=235073"}],"curies":[{"name":"wp","href":"https:\/\/api.w.org\/{rel}","templated":true}]}}