{"id":235130,"date":"2026-05-01T04:59:00","date_gmt":"2026-05-01T07:59:00","guid":{"rendered":"https:\/\/www.correiobraziliense.com.br\/cbradar\/?p=235130"},"modified":"2026-05-01T00:19:21","modified_gmt":"2026-05-01T03:19:21","slug":"brasil-se-junta-a-alemanha-suecia-e-polonia-ao-trocar-o-tijolo-baiano-pelo-bloco-de-concreto-celular-o-que-muda-no-conforto-termico-peso-da-obra-e-conta-de-luz","status":"publish","type":"post","link":"https:\/\/www.correiobraziliense.com.br\/cbradar\/brasil-se-junta-a-alemanha-suecia-e-polonia-ao-trocar-o-tijolo-baiano-pelo-bloco-de-concreto-celular-o-que-muda-no-conforto-termico-peso-da-obra-e-conta-de-luz\/","title":{"rendered":"Brasil se junta a Alemanha, Su\u00e9cia e Pol\u00f4nia ao trocar o tijolo baiano pelo bloco de concreto celular: o que muda no conforto t\u00e9rmico, peso da obra e conta de luz"},"content":{"rendered":"\n<p>A alvenaria do <strong>Brasil<\/strong> evolui com o uso do <strong>bloco de concreto celular<\/strong> para reduzir o calor interno. Essa tecnologia europeia utiliza microbolhas de ar para impedir que a radia\u00e7\u00e3o solar atravesse as paredes. O material garante casas frescas e funda\u00e7\u00f5es at\u00e9 <strong>30%<\/strong> mais leves.<\/p>\n\n\n\n<h2 class=\"wp-block-heading\">O que \u00e9 exatamente o concreto celular autoclavado?<\/h2>\n\n\n\n<p>O material consiste em uma mistura de cimento, cal e areia processada em c\u00e2maras de alta press\u00e3o. Durante a fabrica\u00e7\u00e3o, uma rea\u00e7\u00e3o qu\u00edmica gera milhares de poros min\u00fasculos que permanecem aprisionados na estrutura s\u00f3lida. Esse processo cria um componente maci\u00e7o, por\u00e9m extremamente aerado e leve.<\/p>\n\n\n\n<p>Diferente do cer\u00e2mico, o <strong>bloco de concreto celular<\/strong> possui dimens\u00f5es muito precisas e superf\u00edcies lisas. Essa uniformidade permite um assentamento com junta fina, reduzindo o desperd\u00edcio de argamassa no canteiro. A tecnologia, amplamente utilizada na <a href=\"https:\/\/pt.wikipedia.org\/wiki\/Alemanha\" target=\"_blank\" rel=\"noreferrer noopener\"><strong>Alemanha<\/strong><\/a>, profissionaliza as constru\u00e7\u00f5es nacionais.<\/p>\n\n\n\n<p>Confira as principais caracter\u00edsticas t\u00e9cnicas que aceleram a entrega do im\u00f3vel:<\/p>\n\n\n\n<ul class=\"wp-block-list\">\n<li><strong>F\u00e1cil corte:<\/strong> o material pode ser serrado manualmente para ajustes de tomadas e cantos.<\/li>\n\n\n\n<li><strong>Canaletas integradas:<\/strong> permite a passagem de tubula\u00e7\u00f5es hidr\u00e1ulicas e el\u00e9tricas sem quebra-quebra excessivo.<\/li>\n\n\n\n<li><strong>Acabamento liso:<\/strong> aceita aplica\u00e7\u00e3o direta de gesso ou massa corrida, eliminando etapas de reboco.<\/li>\n<\/ul>\n\n\n<div class=\"wp-block-image\">\n<figure class=\"aligncenter size-full\"><img decoding=\"async\" width=\"1280\" height=\"720\" src=\"https:\/\/www.correiobraziliense.com.br\/cbradar\/wp-content\/uploads\/2026\/05\/IMAGEM_720p_1777604758740.jpg\" alt=\"Os ganhos de efici\u00eancia energ\u00e9tica, redu\u00e7\u00e3o de carga estrutural e economia financeira com o uso do CCA\" class=\"wp-image-235133\" srcset=\"https:\/\/www.correiobraziliense.com.br\/cbradar\/wp-content\/uploads\/2026\/05\/IMAGEM_720p_1777604758740.jpg 1280w, https:\/\/www.correiobraziliense.com.br\/cbradar\/wp-content\/uploads\/2026\/05\/IMAGEM_720p_1777604758740-300x169.jpg 300w, https:\/\/www.correiobraziliense.com.br\/cbradar\/wp-content\/uploads\/2026\/05\/IMAGEM_720p_1777604758740-768x432.jpg 768w, https:\/\/www.correiobraziliense.com.br\/cbradar\/wp-content\/uploads\/2026\/05\/IMAGEM_720p_1777604758740-750x422.jpg 750w, https:\/\/www.correiobraziliense.com.br\/cbradar\/wp-content\/uploads\/2026\/05\/IMAGEM_720p_1777604758740-1140x641.jpg 1140w\" sizes=\"(max-width: 1280px) 100vw, 1280px\" \/><figcaption class=\"wp-element-caption\">Os ganhos de efici\u00eancia energ\u00e9tica, redu\u00e7\u00e3o de carga estrutural e economia financeira com o uso do CCA<\/figcaption><\/figure><\/div>\n\n\n<h2 class=\"wp-block-heading\">Como o material garante isolamento t\u00e9rmico superior?<\/h2>\n\n\n\n<p>As microbolhas de ar internas funcionam como barreiras f\u00edsicas naturais contra a passagem do calor externo. O ar \u00e9 um dos melhores isolantes conhecidos, impedindo que a energia t\u00e9rmica do sol do meio-dia penetre nos c\u00f4modos. Isso mant\u00e9m as superf\u00edcies internas das paredes em temperaturas muito agrad\u00e1veis.<\/p>\n\n\n\n<p>Em regi\u00f5es de clima tropical, essa propriedade f\u00edsica elimina a sensa\u00e7\u00e3o de parede quente ao anoitecer. O <strong>concreto celular<\/strong> apresenta uma in\u00e9rcia t\u00e9rmica superior, protegendo o interior contra oscila\u00e7\u00f5es bruscas. O resultado \u00e9 um ambiente est\u00e1vel que dispensa o uso severo de ventila\u00e7\u00e3o mec\u00e2nica constante.<\/p>\n\n\n\n<p>Leia tamb\u00e9m: <a href=\"https:\/\/www.correiobraziliense.com.br\/cbradar\/a-folha-pouco-consumida-que-tem-mais-ferro-que-muitas-verduras-comuns-e-ajuda-a-combater-o-cansaco\/\" target=\"_blank\" rel=\"noreferrer noopener\">A folha pouco consumida que tem mais ferro que muitas verduras comuns e ajuda a combater o cansa\u00e7o<\/a><\/p>\n\n\n\n<h2 class=\"wp-block-heading\">Qual o impacto real no peso total da estrutura?<\/h2>\n\n\n\n<p>Substituir o barro cozido por este composto ciment\u00edcio leve alivia drasticamente a carga sobre as vigas. O material chega a ser <strong>60%<\/strong> mais leve que o concreto convencional, permitindo projetos de funda\u00e7\u00f5es simplificadas. Essa redu\u00e7\u00e3o de massa evita recalques e rachaduras estruturais a longo prazo.<\/p>\n\n\n\n<p>A leveza facilita o transporte manual e o manuseio dos oper\u00e1rios durante a eleva\u00e7\u00e3o das paredes. Menos peso significa menos a\u00e7o e menos concreto nas bases da resid\u00eancia. <\/p>\n\n\n\n<h2 class=\"wp-block-heading\">Por que a conta de luz diminui com essa troca?<\/h2>\n\n\n\n<p>Paredes que bloqueiam o calor reduzem a necessidade de ligar o ar-condicionado por longas horas. Como o ambiente permanece fresco naturalmente, o aparelho atinge a temperatura desejada rapidamente e entra em modo de economia. A redu\u00e7\u00e3o mensal na fatura el\u00e9trica pode ultrapassar os <strong>25%<\/strong>.<\/p>\n\n\n\n<p>A efici\u00eancia energ\u00e9tica \u00e9 um pilar da arquitetura sustent\u00e1vel moderna em pa\u00edses como a <strong>Su\u00e9cia<\/strong> e a <strong>Pol\u00f4nia<\/strong>. O uso do <strong>bloco de concreto celular<\/strong> minimiza a depend\u00eancia da rede el\u00e9trica para o conforto t\u00e9rmico b\u00e1sico. Menos calor entrando significa menos dinheiro saindo do or\u00e7amento familiar todos os meses.<\/p>\n\n\n<div class=\"wp-block-image\">\n<figure class=\"aligncenter size-full\"><img decoding=\"async\" width=\"1280\" height=\"720\" src=\"https:\/\/www.correiobraziliense.com.br\/cbradar\/wp-content\/uploads\/2026\/05\/IMAGEM_720p_1777604786468.jpg\" alt=\"Os ganhos de efici\u00eancia energ\u00e9tica, redu\u00e7\u00e3o de carga estrutural e economia financeira com o uso do CCA\" class=\"wp-image-235132\" srcset=\"https:\/\/www.correiobraziliense.com.br\/cbradar\/wp-content\/uploads\/2026\/05\/IMAGEM_720p_1777604786468.jpg 1280w, https:\/\/www.correiobraziliense.com.br\/cbradar\/wp-content\/uploads\/2026\/05\/IMAGEM_720p_1777604786468-300x169.jpg 300w, https:\/\/www.correiobraziliense.com.br\/cbradar\/wp-content\/uploads\/2026\/05\/IMAGEM_720p_1777604786468-768x432.jpg 768w, https:\/\/www.correiobraziliense.com.br\/cbradar\/wp-content\/uploads\/2026\/05\/IMAGEM_720p_1777604786468-750x422.jpg 750w, https:\/\/www.correiobraziliense.com.br\/cbradar\/wp-content\/uploads\/2026\/05\/IMAGEM_720p_1777604786468-1140x641.jpg 1140w\" sizes=\"(max-width: 1280px) 100vw, 1280px\" \/><figcaption class=\"wp-element-caption\">Os ganhos de efici\u00eancia energ\u00e9tica, redu\u00e7\u00e3o de carga estrutural e economia financeira com o uso do CCA<\/figcaption><\/figure><\/div>\n\n\n<h2 class=\"wp-block-heading\">Quais as vantagens na velocidade de execu\u00e7\u00e3o da obra?<\/h2>\n\n\n\n<p>O tamanho maior dos blocos permite que as paredes subam com uma rapidez impressionante no canteiro. Cada pe\u00e7a equivale a v\u00e1rios tijolos cer\u00e2micos pequenos, diminuindo a quantidade de movimentos repetitivos do pedreiro. O rendimento da m\u00e3o de obra aumenta, reduzindo o cronograma total da constru\u00e7\u00e3o.<\/p>\n\n\n\n<p>A precis\u00e3o milim\u00e9trica das pe\u00e7as agiliza o processo de revestimento final de forma not\u00e1vel. Cada unidade \u00e9 fabricada com desvios m\u00ednimos, garantindo prumo e alinhamento perfeitos logo na primeira fiada. Esse rigor geom\u00e9trico elimina a necessidade de corre\u00e7\u00f5es pesadas com argamassas de enchimento caras e demoradas.<\/p>\n","protected":false},"excerpt":{"rendered":"<p>A alvenaria do Brasil evolui com o uso do bloco de concreto celular para reduzir o calor interno. Essa tecnologia europeia utiliza microbolhas de ar para impedir que a radia\u00e7\u00e3o solar atravesse as paredes. O material garante casas frescas e funda\u00e7\u00f5es at\u00e9 30% mais leves. O que \u00e9 exatamente o concreto celular autoclavado? O material [&hellip;]<\/p>\n","protected":false},"author":11,"featured_media":235134,"comment_status":"open","ping_status":"open","sticky":false,"template":"","format":"standard","meta":{"_yoast_wpseo_focuskw":"bloco de concreto celular","_yoast_wpseo_title":"","_yoast_wpseo_metadesc":"O tijolo baiano perde espa\u00e7o para uma tecnologia europeia que promete casas frescas e obras leves. Avalie como o concreto celular reduz o peso e a conta de luz.","jnews-multi-image_gallery":[],"jnews_single_post":{"format":"standard"},"jnews_primary_category":[],"jnews_social_meta":[],"jnews_override_counter":[],"footnotes":""},"categories":[143],"tags":[15329,16661,16071,254],"class_list":["post-235130","post","type-post","status-publish","format-standard","has-post-thumbnail","hentry","category-casa-e-decoracao","tag-alvenaria","tag-construcao-civil","tag-isolamento-termico","tag-sustentabilidade"],"yoast_head":"<!-- This site is optimized with the Yoast SEO plugin v24.6 - https:\/\/yoast.com\/wordpress\/plugins\/seo\/ -->\n<title>Brasil se junta a Alemanha, Su\u00e9cia e Pol\u00f4nia ao trocar o tijolo baiano pelo bloco de concreto celular: o que muda no conforto t\u00e9rmico, peso da obra e conta de luz - Correio Braziliense - Radar<\/title>\n<meta name=\"description\" content=\"O tijolo baiano perde espa\u00e7o para uma tecnologia europeia que promete casas frescas e obras leves. Avalie como o concreto celular reduz o peso e a conta de luz.\" \/>\n<meta name=\"robots\" content=\"index, follow, max-snippet:-1, max-image-preview:large, max-video-preview:-1\" \/>\n<link rel=\"canonical\" href=\"https:\/\/www.correiobraziliense.com.br\/cbradar\/brasil-se-junta-a-alemanha-suecia-e-polonia-ao-trocar-o-tijolo-baiano-pelo-bloco-de-concreto-celular-o-que-muda-no-conforto-termico-peso-da-obra-e-conta-de-luz\/\" \/>\n<meta property=\"og:locale\" content=\"pt_BR\" \/>\n<meta property=\"og:type\" content=\"article\" \/>\n<meta property=\"og:title\" content=\"Brasil se junta a Alemanha, Su\u00e9cia e Pol\u00f4nia ao trocar o tijolo baiano pelo bloco de concreto celular: o que muda no conforto t\u00e9rmico, peso da obra e conta de luz - Correio Braziliense - Radar\" \/>\n<meta property=\"og:description\" content=\"O tijolo baiano perde espa\u00e7o para uma tecnologia europeia que promete casas frescas e obras leves. Avalie como o concreto celular reduz o peso e a conta de luz.\" \/>\n<meta property=\"og:url\" content=\"https:\/\/www.correiobraziliense.com.br\/cbradar\/brasil-se-junta-a-alemanha-suecia-e-polonia-ao-trocar-o-tijolo-baiano-pelo-bloco-de-concreto-celular-o-que-muda-no-conforto-termico-peso-da-obra-e-conta-de-luz\/\" \/>\n<meta property=\"og:site_name\" content=\"Correio Braziliense - Radar\" \/>\n<meta property=\"article:published_time\" content=\"2026-05-01T07:59:00+00:00\" \/>\n<meta property=\"og:image\" content=\"https:\/\/www.correiobraziliense.com.br\/cbradar\/wp-content\/uploads\/2026\/05\/IMAGEM_720p_1777604825488.jpg\" \/>\n\t<meta property=\"og:image:width\" content=\"1280\" \/>\n\t<meta property=\"og:image:height\" content=\"720\" \/>\n\t<meta property=\"og:image:type\" content=\"image\/jpeg\" \/>\n<meta name=\"author\" content=\"Paulo Custodio\" \/>\n<meta name=\"twitter:card\" content=\"summary_large_image\" \/>\n<meta name=\"twitter:label1\" content=\"Escrito por\" \/>\n\t<meta name=\"twitter:data1\" content=\"Paulo Custodio\" \/>\n\t<meta name=\"twitter:label2\" content=\"Est. tempo de leitura\" \/>\n\t<meta name=\"twitter:data2\" content=\"5 minutos\" \/>\n<!-- \/ Yoast SEO plugin. -->","yoast_head_json":{"title":"Brasil se junta a Alemanha, Su\u00e9cia e Pol\u00f4nia ao trocar o tijolo baiano pelo bloco de concreto celular: o que muda no conforto t\u00e9rmico, peso da obra e conta de luz - Correio Braziliense - Radar","description":"O tijolo baiano perde espa\u00e7o para uma tecnologia europeia que promete casas frescas e obras leves. Avalie como o concreto celular reduz o peso e a conta de luz.","robots":{"index":"index","follow":"follow","max-snippet":"max-snippet:-1","max-image-preview":"max-image-preview:large","max-video-preview":"max-video-preview:-1"},"canonical":"https:\/\/www.correiobraziliense.com.br\/cbradar\/brasil-se-junta-a-alemanha-suecia-e-polonia-ao-trocar-o-tijolo-baiano-pelo-bloco-de-concreto-celular-o-que-muda-no-conforto-termico-peso-da-obra-e-conta-de-luz\/","og_locale":"pt_BR","og_type":"article","og_title":"Brasil se junta a Alemanha, Su\u00e9cia e Pol\u00f4nia ao trocar o tijolo baiano pelo bloco de concreto celular: o que muda no conforto t\u00e9rmico, peso da obra e conta de luz - Correio Braziliense - Radar","og_description":"O tijolo baiano perde espa\u00e7o para uma tecnologia europeia que promete casas frescas e obras leves. Avalie como o concreto celular reduz o peso e a conta de luz.","og_url":"https:\/\/www.correiobraziliense.com.br\/cbradar\/brasil-se-junta-a-alemanha-suecia-e-polonia-ao-trocar-o-tijolo-baiano-pelo-bloco-de-concreto-celular-o-que-muda-no-conforto-termico-peso-da-obra-e-conta-de-luz\/","og_site_name":"Correio Braziliense - Radar","article_published_time":"2026-05-01T07:59:00+00:00","og_image":[{"width":1280,"height":720,"url":"https:\/\/www.correiobraziliense.com.br\/cbradar\/wp-content\/uploads\/2026\/05\/IMAGEM_720p_1777604825488.jpg","type":"image\/jpeg"}],"author":"Paulo Custodio","twitter_card":"summary_large_image","twitter_misc":{"Escrito por":"Paulo Custodio","Est. tempo de leitura":"5 minutos"},"schema":{"@context":"https:\/\/schema.org","@graph":[{"@type":"WebPage","@id":"https:\/\/www.correiobraziliense.com.br\/cbradar\/brasil-se-junta-a-alemanha-suecia-e-polonia-ao-trocar-o-tijolo-baiano-pelo-bloco-de-concreto-celular-o-que-muda-no-conforto-termico-peso-da-obra-e-conta-de-luz\/","url":"https:\/\/www.correiobraziliense.com.br\/cbradar\/brasil-se-junta-a-alemanha-suecia-e-polonia-ao-trocar-o-tijolo-baiano-pelo-bloco-de-concreto-celular-o-que-muda-no-conforto-termico-peso-da-obra-e-conta-de-luz\/","name":"Brasil se junta a Alemanha, Su\u00e9cia e Pol\u00f4nia ao trocar o tijolo baiano pelo bloco de concreto celular: o que muda no conforto t\u00e9rmico, peso da obra e conta de luz - Correio Braziliense - Radar","isPartOf":{"@id":"https:\/\/www.correiobraziliense.com.br\/cbradar\/#website"},"primaryImageOfPage":{"@id":"https:\/\/www.correiobraziliense.com.br\/cbradar\/brasil-se-junta-a-alemanha-suecia-e-polonia-ao-trocar-o-tijolo-baiano-pelo-bloco-de-concreto-celular-o-que-muda-no-conforto-termico-peso-da-obra-e-conta-de-luz\/#primaryimage"},"image":{"@id":"https:\/\/www.correiobraziliense.com.br\/cbradar\/brasil-se-junta-a-alemanha-suecia-e-polonia-ao-trocar-o-tijolo-baiano-pelo-bloco-de-concreto-celular-o-que-muda-no-conforto-termico-peso-da-obra-e-conta-de-luz\/#primaryimage"},"thumbnailUrl":"https:\/\/www.correiobraziliense.com.br\/cbradar\/wp-content\/uploads\/2026\/05\/IMAGEM_720p_1777604825488.jpg","datePublished":"2026-05-01T07:59:00+00:00","author":{"@id":"https:\/\/www.correiobraziliense.com.br\/cbradar\/#\/schema\/person\/4cec7857301a9a1a2ef249893cd908d3"},"description":"O tijolo baiano perde espa\u00e7o para uma tecnologia europeia que promete casas frescas e obras leves. Avalie como o concreto celular reduz o peso e a conta de luz.","breadcrumb":{"@id":"https:\/\/www.correiobraziliense.com.br\/cbradar\/brasil-se-junta-a-alemanha-suecia-e-polonia-ao-trocar-o-tijolo-baiano-pelo-bloco-de-concreto-celular-o-que-muda-no-conforto-termico-peso-da-obra-e-conta-de-luz\/#breadcrumb"},"inLanguage":"pt-BR","potentialAction":[{"@type":"ReadAction","target":["https:\/\/www.correiobraziliense.com.br\/cbradar\/brasil-se-junta-a-alemanha-suecia-e-polonia-ao-trocar-o-tijolo-baiano-pelo-bloco-de-concreto-celular-o-que-muda-no-conforto-termico-peso-da-obra-e-conta-de-luz\/"]}]},{"@type":"ImageObject","inLanguage":"pt-BR","@id":"https:\/\/www.correiobraziliense.com.br\/cbradar\/brasil-se-junta-a-alemanha-suecia-e-polonia-ao-trocar-o-tijolo-baiano-pelo-bloco-de-concreto-celular-o-que-muda-no-conforto-termico-peso-da-obra-e-conta-de-luz\/#primaryimage","url":"https:\/\/www.correiobraziliense.com.br\/cbradar\/wp-content\/uploads\/2026\/05\/IMAGEM_720p_1777604825488.jpg","contentUrl":"https:\/\/www.correiobraziliense.com.br\/cbradar\/wp-content\/uploads\/2026\/05\/IMAGEM_720p_1777604825488.jpg","width":1280,"height":720,"caption":"Os ganhos de efici\u00eancia energ\u00e9tica, redu\u00e7\u00e3o de carga estrutural e economia financeira com o uso do CCA"},{"@type":"BreadcrumbList","@id":"https:\/\/www.correiobraziliense.com.br\/cbradar\/brasil-se-junta-a-alemanha-suecia-e-polonia-ao-trocar-o-tijolo-baiano-pelo-bloco-de-concreto-celular-o-que-muda-no-conforto-termico-peso-da-obra-e-conta-de-luz\/#breadcrumb","itemListElement":[{"@type":"ListItem","position":1,"name":"In\u00edcio","item":"https:\/\/www.correiobraziliense.com.br\/cbradar\/"},{"@type":"ListItem","position":2,"name":"Brasil se junta a Alemanha, Su\u00e9cia e Pol\u00f4nia ao trocar o tijolo baiano pelo bloco de concreto celular: o que muda no conforto t\u00e9rmico, peso da obra e conta de luz"}]},{"@type":"WebSite","@id":"https:\/\/www.correiobraziliense.com.br\/cbradar\/#website","url":"https:\/\/www.correiobraziliense.com.br\/cbradar\/","name":"Correio Braziliense - Radar","description":"Acompanhe as \u00faltimas not\u00edcias e fique bem informado sobre tudo o que acontece no Brasil e no mundo.","potentialAction":[{"@type":"SearchAction","target":{"@type":"EntryPoint","urlTemplate":"https:\/\/www.correiobraziliense.com.br\/cbradar\/?s={search_term_string}"},"query-input":{"@type":"PropertyValueSpecification","valueRequired":true,"valueName":"search_term_string"}}],"inLanguage":"pt-BR"},{"@type":"Person","@id":"https:\/\/www.correiobraziliense.com.br\/cbradar\/#\/schema\/person\/4cec7857301a9a1a2ef249893cd908d3","name":"Paulo Custodio","image":{"@type":"ImageObject","inLanguage":"pt-BR","@id":"https:\/\/www.correiobraziliense.com.br\/cbradar\/#\/schema\/person\/image\/","url":"https:\/\/secure.gravatar.com\/avatar\/bcd67168d1534e8fcf4f45c726a87cea?s=96&d=mm&r=g","contentUrl":"https:\/\/secure.gravatar.com\/avatar\/bcd67168d1534e8fcf4f45c726a87cea?s=96&d=mm&r=g","caption":"Paulo Custodio"},"sameAs":["https:\/\/www.correiobraziliense.com.br\/cbradar"],"url":"https:\/\/www.correiobraziliense.com.br\/cbradar\/author\/paulomyth\/"}]}},"_links":{"self":[{"href":"https:\/\/www.correiobraziliense.com.br\/cbradar\/wp-json\/wp\/v2\/posts\/235130","targetHints":{"allow":["GET"]}}],"collection":[{"href":"https:\/\/www.correiobraziliense.com.br\/cbradar\/wp-json\/wp\/v2\/posts"}],"about":[{"href":"https:\/\/www.correiobraziliense.com.br\/cbradar\/wp-json\/wp\/v2\/types\/post"}],"author":[{"embeddable":true,"href":"https:\/\/www.correiobraziliense.com.br\/cbradar\/wp-json\/wp\/v2\/users\/11"}],"replies":[{"embeddable":true,"href":"https:\/\/www.correiobraziliense.com.br\/cbradar\/wp-json\/wp\/v2\/comments?post=235130"}],"version-history":[{"count":1,"href":"https:\/\/www.correiobraziliense.com.br\/cbradar\/wp-json\/wp\/v2\/posts\/235130\/revisions"}],"predecessor-version":[{"id":235135,"href":"https:\/\/www.correiobraziliense.com.br\/cbradar\/wp-json\/wp\/v2\/posts\/235130\/revisions\/235135"}],"wp:featuredmedia":[{"embeddable":true,"href":"https:\/\/www.correiobraziliense.com.br\/cbradar\/wp-json\/wp\/v2\/media\/235134"}],"wp:attachment":[{"href":"https:\/\/www.correiobraziliense.com.br\/cbradar\/wp-json\/wp\/v2\/media?parent=235130"}],"wp:term":[{"taxonomy":"category","embeddable":true,"href":"https:\/\/www.correiobraziliense.com.br\/cbradar\/wp-json\/wp\/v2\/categories?post=235130"},{"taxonomy":"post_tag","embeddable":true,"href":"https:\/\/www.correiobraziliense.com.br\/cbradar\/wp-json\/wp\/v2\/tags?post=235130"}],"curies":[{"name":"wp","href":"https:\/\/api.w.org\/{rel}","templated":true}]}}