{"id":235136,"date":"2026-05-01T04:39:00","date_gmt":"2026-05-01T07:39:00","guid":{"rendered":"https:\/\/www.correiobraziliense.com.br\/cbradar\/?p=235136"},"modified":"2026-05-01T00:19:07","modified_gmt":"2026-05-01T03:19:07","slug":"os-nomes-femininos-inspirados-em-flores-muito-usados-nos-anos-90-nao-se-tornam-apelidos-infantis-com-o-tempo-eles-desenvolvem-silenciosamente-algo-que-a-maioria-das-opcoes-neutras-de-hoje-nunca-conse","status":"publish","type":"post","link":"https:\/\/www.correiobraziliense.com.br\/cbradar\/os-nomes-femininos-inspirados-em-flores-muito-usados-nos-anos-90-nao-se-tornam-apelidos-infantis-com-o-tempo-eles-desenvolvem-silenciosamente-algo-que-a-maioria-das-opcoes-neutras-de-hoje-nunca-conse\/","title":{"rendered":"Os nomes femininos inspirados em flores muito usados nos anos 90 n\u00e3o se tornam apelidos infantis com o tempo, eles desenvolvem silenciosamente algo que a maioria das op\u00e7\u00f5es neutras de hoje nunca conseguir\u00e1 oferecer, a capacidade de carregar uma presen\u00e7a elegante e conectada \u00e0 natureza"},"content":{"rendered":"\n<p><strong>Nomes femininos florais dos anos 90<\/strong> como <strong>Flora<\/strong>, <strong>\u00cdris<\/strong> e <strong>Margarida<\/strong> est\u00e3o voltando \u00e0s certid\u00f5es de nascimento em 2026 sem barulho e sem campanha, movidos por algo que os nomes neutros e digitais da \u00faltima d\u00e9cada raramente entregam: uma identidade conectada \u00e0 natureza que n\u00e3o envelhece.<\/p>\n\n\n\n<h2 class=\"wp-block-heading\">Por que os nomes florais est\u00e3o voltando \u00e0s certid\u00f5es agora?<\/h2>\n\n\n\n<p>O movimento n\u00e3o \u00e9 nostalgia desorganizada. Em 2026, fam\u00edlias que buscam algo simb\u00f3lico e conectado \u00e0 natureza voltaram a olhar para nomes florais, especialmente entre quem valoriza significados ligados a renova\u00e7\u00e3o e a um estilo de vida mais simples e sustent\u00e1vel. Essa virada acontece justamente depois de uma d\u00e9cada dominada por nomes criados para soar neutros, modernos e facilmente pronunci\u00e1veis em qualquer idioma, mas que, no processo, perderam ancoragem cultural.<\/p>\n\n\n\n<p>O contraste \u00e9 claro: enquanto os nomes gerados pela est\u00e9tica digital tendem a ser curtos, sem hist\u00f3ria e intercambi\u00e1veis, <strong>Flora<\/strong>, <strong>Violeta<\/strong> e <strong>Cam\u00e9lia<\/strong> carregam refer\u00eancia imediata a algo concreto no mundo natural. Esse peso simb\u00f3lico \u00e9 exatamente o que muitas fam\u00edlias voltaram a procurar.<\/p>\n\n\n<div class=\"wp-block-image\">\n<figure class=\"aligncenter size-full\"><img decoding=\"async\" width=\"1280\" height=\"720\" src=\"https:\/\/www.correiobraziliense.com.br\/cbradar\/wp-content\/uploads\/2026\/05\/IMAGEM_720p_1777605274053.jpg\" alt=\"O retorno dos nomes femininos florais dos anos 90 \" class=\"wp-image-235147\" srcset=\"https:\/\/www.correiobraziliense.com.br\/cbradar\/wp-content\/uploads\/2026\/05\/IMAGEM_720p_1777605274053.jpg 1280w, https:\/\/www.correiobraziliense.com.br\/cbradar\/wp-content\/uploads\/2026\/05\/IMAGEM_720p_1777605274053-300x169.jpg 300w, https:\/\/www.correiobraziliense.com.br\/cbradar\/wp-content\/uploads\/2026\/05\/IMAGEM_720p_1777605274053-768x432.jpg 768w, https:\/\/www.correiobraziliense.com.br\/cbradar\/wp-content\/uploads\/2026\/05\/IMAGEM_720p_1777605274053-750x422.jpg 750w, https:\/\/www.correiobraziliense.com.br\/cbradar\/wp-content\/uploads\/2026\/05\/IMAGEM_720p_1777605274053-1140x641.jpg 1140w\" sizes=\"(max-width: 1280px) 100vw, 1280px\" \/><figcaption class=\"wp-element-caption\">O retorno dos nomes femininos florais dos anos 90 <\/figcaption><\/figure><\/div>\n\n\n<h2 class=\"wp-block-heading\">O que os dados de registro civil mostram sobre essa tend\u00eancia?<\/h2>\n\n\n\n<p>Os n\u00fameros oficiais confirmam o movimento mais amplo que embala essa prefer\u00eancia. No ranking feminino de 2025, <strong>Helena<\/strong> liderou os registros no Brasil com crescimento em rela\u00e7\u00e3o a 2024, enquanto nomes como <strong>Mait\u00ea<\/strong> e <strong>Cec\u00edlia<\/strong> avan\u00e7aram, mostrando que suavidade sonora e identidade pr\u00f3pria seguem em alta. Entre os nomes bot\u00e2nicos e florais, <a href=\"https:\/\/transparencia.registrocivil.org.br\/\" target=\"_blank\" rel=\"noreferrer noopener\">o Portal da Transpar\u00eancia do Registro Civil<\/a> permite acompanhar em tempo real como op\u00e7\u00f5es como <strong>D\u00e1lia<\/strong>, <strong>Violeta<\/strong> e <strong>\u00cdris<\/strong> ganham espa\u00e7o nos cart\u00f3rios brasileiros a cada novo levantamento.<\/p>\n\n\n\n<p>Ao cruzar esses dados com os levantamentos mais recentes, o padr\u00e3o \u00e9 consistente: nomes com refer\u00eancia \u00e0 natureza recuperam terreno de forma gradual e constante, n\u00e3o em picos de moda.<\/p>\n\n\n\n<p>Leia tamb\u00e9m: <a href=\"https:\/\/www.correiobraziliense.com.br\/cbradar\/a-folha-pouco-consumida-que-tem-mais-ferro-que-muitas-verduras-comuns-e-ajuda-a-combater-o-cansaco\/\" target=\"_blank\" rel=\"noreferrer noopener\">A folha pouco consumida que tem mais ferro que muitas verduras comuns e ajuda a combater o cansa\u00e7o<\/a><\/p>\n\n\n\n<h2 class=\"wp-block-heading\">Quais nomes florais dos anos 90 lideram esse retorno em 2026?<\/h2>\n\n\n\n<p>Alguns nomes se destacam mais do que outros nesse movimento de retorno. A escolha n\u00e3o \u00e9 aleat\u00f3ria: s\u00e3o justamente os que combinam sonoridade clara, grafia simples e significado imediato, tr\u00eas crit\u00e9rios que as novas fam\u00edlias usam conscientemente ao decidir o nome de uma filha. Confira os que concentram mais registros e buscas em 2026:<\/p>\n\n\n\n<ul class=\"wp-block-list\">\n<li><strong>\u00cdris<\/strong>: nome de origem grega que significa &#8220;arco-\u00edris&#8221; e &#8220;mensageira dos deuses&#8221;. Curto, de pron\u00fancia universal e com forte apelo visual e mitol\u00f3gico.<\/li>\n\n\n\n<li><strong>Flora<\/strong>: derivado do latim, diretamente ligado \u00e0 deusa romana das flores e da primavera. Elegante em qualquer fase da vida.<\/li>\n\n\n\n<li><strong>Violeta<\/strong>: retornou com for\u00e7a tanto no Brasil quanto na Europa, impulsionado pela sonoridade suave e pela cor associada \u00e0 criatividade.<\/li>\n\n\n\n<li><strong>Margarida<\/strong>: cl\u00e1ssico portugu\u00eas com ra\u00edzes gregas, que significa &#8220;p\u00e9rola&#8221;. Pais que gostam de nomes florais tradicionais como <strong>Margarida<\/strong> reconhecem o peso hist\u00f3rico do nome, embora busquem vers\u00f5es com sonoridade mais fluida para o cotidiano.<\/li>\n\n\n\n<li><strong>Cam\u00e9lia<\/strong>: nome que remete \u00e0 flor s\u00edmbolo da resist\u00eancia no <strong>Brasil Imp\u00e9rio<\/strong>, carrega significado hist\u00f3rico e elegante, unindo beleza est\u00e9tica e for\u00e7a simb\u00f3lica.<\/li>\n\n\n\n<li><strong>D\u00e1lia<\/strong>: nome feminino que j\u00e1 foi popular no Brasil em d\u00e9cadas passadas e que voltou com for\u00e7a nos \u00faltimos anos , com grafia simples e sonoridade diferenciada.<\/li>\n<\/ul>\n\n\n\n<h2 class=\"wp-block-heading\">O que diferencia esses nomes das escolhas neutras que dominaram os anos 2010?<\/h2>\n\n\n\n<p>A diferen\u00e7a central est\u00e1 no que os especialistas chamam de <strong>ancoragem sem\u00e2ntica<\/strong>: um nome floral evoca imagem, cheiro, cor e refer\u00eancia cultural antes mesmo de qualquer apresenta\u00e7\u00e3o. Ele comunica algo sobre a pessoa que o carrega antes que ela diga uma palavra. Nomes neutros, por defini\u00e7\u00e3o, abrem m\u00e3o dessa camada de significado em troca de universalidade.<\/p>\n\n\n\n<p>Nomes de flores funcionam bem em todas as idades: n\u00e3o ficam infantis em um curr\u00edculo ou em um cart\u00e3o de visita, e t\u00eam boa adapta\u00e7\u00e3o internacional por serem simples de pronunciar em muitas l\u00ednguas e contextos. Esse \u00e9 o argumento que derruba a obje\u00e7\u00e3o mais comum contra os florais dos anos 90: a de que seriam pesados ou datados. Na pr\u00e1tica, o tempo mostrou o contr\u00e1rio.<\/p>\n\n\n<div class=\"wp-block-image\">\n<figure class=\"aligncenter size-full\"><img decoding=\"async\" width=\"1280\" height=\"720\" src=\"https:\/\/www.correiobraziliense.com.br\/cbradar\/wp-content\/uploads\/2026\/05\/IMAGEM_720p_1777605396913.jpg\" alt=\"O retorno dos nomes femininos florais dos anos 90 \" class=\"wp-image-235149\" srcset=\"https:\/\/www.correiobraziliense.com.br\/cbradar\/wp-content\/uploads\/2026\/05\/IMAGEM_720p_1777605396913.jpg 1280w, https:\/\/www.correiobraziliense.com.br\/cbradar\/wp-content\/uploads\/2026\/05\/IMAGEM_720p_1777605396913-300x169.jpg 300w, https:\/\/www.correiobraziliense.com.br\/cbradar\/wp-content\/uploads\/2026\/05\/IMAGEM_720p_1777605396913-768x432.jpg 768w, https:\/\/www.correiobraziliense.com.br\/cbradar\/wp-content\/uploads\/2026\/05\/IMAGEM_720p_1777605396913-750x422.jpg 750w, https:\/\/www.correiobraziliense.com.br\/cbradar\/wp-content\/uploads\/2026\/05\/IMAGEM_720p_1777605396913-1140x641.jpg 1140w\" sizes=\"(max-width: 1280px) 100vw, 1280px\" \/><figcaption class=\"wp-element-caption\">O retorno dos nomes femininos florais dos anos 90 <\/figcaption><\/figure><\/div>\n\n\n<h2 class=\"wp-block-heading\">Existe algum risco de esses nomes ficarem saturados como aconteceu nos anos 2000?<\/h2>\n\n\n\n<p>O padr\u00e3o atual \u00e9 diferente do que ocorreu com nomes como <strong>Let\u00edcia<\/strong> ou <strong>Fernanda<\/strong> nos anos 2000, que chegaram ao pico rapidamente e saturaram. No caso de nomes florais como <strong>Cam\u00e9lia<\/strong>, apesar do crescimento, o nome continua relativamente raro em muitas regi\u00f5es, o que representa um ponto a favor para quem teme escolher algo que apare\u00e7a repetido por toda parte. O ritmo de crescimento \u00e9 gradual, n\u00e3o explosivo, o que sugere consolida\u00e7\u00e3o em vez de moda passageira.<\/p>\n\n\n\n<p>O que os dados de 2025 e 2026 mostram \u00e9 que o retorno dos nomes florais n\u00e3o depende de um \u00fanico gatilho, como uma personagem de s\u00e9rie ou uma celebridade. Ele responde a uma mudan\u00e7a de valor mais ampla: fam\u00edlias que cresceram rodeadas de identidades digitais intercambi\u00e1veis querem, para seus filhos, um nome que perten\u00e7a a algo maior que uma tela. E poucos s\u00edmbolos entregam isso com tanta naturalidade quanto uma flor que j\u00e1 existia antes de qualquer algoritmo.<\/p>\n","protected":false},"excerpt":{"rendered":"<p>Nomes femininos florais dos anos 90 como Flora, \u00cdris e Margarida est\u00e3o voltando \u00e0s certid\u00f5es de nascimento em 2026 sem barulho e sem campanha, movidos por algo que os nomes neutros e digitais da \u00faltima d\u00e9cada raramente entregam: uma identidade conectada \u00e0 natureza que n\u00e3o envelhece. Por que os nomes florais est\u00e3o voltando \u00e0s certid\u00f5es [&hellip;]<\/p>\n","protected":false},"author":11,"featured_media":235148,"comment_status":"open","ping_status":"open","sticky":false,"template":"","format":"standard","meta":{"_yoast_wpseo_focuskw":"nomes femininos florais anos 90","_yoast_wpseo_title":"","_yoast_wpseo_metadesc":"Flora, \u00cdris, Margarida: os nomes de flor que pareciam coisa do passado voltaram \u00e0s certid\u00f5es em 2026 com algo que os nomes neutros n\u00e3o t\u00eam.","jnews-multi-image_gallery":[],"jnews_single_post":{"format":"standard"},"jnews_primary_category":[],"jnews_social_meta":[],"jnews_override_counter":[],"footnotes":""},"categories":[1],"tags":[5901,18450,18215],"class_list":["post-235136","post","type-post","status-publish","format-standard","has-post-thumbnail","hentry","category-uncategorized","tag-bebes","tag-nomes-florais","tag-tendencia-2026"],"yoast_head":"<!-- This site is optimized with the Yoast SEO plugin v24.6 - https:\/\/yoast.com\/wordpress\/plugins\/seo\/ -->\n<title>Os nomes femininos inspirados em flores muito usados nos anos 90 n\u00e3o se tornam apelidos infantis com o tempo, eles desenvolvem silenciosamente algo que a maioria das op\u00e7\u00f5es neutras de hoje nunca conseguir\u00e1 oferecer, a capacidade de carregar uma presen\u00e7a elegante e conectada \u00e0 natureza - Correio Braziliense - Radar<\/title>\n<meta name=\"description\" content=\"Flora, \u00cdris, Margarida: os nomes de flor que pareciam coisa do passado voltaram \u00e0s certid\u00f5es em 2026 com algo que os nomes neutros n\u00e3o t\u00eam.\" \/>\n<meta name=\"robots\" content=\"index, follow, max-snippet:-1, max-image-preview:large, max-video-preview:-1\" \/>\n<link rel=\"canonical\" href=\"https:\/\/www.correiobraziliense.com.br\/cbradar\/os-nomes-femininos-inspirados-em-flores-muito-usados-nos-anos-90-nao-se-tornam-apelidos-infantis-com-o-tempo-eles-desenvolvem-silenciosamente-algo-que-a-maioria-das-opcoes-neutras-de-hoje-nunca-conse\/\" \/>\n<meta property=\"og:locale\" content=\"pt_BR\" \/>\n<meta property=\"og:type\" content=\"article\" \/>\n<meta property=\"og:title\" content=\"Os nomes femininos inspirados em flores muito usados nos anos 90 n\u00e3o se tornam apelidos infantis com o tempo, eles desenvolvem silenciosamente algo que a maioria das op\u00e7\u00f5es neutras de hoje nunca conseguir\u00e1 oferecer, a capacidade de carregar uma presen\u00e7a elegante e conectada \u00e0 natureza - Correio Braziliense - Radar\" \/>\n<meta property=\"og:description\" content=\"Flora, \u00cdris, Margarida: os nomes de flor que pareciam coisa do passado voltaram \u00e0s certid\u00f5es em 2026 com algo que os nomes neutros n\u00e3o t\u00eam.\" \/>\n<meta property=\"og:url\" content=\"https:\/\/www.correiobraziliense.com.br\/cbradar\/os-nomes-femininos-inspirados-em-flores-muito-usados-nos-anos-90-nao-se-tornam-apelidos-infantis-com-o-tempo-eles-desenvolvem-silenciosamente-algo-que-a-maioria-das-opcoes-neutras-de-hoje-nunca-conse\/\" \/>\n<meta property=\"og:site_name\" content=\"Correio Braziliense - Radar\" \/>\n<meta property=\"article:published_time\" content=\"2026-05-01T07:39:00+00:00\" \/>\n<meta property=\"og:image\" content=\"https:\/\/www.correiobraziliense.com.br\/cbradar\/wp-content\/uploads\/2026\/05\/IMAGEM_720p_1777605376352.jpg\" \/>\n\t<meta property=\"og:image:width\" content=\"1280\" \/>\n\t<meta property=\"og:image:height\" content=\"720\" \/>\n\t<meta property=\"og:image:type\" content=\"image\/jpeg\" \/>\n<meta name=\"author\" content=\"Paulo Custodio\" \/>\n<meta name=\"twitter:card\" content=\"summary_large_image\" \/>\n<meta name=\"twitter:label1\" content=\"Escrito por\" \/>\n\t<meta name=\"twitter:data1\" content=\"Paulo Custodio\" \/>\n\t<meta name=\"twitter:label2\" content=\"Est. tempo de leitura\" \/>\n\t<meta name=\"twitter:data2\" content=\"6 minutos\" \/>\n<!-- \/ Yoast SEO plugin. -->","yoast_head_json":{"title":"Os nomes femininos inspirados em flores muito usados nos anos 90 n\u00e3o se tornam apelidos infantis com o tempo, eles desenvolvem silenciosamente algo que a maioria das op\u00e7\u00f5es neutras de hoje nunca conseguir\u00e1 oferecer, a capacidade de carregar uma presen\u00e7a elegante e conectada \u00e0 natureza - Correio Braziliense - Radar","description":"Flora, \u00cdris, Margarida: os nomes de flor que pareciam coisa do passado voltaram \u00e0s certid\u00f5es em 2026 com algo que os nomes neutros n\u00e3o t\u00eam.","robots":{"index":"index","follow":"follow","max-snippet":"max-snippet:-1","max-image-preview":"max-image-preview:large","max-video-preview":"max-video-preview:-1"},"canonical":"https:\/\/www.correiobraziliense.com.br\/cbradar\/os-nomes-femininos-inspirados-em-flores-muito-usados-nos-anos-90-nao-se-tornam-apelidos-infantis-com-o-tempo-eles-desenvolvem-silenciosamente-algo-que-a-maioria-das-opcoes-neutras-de-hoje-nunca-conse\/","og_locale":"pt_BR","og_type":"article","og_title":"Os nomes femininos inspirados em flores muito usados nos anos 90 n\u00e3o se tornam apelidos infantis com o tempo, eles desenvolvem silenciosamente algo que a maioria das op\u00e7\u00f5es neutras de hoje nunca conseguir\u00e1 oferecer, a capacidade de carregar uma presen\u00e7a elegante e conectada \u00e0 natureza - Correio Braziliense - Radar","og_description":"Flora, \u00cdris, Margarida: os nomes de flor que pareciam coisa do passado voltaram \u00e0s certid\u00f5es em 2026 com algo que os nomes neutros n\u00e3o t\u00eam.","og_url":"https:\/\/www.correiobraziliense.com.br\/cbradar\/os-nomes-femininos-inspirados-em-flores-muito-usados-nos-anos-90-nao-se-tornam-apelidos-infantis-com-o-tempo-eles-desenvolvem-silenciosamente-algo-que-a-maioria-das-opcoes-neutras-de-hoje-nunca-conse\/","og_site_name":"Correio Braziliense - Radar","article_published_time":"2026-05-01T07:39:00+00:00","og_image":[{"width":1280,"height":720,"url":"https:\/\/www.correiobraziliense.com.br\/cbradar\/wp-content\/uploads\/2026\/05\/IMAGEM_720p_1777605376352.jpg","type":"image\/jpeg"}],"author":"Paulo Custodio","twitter_card":"summary_large_image","twitter_misc":{"Escrito por":"Paulo Custodio","Est. tempo de leitura":"6 minutos"},"schema":{"@context":"https:\/\/schema.org","@graph":[{"@type":"WebPage","@id":"https:\/\/www.correiobraziliense.com.br\/cbradar\/os-nomes-femininos-inspirados-em-flores-muito-usados-nos-anos-90-nao-se-tornam-apelidos-infantis-com-o-tempo-eles-desenvolvem-silenciosamente-algo-que-a-maioria-das-opcoes-neutras-de-hoje-nunca-conse\/","url":"https:\/\/www.correiobraziliense.com.br\/cbradar\/os-nomes-femininos-inspirados-em-flores-muito-usados-nos-anos-90-nao-se-tornam-apelidos-infantis-com-o-tempo-eles-desenvolvem-silenciosamente-algo-que-a-maioria-das-opcoes-neutras-de-hoje-nunca-conse\/","name":"Os nomes femininos inspirados em flores muito usados nos anos 90 n\u00e3o se tornam apelidos infantis com o tempo, eles desenvolvem silenciosamente algo que a maioria das op\u00e7\u00f5es neutras de hoje nunca conseguir\u00e1 oferecer, a capacidade de carregar uma presen\u00e7a elegante e conectada \u00e0 natureza - Correio Braziliense - Radar","isPartOf":{"@id":"https:\/\/www.correiobraziliense.com.br\/cbradar\/#website"},"primaryImageOfPage":{"@id":"https:\/\/www.correiobraziliense.com.br\/cbradar\/os-nomes-femininos-inspirados-em-flores-muito-usados-nos-anos-90-nao-se-tornam-apelidos-infantis-com-o-tempo-eles-desenvolvem-silenciosamente-algo-que-a-maioria-das-opcoes-neutras-de-hoje-nunca-conse\/#primaryimage"},"image":{"@id":"https:\/\/www.correiobraziliense.com.br\/cbradar\/os-nomes-femininos-inspirados-em-flores-muito-usados-nos-anos-90-nao-se-tornam-apelidos-infantis-com-o-tempo-eles-desenvolvem-silenciosamente-algo-que-a-maioria-das-opcoes-neutras-de-hoje-nunca-conse\/#primaryimage"},"thumbnailUrl":"https:\/\/www.correiobraziliense.com.br\/cbradar\/wp-content\/uploads\/2026\/05\/IMAGEM_720p_1777605376352.jpg","datePublished":"2026-05-01T07:39:00+00:00","author":{"@id":"https:\/\/www.correiobraziliense.com.br\/cbradar\/#\/schema\/person\/4cec7857301a9a1a2ef249893cd908d3"},"description":"Flora, \u00cdris, Margarida: os nomes de flor que pareciam coisa do passado voltaram \u00e0s certid\u00f5es em 2026 com algo que os nomes neutros n\u00e3o t\u00eam.","breadcrumb":{"@id":"https:\/\/www.correiobraziliense.com.br\/cbradar\/os-nomes-femininos-inspirados-em-flores-muito-usados-nos-anos-90-nao-se-tornam-apelidos-infantis-com-o-tempo-eles-desenvolvem-silenciosamente-algo-que-a-maioria-das-opcoes-neutras-de-hoje-nunca-conse\/#breadcrumb"},"inLanguage":"pt-BR","potentialAction":[{"@type":"ReadAction","target":["https:\/\/www.correiobraziliense.com.br\/cbradar\/os-nomes-femininos-inspirados-em-flores-muito-usados-nos-anos-90-nao-se-tornam-apelidos-infantis-com-o-tempo-eles-desenvolvem-silenciosamente-algo-que-a-maioria-das-opcoes-neutras-de-hoje-nunca-conse\/"]}]},{"@type":"ImageObject","inLanguage":"pt-BR","@id":"https:\/\/www.correiobraziliense.com.br\/cbradar\/os-nomes-femininos-inspirados-em-flores-muito-usados-nos-anos-90-nao-se-tornam-apelidos-infantis-com-o-tempo-eles-desenvolvem-silenciosamente-algo-que-a-maioria-das-opcoes-neutras-de-hoje-nunca-conse\/#primaryimage","url":"https:\/\/www.correiobraziliense.com.br\/cbradar\/wp-content\/uploads\/2026\/05\/IMAGEM_720p_1777605376352.jpg","contentUrl":"https:\/\/www.correiobraziliense.com.br\/cbradar\/wp-content\/uploads\/2026\/05\/IMAGEM_720p_1777605376352.jpg","width":1280,"height":720,"caption":"O retorno dos nomes femininos florais dos anos 90"},{"@type":"BreadcrumbList","@id":"https:\/\/www.correiobraziliense.com.br\/cbradar\/os-nomes-femininos-inspirados-em-flores-muito-usados-nos-anos-90-nao-se-tornam-apelidos-infantis-com-o-tempo-eles-desenvolvem-silenciosamente-algo-que-a-maioria-das-opcoes-neutras-de-hoje-nunca-conse\/#breadcrumb","itemListElement":[{"@type":"ListItem","position":1,"name":"In\u00edcio","item":"https:\/\/www.correiobraziliense.com.br\/cbradar\/"},{"@type":"ListItem","position":2,"name":"Os nomes femininos inspirados em flores muito usados nos anos 90 n\u00e3o se tornam apelidos infantis com o tempo, eles desenvolvem silenciosamente algo que a maioria das op\u00e7\u00f5es neutras de hoje nunca conseguir\u00e1 oferecer, a capacidade de carregar uma presen\u00e7a elegante e conectada \u00e0 natureza"}]},{"@type":"WebSite","@id":"https:\/\/www.correiobraziliense.com.br\/cbradar\/#website","url":"https:\/\/www.correiobraziliense.com.br\/cbradar\/","name":"Correio Braziliense - Radar","description":"Acompanhe as \u00faltimas not\u00edcias e fique bem informado sobre tudo o que acontece no Brasil e no mundo.","potentialAction":[{"@type":"SearchAction","target":{"@type":"EntryPoint","urlTemplate":"https:\/\/www.correiobraziliense.com.br\/cbradar\/?s={search_term_string}"},"query-input":{"@type":"PropertyValueSpecification","valueRequired":true,"valueName":"search_term_string"}}],"inLanguage":"pt-BR"},{"@type":"Person","@id":"https:\/\/www.correiobraziliense.com.br\/cbradar\/#\/schema\/person\/4cec7857301a9a1a2ef249893cd908d3","name":"Paulo Custodio","image":{"@type":"ImageObject","inLanguage":"pt-BR","@id":"https:\/\/www.correiobraziliense.com.br\/cbradar\/#\/schema\/person\/image\/","url":"https:\/\/secure.gravatar.com\/avatar\/bcd67168d1534e8fcf4f45c726a87cea?s=96&d=mm&r=g","contentUrl":"https:\/\/secure.gravatar.com\/avatar\/bcd67168d1534e8fcf4f45c726a87cea?s=96&d=mm&r=g","caption":"Paulo Custodio"},"sameAs":["https:\/\/www.correiobraziliense.com.br\/cbradar"],"url":"https:\/\/www.correiobraziliense.com.br\/cbradar\/author\/paulomyth\/"}]}},"_links":{"self":[{"href":"https:\/\/www.correiobraziliense.com.br\/cbradar\/wp-json\/wp\/v2\/posts\/235136","targetHints":{"allow":["GET"]}}],"collection":[{"href":"https:\/\/www.correiobraziliense.com.br\/cbradar\/wp-json\/wp\/v2\/posts"}],"about":[{"href":"https:\/\/www.correiobraziliense.com.br\/cbradar\/wp-json\/wp\/v2\/types\/post"}],"author":[{"embeddable":true,"href":"https:\/\/www.correiobraziliense.com.br\/cbradar\/wp-json\/wp\/v2\/users\/11"}],"replies":[{"embeddable":true,"href":"https:\/\/www.correiobraziliense.com.br\/cbradar\/wp-json\/wp\/v2\/comments?post=235136"}],"version-history":[{"count":1,"href":"https:\/\/www.correiobraziliense.com.br\/cbradar\/wp-json\/wp\/v2\/posts\/235136\/revisions"}],"predecessor-version":[{"id":235150,"href":"https:\/\/www.correiobraziliense.com.br\/cbradar\/wp-json\/wp\/v2\/posts\/235136\/revisions\/235150"}],"wp:featuredmedia":[{"embeddable":true,"href":"https:\/\/www.correiobraziliense.com.br\/cbradar\/wp-json\/wp\/v2\/media\/235148"}],"wp:attachment":[{"href":"https:\/\/www.correiobraziliense.com.br\/cbradar\/wp-json\/wp\/v2\/media?parent=235136"}],"wp:term":[{"taxonomy":"category","embeddable":true,"href":"https:\/\/www.correiobraziliense.com.br\/cbradar\/wp-json\/wp\/v2\/categories?post=235136"},{"taxonomy":"post_tag","embeddable":true,"href":"https:\/\/www.correiobraziliense.com.br\/cbradar\/wp-json\/wp\/v2\/tags?post=235136"}],"curies":[{"name":"wp","href":"https:\/\/api.w.org\/{rel}","templated":true}]}}