{"id":235202,"date":"2026-05-01T05:50:00","date_gmt":"2026-05-01T08:50:00","guid":{"rendered":"https:\/\/www.correiobraziliense.com.br\/cbradar\/?p=235202"},"modified":"2026-05-01T05:36:39","modified_gmt":"2026-05-01T08:36:39","slug":"o-que-o-consumo-da-cerveja-realmente-faz-no-intestino-e-no-figado","status":"publish","type":"post","link":"https:\/\/www.correiobraziliense.com.br\/cbradar\/o-que-o-consumo-da-cerveja-realmente-faz-no-intestino-e-no-figado\/","title":{"rendered":"O que o consumo da cerveja realmente faz no intestino e no f\u00edgado"},"content":{"rendered":"\n<p><strong>Cerveja<\/strong> entra na rotina de muita gente como bebida social, mas o efeito no organismo come\u00e7a antes da ressaca. No sistema digestivo, ela interfere na <strong>sa\u00fade intestinal<\/strong>, altera o ritmo da digest\u00e3o, mexe com a barreira intestinal e aumenta a carga de trabalho do <strong>f\u00edgado<\/strong>, que precisa metabolizar o \u00e1lcool e seus subprodutos.<\/p>\n\n\n\n<h2 class=\"wp-block-heading\">Por que a cerveja mexe t\u00e3o r\u00e1pido com a digest\u00e3o?<\/h2>\n\n\n\n<p>A cerveja estimula secre\u00e7\u00e3o g\u00e1strica, acelera alguns reflexos do trato gastrointestinal e, ao mesmo tempo, pode irritar a mucosa quando o consumo cresce. Na pr\u00e1tica, isso ajuda a explicar sintomas como estufamento, azia, arroto frequente, diarreia ou sensa\u00e7\u00e3o de intestino desregulado depois de algumas latas, especialmente quando h\u00e1 excesso, jejum prolongado ou combina\u00e7\u00e3o com alimentos muito gordurosos.<\/p>\n\n\n\n<p>As bebidas alco\u00f3licas tamb\u00e9m mudam a absor\u00e7\u00e3o de \u00e1gua e eletr\u00f3litos, influenciam o tr\u00e2nsito intestinal e podem favorecer fermenta\u00e7\u00e3o desconfort\u00e1vel em pessoas mais sens\u00edveis. Quem j\u00e1 convive com gastrite, s\u00edndrome do intestino irrit\u00e1vel, refluxo ou intoler\u00e2ncia a certos carboidratos tende a perceber mais r\u00e1pido esse impacto na digest\u00e3o.<\/p>\n\n\n\n<h2 class=\"wp-block-heading\">O que acontece com a sa\u00fade intestinal ap\u00f3s o consumo frequente?<\/h2>\n\n\n\n<p>A sa\u00fade intestinal depende de equil\u00edbrio entre microbiota, mucosa, enzimas digestivas e integridade da parede do intestino. Quando a cerveja aparece com frequ\u00eancia, o \u00e1lcool pode favorecer disbiose, reduzir a efici\u00eancia da barreira intestinal e facilitar a passagem de subst\u00e2ncias inflamat\u00f3rias para a circula\u00e7\u00e3o, um processo ligado ao eixo intestino-f\u00edgado.<\/p>\n\n\n\n<p>Esse cen\u00e1rio costuma aparecer com alguns sinais bem concretos:<\/p>\n\n\n\n<ul class=\"wp-block-list\">\n<li>mais gases e distens\u00e3o abdominal ap\u00f3s beber<\/li>\n\n\n\n<li>altera\u00e7\u00e3o do h\u00e1bito intestinal, com diarreia ou evacua\u00e7\u00e3o irregular<\/li>\n\n\n\n<li>piora de refluxo e queima\u00e7\u00e3o<\/li>\n\n\n\n<li>maior sensibilidade a alimentos que antes eram bem tolerados<\/li>\n\n\n\n<li>sensa\u00e7\u00e3o de digest\u00e3o lenta no dia seguinte<\/li>\n<\/ul>\n\n\n<div class=\"wp-block-image\">\n<figure class=\"aligncenter size-full\"><img decoding=\"async\" width=\"1280\" height=\"720\" src=\"https:\/\/www.correiobraziliense.com.br\/cbradar\/wp-content\/uploads\/2026\/04\/o-que-o-excesso-de-acucar-branco-refinado-faz-no-hipoca-corpo.jpg\" alt=\"O que o excesso de a\u00e7\u00facar branco refinado faz no hipocampo do c\u00e9rebro e no sistema imunol\u00f3gico\" class=\"wp-image-232230\" srcset=\"https:\/\/www.correiobraziliense.com.br\/cbradar\/wp-content\/uploads\/2026\/04\/o-que-o-excesso-de-acucar-branco-refinado-faz-no-hipoca-corpo.jpg 1280w, https:\/\/www.correiobraziliense.com.br\/cbradar\/wp-content\/uploads\/2026\/04\/o-que-o-excesso-de-acucar-branco-refinado-faz-no-hipoca-corpo-300x169.jpg 300w, https:\/\/www.correiobraziliense.com.br\/cbradar\/wp-content\/uploads\/2026\/04\/o-que-o-excesso-de-acucar-branco-refinado-faz-no-hipoca-corpo-768x432.jpg 768w, https:\/\/www.correiobraziliense.com.br\/cbradar\/wp-content\/uploads\/2026\/04\/o-que-o-excesso-de-acucar-branco-refinado-faz-no-hipoca-corpo-750x422.jpg 750w, https:\/\/www.correiobraziliense.com.br\/cbradar\/wp-content\/uploads\/2026\/04\/o-que-o-excesso-de-acucar-branco-refinado-faz-no-hipoca-corpo-1140x641.jpg 1140w\" sizes=\"(max-width: 1280px) 100vw, 1280px\" \/><figcaption class=\"wp-element-caption\">Disbiose e permeabilidade intestinal ajudam a explicar o eixo intestino-f\u00edgado.<\/figcaption><\/figure><\/div>\n\n\n<h2 class=\"wp-block-heading\">O f\u00edgado sente s\u00f3 quando o consumo \u00e9 alto?<\/h2>\n\n\n\n<p>O f\u00edgado sente desde o primeiro contato, porque toda dose de \u00e1lcool exige metaboliza\u00e7\u00e3o. A diferen\u00e7a \u00e9 que, no uso ocasional, o \u00f3rg\u00e3o costuma dar conta sem gerar les\u00e3o aparente. J\u00e1 no padr\u00e3o repetido, com volume alto ou epis\u00f3dios de exagero, aumentam as chances de ac\u00famulo de gordura hep\u00e1tica, inflama\u00e7\u00e3o e altera\u00e7\u00e3o de enzimas hep\u00e1ticas.<\/p>\n\n\n\n<p>Entre as mudan\u00e7as mais observadas no consumo persistente de bebidas alco\u00f3licas est\u00e3o:<\/p>\n\n\n\n<ul class=\"wp-block-list\">\n<li>maior produ\u00e7\u00e3o de acetalde\u00eddo, composto t\u00f3xico para as c\u00e9lulas<\/li>\n\n\n\n<li>eleva\u00e7\u00e3o do estresse oxidativo<\/li>\n\n\n\n<li>sobrecarga metab\u00f3lica do f\u00edgado<\/li>\n\n\n\n<li>inflama\u00e7\u00e3o favorecida por endotoxinas vindas do intestino<\/li>\n\n\n\n<li>progress\u00e3o de esteatose para quadros mais graves em pessoas vulner\u00e1veis<\/li>\n<\/ul>\n\n\n\n<h2 class=\"wp-block-heading\">O que a pesquisa j\u00e1 mostrou sobre intestino, \u00e1lcool e doen\u00e7a hep\u00e1tica?<\/h2>\n\n\n\n<p>Essa liga\u00e7\u00e3o entre digest\u00e3o, microbiota e les\u00e3o hep\u00e1tica deixou de ser hip\u00f3tese perif\u00e9rica. Hoje, o eixo intestino-f\u00edgado \u00e9 uma das chaves para entender por que o \u00e1lcool afeta muito mais do que a metaboliza\u00e7\u00e3o da bebida e por que alguns sintomas digestivos aparecem antes mesmo de altera\u00e7\u00f5es cl\u00ednicas mais \u00f3bvias.<\/p>\n\n\n\n<p>Segundo a revis\u00e3o sistem\u00e1tica <strong>The gut microbiome in alcohol use disorder and alcohol-associated liver disease: A systematic review of clinical studies<\/strong>, publicada no peri\u00f3dico <strong>Alcohol, Clinical and Experimental Research<\/strong>, a maior parte dos estudos cl\u00ednicos avaliados encontrou evid\u00eancias de disbiose intestinal em pessoas com transtorno por uso de \u00e1lcool e doen\u00e7a hep\u00e1tica associada ao \u00e1lcool. O trabalho tamb\u00e9m destaca altera\u00e7\u00f5es de permeabilidade intestinal e o papel da microbiota na progress\u00e3o do dano hep\u00e1tico. Vale ler o artigo original em <a href=\"https:\/\/pubmed.ncbi.nlm.nih.gov\/38719790\/\" target=\"_blank\" rel=\"noopener noreferrer\">p\u00e1gina do estudo indexado no PubMed<\/a>.<\/p>\n\n\n\n<h2 class=\"wp-block-heading\">Existem sinais de alerta que merecem aten\u00e7\u00e3o m\u00e9dica?<\/h2>\n\n\n\n<p>Sim, e v\u00e1rios deles aparecem no trato gastrointestinal ou no metabolismo hep\u00e1tico antes de um diagn\u00f3stico fechado. Dor no lado direito do abdome, enjoo recorrente, fezes muito alteradas, perda de apetite, pele amarelada, cansa\u00e7o persistente e incha\u00e7o abdominal n\u00e3o combinam com a ideia de que a cerveja \u00e9 inofensiva s\u00f3 por ser comum no dia a dia.<\/p>\n\n\n\n<p>Se esses sinais se repetem, exames como TGO, TGP, GGT, ultrassom e avalia\u00e7\u00e3o cl\u00ednica ajudam a diferenciar irrita\u00e7\u00e3o digestiva passageira de sobrecarga no f\u00edgado. Em sa\u00fade, o padr\u00e3o de consumo importa muito mais do que a percep\u00e7\u00e3o popular de que certa bebida seria mais leve ou menos agressiva ao organismo.<\/p>\n\n\n\n<h2 class=\"wp-block-heading\">Como reduzir o impacto das bebidas alco\u00f3licas no organismo?<\/h2>\n\n\n\n<p>N\u00e3o existe truque que anule o efeito do \u00e1lcool no intestino e no f\u00edgado, mas algumas escolhas diminuem o risco de agress\u00e3o digestiva e metab\u00f3lica. O ponto central \u00e9 frequ\u00eancia, quantidade e contexto de consumo, n\u00e3o apenas o teor alco\u00f3lico escrito no r\u00f3tulo.<\/p>\n\n\n\n<p>Para proteger a digest\u00e3o e reduzir a sobrecarga hep\u00e1tica, faz sentido manter intervalos sem \u00e1lcool, evitar beber em jejum, intercalar \u00e1gua, observar sintomas ap\u00f3s certos tipos de cerveja e rever o h\u00e1bito se houver refluxo, diarreia, gordura no f\u00edgado ou uso de medicamentos. Quando a sa\u00fade intestinal j\u00e1 est\u00e1 fragilizada, a resposta do corpo \u00e0s bebidas alco\u00f3licas costuma ser mais intensa, e o f\u00edgado paga parte dessa conta silenciosamente.<\/p>\n","protected":false},"excerpt":{"rendered":"<p>Cerveja entra na rotina de muita gente como bebida social, mas o efeito no organismo come\u00e7a antes da ressaca. No sistema digestivo, ela interfere na sa\u00fade intestinal, altera o ritmo da digest\u00e3o, mexe com a barreira intestinal e aumenta a carga de trabalho do f\u00edgado, que precisa metabolizar o \u00e1lcool e seus subprodutos. Por que [&hellip;]<\/p>\n","protected":false},"author":12,"featured_media":235200,"comment_status":"open","ping_status":"open","sticky":false,"template":"","format":"standard","meta":{"_yoast_wpseo_focuskw":"cerveja","_yoast_wpseo_title":"","_yoast_wpseo_metadesc":"A rela\u00e7\u00e3o entre cerveja, sa\u00fade intestinal e f\u00edgado vai al\u00e9m do desconforto digestivo, e um detalhe pouco lembrado muda essa leitura.","jnews-multi-image_gallery":[],"jnews_single_post":{"format":"standard"},"jnews_primary_category":[],"jnews_social_meta":[],"jnews_override_counter":[],"footnotes":""},"categories":[119],"tags":[5623,16683,4910,12321,4379],"class_list":["post-235202","post","type-post","status-publish","format-standard","has-post-thumbnail","hentry","category-bem-estar","tag-alimentos-para-o-figado","tag-bebidas-alcoolicas-2","tag-cerveja","tag-digestao-2","tag-saude-intestinal"],"yoast_head":"<!-- This site is optimized with the Yoast SEO plugin v24.6 - https:\/\/yoast.com\/wordpress\/plugins\/seo\/ -->\n<title>O que o consumo da cerveja realmente faz no intestino e no f\u00edgado - Correio Braziliense - Radar<\/title>\n<meta name=\"description\" content=\"A rela\u00e7\u00e3o entre cerveja, sa\u00fade intestinal e f\u00edgado vai al\u00e9m do desconforto digestivo, e um detalhe pouco lembrado muda essa leitura.\" \/>\n<meta name=\"robots\" content=\"index, follow, max-snippet:-1, max-image-preview:large, max-video-preview:-1\" \/>\n<link rel=\"canonical\" href=\"https:\/\/www.correiobraziliense.com.br\/cbradar\/o-que-o-consumo-da-cerveja-realmente-faz-no-intestino-e-no-figado\/\" \/>\n<meta property=\"og:locale\" content=\"pt_BR\" \/>\n<meta property=\"og:type\" content=\"article\" \/>\n<meta property=\"og:title\" content=\"O que o consumo da cerveja realmente faz no intestino e no f\u00edgado - Correio Braziliense - Radar\" \/>\n<meta property=\"og:description\" content=\"A rela\u00e7\u00e3o entre cerveja, sa\u00fade intestinal e f\u00edgado vai al\u00e9m do desconforto digestivo, e um detalhe pouco lembrado muda essa leitura.\" \/>\n<meta property=\"og:url\" content=\"https:\/\/www.correiobraziliense.com.br\/cbradar\/o-que-o-consumo-da-cerveja-realmente-faz-no-intestino-e-no-figado\/\" \/>\n<meta property=\"og:site_name\" content=\"Correio Braziliense - Radar\" \/>\n<meta property=\"article:published_time\" content=\"2026-05-01T08:50:00+00:00\" \/>\n<meta property=\"og:image\" content=\"https:\/\/www.correiobraziliense.com.br\/cbradar\/wp-content\/uploads\/2026\/05\/o-que-o-consumo-da-cerveja-realmente-faz-no-intestino-e-no-f.jpg\" \/>\n\t<meta property=\"og:image:width\" content=\"1280\" \/>\n\t<meta property=\"og:image:height\" content=\"720\" \/>\n\t<meta property=\"og:image:type\" content=\"image\/jpeg\" \/>\n<meta name=\"author\" content=\"Gabriel Leme\" \/>\n<meta name=\"twitter:card\" content=\"summary_large_image\" \/>\n<meta name=\"twitter:label1\" content=\"Escrito por\" \/>\n\t<meta name=\"twitter:data1\" content=\"Gabriel Leme\" \/>\n\t<meta name=\"twitter:label2\" content=\"Est. tempo de leitura\" \/>\n\t<meta name=\"twitter:data2\" content=\"5 minutos\" \/>\n<!-- \/ Yoast SEO plugin. -->","yoast_head_json":{"title":"O que o consumo da cerveja realmente faz no intestino e no f\u00edgado - Correio Braziliense - Radar","description":"A rela\u00e7\u00e3o entre cerveja, sa\u00fade intestinal e f\u00edgado vai al\u00e9m do desconforto digestivo, e um detalhe pouco lembrado muda essa leitura.","robots":{"index":"index","follow":"follow","max-snippet":"max-snippet:-1","max-image-preview":"max-image-preview:large","max-video-preview":"max-video-preview:-1"},"canonical":"https:\/\/www.correiobraziliense.com.br\/cbradar\/o-que-o-consumo-da-cerveja-realmente-faz-no-intestino-e-no-figado\/","og_locale":"pt_BR","og_type":"article","og_title":"O que o consumo da cerveja realmente faz no intestino e no f\u00edgado - Correio Braziliense - Radar","og_description":"A rela\u00e7\u00e3o entre cerveja, sa\u00fade intestinal e f\u00edgado vai al\u00e9m do desconforto digestivo, e um detalhe pouco lembrado muda essa leitura.","og_url":"https:\/\/www.correiobraziliense.com.br\/cbradar\/o-que-o-consumo-da-cerveja-realmente-faz-no-intestino-e-no-figado\/","og_site_name":"Correio Braziliense - Radar","article_published_time":"2026-05-01T08:50:00+00:00","og_image":[{"width":1280,"height":720,"url":"https:\/\/www.correiobraziliense.com.br\/cbradar\/wp-content\/uploads\/2026\/05\/o-que-o-consumo-da-cerveja-realmente-faz-no-intestino-e-no-f.jpg","type":"image\/jpeg"}],"author":"Gabriel Leme","twitter_card":"summary_large_image","twitter_misc":{"Escrito por":"Gabriel Leme","Est. tempo de leitura":"5 minutos"},"schema":{"@context":"https:\/\/schema.org","@graph":[{"@type":"WebPage","@id":"https:\/\/www.correiobraziliense.com.br\/cbradar\/o-que-o-consumo-da-cerveja-realmente-faz-no-intestino-e-no-figado\/","url":"https:\/\/www.correiobraziliense.com.br\/cbradar\/o-que-o-consumo-da-cerveja-realmente-faz-no-intestino-e-no-figado\/","name":"O que o consumo da cerveja realmente faz no intestino e no f\u00edgado - Correio Braziliense - Radar","isPartOf":{"@id":"https:\/\/www.correiobraziliense.com.br\/cbradar\/#website"},"primaryImageOfPage":{"@id":"https:\/\/www.correiobraziliense.com.br\/cbradar\/o-que-o-consumo-da-cerveja-realmente-faz-no-intestino-e-no-figado\/#primaryimage"},"image":{"@id":"https:\/\/www.correiobraziliense.com.br\/cbradar\/o-que-o-consumo-da-cerveja-realmente-faz-no-intestino-e-no-figado\/#primaryimage"},"thumbnailUrl":"https:\/\/www.correiobraziliense.com.br\/cbradar\/wp-content\/uploads\/2026\/05\/o-que-o-consumo-da-cerveja-realmente-faz-no-intestino-e-no-f.jpg","datePublished":"2026-05-01T08:50:00+00:00","author":{"@id":"https:\/\/www.correiobraziliense.com.br\/cbradar\/#\/schema\/person\/67a081d63a0fe55fb267145a7be2f7c1"},"description":"A rela\u00e7\u00e3o entre cerveja, sa\u00fade intestinal e f\u00edgado vai al\u00e9m do desconforto digestivo, e um detalhe pouco lembrado muda essa leitura.","breadcrumb":{"@id":"https:\/\/www.correiobraziliense.com.br\/cbradar\/o-que-o-consumo-da-cerveja-realmente-faz-no-intestino-e-no-figado\/#breadcrumb"},"inLanguage":"pt-BR","potentialAction":[{"@type":"ReadAction","target":["https:\/\/www.correiobraziliense.com.br\/cbradar\/o-que-o-consumo-da-cerveja-realmente-faz-no-intestino-e-no-figado\/"]}]},{"@type":"ImageObject","inLanguage":"pt-BR","@id":"https:\/\/www.correiobraziliense.com.br\/cbradar\/o-que-o-consumo-da-cerveja-realmente-faz-no-intestino-e-no-figado\/#primaryimage","url":"https:\/\/www.correiobraziliense.com.br\/cbradar\/wp-content\/uploads\/2026\/05\/o-que-o-consumo-da-cerveja-realmente-faz-no-intestino-e-no-f.jpg","contentUrl":"https:\/\/www.correiobraziliense.com.br\/cbradar\/wp-content\/uploads\/2026\/05\/o-que-o-consumo-da-cerveja-realmente-faz-no-intestino-e-no-f.jpg","width":1280,"height":720,"caption":"Cerveja afeta digest\u00e3o, barreira intestinal e aumenta a sobrecarga do f\u00edgado."},{"@type":"BreadcrumbList","@id":"https:\/\/www.correiobraziliense.com.br\/cbradar\/o-que-o-consumo-da-cerveja-realmente-faz-no-intestino-e-no-figado\/#breadcrumb","itemListElement":[{"@type":"ListItem","position":1,"name":"In\u00edcio","item":"https:\/\/www.correiobraziliense.com.br\/cbradar\/"},{"@type":"ListItem","position":2,"name":"O que o consumo da cerveja realmente faz no intestino e no f\u00edgado"}]},{"@type":"WebSite","@id":"https:\/\/www.correiobraziliense.com.br\/cbradar\/#website","url":"https:\/\/www.correiobraziliense.com.br\/cbradar\/","name":"Correio Braziliense - Radar","description":"Acompanhe as \u00faltimas not\u00edcias e fique bem informado sobre tudo o que acontece no Brasil e no mundo.","potentialAction":[{"@type":"SearchAction","target":{"@type":"EntryPoint","urlTemplate":"https:\/\/www.correiobraziliense.com.br\/cbradar\/?s={search_term_string}"},"query-input":{"@type":"PropertyValueSpecification","valueRequired":true,"valueName":"search_term_string"}}],"inLanguage":"pt-BR"},{"@type":"Person","@id":"https:\/\/www.correiobraziliense.com.br\/cbradar\/#\/schema\/person\/67a081d63a0fe55fb267145a7be2f7c1","name":"Gabriel Leme","image":{"@type":"ImageObject","inLanguage":"pt-BR","@id":"https:\/\/www.correiobraziliense.com.br\/cbradar\/#\/schema\/person\/image\/","url":"https:\/\/secure.gravatar.com\/avatar\/85bf2e3517d27149969b72412b460c20?s=96&d=mm&r=g","contentUrl":"https:\/\/secure.gravatar.com\/avatar\/85bf2e3517d27149969b72412b460c20?s=96&d=mm&r=g","caption":"Gabriel Leme"},"sameAs":["https:\/\/www.correiobraziliense.com.br\/"],"url":"https:\/\/www.correiobraziliense.com.br\/cbradar\/author\/gabrielmyth\/"}]}},"_links":{"self":[{"href":"https:\/\/www.correiobraziliense.com.br\/cbradar\/wp-json\/wp\/v2\/posts\/235202","targetHints":{"allow":["GET"]}}],"collection":[{"href":"https:\/\/www.correiobraziliense.com.br\/cbradar\/wp-json\/wp\/v2\/posts"}],"about":[{"href":"https:\/\/www.correiobraziliense.com.br\/cbradar\/wp-json\/wp\/v2\/types\/post"}],"author":[{"embeddable":true,"href":"https:\/\/www.correiobraziliense.com.br\/cbradar\/wp-json\/wp\/v2\/users\/12"}],"replies":[{"embeddable":true,"href":"https:\/\/www.correiobraziliense.com.br\/cbradar\/wp-json\/wp\/v2\/comments?post=235202"}],"version-history":[{"count":1,"href":"https:\/\/www.correiobraziliense.com.br\/cbradar\/wp-json\/wp\/v2\/posts\/235202\/revisions"}],"predecessor-version":[{"id":235233,"href":"https:\/\/www.correiobraziliense.com.br\/cbradar\/wp-json\/wp\/v2\/posts\/235202\/revisions\/235233"}],"wp:featuredmedia":[{"embeddable":true,"href":"https:\/\/www.correiobraziliense.com.br\/cbradar\/wp-json\/wp\/v2\/media\/235200"}],"wp:attachment":[{"href":"https:\/\/www.correiobraziliense.com.br\/cbradar\/wp-json\/wp\/v2\/media?parent=235202"}],"wp:term":[{"taxonomy":"category","embeddable":true,"href":"https:\/\/www.correiobraziliense.com.br\/cbradar\/wp-json\/wp\/v2\/categories?post=235202"},{"taxonomy":"post_tag","embeddable":true,"href":"https:\/\/www.correiobraziliense.com.br\/cbradar\/wp-json\/wp\/v2\/tags?post=235202"}],"curies":[{"name":"wp","href":"https:\/\/api.w.org\/{rel}","templated":true}]}}