{"id":235211,"date":"2026-05-01T06:55:12","date_gmt":"2026-05-01T09:55:12","guid":{"rendered":"https:\/\/www.correiobraziliense.com.br\/cbradar\/?p=235211"},"modified":"2026-05-01T06:55:15","modified_gmt":"2026-05-01T09:55:15","slug":"a-psicologia-aponta-que-adultos-que-sempre-evitam-conflitos-nao-sao-mais-maduros-mas-aprenderam-ainda-na-infancia-que-expressar-emocoes-gerava-punicao","status":"publish","type":"post","link":"https:\/\/www.correiobraziliense.com.br\/cbradar\/a-psicologia-aponta-que-adultos-que-sempre-evitam-conflitos-nao-sao-mais-maduros-mas-aprenderam-ainda-na-infancia-que-expressar-emocoes-gerava-punicao\/","title":{"rendered":"A psicologia aponta que adultos que sempre evitam conflitos n\u00e3o s\u00e3o mais maduros, mas aprenderam ainda na inf\u00e2ncia que expressar emo\u00e7\u00f5es gerava puni\u00e7\u00e3o"},"content":{"rendered":"\n<p><strong>Evitamento de conflitos<\/strong> nem sempre sinaliza equil\u00edbrio emocional. Na psicologia, esse padr\u00e3o costuma aparecer ligado \u00e0 <strong>inf\u00e2ncia<\/strong>, \u00e0 aprendizagem afetiva e \u00e0 forma como a pessoa foi recebida quando tentou nomear raiva, tristeza ou frustra\u00e7\u00e3o. Quando a <strong>express\u00e3o emocional<\/strong> foi tratada com puni\u00e7\u00e3o, sil\u00eancio ou humilha\u00e7\u00e3o, o comportamento adulto pode passar a buscar seguran\u00e7a no recuo, n\u00e3o no di\u00e1logo.<\/p>\n\n\n\n<h2 class=\"wp-block-heading\">Por que fugir de atritos pode parecer maturidade?<\/h2>\n\n\n\n<p>Muita gente confunde autocontrole com apagamento emocional. S\u00f3 que o adulto que evita toda conversa dif\u00edcil, engole inc\u00f4modos e concorda para n\u00e3o desagradar nem sempre est\u00e1 regulando bem as emo\u00e7\u00f5es. Em muitos casos, ele est\u00e1 ativando um mecanismo de defesa aprendido cedo, para reduzir risco de rejei\u00e7\u00e3o, bronca ou perda de v\u00ednculo.<\/p>\n\n\n\n<p>Esse funcionamento aparece em rela\u00e7\u00f5es amorosas, no trabalho e at\u00e9 na amizade. A pessoa cede, muda de assunto, pede desculpas antes de falar ou racionaliza tudo para n\u00e3o tocar no desconforto. O problema \u00e9 que o conflito n\u00e3o desaparece. Ele costuma voltar em forma de ressentimento, ansiedade, somatiza\u00e7\u00e3o ou afastamento afetivo.<\/p>\n\n\n\n<h2 class=\"wp-block-heading\">O que a inf\u00e2ncia ensina sobre sentir e se posicionar?<\/h2>\n\n\n\n<p>A inf\u00e2ncia funciona como um laborat\u00f3rio de v\u00ednculo. Quando a crian\u00e7a chora e ouve que est\u00e1 exagerando, quando demonstra raiva e recebe amea\u00e7a, ou quando tenta discordar e encontra puni\u00e7\u00e3o, ela aprende a associar emo\u00e7\u00e3o a perigo. Com o tempo, essa leitura molda a regula\u00e7\u00e3o emocional e a comunica\u00e7\u00e3o interpessoal.<\/p>\n\n\n\n<p>Trauma infantil n\u00e3o precisa significar apenas epis\u00f3dios extremos. Ambientes marcados por cr\u00edtica constante, medo, instabilidade e invalida\u00e7\u00e3o tamb\u00e9m deixam marcas. Nesses contextos, a express\u00e3o emocional deixa de ser uma ferramenta de contato e vira um gatilho de alerta, o que favorece padr\u00f5es de submiss\u00e3o, hipervigil\u00e2ncia e evitamento de conflitos.<\/p>\n\n\n<div class=\"wp-block-image\">\n<figure class=\"aligncenter\"><img decoding=\"async\" src=\"https:\/\/www.correiobraziliense.com.br\/cbradar\/wp-content\/uploads\/2026\/05\/a-psicologia-aponta-que-adultos-que-sempre-evitam-confl-corpo.jpg\" alt=\"Nomear emo\u00e7\u00f5es e perceber o corpo ajuda a romper padr\u00f5es antigos.\"\/><figcaption class=\"wp-element-caption\">Nomear emo\u00e7\u00f5es e perceber o corpo ajuda a romper padr\u00f5es antigos.<\/figcaption><\/figure><\/div>\n\n\n<h2 class=\"wp-block-heading\">Quais sinais aparecem no comportamento adulto?<\/h2>\n\n\n\n<p>Comportamento adulto marcado por esquiva costuma ser reconhecido em detalhes bem concretos do cotidiano. Alguns sinais aparecem com frequ\u00eancia:<\/p>\n\n\n\n<ul class=\"wp-block-list\">\n<li>adiar conversas importantes por dias ou semanas<\/li>\n\n\n\n<li>dizer que est\u00e1 tudo bem quando existe inc\u00f4modo claro<\/li>\n\n\n\n<li>sentir culpa imediata ao discordar de algu\u00e9m<\/li>\n\n\n\n<li>temer ser visto como dif\u00edcil, ingrato ou agressivo<\/li>\n\n\n\n<li>acumular tens\u00e3o corporal antes de qualquer confronto<\/li>\n\n\n\n<li>aceitar limites ruins para preservar a rela\u00e7\u00e3o<\/li>\n<\/ul>\n\n\n\n<p>Nem todo perfil evitativo nasce do mesmo lugar, mas o roteiro interno costuma ser parecido. Se eu mostrar o que sinto, serei punido. Se eu me posicionar, vou perder amor, aprova\u00e7\u00e3o ou pertencimento. Esse tipo de cren\u00e7a ajuda a entender por que algumas pessoas parecem calmas por fora, mas vivem em estado de alerta por dentro.<\/p>\n\n\n\n<h2 class=\"wp-block-heading\">O que os estudos mostram sobre trauma infantil e regula\u00e7\u00e3o emocional?<\/h2>\n\n\n\n<p>Essa liga\u00e7\u00e3o entre experi\u00eancias precoces e vida emocional adulta n\u00e3o \u00e9 apenas cl\u00ednica. Ela tamb\u00e9m aparece na literatura cient\u00edfica que investiga apego, coping, resili\u00eancia e processamento afetivo ao longo do desenvolvimento.<\/p>\n\n\n\n<p>Segundo a <strong>meta-an\u00e1lise<\/strong> <a href=\"https:\/\/pubmed.ncbi.nlm.nih.gov\/40452373\" target=\"_blank\" rel=\"noopener noreferrer\">Child maltreatment and resilience in adulthood: a systematic review and meta-analysis<\/a>, publicada no peri\u00f3dico <strong>Psychological Medicine<\/strong>, maus-tratos na inf\u00e2ncia estiveram associados de forma negativa \u00e0 resili\u00eancia e a dom\u00ednios como regula\u00e7\u00e3o emocional, autoestima e coping na vida adulta. O dado chama aten\u00e7\u00e3o porque abuso emocional e neglig\u00eancia emocional mostraram efeitos particularmente relevantes, refor\u00e7ando a ideia de que trauma infantil pode alterar a forma como a pessoa lida com tens\u00e3o, v\u00ednculo e discord\u00e2ncia anos depois.<\/p>\n\n\n\n<h2 class=\"wp-block-heading\">Como romper o padr\u00e3o sem virar algu\u00e9m agressivo?<\/h2>\n\n\n\n<p>Sair do evitamento de conflitos n\u00e3o significa adotar confronto constante. O ponto central \u00e9 construir toler\u00e2ncia ao desconforto e recuperar a capacidade de falar com clareza. Isso exige treino, percep\u00e7\u00e3o corporal e revis\u00e3o das cren\u00e7as formadas na inf\u00e2ncia.<\/p>\n\n\n\n<p>Alguns passos costumam ajudar nesse processo terap\u00eautico e relacional:<\/p>\n\n\n\n<ul class=\"wp-block-list\">\n<li>identificar situa\u00e7\u00f5es que disparam medo de desagradar<\/li>\n\n\n\n<li>nomear emo\u00e7\u00f5es antes de tentar resolv\u00ea-las<\/li>\n\n\n\n<li>praticar frases simples de limite, sem justificativa excessiva<\/li>\n\n\n\n<li>observar sinais f\u00edsicos de congelamento, como tens\u00e3o e falta de ar<\/li>\n\n\n\n<li>reconhecer que discord\u00e2ncia n\u00e3o \u00e9 sin\u00f4nimo de abandono<\/li>\n\n\n\n<li>buscar psicoterapia quando o padr\u00e3o compromete v\u00ednculos e autoestima<\/li>\n<\/ul>\n\n\n\n<h2 class=\"wp-block-heading\">Falar do que sente muda a qualidade das rela\u00e7\u00f5es?<\/h2>\n\n\n\n<p>Express\u00e3o emocional saud\u00e1vel melhora v\u00ednculo porque reduz adivinha\u00e7\u00e3o, passividade e ac\u00famulo de m\u00e1goa. Rela\u00e7\u00f5es seguras suportam frustra\u00e7\u00e3o, negocia\u00e7\u00e3o e reparo. Quando o adulto aprende a sustentar conversas dif\u00edceis sem se anular, ele troca a l\u00f3gica da sobreviv\u00eancia pela l\u00f3gica da presen\u00e7a.<\/p>\n\n\n\n<p>Psicologia, apego e sa\u00fade mental se encontram justamente a\u00ed. O evitamento de conflitos pode ter nascido como prote\u00e7\u00e3o na inf\u00e2ncia, mas n\u00e3o precisa comandar todo comportamento adulto. Trabalhar trauma infantil, comunica\u00e7\u00e3o assertiva e regula\u00e7\u00e3o emocional abre espa\u00e7o para rela\u00e7\u00f5es menos defensivas, com mais limite, escuta e realidade afetiva.<\/p>\n","protected":false},"excerpt":{"rendered":"<p>Evitamento de conflitos nem sempre sinaliza equil\u00edbrio emocional. Na psicologia, esse padr\u00e3o costuma aparecer ligado \u00e0 inf\u00e2ncia, \u00e0 aprendizagem afetiva e \u00e0 forma como a pessoa foi recebida quando tentou nomear raiva, tristeza ou frustra\u00e7\u00e3o. Quando a express\u00e3o emocional foi tratada com puni\u00e7\u00e3o, sil\u00eancio ou humilha\u00e7\u00e3o, o comportamento adulto pode passar a buscar seguran\u00e7a no [&hellip;]<\/p>\n","protected":false},"author":12,"featured_media":235209,"comment_status":"open","ping_status":"open","sticky":false,"template":"","format":"standard","meta":{"_yoast_wpseo_focuskw":"evitamento de conflitos","_yoast_wpseo_title":"","_yoast_wpseo_metadesc":"Evitamento de conflitos parece maturidade, mas a psicologia liga esse padr\u00e3o a marcas da inf\u00e2ncia que continuam moldando v\u00ednculos e rea\u00e7\u00f5es no adulto","jnews-multi-image_gallery":[],"jnews_single_post":{"format":"standard"},"jnews_primary_category":[],"jnews_social_meta":[],"jnews_override_counter":[],"footnotes":""},"categories":[119],"tags":[17731,18460,18461,811,404,17774],"class_list":["post-235211","post","type-post","status-publish","format-standard","has-post-thumbnail","hentry","category-bem-estar","tag-comportamento-adulto","tag-evitamento-de-conflitos","tag-expressao-emocional","tag-infancia","tag-psicologia","tag-trauma-infantil"],"yoast_head":"<!-- This site is optimized with the Yoast SEO plugin v24.6 - https:\/\/yoast.com\/wordpress\/plugins\/seo\/ -->\n<title>A psicologia aponta que adultos que sempre evitam conflitos n\u00e3o s\u00e3o mais maduros, mas aprenderam ainda na inf\u00e2ncia que expressar emo\u00e7\u00f5es gerava puni\u00e7\u00e3o - Correio Braziliense - Radar<\/title>\n<meta name=\"description\" content=\"Evitamento de conflitos parece maturidade, mas a psicologia liga esse padr\u00e3o a marcas da inf\u00e2ncia que continuam moldando v\u00ednculos e rea\u00e7\u00f5es no adulto\" \/>\n<meta name=\"robots\" content=\"index, follow, max-snippet:-1, max-image-preview:large, max-video-preview:-1\" \/>\n<link rel=\"canonical\" href=\"https:\/\/www.correiobraziliense.com.br\/cbradar\/a-psicologia-aponta-que-adultos-que-sempre-evitam-conflitos-nao-sao-mais-maduros-mas-aprenderam-ainda-na-infancia-que-expressar-emocoes-gerava-punicao\/\" \/>\n<meta property=\"og:locale\" content=\"pt_BR\" \/>\n<meta property=\"og:type\" content=\"article\" \/>\n<meta property=\"og:title\" content=\"A psicologia aponta que adultos que sempre evitam conflitos n\u00e3o s\u00e3o mais maduros, mas aprenderam ainda na inf\u00e2ncia que expressar emo\u00e7\u00f5es gerava puni\u00e7\u00e3o - Correio Braziliense - Radar\" \/>\n<meta property=\"og:description\" content=\"Evitamento de conflitos parece maturidade, mas a psicologia liga esse padr\u00e3o a marcas da inf\u00e2ncia que continuam moldando v\u00ednculos e rea\u00e7\u00f5es no adulto\" \/>\n<meta property=\"og:url\" content=\"https:\/\/www.correiobraziliense.com.br\/cbradar\/a-psicologia-aponta-que-adultos-que-sempre-evitam-conflitos-nao-sao-mais-maduros-mas-aprenderam-ainda-na-infancia-que-expressar-emocoes-gerava-punicao\/\" \/>\n<meta property=\"og:site_name\" content=\"Correio Braziliense - Radar\" \/>\n<meta property=\"article:published_time\" content=\"2026-05-01T09:55:12+00:00\" \/>\n<meta property=\"article:modified_time\" content=\"2026-05-01T09:55:15+00:00\" \/>\n<meta property=\"og:image\" content=\"https:\/\/www.correiobraziliense.com.br\/cbradar\/wp-content\/uploads\/2026\/05\/a-psicologia-aponta-que-adultos-que-sempre-evitam-conflitos-.jpg\" \/>\n\t<meta property=\"og:image:width\" content=\"1280\" \/>\n\t<meta property=\"og:image:height\" content=\"720\" \/>\n\t<meta property=\"og:image:type\" content=\"image\/jpeg\" \/>\n<meta name=\"author\" content=\"Gabriel Leme\" \/>\n<meta name=\"twitter:card\" content=\"summary_large_image\" \/>\n<meta name=\"twitter:label1\" content=\"Escrito por\" \/>\n\t<meta name=\"twitter:data1\" content=\"Gabriel Leme\" \/>\n\t<meta name=\"twitter:label2\" content=\"Est. tempo de leitura\" \/>\n\t<meta name=\"twitter:data2\" content=\"5 minutos\" \/>\n<!-- \/ Yoast SEO plugin. -->","yoast_head_json":{"title":"A psicologia aponta que adultos que sempre evitam conflitos n\u00e3o s\u00e3o mais maduros, mas aprenderam ainda na inf\u00e2ncia que expressar emo\u00e7\u00f5es gerava puni\u00e7\u00e3o - Correio Braziliense - Radar","description":"Evitamento de conflitos parece maturidade, mas a psicologia liga esse padr\u00e3o a marcas da inf\u00e2ncia que continuam moldando v\u00ednculos e rea\u00e7\u00f5es no adulto","robots":{"index":"index","follow":"follow","max-snippet":"max-snippet:-1","max-image-preview":"max-image-preview:large","max-video-preview":"max-video-preview:-1"},"canonical":"https:\/\/www.correiobraziliense.com.br\/cbradar\/a-psicologia-aponta-que-adultos-que-sempre-evitam-conflitos-nao-sao-mais-maduros-mas-aprenderam-ainda-na-infancia-que-expressar-emocoes-gerava-punicao\/","og_locale":"pt_BR","og_type":"article","og_title":"A psicologia aponta que adultos que sempre evitam conflitos n\u00e3o s\u00e3o mais maduros, mas aprenderam ainda na inf\u00e2ncia que expressar emo\u00e7\u00f5es gerava puni\u00e7\u00e3o - Correio Braziliense - Radar","og_description":"Evitamento de conflitos parece maturidade, mas a psicologia liga esse padr\u00e3o a marcas da inf\u00e2ncia que continuam moldando v\u00ednculos e rea\u00e7\u00f5es no adulto","og_url":"https:\/\/www.correiobraziliense.com.br\/cbradar\/a-psicologia-aponta-que-adultos-que-sempre-evitam-conflitos-nao-sao-mais-maduros-mas-aprenderam-ainda-na-infancia-que-expressar-emocoes-gerava-punicao\/","og_site_name":"Correio Braziliense - Radar","article_published_time":"2026-05-01T09:55:12+00:00","article_modified_time":"2026-05-01T09:55:15+00:00","og_image":[{"width":1280,"height":720,"url":"https:\/\/www.correiobraziliense.com.br\/cbradar\/wp-content\/uploads\/2026\/05\/a-psicologia-aponta-que-adultos-que-sempre-evitam-conflitos-.jpg","type":"image\/jpeg"}],"author":"Gabriel Leme","twitter_card":"summary_large_image","twitter_misc":{"Escrito por":"Gabriel Leme","Est. tempo de leitura":"5 minutos"},"schema":{"@context":"https:\/\/schema.org","@graph":[{"@type":"WebPage","@id":"https:\/\/www.correiobraziliense.com.br\/cbradar\/a-psicologia-aponta-que-adultos-que-sempre-evitam-conflitos-nao-sao-mais-maduros-mas-aprenderam-ainda-na-infancia-que-expressar-emocoes-gerava-punicao\/","url":"https:\/\/www.correiobraziliense.com.br\/cbradar\/a-psicologia-aponta-que-adultos-que-sempre-evitam-conflitos-nao-sao-mais-maduros-mas-aprenderam-ainda-na-infancia-que-expressar-emocoes-gerava-punicao\/","name":"A psicologia aponta que adultos que sempre evitam conflitos n\u00e3o s\u00e3o mais maduros, mas aprenderam ainda na inf\u00e2ncia que expressar emo\u00e7\u00f5es gerava puni\u00e7\u00e3o - Correio Braziliense - Radar","isPartOf":{"@id":"https:\/\/www.correiobraziliense.com.br\/cbradar\/#website"},"primaryImageOfPage":{"@id":"https:\/\/www.correiobraziliense.com.br\/cbradar\/a-psicologia-aponta-que-adultos-que-sempre-evitam-conflitos-nao-sao-mais-maduros-mas-aprenderam-ainda-na-infancia-que-expressar-emocoes-gerava-punicao\/#primaryimage"},"image":{"@id":"https:\/\/www.correiobraziliense.com.br\/cbradar\/a-psicologia-aponta-que-adultos-que-sempre-evitam-conflitos-nao-sao-mais-maduros-mas-aprenderam-ainda-na-infancia-que-expressar-emocoes-gerava-punicao\/#primaryimage"},"thumbnailUrl":"https:\/\/www.correiobraziliense.com.br\/cbradar\/wp-content\/uploads\/2026\/05\/a-psicologia-aponta-que-adultos-que-sempre-evitam-conflitos-.jpg","datePublished":"2026-05-01T09:55:12+00:00","dateModified":"2026-05-01T09:55:15+00:00","author":{"@id":"https:\/\/www.correiobraziliense.com.br\/cbradar\/#\/schema\/person\/67a081d63a0fe55fb267145a7be2f7c1"},"description":"Evitamento de conflitos parece maturidade, mas a psicologia liga esse padr\u00e3o a marcas da inf\u00e2ncia que continuam moldando v\u00ednculos e rea\u00e7\u00f5es no adulto","breadcrumb":{"@id":"https:\/\/www.correiobraziliense.com.br\/cbradar\/a-psicologia-aponta-que-adultos-que-sempre-evitam-conflitos-nao-sao-mais-maduros-mas-aprenderam-ainda-na-infancia-que-expressar-emocoes-gerava-punicao\/#breadcrumb"},"inLanguage":"pt-BR","potentialAction":[{"@type":"ReadAction","target":["https:\/\/www.correiobraziliense.com.br\/cbradar\/a-psicologia-aponta-que-adultos-que-sempre-evitam-conflitos-nao-sao-mais-maduros-mas-aprenderam-ainda-na-infancia-que-expressar-emocoes-gerava-punicao\/"]}]},{"@type":"ImageObject","inLanguage":"pt-BR","@id":"https:\/\/www.correiobraziliense.com.br\/cbradar\/a-psicologia-aponta-que-adultos-que-sempre-evitam-conflitos-nao-sao-mais-maduros-mas-aprenderam-ainda-na-infancia-que-expressar-emocoes-gerava-punicao\/#primaryimage","url":"https:\/\/www.correiobraziliense.com.br\/cbradar\/wp-content\/uploads\/2026\/05\/a-psicologia-aponta-que-adultos-que-sempre-evitam-conflitos-.jpg","contentUrl":"https:\/\/www.correiobraziliense.com.br\/cbradar\/wp-content\/uploads\/2026\/05\/a-psicologia-aponta-que-adultos-que-sempre-evitam-conflitos-.jpg","width":1280,"height":720,"caption":"Aprender a se posicionar reduz o evitamento de conflitos nas rela\u00e7\u00f5es adultas."},{"@type":"BreadcrumbList","@id":"https:\/\/www.correiobraziliense.com.br\/cbradar\/a-psicologia-aponta-que-adultos-que-sempre-evitam-conflitos-nao-sao-mais-maduros-mas-aprenderam-ainda-na-infancia-que-expressar-emocoes-gerava-punicao\/#breadcrumb","itemListElement":[{"@type":"ListItem","position":1,"name":"In\u00edcio","item":"https:\/\/www.correiobraziliense.com.br\/cbradar\/"},{"@type":"ListItem","position":2,"name":"A psicologia aponta que adultos que sempre evitam conflitos n\u00e3o s\u00e3o mais maduros, mas aprenderam ainda na inf\u00e2ncia que expressar emo\u00e7\u00f5es gerava puni\u00e7\u00e3o"}]},{"@type":"WebSite","@id":"https:\/\/www.correiobraziliense.com.br\/cbradar\/#website","url":"https:\/\/www.correiobraziliense.com.br\/cbradar\/","name":"Correio Braziliense - Radar","description":"Acompanhe as \u00faltimas not\u00edcias e fique bem informado sobre tudo o que acontece no Brasil e no mundo.","potentialAction":[{"@type":"SearchAction","target":{"@type":"EntryPoint","urlTemplate":"https:\/\/www.correiobraziliense.com.br\/cbradar\/?s={search_term_string}"},"query-input":{"@type":"PropertyValueSpecification","valueRequired":true,"valueName":"search_term_string"}}],"inLanguage":"pt-BR"},{"@type":"Person","@id":"https:\/\/www.correiobraziliense.com.br\/cbradar\/#\/schema\/person\/67a081d63a0fe55fb267145a7be2f7c1","name":"Gabriel Leme","image":{"@type":"ImageObject","inLanguage":"pt-BR","@id":"https:\/\/www.correiobraziliense.com.br\/cbradar\/#\/schema\/person\/image\/","url":"https:\/\/secure.gravatar.com\/avatar\/85bf2e3517d27149969b72412b460c20?s=96&d=mm&r=g","contentUrl":"https:\/\/secure.gravatar.com\/avatar\/85bf2e3517d27149969b72412b460c20?s=96&d=mm&r=g","caption":"Gabriel Leme"},"sameAs":["https:\/\/www.correiobraziliense.com.br\/"],"url":"https:\/\/www.correiobraziliense.com.br\/cbradar\/author\/gabrielmyth\/"}]}},"_links":{"self":[{"href":"https:\/\/www.correiobraziliense.com.br\/cbradar\/wp-json\/wp\/v2\/posts\/235211","targetHints":{"allow":["GET"]}}],"collection":[{"href":"https:\/\/www.correiobraziliense.com.br\/cbradar\/wp-json\/wp\/v2\/posts"}],"about":[{"href":"https:\/\/www.correiobraziliense.com.br\/cbradar\/wp-json\/wp\/v2\/types\/post"}],"author":[{"embeddable":true,"href":"https:\/\/www.correiobraziliense.com.br\/cbradar\/wp-json\/wp\/v2\/users\/12"}],"replies":[{"embeddable":true,"href":"https:\/\/www.correiobraziliense.com.br\/cbradar\/wp-json\/wp\/v2\/comments?post=235211"}],"version-history":[{"count":1,"href":"https:\/\/www.correiobraziliense.com.br\/cbradar\/wp-json\/wp\/v2\/posts\/235211\/revisions"}],"predecessor-version":[{"id":235236,"href":"https:\/\/www.correiobraziliense.com.br\/cbradar\/wp-json\/wp\/v2\/posts\/235211\/revisions\/235236"}],"wp:featuredmedia":[{"embeddable":true,"href":"https:\/\/www.correiobraziliense.com.br\/cbradar\/wp-json\/wp\/v2\/media\/235209"}],"wp:attachment":[{"href":"https:\/\/www.correiobraziliense.com.br\/cbradar\/wp-json\/wp\/v2\/media?parent=235211"}],"wp:term":[{"taxonomy":"category","embeddable":true,"href":"https:\/\/www.correiobraziliense.com.br\/cbradar\/wp-json\/wp\/v2\/categories?post=235211"},{"taxonomy":"post_tag","embeddable":true,"href":"https:\/\/www.correiobraziliense.com.br\/cbradar\/wp-json\/wp\/v2\/tags?post=235211"}],"curies":[{"name":"wp","href":"https:\/\/api.w.org\/{rel}","templated":true}]}}