{"id":235214,"date":"2026-05-01T07:35:00","date_gmt":"2026-05-01T10:35:00","guid":{"rendered":"https:\/\/www.correiobraziliense.com.br\/cbradar\/?p=235214"},"modified":"2026-05-01T06:57:37","modified_gmt":"2026-05-01T09:57:37","slug":"a-psicologia-diz-que-pessoas-que-falam-sozinhas-em-voz-alta-nao-sao-estranhas-elas-estao-organizando-pensamentos-de-forma-muito-mais-eficiente-do-que-a-maioria","status":"publish","type":"post","link":"https:\/\/www.correiobraziliense.com.br\/cbradar\/a-psicologia-diz-que-pessoas-que-falam-sozinhas-em-voz-alta-nao-sao-estranhas-elas-estao-organizando-pensamentos-de-forma-muito-mais-eficiente-do-que-a-maioria\/","title":{"rendered":"A psicologia diz que pessoas que falam sozinhas em voz alta n\u00e3o s\u00e3o estranhas, elas est\u00e3o organizando pensamentos de forma muito mais eficiente do que a maioria"},"content":{"rendered":"\n<p><strong>Falar sozinho<\/strong> em voz alta costuma ser visto como mania, mas a psicologia descreve esse h\u00e1bito de outro jeito. Em muitos contextos, ele funciona como apoio para a <strong>organiza\u00e7\u00e3o mental<\/strong>, melhora o foco atencional e ajuda a colocar o pensamento em sequ\u00eancia. Quando a fala acompanha uma tarefa, a cogni\u00e7\u00e3o ganha um roteiro mais claro para decidir, lembrar e agir.<\/p>\n\n\n\n<h2 class=\"wp-block-heading\">Por que verbalizar pensamentos ajuda o c\u00e9rebro?<\/h2>\n\n\n\n<p>A fala em voz alta transforma ideias difusas em etapas concretas. Isso reduz a carga da mem\u00f3ria de trabalho, porque parte do pensamento deixa de ficar s\u00f3 no plano interno e passa a ocupar um canal auditivo e verbal. Na pr\u00e1tica, a pessoa nomeia prioridades, revisa escolhas e diminui a confus\u00e3o comum em tarefas com muitas vari\u00e1veis.<\/p>\n\n\n\n<p>A cogni\u00e7\u00e3o funciona melhor quando h\u00e1 monitoramento. Ao dizer \u201cprimeiro isso, depois aquilo\u201d, o c\u00e9rebro cria um encadeamento \u00fatil para aten\u00e7\u00e3o, planejamento e autocontrole. Esse mecanismo aparece em estudos sobre fala autodirigida, autorregula\u00e7\u00e3o e resolu\u00e7\u00e3o de problemas, \u00e1reas centrais da psicologia cognitiva.<\/p>\n\n\n\n<h2 class=\"wp-block-heading\">Em quais situa\u00e7\u00f5es isso melhora a efici\u00eancia mental?<\/h2>\n\n\n\n<p>A efici\u00eancia mental tende a aparecer quando a fala acompanha uma a\u00e7\u00e3o espec\u00edfica. N\u00e3o se trata de falar sem parar, e sim de usar a linguagem como ferramenta de comando, revis\u00e3o e mem\u00f3ria imediata. Em tarefas simples do dia a dia, isso costuma aparecer de forma muito natural.<\/p>\n\n\n\n<ul class=\"wp-block-list\">\n<li>Organizar uma sequ\u00eancia de passos antes de sair de casa.<\/li>\n\n\n\n<li>Repetir um item importante para n\u00e3o esquecer.<\/li>\n\n\n\n<li>Conferir decis\u00f5es durante trabalho, estudo ou dire\u00e7\u00e3o.<\/li>\n\n\n\n<li>Reduzir impulsividade ao nomear o pr\u00f3ximo passo.<\/li>\n<\/ul>\n\n\n\n<p>Nesses momentos, o pensamento deixa de ficar disperso. A pessoa ouve a pr\u00f3pria instru\u00e7\u00e3o, corrige desvios e mant\u00e9m a aten\u00e7\u00e3o em metas curtas, o que favorece o processamento cognitivo e a clareza mental.<\/p>\n\n\n<div class=\"wp-block-image\">\n<figure class=\"aligncenter\"><img decoding=\"async\" src=\"https:\/\/www.correiobraziliense.com.br\/cbradar\/wp-content\/uploads\/2026\/05\/a-psicologia-diz-que-pessoas-que-falam-sozinhas-em-voz-corpo.jpg\" alt=\"Verbalizar passos antes de sair ajuda mem\u00f3ria imediata e aten\u00e7\u00e3o.\"\/><figcaption class=\"wp-element-caption\">Verbalizar passos antes de sair ajuda mem\u00f3ria imediata e aten\u00e7\u00e3o.<\/figcaption><\/figure><\/div>\n\n\n<h2 class=\"wp-block-heading\">Falar sozinho \u00e9 sinal de problema psicol\u00f3gico?<\/h2>\n\n\n\n<p>Na maior parte dos casos, n\u00e3o. Falar sozinho pode ser apenas uma estrat\u00e9gia de autorregula\u00e7\u00e3o, especialmente durante estudo, planejamento, busca de objetos, tomada de decis\u00e3o e execu\u00e7\u00e3o de tarefas. O contexto faz toda a diferen\u00e7a. Uma coisa \u00e9 usar a fala para ordenar racioc\u00ednio. Outra, bem diferente, \u00e9 sofrer com falas involunt\u00e1rias associadas a intenso preju\u00edzo funcional.<\/p>\n\n\n\n<p>Na psicologia cl\u00ednica, o ponto de aten\u00e7\u00e3o n\u00e3o \u00e9 o h\u00e1bito isolado, mas o conjunto de sinais. Vale observar se a pessoa mant\u00e9m senso de realidade, se controla quando fala, se isso tem finalidade pr\u00e1tica e se n\u00e3o h\u00e1 sofrimento importante. Quando existe confus\u00e3o persistente, medo intenso ou perda importante de funcionamento, a avalia\u00e7\u00e3o profissional \u00e9 o caminho mais seguro.<\/p>\n\n\n\n<h2 class=\"wp-block-heading\">O que a pesquisa cient\u00edfica mostra sobre cogni\u00e7\u00e3o e autofala?<\/h2>\n\n\n\n<p>Essa rela\u00e7\u00e3o entre linguagem e desempenho n\u00e3o surgiu de observa\u00e7\u00e3o casual. H\u00e1 uma base de pesquisa mostrando que a autofala pode servir como estrat\u00e9gia de regula\u00e7\u00e3o do comportamento e de melhora de performance em tarefas orientadas por metas, algo que conversa diretamente com aten\u00e7\u00e3o, mem\u00f3ria operacional e organiza\u00e7\u00e3o do pensamento.<\/p>\n\n\n\n<p>Segundo a <strong>meta-an\u00e1lise Self-Talk and Sports Performance: A Meta-Analysis<\/strong>, publicada no peri\u00f3dico <strong>Perspectives on Psychological Science<\/strong>, interven\u00e7\u00f5es com self-talk apresentam efeito positivo no desempenho em tarefas de execu\u00e7\u00e3o. Embora o foco do artigo seja o esporte, o achado interessa \u00e0 psicologia porque mostra como instru\u00e7\u00f5es verbais dirigidas a si mesmo ajudam a sustentar foco, ajustar a\u00e7\u00e3o e melhorar resposta diante de exig\u00eancia cognitiva. O estudo pode ser consultado em <a href=\"https:\/\/pubmed.ncbi.nlm.nih.gov\/26167788\/\" target=\"_blank\" rel=\"noopener noreferrer\">registro do estudo na base PubMed<\/a>.<\/p>\n\n\n\n<h2 class=\"wp-block-heading\">Como usar esse recurso sem transformar tudo em ru\u00eddo?<\/h2>\n\n\n\n<p>A organiza\u00e7\u00e3o mental melhora quando a fala \u00e9 objetiva. Frases curtas, ligadas ao que precisa ser feito agora, costumam funcionar melhor do que coment\u00e1rios vagos ou repetitivos. O c\u00e9rebro responde melhor a comandos claros do que a uma narra\u00e7\u00e3o intermin\u00e1vel.<\/p>\n\n\n\n<p>Algumas formas \u00fateis de aplicar isso no cotidiano s\u00e3o bem simples:<\/p>\n\n\n\n<ul class=\"wp-block-list\">\n<li>Nomear a tarefa atual em vez de pensar em todas ao mesmo tempo.<\/li>\n\n\n\n<li>Dividir um problema grande em tr\u00eas etapas curtas.<\/li>\n\n\n\n<li>Usar perguntas pr\u00e1ticas, como \u201co que falta agora?\u201d.<\/li>\n\n\n\n<li>Repetir informa\u00e7\u00f5es essenciais para fixa\u00e7\u00e3o imediata.<\/li>\n<\/ul>\n\n\n\n<h2 class=\"wp-block-heading\">Quando a fala externa revela um pensamento mais organizado?<\/h2>\n\n\n\n<p>Pensamento organizado n\u00e3o significa sil\u00eancio absoluto. Em muita gente, a clareza aparece justamente quando a linguagem sai da cabe\u00e7a e ganha som. Falar sozinho, nesse sentido, pode funcionar como ponte entre cogni\u00e7\u00e3o e a\u00e7\u00e3o, ajudando a selecionar informa\u00e7\u00e3o, inibir distra\u00e7\u00f5es e manter a meta ativa por mais tempo.<\/p>\n\n\n\n<p>Na rotina de quem estuda, trabalha com press\u00e3o ou precisa lidar com v\u00e1rias decis\u00f5es seguidas, esse recurso verbal pode aumentar a percep\u00e7\u00e3o de controle. A psicologia entende esse processo como parte da autorregula\u00e7\u00e3o. Em vez de estranheza, muitas vezes h\u00e1 apenas um c\u00e9rebro usando a linguagem para sustentar <strong>efici\u00eancia mental<\/strong>, foco e sequ\u00eancia l\u00f3gica.<\/p>\n","protected":false},"excerpt":{"rendered":"<p>Falar sozinho em voz alta costuma ser visto como mania, mas a psicologia descreve esse h\u00e1bito de outro jeito. Em muitos contextos, ele funciona como apoio para a organiza\u00e7\u00e3o mental, melhora o foco atencional e ajuda a colocar o pensamento em sequ\u00eancia. Quando a fala acompanha uma tarefa, a cogni\u00e7\u00e3o ganha um roteiro mais claro [&hellip;]<\/p>\n","protected":false},"author":12,"featured_media":235212,"comment_status":"open","ping_status":"open","sticky":false,"template":"","format":"standard","meta":{"_yoast_wpseo_focuskw":"falar sozinho","_yoast_wpseo_title":"","_yoast_wpseo_metadesc":"Falar sozinho tem um papel que poucos consideram quando o assunto \u00e9 organiza\u00e7\u00e3o mental, e a psicologia trata esse h\u00e1bito de um jeito bem diferente","jnews-multi-image_gallery":[],"jnews_single_post":{"format":"standard"},"jnews_primary_category":[],"jnews_social_meta":[],"jnews_override_counter":[],"footnotes":""},"categories":[112],"tags":[6396,18463,2530,18462,9444,404],"class_list":["post-235214","post","type-post","status-publish","format-standard","has-post-thumbnail","hentry","category-curiosidades","tag-cognicao","tag-eficiencia-mental","tag-falar-sozinho","tag-organizacao-mental","tag-pensamento","tag-psicologia"],"yoast_head":"<!-- This site is optimized with the Yoast SEO plugin v24.6 - https:\/\/yoast.com\/wordpress\/plugins\/seo\/ -->\n<title>A psicologia diz que pessoas que falam sozinhas em voz alta n\u00e3o s\u00e3o estranhas, elas est\u00e3o organizando pensamentos de forma muito mais eficiente do que a maioria - Correio Braziliense - Radar<\/title>\n<meta name=\"description\" content=\"Falar sozinho tem um papel que poucos consideram quando o assunto \u00e9 organiza\u00e7\u00e3o mental, e a psicologia trata esse h\u00e1bito de um jeito bem diferente\" \/>\n<meta name=\"robots\" content=\"index, follow, max-snippet:-1, max-image-preview:large, max-video-preview:-1\" \/>\n<link rel=\"canonical\" href=\"https:\/\/www.correiobraziliense.com.br\/cbradar\/a-psicologia-diz-que-pessoas-que-falam-sozinhas-em-voz-alta-nao-sao-estranhas-elas-estao-organizando-pensamentos-de-forma-muito-mais-eficiente-do-que-a-maioria\/\" \/>\n<meta property=\"og:locale\" content=\"pt_BR\" \/>\n<meta property=\"og:type\" content=\"article\" \/>\n<meta property=\"og:title\" content=\"A psicologia diz que pessoas que falam sozinhas em voz alta n\u00e3o s\u00e3o estranhas, elas est\u00e3o organizando pensamentos de forma muito mais eficiente do que a maioria - Correio Braziliense - Radar\" \/>\n<meta property=\"og:description\" content=\"Falar sozinho tem um papel que poucos consideram quando o assunto \u00e9 organiza\u00e7\u00e3o mental, e a psicologia trata esse h\u00e1bito de um jeito bem diferente\" \/>\n<meta property=\"og:url\" content=\"https:\/\/www.correiobraziliense.com.br\/cbradar\/a-psicologia-diz-que-pessoas-que-falam-sozinhas-em-voz-alta-nao-sao-estranhas-elas-estao-organizando-pensamentos-de-forma-muito-mais-eficiente-do-que-a-maioria\/\" \/>\n<meta property=\"og:site_name\" content=\"Correio Braziliense - Radar\" \/>\n<meta property=\"article:published_time\" content=\"2026-05-01T10:35:00+00:00\" \/>\n<meta property=\"og:image\" content=\"https:\/\/www.correiobraziliense.com.br\/cbradar\/wp-content\/uploads\/2026\/05\/a-psicologia-diz-que-pessoas-que-falam-sozinhas-em-voz-alta-.jpg\" \/>\n\t<meta property=\"og:image:width\" content=\"1280\" \/>\n\t<meta property=\"og:image:height\" content=\"720\" \/>\n\t<meta property=\"og:image:type\" content=\"image\/jpeg\" \/>\n<meta name=\"author\" content=\"Gabriel Leme\" \/>\n<meta name=\"twitter:card\" content=\"summary_large_image\" \/>\n<meta name=\"twitter:label1\" content=\"Escrito por\" \/>\n\t<meta name=\"twitter:data1\" content=\"Gabriel Leme\" \/>\n\t<meta name=\"twitter:label2\" content=\"Est. tempo de leitura\" \/>\n\t<meta name=\"twitter:data2\" content=\"5 minutos\" \/>\n<!-- \/ Yoast SEO plugin. -->","yoast_head_json":{"title":"A psicologia diz que pessoas que falam sozinhas em voz alta n\u00e3o s\u00e3o estranhas, elas est\u00e3o organizando pensamentos de forma muito mais eficiente do que a maioria - Correio Braziliense - Radar","description":"Falar sozinho tem um papel que poucos consideram quando o assunto \u00e9 organiza\u00e7\u00e3o mental, e a psicologia trata esse h\u00e1bito de um jeito bem diferente","robots":{"index":"index","follow":"follow","max-snippet":"max-snippet:-1","max-image-preview":"max-image-preview:large","max-video-preview":"max-video-preview:-1"},"canonical":"https:\/\/www.correiobraziliense.com.br\/cbradar\/a-psicologia-diz-que-pessoas-que-falam-sozinhas-em-voz-alta-nao-sao-estranhas-elas-estao-organizando-pensamentos-de-forma-muito-mais-eficiente-do-que-a-maioria\/","og_locale":"pt_BR","og_type":"article","og_title":"A psicologia diz que pessoas que falam sozinhas em voz alta n\u00e3o s\u00e3o estranhas, elas est\u00e3o organizando pensamentos de forma muito mais eficiente do que a maioria - Correio Braziliense - Radar","og_description":"Falar sozinho tem um papel que poucos consideram quando o assunto \u00e9 organiza\u00e7\u00e3o mental, e a psicologia trata esse h\u00e1bito de um jeito bem diferente","og_url":"https:\/\/www.correiobraziliense.com.br\/cbradar\/a-psicologia-diz-que-pessoas-que-falam-sozinhas-em-voz-alta-nao-sao-estranhas-elas-estao-organizando-pensamentos-de-forma-muito-mais-eficiente-do-que-a-maioria\/","og_site_name":"Correio Braziliense - Radar","article_published_time":"2026-05-01T10:35:00+00:00","og_image":[{"width":1280,"height":720,"url":"https:\/\/www.correiobraziliense.com.br\/cbradar\/wp-content\/uploads\/2026\/05\/a-psicologia-diz-que-pessoas-que-falam-sozinhas-em-voz-alta-.jpg","type":"image\/jpeg"}],"author":"Gabriel Leme","twitter_card":"summary_large_image","twitter_misc":{"Escrito por":"Gabriel Leme","Est. tempo de leitura":"5 minutos"},"schema":{"@context":"https:\/\/schema.org","@graph":[{"@type":"WebPage","@id":"https:\/\/www.correiobraziliense.com.br\/cbradar\/a-psicologia-diz-que-pessoas-que-falam-sozinhas-em-voz-alta-nao-sao-estranhas-elas-estao-organizando-pensamentos-de-forma-muito-mais-eficiente-do-que-a-maioria\/","url":"https:\/\/www.correiobraziliense.com.br\/cbradar\/a-psicologia-diz-que-pessoas-que-falam-sozinhas-em-voz-alta-nao-sao-estranhas-elas-estao-organizando-pensamentos-de-forma-muito-mais-eficiente-do-que-a-maioria\/","name":"A psicologia diz que pessoas que falam sozinhas em voz alta n\u00e3o s\u00e3o estranhas, elas est\u00e3o organizando pensamentos de forma muito mais eficiente do que a maioria - Correio Braziliense - Radar","isPartOf":{"@id":"https:\/\/www.correiobraziliense.com.br\/cbradar\/#website"},"primaryImageOfPage":{"@id":"https:\/\/www.correiobraziliense.com.br\/cbradar\/a-psicologia-diz-que-pessoas-que-falam-sozinhas-em-voz-alta-nao-sao-estranhas-elas-estao-organizando-pensamentos-de-forma-muito-mais-eficiente-do-que-a-maioria\/#primaryimage"},"image":{"@id":"https:\/\/www.correiobraziliense.com.br\/cbradar\/a-psicologia-diz-que-pessoas-que-falam-sozinhas-em-voz-alta-nao-sao-estranhas-elas-estao-organizando-pensamentos-de-forma-muito-mais-eficiente-do-que-a-maioria\/#primaryimage"},"thumbnailUrl":"https:\/\/www.correiobraziliense.com.br\/cbradar\/wp-content\/uploads\/2026\/05\/a-psicologia-diz-que-pessoas-que-falam-sozinhas-em-voz-alta-.jpg","datePublished":"2026-05-01T10:35:00+00:00","author":{"@id":"https:\/\/www.correiobraziliense.com.br\/cbradar\/#\/schema\/person\/67a081d63a0fe55fb267145a7be2f7c1"},"description":"Falar sozinho tem um papel que poucos consideram quando o assunto \u00e9 organiza\u00e7\u00e3o mental, e a psicologia trata esse h\u00e1bito de um jeito bem diferente","breadcrumb":{"@id":"https:\/\/www.correiobraziliense.com.br\/cbradar\/a-psicologia-diz-que-pessoas-que-falam-sozinhas-em-voz-alta-nao-sao-estranhas-elas-estao-organizando-pensamentos-de-forma-muito-mais-eficiente-do-que-a-maioria\/#breadcrumb"},"inLanguage":"pt-BR","potentialAction":[{"@type":"ReadAction","target":["https:\/\/www.correiobraziliense.com.br\/cbradar\/a-psicologia-diz-que-pessoas-que-falam-sozinhas-em-voz-alta-nao-sao-estranhas-elas-estao-organizando-pensamentos-de-forma-muito-mais-eficiente-do-que-a-maioria\/"]}]},{"@type":"ImageObject","inLanguage":"pt-BR","@id":"https:\/\/www.correiobraziliense.com.br\/cbradar\/a-psicologia-diz-que-pessoas-que-falam-sozinhas-em-voz-alta-nao-sao-estranhas-elas-estao-organizando-pensamentos-de-forma-muito-mais-eficiente-do-que-a-maioria\/#primaryimage","url":"https:\/\/www.correiobraziliense.com.br\/cbradar\/wp-content\/uploads\/2026\/05\/a-psicologia-diz-que-pessoas-que-falam-sozinhas-em-voz-alta-.jpg","contentUrl":"https:\/\/www.correiobraziliense.com.br\/cbradar\/wp-content\/uploads\/2026\/05\/a-psicologia-diz-que-pessoas-que-falam-sozinhas-em-voz-alta-.jpg","width":1280,"height":720,"caption":"Autofala objetiva pode melhorar foco, clareza mental e organiza\u00e7\u00e3o do pensamento."},{"@type":"BreadcrumbList","@id":"https:\/\/www.correiobraziliense.com.br\/cbradar\/a-psicologia-diz-que-pessoas-que-falam-sozinhas-em-voz-alta-nao-sao-estranhas-elas-estao-organizando-pensamentos-de-forma-muito-mais-eficiente-do-que-a-maioria\/#breadcrumb","itemListElement":[{"@type":"ListItem","position":1,"name":"In\u00edcio","item":"https:\/\/www.correiobraziliense.com.br\/cbradar\/"},{"@type":"ListItem","position":2,"name":"A psicologia diz que pessoas que falam sozinhas em voz alta n\u00e3o s\u00e3o estranhas, elas est\u00e3o organizando pensamentos de forma muito mais eficiente do que a maioria"}]},{"@type":"WebSite","@id":"https:\/\/www.correiobraziliense.com.br\/cbradar\/#website","url":"https:\/\/www.correiobraziliense.com.br\/cbradar\/","name":"Correio Braziliense - Radar","description":"Acompanhe as \u00faltimas not\u00edcias e fique bem informado sobre tudo o que acontece no Brasil e no mundo.","potentialAction":[{"@type":"SearchAction","target":{"@type":"EntryPoint","urlTemplate":"https:\/\/www.correiobraziliense.com.br\/cbradar\/?s={search_term_string}"},"query-input":{"@type":"PropertyValueSpecification","valueRequired":true,"valueName":"search_term_string"}}],"inLanguage":"pt-BR"},{"@type":"Person","@id":"https:\/\/www.correiobraziliense.com.br\/cbradar\/#\/schema\/person\/67a081d63a0fe55fb267145a7be2f7c1","name":"Gabriel Leme","image":{"@type":"ImageObject","inLanguage":"pt-BR","@id":"https:\/\/www.correiobraziliense.com.br\/cbradar\/#\/schema\/person\/image\/","url":"https:\/\/secure.gravatar.com\/avatar\/85bf2e3517d27149969b72412b460c20?s=96&d=mm&r=g","contentUrl":"https:\/\/secure.gravatar.com\/avatar\/85bf2e3517d27149969b72412b460c20?s=96&d=mm&r=g","caption":"Gabriel Leme"},"sameAs":["https:\/\/www.correiobraziliense.com.br\/"],"url":"https:\/\/www.correiobraziliense.com.br\/cbradar\/author\/gabrielmyth\/"}]}},"_links":{"self":[{"href":"https:\/\/www.correiobraziliense.com.br\/cbradar\/wp-json\/wp\/v2\/posts\/235214","targetHints":{"allow":["GET"]}}],"collection":[{"href":"https:\/\/www.correiobraziliense.com.br\/cbradar\/wp-json\/wp\/v2\/posts"}],"about":[{"href":"https:\/\/www.correiobraziliense.com.br\/cbradar\/wp-json\/wp\/v2\/types\/post"}],"author":[{"embeddable":true,"href":"https:\/\/www.correiobraziliense.com.br\/cbradar\/wp-json\/wp\/v2\/users\/12"}],"replies":[{"embeddable":true,"href":"https:\/\/www.correiobraziliense.com.br\/cbradar\/wp-json\/wp\/v2\/comments?post=235214"}],"version-history":[{"count":1,"href":"https:\/\/www.correiobraziliense.com.br\/cbradar\/wp-json\/wp\/v2\/posts\/235214\/revisions"}],"predecessor-version":[{"id":235237,"href":"https:\/\/www.correiobraziliense.com.br\/cbradar\/wp-json\/wp\/v2\/posts\/235214\/revisions\/235237"}],"wp:featuredmedia":[{"embeddable":true,"href":"https:\/\/www.correiobraziliense.com.br\/cbradar\/wp-json\/wp\/v2\/media\/235212"}],"wp:attachment":[{"href":"https:\/\/www.correiobraziliense.com.br\/cbradar\/wp-json\/wp\/v2\/media?parent=235214"}],"wp:term":[{"taxonomy":"category","embeddable":true,"href":"https:\/\/www.correiobraziliense.com.br\/cbradar\/wp-json\/wp\/v2\/categories?post=235214"},{"taxonomy":"post_tag","embeddable":true,"href":"https:\/\/www.correiobraziliense.com.br\/cbradar\/wp-json\/wp\/v2\/tags?post=235214"}],"curies":[{"name":"wp","href":"https:\/\/api.w.org\/{rel}","templated":true}]}}