{"id":235217,"date":"2026-05-01T07:45:00","date_gmt":"2026-05-01T10:45:00","guid":{"rendered":"https:\/\/www.correiobraziliense.com.br\/cbradar\/?p=235217"},"modified":"2026-05-01T06:58:30","modified_gmt":"2026-05-01T09:58:30","slug":"a-psicologia-tambem-sugere-que-adultos-que-evitam-conflitos-diarios-nao-sao-mais-maduros-mas-aprenderam-na-infancia-que-expressar-emocoes-gerava-punicao-severa","status":"publish","type":"post","link":"https:\/\/www.correiobraziliense.com.br\/cbradar\/a-psicologia-tambem-sugere-que-adultos-que-evitam-conflitos-diarios-nao-sao-mais-maduros-mas-aprenderam-na-infancia-que-expressar-emocoes-gerava-punicao-severa\/","title":{"rendered":"A psicologia tamb\u00e9m sugere que adultos que evitam conflitos di\u00e1rios n\u00e3o s\u00e3o mais maduros, mas aprenderam na inf\u00e2ncia que expressar emo\u00e7\u00f5es gerava puni\u00e7\u00e3o severa"},"content":{"rendered":"\n<p><strong>Evitamento de conflitos<\/strong> nem sempre indica equil\u00edbrio. Na cl\u00ednica, esse padr\u00e3o costuma aparecer ligado \u00e0 <strong>maturidade emocional<\/strong> apenas na superf\u00edcie, porque por tr\u00e1s dele podem existir aprendizagem afetiva, medo de confronto, ansiedade relacional e estrat\u00e9gias de autoprote\u00e7\u00e3o formadas na <strong>inf\u00e2ncia<\/strong>. Quando a express\u00e3o emocional foi recebida com cr\u00edtica, sil\u00eancio ou puni\u00e7\u00e3o, o adulto pode confundir calma com repress\u00e3o.<\/p>\n\n\n\n<h2 class=\"wp-block-heading\">Por que evitar conflito pode parecer maturidade emocional?<\/h2>\n\n\n\n<p>Muita gente associa autocontrole \u00e0 capacidade de engolir inc\u00f4modos, ceder r\u00e1pido e nunca levantar tens\u00e3o. S\u00f3 que maturidade emocional envolve nomear sentimentos, regular a ativa\u00e7\u00e3o do corpo, sustentar limites e conversar sem agressividade. Quem pratica evitamento de conflitos com frequ\u00eancia pode at\u00e9 parecer est\u00e1vel, mas internamente vive alerta, culpa e medo de desagradar.<\/p>\n\n\n\n<p>A repress\u00e3o emocional entra nesse cen\u00e1rio como um ajuste antigo. Em vez de elaborar raiva, tristeza ou frustra\u00e7\u00e3o, a pessoa aprende a reduzir sinais vis\u00edveis para n\u00e3o provocar rejei\u00e7\u00e3o. O resultado \u00e9 um funcionamento relacional em que a paz depende de sil\u00eancio, n\u00e3o de v\u00ednculo seguro.<\/p>\n\n\n\n<h2 class=\"wp-block-heading\">O que a inf\u00e2ncia ensina sobre puni\u00e7\u00e3o e sil\u00eancio emocional?<\/h2>\n\n\n\n<p>A inf\u00e2ncia organiza boa parte do repert\u00f3rio afetivo. Se a crian\u00e7a chora e ouve que est\u00e1 exagerando, se demonstra raiva e recebe humilha\u00e7\u00e3o, ou se tenta discordar e encontra puni\u00e7\u00e3o severa, ela come\u00e7a a ligar emo\u00e7\u00e3o a perigo. Esse aprendizado n\u00e3o desaparece na vida adulta, ele vira padr\u00e3o autom\u00e1tico em conversas dif\u00edceis, rela\u00e7\u00f5es amorosas e ambiente de trabalho.<\/p>\n\n\n\n<p>Esse hist\u00f3rico costuma deixar alguns sinais claros no comportamento cotidiano:<\/p>\n\n\n\n<ul class=\"wp-block-list\">\n<li>pedido de desculpas antes mesmo de explicar o que sente<\/li>\n\n\n\n<li>medo intenso de desagradar ou parecer dif\u00edcil<\/li>\n\n\n\n<li>dificuldade para dizer n\u00e3o sem sentir culpa<\/li>\n\n\n\n<li>travamento f\u00edsico diante de discuss\u00f5es simples<\/li>\n\n\n\n<li>tend\u00eancia a minimizar a pr\u00f3pria dor para manter a rela\u00e7\u00e3o<\/li>\n<\/ul>\n\n\n<div class=\"wp-block-image\">\n<figure class=\"aligncenter\"><img decoding=\"async\" src=\"https:\/\/www.correiobraziliense.com.br\/cbradar\/wp-content\/uploads\/2026\/05\/a-psicologia-tambem-sugere-que-adultos-que-evitam-confl-corpo.jpg\" alt=\"Comunica\u00e7\u00e3o assertiva ajuda a sair do sil\u00eancio sem recorrer \u00e0 agressividade.\"\/><figcaption class=\"wp-element-caption\">Comunica\u00e7\u00e3o assertiva ajuda a sair do sil\u00eancio sem recorrer \u00e0 agressividade.<\/figcaption><\/figure><\/div>\n\n\n<h2 class=\"wp-block-heading\">Quais sinais diferenciam cautela de repress\u00e3o emocional?<\/h2>\n\n\n\n<p>Nem toda evita\u00e7\u00e3o \u00e9 patol\u00f3gica. H\u00e1 momentos em que adiar uma conversa ajuda a reduzir impulsividade e organizar argumentos. A diferen\u00e7a est\u00e1 no motivo. A cautela preserva o di\u00e1logo. A repress\u00e3o emocional bloqueia o di\u00e1logo porque o corpo entende conflito como amea\u00e7a.<\/p>\n\n\n\n<p>Alguns marcadores ajudam a perceber essa diferen\u00e7a no dia a dia:<\/p>\n\n\n\n<ul class=\"wp-block-list\">\n<li>na cautela, a pessoa escolhe a hora de falar, mas fala<\/li>\n\n\n\n<li>na repress\u00e3o emocional, o assunto \u00e9 engavetado por semanas ou meses<\/li>\n\n\n\n<li>na cautela, h\u00e1 limite claro<\/li>\n\n\n\n<li>no evitamento de conflitos, h\u00e1 adapta\u00e7\u00e3o excessiva para evitar rea\u00e7\u00e3o alheia<\/li>\n\n\n\n<li>na maturidade emocional, existe regula\u00e7\u00e3o com autenticidade<\/li>\n\n\n\n<li>na inibi\u00e7\u00e3o, existe sil\u00eancio com desgaste interno<\/li>\n<\/ul>\n\n\n\n<h2 class=\"wp-block-heading\">O que a pesquisa mostra sobre inf\u00e2ncia, puni\u00e7\u00e3o e inibi\u00e7\u00e3o emocional?<\/h2>\n\n\n\n<p>Esse v\u00ednculo entre experi\u00eancias precoces e sil\u00eancio afetivo n\u00e3o \u00e9 s\u00f3 impress\u00e3o cl\u00ednica. Segundo o estudo <strong>Childhood emotional invalidation and adult psychological distress: the mediating role of emotional inhibition<\/strong>, publicado no peri\u00f3dico cient\u00edfico <strong>Child Abuse &amp; Neglect<\/strong>, um hist\u00f3rico de invalida\u00e7\u00e3o emocional na inf\u00e2ncia, incluindo puni\u00e7\u00e3o parental, minimiza\u00e7\u00e3o e sofrimento diante de emo\u00e7\u00f5es negativas, esteve associado \u00e0 inibi\u00e7\u00e3o emocional cr\u00f4nica na vida adulta. O trabalho tamb\u00e9m observou que essa inibi\u00e7\u00e3o se relacionava a respostas evitativas ao estresse e maior sofrimento ps\u00edquico. O artigo pode ser consultado em <a href=\"https:\/\/pubmed.ncbi.nlm.nih.gov\/12615094\/\" target=\"_blank\" rel=\"noopener noreferrer\">registro do estudo no PubMed<\/a>.<\/p>\n\n\n\n<p>Na pr\u00e1tica, isso ajuda a entender por que alguns adultos n\u00e3o explodem, mas somatizam, acumulam ressentimento ou entram em colapso depois de longos per\u00edodos de aparente controle. A puni\u00e7\u00e3o repetida na inf\u00e2ncia n\u00e3o ensina regula\u00e7\u00e3o saud\u00e1vel. Ela ensina conten\u00e7\u00e3o defensiva, leitura hipervigilante do ambiente e medo de expor necessidade.<\/p>\n\n\n\n<h2 class=\"wp-block-heading\">Como esse padr\u00e3o aparece nas rela\u00e7\u00f5es adultas?<\/h2>\n\n\n\n<p>O evitamento de conflitos costuma surgir em v\u00ednculos \u00edntimos de forma bem concreta. A pessoa concorda com o que n\u00e3o quer, evita feedback, muda de assunto quando se sente ferida e tenta prever o humor alheio para n\u00e3o ativar tens\u00e3o. Isso desgasta casais, amizades e equipes porque o problema n\u00e3o some, apenas perde linguagem.<\/p>\n\n\n\n<p>Maturidade emocional, nesse ponto, significa suportar desconforto sem atacar nem se apagar. Quando a repress\u00e3o emocional domina, o adulto at\u00e9 mant\u00e9m a harmonia externa, mas paga com ins\u00f4nia, rumina\u00e7\u00e3o, distanciamento afetivo e sensa\u00e7\u00e3o de n\u00e3o ser visto. Rela\u00e7\u00f5es saud\u00e1veis exigem negocia\u00e7\u00e3o, limite e repara\u00e7\u00e3o, n\u00e3o anestesia emocional.<\/p>\n\n\n\n<h2 class=\"wp-block-heading\">\u00c9 poss\u00edvel sair do evitamento de conflitos sem virar uma pessoa agressiva?<\/h2>\n\n\n\n<p>Sim, e esse \u00e9 um receio comum. Quem cresceu sob puni\u00e7\u00e3o costuma acreditar que existem s\u00f3 dois lugares poss\u00edveis, o sil\u00eancio total ou a explos\u00e3o. O trabalho terap\u00eautico mostra outro caminho, com linguagem emocional, autorregula\u00e7\u00e3o, percep\u00e7\u00e3o corporal e treino de comunica\u00e7\u00e3o assertiva. Falar com firmeza n\u00e3o \u00e9 atacar. Dizer que algo doeu n\u00e3o \u00e9 imaturidade.<\/p>\n\n\n\n<p>Quando a pessoa revisa o que aprendeu na inf\u00e2ncia, come\u00e7a a separar perigo real de mem\u00f3ria emocional. Isso amplia a maturidade emocional de forma concreta. Em vez de reprimir, ela reconhece a emo\u00e7\u00e3o, organiza o pensamento e sustenta conversas dif\u00edceis com menos medo. Em psicologia, esse movimento importa porque transforma o conflito em ferramenta de v\u00ednculo, n\u00e3o em gatilho autom\u00e1tico de puni\u00e7\u00e3o.<\/p>\n","protected":false},"excerpt":{"rendered":"<p>Evitamento de conflitos nem sempre indica equil\u00edbrio. Na cl\u00ednica, esse padr\u00e3o costuma aparecer ligado \u00e0 maturidade emocional apenas na superf\u00edcie, porque por tr\u00e1s dele podem existir aprendizagem afetiva, medo de confronto, ansiedade relacional e estrat\u00e9gias de autoprote\u00e7\u00e3o formadas na inf\u00e2ncia. Quando a express\u00e3o emocional foi recebida com cr\u00edtica, sil\u00eancio ou puni\u00e7\u00e3o, o adulto pode confundir [&hellip;]<\/p>\n","protected":false},"author":12,"featured_media":235215,"comment_status":"open","ping_status":"open","sticky":false,"template":"","format":"standard","meta":{"_yoast_wpseo_focuskw":"evitamento de conflitos","_yoast_wpseo_title":"","_yoast_wpseo_metadesc":"Evitamento de conflitos pode parecer maturidade emocional, mas a inf\u00e2ncia \u00e0s vezes deixa um roteiro silencioso que muda o sentido desse comportamento","jnews-multi-image_gallery":[],"jnews_single_post":{"format":"standard"},"jnews_primary_category":[],"jnews_social_meta":[],"jnews_override_counter":[],"footnotes":""},"categories":[112],"tags":[18460,811,14941,404,18464,17757],"class_list":["post-235217","post","type-post","status-publish","format-standard","has-post-thumbnail","hentry","category-curiosidades","tag-evitamento-de-conflitos","tag-infancia","tag-maturidade-emocional","tag-psicologia","tag-punicao","tag-repressao-emocional"],"yoast_head":"<!-- This site is optimized with the Yoast SEO plugin v24.6 - https:\/\/yoast.com\/wordpress\/plugins\/seo\/ -->\n<title>A psicologia tamb\u00e9m sugere que adultos que evitam conflitos di\u00e1rios n\u00e3o s\u00e3o mais maduros, mas aprenderam na inf\u00e2ncia que expressar emo\u00e7\u00f5es gerava puni\u00e7\u00e3o severa - Correio Braziliense - Radar<\/title>\n<meta name=\"description\" content=\"Evitamento de conflitos pode parecer maturidade emocional, mas a inf\u00e2ncia \u00e0s vezes deixa um roteiro silencioso que muda o sentido desse comportamento\" \/>\n<meta name=\"robots\" content=\"index, follow, max-snippet:-1, max-image-preview:large, max-video-preview:-1\" \/>\n<link rel=\"canonical\" href=\"https:\/\/www.correiobraziliense.com.br\/cbradar\/a-psicologia-tambem-sugere-que-adultos-que-evitam-conflitos-diarios-nao-sao-mais-maduros-mas-aprenderam-na-infancia-que-expressar-emocoes-gerava-punicao-severa\/\" \/>\n<meta property=\"og:locale\" content=\"pt_BR\" \/>\n<meta property=\"og:type\" content=\"article\" \/>\n<meta property=\"og:title\" content=\"A psicologia tamb\u00e9m sugere que adultos que evitam conflitos di\u00e1rios n\u00e3o s\u00e3o mais maduros, mas aprenderam na inf\u00e2ncia que expressar emo\u00e7\u00f5es gerava puni\u00e7\u00e3o severa - Correio Braziliense - Radar\" \/>\n<meta property=\"og:description\" content=\"Evitamento de conflitos pode parecer maturidade emocional, mas a inf\u00e2ncia \u00e0s vezes deixa um roteiro silencioso que muda o sentido desse comportamento\" \/>\n<meta property=\"og:url\" content=\"https:\/\/www.correiobraziliense.com.br\/cbradar\/a-psicologia-tambem-sugere-que-adultos-que-evitam-conflitos-diarios-nao-sao-mais-maduros-mas-aprenderam-na-infancia-que-expressar-emocoes-gerava-punicao-severa\/\" \/>\n<meta property=\"og:site_name\" content=\"Correio Braziliense - Radar\" \/>\n<meta property=\"article:published_time\" content=\"2026-05-01T10:45:00+00:00\" \/>\n<meta property=\"og:image\" content=\"https:\/\/www.correiobraziliense.com.br\/cbradar\/wp-content\/uploads\/2026\/05\/a-psicologia-tambem-sugere-que-adultos-que-evitam-conflitos-.jpg\" \/>\n\t<meta property=\"og:image:width\" content=\"1280\" \/>\n\t<meta property=\"og:image:height\" content=\"720\" \/>\n\t<meta property=\"og:image:type\" content=\"image\/jpeg\" \/>\n<meta name=\"author\" content=\"Gabriel Leme\" \/>\n<meta name=\"twitter:card\" content=\"summary_large_image\" \/>\n<meta name=\"twitter:label1\" content=\"Escrito por\" \/>\n\t<meta name=\"twitter:data1\" content=\"Gabriel Leme\" \/>\n\t<meta name=\"twitter:label2\" content=\"Est. tempo de leitura\" \/>\n\t<meta name=\"twitter:data2\" content=\"5 minutos\" \/>\n<!-- \/ Yoast SEO plugin. -->","yoast_head_json":{"title":"A psicologia tamb\u00e9m sugere que adultos que evitam conflitos di\u00e1rios n\u00e3o s\u00e3o mais maduros, mas aprenderam na inf\u00e2ncia que expressar emo\u00e7\u00f5es gerava puni\u00e7\u00e3o severa - Correio Braziliense - Radar","description":"Evitamento de conflitos pode parecer maturidade emocional, mas a inf\u00e2ncia \u00e0s vezes deixa um roteiro silencioso que muda o sentido desse comportamento","robots":{"index":"index","follow":"follow","max-snippet":"max-snippet:-1","max-image-preview":"max-image-preview:large","max-video-preview":"max-video-preview:-1"},"canonical":"https:\/\/www.correiobraziliense.com.br\/cbradar\/a-psicologia-tambem-sugere-que-adultos-que-evitam-conflitos-diarios-nao-sao-mais-maduros-mas-aprenderam-na-infancia-que-expressar-emocoes-gerava-punicao-severa\/","og_locale":"pt_BR","og_type":"article","og_title":"A psicologia tamb\u00e9m sugere que adultos que evitam conflitos di\u00e1rios n\u00e3o s\u00e3o mais maduros, mas aprenderam na inf\u00e2ncia que expressar emo\u00e7\u00f5es gerava puni\u00e7\u00e3o severa - Correio Braziliense - Radar","og_description":"Evitamento de conflitos pode parecer maturidade emocional, mas a inf\u00e2ncia \u00e0s vezes deixa um roteiro silencioso que muda o sentido desse comportamento","og_url":"https:\/\/www.correiobraziliense.com.br\/cbradar\/a-psicologia-tambem-sugere-que-adultos-que-evitam-conflitos-diarios-nao-sao-mais-maduros-mas-aprenderam-na-infancia-que-expressar-emocoes-gerava-punicao-severa\/","og_site_name":"Correio Braziliense - Radar","article_published_time":"2026-05-01T10:45:00+00:00","og_image":[{"width":1280,"height":720,"url":"https:\/\/www.correiobraziliense.com.br\/cbradar\/wp-content\/uploads\/2026\/05\/a-psicologia-tambem-sugere-que-adultos-que-evitam-conflitos-.jpg","type":"image\/jpeg"}],"author":"Gabriel Leme","twitter_card":"summary_large_image","twitter_misc":{"Escrito por":"Gabriel Leme","Est. tempo de leitura":"5 minutos"},"schema":{"@context":"https:\/\/schema.org","@graph":[{"@type":"WebPage","@id":"https:\/\/www.correiobraziliense.com.br\/cbradar\/a-psicologia-tambem-sugere-que-adultos-que-evitam-conflitos-diarios-nao-sao-mais-maduros-mas-aprenderam-na-infancia-que-expressar-emocoes-gerava-punicao-severa\/","url":"https:\/\/www.correiobraziliense.com.br\/cbradar\/a-psicologia-tambem-sugere-que-adultos-que-evitam-conflitos-diarios-nao-sao-mais-maduros-mas-aprenderam-na-infancia-que-expressar-emocoes-gerava-punicao-severa\/","name":"A psicologia tamb\u00e9m sugere que adultos que evitam conflitos di\u00e1rios n\u00e3o s\u00e3o mais maduros, mas aprenderam na inf\u00e2ncia que expressar emo\u00e7\u00f5es gerava puni\u00e7\u00e3o severa - Correio Braziliense - Radar","isPartOf":{"@id":"https:\/\/www.correiobraziliense.com.br\/cbradar\/#website"},"primaryImageOfPage":{"@id":"https:\/\/www.correiobraziliense.com.br\/cbradar\/a-psicologia-tambem-sugere-que-adultos-que-evitam-conflitos-diarios-nao-sao-mais-maduros-mas-aprenderam-na-infancia-que-expressar-emocoes-gerava-punicao-severa\/#primaryimage"},"image":{"@id":"https:\/\/www.correiobraziliense.com.br\/cbradar\/a-psicologia-tambem-sugere-que-adultos-que-evitam-conflitos-diarios-nao-sao-mais-maduros-mas-aprenderam-na-infancia-que-expressar-emocoes-gerava-punicao-severa\/#primaryimage"},"thumbnailUrl":"https:\/\/www.correiobraziliense.com.br\/cbradar\/wp-content\/uploads\/2026\/05\/a-psicologia-tambem-sugere-que-adultos-que-evitam-conflitos-.jpg","datePublished":"2026-05-01T10:45:00+00:00","author":{"@id":"https:\/\/www.correiobraziliense.com.br\/cbradar\/#\/schema\/person\/67a081d63a0fe55fb267145a7be2f7c1"},"description":"Evitamento de conflitos pode parecer maturidade emocional, mas a inf\u00e2ncia \u00e0s vezes deixa um roteiro silencioso que muda o sentido desse comportamento","breadcrumb":{"@id":"https:\/\/www.correiobraziliense.com.br\/cbradar\/a-psicologia-tambem-sugere-que-adultos-que-evitam-conflitos-diarios-nao-sao-mais-maduros-mas-aprenderam-na-infancia-que-expressar-emocoes-gerava-punicao-severa\/#breadcrumb"},"inLanguage":"pt-BR","potentialAction":[{"@type":"ReadAction","target":["https:\/\/www.correiobraziliense.com.br\/cbradar\/a-psicologia-tambem-sugere-que-adultos-que-evitam-conflitos-diarios-nao-sao-mais-maduros-mas-aprenderam-na-infancia-que-expressar-emocoes-gerava-punicao-severa\/"]}]},{"@type":"ImageObject","inLanguage":"pt-BR","@id":"https:\/\/www.correiobraziliense.com.br\/cbradar\/a-psicologia-tambem-sugere-que-adultos-que-evitam-conflitos-diarios-nao-sao-mais-maduros-mas-aprenderam-na-infancia-que-expressar-emocoes-gerava-punicao-severa\/#primaryimage","url":"https:\/\/www.correiobraziliense.com.br\/cbradar\/wp-content\/uploads\/2026\/05\/a-psicologia-tambem-sugere-que-adultos-que-evitam-conflitos-.jpg","contentUrl":"https:\/\/www.correiobraziliense.com.br\/cbradar\/wp-content\/uploads\/2026\/05\/a-psicologia-tambem-sugere-que-adultos-que-evitam-conflitos-.jpg","width":1280,"height":720,"caption":"Evitar conflito pode esconder medo relacional e repress\u00e3o emocional aprendida na inf\u00e2ncia."},{"@type":"BreadcrumbList","@id":"https:\/\/www.correiobraziliense.com.br\/cbradar\/a-psicologia-tambem-sugere-que-adultos-que-evitam-conflitos-diarios-nao-sao-mais-maduros-mas-aprenderam-na-infancia-que-expressar-emocoes-gerava-punicao-severa\/#breadcrumb","itemListElement":[{"@type":"ListItem","position":1,"name":"In\u00edcio","item":"https:\/\/www.correiobraziliense.com.br\/cbradar\/"},{"@type":"ListItem","position":2,"name":"A psicologia tamb\u00e9m sugere que adultos que evitam conflitos di\u00e1rios n\u00e3o s\u00e3o mais maduros, mas aprenderam na inf\u00e2ncia que expressar emo\u00e7\u00f5es gerava puni\u00e7\u00e3o severa"}]},{"@type":"WebSite","@id":"https:\/\/www.correiobraziliense.com.br\/cbradar\/#website","url":"https:\/\/www.correiobraziliense.com.br\/cbradar\/","name":"Correio Braziliense - Radar","description":"Acompanhe as \u00faltimas not\u00edcias e fique bem informado sobre tudo o que acontece no Brasil e no mundo.","potentialAction":[{"@type":"SearchAction","target":{"@type":"EntryPoint","urlTemplate":"https:\/\/www.correiobraziliense.com.br\/cbradar\/?s={search_term_string}"},"query-input":{"@type":"PropertyValueSpecification","valueRequired":true,"valueName":"search_term_string"}}],"inLanguage":"pt-BR"},{"@type":"Person","@id":"https:\/\/www.correiobraziliense.com.br\/cbradar\/#\/schema\/person\/67a081d63a0fe55fb267145a7be2f7c1","name":"Gabriel Leme","image":{"@type":"ImageObject","inLanguage":"pt-BR","@id":"https:\/\/www.correiobraziliense.com.br\/cbradar\/#\/schema\/person\/image\/","url":"https:\/\/secure.gravatar.com\/avatar\/85bf2e3517d27149969b72412b460c20?s=96&d=mm&r=g","contentUrl":"https:\/\/secure.gravatar.com\/avatar\/85bf2e3517d27149969b72412b460c20?s=96&d=mm&r=g","caption":"Gabriel Leme"},"sameAs":["https:\/\/www.correiobraziliense.com.br\/"],"url":"https:\/\/www.correiobraziliense.com.br\/cbradar\/author\/gabrielmyth\/"}]}},"_links":{"self":[{"href":"https:\/\/www.correiobraziliense.com.br\/cbradar\/wp-json\/wp\/v2\/posts\/235217","targetHints":{"allow":["GET"]}}],"collection":[{"href":"https:\/\/www.correiobraziliense.com.br\/cbradar\/wp-json\/wp\/v2\/posts"}],"about":[{"href":"https:\/\/www.correiobraziliense.com.br\/cbradar\/wp-json\/wp\/v2\/types\/post"}],"author":[{"embeddable":true,"href":"https:\/\/www.correiobraziliense.com.br\/cbradar\/wp-json\/wp\/v2\/users\/12"}],"replies":[{"embeddable":true,"href":"https:\/\/www.correiobraziliense.com.br\/cbradar\/wp-json\/wp\/v2\/comments?post=235217"}],"version-history":[{"count":1,"href":"https:\/\/www.correiobraziliense.com.br\/cbradar\/wp-json\/wp\/v2\/posts\/235217\/revisions"}],"predecessor-version":[{"id":235238,"href":"https:\/\/www.correiobraziliense.com.br\/cbradar\/wp-json\/wp\/v2\/posts\/235217\/revisions\/235238"}],"wp:featuredmedia":[{"embeddable":true,"href":"https:\/\/www.correiobraziliense.com.br\/cbradar\/wp-json\/wp\/v2\/media\/235215"}],"wp:attachment":[{"href":"https:\/\/www.correiobraziliense.com.br\/cbradar\/wp-json\/wp\/v2\/media?parent=235217"}],"wp:term":[{"taxonomy":"category","embeddable":true,"href":"https:\/\/www.correiobraziliense.com.br\/cbradar\/wp-json\/wp\/v2\/categories?post=235217"},{"taxonomy":"post_tag","embeddable":true,"href":"https:\/\/www.correiobraziliense.com.br\/cbradar\/wp-json\/wp\/v2\/tags?post=235217"}],"curies":[{"name":"wp","href":"https:\/\/api.w.org\/{rel}","templated":true}]}}