{"id":235223,"date":"2026-05-01T09:15:00","date_gmt":"2026-05-01T12:15:00","guid":{"rendered":"https:\/\/www.correiobraziliense.com.br\/cbradar\/?p=235223"},"modified":"2026-05-01T07:01:32","modified_gmt":"2026-05-01T10:01:32","slug":"estudos-cientificos-mostram-que-criancas-que-desenham-com-muita-frequencia-desenvolvem-melhor-memoria-e-habilidades-cognitivas-de-aprendizado","status":"publish","type":"post","link":"https:\/\/www.correiobraziliense.com.br\/cbradar\/estudos-cientificos-mostram-que-criancas-que-desenham-com-muita-frequencia-desenvolvem-melhor-memoria-e-habilidades-cognitivas-de-aprendizado\/","title":{"rendered":"Estudos cient\u00edficos mostram que crian\u00e7as que desenham com muita frequ\u00eancia desenvolvem melhor mem\u00f3ria e habilidades cognitivas de aprendizado"},"content":{"rendered":"\n<p><strong>Desenho infantil<\/strong> ocupa um lugar central na Educa\u00e7\u00e3o Infantil porque re\u00fane linguagem visual, coordena\u00e7\u00e3o motora, aten\u00e7\u00e3o e express\u00e3o simb\u00f3lica na mesma atividade. Quando a crian\u00e7a desenha com frequ\u00eancia, ela exercita <strong>mem\u00f3ria<\/strong>, organiza o pensamento, testa ideias e amplia o repert\u00f3rio usado no <strong>aprendizado<\/strong>, sem depender apenas da fala ou da c\u00f3pia.<\/p>\n\n\n\n<h2 class=\"wp-block-heading\">Por que o desenho aparece tanto nas rotinas da Educa\u00e7\u00e3o Infantil?<\/h2>\n\n\n\n<p>Desenho infantil n\u00e3o serve s\u00f3 para passar o tempo. No cotidiano da sala, ele ajuda a crian\u00e7a a representar pessoas, cenas, sequ\u00eancias e objetos que ainda est\u00e3o sendo compreendidos. Esse processo favorece desenvolvimento cognitivo porque envolve percep\u00e7\u00e3o, planejamento do tra\u00e7o, escolha de cores, no\u00e7\u00e3o espacial e recupera\u00e7\u00e3o de informa\u00e7\u00f5es guardadas.<\/p>\n\n\n\n<p>Criatividade tamb\u00e9m cresce nesse contexto porque o papel vira um espa\u00e7o de experimenta\u00e7\u00e3o. A crian\u00e7a decide o que destacar, o que repetir e como contar uma pequena hist\u00f3ria com linhas e formas. Em Educa\u00e7\u00e3o Infantil, essa produ\u00e7\u00e3o revela hip\u00f3teses sobre o mundo, mostra como o pensamento est\u00e1 se organizando e oferece pistas valiosas para media\u00e7\u00e3o pedag\u00f3gica.<\/p>\n\n\n\n<h2 class=\"wp-block-heading\">O que a mem\u00f3ria ganha quando a crian\u00e7a desenha com frequ\u00eancia?<\/h2>\n\n\n\n<p>Mem\u00f3ria \u00e9 acionada toda vez que a crian\u00e7a tenta reconstruir no papel uma cena da escola, um passeio, um personagem ou uma brincadeira. Para desenhar, ela precisa recuperar detalhes, selecionar o que foi mais marcante e transformar lembran\u00e7as em imagem. Esse percurso fortalece a evoca\u00e7\u00e3o e ajuda a fixar conte\u00fados vividos de maneira concreta.<\/p>\n\n\n\n<p>Na pr\u00e1tica, o professor costuma perceber alguns efeitos com mais nitidez:<\/p>\n\n\n\n<ul class=\"wp-block-list\">\n<li>maior recorda\u00e7\u00e3o de acontecimentos recentes da rotina<\/li>\n\n\n\n<li>melhor sequ\u00eancia de fatos em narrativas desenhadas<\/li>\n\n\n\n<li>aten\u00e7\u00e3o mais sustentada durante propostas de observa\u00e7\u00e3o<\/li>\n\n\n\n<li>associa\u00e7\u00e3o entre imagem, fala e significado<\/li>\n\n\n\n<li>mais seguran\u00e7a para explicar o que foi produzido<\/li>\n<\/ul>\n\n\n\n<figure class=\"wp-block-image\"><img decoding=\"async\" src=\"https:\/\/www.correiobraziliense.com.br\/cbradar\/wp-content\/uploads\/2026\/05\/estudos-cientificos-mostram-que-criancas-que-desenham-c-corpo.jpg\" alt=\"Escuta pedag\u00f3gica valoriza criatividade e narrativa nos desenhos das crian\u00e7as.\"\/><figcaption class=\"wp-element-caption\">Escuta pedag\u00f3gica valoriza criatividade e narrativa nos desenhos das crian\u00e7as.<\/figcaption><\/figure>\n\n\n\n<h2 class=\"wp-block-heading\">Como o desenho infantil conversa com o aprendizado em sala?<\/h2>\n\n\n\n<p>Aprendizado na primeira inf\u00e2ncia acontece muito pelo corpo, pelo gesto e pela representa\u00e7\u00e3o. Quando a crian\u00e7a desenha letras ainda n\u00e3o dominadas, trajetos, plantas, animais ou membros da fam\u00edlia, ela cria pontes entre experi\u00eancia e conceito. O desenho infantil ajuda a nomear, classificar, comparar tamanhos, perceber padr\u00f5es e consolidar vocabul\u00e1rio.<\/p>\n\n\n\n<p>Esse uso pedag\u00f3gico fica mais rico quando a proposta n\u00e3o se limita a um molde pronto. Em vez de buscar resultado padronizado, a Educa\u00e7\u00e3o Infantil ganha mais quando valoriza processo, observa\u00e7\u00e3o e autoria. A criatividade entra como ferramenta de pensamento, e n\u00e3o como enfeite, o que amplia o desenvolvimento cognitivo ligado \u00e0 linguagem, \u00e0 resolu\u00e7\u00e3o de problemas e \u00e0 compreens\u00e3o de contexto.<\/p>\n\n\n\n<h2 class=\"wp-block-heading\">O que os estudos cient\u00edficos indicam sobre desenho e desenvolvimento cognitivo?<\/h2>\n\n\n\n<p>H\u00e1 uma base de pesquisa interessante para essa rela\u00e7\u00e3o. Segundo o estudo <strong>Drawings as Memory Aids: Optimising the Drawing Method to Facilitate Young Children\u2019s Recall<\/strong>, publicado no peri\u00f3dico <strong>Applied Cognitive Psychology<\/strong>, crian\u00e7as de 5 e 6 anos que participaram de uma proposta de desenhar e falar sobre um evento lembraram mais informa\u00e7\u00f5es corretas sobre itens e objetos do que outros grupos avaliados. O trabalho observou que o desenho funcionou como pista de recupera\u00e7\u00e3o da mem\u00f3ria, sem aumento correspondente de erros <a href=\"https:\/\/onlinelibrary.wiley.com\/doi\/abs\/10.1002\/acp.1716\" target=\"_blank\" rel=\"noreferrer noopener\">acessar o estudo completo<\/a>.<\/p>\n\n\n\n<p>Esse achado faz sentido dentro da Educa\u00e7\u00e3o Infantil. Ao desenhar, a crian\u00e7a mant\u00e9m o foco na experi\u00eancia, revisita detalhes e cria um apoio visual para a fala. Mem\u00f3ria e aprendizado passam a trabalhar juntas. O desenvolvimento cognitivo aparece justamente nesse encadeamento entre lembrar, representar, narrar e reorganizar a informa\u00e7\u00e3o com autonomia crescente.<\/p>\n\n\n\n<h2 class=\"wp-block-heading\">Quais pr\u00e1ticas ajudam a transformar o desenho em recurso pedag\u00f3gico real?<\/h2>\n\n\n\n<p>Desenho infantil rende mais quando entra na rotina com inten\u00e7\u00e3o clara. N\u00e3o basta oferecer folha e l\u00e1pis em momentos soltos. A proposta precisa dialogar com observa\u00e7\u00e3o, escuta, linguagem oral e registro da experi\u00eancia vivida pela turma.<\/p>\n\n\n\n<ul class=\"wp-block-list\">\n<li>pedir desenhos depois de hist\u00f3rias, experi\u00eancias ou passeios<\/li>\n\n\n\n<li>convidar a crian\u00e7a a explicar oralmente o que produziu<\/li>\n\n\n\n<li>retomar o desenho em outro dia para comparar lembran\u00e7as<\/li>\n\n\n\n<li>variar suportes, como papel grande, sulfite, prancheta e giz<\/li>\n\n\n\n<li>evitar modelos prontos que apagam autoria e criatividade<\/li>\n<\/ul>\n\n\n\n<p>Aprendizado se fortalece quando o professor observa mais do que corrige. Um desenho com poucos elementos pode revelar sele\u00e7\u00e3o inteligente de informa\u00e7\u00e3o. Outro, cheio de detalhes, pode indicar mem\u00f3ria visual apurada, vocabul\u00e1rio em expans\u00e3o e avan\u00e7o no desenvolvimento cognitivo. Em ambos os casos, o valor est\u00e1 no percurso que a crian\u00e7a constr\u00f3i.<\/p>\n\n\n\n<h2 class=\"wp-block-heading\">Frequ\u00eancia importa mesmo ou o efeito depende s\u00f3 de talento?<\/h2>\n\n\n\n<p>A frequ\u00eancia faz diferen\u00e7a porque desenhar \u00e9 pr\u00e1tica, n\u00e3o dom fixo. Quanto mais a crian\u00e7a desenha, mais exercita coordena\u00e7\u00e3o fina, aten\u00e7\u00e3o, planejamento, representa\u00e7\u00e3o simb\u00f3lica e recupera\u00e7\u00e3o de lembran\u00e7as. Criatividade tamb\u00e9m se desenvolve no uso recorrente dos materiais, na repeti\u00e7\u00e3o de temas e na liberdade para testar novas solu\u00e7\u00f5es gr\u00e1ficas.<\/p>\n\n\n\n<p>Na Educa\u00e7\u00e3o Infantil, isso muda a forma de olhar para o desenho infantil. Ele deixa de ser produto para mural e passa a ser ferramenta de avalia\u00e7\u00e3o sens\u00edvel do aprendizado, da mem\u00f3ria e do desenvolvimento cognitivo. Crian\u00e7as que desenham com const\u00e2ncia tendem a construir repert\u00f3rio visual mais amplo, narrativas mais organizadas e formas mais pr\u00f3prias de pensar, registrar e comunicar o que vivem.<\/p>\n","protected":false},"excerpt":{"rendered":"<p>Desenho infantil ocupa um lugar central na Educa\u00e7\u00e3o Infantil porque re\u00fane linguagem visual, coordena\u00e7\u00e3o motora, aten\u00e7\u00e3o e express\u00e3o simb\u00f3lica na mesma atividade. Quando a crian\u00e7a desenha com frequ\u00eancia, ela exercita mem\u00f3ria, organiza o pensamento, testa ideias e amplia o repert\u00f3rio usado no aprendizado, sem depender apenas da fala ou da c\u00f3pia. Por que o desenho [&hellip;]<\/p>\n","protected":false},"author":12,"featured_media":235221,"comment_status":"open","ping_status":"open","sticky":false,"template":"","format":"standard","meta":{"_yoast_wpseo_focuskw":"desenho infantil","_yoast_wpseo_title":"","_yoast_wpseo_metadesc":"Desenho infantil tem um papel que poucos consideram quando o assunto \u00e9 mem\u00f3ria e aprendizado, e a frequ\u00eancia dessa pr\u00e1tica muda mais do que parece","jnews-multi-image_gallery":[],"jnews_single_post":{"format":"standard"},"jnews_primary_category":[],"jnews_social_meta":[],"jnews_override_counter":[],"footnotes":""},"categories":[119],"tags":[3687,8138,2614,18183,8173,6293],"class_list":["post-235223","post","type-post","status-publish","format-standard","has-post-thumbnail","hentry","category-bem-estar","tag-aprendizado","tag-como-melhorar-a-memoria","tag-criatividade","tag-desenho-infantil","tag-desenvolvimento-cognitivo","tag-educacao-infantil"],"yoast_head":"<!-- This site is optimized with the Yoast SEO plugin v24.6 - https:\/\/yoast.com\/wordpress\/plugins\/seo\/ -->\n<title>Estudos cient\u00edficos mostram que crian\u00e7as que desenham com muita frequ\u00eancia desenvolvem melhor mem\u00f3ria e habilidades cognitivas de aprendizado - Correio Braziliense - Radar<\/title>\n<meta name=\"description\" content=\"Desenho infantil tem um papel que poucos consideram quando o assunto \u00e9 mem\u00f3ria e aprendizado, e a frequ\u00eancia dessa pr\u00e1tica muda mais do que parece\" \/>\n<meta name=\"robots\" content=\"index, follow, max-snippet:-1, max-image-preview:large, max-video-preview:-1\" \/>\n<link rel=\"canonical\" href=\"https:\/\/www.correiobraziliense.com.br\/cbradar\/estudos-cientificos-mostram-que-criancas-que-desenham-com-muita-frequencia-desenvolvem-melhor-memoria-e-habilidades-cognitivas-de-aprendizado\/\" \/>\n<meta property=\"og:locale\" content=\"pt_BR\" \/>\n<meta property=\"og:type\" content=\"article\" \/>\n<meta property=\"og:title\" content=\"Estudos cient\u00edficos mostram que crian\u00e7as que desenham com muita frequ\u00eancia desenvolvem melhor mem\u00f3ria e habilidades cognitivas de aprendizado - Correio Braziliense - Radar\" \/>\n<meta property=\"og:description\" content=\"Desenho infantil tem um papel que poucos consideram quando o assunto \u00e9 mem\u00f3ria e aprendizado, e a frequ\u00eancia dessa pr\u00e1tica muda mais do que parece\" \/>\n<meta property=\"og:url\" content=\"https:\/\/www.correiobraziliense.com.br\/cbradar\/estudos-cientificos-mostram-que-criancas-que-desenham-com-muita-frequencia-desenvolvem-melhor-memoria-e-habilidades-cognitivas-de-aprendizado\/\" \/>\n<meta property=\"og:site_name\" content=\"Correio Braziliense - Radar\" \/>\n<meta property=\"article:published_time\" content=\"2026-05-01T12:15:00+00:00\" \/>\n<meta property=\"og:image\" content=\"https:\/\/www.correiobraziliense.com.br\/cbradar\/wp-content\/uploads\/2026\/05\/estudos-cientificos-mostram-que-criancas-que-desenham-com-mu.jpg\" \/>\n\t<meta property=\"og:image:width\" content=\"1280\" \/>\n\t<meta property=\"og:image:height\" content=\"720\" \/>\n\t<meta property=\"og:image:type\" content=\"image\/jpeg\" \/>\n<meta name=\"author\" content=\"Gabriel Leme\" \/>\n<meta name=\"twitter:card\" content=\"summary_large_image\" \/>\n<meta name=\"twitter:label1\" content=\"Escrito por\" \/>\n\t<meta name=\"twitter:data1\" content=\"Gabriel Leme\" \/>\n\t<meta name=\"twitter:label2\" content=\"Est. tempo de leitura\" \/>\n\t<meta name=\"twitter:data2\" content=\"5 minutos\" \/>\n<!-- \/ Yoast SEO plugin. -->","yoast_head_json":{"title":"Estudos cient\u00edficos mostram que crian\u00e7as que desenham com muita frequ\u00eancia desenvolvem melhor mem\u00f3ria e habilidades cognitivas de aprendizado - Correio Braziliense - Radar","description":"Desenho infantil tem um papel que poucos consideram quando o assunto \u00e9 mem\u00f3ria e aprendizado, e a frequ\u00eancia dessa pr\u00e1tica muda mais do que parece","robots":{"index":"index","follow":"follow","max-snippet":"max-snippet:-1","max-image-preview":"max-image-preview:large","max-video-preview":"max-video-preview:-1"},"canonical":"https:\/\/www.correiobraziliense.com.br\/cbradar\/estudos-cientificos-mostram-que-criancas-que-desenham-com-muita-frequencia-desenvolvem-melhor-memoria-e-habilidades-cognitivas-de-aprendizado\/","og_locale":"pt_BR","og_type":"article","og_title":"Estudos cient\u00edficos mostram que crian\u00e7as que desenham com muita frequ\u00eancia desenvolvem melhor mem\u00f3ria e habilidades cognitivas de aprendizado - Correio Braziliense - Radar","og_description":"Desenho infantil tem um papel que poucos consideram quando o assunto \u00e9 mem\u00f3ria e aprendizado, e a frequ\u00eancia dessa pr\u00e1tica muda mais do que parece","og_url":"https:\/\/www.correiobraziliense.com.br\/cbradar\/estudos-cientificos-mostram-que-criancas-que-desenham-com-muita-frequencia-desenvolvem-melhor-memoria-e-habilidades-cognitivas-de-aprendizado\/","og_site_name":"Correio Braziliense - Radar","article_published_time":"2026-05-01T12:15:00+00:00","og_image":[{"width":1280,"height":720,"url":"https:\/\/www.correiobraziliense.com.br\/cbradar\/wp-content\/uploads\/2026\/05\/estudos-cientificos-mostram-que-criancas-que-desenham-com-mu.jpg","type":"image\/jpeg"}],"author":"Gabriel Leme","twitter_card":"summary_large_image","twitter_misc":{"Escrito por":"Gabriel Leme","Est. tempo de leitura":"5 minutos"},"schema":{"@context":"https:\/\/schema.org","@graph":[{"@type":"WebPage","@id":"https:\/\/www.correiobraziliense.com.br\/cbradar\/estudos-cientificos-mostram-que-criancas-que-desenham-com-muita-frequencia-desenvolvem-melhor-memoria-e-habilidades-cognitivas-de-aprendizado\/","url":"https:\/\/www.correiobraziliense.com.br\/cbradar\/estudos-cientificos-mostram-que-criancas-que-desenham-com-muita-frequencia-desenvolvem-melhor-memoria-e-habilidades-cognitivas-de-aprendizado\/","name":"Estudos cient\u00edficos mostram que crian\u00e7as que desenham com muita frequ\u00eancia desenvolvem melhor mem\u00f3ria e habilidades cognitivas de aprendizado - Correio Braziliense - Radar","isPartOf":{"@id":"https:\/\/www.correiobraziliense.com.br\/cbradar\/#website"},"primaryImageOfPage":{"@id":"https:\/\/www.correiobraziliense.com.br\/cbradar\/estudos-cientificos-mostram-que-criancas-que-desenham-com-muita-frequencia-desenvolvem-melhor-memoria-e-habilidades-cognitivas-de-aprendizado\/#primaryimage"},"image":{"@id":"https:\/\/www.correiobraziliense.com.br\/cbradar\/estudos-cientificos-mostram-que-criancas-que-desenham-com-muita-frequencia-desenvolvem-melhor-memoria-e-habilidades-cognitivas-de-aprendizado\/#primaryimage"},"thumbnailUrl":"https:\/\/www.correiobraziliense.com.br\/cbradar\/wp-content\/uploads\/2026\/05\/estudos-cientificos-mostram-que-criancas-que-desenham-com-mu.jpg","datePublished":"2026-05-01T12:15:00+00:00","author":{"@id":"https:\/\/www.correiobraziliense.com.br\/cbradar\/#\/schema\/person\/67a081d63a0fe55fb267145a7be2f7c1"},"description":"Desenho infantil tem um papel que poucos consideram quando o assunto \u00e9 mem\u00f3ria e aprendizado, e a frequ\u00eancia dessa pr\u00e1tica muda mais do que parece","breadcrumb":{"@id":"https:\/\/www.correiobraziliense.com.br\/cbradar\/estudos-cientificos-mostram-que-criancas-que-desenham-com-muita-frequencia-desenvolvem-melhor-memoria-e-habilidades-cognitivas-de-aprendizado\/#breadcrumb"},"inLanguage":"pt-BR","potentialAction":[{"@type":"ReadAction","target":["https:\/\/www.correiobraziliense.com.br\/cbradar\/estudos-cientificos-mostram-que-criancas-que-desenham-com-muita-frequencia-desenvolvem-melhor-memoria-e-habilidades-cognitivas-de-aprendizado\/"]}]},{"@type":"ImageObject","inLanguage":"pt-BR","@id":"https:\/\/www.correiobraziliense.com.br\/cbradar\/estudos-cientificos-mostram-que-criancas-que-desenham-com-muita-frequencia-desenvolvem-melhor-memoria-e-habilidades-cognitivas-de-aprendizado\/#primaryimage","url":"https:\/\/www.correiobraziliense.com.br\/cbradar\/wp-content\/uploads\/2026\/05\/estudos-cientificos-mostram-que-criancas-que-desenham-com-mu.jpg","contentUrl":"https:\/\/www.correiobraziliense.com.br\/cbradar\/wp-content\/uploads\/2026\/05\/estudos-cientificos-mostram-que-criancas-que-desenham-com-mu.jpg","width":1280,"height":720,"caption":"Desenho infantil fortalece mem\u00f3ria, aten\u00e7\u00e3o e aprendizado na Educa\u00e7\u00e3o Infantil."},{"@type":"BreadcrumbList","@id":"https:\/\/www.correiobraziliense.com.br\/cbradar\/estudos-cientificos-mostram-que-criancas-que-desenham-com-muita-frequencia-desenvolvem-melhor-memoria-e-habilidades-cognitivas-de-aprendizado\/#breadcrumb","itemListElement":[{"@type":"ListItem","position":1,"name":"In\u00edcio","item":"https:\/\/www.correiobraziliense.com.br\/cbradar\/"},{"@type":"ListItem","position":2,"name":"Estudos cient\u00edficos mostram que crian\u00e7as que desenham com muita frequ\u00eancia desenvolvem melhor mem\u00f3ria e habilidades cognitivas de aprendizado"}]},{"@type":"WebSite","@id":"https:\/\/www.correiobraziliense.com.br\/cbradar\/#website","url":"https:\/\/www.correiobraziliense.com.br\/cbradar\/","name":"Correio Braziliense - Radar","description":"Acompanhe as \u00faltimas not\u00edcias e fique bem informado sobre tudo o que acontece no Brasil e no mundo.","potentialAction":[{"@type":"SearchAction","target":{"@type":"EntryPoint","urlTemplate":"https:\/\/www.correiobraziliense.com.br\/cbradar\/?s={search_term_string}"},"query-input":{"@type":"PropertyValueSpecification","valueRequired":true,"valueName":"search_term_string"}}],"inLanguage":"pt-BR"},{"@type":"Person","@id":"https:\/\/www.correiobraziliense.com.br\/cbradar\/#\/schema\/person\/67a081d63a0fe55fb267145a7be2f7c1","name":"Gabriel Leme","image":{"@type":"ImageObject","inLanguage":"pt-BR","@id":"https:\/\/www.correiobraziliense.com.br\/cbradar\/#\/schema\/person\/image\/","url":"https:\/\/secure.gravatar.com\/avatar\/85bf2e3517d27149969b72412b460c20?s=96&d=mm&r=g","contentUrl":"https:\/\/secure.gravatar.com\/avatar\/85bf2e3517d27149969b72412b460c20?s=96&d=mm&r=g","caption":"Gabriel Leme"},"sameAs":["https:\/\/www.correiobraziliense.com.br\/"],"url":"https:\/\/www.correiobraziliense.com.br\/cbradar\/author\/gabrielmyth\/"}]}},"_links":{"self":[{"href":"https:\/\/www.correiobraziliense.com.br\/cbradar\/wp-json\/wp\/v2\/posts\/235223","targetHints":{"allow":["GET"]}}],"collection":[{"href":"https:\/\/www.correiobraziliense.com.br\/cbradar\/wp-json\/wp\/v2\/posts"}],"about":[{"href":"https:\/\/www.correiobraziliense.com.br\/cbradar\/wp-json\/wp\/v2\/types\/post"}],"author":[{"embeddable":true,"href":"https:\/\/www.correiobraziliense.com.br\/cbradar\/wp-json\/wp\/v2\/users\/12"}],"replies":[{"embeddable":true,"href":"https:\/\/www.correiobraziliense.com.br\/cbradar\/wp-json\/wp\/v2\/comments?post=235223"}],"version-history":[{"count":1,"href":"https:\/\/www.correiobraziliense.com.br\/cbradar\/wp-json\/wp\/v2\/posts\/235223\/revisions"}],"predecessor-version":[{"id":235240,"href":"https:\/\/www.correiobraziliense.com.br\/cbradar\/wp-json\/wp\/v2\/posts\/235223\/revisions\/235240"}],"wp:featuredmedia":[{"embeddable":true,"href":"https:\/\/www.correiobraziliense.com.br\/cbradar\/wp-json\/wp\/v2\/media\/235221"}],"wp:attachment":[{"href":"https:\/\/www.correiobraziliense.com.br\/cbradar\/wp-json\/wp\/v2\/media?parent=235223"}],"wp:term":[{"taxonomy":"category","embeddable":true,"href":"https:\/\/www.correiobraziliense.com.br\/cbradar\/wp-json\/wp\/v2\/categories?post=235223"},{"taxonomy":"post_tag","embeddable":true,"href":"https:\/\/www.correiobraziliense.com.br\/cbradar\/wp-json\/wp\/v2\/tags?post=235223"}],"curies":[{"name":"wp","href":"https:\/\/api.w.org\/{rel}","templated":true}]}}