{"id":235226,"date":"2026-05-01T09:35:00","date_gmt":"2026-05-01T12:35:00","guid":{"rendered":"https:\/\/www.correiobraziliense.com.br\/cbradar\/?p=235226"},"modified":"2026-05-01T07:02:14","modified_gmt":"2026-05-01T10:02:14","slug":"estudos-atuais-mostram-que-criancas-que-ajudavam-a-cuidar-diariamente-de-irmaos-mais-novos-estavam-desenvolvendo-o-que-hoje-e-chamado-de-empatia-avancada","status":"publish","type":"post","link":"https:\/\/www.correiobraziliense.com.br\/cbradar\/estudos-atuais-mostram-que-criancas-que-ajudavam-a-cuidar-diariamente-de-irmaos-mais-novos-estavam-desenvolvendo-o-que-hoje-e-chamado-de-empatia-avancada\/","title":{"rendered":"Estudos atuais mostram que crian\u00e7as que ajudavam a cuidar diariamente de irm\u00e3os mais novos estavam desenvolvendo o que hoje \u00e9 chamado de empatia avan\u00e7ada"},"content":{"rendered":"\n<p><strong>Cuidado fraterno<\/strong> costuma aparecer na rotina da casa antes mesmo de virar tema de reuni\u00e3o escolar. Quando uma crian\u00e7a ajuda o irm\u00e3o menor a guardar brinquedos, esperar a vez ou perceber o choro do outro, ela exercita empatia, v\u00ednculo e regula\u00e7\u00e3o afetiva. Na Educa\u00e7\u00e3o Infantil, esse tipo de intera\u00e7\u00e3o interessa porque toca diretamente o <strong>desenvolvimento emocional<\/strong>, a conviv\u00eancia e a constru\u00e7\u00e3o gradual de responsabilidade.<\/p>\n\n\n\n<h2 class=\"wp-block-heading\">Por que o cuidado entre irm\u00e3os chama aten\u00e7\u00e3o na Educa\u00e7\u00e3o Infantil?<\/h2>\n\n\n\n<p>Irm\u00e3os convivem em situa\u00e7\u00f5es repetidas de disputa, afeto, media\u00e7\u00e3o e coopera\u00e7\u00e3o. Esse contato frequente cria um campo rico para observar leitura de emo\u00e7\u00f5es, toler\u00e2ncia \u00e0 frustra\u00e7\u00e3o e resposta ao sofrimento do outro. Para a Educa\u00e7\u00e3o Infantil, isso importa porque habilidades socioemocionais nascem muito mais na pr\u00e1tica cotidiana do que em discursos abstratos.<\/p>\n\n\n\n<p>Quando o adulto orienta sem transformar a crian\u00e7a em miniadulto, o cuidado fraterno ganha valor pedag\u00f3gico. Ajudar a alcan\u00e7ar uma mamadeira, buscar a fralda, avisar que o beb\u00ea est\u00e1 desconfort\u00e1vel ou esperar o tempo do ca\u00e7ula s\u00e3o experi\u00eancias simples, mas cheias de pistas sobre escuta, aten\u00e7\u00e3o e autocontrole.<\/p>\n\n\n\n<h2 class=\"wp-block-heading\">Como a empatia aparece nessas pequenas tarefas do dia?<\/h2>\n\n\n\n<p>A empatia n\u00e3o surge apenas quando a crian\u00e7a consola algu\u00e9m chorando. Ela tamb\u00e9m aparece em gestos menores, como ajustar o tom de voz, dividir espa\u00e7o no sof\u00e1 ou perceber que o irm\u00e3o menor ainda n\u00e3o consegue fazer sozinho o que ela j\u00e1 domina. Esse repert\u00f3rio vai sendo refinado com repeti\u00e7\u00e3o, linguagem e exemplo dos adultos.<\/p>\n\n\n\n<p>Na pr\u00e1tica, alguns sinais costumam indicar avan\u00e7o nesse processo:<\/p>\n\n\n\n<ul class=\"wp-block-list\">\n<li>observar a rea\u00e7\u00e3o do irm\u00e3o antes de agir<\/li>\n\n\n\n<li>oferecer ajuda sem ordem imediata do adulto<\/li>\n\n\n\n<li>esperar a vez em brincadeiras com menos conflito<\/li>\n\n\n\n<li>adaptar a for\u00e7a, a fala e o ritmo ao mais novo<\/li>\n\n\n\n<li>demonstrar inc\u00f4modo ao ver o outro triste ou assustado<\/li>\n<\/ul>\n\n\n<div class=\"wp-block-image\">\n<figure class=\"aligncenter\"><img decoding=\"async\" src=\"https:\/\/www.correiobraziliense.com.br\/cbradar\/wp-content\/uploads\/2026\/05\/estudos-atuais-mostram-que-criancas-que-ajudavam-a-cuid-corpo.jpg\" alt=\"Pequenas ajudas entre irm\u00e3os estimulam leitura emocional e responsabilidade infantil.\"\/><figcaption class=\"wp-element-caption\">Pequenas ajudas entre irm\u00e3os estimulam leitura emocional e responsabilidade infantil.<\/figcaption><\/figure><\/div>\n\n\n<h2 class=\"wp-block-heading\">Responsabilidade infantil fortalece autonomia ou pesa cedo demais?<\/h2>\n\n\n\n<p><strong>Responsabilidade infantil<\/strong> \u00e9 saud\u00e1vel quando cabe no tamanho da inf\u00e2ncia. Em casa e na escola, isso significa propor participa\u00e7\u00e3o compat\u00edvel com idade, tempo curto e supervis\u00e3o constante. Uma crian\u00e7a pequena pode separar uma roupa, pegar um pano, avisar que o irm\u00e3o acordou ou levar um brinquedo seguro, mas n\u00e3o deve assumir fun\u00e7\u00f5es de adulto.<\/p>\n\n\n\n<p>Esse limite \u00e9 decisivo para que o aprendizado emocional n\u00e3o vire sobrecarga. Na Educa\u00e7\u00e3o Infantil, o foco est\u00e1 em participa\u00e7\u00e3o orientada, coopera\u00e7\u00e3o e no\u00e7\u00e3o de cuidado, n\u00e3o em cobran\u00e7a. A experi\u00eancia positiva costuma nascer quando a crian\u00e7a sente pertencimento \u00e0 rotina familiar, sem carregar culpa, medo ou excesso de obriga\u00e7\u00e3o.<\/p>\n\n\n\n<h2 class=\"wp-block-heading\">O que a pesquisa cient\u00edfica j\u00e1 observou sobre irm\u00e3os e empatia?<\/h2>\n\n\n\n<p>Esse ponto ganha for\u00e7a quando olhamos para pesquisas sobre conviv\u00eancia familiar. O contato di\u00e1rio entre irm\u00e3os n\u00e3o ensina apenas regras de partilha. Ele tamb\u00e9m cria oportunidades constantes de observar express\u00f5es faciais, interpretar desconforto e responder de forma pr\u00f3-social, habilidades que sustentam o desenvolvimento emocional ao longo da inf\u00e2ncia.<\/p>\n\n\n\n<p>Segundo o estudo <strong>The Development of Empathic Concern in Siblings: A Reciprocal Influence Model<\/strong>, publicado no peri\u00f3dico cient\u00edfico <strong>Child Development<\/strong>, irm\u00e3os mais novos e mais velhos influenciaram de forma rec\u00edproca o aumento da empatia ao longo de 18 meses, mesmo com controle de fatores como parentalidade e qualidade da rela\u00e7\u00e3o entre irm\u00e3os. A pesquisa acompanhou 452 fam\u00edlias e refor\u00e7ou que a conviv\u00eancia entre irm\u00e3os pode ampliar cuidado e sensibilidade social. Vale ler o artigo original em <a href=\"https:\/\/academic.oup.com\/chidev\/article\/90\/5\/1598\/8257344\" target=\"_blank\" rel=\"noopener noreferrer\">p\u00e1gina do estudo na Child Development<\/a>.<\/p>\n\n\n\n<h2 class=\"wp-block-heading\">Quais pr\u00e1ticas ajudam a transformar conviv\u00eancia em aprendizado socioemocional?<\/h2>\n\n\n\n<p>Nem toda conviv\u00eancia entre irm\u00e3os produz empatia de forma autom\u00e1tica. O ganho aparece mais quando o adulto nomeia emo\u00e7\u00f5es, organiza combinados e evita r\u00f3tulos como \u201co mais maduro\u201d ou \u201co ciumento\u201d. Na Educa\u00e7\u00e3o Infantil, o mesmo princ\u00edpio vale para a sala: a media\u00e7\u00e3o precisa ensinar leitura emocional, repara\u00e7\u00e3o e coopera\u00e7\u00e3o.<\/p>\n\n\n\n<p>Algumas atitudes favorecem esse percurso com mais consist\u00eancia:<\/p>\n\n\n\n<ul class=\"wp-block-list\">\n<li>narrar sentimentos, como medo, ci\u00fame, alegria e frustra\u00e7\u00e3o<\/li>\n\n\n\n<li>propor ajuda concreta e curta, adequada \u00e0 faixa et\u00e1ria<\/li>\n\n\n\n<li>evitar comparar irm\u00e3os em tarefas e comportamento<\/li>\n\n\n\n<li>elogiar gestos espec\u00edficos de cuidado, e n\u00e3o tra\u00e7os fixos de personalidade<\/li>\n\n\n\n<li>intervir em conflitos mostrando impacto da a\u00e7\u00e3o no outro<\/li>\n<\/ul>\n\n\n\n<h2 class=\"wp-block-heading\">O que pais e professores podem observar no desenvolvimento emocional?<\/h2>\n\n\n\n<p>Desenvolvimento emocional n\u00e3o se mede s\u00f3 por obedi\u00eancia ou calma. O que merece aten\u00e7\u00e3o \u00e9 a capacidade de reparar depois do conflito, pedir ajuda, reconhecer limites do corpo do outro e sustentar pequenas frustra\u00e7\u00f5es sem agress\u00e3o constante. Quando irm\u00e3os convivem com media\u00e7\u00e3o sens\u00edvel, essas compet\u00eancias aparecem em casa e tamb\u00e9m nas intera\u00e7\u00f5es da escola.<\/p>\n\n\n\n<p>Cuidado fraterno, empatia, irm\u00e3os e responsabilidade infantil formam um conjunto valioso para a Educa\u00e7\u00e3o Infantil porque mostram como a crian\u00e7a aprende a viver em grupo. O que come\u00e7a na rotina dom\u00e9stica, entre choro, brinquedo emprestado e ajuda supervisionada, pode sustentar repert\u00f3rios de escuta, coopera\u00e7\u00e3o e v\u00ednculo que fazem diferen\u00e7a na adapta\u00e7\u00e3o escolar e na vida coletiva.<\/p>\n","protected":false},"excerpt":{"rendered":"<p>Cuidado fraterno costuma aparecer na rotina da casa antes mesmo de virar tema de reuni\u00e3o escolar. Quando uma crian\u00e7a ajuda o irm\u00e3o menor a guardar brinquedos, esperar a vez ou perceber o choro do outro, ela exercita empatia, v\u00ednculo e regula\u00e7\u00e3o afetiva. Na Educa\u00e7\u00e3o Infantil, esse tipo de intera\u00e7\u00e3o interessa porque toca diretamente o desenvolvimento [&hellip;]<\/p>\n","protected":false},"author":12,"featured_media":235224,"comment_status":"open","ping_status":"open","sticky":false,"template":"","format":"standard","meta":{"_yoast_wpseo_focuskw":"cuidado fraterno","_yoast_wpseo_title":"","_yoast_wpseo_metadesc":"Cuidado fraterno tem um papel que poucos consideram na Educa\u00e7\u00e3o Infantil, e a rela\u00e7\u00e3o com a empatia infantil vai al\u00e9m do que parece em casa.","jnews-multi-image_gallery":[],"jnews_single_post":{"format":"standard"},"jnews_primary_category":[],"jnews_social_meta":[],"jnews_override_counter":[],"footnotes":""},"categories":[119],"tags":[18467,6292,6293,3686,14659,18468],"class_list":["post-235226","post","type-post","status-publish","format-standard","has-post-thumbnail","hentry","category-bem-estar","tag-cuidado-fraterno","tag-desenvolvimento-emocional","tag-educacao-infantil","tag-empatia","tag-irmaos","tag-responsabilidade-infantil"],"yoast_head":"<!-- This site is optimized with the Yoast SEO plugin v24.6 - https:\/\/yoast.com\/wordpress\/plugins\/seo\/ -->\n<title>Estudos atuais mostram que crian\u00e7as que ajudavam a cuidar diariamente de irm\u00e3os mais novos estavam desenvolvendo o que hoje \u00e9 chamado de empatia avan\u00e7ada - Correio Braziliense - Radar<\/title>\n<meta name=\"description\" content=\"Cuidado fraterno tem um papel que poucos consideram na Educa\u00e7\u00e3o Infantil, e a rela\u00e7\u00e3o com a empatia infantil vai al\u00e9m do que parece em casa.\" \/>\n<meta name=\"robots\" content=\"index, follow, max-snippet:-1, max-image-preview:large, max-video-preview:-1\" \/>\n<link rel=\"canonical\" href=\"https:\/\/www.correiobraziliense.com.br\/cbradar\/estudos-atuais-mostram-que-criancas-que-ajudavam-a-cuidar-diariamente-de-irmaos-mais-novos-estavam-desenvolvendo-o-que-hoje-e-chamado-de-empatia-avancada\/\" \/>\n<meta property=\"og:locale\" content=\"pt_BR\" \/>\n<meta property=\"og:type\" content=\"article\" \/>\n<meta property=\"og:title\" content=\"Estudos atuais mostram que crian\u00e7as que ajudavam a cuidar diariamente de irm\u00e3os mais novos estavam desenvolvendo o que hoje \u00e9 chamado de empatia avan\u00e7ada - Correio Braziliense - Radar\" \/>\n<meta property=\"og:description\" content=\"Cuidado fraterno tem um papel que poucos consideram na Educa\u00e7\u00e3o Infantil, e a rela\u00e7\u00e3o com a empatia infantil vai al\u00e9m do que parece em casa.\" \/>\n<meta property=\"og:url\" content=\"https:\/\/www.correiobraziliense.com.br\/cbradar\/estudos-atuais-mostram-que-criancas-que-ajudavam-a-cuidar-diariamente-de-irmaos-mais-novos-estavam-desenvolvendo-o-que-hoje-e-chamado-de-empatia-avancada\/\" \/>\n<meta property=\"og:site_name\" content=\"Correio Braziliense - Radar\" \/>\n<meta property=\"article:published_time\" content=\"2026-05-01T12:35:00+00:00\" \/>\n<meta property=\"og:image\" content=\"https:\/\/www.correiobraziliense.com.br\/cbradar\/wp-content\/uploads\/2026\/05\/estudos-atuais-mostram-que-criancas-que-ajudavam-a-cuidar-di.jpg\" \/>\n\t<meta property=\"og:image:width\" content=\"1280\" \/>\n\t<meta property=\"og:image:height\" content=\"720\" \/>\n\t<meta property=\"og:image:type\" content=\"image\/jpeg\" \/>\n<meta name=\"author\" content=\"Gabriel Leme\" \/>\n<meta name=\"twitter:card\" content=\"summary_large_image\" \/>\n<meta name=\"twitter:label1\" content=\"Escrito por\" \/>\n\t<meta name=\"twitter:data1\" content=\"Gabriel Leme\" \/>\n\t<meta name=\"twitter:label2\" content=\"Est. tempo de leitura\" \/>\n\t<meta name=\"twitter:data2\" content=\"5 minutos\" \/>\n<!-- \/ Yoast SEO plugin. -->","yoast_head_json":{"title":"Estudos atuais mostram que crian\u00e7as que ajudavam a cuidar diariamente de irm\u00e3os mais novos estavam desenvolvendo o que hoje \u00e9 chamado de empatia avan\u00e7ada - Correio Braziliense - Radar","description":"Cuidado fraterno tem um papel que poucos consideram na Educa\u00e7\u00e3o Infantil, e a rela\u00e7\u00e3o com a empatia infantil vai al\u00e9m do que parece em casa.","robots":{"index":"index","follow":"follow","max-snippet":"max-snippet:-1","max-image-preview":"max-image-preview:large","max-video-preview":"max-video-preview:-1"},"canonical":"https:\/\/www.correiobraziliense.com.br\/cbradar\/estudos-atuais-mostram-que-criancas-que-ajudavam-a-cuidar-diariamente-de-irmaos-mais-novos-estavam-desenvolvendo-o-que-hoje-e-chamado-de-empatia-avancada\/","og_locale":"pt_BR","og_type":"article","og_title":"Estudos atuais mostram que crian\u00e7as que ajudavam a cuidar diariamente de irm\u00e3os mais novos estavam desenvolvendo o que hoje \u00e9 chamado de empatia avan\u00e7ada - Correio Braziliense - Radar","og_description":"Cuidado fraterno tem um papel que poucos consideram na Educa\u00e7\u00e3o Infantil, e a rela\u00e7\u00e3o com a empatia infantil vai al\u00e9m do que parece em casa.","og_url":"https:\/\/www.correiobraziliense.com.br\/cbradar\/estudos-atuais-mostram-que-criancas-que-ajudavam-a-cuidar-diariamente-de-irmaos-mais-novos-estavam-desenvolvendo-o-que-hoje-e-chamado-de-empatia-avancada\/","og_site_name":"Correio Braziliense - Radar","article_published_time":"2026-05-01T12:35:00+00:00","og_image":[{"width":1280,"height":720,"url":"https:\/\/www.correiobraziliense.com.br\/cbradar\/wp-content\/uploads\/2026\/05\/estudos-atuais-mostram-que-criancas-que-ajudavam-a-cuidar-di.jpg","type":"image\/jpeg"}],"author":"Gabriel Leme","twitter_card":"summary_large_image","twitter_misc":{"Escrito por":"Gabriel Leme","Est. tempo de leitura":"5 minutos"},"schema":{"@context":"https:\/\/schema.org","@graph":[{"@type":"WebPage","@id":"https:\/\/www.correiobraziliense.com.br\/cbradar\/estudos-atuais-mostram-que-criancas-que-ajudavam-a-cuidar-diariamente-de-irmaos-mais-novos-estavam-desenvolvendo-o-que-hoje-e-chamado-de-empatia-avancada\/","url":"https:\/\/www.correiobraziliense.com.br\/cbradar\/estudos-atuais-mostram-que-criancas-que-ajudavam-a-cuidar-diariamente-de-irmaos-mais-novos-estavam-desenvolvendo-o-que-hoje-e-chamado-de-empatia-avancada\/","name":"Estudos atuais mostram que crian\u00e7as que ajudavam a cuidar diariamente de irm\u00e3os mais novos estavam desenvolvendo o que hoje \u00e9 chamado de empatia avan\u00e7ada - Correio Braziliense - Radar","isPartOf":{"@id":"https:\/\/www.correiobraziliense.com.br\/cbradar\/#website"},"primaryImageOfPage":{"@id":"https:\/\/www.correiobraziliense.com.br\/cbradar\/estudos-atuais-mostram-que-criancas-que-ajudavam-a-cuidar-diariamente-de-irmaos-mais-novos-estavam-desenvolvendo-o-que-hoje-e-chamado-de-empatia-avancada\/#primaryimage"},"image":{"@id":"https:\/\/www.correiobraziliense.com.br\/cbradar\/estudos-atuais-mostram-que-criancas-que-ajudavam-a-cuidar-diariamente-de-irmaos-mais-novos-estavam-desenvolvendo-o-que-hoje-e-chamado-de-empatia-avancada\/#primaryimage"},"thumbnailUrl":"https:\/\/www.correiobraziliense.com.br\/cbradar\/wp-content\/uploads\/2026\/05\/estudos-atuais-mostram-que-criancas-que-ajudavam-a-cuidar-di.jpg","datePublished":"2026-05-01T12:35:00+00:00","author":{"@id":"https:\/\/www.correiobraziliense.com.br\/cbradar\/#\/schema\/person\/67a081d63a0fe55fb267145a7be2f7c1"},"description":"Cuidado fraterno tem um papel que poucos consideram na Educa\u00e7\u00e3o Infantil, e a rela\u00e7\u00e3o com a empatia infantil vai al\u00e9m do que parece em casa.","breadcrumb":{"@id":"https:\/\/www.correiobraziliense.com.br\/cbradar\/estudos-atuais-mostram-que-criancas-que-ajudavam-a-cuidar-diariamente-de-irmaos-mais-novos-estavam-desenvolvendo-o-que-hoje-e-chamado-de-empatia-avancada\/#breadcrumb"},"inLanguage":"pt-BR","potentialAction":[{"@type":"ReadAction","target":["https:\/\/www.correiobraziliense.com.br\/cbradar\/estudos-atuais-mostram-que-criancas-que-ajudavam-a-cuidar-diariamente-de-irmaos-mais-novos-estavam-desenvolvendo-o-que-hoje-e-chamado-de-empatia-avancada\/"]}]},{"@type":"ImageObject","inLanguage":"pt-BR","@id":"https:\/\/www.correiobraziliense.com.br\/cbradar\/estudos-atuais-mostram-que-criancas-que-ajudavam-a-cuidar-diariamente-de-irmaos-mais-novos-estavam-desenvolvendo-o-que-hoje-e-chamado-de-empatia-avancada\/#primaryimage","url":"https:\/\/www.correiobraziliense.com.br\/cbradar\/wp-content\/uploads\/2026\/05\/estudos-atuais-mostram-que-criancas-que-ajudavam-a-cuidar-di.jpg","contentUrl":"https:\/\/www.correiobraziliense.com.br\/cbradar\/wp-content\/uploads\/2026\/05\/estudos-atuais-mostram-que-criancas-que-ajudavam-a-cuidar-di.jpg","width":1280,"height":720,"caption":"Cuidado fraterno na rotina fortalece empatia e coopera\u00e7\u00e3o na inf\u00e2ncia."},{"@type":"BreadcrumbList","@id":"https:\/\/www.correiobraziliense.com.br\/cbradar\/estudos-atuais-mostram-que-criancas-que-ajudavam-a-cuidar-diariamente-de-irmaos-mais-novos-estavam-desenvolvendo-o-que-hoje-e-chamado-de-empatia-avancada\/#breadcrumb","itemListElement":[{"@type":"ListItem","position":1,"name":"In\u00edcio","item":"https:\/\/www.correiobraziliense.com.br\/cbradar\/"},{"@type":"ListItem","position":2,"name":"Estudos atuais mostram que crian\u00e7as que ajudavam a cuidar diariamente de irm\u00e3os mais novos estavam desenvolvendo o que hoje \u00e9 chamado de empatia avan\u00e7ada"}]},{"@type":"WebSite","@id":"https:\/\/www.correiobraziliense.com.br\/cbradar\/#website","url":"https:\/\/www.correiobraziliense.com.br\/cbradar\/","name":"Correio Braziliense - Radar","description":"Acompanhe as \u00faltimas not\u00edcias e fique bem informado sobre tudo o que acontece no Brasil e no mundo.","potentialAction":[{"@type":"SearchAction","target":{"@type":"EntryPoint","urlTemplate":"https:\/\/www.correiobraziliense.com.br\/cbradar\/?s={search_term_string}"},"query-input":{"@type":"PropertyValueSpecification","valueRequired":true,"valueName":"search_term_string"}}],"inLanguage":"pt-BR"},{"@type":"Person","@id":"https:\/\/www.correiobraziliense.com.br\/cbradar\/#\/schema\/person\/67a081d63a0fe55fb267145a7be2f7c1","name":"Gabriel Leme","image":{"@type":"ImageObject","inLanguage":"pt-BR","@id":"https:\/\/www.correiobraziliense.com.br\/cbradar\/#\/schema\/person\/image\/","url":"https:\/\/secure.gravatar.com\/avatar\/85bf2e3517d27149969b72412b460c20?s=96&d=mm&r=g","contentUrl":"https:\/\/secure.gravatar.com\/avatar\/85bf2e3517d27149969b72412b460c20?s=96&d=mm&r=g","caption":"Gabriel Leme"},"sameAs":["https:\/\/www.correiobraziliense.com.br\/"],"url":"https:\/\/www.correiobraziliense.com.br\/cbradar\/author\/gabrielmyth\/"}]}},"_links":{"self":[{"href":"https:\/\/www.correiobraziliense.com.br\/cbradar\/wp-json\/wp\/v2\/posts\/235226","targetHints":{"allow":["GET"]}}],"collection":[{"href":"https:\/\/www.correiobraziliense.com.br\/cbradar\/wp-json\/wp\/v2\/posts"}],"about":[{"href":"https:\/\/www.correiobraziliense.com.br\/cbradar\/wp-json\/wp\/v2\/types\/post"}],"author":[{"embeddable":true,"href":"https:\/\/www.correiobraziliense.com.br\/cbradar\/wp-json\/wp\/v2\/users\/12"}],"replies":[{"embeddable":true,"href":"https:\/\/www.correiobraziliense.com.br\/cbradar\/wp-json\/wp\/v2\/comments?post=235226"}],"version-history":[{"count":1,"href":"https:\/\/www.correiobraziliense.com.br\/cbradar\/wp-json\/wp\/v2\/posts\/235226\/revisions"}],"predecessor-version":[{"id":235241,"href":"https:\/\/www.correiobraziliense.com.br\/cbradar\/wp-json\/wp\/v2\/posts\/235226\/revisions\/235241"}],"wp:featuredmedia":[{"embeddable":true,"href":"https:\/\/www.correiobraziliense.com.br\/cbradar\/wp-json\/wp\/v2\/media\/235224"}],"wp:attachment":[{"href":"https:\/\/www.correiobraziliense.com.br\/cbradar\/wp-json\/wp\/v2\/media?parent=235226"}],"wp:term":[{"taxonomy":"category","embeddable":true,"href":"https:\/\/www.correiobraziliense.com.br\/cbradar\/wp-json\/wp\/v2\/categories?post=235226"},{"taxonomy":"post_tag","embeddable":true,"href":"https:\/\/www.correiobraziliense.com.br\/cbradar\/wp-json\/wp\/v2\/tags?post=235226"}],"curies":[{"name":"wp","href":"https:\/\/api.w.org\/{rel}","templated":true}]}}