{"id":235229,"date":"2026-05-01T10:35:00","date_gmt":"2026-05-01T13:35:00","guid":{"rendered":"https:\/\/www.correiobraziliense.com.br\/cbradar\/?p=235229"},"modified":"2026-05-01T07:02:57","modified_gmt":"2026-05-01T10:02:57","slug":"de-acordo-com-estudos-recentes-os-pais-de-hoje-estao-criando-uma-nova-geracao-de-criancas-mimadas","status":"publish","type":"post","link":"https:\/\/www.correiobraziliense.com.br\/cbradar\/de-acordo-com-estudos-recentes-os-pais-de-hoje-estao-criando-uma-nova-geracao-de-criancas-mimadas\/","title":{"rendered":"De acordo com estudos recentes, os pais de hoje est\u00e3o criando uma nova gera\u00e7\u00e3o de crian\u00e7as mimadas"},"content":{"rendered":"\n<p><strong>Paternidade moderna<\/strong> virou um tema central na educa\u00e7\u00e3o infantil porque mudou a forma de lidar com frustra\u00e7\u00e3o, rotina e autonomia. Em muitas casas, a inten\u00e7\u00e3o de proteger e acolher acaba reduzindo os limites educacionais, o que interfere no comportamento infantil e alimenta a percep\u00e7\u00e3o de crian\u00e7as mimadas j\u00e1 nos primeiros anos da cria\u00e7\u00e3o de filhos.<\/p>\n\n\n\n<h2 class=\"wp-block-heading\">Por que a paternidade moderna tem tanta dificuldade com o \u201cn\u00e3o\u201d?<\/h2>\n\n\n\n<p>Paternidade moderna costuma rejeitar modelos autorit\u00e1rios, o que \u00e9 um avan\u00e7o importante. O problema aparece quando afeto passa a significar aus\u00eancia de regra, negocia\u00e7\u00e3o infinita ou medo constante de desagradar. Na pr\u00e1tica, a crian\u00e7a testa bordas, insiste mais, tolera menos espera e aprende que o adulto recua diante do choro, da birra ou da culpa.<\/p>\n\n\n\n<p>Na cria\u00e7\u00e3o de filhos, isso nem sempre nasce de permissividade pura. Muitas fam\u00edlias convivem com jornadas longas, pouco tempo de conviv\u00eancia e excesso de compensa\u00e7\u00f5es materiais. Esse arranjo muda o comportamento infantil porque troca consist\u00eancia por concess\u00f5es r\u00e1pidas, especialmente na hora de dormir, comer, guardar brinquedos ou aceitar frustra\u00e7\u00f5es simples.<\/p>\n\n\n\n<h2 class=\"wp-block-heading\">Quais sinais aparecem no comportamento infantil?<\/h2>\n\n\n\n<p>Comportamento infantil desorganizado n\u00e3o significa, por si s\u00f3, falta de educa\u00e7\u00e3o. A diferen\u00e7a est\u00e1 na frequ\u00eancia e na resposta adulta. Quando a crian\u00e7a percebe que insistir funciona, o padr\u00e3o tende a se repetir em casa, na escola e em atividades coletivas.<\/p>\n\n\n\n<p>Alguns sinais merecem aten\u00e7\u00e3o na educa\u00e7\u00e3o infantil:<\/p>\n\n\n\n<ul class=\"wp-block-list\">\n<li>dificuldade intensa para ouvir negativas<\/li>\n\n\n\n<li>baixa toler\u00e2ncia a esperar a pr\u00f3pria vez<\/li>\n\n\n\n<li>resist\u00eancia exagerada a regras simples da rotina<\/li>\n\n\n\n<li>explos\u00f5es frequentes diante de frustra\u00e7\u00e3o pequena<\/li>\n\n\n\n<li>depend\u00eancia excessiva do adulto para tarefas compat\u00edveis com a idade<\/li>\n<\/ul>\n\n\n<div class=\"wp-block-image\">\n<figure class=\"aligncenter\"><img decoding=\"async\" src=\"https:\/\/www.correiobraziliense.com.br\/cbradar\/wp-content\/uploads\/2026\/05\/de-acordo-com-estudos-recentes-os-pais-de-hoje-estao-cr-corpo.jpg\" alt=\"Rotina e consequ\u00eancia simples fortalecem autonomia e comportamento infantil mais cooperativo.\"\/><figcaption class=\"wp-element-caption\">Rotina e consequ\u00eancia simples fortalecem autonomia e comportamento infantil mais cooperativo.<\/figcaption><\/figure><\/div>\n\n\n<h2 class=\"wp-block-heading\">Falta de limite produz mesmo crian\u00e7as mimadas?<\/h2>\n\n\n\n<p>Limites educacionais n\u00e3o servem apenas para controlar condutas. Eles organizam previsibilidade, seguran\u00e7a e no\u00e7\u00e3o de conviv\u00eancia. Uma crian\u00e7a que sabe o que acontece depois do banho, do jantar e do hor\u00e1rio de tela tende a negociar menos por impulso, porque a rotina j\u00e1 funciona como refer\u00eancia concreta.<\/p>\n\n\n\n<p>Quando esses contornos desaparecem, o termo <strong>crian\u00e7as mimadas<\/strong> ganha for\u00e7a no senso comum. S\u00f3 que, do ponto de vista t\u00e9cnico, o quadro envolve mais do que mimo. H\u00e1 dificuldade de autorregula\u00e7\u00e3o, menor treino de espera e pouca experi\u00eancia com consequ\u00eancias compat\u00edveis com a idade. Sem esse treino, a cria\u00e7\u00e3o de filhos fica mais reativa e a escola costuma perceber o impacto cedo.<\/p>\n\n\n\n<h2 class=\"wp-block-heading\">O que os estudos recentes mostram sobre superprote\u00e7\u00e3o e indulg\u00eancia?<\/h2>\n\n\n\n<p>Esse debate ficou mais consistente porque a pesquisa come\u00e7ou a medir indulg\u00eancia e superprote\u00e7\u00e3o de modo mais preciso. Segundo o estudo <a href=\"https:\/\/pubmed.ncbi.nlm.nih.gov\/36980007\/\" target=\"_blank\" rel=\"noopener noreferrer\">Indulgent Parenting and the Psychological Well-Being of Adolescents and Their Parents<\/a>, publicado no peri\u00f3dico cient\u00edfico <strong>Children<\/strong>, a parentalidade indulgente na adolesc\u00eancia esteve associada a mais problemas de bem-estar psicol\u00f3gico em filhos e pais. Embora o foco do artigo esteja em adolescentes, a l\u00f3gica interessa \u00e0 educa\u00e7\u00e3o infantil porque mostra um efeito cumulativo de pr\u00e1ticas permissivas mantidas ao longo do desenvolvimento.<\/p>\n\n\n\n<p>Na mesma dire\u00e7\u00e3o, a revis\u00e3o sistem\u00e1tica <a href=\"https:\/\/pubmed.ncbi.nlm.nih.gov\/35927065\/\" target=\"_blank\" rel=\"noopener noreferrer\">Overprotective parenting experiences and early maladaptive schemas in adolescence and adulthood<\/a>, publicada em <strong>Cognitive Behaviour Therapy<\/strong>, reuniu evid\u00eancias de que a superprote\u00e7\u00e3o parental se relaciona a esquemas desadaptativos precoces. Em termos pr\u00e1ticos, isso refor\u00e7a a ideia de que comportamento infantil precisa de acolhimento, mas tamb\u00e9m de espa\u00e7o para experimentar erro, espera, esfor\u00e7o e responsabilidade cotidiana.<\/p>\n\n\n\n<h2 class=\"wp-block-heading\">Como estabelecer limites educacionais sem voltar ao autoritarismo?<\/h2>\n\n\n\n<p>Limites educacionais funcionam melhor quando s\u00e3o claros, repet\u00edveis e proporcionais. Grito, amea\u00e7a e humilha\u00e7\u00e3o n\u00e3o ensinam autocontrole. O que ensina \u00e9 uma combina\u00e7\u00e3o de regra curta, consequ\u00eancia previs\u00edvel e presen\u00e7a adulta est\u00e1vel.<\/p>\n\n\n\n<p>Na rotina da cria\u00e7\u00e3o de filhos, alguns ajustes costumam ajudar:<\/p>\n\n\n\n<ul class=\"wp-block-list\">\n<li>dar instru\u00e7\u00f5es objetivas, uma por vez<\/li>\n\n\n\n<li>manter combinados iguais entre os cuidadores<\/li>\n\n\n\n<li>evitar negociar tudo em momento de crise<\/li>\n\n\n\n<li>usar consequ\u00eancias imediatas e relacionadas ao comportamento<\/li>\n\n\n\n<li>valorizar esfor\u00e7o, coopera\u00e7\u00e3o e autonomia, n\u00e3o s\u00f3 desempenho<\/li>\n<\/ul>\n\n\n\n<h2 class=\"wp-block-heading\">Qual \u00e9 o ponto de equil\u00edbrio na cria\u00e7\u00e3o de filhos hoje?<\/h2>\n\n\n\n<p>Cria\u00e7\u00e3o de filhos saud\u00e1vel n\u00e3o pede dureza constante nem disponibilidade sem fronteira. O ponto de equil\u00edbrio aparece quando o adulto acolhe a emo\u00e7\u00e3o, mas n\u00e3o entrega o comando da casa \u00e0 emo\u00e7\u00e3o da crian\u00e7a. Isso vale para consumo, telas, alimenta\u00e7\u00e3o, sono, conviv\u00eancia com colegas e participa\u00e7\u00e3o em tarefas simples.<\/p>\n\n\n\n<p>Paternidade moderna, quando bem ajustada, oferece v\u00ednculo, escuta e rotina com dire\u00e7\u00e3o. Na educa\u00e7\u00e3o infantil, esse trio reduz conflitos repetitivos, fortalece autonomia e organiza um comportamento infantil mais cooperativo. Crian\u00e7as mimadas n\u00e3o surgem apenas do excesso de carinho, surgem com mais frequ\u00eancia quando o afeto deixa de caminhar junto com limites educacionais consistentes.<\/p>\n","protected":false},"excerpt":{"rendered":"<p>Paternidade moderna virou um tema central na educa\u00e7\u00e3o infantil porque mudou a forma de lidar com frustra\u00e7\u00e3o, rotina e autonomia. Em muitas casas, a inten\u00e7\u00e3o de proteger e acolher acaba reduzindo os limites educacionais, o que interfere no comportamento infantil e alimenta a percep\u00e7\u00e3o de crian\u00e7as mimadas j\u00e1 nos primeiros anos da cria\u00e7\u00e3o de filhos. [&hellip;]<\/p>\n","protected":false},"author":12,"featured_media":235227,"comment_status":"open","ping_status":"open","sticky":false,"template":"","format":"standard","meta":{"_yoast_wpseo_focuskw":"paternidade moderna","_yoast_wpseo_title":"","_yoast_wpseo_metadesc":"Paternidade moderna mudou o jeito de impor limites, e um detalhe pouco discutido ajuda a explicar por que tantas crian\u00e7as parecem reagir da mesma forma","jnews-multi-image_gallery":[],"jnews_single_post":{"format":"standard"},"jnews_primary_category":[],"jnews_social_meta":[],"jnews_override_counter":[],"footnotes":""},"categories":[119],"tags":[18471,18470,17594,6293,18472,18469],"class_list":["post-235229","post","type-post","status-publish","format-standard","has-post-thumbnail","hentry","category-bem-estar","tag-comportamento-infantil","tag-criacao-de-filhos","tag-criancas-mimadas","tag-educacao-infantil","tag-limites-educacionais","tag-paternidade-moderna"],"yoast_head":"<!-- This site is optimized with the Yoast SEO plugin v24.6 - https:\/\/yoast.com\/wordpress\/plugins\/seo\/ -->\n<title>De acordo com estudos recentes, os pais de hoje est\u00e3o criando uma nova gera\u00e7\u00e3o de crian\u00e7as mimadas - Correio Braziliense - Radar<\/title>\n<meta name=\"description\" content=\"Paternidade moderna mudou o jeito de impor limites, e um detalhe pouco discutido ajuda a explicar por que tantas crian\u00e7as parecem reagir da mesma forma\" \/>\n<meta name=\"robots\" content=\"index, follow, max-snippet:-1, max-image-preview:large, max-video-preview:-1\" \/>\n<link rel=\"canonical\" href=\"https:\/\/www.correiobraziliense.com.br\/cbradar\/de-acordo-com-estudos-recentes-os-pais-de-hoje-estao-criando-uma-nova-geracao-de-criancas-mimadas\/\" \/>\n<meta property=\"og:locale\" content=\"pt_BR\" \/>\n<meta property=\"og:type\" content=\"article\" \/>\n<meta property=\"og:title\" content=\"De acordo com estudos recentes, os pais de hoje est\u00e3o criando uma nova gera\u00e7\u00e3o de crian\u00e7as mimadas - Correio Braziliense - Radar\" \/>\n<meta property=\"og:description\" content=\"Paternidade moderna mudou o jeito de impor limites, e um detalhe pouco discutido ajuda a explicar por que tantas crian\u00e7as parecem reagir da mesma forma\" \/>\n<meta property=\"og:url\" content=\"https:\/\/www.correiobraziliense.com.br\/cbradar\/de-acordo-com-estudos-recentes-os-pais-de-hoje-estao-criando-uma-nova-geracao-de-criancas-mimadas\/\" \/>\n<meta property=\"og:site_name\" content=\"Correio Braziliense - Radar\" \/>\n<meta property=\"article:published_time\" content=\"2026-05-01T13:35:00+00:00\" \/>\n<meta property=\"og:image\" content=\"https:\/\/www.correiobraziliense.com.br\/cbradar\/wp-content\/uploads\/2026\/05\/de-acordo-com-estudos-recentes-os-pais-de-hoje-estao-criando.jpg\" \/>\n\t<meta property=\"og:image:width\" content=\"1280\" \/>\n\t<meta property=\"og:image:height\" content=\"720\" \/>\n\t<meta property=\"og:image:type\" content=\"image\/jpeg\" \/>\n<meta name=\"author\" content=\"Gabriel Leme\" \/>\n<meta name=\"twitter:card\" content=\"summary_large_image\" \/>\n<meta name=\"twitter:label1\" content=\"Escrito por\" \/>\n\t<meta name=\"twitter:data1\" content=\"Gabriel Leme\" \/>\n\t<meta name=\"twitter:label2\" content=\"Est. tempo de leitura\" \/>\n\t<meta name=\"twitter:data2\" content=\"5 minutos\" \/>\n<!-- \/ Yoast SEO plugin. -->","yoast_head_json":{"title":"De acordo com estudos recentes, os pais de hoje est\u00e3o criando uma nova gera\u00e7\u00e3o de crian\u00e7as mimadas - Correio Braziliense - Radar","description":"Paternidade moderna mudou o jeito de impor limites, e um detalhe pouco discutido ajuda a explicar por que tantas crian\u00e7as parecem reagir da mesma forma","robots":{"index":"index","follow":"follow","max-snippet":"max-snippet:-1","max-image-preview":"max-image-preview:large","max-video-preview":"max-video-preview:-1"},"canonical":"https:\/\/www.correiobraziliense.com.br\/cbradar\/de-acordo-com-estudos-recentes-os-pais-de-hoje-estao-criando-uma-nova-geracao-de-criancas-mimadas\/","og_locale":"pt_BR","og_type":"article","og_title":"De acordo com estudos recentes, os pais de hoje est\u00e3o criando uma nova gera\u00e7\u00e3o de crian\u00e7as mimadas - Correio Braziliense - Radar","og_description":"Paternidade moderna mudou o jeito de impor limites, e um detalhe pouco discutido ajuda a explicar por que tantas crian\u00e7as parecem reagir da mesma forma","og_url":"https:\/\/www.correiobraziliense.com.br\/cbradar\/de-acordo-com-estudos-recentes-os-pais-de-hoje-estao-criando-uma-nova-geracao-de-criancas-mimadas\/","og_site_name":"Correio Braziliense - Radar","article_published_time":"2026-05-01T13:35:00+00:00","og_image":[{"width":1280,"height":720,"url":"https:\/\/www.correiobraziliense.com.br\/cbradar\/wp-content\/uploads\/2026\/05\/de-acordo-com-estudos-recentes-os-pais-de-hoje-estao-criando.jpg","type":"image\/jpeg"}],"author":"Gabriel Leme","twitter_card":"summary_large_image","twitter_misc":{"Escrito por":"Gabriel Leme","Est. tempo de leitura":"5 minutos"},"schema":{"@context":"https:\/\/schema.org","@graph":[{"@type":"WebPage","@id":"https:\/\/www.correiobraziliense.com.br\/cbradar\/de-acordo-com-estudos-recentes-os-pais-de-hoje-estao-criando-uma-nova-geracao-de-criancas-mimadas\/","url":"https:\/\/www.correiobraziliense.com.br\/cbradar\/de-acordo-com-estudos-recentes-os-pais-de-hoje-estao-criando-uma-nova-geracao-de-criancas-mimadas\/","name":"De acordo com estudos recentes, os pais de hoje est\u00e3o criando uma nova gera\u00e7\u00e3o de crian\u00e7as mimadas - Correio Braziliense - Radar","isPartOf":{"@id":"https:\/\/www.correiobraziliense.com.br\/cbradar\/#website"},"primaryImageOfPage":{"@id":"https:\/\/www.correiobraziliense.com.br\/cbradar\/de-acordo-com-estudos-recentes-os-pais-de-hoje-estao-criando-uma-nova-geracao-de-criancas-mimadas\/#primaryimage"},"image":{"@id":"https:\/\/www.correiobraziliense.com.br\/cbradar\/de-acordo-com-estudos-recentes-os-pais-de-hoje-estao-criando-uma-nova-geracao-de-criancas-mimadas\/#primaryimage"},"thumbnailUrl":"https:\/\/www.correiobraziliense.com.br\/cbradar\/wp-content\/uploads\/2026\/05\/de-acordo-com-estudos-recentes-os-pais-de-hoje-estao-criando.jpg","datePublished":"2026-05-01T13:35:00+00:00","author":{"@id":"https:\/\/www.correiobraziliense.com.br\/cbradar\/#\/schema\/person\/67a081d63a0fe55fb267145a7be2f7c1"},"description":"Paternidade moderna mudou o jeito de impor limites, e um detalhe pouco discutido ajuda a explicar por que tantas crian\u00e7as parecem reagir da mesma forma","breadcrumb":{"@id":"https:\/\/www.correiobraziliense.com.br\/cbradar\/de-acordo-com-estudos-recentes-os-pais-de-hoje-estao-criando-uma-nova-geracao-de-criancas-mimadas\/#breadcrumb"},"inLanguage":"pt-BR","potentialAction":[{"@type":"ReadAction","target":["https:\/\/www.correiobraziliense.com.br\/cbradar\/de-acordo-com-estudos-recentes-os-pais-de-hoje-estao-criando-uma-nova-geracao-de-criancas-mimadas\/"]}]},{"@type":"ImageObject","inLanguage":"pt-BR","@id":"https:\/\/www.correiobraziliense.com.br\/cbradar\/de-acordo-com-estudos-recentes-os-pais-de-hoje-estao-criando-uma-nova-geracao-de-criancas-mimadas\/#primaryimage","url":"https:\/\/www.correiobraziliense.com.br\/cbradar\/wp-content\/uploads\/2026\/05\/de-acordo-com-estudos-recentes-os-pais-de-hoje-estao-criando.jpg","contentUrl":"https:\/\/www.correiobraziliense.com.br\/cbradar\/wp-content\/uploads\/2026\/05\/de-acordo-com-estudos-recentes-os-pais-de-hoje-estao-criando.jpg","width":1280,"height":720,"caption":"Limites com acolhimento ajudam a organizar a paternidade moderna no cotidiano."},{"@type":"BreadcrumbList","@id":"https:\/\/www.correiobraziliense.com.br\/cbradar\/de-acordo-com-estudos-recentes-os-pais-de-hoje-estao-criando-uma-nova-geracao-de-criancas-mimadas\/#breadcrumb","itemListElement":[{"@type":"ListItem","position":1,"name":"In\u00edcio","item":"https:\/\/www.correiobraziliense.com.br\/cbradar\/"},{"@type":"ListItem","position":2,"name":"De acordo com estudos recentes, os pais de hoje est\u00e3o criando uma nova gera\u00e7\u00e3o de crian\u00e7as mimadas"}]},{"@type":"WebSite","@id":"https:\/\/www.correiobraziliense.com.br\/cbradar\/#website","url":"https:\/\/www.correiobraziliense.com.br\/cbradar\/","name":"Correio Braziliense - Radar","description":"Acompanhe as \u00faltimas not\u00edcias e fique bem informado sobre tudo o que acontece no Brasil e no mundo.","potentialAction":[{"@type":"SearchAction","target":{"@type":"EntryPoint","urlTemplate":"https:\/\/www.correiobraziliense.com.br\/cbradar\/?s={search_term_string}"},"query-input":{"@type":"PropertyValueSpecification","valueRequired":true,"valueName":"search_term_string"}}],"inLanguage":"pt-BR"},{"@type":"Person","@id":"https:\/\/www.correiobraziliense.com.br\/cbradar\/#\/schema\/person\/67a081d63a0fe55fb267145a7be2f7c1","name":"Gabriel Leme","image":{"@type":"ImageObject","inLanguage":"pt-BR","@id":"https:\/\/www.correiobraziliense.com.br\/cbradar\/#\/schema\/person\/image\/","url":"https:\/\/secure.gravatar.com\/avatar\/85bf2e3517d27149969b72412b460c20?s=96&d=mm&r=g","contentUrl":"https:\/\/secure.gravatar.com\/avatar\/85bf2e3517d27149969b72412b460c20?s=96&d=mm&r=g","caption":"Gabriel Leme"},"sameAs":["https:\/\/www.correiobraziliense.com.br\/"],"url":"https:\/\/www.correiobraziliense.com.br\/cbradar\/author\/gabrielmyth\/"}]}},"_links":{"self":[{"href":"https:\/\/www.correiobraziliense.com.br\/cbradar\/wp-json\/wp\/v2\/posts\/235229","targetHints":{"allow":["GET"]}}],"collection":[{"href":"https:\/\/www.correiobraziliense.com.br\/cbradar\/wp-json\/wp\/v2\/posts"}],"about":[{"href":"https:\/\/www.correiobraziliense.com.br\/cbradar\/wp-json\/wp\/v2\/types\/post"}],"author":[{"embeddable":true,"href":"https:\/\/www.correiobraziliense.com.br\/cbradar\/wp-json\/wp\/v2\/users\/12"}],"replies":[{"embeddable":true,"href":"https:\/\/www.correiobraziliense.com.br\/cbradar\/wp-json\/wp\/v2\/comments?post=235229"}],"version-history":[{"count":1,"href":"https:\/\/www.correiobraziliense.com.br\/cbradar\/wp-json\/wp\/v2\/posts\/235229\/revisions"}],"predecessor-version":[{"id":235242,"href":"https:\/\/www.correiobraziliense.com.br\/cbradar\/wp-json\/wp\/v2\/posts\/235229\/revisions\/235242"}],"wp:featuredmedia":[{"embeddable":true,"href":"https:\/\/www.correiobraziliense.com.br\/cbradar\/wp-json\/wp\/v2\/media\/235227"}],"wp:attachment":[{"href":"https:\/\/www.correiobraziliense.com.br\/cbradar\/wp-json\/wp\/v2\/media?parent=235229"}],"wp:term":[{"taxonomy":"category","embeddable":true,"href":"https:\/\/www.correiobraziliense.com.br\/cbradar\/wp-json\/wp\/v2\/categories?post=235229"},{"taxonomy":"post_tag","embeddable":true,"href":"https:\/\/www.correiobraziliense.com.br\/cbradar\/wp-json\/wp\/v2\/tags?post=235229"}],"curies":[{"name":"wp","href":"https:\/\/api.w.org\/{rel}","templated":true}]}}