{"id":235243,"date":"2026-05-01T10:09:00","date_gmt":"2026-05-01T13:09:00","guid":{"rendered":"https:\/\/www.correiobraziliense.com.br\/cbradar\/?p=235243"},"modified":"2026-05-01T07:26:40","modified_gmt":"2026-05-01T10:26:40","slug":"o-que-o-consumo-de-creatina-faz-no-cerebro-e-na-sua-concentracao","status":"publish","type":"post","link":"https:\/\/www.correiobraziliense.com.br\/cbradar\/o-que-o-consumo-de-creatina-faz-no-cerebro-e-na-sua-concentracao\/","title":{"rendered":"O que o consumo de creatina faz no c\u00e9rebro e na sua concentra\u00e7\u00e3o"},"content":{"rendered":"\n<p>Famosa por inflar m\u00fasculos pesados nas academias, a <strong>creatina no c\u00e9rebro<\/strong> atua de forma silenciosa e profunda como um combust\u00edvel cognitivo. Ao fornecer energia limpa e r\u00e1pida para as nossas c\u00e9lulas neurais, esse suplemento protege as membranas, combate a fadiga di\u00e1ria e sustenta o foco nas tarefas intelectuais.<\/p>\n\n\n\n<h2 class=\"wp-block-heading\">Como essa subst\u00e2ncia gera energia para os neur\u00f4nios?<\/h2>\n\n\n\n<p>O corpo humano armazena mol\u00e9culas essenciais para manter o funcionamento impec\u00e1vel do sistema nervoso central. Sempre que voc\u00ea executa atividades anal\u00edticas ou c\u00e1lculos abstratos, os seus neur\u00f4nios queimam uma quantidade massiva de combust\u00edvel biol\u00f3gico e precisam de reposi\u00e7\u00e3o instant\u00e2nea para n\u00e3o falhar.<\/p>\n\n\n\n<p>A m\u00e1gica acontece quando o composto org\u00e2nico fornece mol\u00e9culas de fosfato para reciclar rapidamente o <strong>ATP<\/strong> celular. Dados cl\u00ednicos analisados pelo <strong><a href=\"https:\/\/pmc.ncbi.nlm.nih.gov\/articles\/PMC10647179\/\" target=\"_blank\" rel=\"noreferrer noopener\">National Institutes of Health<\/a> <\/strong>demonstram que essa generosa reserva energ\u00e9tica consegue bloquear a estafa cognitiva em momentos de forte tens\u00e3o profissional.<\/p>\n\n\n<div class=\"wp-block-image\">\n<figure class=\"aligncenter size-full\"><img decoding=\"async\" width=\"1280\" height=\"720\" src=\"https:\/\/www.correiobraziliense.com.br\/cbradar\/wp-content\/uploads\/2026\/04\/IMAGEM_720p_1776595246272.jpg\" alt=\"Como a creatina atua no c\u00e9rebro, melhorando foco, mem\u00f3ria e energia mental\" class=\"wp-image-228289\" srcset=\"https:\/\/www.correiobraziliense.com.br\/cbradar\/wp-content\/uploads\/2026\/04\/IMAGEM_720p_1776595246272.jpg 1280w, https:\/\/www.correiobraziliense.com.br\/cbradar\/wp-content\/uploads\/2026\/04\/IMAGEM_720p_1776595246272-300x169.jpg 300w, https:\/\/www.correiobraziliense.com.br\/cbradar\/wp-content\/uploads\/2026\/04\/IMAGEM_720p_1776595246272-768x432.jpg 768w, https:\/\/www.correiobraziliense.com.br\/cbradar\/wp-content\/uploads\/2026\/04\/IMAGEM_720p_1776595246272-750x422.jpg 750w, https:\/\/www.correiobraziliense.com.br\/cbradar\/wp-content\/uploads\/2026\/04\/IMAGEM_720p_1776595246272-1140x641.jpg 1140w\" sizes=\"(max-width: 1280px) 100vw, 1280px\" \/><figcaption class=\"wp-element-caption\">Como a creatina atua no c\u00e9rebro, melhorando foco, mem\u00f3ria e energia mental<\/figcaption><\/figure><\/div>\n\n\n<h2 class=\"wp-block-heading\">Quais s\u00e3o os benef\u00edcios reais para a mem\u00f3ria de curto prazo?<\/h2>\n\n\n\n<p>O racioc\u00ednio \u00e1gil depende primordialmente de uma ampla rede neural bem alimentada o dia todo. O uso ininterrupto deste recurso org\u00e2nico potencializa muito a sua capacidade de reter dados tempor\u00e1rios, um mecanismo fisiol\u00f3gico determinante para os profissionais que tomam decis\u00f5es dif\u00edceis o tempo todo.<\/p>\n\n\n\n<p>Volunt\u00e1rios submetidos a provas matem\u00e1ticas rigorosas sempre apresentam menos quedas bruscas de desempenho mental. O aumento cont\u00ednuo da oxigena\u00e7\u00e3o permite que o pensamento investigativo se mantenha firme e afiado, sem que ocorra aquela t\u00edpica dispers\u00e3o visual do meio da tarde no escrit\u00f3rio.<\/p>\n\n\n\n<p>Leia tamb\u00e9m: <a href=\"https:\/\/www.correiobraziliense.com.br\/cbradar\/as-pessoas-mais-pacientes-costumam-nascer-nesses-3-meses-segundo-estudos\/\" target=\"_blank\" rel=\"noreferrer noopener\">As pessoas mais pacientes costumam nascer nesses 3 meses, segundo estudos<\/a><\/p>\n\n\n\n<h3 class=\"wp-block-heading\">A rela\u00e7\u00e3o direta com o aprendizado complexo<\/h3>\n\n\n\n<p>Absorver um idioma estrangeiro ou dominar completamente uma linguagem de programa\u00e7\u00e3o exige a r\u00e1pida cria\u00e7\u00e3o de dezenas de novas conex\u00f5es sin\u00e1pticas. O suprimento elevado de <strong>fosfocreatina<\/strong> garante a plasticidade cerebral m\u00ednima necess\u00e1ria para consolidar todas as informa\u00e7\u00f5es in\u00e9ditas absorvidas nas aulas te\u00f3ricas.<\/p>\n\n\n\n<p>Universit\u00e1rios e concurseiros relatam uma mudan\u00e7a profunda na fixa\u00e7\u00e3o de conte\u00fados densos. Uma estrutura cerebral super-hidratada processa grandes volumes de texto simultaneamente e arquiva os conceitos de maneira bastante l\u00f3gica, reduzindo muito o tempo gasto com infinitas releituras de uma mesma p\u00e1gina.<\/p>\n\n\n\n<h2 class=\"wp-block-heading\">O suplemento ajuda a reduzir o cansa\u00e7o mental no trabalho?<\/h2>\n\n\n\n<p>A restri\u00e7\u00e3o severa de sono destr\u00f3i silenciosamente a produtividade de qualquer pessoa economicamente ativa. Felizmente, essa interven\u00e7\u00e3o nutricional funciona como uma verdadeira barreira f\u00edsica contra o terr\u00edvel decl\u00ednio intelectual engatilhado pelas noites maldormidas, prazos apertados e picos de estresse da vida moderna corporativa.<\/p>\n\n\n\n<p>O abastecimento constante do <a href=\"https:\/\/pt.wikipedia.org\/wiki\/C%C3%B3rtex_pr%C3%A9-frontal\" target=\"_blank\" rel=\"noreferrer noopener\">c\u00f3rtex pr\u00e9-frontal<\/a> entrega recompensas claras para quem ocupa cargos de grande responsabilidade corporativa. Analise os impactos pr\u00e1ticos mais frequentemente relatados durante os longos expedientes urbanos:<\/p>\n\n\n\n<ul class=\"wp-block-list\">\n<li>Capacidade de filtrar distra\u00e7\u00f5es sonoras em ambientes de trabalho agitados.<\/li>\n\n\n\n<li>Diminui\u00e7\u00e3o dr\u00e1stica daquela t\u00edpica confus\u00e3o mental vespertina.<\/li>\n\n\n\n<li>Transi\u00e7\u00e3o suave e perfeitamente coerente entre assuntos totalmente distintos.<\/li>\n\n\n\n<li>Manuten\u00e7\u00e3o da paci\u00eancia diplom\u00e1tica durante reuni\u00f5es longas e improdutivas.<\/li>\n<\/ul>\n\n\n\n<h2 class=\"wp-block-heading\">Qual \u00e9 a dosagem segura para focar nos ganhos cognitivos?<\/h2>\n\n\n\n<p>A quantidade di\u00e1ria ideal para blindar o tecido neurol\u00f3gico imita perfeitamente as orienta\u00e7\u00f5es cl\u00e1ssicas destinadas \u00e0 hipertrofia est\u00e9tica. Profissionais da sa\u00fade recomendam o consumo ininterrupto do p\u00f3 branco, independentemente da sua atual assiduidade na academia ou em atividades aer\u00f3bicas pesadas no parque.<\/p>\n\n\n\n<p>Doses brandas variando entre <strong>3 e 5 gramas<\/strong> a cada vinte e quatro horas s\u00e3o capazes de saturar os estoques neurol\u00f3gicos progressivamente. Al\u00e9m disso, o alto consumo disciplinado de \u00e1gua pura potencializa vigorosamente a absor\u00e7\u00e3o gastrointestinal das mol\u00e9culas desse suplemento.<\/p>\n\n\n\n<h3 class=\"wp-block-heading\">O impacto biol\u00f3gico do uso cont\u00ednuo a longo prazo<\/h3>\n\n\n\n<p>Os benef\u00edcios terap\u00eauticos extrapolam bastante a simples manuten\u00e7\u00e3o do rendimento financeiro moment\u00e2neo. A perman\u00eancia est\u00e1vel da subst\u00e2ncia na corrente sangu\u00ednea retarda o envelhecimento estrutural cr\u00f4nico e combate agressivamente a morte precoce das c\u00e9lulas mais refinadas e insubstitu\u00edveis do nosso organismo.<\/p>\n\n\n\n<p>Muitos m\u00e9dicos atualizados recomendam essa abordagem como uma via profil\u00e1tica acess\u00edvel e altamente promissora. Evitar os terr\u00edveis apag\u00f5es de pensamento agora \u00e9 o alicerce fundamental para garantir uma aposentadoria com lucidez total e elevada autonomia locomotora no futuro.<\/p>\n\n\n\n<p>No v\u00eddeo a seguir, o<strong><em> Dr. Jos\u00e9 Bento<\/em><\/strong>, com mais de 1 milh\u00e3o de inscritos, fala um pouco sobre o consumo de creatina:<\/p>\n\n\n\n<blockquote class=\"instagram-media\" data-instgrm-captioned data-instgrm-permalink=\"https:\/\/www.instagram.com\/reel\/DLHa8O5sBZk\/?utm_source=ig_embed&amp;utm_campaign=loading\" data-instgrm-version=\"14\" style=\" background:#FFF; border:0; border-radius:3px; box-shadow:0 0 1px 0 rgba(0,0,0,0.5),0 1px 10px 0 rgba(0,0,0,0.15); margin: 1px; max-width:540px; min-width:326px; padding:0; width:99.375%; width:-webkit-calc(100% - 2px); width:calc(100% - 2px);\"><div style=\"padding:16px;\"> <a href=\"https:\/\/www.instagram.com\/reel\/DLHa8O5sBZk\/?utm_source=ig_embed&amp;utm_campaign=loading\" style=\" background:#FFFFFF; line-height:0; padding:0 0; text-align:center; text-decoration:none; width:100%;\" target=\"_blank\"> <div style=\" display: flex; flex-direction: row; align-items: center;\"> <div style=\"background-color: #F4F4F4; border-radius: 50%; flex-grow: 0; height: 40px; margin-right: 14px; width: 40px;\"><\/div> <div style=\"display: flex; flex-direction: column; flex-grow: 1; justify-content: center;\"> <div style=\" background-color: #F4F4F4; border-radius: 4px; flex-grow: 0; height: 14px; margin-bottom: 6px; width: 100px;\"><\/div> <div style=\" background-color: #F4F4F4; border-radius: 4px; flex-grow: 0; height: 14px; width: 60px;\"><\/div><\/div><\/div><div style=\"padding: 19% 0;\"><\/div> <div style=\"display:block; height:50px; margin:0 auto 12px; width:50px;\"><svg width=\"50px\" height=\"50px\" viewBox=\"0 0 60 60\" version=\"1.1\" xmlns=\"https:\/\/www.w3.org\/2000\/svg\" xmlns:xlink=\"https:\/\/www.w3.org\/1999\/xlink\"><g stroke=\"none\" stroke-width=\"1\" fill=\"none\" fill-rule=\"evenodd\"><g transform=\"translate(-511.000000, -20.000000)\" fill=\"#000000\"><g><path d=\"M556.869,30.41 C554.814,30.41 553.148,32.076 553.148,34.131 C553.148,36.186 554.814,37.852 556.869,37.852 C558.924,37.852 560.59,36.186 560.59,34.131 C560.59,32.076 558.924,30.41 556.869,30.41 M541,60.657 C535.114,60.657 530.342,55.887 530.342,50 C530.342,44.114 535.114,39.342 541,39.342 C546.887,39.342 551.658,44.114 551.658,50 C551.658,55.887 546.887,60.657 541,60.657 M541,33.886 C532.1,33.886 524.886,41.1 524.886,50 C524.886,58.899 532.1,66.113 541,66.113 C549.9,66.113 557.115,58.899 557.115,50 C557.115,41.1 549.9,33.886 541,33.886 M565.378,62.101 C565.244,65.022 564.756,66.606 564.346,67.663 C563.803,69.06 563.154,70.057 562.106,71.106 C561.058,72.155 560.06,72.803 558.662,73.347 C557.607,73.757 556.021,74.244 553.102,74.378 C549.944,74.521 548.997,74.552 541,74.552 C533.003,74.552 532.056,74.521 528.898,74.378 C525.979,74.244 524.393,73.757 523.338,73.347 C521.94,72.803 520.942,72.155 519.894,71.106 C518.846,70.057 518.197,69.06 517.654,67.663 C517.244,66.606 516.755,65.022 516.623,62.101 C516.479,58.943 516.448,57.996 516.448,50 C516.448,42.003 516.479,41.056 516.623,37.899 C516.755,34.978 517.244,33.391 517.654,32.338 C518.197,30.938 518.846,29.942 519.894,28.894 C520.942,27.846 521.94,27.196 523.338,26.654 C524.393,26.244 525.979,25.756 528.898,25.623 C532.057,25.479 533.004,25.448 541,25.448 C548.997,25.448 549.943,25.479 553.102,25.623 C556.021,25.756 557.607,26.244 558.662,26.654 C560.06,27.196 561.058,27.846 562.106,28.894 C563.154,29.942 563.803,30.938 564.346,32.338 C564.756,33.391 565.244,34.978 565.378,37.899 C565.522,41.056 565.552,42.003 565.552,50 C565.552,57.996 565.522,58.943 565.378,62.101 M570.82,37.631 C570.674,34.438 570.167,32.258 569.425,30.349 C568.659,28.377 567.633,26.702 565.965,25.035 C564.297,23.368 562.623,22.342 560.652,21.575 C558.743,20.834 556.562,20.326 553.369,20.18 C550.169,20.033 549.148,20 541,20 C532.853,20 531.831,20.033 528.631,20.18 C525.438,20.326 523.257,20.834 521.349,21.575 C519.376,22.342 517.703,23.368 516.035,25.035 C514.368,26.702 513.342,28.377 512.574,30.349 C511.834,32.258 511.326,34.438 511.181,37.631 C511.035,40.831 511,41.851 511,50 C511,58.147 511.035,59.17 511.181,62.369 C511.326,65.562 511.834,67.743 512.574,69.651 C513.342,71.625 514.368,73.296 516.035,74.965 C517.703,76.634 519.376,77.658 521.349,78.425 C523.257,79.167 525.438,79.673 528.631,79.82 C531.831,79.965 532.853,80.001 541,80.001 C549.148,80.001 550.169,79.965 553.369,79.82 C556.562,79.673 558.743,79.167 560.652,78.425 C562.623,77.658 564.297,76.634 565.965,74.965 C567.633,73.296 568.659,71.625 569.425,69.651 C570.167,67.743 570.674,65.562 570.82,62.369 C570.966,59.17 571,58.147 571,50 C571,41.851 570.966,40.831 570.82,37.631\"><\/path><\/g><\/g><\/g><\/svg><\/div><div style=\"padding-top: 8px;\"> <div style=\" color:#3897f0; font-family:Arial,sans-serif; font-size:14px; font-style:normal; font-weight:550; line-height:18px;\">Ver essa foto no Instagram<\/div><\/div><div style=\"padding: 12.5% 0;\"><\/div> <div style=\"display: flex; flex-direction: row; margin-bottom: 14px; align-items: center;\"><div> <div style=\"background-color: #F4F4F4; border-radius: 50%; height: 12.5px; width: 12.5px; transform: translateX(0px) translateY(7px);\"><\/div> <div style=\"background-color: #F4F4F4; height: 12.5px; transform: rotate(-45deg) translateX(3px) translateY(1px); width: 12.5px; flex-grow: 0; margin-right: 14px; margin-left: 2px;\"><\/div> <div style=\"background-color: #F4F4F4; border-radius: 50%; height: 12.5px; width: 12.5px; transform: translateX(9px) translateY(-18px);\"><\/div><\/div><div style=\"margin-left: 8px;\"> <div style=\" background-color: #F4F4F4; border-radius: 50%; flex-grow: 0; height: 20px; width: 20px;\"><\/div> <div style=\" width: 0; height: 0; border-top: 2px solid transparent; border-left: 6px solid #f4f4f4; border-bottom: 2px solid transparent; transform: translateX(16px) translateY(-4px) rotate(30deg)\"><\/div><\/div><div style=\"margin-left: auto;\"> <div style=\" width: 0px; border-top: 8px solid #F4F4F4; border-right: 8px solid transparent; transform: translateY(16px);\"><\/div> <div style=\" background-color: #F4F4F4; flex-grow: 0; height: 12px; width: 16px; transform: translateY(-4px);\"><\/div> <div style=\" width: 0; height: 0; border-top: 8px solid #F4F4F4; border-left: 8px solid transparent; transform: translateY(-4px) translateX(8px);\"><\/div><\/div><\/div> <div style=\"display: flex; flex-direction: column; flex-grow: 1; justify-content: center; margin-bottom: 24px;\"> <div style=\" background-color: #F4F4F4; border-radius: 4px; flex-grow: 0; height: 14px; margin-bottom: 6px; width: 224px;\"><\/div> <div style=\" background-color: #F4F4F4; border-radius: 4px; flex-grow: 0; height: 14px; width: 144px;\"><\/div><\/div><\/a><p style=\" color:#c9c8cd; font-family:Arial,sans-serif; font-size:14px; line-height:17px; margin-bottom:0; margin-top:8px; overflow:hidden; padding:8px 0 7px; text-align:center; text-overflow:ellipsis; white-space:nowrap;\"><a href=\"https:\/\/www.instagram.com\/reel\/DLHa8O5sBZk\/?utm_source=ig_embed&amp;utm_campaign=loading\" style=\" color:#c9c8cd; font-family:Arial,sans-serif; font-size:14px; font-style:normal; font-weight:normal; line-height:17px; text-decoration:none;\" target=\"_blank\">Um post compartilhado por Dr. Jose\u0301 Bento (@josebento)<\/a><\/p><\/div><\/blockquote>\n<script async src=\"\/\/www.instagram.com\/embed.js\"><\/script>\n\n\n\n<h2 class=\"wp-block-heading\">Quem apresenta os maiores ganhos neurol\u00f3gicos com a suplementa\u00e7\u00e3o?<\/h2>\n\n\n\n<p>Pessoas que aboliram o consumo regular de prote\u00ednas animais, como os dedicados vegetarianos, experimentam saltos ps\u00edquicos not\u00e1veis logo nas semanas iniciais de ado\u00e7\u00e3o. Como eles costumam lidar com uma grave escassez end\u00f3gena desse nutriente b\u00e1sico, o p\u00f3 industrializado atua devolvendo o total equil\u00edbrio org\u00e2nico extinto.<\/p>\n\n\n\n<p>Paralelamente, idosos e aposentados utilizam amplamente essa mesma estrat\u00e9gia simples para amenizar confus\u00f5es temporais leves e proteger o arcabou\u00e7o musculoesquel\u00e9tico. Incorporar o sabor neutro da mistura matinal demanda persist\u00eancia real, por\u00e9m a for\u00e7a mental inteiramente restaurada paga cada centavo do baixo investimento financeiro.<\/p>\n","protected":false},"excerpt":{"rendered":"<p>Famosa por inflar m\u00fasculos pesados nas academias, a creatina no c\u00e9rebro atua de forma silenciosa e profunda como um combust\u00edvel cognitivo. Ao fornecer energia limpa e r\u00e1pida para as nossas c\u00e9lulas neurais, esse suplemento protege as membranas, combate a fadiga di\u00e1ria e sustenta o foco nas tarefas intelectuais. Como essa subst\u00e2ncia gera energia para os [&hellip;]<\/p>\n","protected":false},"author":11,"featured_media":228288,"comment_status":"open","ping_status":"open","sticky":false,"template":"","format":"standard","meta":{"_yoast_wpseo_focuskw":"creatina no c\u00e9rebro","_yoast_wpseo_title":"","_yoast_wpseo_metadesc":"O desgaste mental atrapalha completamente o seu crescimento profissional. Avalie como um simples suplemento org\u00e2nico otimiza a energia dos seus neur\u00f4nios.","jnews-multi-image_gallery":[],"jnews_single_post":{"format":"standard"},"jnews_primary_category":[],"jnews_social_meta":[],"jnews_override_counter":[],"footnotes":""},"categories":[119],"tags":[6396,1616,1318,1380],"class_list":["post-235243","post","type-post","status-publish","format-standard","has-post-thumbnail","hentry","category-bem-estar","tag-cognicao","tag-memoria","tag-saude-2","tag-suplementos"],"yoast_head":"<!-- This site is optimized with the Yoast SEO plugin v24.6 - https:\/\/yoast.com\/wordpress\/plugins\/seo\/ -->\n<title>O que o consumo de creatina faz no c\u00e9rebro e na sua concentra\u00e7\u00e3o - Correio Braziliense - Radar<\/title>\n<meta name=\"description\" content=\"O desgaste mental atrapalha completamente o seu crescimento profissional. Avalie como um simples suplemento org\u00e2nico otimiza a energia dos seus neur\u00f4nios.\" \/>\n<meta name=\"robots\" content=\"index, follow, max-snippet:-1, max-image-preview:large, max-video-preview:-1\" \/>\n<link rel=\"canonical\" href=\"https:\/\/www.correiobraziliense.com.br\/cbradar\/o-que-o-consumo-de-creatina-faz-no-cerebro-e-na-sua-concentracao\/\" \/>\n<meta property=\"og:locale\" content=\"pt_BR\" \/>\n<meta property=\"og:type\" content=\"article\" \/>\n<meta property=\"og:title\" content=\"O que o consumo de creatina faz no c\u00e9rebro e na sua concentra\u00e7\u00e3o - Correio Braziliense - Radar\" \/>\n<meta property=\"og:description\" content=\"O desgaste mental atrapalha completamente o seu crescimento profissional. Avalie como um simples suplemento org\u00e2nico otimiza a energia dos seus neur\u00f4nios.\" \/>\n<meta property=\"og:url\" content=\"https:\/\/www.correiobraziliense.com.br\/cbradar\/o-que-o-consumo-de-creatina-faz-no-cerebro-e-na-sua-concentracao\/\" \/>\n<meta property=\"og:site_name\" content=\"Correio Braziliense - Radar\" \/>\n<meta property=\"article:published_time\" content=\"2026-05-01T13:09:00+00:00\" \/>\n<meta property=\"og:image\" content=\"https:\/\/www.correiobraziliense.com.br\/cbradar\/wp-content\/uploads\/2026\/04\/IMAGEM_720p_1776595328956.jpg\" \/>\n\t<meta property=\"og:image:width\" content=\"1280\" \/>\n\t<meta property=\"og:image:height\" content=\"720\" \/>\n\t<meta property=\"og:image:type\" content=\"image\/jpeg\" \/>\n<meta name=\"author\" content=\"Paulo Custodio\" \/>\n<meta name=\"twitter:card\" content=\"summary_large_image\" \/>\n<meta name=\"twitter:label1\" content=\"Escrito por\" \/>\n\t<meta name=\"twitter:data1\" content=\"Paulo Custodio\" \/>\n\t<meta name=\"twitter:label2\" content=\"Est. tempo de leitura\" \/>\n\t<meta name=\"twitter:data2\" content=\"5 minutos\" \/>\n<!-- \/ Yoast SEO plugin. -->","yoast_head_json":{"title":"O que o consumo de creatina faz no c\u00e9rebro e na sua concentra\u00e7\u00e3o - Correio Braziliense - Radar","description":"O desgaste mental atrapalha completamente o seu crescimento profissional. Avalie como um simples suplemento org\u00e2nico otimiza a energia dos seus neur\u00f4nios.","robots":{"index":"index","follow":"follow","max-snippet":"max-snippet:-1","max-image-preview":"max-image-preview:large","max-video-preview":"max-video-preview:-1"},"canonical":"https:\/\/www.correiobraziliense.com.br\/cbradar\/o-que-o-consumo-de-creatina-faz-no-cerebro-e-na-sua-concentracao\/","og_locale":"pt_BR","og_type":"article","og_title":"O que o consumo de creatina faz no c\u00e9rebro e na sua concentra\u00e7\u00e3o - Correio Braziliense - Radar","og_description":"O desgaste mental atrapalha completamente o seu crescimento profissional. Avalie como um simples suplemento org\u00e2nico otimiza a energia dos seus neur\u00f4nios.","og_url":"https:\/\/www.correiobraziliense.com.br\/cbradar\/o-que-o-consumo-de-creatina-faz-no-cerebro-e-na-sua-concentracao\/","og_site_name":"Correio Braziliense - Radar","article_published_time":"2026-05-01T13:09:00+00:00","og_image":[{"width":1280,"height":720,"url":"https:\/\/www.correiobraziliense.com.br\/cbradar\/wp-content\/uploads\/2026\/04\/IMAGEM_720p_1776595328956.jpg","type":"image\/jpeg"}],"author":"Paulo Custodio","twitter_card":"summary_large_image","twitter_misc":{"Escrito por":"Paulo Custodio","Est. tempo de leitura":"5 minutos"},"schema":{"@context":"https:\/\/schema.org","@graph":[{"@type":"WebPage","@id":"https:\/\/www.correiobraziliense.com.br\/cbradar\/o-que-o-consumo-de-creatina-faz-no-cerebro-e-na-sua-concentracao\/","url":"https:\/\/www.correiobraziliense.com.br\/cbradar\/o-que-o-consumo-de-creatina-faz-no-cerebro-e-na-sua-concentracao\/","name":"O que o consumo de creatina faz no c\u00e9rebro e na sua concentra\u00e7\u00e3o - Correio Braziliense - Radar","isPartOf":{"@id":"https:\/\/www.correiobraziliense.com.br\/cbradar\/#website"},"primaryImageOfPage":{"@id":"https:\/\/www.correiobraziliense.com.br\/cbradar\/o-que-o-consumo-de-creatina-faz-no-cerebro-e-na-sua-concentracao\/#primaryimage"},"image":{"@id":"https:\/\/www.correiobraziliense.com.br\/cbradar\/o-que-o-consumo-de-creatina-faz-no-cerebro-e-na-sua-concentracao\/#primaryimage"},"thumbnailUrl":"https:\/\/www.correiobraziliense.com.br\/cbradar\/wp-content\/uploads\/2026\/04\/IMAGEM_720p_1776595328956.jpg","datePublished":"2026-05-01T13:09:00+00:00","author":{"@id":"https:\/\/www.correiobraziliense.com.br\/cbradar\/#\/schema\/person\/4cec7857301a9a1a2ef249893cd908d3"},"description":"O desgaste mental atrapalha completamente o seu crescimento profissional. Avalie como um simples suplemento org\u00e2nico otimiza a energia dos seus neur\u00f4nios.","breadcrumb":{"@id":"https:\/\/www.correiobraziliense.com.br\/cbradar\/o-que-o-consumo-de-creatina-faz-no-cerebro-e-na-sua-concentracao\/#breadcrumb"},"inLanguage":"pt-BR","potentialAction":[{"@type":"ReadAction","target":["https:\/\/www.correiobraziliense.com.br\/cbradar\/o-que-o-consumo-de-creatina-faz-no-cerebro-e-na-sua-concentracao\/"]}]},{"@type":"ImageObject","inLanguage":"pt-BR","@id":"https:\/\/www.correiobraziliense.com.br\/cbradar\/o-que-o-consumo-de-creatina-faz-no-cerebro-e-na-sua-concentracao\/#primaryimage","url":"https:\/\/www.correiobraziliense.com.br\/cbradar\/wp-content\/uploads\/2026\/04\/IMAGEM_720p_1776595328956.jpg","contentUrl":"https:\/\/www.correiobraziliense.com.br\/cbradar\/wp-content\/uploads\/2026\/04\/IMAGEM_720p_1776595328956.jpg","width":1280,"height":720,"caption":"Como a creatina atua no c\u00e9rebro, melhorando foco, mem\u00f3ria e energia mental"},{"@type":"BreadcrumbList","@id":"https:\/\/www.correiobraziliense.com.br\/cbradar\/o-que-o-consumo-de-creatina-faz-no-cerebro-e-na-sua-concentracao\/#breadcrumb","itemListElement":[{"@type":"ListItem","position":1,"name":"In\u00edcio","item":"https:\/\/www.correiobraziliense.com.br\/cbradar\/"},{"@type":"ListItem","position":2,"name":"O que o consumo de creatina faz no c\u00e9rebro e na sua concentra\u00e7\u00e3o"}]},{"@type":"WebSite","@id":"https:\/\/www.correiobraziliense.com.br\/cbradar\/#website","url":"https:\/\/www.correiobraziliense.com.br\/cbradar\/","name":"Correio Braziliense - Radar","description":"Acompanhe as \u00faltimas not\u00edcias e fique bem informado sobre tudo o que acontece no Brasil e no mundo.","potentialAction":[{"@type":"SearchAction","target":{"@type":"EntryPoint","urlTemplate":"https:\/\/www.correiobraziliense.com.br\/cbradar\/?s={search_term_string}"},"query-input":{"@type":"PropertyValueSpecification","valueRequired":true,"valueName":"search_term_string"}}],"inLanguage":"pt-BR"},{"@type":"Person","@id":"https:\/\/www.correiobraziliense.com.br\/cbradar\/#\/schema\/person\/4cec7857301a9a1a2ef249893cd908d3","name":"Paulo Custodio","image":{"@type":"ImageObject","inLanguage":"pt-BR","@id":"https:\/\/www.correiobraziliense.com.br\/cbradar\/#\/schema\/person\/image\/","url":"https:\/\/secure.gravatar.com\/avatar\/bcd67168d1534e8fcf4f45c726a87cea?s=96&d=mm&r=g","contentUrl":"https:\/\/secure.gravatar.com\/avatar\/bcd67168d1534e8fcf4f45c726a87cea?s=96&d=mm&r=g","caption":"Paulo Custodio"},"sameAs":["https:\/\/www.correiobraziliense.com.br\/cbradar"],"url":"https:\/\/www.correiobraziliense.com.br\/cbradar\/author\/paulomyth\/"}]}},"_links":{"self":[{"href":"https:\/\/www.correiobraziliense.com.br\/cbradar\/wp-json\/wp\/v2\/posts\/235243","targetHints":{"allow":["GET"]}}],"collection":[{"href":"https:\/\/www.correiobraziliense.com.br\/cbradar\/wp-json\/wp\/v2\/posts"}],"about":[{"href":"https:\/\/www.correiobraziliense.com.br\/cbradar\/wp-json\/wp\/v2\/types\/post"}],"author":[{"embeddable":true,"href":"https:\/\/www.correiobraziliense.com.br\/cbradar\/wp-json\/wp\/v2\/users\/11"}],"replies":[{"embeddable":true,"href":"https:\/\/www.correiobraziliense.com.br\/cbradar\/wp-json\/wp\/v2\/comments?post=235243"}],"version-history":[{"count":2,"href":"https:\/\/www.correiobraziliense.com.br\/cbradar\/wp-json\/wp\/v2\/posts\/235243\/revisions"}],"predecessor-version":[{"id":235245,"href":"https:\/\/www.correiobraziliense.com.br\/cbradar\/wp-json\/wp\/v2\/posts\/235243\/revisions\/235245"}],"wp:featuredmedia":[{"embeddable":true,"href":"https:\/\/www.correiobraziliense.com.br\/cbradar\/wp-json\/wp\/v2\/media\/228288"}],"wp:attachment":[{"href":"https:\/\/www.correiobraziliense.com.br\/cbradar\/wp-json\/wp\/v2\/media?parent=235243"}],"wp:term":[{"taxonomy":"category","embeddable":true,"href":"https:\/\/www.correiobraziliense.com.br\/cbradar\/wp-json\/wp\/v2\/categories?post=235243"},{"taxonomy":"post_tag","embeddable":true,"href":"https:\/\/www.correiobraziliense.com.br\/cbradar\/wp-json\/wp\/v2\/tags?post=235243"}],"curies":[{"name":"wp","href":"https:\/\/api.w.org\/{rel}","templated":true}]}}