{"id":235246,"date":"2026-05-01T08:08:00","date_gmt":"2026-05-01T11:08:00","guid":{"rendered":"https:\/\/www.correiobraziliense.com.br\/cbradar\/?p=235246"},"modified":"2026-05-01T08:01:54","modified_gmt":"2026-05-01T11:01:54","slug":"a-psicologia-explica-que-filhos-dos-anos-80-e-90-desenvolveram-mais-autonomia-nao-por-rigidez-dos-pais-mas-pela-liberdade-de-errar-e-aprender-sozinhos","status":"publish","type":"post","link":"https:\/\/www.correiobraziliense.com.br\/cbradar\/a-psicologia-explica-que-filhos-dos-anos-80-e-90-desenvolveram-mais-autonomia-nao-por-rigidez-dos-pais-mas-pela-liberdade-de-errar-e-aprender-sozinhos\/","title":{"rendered":"A psicologia explica que filhos dos anos 80 e 90 desenvolveram mais autonomia n\u00e3o por rigidez dos pais, mas pela liberdade de errar e aprender sozinhos"},"content":{"rendered":"\n<p>Por que adultos que cresceram nos <strong>anos 80 e 90<\/strong> costumam resolver problemas com tanta naturalidade, enquanto as gera\u00e7\u00f5es atuais parecem t\u00e3o dependentes de valida\u00e7\u00e3o externa? A resposta vai na contram\u00e3o do senso comum: n\u00e3o foi a rigidez dos pais que forjou essa <strong>autonomia<\/strong>, mas justamente a <strong>liberdade de errar e aprender sozinhos<\/strong> que marcou aquelas d\u00e9cadas.<\/p>\n\n\n\n<h2 class=\"wp-block-heading\">O que a <strong>psicologia do desenvolvimento<\/strong> revela sobre a autonomia infantil?<\/h2>\n\n\n\n<p>A <a href=\"https:\/\/pt.wikipedia.org\/wiki\/Psicologia_do_desenvolvimento\" target=\"_blank\" rel=\"noreferrer noopener\"><strong>psicologia do desenvolvimento<\/strong><\/a> estuda como o ser humano muda ao longo da vida, e um dos seus pilares \u00e9 entender como crian\u00e7as conquistam independ\u00eancia emocional e cognitiva.<\/p>\n\n\n\n<p>A autonomia n\u00e3o aparece de uma hora para outra. Ela \u00e9 constru\u00edda quando a crian\u00e7a enfrenta pequenos desafios sem a interfer\u00eancia imediata de um adulto. \u00c9 nesse espa\u00e7o de tentativa e erro que nasce a <strong>autorregula\u00e7\u00e3o<\/strong>, uma habilidade essencial para a vida adulta.<\/p>\n\n\n<div class=\"wp-block-image\">\n<figure class=\"aligncenter size-full\"><img decoding=\"async\" width=\"1280\" height=\"720\" src=\"https:\/\/www.correiobraziliense.com.br\/cbradar\/wp-content\/uploads\/2026\/05\/IMAGEM_720p_1777633215880.jpg\" alt=\"A maior autonomia de quem cresceu nos anos 80 e 90\" class=\"wp-image-235248\" srcset=\"https:\/\/www.correiobraziliense.com.br\/cbradar\/wp-content\/uploads\/2026\/05\/IMAGEM_720p_1777633215880.jpg 1280w, https:\/\/www.correiobraziliense.com.br\/cbradar\/wp-content\/uploads\/2026\/05\/IMAGEM_720p_1777633215880-300x169.jpg 300w, https:\/\/www.correiobraziliense.com.br\/cbradar\/wp-content\/uploads\/2026\/05\/IMAGEM_720p_1777633215880-768x432.jpg 768w, https:\/\/www.correiobraziliense.com.br\/cbradar\/wp-content\/uploads\/2026\/05\/IMAGEM_720p_1777633215880-750x422.jpg 750w, https:\/\/www.correiobraziliense.com.br\/cbradar\/wp-content\/uploads\/2026\/05\/IMAGEM_720p_1777633215880-1140x641.jpg 1140w\" sizes=\"(max-width: 1280px) 100vw, 1280px\" \/><figcaption class=\"wp-element-caption\">A maior autonomia de quem cresceu nos anos 80 e 90<\/figcaption><\/figure><\/div>\n\n\n<h2 class=\"wp-block-heading\">Como a liberdade de explorar o mundo moldou as crian\u00e7as dos anos 80 e 90?<\/h2>\n\n\n\n<p>Brincar na rua at\u00e9 o fim da tarde, andar de bicicleta sem celular no bolso, resolver desentendimentos com os amigos sem um adulto por perto. Essa rotina, t\u00e3o comum nas d\u00e9cadas de 80 e 90, era um verdadeiro laborat\u00f3rio de <strong>autonomia<\/strong>.<\/p>\n\n\n\n<p>Cada situa\u00e7\u00e3o imprevista exigia uma solu\u00e7\u00e3o imediata. Se a corrente da bicicleta escapava, a crian\u00e7a precisava dar um jeito. Se a brincadeira descambava para uma discuss\u00e3o, os pr\u00f3prios envolvidos negociavam a paz. Esse treino di\u00e1rio fortaleceu a <strong>capacidade de resolver problemas<\/strong> de forma independente.<\/p>\n\n\n\n<p>Leia tamb\u00e9m: <a href=\"https:\/\/www.correiobraziliense.com.br\/cbradar\/a-palavra-que-muita-gente-evita-usar-em-redacao-formal-mas-esta-correta-segundo-o-vocabulario-ortografico-da-lingua-portuguesa\/\" target=\"_blank\" rel=\"noreferrer noopener\">A palavra que muita gente evita usar em reda\u00e7\u00e3o formal, mas est\u00e1 correta segundo o Vocabul\u00e1rio Ortogr\u00e1fico da L\u00edngua Portuguesa<\/a><\/p>\n\n\n\n<h2 class=\"wp-block-heading\">Por que a aus\u00eancia de supervis\u00e3o constante foi ben\u00e9fica?<\/h2>\n\n\n\n<p>Um estudo longitudinal publicado pela <a href=\"https:\/\/www.apa.org\/pubs\/journals\/releases\/dev-dev0000536.pdf\" target=\"_blank\" rel=\"noreferrer noopener\"><strong>American Psychological Association<\/strong><\/a> mostrou que o controle parental excessivo na primeira inf\u00e2ncia est\u00e1 associado a uma pior autorregula\u00e7\u00e3o emocional e comportamental na pr\u00e9-adolesc\u00eancia.<\/p>\n\n\n\n<p>A l\u00f3gica \u00e9 simples: quando a crian\u00e7a n\u00e3o tem espa\u00e7o para falhar, ela n\u00e3o desenvolve ferramentas pr\u00f3prias para lidar com a frustra\u00e7\u00e3o. J\u00e1 as gera\u00e7\u00f5es dos anos 80 e 90 experimentaram o oposto. A dist\u00e2ncia f\u00edsica dos pais, longe de ser neglig\u00eancia, funcionou como um est\u00edmulo \u00e0 <strong>autossufici\u00eancia<\/strong>.<\/p>\n\n\n\n<h2 class=\"wp-block-heading\">Quais habilidades socioemocionais foram desenvolvidas?<\/h2>\n\n\n\n<p>O contexto de liberdade controlada ajudou a consolidar compet\u00eancias que a psicologia considera fundamentais para a <strong>sa\u00fade mental<\/strong> na vida adulta.<\/p>\n\n\n\n<p>Entre as principais habilidades forjadas naquele per\u00edodo, destacam-se:<\/p>\n\n\n\n<ul class=\"wp-block-list\">\n<li><strong>Resili\u00eancia<\/strong> diante de frustra\u00e7\u00f5es inesperadas.<\/li>\n\n\n\n<li><strong>Capacidade de negocia\u00e7\u00e3o<\/strong> e coopera\u00e7\u00e3o com os pares.<\/li>\n\n\n\n<li><strong>Autoconfian\u00e7a<\/strong> para tomar decis\u00f5es sem buscar aprova\u00e7\u00e3o constante.<\/li>\n\n\n\n<li><strong>Criatividade<\/strong> para transformar o t\u00e9dio em novas brincadeiras.<\/li>\n\n\n\n<li><strong>Toler\u00e2ncia \u00e0 frustra\u00e7\u00e3o<\/strong> ao perceber que nem tudo se resolve de imediato.<\/li>\n<\/ul>\n\n\n<div class=\"wp-block-image\">\n<figure class=\"aligncenter size-full\"><img decoding=\"async\" width=\"1280\" height=\"720\" src=\"https:\/\/www.correiobraziliense.com.br\/cbradar\/wp-content\/uploads\/2026\/05\/IMAGEM_720p_1777633213663.jpg\" alt=\"A maior autonomia de quem cresceu nos anos 80 e 90\" class=\"wp-image-235249\" srcset=\"https:\/\/www.correiobraziliense.com.br\/cbradar\/wp-content\/uploads\/2026\/05\/IMAGEM_720p_1777633213663.jpg 1280w, https:\/\/www.correiobraziliense.com.br\/cbradar\/wp-content\/uploads\/2026\/05\/IMAGEM_720p_1777633213663-300x169.jpg 300w, https:\/\/www.correiobraziliense.com.br\/cbradar\/wp-content\/uploads\/2026\/05\/IMAGEM_720p_1777633213663-768x432.jpg 768w, https:\/\/www.correiobraziliense.com.br\/cbradar\/wp-content\/uploads\/2026\/05\/IMAGEM_720p_1777633213663-750x422.jpg 750w, https:\/\/www.correiobraziliense.com.br\/cbradar\/wp-content\/uploads\/2026\/05\/IMAGEM_720p_1777633213663-1140x641.jpg 1140w\" sizes=\"(max-width: 1280px) 100vw, 1280px\" \/><figcaption class=\"wp-element-caption\">A maior autonomia de quem cresceu nos anos 80 e 90<\/figcaption><\/figure><\/div>\n\n\n<h2 class=\"wp-block-heading\">Como essa autonomia se reflete na vida adulta atual?<\/h2>\n\n\n\n<p>Adultos que viveram essa inf\u00e2ncia tendem a apresentar maior facilidade para lidar com press\u00e3o no trabalho, tomar decis\u00f5es sob incerteza e se adaptar a ambientes novos. A <strong>autonomia<\/strong> conquistada na inf\u00e2ncia se traduz em <strong>seguran\u00e7a emocional<\/strong> na maturidade.<\/p>\n\n\n\n<p>Isso n\u00e3o significa que a gera\u00e7\u00e3o atual esteja perdida. Mas olhar para o passado ajuda a entender que, \u00e0s vezes, dar um passo atr\u00e1s e permitir que a crian\u00e7a enfrente seus pr\u00f3prios desafios \u00e9 a melhor forma de prepar\u00e1-la para o mundo.<\/p>\n","protected":false},"excerpt":{"rendered":"<p>Por que adultos que cresceram nos anos 80 e 90 costumam resolver problemas com tanta naturalidade, enquanto as gera\u00e7\u00f5es atuais parecem t\u00e3o dependentes de valida\u00e7\u00e3o externa? A resposta vai na contram\u00e3o do senso comum: n\u00e3o foi a rigidez dos pais que forjou essa autonomia, mas justamente a liberdade de errar e aprender sozinhos que marcou [&hellip;]<\/p>\n","protected":false},"author":11,"featured_media":235250,"comment_status":"open","ping_status":"open","sticky":false,"template":"","format":"standard","meta":{"_yoast_wpseo_focuskw":"autonomia infantil anos 80 90","_yoast_wpseo_title":"","_yoast_wpseo_metadesc":"Filhos dos anos 80 e 90 s\u00e3o mais aut\u00f4nomos por terem tido liberdade para errar. A psicologia explica por que isso nada tem a ver com rigidez dos pais.","jnews-multi-image_gallery":[],"jnews_single_post":{"format":"standard"},"jnews_primary_category":[],"jnews_social_meta":[],"jnews_override_counter":[],"footnotes":""},"categories":[119],"tags":[16519,9142,18474,15506],"class_list":["post-235246","post","type-post","status-publish","format-standard","has-post-thumbnail","hentry","category-bem-estar","tag-anos-80","tag-anos-90","tag-autonomia-infantil","tag-psicologia-do-desenvolvimento"],"yoast_head":"<!-- This site is optimized with the Yoast SEO plugin v24.6 - https:\/\/yoast.com\/wordpress\/plugins\/seo\/ -->\n<title>A psicologia explica que filhos dos anos 80 e 90 desenvolveram mais autonomia n\u00e3o por rigidez dos pais, mas pela liberdade de errar e aprender sozinhos - Correio Braziliense - Radar<\/title>\n<meta name=\"description\" content=\"Filhos dos anos 80 e 90 s\u00e3o mais aut\u00f4nomos por terem tido liberdade para errar. A psicologia explica por que isso nada tem a ver com rigidez dos pais.\" \/>\n<meta name=\"robots\" content=\"index, follow, max-snippet:-1, max-image-preview:large, max-video-preview:-1\" \/>\n<link rel=\"canonical\" href=\"https:\/\/www.correiobraziliense.com.br\/cbradar\/a-psicologia-explica-que-filhos-dos-anos-80-e-90-desenvolveram-mais-autonomia-nao-por-rigidez-dos-pais-mas-pela-liberdade-de-errar-e-aprender-sozinhos\/\" \/>\n<meta property=\"og:locale\" content=\"pt_BR\" \/>\n<meta property=\"og:type\" content=\"article\" \/>\n<meta property=\"og:title\" content=\"A psicologia explica que filhos dos anos 80 e 90 desenvolveram mais autonomia n\u00e3o por rigidez dos pais, mas pela liberdade de errar e aprender sozinhos - Correio Braziliense - Radar\" \/>\n<meta property=\"og:description\" content=\"Filhos dos anos 80 e 90 s\u00e3o mais aut\u00f4nomos por terem tido liberdade para errar. A psicologia explica por que isso nada tem a ver com rigidez dos pais.\" \/>\n<meta property=\"og:url\" content=\"https:\/\/www.correiobraziliense.com.br\/cbradar\/a-psicologia-explica-que-filhos-dos-anos-80-e-90-desenvolveram-mais-autonomia-nao-por-rigidez-dos-pais-mas-pela-liberdade-de-errar-e-aprender-sozinhos\/\" \/>\n<meta property=\"og:site_name\" content=\"Correio Braziliense - Radar\" \/>\n<meta property=\"article:published_time\" content=\"2026-05-01T11:08:00+00:00\" \/>\n<meta property=\"og:image\" content=\"https:\/\/www.correiobraziliense.com.br\/cbradar\/wp-content\/uploads\/2026\/05\/IMAGEM_720p_1777633254831.jpg\" \/>\n\t<meta property=\"og:image:width\" content=\"1280\" \/>\n\t<meta property=\"og:image:height\" content=\"720\" \/>\n\t<meta property=\"og:image:type\" content=\"image\/jpeg\" \/>\n<meta name=\"author\" content=\"Paulo Custodio\" \/>\n<meta name=\"twitter:card\" content=\"summary_large_image\" \/>\n<meta name=\"twitter:label1\" content=\"Escrito por\" \/>\n\t<meta name=\"twitter:data1\" content=\"Paulo Custodio\" \/>\n\t<meta name=\"twitter:label2\" content=\"Est. tempo de leitura\" \/>\n\t<meta name=\"twitter:data2\" content=\"4 minutos\" \/>\n<!-- \/ Yoast SEO plugin. -->","yoast_head_json":{"title":"A psicologia explica que filhos dos anos 80 e 90 desenvolveram mais autonomia n\u00e3o por rigidez dos pais, mas pela liberdade de errar e aprender sozinhos - Correio Braziliense - Radar","description":"Filhos dos anos 80 e 90 s\u00e3o mais aut\u00f4nomos por terem tido liberdade para errar. A psicologia explica por que isso nada tem a ver com rigidez dos pais.","robots":{"index":"index","follow":"follow","max-snippet":"max-snippet:-1","max-image-preview":"max-image-preview:large","max-video-preview":"max-video-preview:-1"},"canonical":"https:\/\/www.correiobraziliense.com.br\/cbradar\/a-psicologia-explica-que-filhos-dos-anos-80-e-90-desenvolveram-mais-autonomia-nao-por-rigidez-dos-pais-mas-pela-liberdade-de-errar-e-aprender-sozinhos\/","og_locale":"pt_BR","og_type":"article","og_title":"A psicologia explica que filhos dos anos 80 e 90 desenvolveram mais autonomia n\u00e3o por rigidez dos pais, mas pela liberdade de errar e aprender sozinhos - Correio Braziliense - Radar","og_description":"Filhos dos anos 80 e 90 s\u00e3o mais aut\u00f4nomos por terem tido liberdade para errar. A psicologia explica por que isso nada tem a ver com rigidez dos pais.","og_url":"https:\/\/www.correiobraziliense.com.br\/cbradar\/a-psicologia-explica-que-filhos-dos-anos-80-e-90-desenvolveram-mais-autonomia-nao-por-rigidez-dos-pais-mas-pela-liberdade-de-errar-e-aprender-sozinhos\/","og_site_name":"Correio Braziliense - Radar","article_published_time":"2026-05-01T11:08:00+00:00","og_image":[{"width":1280,"height":720,"url":"https:\/\/www.correiobraziliense.com.br\/cbradar\/wp-content\/uploads\/2026\/05\/IMAGEM_720p_1777633254831.jpg","type":"image\/jpeg"}],"author":"Paulo Custodio","twitter_card":"summary_large_image","twitter_misc":{"Escrito por":"Paulo Custodio","Est. tempo de leitura":"4 minutos"},"schema":{"@context":"https:\/\/schema.org","@graph":[{"@type":"WebPage","@id":"https:\/\/www.correiobraziliense.com.br\/cbradar\/a-psicologia-explica-que-filhos-dos-anos-80-e-90-desenvolveram-mais-autonomia-nao-por-rigidez-dos-pais-mas-pela-liberdade-de-errar-e-aprender-sozinhos\/","url":"https:\/\/www.correiobraziliense.com.br\/cbradar\/a-psicologia-explica-que-filhos-dos-anos-80-e-90-desenvolveram-mais-autonomia-nao-por-rigidez-dos-pais-mas-pela-liberdade-de-errar-e-aprender-sozinhos\/","name":"A psicologia explica que filhos dos anos 80 e 90 desenvolveram mais autonomia n\u00e3o por rigidez dos pais, mas pela liberdade de errar e aprender sozinhos - Correio Braziliense - Radar","isPartOf":{"@id":"https:\/\/www.correiobraziliense.com.br\/cbradar\/#website"},"primaryImageOfPage":{"@id":"https:\/\/www.correiobraziliense.com.br\/cbradar\/a-psicologia-explica-que-filhos-dos-anos-80-e-90-desenvolveram-mais-autonomia-nao-por-rigidez-dos-pais-mas-pela-liberdade-de-errar-e-aprender-sozinhos\/#primaryimage"},"image":{"@id":"https:\/\/www.correiobraziliense.com.br\/cbradar\/a-psicologia-explica-que-filhos-dos-anos-80-e-90-desenvolveram-mais-autonomia-nao-por-rigidez-dos-pais-mas-pela-liberdade-de-errar-e-aprender-sozinhos\/#primaryimage"},"thumbnailUrl":"https:\/\/www.correiobraziliense.com.br\/cbradar\/wp-content\/uploads\/2026\/05\/IMAGEM_720p_1777633254831.jpg","datePublished":"2026-05-01T11:08:00+00:00","author":{"@id":"https:\/\/www.correiobraziliense.com.br\/cbradar\/#\/schema\/person\/4cec7857301a9a1a2ef249893cd908d3"},"description":"Filhos dos anos 80 e 90 s\u00e3o mais aut\u00f4nomos por terem tido liberdade para errar. A psicologia explica por que isso nada tem a ver com rigidez dos pais.","breadcrumb":{"@id":"https:\/\/www.correiobraziliense.com.br\/cbradar\/a-psicologia-explica-que-filhos-dos-anos-80-e-90-desenvolveram-mais-autonomia-nao-por-rigidez-dos-pais-mas-pela-liberdade-de-errar-e-aprender-sozinhos\/#breadcrumb"},"inLanguage":"pt-BR","potentialAction":[{"@type":"ReadAction","target":["https:\/\/www.correiobraziliense.com.br\/cbradar\/a-psicologia-explica-que-filhos-dos-anos-80-e-90-desenvolveram-mais-autonomia-nao-por-rigidez-dos-pais-mas-pela-liberdade-de-errar-e-aprender-sozinhos\/"]}]},{"@type":"ImageObject","inLanguage":"pt-BR","@id":"https:\/\/www.correiobraziliense.com.br\/cbradar\/a-psicologia-explica-que-filhos-dos-anos-80-e-90-desenvolveram-mais-autonomia-nao-por-rigidez-dos-pais-mas-pela-liberdade-de-errar-e-aprender-sozinhos\/#primaryimage","url":"https:\/\/www.correiobraziliense.com.br\/cbradar\/wp-content\/uploads\/2026\/05\/IMAGEM_720p_1777633254831.jpg","contentUrl":"https:\/\/www.correiobraziliense.com.br\/cbradar\/wp-content\/uploads\/2026\/05\/IMAGEM_720p_1777633254831.jpg","width":1280,"height":720,"caption":"A maior autonomia de quem cresceu nos anos 80 e 90"},{"@type":"BreadcrumbList","@id":"https:\/\/www.correiobraziliense.com.br\/cbradar\/a-psicologia-explica-que-filhos-dos-anos-80-e-90-desenvolveram-mais-autonomia-nao-por-rigidez-dos-pais-mas-pela-liberdade-de-errar-e-aprender-sozinhos\/#breadcrumb","itemListElement":[{"@type":"ListItem","position":1,"name":"In\u00edcio","item":"https:\/\/www.correiobraziliense.com.br\/cbradar\/"},{"@type":"ListItem","position":2,"name":"A psicologia explica que filhos dos anos 80 e 90 desenvolveram mais autonomia n\u00e3o por rigidez dos pais, mas pela liberdade de errar e aprender sozinhos"}]},{"@type":"WebSite","@id":"https:\/\/www.correiobraziliense.com.br\/cbradar\/#website","url":"https:\/\/www.correiobraziliense.com.br\/cbradar\/","name":"Correio Braziliense - Radar","description":"Acompanhe as \u00faltimas not\u00edcias e fique bem informado sobre tudo o que acontece no Brasil e no mundo.","potentialAction":[{"@type":"SearchAction","target":{"@type":"EntryPoint","urlTemplate":"https:\/\/www.correiobraziliense.com.br\/cbradar\/?s={search_term_string}"},"query-input":{"@type":"PropertyValueSpecification","valueRequired":true,"valueName":"search_term_string"}}],"inLanguage":"pt-BR"},{"@type":"Person","@id":"https:\/\/www.correiobraziliense.com.br\/cbradar\/#\/schema\/person\/4cec7857301a9a1a2ef249893cd908d3","name":"Paulo Custodio","image":{"@type":"ImageObject","inLanguage":"pt-BR","@id":"https:\/\/www.correiobraziliense.com.br\/cbradar\/#\/schema\/person\/image\/","url":"https:\/\/secure.gravatar.com\/avatar\/bcd67168d1534e8fcf4f45c726a87cea?s=96&d=mm&r=g","contentUrl":"https:\/\/secure.gravatar.com\/avatar\/bcd67168d1534e8fcf4f45c726a87cea?s=96&d=mm&r=g","caption":"Paulo Custodio"},"sameAs":["https:\/\/www.correiobraziliense.com.br\/cbradar"],"url":"https:\/\/www.correiobraziliense.com.br\/cbradar\/author\/paulomyth\/"}]}},"_links":{"self":[{"href":"https:\/\/www.correiobraziliense.com.br\/cbradar\/wp-json\/wp\/v2\/posts\/235246","targetHints":{"allow":["GET"]}}],"collection":[{"href":"https:\/\/www.correiobraziliense.com.br\/cbradar\/wp-json\/wp\/v2\/posts"}],"about":[{"href":"https:\/\/www.correiobraziliense.com.br\/cbradar\/wp-json\/wp\/v2\/types\/post"}],"author":[{"embeddable":true,"href":"https:\/\/www.correiobraziliense.com.br\/cbradar\/wp-json\/wp\/v2\/users\/11"}],"replies":[{"embeddable":true,"href":"https:\/\/www.correiobraziliense.com.br\/cbradar\/wp-json\/wp\/v2\/comments?post=235246"}],"version-history":[{"count":1,"href":"https:\/\/www.correiobraziliense.com.br\/cbradar\/wp-json\/wp\/v2\/posts\/235246\/revisions"}],"predecessor-version":[{"id":235251,"href":"https:\/\/www.correiobraziliense.com.br\/cbradar\/wp-json\/wp\/v2\/posts\/235246\/revisions\/235251"}],"wp:featuredmedia":[{"embeddable":true,"href":"https:\/\/www.correiobraziliense.com.br\/cbradar\/wp-json\/wp\/v2\/media\/235250"}],"wp:attachment":[{"href":"https:\/\/www.correiobraziliense.com.br\/cbradar\/wp-json\/wp\/v2\/media?parent=235246"}],"wp:term":[{"taxonomy":"category","embeddable":true,"href":"https:\/\/www.correiobraziliense.com.br\/cbradar\/wp-json\/wp\/v2\/categories?post=235246"},{"taxonomy":"post_tag","embeddable":true,"href":"https:\/\/www.correiobraziliense.com.br\/cbradar\/wp-json\/wp\/v2\/tags?post=235246"}],"curies":[{"name":"wp","href":"https:\/\/api.w.org\/{rel}","templated":true}]}}