{"id":235247,"date":"2026-05-01T08:17:00","date_gmt":"2026-05-01T11:17:00","guid":{"rendered":"https:\/\/www.correiobraziliense.com.br\/cbradar\/?p=235247"},"modified":"2026-05-01T08:05:24","modified_gmt":"2026-05-01T11:05:24","slug":"por-que-os-muros-de-pedra-em-gaiolas-estao-se-tornando-a-nova-moda-em-projetos-residenciais","status":"publish","type":"post","link":"https:\/\/www.correiobraziliense.com.br\/cbradar\/por-que-os-muros-de-pedra-em-gaiolas-estao-se-tornando-a-nova-moda-em-projetos-residenciais\/","title":{"rendered":"Por que os muros de pedra em gaiolas est\u00e3o se tornando a nova moda em projetos residenciais"},"content":{"rendered":"\n<p>Na engenharia pesada, eles seguram montanhas contra desabamentos. Na arquitetura, os <strong>muros de pedra em gaiolas<\/strong> viraram pe\u00e7as muito cobi\u00e7adas. A migra\u00e7\u00e3o veloz para os bairros nobres ocorre porque a malha com rochas oferece \u00f3tima drenagem e corta gastos altos com cimento.<\/p>\n\n\n\n<h2 class=\"wp-block-heading\">Como essa estrutura met\u00e1lica garante a seguran\u00e7a cont\u00ednua do terreno?<\/h2>\n\n\n\n<p>Para montar a forte base estrutural, os experientes construtores utilizam grossas telas de <strong>a\u00e7o galvanizado<\/strong> costuradas em formato de caixas perfeitamente vazadas. Esse material industrial n\u00e3o enferruja com a chuva e suporta toneladas de press\u00e3o cont\u00ednua sem apresentar rachaduras ou ceder com o passar dos anos.<\/p>\n\n\n\n<p>A verdadeira for\u00e7a mec\u00e2nica surge apenas quando as rochas brutas s\u00e3o empilhadas cuidadosamente dentro da resistente grade. O peso natural do pesado conjunto trava o solo arenoso de maneira flex\u00edvel, conseguindo absorver pequenos tremores da terra sem jamais comprometer a estabilidade f\u00edsica da resid\u00eancia.<\/p>\n\n\n<div class=\"wp-block-image\">\n<figure class=\"aligncenter size-full\"><img decoding=\"async\" width=\"1280\" height=\"720\" src=\"https:\/\/www.correiobraziliense.com.br\/cbradar\/wp-content\/uploads\/2026\/04\/IMAGEM_720p_1776970386673.jpg\" alt=\"Os benef\u00edcios est\u00e9ticos, ecol\u00f3gicos e financeiros do uso de gabi\u00f5es na arquitetura residencial\" class=\"wp-image-230915\" srcset=\"https:\/\/www.correiobraziliense.com.br\/cbradar\/wp-content\/uploads\/2026\/04\/IMAGEM_720p_1776970386673.jpg 1280w, https:\/\/www.correiobraziliense.com.br\/cbradar\/wp-content\/uploads\/2026\/04\/IMAGEM_720p_1776970386673-300x169.jpg 300w, https:\/\/www.correiobraziliense.com.br\/cbradar\/wp-content\/uploads\/2026\/04\/IMAGEM_720p_1776970386673-768x432.jpg 768w, https:\/\/www.correiobraziliense.com.br\/cbradar\/wp-content\/uploads\/2026\/04\/IMAGEM_720p_1776970386673-750x422.jpg 750w, https:\/\/www.correiobraziliense.com.br\/cbradar\/wp-content\/uploads\/2026\/04\/IMAGEM_720p_1776970386673-1140x641.jpg 1140w\" sizes=\"(max-width: 1280px) 100vw, 1280px\" \/><figcaption class=\"wp-element-caption\">Os benef\u00edcios est\u00e9ticos, ecol\u00f3gicos e financeiros do uso de gabi\u00f5es na arquitetura residencial<\/figcaption><\/figure><\/div>\n\n\n<h2 class=\"wp-block-heading\">Qual \u00e9 o principal ganho ecol\u00f3gico na hora da constru\u00e7\u00e3o civil?<\/h2>\n\n\n\n<p>Os antigos sistemas convencionais de alvenaria consomem rios de \u00e1gua pot\u00e1vel e liberam gases nocivos durante a secagem di\u00e1ria. Substituir paredes maci\u00e7as por um <a href=\"https:\/\/pt.wikipedia.org\/wiki\/Gabi%C3%A3o\" target=\"_blank\" rel=\"noreferrer noopener\">gabi\u00e3o<\/a> corta de forma imediata o uso de argamassas poluidoras e rebocos industriais na sua nova propriedade urbana.<\/p>\n\n\n\n<p>A aus\u00eancia total de massa unificadora entre os blocos rochosos cria grandes caminhos abertos para a \u00e1gua das fortes chuvas passar. Esse sistema inteligente previne perigosos alagamentos no seu quintal e devolve a umidade naturalmente para os len\u00e7\u00f3is fre\u00e1ticos, preservando o delicado ciclo hidrol\u00f3gico.<\/p>\n\n\n\n<h2 class=\"wp-block-heading\">O sistema de grades barateia o or\u00e7amento final da obra?<\/h2>\n\n\n\n<p>Erguer uma extensa fachada inteira com blocos de concreto exige v\u00e1rias semanas de trabalho bra\u00e7al intenso, gerando gastos cont\u00ednuos com reboco. As modernas caixas de arame reduzem o longo tempo de execu\u00e7\u00e3o pela metade, pois sempre chegam prontas para receber o pesado enchimento mineral.<\/p>\n\n\n\n<p>O visual bruto elimina os custos cr\u00f4nicos de reparo est\u00e9tico e pintura descascada que sempre corroem as reservas financeiras da sua fam\u00edlia.<\/p>\n\n\n\n<p>Leia tamb\u00e9m: <a href=\"https:\/\/www.correiobraziliense.com.br\/cbradar\/a-palavra-que-muita-gente-evita-usar-em-redacao-formal-mas-esta-correta-segundo-o-vocabulario-ortografico-da-lingua-portuguesa\/\" target=\"_blank\" rel=\"noreferrer noopener\">A palavra que muita gente evita usar em reda\u00e7\u00e3o formal, mas est\u00e1 correta segundo o Vocabul\u00e1rio Ortogr\u00e1fico da L\u00edngua Portuguesa<\/a><\/p>\n\n\n\n<h3 class=\"wp-block-heading\">Quais minerais combinam melhor com o estilo arquitet\u00f4nico da fachada?<\/h3>\n\n\n\n<p>A escolha muito cuidadosa do preenchimento dita totalmente o tom da sua decora\u00e7\u00e3o externa. Seixos rolados brancos trazem um ar acolhedor e bastante suave, enquanto fragmentos assim\u00e9tricos de <strong>basalto escuro<\/strong> entregam uma est\u00e9tica brutalista e muito imponente para a porta da sua casa.<\/p>\n\n\n\n<p>Utilizar pedras t\u00edpicas da sua regi\u00e3o geogr\u00e1fica tamb\u00e9m ajuda a derrubar os altos valores cobrados pelo frete de caminh\u00f5es. Essa log\u00edstica regionalizada fortalece o com\u00e9rcio das redondezas e acelera radicalmente a entrega de todo o material pesado no seu canteiro de obras residenciais.<\/p>\n\n\n\n<h2 class=\"wp-block-heading\">Como essa t\u00e9cnica melhora o isolamento ac\u00fastico das resid\u00eancias urbanas?<\/h2>\n\n\n\n<p>Viver perto de longas avenidas muito movimentadas transforma o descanso noturno em um grande desafio fisiol\u00f3gico. As pedras soltas dentro das altas grades de a\u00e7o atuam como uma densa barreira f\u00edsica que quebra e dissipa instantaneamente as irritantes ondas sonoras vindas dos motores.<\/p>\n\n\n\n<p>A superf\u00edcie sempre irregular de cada rocha impede que os fortes ru\u00eddos urbanos rebatam diretamente contra os vidros dos seus quartos. Analise os impactos pr\u00e1ticos de adotar esse bloqueio org\u00e2nico:<\/p>\n\n\n\n<ul class=\"wp-block-list\">\n<li>Redu\u00e7\u00e3o imediata do terr\u00edvel eco constante em garagens e p\u00e1tios fechados.<\/li>\n\n\n\n<li>Bloqueio sonoro efetivo de ru\u00eddos graves causados pelo tr\u00e1fego de caminh\u00f5es.<\/li>\n\n\n\n<li>Cria\u00e7\u00e3o de um microclima de quintal bastante silencioso para horas de leitura.<\/li>\n\n\n\n<li>F\u00e1cil integra\u00e7\u00e3o visual com fontes de \u00e1gua que mascaram polui\u00e7\u00f5es sonoras.<\/li>\n<\/ul>\n\n\n<div class=\"wp-block-image\">\n<figure class=\"aligncenter size-full\"><img decoding=\"async\" width=\"1280\" height=\"720\" src=\"https:\/\/www.correiobraziliense.com.br\/cbradar\/wp-content\/uploads\/2026\/04\/IMAGEM_720p_1776969923435.jpg\" alt=\"As raz\u00f5es est\u00e9ticas, t\u00e9cnicas e sustent\u00e1veis para a ado\u00e7\u00e3o de muros de gabi\u00e3o em projetos residenciais contempor\u00e2neos\" class=\"wp-image-230911\" srcset=\"https:\/\/www.correiobraziliense.com.br\/cbradar\/wp-content\/uploads\/2026\/04\/IMAGEM_720p_1776969923435.jpg 1280w, https:\/\/www.correiobraziliense.com.br\/cbradar\/wp-content\/uploads\/2026\/04\/IMAGEM_720p_1776969923435-300x169.jpg 300w, https:\/\/www.correiobraziliense.com.br\/cbradar\/wp-content\/uploads\/2026\/04\/IMAGEM_720p_1776969923435-768x432.jpg 768w, https:\/\/www.correiobraziliense.com.br\/cbradar\/wp-content\/uploads\/2026\/04\/IMAGEM_720p_1776969923435-750x422.jpg 750w, https:\/\/www.correiobraziliense.com.br\/cbradar\/wp-content\/uploads\/2026\/04\/IMAGEM_720p_1776969923435-1140x641.jpg 1140w\" sizes=\"(max-width: 1280px) 100vw, 1280px\" \/><figcaption class=\"wp-element-caption\">Os benef\u00edcios est\u00e9ticos, ecol\u00f3gicos e financeiros do uso de gabi\u00f5es na arquitetura residencial<\/figcaption><\/figure><\/div>\n\n\n<h2 class=\"wp-block-heading\">Quem deve apostar nesse visual r\u00fastico e contempor\u00e2neo agora?<\/h2>\n\n\n\n<p>Propriet\u00e1rios exigentes que desejam quebrar a monotonia dos tradicionais muros rebocados encontram nas pedras enclausuradas uma identidade visual marcante. O belo contraste entre o frio metal industrial e o robusto elemento terroso eleva drasticamente a sofistica\u00e7\u00e3o arquitet\u00f4nica sem exigir nenhuma pintura anual preventiva.<\/p>\n\n\n\n<p>A excelente durabilidade dos minerais transforma o seu or\u00e7amento inicial em um valioso patrim\u00f4nio f\u00edsico s\u00f3lido. Ao fugir da alvenaria fr\u00e1gil, voc\u00ea esquece para sempre as infiltra\u00e7\u00f5es \u00famidas e ganha muito mais tempo de qualidade para aproveitar a paz no conforto do seu pr\u00f3prio lar.<\/p>\n","protected":false},"excerpt":{"rendered":"<p>Na engenharia pesada, eles seguram montanhas contra desabamentos. Na arquitetura, os muros de pedra em gaiolas viraram pe\u00e7as muito cobi\u00e7adas. A migra\u00e7\u00e3o veloz para os bairros nobres ocorre porque a malha com rochas oferece \u00f3tima drenagem e corta gastos altos com cimento. Como essa estrutura met\u00e1lica garante a seguran\u00e7a cont\u00ednua do terreno? Para montar a [&hellip;]<\/p>\n","protected":false},"author":11,"featured_media":235252,"comment_status":"open","ping_status":"open","sticky":false,"template":"","format":"standard","meta":{"_yoast_wpseo_focuskw":"muros de pedra em gaiolas","_yoast_wpseo_title":"","_yoast_wpseo_metadesc":"Ocultar o cimento da fachada exige solu\u00e7\u00f5es arquitet\u00f4nicas inteligentes. Avalie como as gaiolas met\u00e1licas preenchidas com rochas barateiam a sua obra.","jnews-multi-image_gallery":[],"jnews_single_post":{"format":"standard"},"jnews_primary_category":[],"jnews_social_meta":[],"jnews_override_counter":[],"footnotes":""},"categories":[143],"tags":[549,11541,18076,1033],"class_list":["post-235247","post","type-post","status-publish","format-standard","has-post-thumbnail","hentry","category-casa-e-decoracao","tag-arquitetura","tag-construcao","tag-gabiao","tag-paisagismo"],"yoast_head":"<!-- This site is optimized with the Yoast SEO plugin v24.6 - https:\/\/yoast.com\/wordpress\/plugins\/seo\/ -->\n<title>Por que os muros de pedra em gaiolas est\u00e3o se tornando a nova moda em projetos residenciais - Correio Braziliense - Radar<\/title>\n<meta name=\"description\" content=\"Ocultar o cimento da fachada exige solu\u00e7\u00f5es arquitet\u00f4nicas inteligentes. Avalie como as gaiolas met\u00e1licas preenchidas com rochas barateiam a sua obra.\" \/>\n<meta name=\"robots\" content=\"index, follow, max-snippet:-1, max-image-preview:large, max-video-preview:-1\" \/>\n<link rel=\"canonical\" href=\"https:\/\/www.correiobraziliense.com.br\/cbradar\/por-que-os-muros-de-pedra-em-gaiolas-estao-se-tornando-a-nova-moda-em-projetos-residenciais\/\" \/>\n<meta property=\"og:locale\" content=\"pt_BR\" \/>\n<meta property=\"og:type\" content=\"article\" \/>\n<meta property=\"og:title\" content=\"Por que os muros de pedra em gaiolas est\u00e3o se tornando a nova moda em projetos residenciais - Correio Braziliense - Radar\" \/>\n<meta property=\"og:description\" content=\"Ocultar o cimento da fachada exige solu\u00e7\u00f5es arquitet\u00f4nicas inteligentes. Avalie como as gaiolas met\u00e1licas preenchidas com rochas barateiam a sua obra.\" \/>\n<meta property=\"og:url\" content=\"https:\/\/www.correiobraziliense.com.br\/cbradar\/por-que-os-muros-de-pedra-em-gaiolas-estao-se-tornando-a-nova-moda-em-projetos-residenciais\/\" \/>\n<meta property=\"og:site_name\" content=\"Correio Braziliense - Radar\" \/>\n<meta property=\"article:published_time\" content=\"2026-05-01T11:17:00+00:00\" \/>\n<meta property=\"og:image\" content=\"https:\/\/www.correiobraziliense.com.br\/cbradar\/wp-content\/uploads\/2026\/05\/IMAGEM_720p_1777633458417.jpg\" \/>\n\t<meta property=\"og:image:width\" content=\"1280\" \/>\n\t<meta property=\"og:image:height\" content=\"720\" \/>\n\t<meta property=\"og:image:type\" content=\"image\/jpeg\" \/>\n<meta name=\"author\" content=\"Paulo Custodio\" \/>\n<meta name=\"twitter:card\" content=\"summary_large_image\" \/>\n<meta name=\"twitter:label1\" content=\"Escrito por\" \/>\n\t<meta name=\"twitter:data1\" content=\"Paulo Custodio\" \/>\n\t<meta name=\"twitter:label2\" content=\"Est. tempo de leitura\" \/>\n\t<meta name=\"twitter:data2\" content=\"5 minutos\" \/>\n<!-- \/ Yoast SEO plugin. -->","yoast_head_json":{"title":"Por que os muros de pedra em gaiolas est\u00e3o se tornando a nova moda em projetos residenciais - Correio Braziliense - Radar","description":"Ocultar o cimento da fachada exige solu\u00e7\u00f5es arquitet\u00f4nicas inteligentes. Avalie como as gaiolas met\u00e1licas preenchidas com rochas barateiam a sua obra.","robots":{"index":"index","follow":"follow","max-snippet":"max-snippet:-1","max-image-preview":"max-image-preview:large","max-video-preview":"max-video-preview:-1"},"canonical":"https:\/\/www.correiobraziliense.com.br\/cbradar\/por-que-os-muros-de-pedra-em-gaiolas-estao-se-tornando-a-nova-moda-em-projetos-residenciais\/","og_locale":"pt_BR","og_type":"article","og_title":"Por que os muros de pedra em gaiolas est\u00e3o se tornando a nova moda em projetos residenciais - Correio Braziliense - Radar","og_description":"Ocultar o cimento da fachada exige solu\u00e7\u00f5es arquitet\u00f4nicas inteligentes. Avalie como as gaiolas met\u00e1licas preenchidas com rochas barateiam a sua obra.","og_url":"https:\/\/www.correiobraziliense.com.br\/cbradar\/por-que-os-muros-de-pedra-em-gaiolas-estao-se-tornando-a-nova-moda-em-projetos-residenciais\/","og_site_name":"Correio Braziliense - Radar","article_published_time":"2026-05-01T11:17:00+00:00","og_image":[{"width":1280,"height":720,"url":"https:\/\/www.correiobraziliense.com.br\/cbradar\/wp-content\/uploads\/2026\/05\/IMAGEM_720p_1777633458417.jpg","type":"image\/jpeg"}],"author":"Paulo Custodio","twitter_card":"summary_large_image","twitter_misc":{"Escrito por":"Paulo Custodio","Est. tempo de leitura":"5 minutos"},"schema":{"@context":"https:\/\/schema.org","@graph":[{"@type":"WebPage","@id":"https:\/\/www.correiobraziliense.com.br\/cbradar\/por-que-os-muros-de-pedra-em-gaiolas-estao-se-tornando-a-nova-moda-em-projetos-residenciais\/","url":"https:\/\/www.correiobraziliense.com.br\/cbradar\/por-que-os-muros-de-pedra-em-gaiolas-estao-se-tornando-a-nova-moda-em-projetos-residenciais\/","name":"Por que os muros de pedra em gaiolas est\u00e3o se tornando a nova moda em projetos residenciais - Correio Braziliense - Radar","isPartOf":{"@id":"https:\/\/www.correiobraziliense.com.br\/cbradar\/#website"},"primaryImageOfPage":{"@id":"https:\/\/www.correiobraziliense.com.br\/cbradar\/por-que-os-muros-de-pedra-em-gaiolas-estao-se-tornando-a-nova-moda-em-projetos-residenciais\/#primaryimage"},"image":{"@id":"https:\/\/www.correiobraziliense.com.br\/cbradar\/por-que-os-muros-de-pedra-em-gaiolas-estao-se-tornando-a-nova-moda-em-projetos-residenciais\/#primaryimage"},"thumbnailUrl":"https:\/\/www.correiobraziliense.com.br\/cbradar\/wp-content\/uploads\/2026\/05\/IMAGEM_720p_1777633458417.jpg","datePublished":"2026-05-01T11:17:00+00:00","author":{"@id":"https:\/\/www.correiobraziliense.com.br\/cbradar\/#\/schema\/person\/4cec7857301a9a1a2ef249893cd908d3"},"description":"Ocultar o cimento da fachada exige solu\u00e7\u00f5es arquitet\u00f4nicas inteligentes. Avalie como as gaiolas met\u00e1licas preenchidas com rochas barateiam a sua obra.","breadcrumb":{"@id":"https:\/\/www.correiobraziliense.com.br\/cbradar\/por-que-os-muros-de-pedra-em-gaiolas-estao-se-tornando-a-nova-moda-em-projetos-residenciais\/#breadcrumb"},"inLanguage":"pt-BR","potentialAction":[{"@type":"ReadAction","target":["https:\/\/www.correiobraziliense.com.br\/cbradar\/por-que-os-muros-de-pedra-em-gaiolas-estao-se-tornando-a-nova-moda-em-projetos-residenciais\/"]}]},{"@type":"ImageObject","inLanguage":"pt-BR","@id":"https:\/\/www.correiobraziliense.com.br\/cbradar\/por-que-os-muros-de-pedra-em-gaiolas-estao-se-tornando-a-nova-moda-em-projetos-residenciais\/#primaryimage","url":"https:\/\/www.correiobraziliense.com.br\/cbradar\/wp-content\/uploads\/2026\/05\/IMAGEM_720p_1777633458417.jpg","contentUrl":"https:\/\/www.correiobraziliense.com.br\/cbradar\/wp-content\/uploads\/2026\/05\/IMAGEM_720p_1777633458417.jpg","width":1280,"height":720,"caption":"Os benef\u00edcios est\u00e9ticos, ecol\u00f3gicos e financeiros do uso de gabi\u00f5es na arquitetura residencial"},{"@type":"BreadcrumbList","@id":"https:\/\/www.correiobraziliense.com.br\/cbradar\/por-que-os-muros-de-pedra-em-gaiolas-estao-se-tornando-a-nova-moda-em-projetos-residenciais\/#breadcrumb","itemListElement":[{"@type":"ListItem","position":1,"name":"In\u00edcio","item":"https:\/\/www.correiobraziliense.com.br\/cbradar\/"},{"@type":"ListItem","position":2,"name":"Por que os muros de pedra em gaiolas est\u00e3o se tornando a nova moda em projetos residenciais"}]},{"@type":"WebSite","@id":"https:\/\/www.correiobraziliense.com.br\/cbradar\/#website","url":"https:\/\/www.correiobraziliense.com.br\/cbradar\/","name":"Correio Braziliense - Radar","description":"Acompanhe as \u00faltimas not\u00edcias e fique bem informado sobre tudo o que acontece no Brasil e no mundo.","potentialAction":[{"@type":"SearchAction","target":{"@type":"EntryPoint","urlTemplate":"https:\/\/www.correiobraziliense.com.br\/cbradar\/?s={search_term_string}"},"query-input":{"@type":"PropertyValueSpecification","valueRequired":true,"valueName":"search_term_string"}}],"inLanguage":"pt-BR"},{"@type":"Person","@id":"https:\/\/www.correiobraziliense.com.br\/cbradar\/#\/schema\/person\/4cec7857301a9a1a2ef249893cd908d3","name":"Paulo Custodio","image":{"@type":"ImageObject","inLanguage":"pt-BR","@id":"https:\/\/www.correiobraziliense.com.br\/cbradar\/#\/schema\/person\/image\/","url":"https:\/\/secure.gravatar.com\/avatar\/bcd67168d1534e8fcf4f45c726a87cea?s=96&d=mm&r=g","contentUrl":"https:\/\/secure.gravatar.com\/avatar\/bcd67168d1534e8fcf4f45c726a87cea?s=96&d=mm&r=g","caption":"Paulo Custodio"},"sameAs":["https:\/\/www.correiobraziliense.com.br\/cbradar"],"url":"https:\/\/www.correiobraziliense.com.br\/cbradar\/author\/paulomyth\/"}]}},"_links":{"self":[{"href":"https:\/\/www.correiobraziliense.com.br\/cbradar\/wp-json\/wp\/v2\/posts\/235247","targetHints":{"allow":["GET"]}}],"collection":[{"href":"https:\/\/www.correiobraziliense.com.br\/cbradar\/wp-json\/wp\/v2\/posts"}],"about":[{"href":"https:\/\/www.correiobraziliense.com.br\/cbradar\/wp-json\/wp\/v2\/types\/post"}],"author":[{"embeddable":true,"href":"https:\/\/www.correiobraziliense.com.br\/cbradar\/wp-json\/wp\/v2\/users\/11"}],"replies":[{"embeddable":true,"href":"https:\/\/www.correiobraziliense.com.br\/cbradar\/wp-json\/wp\/v2\/comments?post=235247"}],"version-history":[{"count":1,"href":"https:\/\/www.correiobraziliense.com.br\/cbradar\/wp-json\/wp\/v2\/posts\/235247\/revisions"}],"predecessor-version":[{"id":235253,"href":"https:\/\/www.correiobraziliense.com.br\/cbradar\/wp-json\/wp\/v2\/posts\/235247\/revisions\/235253"}],"wp:featuredmedia":[{"embeddable":true,"href":"https:\/\/www.correiobraziliense.com.br\/cbradar\/wp-json\/wp\/v2\/media\/235252"}],"wp:attachment":[{"href":"https:\/\/www.correiobraziliense.com.br\/cbradar\/wp-json\/wp\/v2\/media?parent=235247"}],"wp:term":[{"taxonomy":"category","embeddable":true,"href":"https:\/\/www.correiobraziliense.com.br\/cbradar\/wp-json\/wp\/v2\/categories?post=235247"},{"taxonomy":"post_tag","embeddable":true,"href":"https:\/\/www.correiobraziliense.com.br\/cbradar\/wp-json\/wp\/v2\/tags?post=235247"}],"curies":[{"name":"wp","href":"https:\/\/api.w.org\/{rel}","templated":true}]}}