{"id":235254,"date":"2026-05-01T08:57:00","date_gmt":"2026-05-01T11:57:00","guid":{"rendered":"https:\/\/www.correiobraziliense.com.br\/cbradar\/?p=235254"},"modified":"2026-05-01T08:10:12","modified_gmt":"2026-05-01T11:10:12","slug":"a-psicologia-afirma-que-pessoas-que-chegam-aos-50-sem-um-circulo-forte-de-amizades-nao-se-tornam-frias-elas-aprendem-a-construir-paz-sem-depender-de-validacao-constante","status":"publish","type":"post","link":"https:\/\/www.correiobraziliense.com.br\/cbradar\/a-psicologia-afirma-que-pessoas-que-chegam-aos-50-sem-um-circulo-forte-de-amizades-nao-se-tornam-frias-elas-aprendem-a-construir-paz-sem-depender-de-validacao-constante\/","title":{"rendered":"A psicologia afirma que pessoas que chegam aos 50 sem um c\u00edrculo forte de amizades n\u00e3o se tornam frias, elas aprendem a construir paz sem depender de valida\u00e7\u00e3o constante"},"content":{"rendered":"\n<p>Quem chega \u00e0 meia-idade com um c\u00edrculo social menor do que o de antes n\u00e3o est\u00e1 sozinho por falha, mas por escolha emocional. A <strong>intelig\u00eancia emocional na maturidade<\/strong> \u00e9 exatamente isso: a capacidade de encontrar paz interna sem precisar de aprova\u00e7\u00e3o constante.<\/p>\n\n\n\n<h2 class=\"wp-block-heading\">O que acontece com as amizades depois dos 45 anos?<\/h2>\n\n\n\n<p>A vida adulta reorganiza os v\u00ednculos de forma quase inevit\u00e1vel. Div\u00f3rcios, filhos que crescem e saem de casa, mudan\u00e7as de emprego e o ritmo diferente de cada pessoa criam uma eros\u00e3o natural das amizades antigas. Isso n\u00e3o \u00e9 abandono, \u00e9 movimento.<\/p>\n\n\n\n<p>Pesquisas da <strong><a href=\"https:\/\/www.apa.org\/members\/content\/holt-lunstad-loneliness-social-connections\" target=\"_blank\" rel=\"noreferrer noopener\">American Psychological Association<\/a> <\/strong>indicam que adultos acima dos 45 anos tendem a priorizar qualidade em vez de quantidade nas rela\u00e7\u00f5es sociais. O resultado \u00e9 um c\u00edrculo menor, mas mais honesto.<\/p>\n\n\n<div class=\"wp-block-image\">\n<figure class=\"aligncenter size-full\"><img decoding=\"async\" width=\"1280\" height=\"720\" src=\"https:\/\/www.correiobraziliense.com.br\/cbradar\/wp-content\/uploads\/2026\/05\/IMAGEM_720p_1777633718863.jpg\" alt=\"Pessoas que chegam aos 50 sem um c\u00edrculo forte de amizades \" class=\"wp-image-235255\" srcset=\"https:\/\/www.correiobraziliense.com.br\/cbradar\/wp-content\/uploads\/2026\/05\/IMAGEM_720p_1777633718863.jpg 1280w, https:\/\/www.correiobraziliense.com.br\/cbradar\/wp-content\/uploads\/2026\/05\/IMAGEM_720p_1777633718863-300x169.jpg 300w, https:\/\/www.correiobraziliense.com.br\/cbradar\/wp-content\/uploads\/2026\/05\/IMAGEM_720p_1777633718863-768x432.jpg 768w, https:\/\/www.correiobraziliense.com.br\/cbradar\/wp-content\/uploads\/2026\/05\/IMAGEM_720p_1777633718863-750x422.jpg 750w, https:\/\/www.correiobraziliense.com.br\/cbradar\/wp-content\/uploads\/2026\/05\/IMAGEM_720p_1777633718863-1140x641.jpg 1140w\" sizes=\"(max-width: 1280px) 100vw, 1280px\" \/><figcaption class=\"wp-element-caption\">Pessoas que chegam aos 50 sem um c\u00edrculo forte de amizades <\/figcaption><\/figure><\/div>\n\n\n<h2 class=\"wp-block-heading\">Ter poucos amigos aos 50 \u00e9 sinal de problema emocional?<\/h2>\n\n\n\n<p>N\u00e3o necessariamente. A psicologia diferencia isolamento social, que \u00e9 involunt\u00e1rio e traz sofrimento, de <strong>solitude saud\u00e1vel<\/strong>, que \u00e9 a capacidade de estar bem consigo mesmo. A maioria das pessoas que chega aos 50 com poucos v\u00ednculos pr\u00f3ximos simplesmente passou por um processo de curadoria emocional.<\/p>\n\n\n\n<p>O que define se isso \u00e9 saud\u00e1vel ou n\u00e3o \u00e9 a presen\u00e7a de sofrimento. Quem se sente em paz com sua vida social atual, mesmo que pequena, est\u00e1 bem. Quem se sente exclu\u00eddo ou invis\u00edvel precisa de aten\u00e7\u00e3o diferente.<\/p>\n\n\n\n<h2 class=\"wp-block-heading\">Por que essas pessoas n\u00e3o se tornam frias, mas mais equilibradas?<\/h2>\n\n\n\n<p>A <strong>maturidade afetiva<\/strong> n\u00e3o endurece o cora\u00e7\u00e3o, ela calibra as expectativas. Quem passou por perdas de amizades, decep\u00e7\u00f5es e ciclos encerrados aprende a n\u00e3o colocar sua autoestima nas m\u00e3os de outras pessoas. Isso n\u00e3o \u00e9 frieza, \u00e9 <strong>regula\u00e7\u00e3o emocional<\/strong>.<\/p>\n\n\n\n<p>O conceito de <a href=\"https:\/\/pt.wikipedia.org\/wiki\/Intelig%C3%AAncia_emocional\" target=\"_blank\" rel=\"noreferrer noopener\">intelig\u00eancia emocional<\/a>, amplamente estudado desde os anos 1990, inclui exatamente essa habilidade: gerir as pr\u00f3prias emo\u00e7\u00f5es sem depender de valida\u00e7\u00e3o externa constante. Pessoas que desenvolvem isso tendem a ser mais est\u00e1veis, n\u00e3o mais distantes.<\/p>\n\n\n\n<h2 class=\"wp-block-heading\">O que essas pessoas t\u00eam em comum em termos de comportamento?<\/h2>\n\n\n\n<p>Existe um padr\u00e3o observ\u00e1vel entre adultos que chegam \u00e0 meia-idade com v\u00ednculos sociais reduzidos e ainda assim mant\u00eam sa\u00fade emocional. Eles compartilham comportamentos que os diferenciam de quem vive isolamento por dor.<\/p>\n\n\n\n<p>Esses padr\u00f5es aparecem com consist\u00eancia em diferentes contextos culturais e faixas et\u00e1rias similares:<\/p>\n\n\n\n<ul class=\"wp-block-list\">\n<li>Preferem conversas profundas a intera\u00e7\u00f5es superficiais frequentes<\/li>\n\n\n\n<li>T\u00eam rotinas pessoais bem estruturadas e que geram satisfa\u00e7\u00e3o<\/li>\n\n\n\n<li>N\u00e3o sentem necessidade de justificar suas escolhas sociais para os outros<\/li>\n\n\n\n<li>Conseguem desfrutar de atividades sozinhos sem desconforto<\/li>\n\n\n\n<li>Mant\u00eam um ou dois v\u00ednculos de alta confian\u00e7a em vez de muitos v\u00ednculos rasos<\/li>\n<\/ul>\n\n\n\n<p>Leia tamb\u00e9m: <a href=\"https:\/\/www.correiobraziliense.com.br\/cbradar\/a-palavra-que-muita-gente-evita-usar-em-redacao-formal-mas-esta-correta-segundo-o-vocabulario-ortografico-da-lingua-portuguesa\/\" target=\"_blank\" rel=\"noreferrer noopener\">A palavra que muita gente evita usar em reda\u00e7\u00e3o formal, mas est\u00e1 correta segundo o Vocabul\u00e1rio Ortogr\u00e1fico da L\u00edngua Portuguesa<\/a><\/p>\n\n\n\n<h2 class=\"wp-block-heading\">Como construir paz interna quando o c\u00edrculo social encolhe?<\/h2>\n\n\n\n<p>A transi\u00e7\u00e3o para uma vida com menos amizades pode ser desconfort\u00e1vel no in\u00edcio, especialmente para quem sempre associou pertencimento a um grupo numeroso. O ponto de virada \u00e9 perceber que <strong>pertencimento come\u00e7a em si mesmo<\/strong>.<\/p>\n\n\n\n<p>Cultivar interesses pr\u00f3prios, manter h\u00e1bitos que trazem prazer sem depender de companhia e ser honesto sobre quais rela\u00e7\u00f5es realmente nutrem s\u00e3o passos concretos. N\u00e3o se trata de fechar as portas para novas amizades, mas de parar de medir o pr\u00f3prio valor pelo n\u00famero de contatos no celular.<\/p>\n\n\n<div class=\"wp-block-image\">\n<figure class=\"aligncenter size-full\"><img decoding=\"async\" width=\"1280\" height=\"720\" src=\"https:\/\/www.correiobraziliense.com.br\/cbradar\/wp-content\/uploads\/2026\/05\/IMAGEM_720p_1777633721000.jpg\" alt=\"Pessoas que chegam aos 50 sem um c\u00edrculo forte de amizades \" class=\"wp-image-235256\" srcset=\"https:\/\/www.correiobraziliense.com.br\/cbradar\/wp-content\/uploads\/2026\/05\/IMAGEM_720p_1777633721000.jpg 1280w, https:\/\/www.correiobraziliense.com.br\/cbradar\/wp-content\/uploads\/2026\/05\/IMAGEM_720p_1777633721000-300x169.jpg 300w, https:\/\/www.correiobraziliense.com.br\/cbradar\/wp-content\/uploads\/2026\/05\/IMAGEM_720p_1777633721000-768x432.jpg 768w, https:\/\/www.correiobraziliense.com.br\/cbradar\/wp-content\/uploads\/2026\/05\/IMAGEM_720p_1777633721000-750x422.jpg 750w, https:\/\/www.correiobraziliense.com.br\/cbradar\/wp-content\/uploads\/2026\/05\/IMAGEM_720p_1777633721000-1140x641.jpg 1140w\" sizes=\"(max-width: 1280px) 100vw, 1280px\" \/><figcaption class=\"wp-element-caption\">Pessoas que chegam aos 50 sem um c\u00edrculo forte de amizades <\/figcaption><\/figure><\/div>\n\n\n<h3 class=\"wp-block-heading\">O papel da autoaceita\u00e7\u00e3o nesse processo<\/h3>\n\n\n\n<p>Aceitar que a vida social mudou, sem interpretar isso como rejei\u00e7\u00e3o, \u00e9 o passo mais dif\u00edcil e mais libertador. Muitos adultos carregam uma narrativa de que deveriam ter mais amigos, como se quantidade fosse sin\u00f4nimo de sa\u00fade emocional. Essa cren\u00e7a precisa ser questionada.<\/p>\n\n\n\n<h3 class=\"wp-block-heading\">Quando buscar apoio profissional<\/h3>\n\n\n\n<p>Se a redu\u00e7\u00e3o do c\u00edrculo social vier acompanhada de tristeza persistente, sensa\u00e7\u00e3o de invisibilidade ou dificuldade em sentir prazer nas atividades do dia a dia, conversar com um psic\u00f3logo pode ajudar a distinguir solid\u00e3o saud\u00e1vel de algo que merece aten\u00e7\u00e3o cl\u00ednica. O contexto importa muito nessa avalia\u00e7\u00e3o.<\/p>\n\n\n\n<h2 class=\"wp-block-heading\">Solid\u00e3o e solitude s\u00e3o a mesma coisa depois dos 50?<\/h2>\n\n\n\n<p><strong>Solid\u00e3o<\/strong> \u00e9 um estado emocional de priva\u00e7\u00e3o, a sensa\u00e7\u00e3o de que falta conex\u00e3o. <strong>Solitude<\/strong> \u00e9 uma escolha, um espa\u00e7o de recolhimento que gera bem-estar. Pessoas com <strong>maturidade afetiva<\/strong> desenvolvida geralmente transitam pela solitude sem cair na solid\u00e3o, porque j\u00e1 constru\u00edram uma rela\u00e7\u00e3o funcional consigo mesmas.<\/p>\n\n\n\n<p>Entender essa diferen\u00e7a muda a forma como a sociedade enxerga adultos mais reservados. Nem todo mundo que prefere uma tarde quieta em casa a uma festa lotada est\u00e1 sofrendo. Muitas vezes, esse adulto simplesmente aprendeu, com o tempo, o que realmente o faz bem.<\/p>\n","protected":false},"excerpt":{"rendered":"<p>Quem chega \u00e0 meia-idade com um c\u00edrculo social menor do que o de antes n\u00e3o est\u00e1 sozinho por falha, mas por escolha emocional. A intelig\u00eancia emocional na maturidade \u00e9 exatamente isso: a capacidade de encontrar paz interna sem precisar de aprova\u00e7\u00e3o constante. O que acontece com as amizades depois dos 45 anos? A vida adulta [&hellip;]<\/p>\n","protected":false},"author":11,"featured_media":235257,"comment_status":"open","ping_status":"open","sticky":false,"template":"","format":"standard","meta":{"_yoast_wpseo_focuskw":"intelig\u00eancia emocional na maturidade","_yoast_wpseo_title":"","_yoast_wpseo_metadesc":"Chegar aos 50 com menos amigos do que antes diz mais sobre voc\u00ea do que imagina, e n\u00e3o \u00e9 o que a maioria pensa.","jnews-multi-image_gallery":[],"jnews_single_post":{"format":"standard"},"jnews_primary_category":[],"jnews_social_meta":[],"jnews_override_counter":[],"footnotes":""},"categories":[119],"tags":[6220,18475,8388,18476],"class_list":["post-235254","post","type-post","status-publish","format-standard","has-post-thumbnail","hentry","category-bem-estar","tag-inteligencia-emocional","tag-maturidade-afetiva","tag-solitude","tag-vinculos-sociais"],"yoast_head":"<!-- This site is optimized with the Yoast SEO plugin v24.6 - https:\/\/yoast.com\/wordpress\/plugins\/seo\/ -->\n<title>A psicologia afirma que pessoas que chegam aos 50 sem um c\u00edrculo forte de amizades n\u00e3o se tornam frias, elas aprendem a construir paz sem depender de valida\u00e7\u00e3o constante - Correio Braziliense - Radar<\/title>\n<meta name=\"description\" content=\"Chegar aos 50 com menos amigos do que antes diz mais sobre voc\u00ea do que imagina, e n\u00e3o \u00e9 o que a maioria pensa.\" \/>\n<meta name=\"robots\" content=\"index, follow, max-snippet:-1, max-image-preview:large, max-video-preview:-1\" \/>\n<link rel=\"canonical\" href=\"https:\/\/www.correiobraziliense.com.br\/cbradar\/a-psicologia-afirma-que-pessoas-que-chegam-aos-50-sem-um-circulo-forte-de-amizades-nao-se-tornam-frias-elas-aprendem-a-construir-paz-sem-depender-de-validacao-constante\/\" \/>\n<meta property=\"og:locale\" content=\"pt_BR\" \/>\n<meta property=\"og:type\" content=\"article\" \/>\n<meta property=\"og:title\" content=\"A psicologia afirma que pessoas que chegam aos 50 sem um c\u00edrculo forte de amizades n\u00e3o se tornam frias, elas aprendem a construir paz sem depender de valida\u00e7\u00e3o constante - Correio Braziliense - Radar\" \/>\n<meta property=\"og:description\" content=\"Chegar aos 50 com menos amigos do que antes diz mais sobre voc\u00ea do que imagina, e n\u00e3o \u00e9 o que a maioria pensa.\" \/>\n<meta property=\"og:url\" content=\"https:\/\/www.correiobraziliense.com.br\/cbradar\/a-psicologia-afirma-que-pessoas-que-chegam-aos-50-sem-um-circulo-forte-de-amizades-nao-se-tornam-frias-elas-aprendem-a-construir-paz-sem-depender-de-validacao-constante\/\" \/>\n<meta property=\"og:site_name\" content=\"Correio Braziliense - Radar\" \/>\n<meta property=\"article:published_time\" content=\"2026-05-01T11:57:00+00:00\" \/>\n<meta property=\"og:image\" content=\"https:\/\/www.correiobraziliense.com.br\/cbradar\/wp-content\/uploads\/2026\/05\/IMAGEM_720p_1777633715341.jpg\" \/>\n\t<meta property=\"og:image:width\" content=\"1280\" \/>\n\t<meta property=\"og:image:height\" content=\"720\" \/>\n\t<meta property=\"og:image:type\" content=\"image\/jpeg\" \/>\n<meta name=\"author\" content=\"Paulo Custodio\" \/>\n<meta name=\"twitter:card\" content=\"summary_large_image\" \/>\n<meta name=\"twitter:label1\" content=\"Escrito por\" \/>\n\t<meta name=\"twitter:data1\" content=\"Paulo Custodio\" \/>\n\t<meta name=\"twitter:label2\" content=\"Est. tempo de leitura\" \/>\n\t<meta name=\"twitter:data2\" content=\"5 minutos\" \/>\n<!-- \/ Yoast SEO plugin. -->","yoast_head_json":{"title":"A psicologia afirma que pessoas que chegam aos 50 sem um c\u00edrculo forte de amizades n\u00e3o se tornam frias, elas aprendem a construir paz sem depender de valida\u00e7\u00e3o constante - Correio Braziliense - Radar","description":"Chegar aos 50 com menos amigos do que antes diz mais sobre voc\u00ea do que imagina, e n\u00e3o \u00e9 o que a maioria pensa.","robots":{"index":"index","follow":"follow","max-snippet":"max-snippet:-1","max-image-preview":"max-image-preview:large","max-video-preview":"max-video-preview:-1"},"canonical":"https:\/\/www.correiobraziliense.com.br\/cbradar\/a-psicologia-afirma-que-pessoas-que-chegam-aos-50-sem-um-circulo-forte-de-amizades-nao-se-tornam-frias-elas-aprendem-a-construir-paz-sem-depender-de-validacao-constante\/","og_locale":"pt_BR","og_type":"article","og_title":"A psicologia afirma que pessoas que chegam aos 50 sem um c\u00edrculo forte de amizades n\u00e3o se tornam frias, elas aprendem a construir paz sem depender de valida\u00e7\u00e3o constante - Correio Braziliense - Radar","og_description":"Chegar aos 50 com menos amigos do que antes diz mais sobre voc\u00ea do que imagina, e n\u00e3o \u00e9 o que a maioria pensa.","og_url":"https:\/\/www.correiobraziliense.com.br\/cbradar\/a-psicologia-afirma-que-pessoas-que-chegam-aos-50-sem-um-circulo-forte-de-amizades-nao-se-tornam-frias-elas-aprendem-a-construir-paz-sem-depender-de-validacao-constante\/","og_site_name":"Correio Braziliense - Radar","article_published_time":"2026-05-01T11:57:00+00:00","og_image":[{"width":1280,"height":720,"url":"https:\/\/www.correiobraziliense.com.br\/cbradar\/wp-content\/uploads\/2026\/05\/IMAGEM_720p_1777633715341.jpg","type":"image\/jpeg"}],"author":"Paulo Custodio","twitter_card":"summary_large_image","twitter_misc":{"Escrito por":"Paulo Custodio","Est. tempo de leitura":"5 minutos"},"schema":{"@context":"https:\/\/schema.org","@graph":[{"@type":"WebPage","@id":"https:\/\/www.correiobraziliense.com.br\/cbradar\/a-psicologia-afirma-que-pessoas-que-chegam-aos-50-sem-um-circulo-forte-de-amizades-nao-se-tornam-frias-elas-aprendem-a-construir-paz-sem-depender-de-validacao-constante\/","url":"https:\/\/www.correiobraziliense.com.br\/cbradar\/a-psicologia-afirma-que-pessoas-que-chegam-aos-50-sem-um-circulo-forte-de-amizades-nao-se-tornam-frias-elas-aprendem-a-construir-paz-sem-depender-de-validacao-constante\/","name":"A psicologia afirma que pessoas que chegam aos 50 sem um c\u00edrculo forte de amizades n\u00e3o se tornam frias, elas aprendem a construir paz sem depender de valida\u00e7\u00e3o constante - Correio Braziliense - Radar","isPartOf":{"@id":"https:\/\/www.correiobraziliense.com.br\/cbradar\/#website"},"primaryImageOfPage":{"@id":"https:\/\/www.correiobraziliense.com.br\/cbradar\/a-psicologia-afirma-que-pessoas-que-chegam-aos-50-sem-um-circulo-forte-de-amizades-nao-se-tornam-frias-elas-aprendem-a-construir-paz-sem-depender-de-validacao-constante\/#primaryimage"},"image":{"@id":"https:\/\/www.correiobraziliense.com.br\/cbradar\/a-psicologia-afirma-que-pessoas-que-chegam-aos-50-sem-um-circulo-forte-de-amizades-nao-se-tornam-frias-elas-aprendem-a-construir-paz-sem-depender-de-validacao-constante\/#primaryimage"},"thumbnailUrl":"https:\/\/www.correiobraziliense.com.br\/cbradar\/wp-content\/uploads\/2026\/05\/IMAGEM_720p_1777633715341.jpg","datePublished":"2026-05-01T11:57:00+00:00","author":{"@id":"https:\/\/www.correiobraziliense.com.br\/cbradar\/#\/schema\/person\/4cec7857301a9a1a2ef249893cd908d3"},"description":"Chegar aos 50 com menos amigos do que antes diz mais sobre voc\u00ea do que imagina, e n\u00e3o \u00e9 o que a maioria pensa.","breadcrumb":{"@id":"https:\/\/www.correiobraziliense.com.br\/cbradar\/a-psicologia-afirma-que-pessoas-que-chegam-aos-50-sem-um-circulo-forte-de-amizades-nao-se-tornam-frias-elas-aprendem-a-construir-paz-sem-depender-de-validacao-constante\/#breadcrumb"},"inLanguage":"pt-BR","potentialAction":[{"@type":"ReadAction","target":["https:\/\/www.correiobraziliense.com.br\/cbradar\/a-psicologia-afirma-que-pessoas-que-chegam-aos-50-sem-um-circulo-forte-de-amizades-nao-se-tornam-frias-elas-aprendem-a-construir-paz-sem-depender-de-validacao-constante\/"]}]},{"@type":"ImageObject","inLanguage":"pt-BR","@id":"https:\/\/www.correiobraziliense.com.br\/cbradar\/a-psicologia-afirma-que-pessoas-que-chegam-aos-50-sem-um-circulo-forte-de-amizades-nao-se-tornam-frias-elas-aprendem-a-construir-paz-sem-depender-de-validacao-constante\/#primaryimage","url":"https:\/\/www.correiobraziliense.com.br\/cbradar\/wp-content\/uploads\/2026\/05\/IMAGEM_720p_1777633715341.jpg","contentUrl":"https:\/\/www.correiobraziliense.com.br\/cbradar\/wp-content\/uploads\/2026\/05\/IMAGEM_720p_1777633715341.jpg","width":1280,"height":720,"caption":"Pessoas que chegam aos 50 sem um c\u00edrculo forte de amizades"},{"@type":"BreadcrumbList","@id":"https:\/\/www.correiobraziliense.com.br\/cbradar\/a-psicologia-afirma-que-pessoas-que-chegam-aos-50-sem-um-circulo-forte-de-amizades-nao-se-tornam-frias-elas-aprendem-a-construir-paz-sem-depender-de-validacao-constante\/#breadcrumb","itemListElement":[{"@type":"ListItem","position":1,"name":"In\u00edcio","item":"https:\/\/www.correiobraziliense.com.br\/cbradar\/"},{"@type":"ListItem","position":2,"name":"A psicologia afirma que pessoas que chegam aos 50 sem um c\u00edrculo forte de amizades n\u00e3o se tornam frias, elas aprendem a construir paz sem depender de valida\u00e7\u00e3o constante"}]},{"@type":"WebSite","@id":"https:\/\/www.correiobraziliense.com.br\/cbradar\/#website","url":"https:\/\/www.correiobraziliense.com.br\/cbradar\/","name":"Correio Braziliense - Radar","description":"Acompanhe as \u00faltimas not\u00edcias e fique bem informado sobre tudo o que acontece no Brasil e no mundo.","potentialAction":[{"@type":"SearchAction","target":{"@type":"EntryPoint","urlTemplate":"https:\/\/www.correiobraziliense.com.br\/cbradar\/?s={search_term_string}"},"query-input":{"@type":"PropertyValueSpecification","valueRequired":true,"valueName":"search_term_string"}}],"inLanguage":"pt-BR"},{"@type":"Person","@id":"https:\/\/www.correiobraziliense.com.br\/cbradar\/#\/schema\/person\/4cec7857301a9a1a2ef249893cd908d3","name":"Paulo Custodio","image":{"@type":"ImageObject","inLanguage":"pt-BR","@id":"https:\/\/www.correiobraziliense.com.br\/cbradar\/#\/schema\/person\/image\/","url":"https:\/\/secure.gravatar.com\/avatar\/bcd67168d1534e8fcf4f45c726a87cea?s=96&d=mm&r=g","contentUrl":"https:\/\/secure.gravatar.com\/avatar\/bcd67168d1534e8fcf4f45c726a87cea?s=96&d=mm&r=g","caption":"Paulo Custodio"},"sameAs":["https:\/\/www.correiobraziliense.com.br\/cbradar"],"url":"https:\/\/www.correiobraziliense.com.br\/cbradar\/author\/paulomyth\/"}]}},"_links":{"self":[{"href":"https:\/\/www.correiobraziliense.com.br\/cbradar\/wp-json\/wp\/v2\/posts\/235254","targetHints":{"allow":["GET"]}}],"collection":[{"href":"https:\/\/www.correiobraziliense.com.br\/cbradar\/wp-json\/wp\/v2\/posts"}],"about":[{"href":"https:\/\/www.correiobraziliense.com.br\/cbradar\/wp-json\/wp\/v2\/types\/post"}],"author":[{"embeddable":true,"href":"https:\/\/www.correiobraziliense.com.br\/cbradar\/wp-json\/wp\/v2\/users\/11"}],"replies":[{"embeddable":true,"href":"https:\/\/www.correiobraziliense.com.br\/cbradar\/wp-json\/wp\/v2\/comments?post=235254"}],"version-history":[{"count":1,"href":"https:\/\/www.correiobraziliense.com.br\/cbradar\/wp-json\/wp\/v2\/posts\/235254\/revisions"}],"predecessor-version":[{"id":235258,"href":"https:\/\/www.correiobraziliense.com.br\/cbradar\/wp-json\/wp\/v2\/posts\/235254\/revisions\/235258"}],"wp:featuredmedia":[{"embeddable":true,"href":"https:\/\/www.correiobraziliense.com.br\/cbradar\/wp-json\/wp\/v2\/media\/235257"}],"wp:attachment":[{"href":"https:\/\/www.correiobraziliense.com.br\/cbradar\/wp-json\/wp\/v2\/media?parent=235254"}],"wp:term":[{"taxonomy":"category","embeddable":true,"href":"https:\/\/www.correiobraziliense.com.br\/cbradar\/wp-json\/wp\/v2\/categories?post=235254"},{"taxonomy":"post_tag","embeddable":true,"href":"https:\/\/www.correiobraziliense.com.br\/cbradar\/wp-json\/wp\/v2\/tags?post=235254"}],"curies":[{"name":"wp","href":"https:\/\/api.w.org\/{rel}","templated":true}]}}